{"id":13523,"date":"2025-05-20T08:45:30","date_gmt":"2025-05-20T06:45:30","guid":{"rendered":"https:\/\/www.clicars.com\/blog\/?p=13523"},"modified":"2025-05-20T08:50:16","modified_gmt":"2025-05-20T06:50:16","slug":"cambio-en-las-sillas-infantiles-de-coche","status":"publish","type":"post","link":"https:\/\/www.clicars.com\/blog\/actualidad\/cambio-en-las-sillas-infantiles-de-coche\/","title":{"rendered":"Altura de los ni\u00f1os en el coche: viajar sin sillita"},"content":{"rendered":"<p><span style=\"font-weight: 400;\">\u00bfSab\u00edas que la <strong>altura m\u00ednima para que un ni\u00f1o viaje sin sillita<\/strong> no es un capricho, sino una cuesti\u00f3n de vida o muerte? Aunque la edad para que los ni\u00f1os viajen sin alzador en el coche no est\u00e1 tallada en piedra, lo que manda es la seguridad. La normativa de la Direcci\u00f3n General de Tr\u00e1fico (DGT) sobre sistemas de retenci\u00f3n infantil lo deja claro: hasta que los peques no midan lo suficiente, las sillitas o alzadores son sus mejores copilotos.\u00a0<\/span><\/p>\n<p><span style=\"font-weight: 400;\">Las recomendaciones de seguridad para ni\u00f1os en veh\u00edculos no<strong> solo salvan vidas, sino que evitan que te caiga una de esas sanciones por no usar sillita infantil en el coche<\/strong> que duelen m\u00e1s al bolsillo que un repostaje en lunes. Conocer las reglas no es un rollo, es el turbo que protege a los m\u00e1s peque\u00f1os en cada curva. A continuaci\u00f3n veremos la normativa vigente en Espa\u00f1a, por qu\u00e9 se usan los alzadores, las sanciones por no usarlos, las excepciones y cu\u00e1les son las recomendaciones de seguridad.<\/span><\/p>\n<h2><span style=\"font-weight: 400;\">Normativa vigente en Espa\u00f1a<\/span><\/h2>\n<p><span style=\"font-weight: 400;\">La normativa en Espa\u00f1a acerca del uso de sillitas de coche est\u00e1 regulada por la Direcci\u00f3n General de Tr\u00e1fico. Seg\u00fan la normativa actual, los ni\u00f1os deben utilizar un sistema de retenci\u00f3n infantil adecuado a su peso y altura hasta que alcancen <strong>una estatura m\u00ednima de 1,35 metros<\/strong>.\u00a0<\/span><\/p>\n<p><span style=\"font-weight: 400;\">Sin embargo, <strong>se recomienda que los ni\u00f1os sigan utilizando un alzador hasta que alcancen los 1,50 m<\/strong>, puesto que esto garantiza una mejor adaptaci\u00f3n del cintur\u00f3n de seguridad al cuerpo del ni\u00f1o. De hecho, la normativa europea establece que los ni\u00f1os deben utilizar un sistema de retenci\u00f3n infantil hasta esos 1,50 m. Esta diferencia en las normativas puede generar confusi\u00f3n, pero es importante seguir las recomendaciones m\u00e1s estrictas para garantizar la m\u00e1xima seguridad.<\/span><\/p>\n<p><span style=\"font-weight: 400;\">La altura m\u00ednima para el uso de sillitas de coche no es un n\u00famero arbitrario. Est\u00e1 basada en <strong>estudios que demuestran c\u00f3mo el cintur\u00f3n de seguridad act\u00faa sobre el cuerpo en caso de colisi\u00f3n<\/strong>. A una altura inferior a 1,35 m, el cintur\u00f3n de seguridad puede no ajustarse bien, aumentando el riesgo de lesiones graves en caso de sufrir un accidente. El cintur\u00f3n ventral debe pasar por la pelvis y no por el abdomen, mientras que el cintur\u00f3n diagonal debe cruzar el hombro sin tocar el cuello.<\/span><\/p>\n<h2><span style=\"font-weight: 400;\">Uso de alzadores<\/span><\/h2>\n<p><span style=\"font-weight: 400;\">Los alzadores\/sillitas son como unos superh\u00e9roes silenciosos del coche: peque\u00f1os, discretos y esenciales. Estos cacharros est\u00e1n pensados para que el cintur\u00f3n de seguridad no quede como un collar de perro en el cuello de los ni\u00f1os, sino <strong>que se ajuste como debe al torso y las caderas<\/strong>. Si tu peque\u00f1o mide menos de 1,35 m, no hay discusi\u00f3n: el alzador es su pasaporte obligatorio para viajar seguro.<\/span><\/p>\n<p><span style=\"font-weight: 400;\">Pero ojo, que la cosa no acaba ah\u00ed. Aunque a partir de 1,35 metros la ley te da luz verde para despedirte del alzador, los expertos dicen: <\/span><i><span style=\"font-weight: 400;\">\u201c\u00a1Eh, espera un poco m\u00e1s!\u201d<\/span><\/i><span style=\"font-weight: 400;\"><strong> Hasta los 1,50 m<\/strong>, como ya hemos mencionado antes, seguir us\u00e1ndolo es como a\u00f1adir un escudo extra, asegur\u00e1ndote de que el cintur\u00f3n no se pasee por donde no debe. Total, por un poco m\u00e1s de altura, \u00bfqui\u00e9n no quiere un viaje m\u00e1s tranquilo y protegido?<\/span><\/p>\n<h2><span style=\"font-weight: 400;\"><img loading=\"lazy\" decoding=\"async\" class=\"aligncenter size-full wp-image-13526\" src=\"http:\/\/www.clicars.com\/blog\/wp-content\/uploads\/2024\/10\/norma-silla-infantil-2024.jpg\" alt=\"Normal silla infantil 2024\" width=\"900\" height=\"600\" srcset=\"https:\/\/www.clicars.com\/blog\/wp-content\/uploads\/2024\/10\/norma-silla-infantil-2024.jpg 900w, https:\/\/www.clicars.com\/blog\/wp-content\/uploads\/2024\/10\/norma-silla-infantil-2024-300x200.jpg 300w, https:\/\/www.clicars.com\/blog\/wp-content\/uploads\/2024\/10\/norma-silla-infantil-2024-768x512.jpg 768w\" sizes=\"auto, (max-width: 900px) 100vw, 900px\" \/><\/span><\/h2>\n<h2><span style=\"font-weight: 400;\">Sanciones por incumplimiento<\/span><\/h2>\n<p><span style=\"font-weight: 400;\">El incumplimiento de la normativa sobre el uso de sillitas de coche puede tener graves consecuencias. Adem\u00e1s del riesgo evidente para la seguridad del infante, los conductores pueden enfrentarse a <strong>sanciones<\/strong> que son consideradas como una infracci\u00f3n grave.\u00a0<\/span><\/p>\n<p><span style=\"font-weight: 400;\">En Espa\u00f1a, la sanci\u00f3n es econ\u00f3mica y conlleva la p\u00e9rdida de puntos. La multa por no utilizar un sistema de retenci\u00f3n infantil adecuado es de <strong>200 euros y la p\u00e9rdida es de cuatro puntos<\/strong>. Adem\u00e1s, en casos de incumplimiento, las autoridades pueden inmovilizar el veh\u00edculo hasta que se subsane la situaci\u00f3n.<\/span><\/p>\n<h2><span style=\"font-weight: 400;\">Excepciones en la normativa<\/span><\/h2>\n<p><span style=\"font-weight: 400;\">Hay momentos en los que un peque\u00f1o menor de 1,35 metros <strong>puede ir delante con el sistema de retenci\u00f3n infantil apropiado<\/strong>. \u00bfCu\u00e1ndo?\u00a0<\/span><\/p>\n<ul>\n<li><span style=\"font-weight: 400;\">Si el coche no tiene plazas traseras.<\/span><\/li>\n<li><span style=\"font-weight: 400;\">Si esas plazas ya est\u00e1n tomadas por otros peques con sus sillitas.<\/span><\/li>\n<li><span style=\"font-weight: 400;\">Si no hay manera de colocar todos los sistemas de retenci\u00f3n necesarios atr\u00e1s.\u00a0<\/span><\/li>\n<\/ul>\n<p><span style=\"font-weight: 400;\">Eso s\u00ed, en estas situaciones, es clave que el dispositivo est\u00e9 bien puesto y sea perfecto para el ni\u00f1o.<\/span><\/p>\n<h2><span style=\"font-weight: 400;\">Recomendaciones de seguridad<\/span><\/h2>\n<p><span style=\"font-weight: 400;\">Para garantizar la m\u00e1xima seguridad de los ni\u00f1os en el coche, es fundamental seguir una serie de recomendaciones:<\/span><\/p>\n<ol>\n<li><span style=\"font-weight: 400;\"><strong> Instalaci\u00f3n correcta:<\/strong> aseg\u00farate de que la sillita est\u00e9 correctamente instalada siguiendo las instrucciones del fabricante. Utiliza el sistema <a href=\"https:\/\/www.clicars.com\/blog\/curiosidades\/sistema-isofix-que-es\/?srsltid=AfmBOoqO-eKo6I9bGDlNraO34BvffN-0foN37b0zwA-J1kQ5GnaFN-nd\">Isofix<\/a> si el coche y la sillita lo permiten, ya que proporciona una fijaci\u00f3n m\u00e1s segura y estable.<\/span><\/li>\n<li><span style=\"font-weight: 400;\"><strong> Posici\u00f3n en el coche:<\/strong> la DGT recomienda instalar las sillitas en los asientos traseros del coche, preferentemente detr\u00e1s del copiloto. En caso de no ser posible, se puede instalar en el asiento delantero, pero siempre desactivando el airbag. Para ni\u00f1os menores de 15 meses, es obligatorio que viajen en sentido contrario a la marcha. Se recomienda prolongar esta posici\u00f3n hasta los cuatro a\u00f1os si es posible.<\/span><\/li>\n<li><span style=\"font-weight: 400;\"><strong> Uso continuado:<\/strong> no retires la sillita antes de tiempo. Aunque tu hijo haya alcanzado la altura m\u00ednima, es recomendable seguir usando un alzador hasta los 1,50 m para una mayor seguridad.<\/span><\/li>\n<li><span style=\"font-weight: 400;\"><strong> Revisi\u00f3n peri\u00f3dica:<\/strong> echa un ojo peri\u00f3dicamente la sillita alzadora para asegurarte de que no presenta da\u00f1os y que sigue siendo adecuada para la altura y el peso de tu hijo.<\/span><\/li>\n<\/ol>\n<p><span style=\"font-weight: 400;\"><strong>La seguridad de los ni\u00f1os en el coche es una responsabilidad compartida entre los padres y los conductores.<\/strong> Cumplir con la normativa sobre la altura m\u00ednima para el uso de sillitas de coche y seguir las recomendaciones de seguridad es fundamental para proteger a los m\u00e1s peque\u00f1os en caso de accidente. La elecci\u00f3n de una sillita adecuada, su correcta instalaci\u00f3n y el uso continuado hasta que el ni\u00f1o alcance la altura recomendada son pasos esenciales para garantizar su seguridad en cada viaje.<\/span><\/p>\n<p><span style=\"font-weight: 400;\">En resumen, la altura m\u00ednima para el uso de sillitas de coche <strong>es un aspecto crucial que no debe tomarse a la ligera<\/strong>. Siguiendo las normativas y recomendaciones, podemos asegurar que nuestros hijos viajen de la manera m\u00e1s segura posible, reduciendo el riesgo de lesiones y protegiendo su bienestar en todo momento.<\/span><\/p>\n","protected":false},"excerpt":{"rendered":"<p>\u00bfSab\u00edas que la altura m\u00ednima para que un ni\u00f1o viaje sin sillita no es un&#8230;<\/p>\n","protected":false},"author":9,"featured_media":13525,"comment_status":"closed","ping_status":"closed","sticky":false,"template":"","format":"standard","meta":{"footnotes":""},"categories":[5],"tags":[],"class_list":{"0":"post-13523","1":"post","2":"type-post","3":"status-publish","4":"format-standard","5":"has-post-thumbnail","7":"category-actualidad"},"yoast_head":"<!-- This site is optimized with the Yoast SEO plugin v26.8 - https:\/\/yoast.com\/product\/yoast-seo-wordpress\/ -->\n<title>Altura de los ni\u00f1os en el coche: viajar sin sillita - Clicars Blog<\/title>\n<meta name=\"description\" content=\"La seguridad en un coche es lo m\u00e1s importante. Descubre cu\u00e1ndo entra en vigor el cambio de sillas infantiles.\" \/>\n<meta name=\"robots\" content=\"index, follow, max-snippet:-1, max-image-preview:large, max-video-preview:-1\" \/>\n<link rel=\"canonical\" href=\"https:\/\/www.clicars.com\/blog\/actualidad\/cambio-en-las-sillas-infantiles-de-coche\/\" \/>\n<meta property=\"og:locale\" content=\"es_ES\" \/>\n<meta property=\"og:type\" content=\"article\" \/>\n<meta property=\"og:title\" content=\"Altura de los ni\u00f1os en el coche: viajar sin sillita - Clicars Blog\" \/>\n<meta property=\"og:description\" content=\"La seguridad en un coche es lo m\u00e1s importante. Descubre cu\u00e1ndo entra en vigor el cambio de sillas infantiles.\" \/>\n<meta property=\"og:url\" content=\"https:\/\/www.clicars.com\/blog\/actualidad\/cambio-en-las-sillas-infantiles-de-coche\/\" \/>\n<meta property=\"og:site_name\" content=\"Clicars\" \/>\n<meta property=\"article:published_time\" content=\"2025-05-20T06:45:30+00:00\" \/>\n<meta property=\"article:modified_time\" content=\"2025-05-20T06:50:16+00:00\" \/>\n<meta property=\"og:image\" content=\"http:\/\/www.clicars.com\/blog\/wp-content\/uploads\/2024\/10\/cambio-en-las-sillas-infantiles-de-coche.jpg\" \/>\n\t<meta property=\"og:image:width\" content=\"900\" \/>\n\t<meta property=\"og:image:height\" content=\"600\" \/>\n\t<meta property=\"og:image:type\" content=\"image\/jpeg\" \/>\n<meta name=\"author\" content=\"Luis Bl\u00e1zquez\" \/>\n<meta name=\"twitter:card\" content=\"summary_large_image\" \/>\n<meta name=\"twitter:label1\" content=\"Escrito por\" \/>\n\t<meta name=\"twitter:data1\" content=\"Luis Bl\u00e1zquez\" \/>\n\t<meta name=\"twitter:label2\" content=\"Tiempo de lectura\" \/>\n\t<meta name=\"twitter:data2\" content=\"6 minutos\" \/>\n<script type=\"application\/ld+json\" class=\"yoast-schema-graph\">{\"@context\":\"https:\/\/schema.org\",\"@graph\":[{\"@type\":\"Article\",\"@id\":\"https:\/\/www.clicars.com\/blog\/actualidad\/cambio-en-las-sillas-infantiles-de-coche\/#article\",\"isPartOf\":{\"@id\":\"https:\/\/www.clicars.com\/blog\/actualidad\/cambio-en-las-sillas-infantiles-de-coche\/\"},\"author\":{\"name\":\"Luis Bl\u00e1zquez\",\"@id\":\"https:\/\/www.clicars.com\/blog\/#\/schema\/person\/c89c17578baf7e98a71929208c7fcc7f\"},\"headline\":\"Altura de los ni\u00f1os en el coche: viajar sin sillita\",\"datePublished\":\"2025-05-20T06:45:30+00:00\",\"dateModified\":\"2025-05-20T06:50:16+00:00\",\"mainEntityOfPage\":{\"@id\":\"https:\/\/www.clicars.com\/blog\/actualidad\/cambio-en-las-sillas-infantiles-de-coche\/\"},\"wordCount\":1113,\"image\":{\"@id\":\"https:\/\/www.clicars.com\/blog\/actualidad\/cambio-en-las-sillas-infantiles-de-coche\/#primaryimage\"},\"thumbnailUrl\":\"https:\/\/www.clicars.com\/blog\/wp-content\/uploads\/2024\/10\/cambio-en-las-sillas-infantiles-de-coche.jpg\",\"articleSection\":[\"Actualidad\"],\"inLanguage\":\"es\"},{\"@type\":[\"WebPage\",\"ItemPage\"],\"@id\":\"https:\/\/www.clicars.com\/blog\/actualidad\/cambio-en-las-sillas-infantiles-de-coche\/\",\"url\":\"https:\/\/www.clicars.com\/blog\/actualidad\/cambio-en-las-sillas-infantiles-de-coche\/\",\"name\":\"Altura de los ni\u00f1os en el coche: viajar sin sillita - Clicars Blog\",\"isPartOf\":{\"@id\":\"https:\/\/www.clicars.com\/blog\/#website\"},\"primaryImageOfPage\":{\"@id\":\"https:\/\/www.clicars.com\/blog\/actualidad\/cambio-en-las-sillas-infantiles-de-coche\/#primaryimage\"},\"image\":{\"@id\":\"https:\/\/www.clicars.com\/blog\/actualidad\/cambio-en-las-sillas-infantiles-de-coche\/#primaryimage\"},\"thumbnailUrl\":\"https:\/\/www.clicars.com\/blog\/wp-content\/uploads\/2024\/10\/cambio-en-las-sillas-infantiles-de-coche.jpg\",\"datePublished\":\"2025-05-20T06:45:30+00:00\",\"dateModified\":\"2025-05-20T06:50:16+00:00\",\"author\":{\"@id\":\"https:\/\/www.clicars.com\/blog\/#\/schema\/person\/c89c17578baf7e98a71929208c7fcc7f\"},\"description\":\"La seguridad en un coche es lo m\u00e1s importante. Descubre cu\u00e1ndo entra en vigor el cambio de sillas infantiles.\",\"breadcrumb\":{\"@id\":\"https:\/\/www.clicars.com\/blog\/actualidad\/cambio-en-las-sillas-infantiles-de-coche\/#breadcrumb\"},\"inLanguage\":\"es\",\"potentialAction\":[{\"@type\":\"ReadAction\",\"target\":[\"https:\/\/www.clicars.com\/blog\/actualidad\/cambio-en-las-sillas-infantiles-de-coche\/\"]}]},{\"@type\":\"ImageObject\",\"inLanguage\":\"es\",\"@id\":\"https:\/\/www.clicars.com\/blog\/actualidad\/cambio-en-las-sillas-infantiles-de-coche\/#primaryimage\",\"url\":\"https:\/\/www.clicars.com\/blog\/wp-content\/uploads\/2024\/10\/cambio-en-las-sillas-infantiles-de-coche.jpg\",\"contentUrl\":\"https:\/\/www.clicars.com\/blog\/wp-content\/uploads\/2024\/10\/cambio-en-las-sillas-infantiles-de-coche.jpg\",\"width\":900,\"height\":600},{\"@type\":\"BreadcrumbList\",\"@id\":\"https:\/\/www.clicars.com\/blog\/actualidad\/cambio-en-las-sillas-infantiles-de-coche\/#breadcrumb\",\"itemListElement\":[{\"@type\":\"ListItem\",\"position\":1,\"name\":\"Portada\",\"item\":\"https:\/\/www.clicars.com\/blog\/\"},{\"@type\":\"ListItem\",\"position\":2,\"name\":\"Altura de los ni\u00f1os en el coche: viajar sin sillita\"}]},{\"@type\":\"WebSite\",\"@id\":\"https:\/\/www.clicars.com\/blog\/#website\",\"url\":\"https:\/\/www.clicars.com\/blog\/\",\"name\":\"Clicars\",\"description\":\"Compra tu coche de Buena Mano sin moverte de casa\",\"inLanguage\":\"es\"},{\"@type\":\"Person\",\"@id\":\"https:\/\/www.clicars.com\/blog\/#\/schema\/person\/c89c17578baf7e98a71929208c7fcc7f\",\"name\":\"Luis Bl\u00e1zquez\",\"image\":{\"@type\":\"ImageObject\",\"inLanguage\":\"es\",\"@id\":\"https:\/\/www.clicars.com\/blog\/#\/schema\/person\/image\/\",\"url\":\"https:\/\/secure.gravatar.com\/avatar\/5214422833f62ac5eff4b49b98cf2bb3da6d1c0bd202eb91b732410ef94c8981?s=96&d=mm&r=g\",\"contentUrl\":\"https:\/\/secure.gravatar.com\/avatar\/5214422833f62ac5eff4b49b98cf2bb3da6d1c0bd202eb91b732410ef94c8981?s=96&d=mm&r=g\",\"caption\":\"Luis Bl\u00e1zquez\"},\"description\":\"Apasionado de todo lo que tenga ruedas previamente a tener uso de raz\u00f3n. Por mis venas corre la gasolina que me permite plasmar con palabras cualquier asunto relacionado con el mundo de la automoci\u00f3n. Para algunos dos m\u00e1s dos son cuatro; para m\u00ed, es un coche.\",\"sameAs\":[\"https:\/\/es.linkedin.com\/in\/luis-bl\u00e1zquez-b7b5ba207\"],\"url\":\"https:\/\/www.clicars.com\/blog\/author\/luis-blazquez\/\"}]}<\/script>\n<!-- \/ Yoast SEO plugin. -->","yoast_head_json":{"title":"Altura de los ni\u00f1os en el coche: viajar sin sillita - Clicars Blog","description":"La seguridad en un coche es lo m\u00e1s importante. Descubre cu\u00e1ndo entra en vigor el cambio de sillas infantiles.","robots":{"index":"index","follow":"follow","max-snippet":"max-snippet:-1","max-image-preview":"max-image-preview:large","max-video-preview":"max-video-preview:-1"},"canonical":"https:\/\/www.clicars.com\/blog\/actualidad\/cambio-en-las-sillas-infantiles-de-coche\/","og_locale":"es_ES","og_type":"article","og_title":"Altura de los ni\u00f1os en el coche: viajar sin sillita - Clicars Blog","og_description":"La seguridad en un coche es lo m\u00e1s importante. Descubre cu\u00e1ndo entra en vigor el cambio de sillas infantiles.","og_url":"https:\/\/www.clicars.com\/blog\/actualidad\/cambio-en-las-sillas-infantiles-de-coche\/","og_site_name":"Clicars","article_published_time":"2025-05-20T06:45:30+00:00","article_modified_time":"2025-05-20T06:50:16+00:00","og_image":[{"width":900,"height":600,"url":"http:\/\/www.clicars.com\/blog\/wp-content\/uploads\/2024\/10\/cambio-en-las-sillas-infantiles-de-coche.jpg","type":"image\/jpeg"}],"author":"Luis Bl\u00e1zquez","twitter_card":"summary_large_image","twitter_misc":{"Escrito por":"Luis Bl\u00e1zquez","Tiempo de lectura":"6 minutos"},"schema":{"@context":"https:\/\/schema.org","@graph":[{"@type":"Article","@id":"https:\/\/www.clicars.com\/blog\/actualidad\/cambio-en-las-sillas-infantiles-de-coche\/#article","isPartOf":{"@id":"https:\/\/www.clicars.com\/blog\/actualidad\/cambio-en-las-sillas-infantiles-de-coche\/"},"author":{"name":"Luis Bl\u00e1zquez","@id":"https:\/\/www.clicars.com\/blog\/#\/schema\/person\/c89c17578baf7e98a71929208c7fcc7f"},"headline":"Altura de los ni\u00f1os en el coche: viajar sin sillita","datePublished":"2025-05-20T06:45:30+00:00","dateModified":"2025-05-20T06:50:16+00:00","mainEntityOfPage":{"@id":"https:\/\/www.clicars.com\/blog\/actualidad\/cambio-en-las-sillas-infantiles-de-coche\/"},"wordCount":1113,"image":{"@id":"https:\/\/www.clicars.com\/blog\/actualidad\/cambio-en-las-sillas-infantiles-de-coche\/#primaryimage"},"thumbnailUrl":"https:\/\/www.clicars.com\/blog\/wp-content\/uploads\/2024\/10\/cambio-en-las-sillas-infantiles-de-coche.jpg","articleSection":["Actualidad"],"inLanguage":"es"},{"@type":["WebPage","ItemPage"],"@id":"https:\/\/www.clicars.com\/blog\/actualidad\/cambio-en-las-sillas-infantiles-de-coche\/","url":"https:\/\/www.clicars.com\/blog\/actualidad\/cambio-en-las-sillas-infantiles-de-coche\/","name":"Altura de los ni\u00f1os en el coche: viajar sin sillita - Clicars Blog","isPartOf":{"@id":"https:\/\/www.clicars.com\/blog\/#website"},"primaryImageOfPage":{"@id":"https:\/\/www.clicars.com\/blog\/actualidad\/cambio-en-las-sillas-infantiles-de-coche\/#primaryimage"},"image":{"@id":"https:\/\/www.clicars.com\/blog\/actualidad\/cambio-en-las-sillas-infantiles-de-coche\/#primaryimage"},"thumbnailUrl":"https:\/\/www.clicars.com\/blog\/wp-content\/uploads\/2024\/10\/cambio-en-las-sillas-infantiles-de-coche.jpg","datePublished":"2025-05-20T06:45:30+00:00","dateModified":"2025-05-20T06:50:16+00:00","author":{"@id":"https:\/\/www.clicars.com\/blog\/#\/schema\/person\/c89c17578baf7e98a71929208c7fcc7f"},"description":"La seguridad en un coche es lo m\u00e1s importante. Descubre cu\u00e1ndo entra en vigor el cambio de sillas infantiles.","breadcrumb":{"@id":"https:\/\/www.clicars.com\/blog\/actualidad\/cambio-en-las-sillas-infantiles-de-coche\/#breadcrumb"},"inLanguage":"es","potentialAction":[{"@type":"ReadAction","target":["https:\/\/www.clicars.com\/blog\/actualidad\/cambio-en-las-sillas-infantiles-de-coche\/"]}]},{"@type":"ImageObject","inLanguage":"es","@id":"https:\/\/www.clicars.com\/blog\/actualidad\/cambio-en-las-sillas-infantiles-de-coche\/#primaryimage","url":"https:\/\/www.clicars.com\/blog\/wp-content\/uploads\/2024\/10\/cambio-en-las-sillas-infantiles-de-coche.jpg","contentUrl":"https:\/\/www.clicars.com\/blog\/wp-content\/uploads\/2024\/10\/cambio-en-las-sillas-infantiles-de-coche.jpg","width":900,"height":600},{"@type":"BreadcrumbList","@id":"https:\/\/www.clicars.com\/blog\/actualidad\/cambio-en-las-sillas-infantiles-de-coche\/#breadcrumb","itemListElement":[{"@type":"ListItem","position":1,"name":"Portada","item":"https:\/\/www.clicars.com\/blog\/"},{"@type":"ListItem","position":2,"name":"Altura de los ni\u00f1os en el coche: viajar sin sillita"}]},{"@type":"WebSite","@id":"https:\/\/www.clicars.com\/blog\/#website","url":"https:\/\/www.clicars.com\/blog\/","name":"Clicars","description":"Compra tu coche de Buena Mano sin moverte de casa","inLanguage":"es"},{"@type":"Person","@id":"https:\/\/www.clicars.com\/blog\/#\/schema\/person\/c89c17578baf7e98a71929208c7fcc7f","name":"Luis Bl\u00e1zquez","image":{"@type":"ImageObject","inLanguage":"es","@id":"https:\/\/www.clicars.com\/blog\/#\/schema\/person\/image\/","url":"https:\/\/secure.gravatar.com\/avatar\/5214422833f62ac5eff4b49b98cf2bb3da6d1c0bd202eb91b732410ef94c8981?s=96&d=mm&r=g","contentUrl":"https:\/\/secure.gravatar.com\/avatar\/5214422833f62ac5eff4b49b98cf2bb3da6d1c0bd202eb91b732410ef94c8981?s=96&d=mm&r=g","caption":"Luis Bl\u00e1zquez"},"description":"Apasionado de todo lo que tenga ruedas previamente a tener uso de raz\u00f3n. Por mis venas corre la gasolina que me permite plasmar con palabras cualquier asunto relacionado con el mundo de la automoci\u00f3n. Para algunos dos m\u00e1s dos son cuatro; para m\u00ed, es un coche.","sameAs":["https:\/\/es.linkedin.com\/in\/luis-bl\u00e1zquez-b7b5ba207"],"url":"https:\/\/www.clicars.com\/blog\/author\/luis-blazquez\/"}]}},"_links":{"self":[{"href":"https:\/\/www.clicars.com\/blog\/wp-json\/wp\/v2\/posts\/13523","targetHints":{"allow":["GET"]}}],"collection":[{"href":"https:\/\/www.clicars.com\/blog\/wp-json\/wp\/v2\/posts"}],"about":[{"href":"https:\/\/www.clicars.com\/blog\/wp-json\/wp\/v2\/types\/post"}],"author":[{"embeddable":true,"href":"https:\/\/www.clicars.com\/blog\/wp-json\/wp\/v2\/users\/9"}],"replies":[{"embeddable":true,"href":"https:\/\/www.clicars.com\/blog\/wp-json\/wp\/v2\/comments?post=13523"}],"version-history":[{"count":5,"href":"https:\/\/www.clicars.com\/blog\/wp-json\/wp\/v2\/posts\/13523\/revisions"}],"predecessor-version":[{"id":14518,"href":"https:\/\/www.clicars.com\/blog\/wp-json\/wp\/v2\/posts\/13523\/revisions\/14518"}],"wp:featuredmedia":[{"embeddable":true,"href":"https:\/\/www.clicars.com\/blog\/wp-json\/wp\/v2\/media\/13525"}],"wp:attachment":[{"href":"https:\/\/www.clicars.com\/blog\/wp-json\/wp\/v2\/media?parent=13523"}],"wp:term":[{"taxonomy":"category","embeddable":true,"href":"https:\/\/www.clicars.com\/blog\/wp-json\/wp\/v2\/categories?post=13523"},{"taxonomy":"post_tag","embeddable":true,"href":"https:\/\/www.clicars.com\/blog\/wp-json\/wp\/v2\/tags?post=13523"}],"curies":[{"name":"wp","href":"https:\/\/api.w.org\/{rel}","templated":true}]}}