{"id":13638,"date":"2024-11-15T10:01:04","date_gmt":"2024-11-15T08:01:04","guid":{"rendered":"https:\/\/www.clicars.com\/blog\/?p=13638"},"modified":"2024-11-13T10:35:01","modified_gmt":"2024-11-13T08:35:01","slug":"capacidad-del-maletero-del-seat-leon","status":"publish","type":"post","link":"https:\/\/www.clicars.com\/blog\/curiosidades\/capacidad-del-maletero-del-seat-leon\/","title":{"rendered":"Capacidad del Maletero del SEAT Le\u00f3n"},"content":{"rendered":"\n<p>Si hablamos del <strong><a href=\"https:\/\/www.clicars.com\/coches-segunda-mano-ocasion\/seat\/leon?srsltid=AfmBOopb3TQEXN2Qd-LA2lUFa5fbxIU36Dqv_erUOXdTQW8ExzNFQ4Y4\">Seat Le\u00f3n<\/a>,<\/strong> seguro que inmediatamente te viene a la cabeza<strong> uno de los l\u00edderes de ventas m\u00e1s habitual<\/strong> en nuestro mercado. Este compacto de la marca espa\u00f1ola es uno de los modelos m\u00e1s emblem\u00e1ticos y populares dentro del sector de la automoci\u00f3n y desde su lanzamiento, este modelo ha ganado reconocimiento en el mercado global gracias a un<strong> dise\u00f1o deportivo, una tecnolog\u00eda avanzada y su equilibrio entre confort y eficiencia.<\/strong> El Le\u00f3n ha sabido adaptarse a las necesidades de los usuarios con el paso del tiempo y aunque es posible, que haya perdido parte de su persionalidad, contin\u00faa exhibiendo uno de los dise\u00f1os m\u00e1s acertados del mercado.<\/p>\n<p>Todas sus cualidades ha hecho que el<strong> Seat Le\u00f3n<\/strong> se haya convertido en el coche ideal para aquellos que buscan un autom\u00f3vil vers\u00e1til y din\u00e1mico. Un pensamiento que se refuerza con su <strong>apariencia de fortaleza<\/strong> derivada de esas l\u00edneas tan marcadas en el exterior. Pero lo cierto es que su \u00e9xito tambi\u00e9n va m\u00e1s all\u00e1 de su atractivo dise\u00f1o y su gran equipamiento. El compacto espa\u00f1ol se diferencia gracias a la <strong>capacidad de su maletero<\/strong> frente a otros modelos de la gama y comparte gran cantidad de elementos con el Golf, pero<strong> ofrece un precio competitivo\u00a0<\/strong>y una amplia variedad de configuraciones mec\u00e1nicas (incluyendo variantes h\u00edbridas), para que escojas la que m\u00e1s se ajuste a tus necesidades.<\/p>\n<h2><img loading=\"lazy\" decoding=\"async\" class=\"aligncenter size-full wp-image-13727\" src=\"http:\/\/www.clicars.com\/blog\/wp-content\/uploads\/2024\/11\/Seat-Leon-maletero.jpg\" alt=\"Seat Le\u00f3n Maletero\" width=\"1920\" height=\"1080\" srcset=\"https:\/\/www.clicars.com\/blog\/wp-content\/uploads\/2024\/11\/Seat-Leon-maletero.jpg 1920w, https:\/\/www.clicars.com\/blog\/wp-content\/uploads\/2024\/11\/Seat-Leon-maletero-300x169.jpg 300w, https:\/\/www.clicars.com\/blog\/wp-content\/uploads\/2024\/11\/Seat-Leon-maletero-1024x576.jpg 1024w, https:\/\/www.clicars.com\/blog\/wp-content\/uploads\/2024\/11\/Seat-Leon-maletero-768x432.jpg 768w, https:\/\/www.clicars.com\/blog\/wp-content\/uploads\/2024\/11\/Seat-Leon-maletero-1536x864.jpg 1536w\" sizes=\"auto, (max-width: 1920px) 100vw, 1920px\" \/><\/h2>\n<h2>Capacidad del maletero en litros<\/h2>\n<p>El Seat Le\u00f3n lleva ganando popularidad en el mercado espa\u00f1ol y europeo no solo por su dise\u00f1o y rendimiento, sino tambi\u00e9n por su practicidad y el <strong>espacio de carga que ofrece en su maletero<\/strong>. El compacto de la marca espa\u00f1ola ha querido adaptar su zona de carga a las diferentes necesidades que pueda tener cada usuario. Por eso, dependiendo de la versi\u00f3n del Le\u00f3n por la que nos decantemos, encontraremos <strong>diferentes capacidades que van es de los 270 hasta los 620 litros.<\/strong><\/p>\n<p>La diversidad que ofrece este modelo permite al usuario apostar por la mejor versi\u00f3n que se ajuste a sus necesidades, independientemente de si sus trayectos se dan por ciudad, son viajes largos o simplemente desplazamientos para pasar un d\u00eda en familia.<strong> Estas son las diferentes opciones de carga que presenta el Seat Le\u00f3n:\u00a0<\/strong><\/p>\n<ul>\n<li><strong>Seat Le\u00f3n cinco puertas:<\/strong> este modelo est\u00e1ndar cuenta con un maletero de <strong>380 litros<\/strong>, una capacidad ideal para el uso diario en ciudad o para peque\u00f1os viajes. Con este espacio podemos cargar art\u00edculos personales, bolsas o maletas medianas sin ning\u00fan tipo de complicaci\u00f3n. La capacidad del modelo tradicional ofrece un equilibrio id\u00f3neo entre tama\u00f1o y practicidad. Adem\u00e1s, en la parte trasera el espacio a bordo es muy notable, y el volumen del maletero es similar al que ofrec\u00eda la tercera generaci\u00f3n del compacto espa\u00f1ol.<\/li>\n<li><strong>Seat Le\u00f3n ST: <\/strong>esta versi\u00f3n familiar est\u00e1 dise\u00f1ada pensando en quienes buscan un mayor espacio de carga sin sacrificar el estilo que ha diferenciado a este compacto. Con una capacidad de <strong>620 litros<\/strong>, se trata de una versi\u00f3n perfecta para familias, que transportan objetos de volumen con cierta frecuencia o para aquellos que requieren mayor flexibilidad en viajes largos. Adem\u00e1s, si viajamos solos, su capacidad puede aumentar abatiendo asientos traseros para obtener una opci\u00f3n de almacenamiento espaciosa y vers\u00e1til. Y otra buena noticia; su habit\u00e1culo resulta igual de amplio para sus ocupantes.<\/li>\n<\/ul>\n<ul>\n<li>\n<p data-p-index=\"18\"><strong>SEAT Le\u00f3n e-HYBRID: <\/strong>en el caso de la versi\u00f3n h\u00edbrida enchufable de este compacto espa\u00f1ol, la capacidad del maletero se reduce significativamente frente a las otras dos versiones. En este caso, el Le\u00f3n cuenta con <strong>270 litros<\/strong> debido al espacio ocupado por las bater\u00edas. Pero si eres de los que quiere apostar por este tipo de movilidad, debes saber que a pesar de que el espacio es algo menor, sigue siendo suficiente para el uso urbano y el transporte de art\u00edculos b\u00e1sicos. Seat ha encontrado el equilibrio perfecto entre la tecnolog\u00eda h\u00edbrida y un maletero funcional.<\/p>\n<\/li>\n<\/ul>\n<p>En comparaci\u00f3n con otros compactos, el <strong>Seat Le\u00f3n est\u00e1 muy bien integrado dentro de la media de capacidad que ofrece el mercado.\u00a0<\/strong>La marca espa\u00f1ola siempre ha tenido en cuenta la importancia del espacio de carga y aunque otros modelos como el Skoda Scala (467 litros), Peugeot 308 (412 litros), Opel Astra (422) o el DS DS4 (439 litros) superan su capacidad, ning\u00fan modelo se acerca a los 620 litros del Le\u00f3n ST. Un veh\u00edculo pensado para seguir disfrutando de la tradici\u00f3n de este compacto, pero tambi\u00e9n de un desplazamiento en el que no debas dejar nada en casa.<\/p>\n<h2>\u00bfCu\u00e1ntas maletas caben en el Seat Le\u00f3n?<\/h2>\n<p>Como hemos comentado, si nos decantamos por la opci\u00f3n b\u00e1sica del Seat Le\u00f3n dispondremos de un maletero con\u00a0<strong>380 litros<\/strong> de capacidad. En el caso de necesitar m\u00e1s espacio de carga, la marca espa\u00f1ola nos ofrece alternativas que abarcan hasta los 620 litros y precisamente, esa es la unidad de medida de la que siempre hablamos cuando nos referimos a la parte de atr\u00e1s. Pero, \u00bfalguna vez te has parado a pensar cu\u00e1ntos bultos acepta esa capacidad? En Clicars te lo explicamos:<\/p>\n<ul>\n<li><strong>SEAT Le\u00f3n 5 puertas (380 litros)<\/strong>: su capacidad aproximada acepta entre<strong> dos y tres maletas medianas. <\/strong>Otra combinaci\u00f3n posible es viajar con <strong>una maleta grande m\u00e1s otra mediana.<\/strong> Este tipo de maletero es ideal para viajes en pareja o familias peque\u00f1as.<\/li>\n<li><strong>SEAT Le\u00f3n Sportstourer (620 litros)<\/strong>: con este modelo la marca espa\u00f1ola ha pensado en viajes familiares largos o vacaciones en grupo con amigos. Su capacidad acepta hasta<strong> cuatro o cinco maletas medianas. <\/strong>Mientras que si viajas con esa persona que no puede dejarse nada en casa o durante un per\u00edodo largo de tiempo, siempre habr\u00e1 espacio para <strong>dos maletas grandes y dos medianas<\/strong>.<\/li>\n<\/ul>\n<p>Una vez conoces qu\u00e9 puedes echar en tu maletero, no te olvides que el Seat Le\u00f3n tambi\u00e9n cuenta con la posibilidad de <strong>abatir los asientos traseros,<\/strong> lo que aumentar\u00e1 el espacio de carga para objetos m\u00e1s voluminosos. Aunque lo m\u00e1s probable es que solo recurras a esa soluci\u00f3n en momentos puntuales. \u00bfEl motivo? Su maletero convierte a este compacto en<strong> un coche realmente funcional y pr\u00e1ctico que vale para casi todo. <\/strong>Su volumen hace que la capacidad de carga deje de ser un problema y nadie se podr\u00e1 quejar de que algo no cabe en su interior. En definitiva<strong>, el Le\u00f3n re\u00fane el tama\u00f1o ideal para el d\u00eda a d\u00eda y tambi\u00e9n, para hacer escapadas.<\/strong><\/p>\n","protected":false},"excerpt":{"rendered":"<p>Si hablamos del Seat Le\u00f3n, seguro que inmediatamente te viene a la cabeza uno de&#8230;<\/p>\n","protected":false},"author":11,"featured_media":13726,"comment_status":"closed","ping_status":"closed","sticky":false,"template":"","format":"standard","meta":{"footnotes":""},"categories":[4],"tags":[],"class_list":{"0":"post-13638","1":"post","2":"type-post","3":"status-publish","4":"format-standard","5":"has-post-thumbnail","7":"category-curiosidades"},"yoast_head":"<!-- This site is optimized with the Yoast SEO plugin v26.8 - https:\/\/yoast.com\/product\/yoast-seo-wordpress\/ -->\n<title>Capacidad del maletero del Seat Le\u00f3n - Clicars Blog<\/title>\n<meta name=\"description\" content=\"\u00bfCu\u00e1ntas maletas caben en el Seat Le\u00f3n y cu\u00e1ntos litros ofrece? Desc\u00fabrelo aqu\u00ed las maletas que puedes meter seg\u00fan la versi\u00f3n del modelo.\" \/>\n<meta name=\"robots\" content=\"index, follow, max-snippet:-1, max-image-preview:large, max-video-preview:-1\" \/>\n<link rel=\"canonical\" href=\"https:\/\/www.clicars.com\/blog\/curiosidades\/capacidad-del-maletero-del-seat-leon\/\" \/>\n<meta property=\"og:locale\" content=\"es_ES\" \/>\n<meta property=\"og:type\" content=\"article\" \/>\n<meta property=\"og:title\" content=\"Capacidad del maletero del Seat Le\u00f3n - Clicars Blog\" \/>\n<meta property=\"og:description\" content=\"\u00bfCu\u00e1ntas maletas caben en el Seat Le\u00f3n y cu\u00e1ntos litros ofrece? Desc\u00fabrelo aqu\u00ed las maletas que puedes meter seg\u00fan la versi\u00f3n del modelo.\" \/>\n<meta property=\"og:url\" content=\"https:\/\/www.clicars.com\/blog\/curiosidades\/capacidad-del-maletero-del-seat-leon\/\" \/>\n<meta property=\"og:site_name\" content=\"Clicars\" \/>\n<meta property=\"article:published_time\" content=\"2024-11-15T08:01:04+00:00\" \/>\n<meta property=\"og:image\" content=\"https:\/\/www.clicars.com\/blog\/wp-content\/uploads\/2024\/11\/capacidad-del-maletero-del-seat-leon.jpg\" \/>\n\t<meta property=\"og:image:width\" content=\"1920\" \/>\n\t<meta property=\"og:image:height\" content=\"1080\" \/>\n\t<meta property=\"og:image:type\" content=\"image\/jpeg\" \/>\n<meta name=\"author\" content=\"Carmen Ruiz\" \/>\n<meta name=\"twitter:card\" content=\"summary_large_image\" \/>\n<meta name=\"twitter:label1\" content=\"Escrito por\" \/>\n\t<meta name=\"twitter:data1\" content=\"Carmen Ruiz\" \/>\n\t<meta name=\"twitter:label2\" content=\"Tiempo de lectura\" \/>\n\t<meta name=\"twitter:data2\" content=\"6 minutos\" \/>\n<script type=\"application\/ld+json\" class=\"yoast-schema-graph\">{\"@context\":\"https:\/\/schema.org\",\"@graph\":[{\"@type\":\"Article\",\"@id\":\"https:\/\/www.clicars.com\/blog\/curiosidades\/capacidad-del-maletero-del-seat-leon\/#article\",\"isPartOf\":{\"@id\":\"https:\/\/www.clicars.com\/blog\/curiosidades\/capacidad-del-maletero-del-seat-leon\/\"},\"author\":{\"name\":\"Carmen Ruiz\",\"@id\":\"https:\/\/www.clicars.com\/blog\/#\/schema\/person\/479c02bf75aade1cf125545238f39cd8\"},\"headline\":\"Capacidad del Maletero del SEAT Le\u00f3n\",\"datePublished\":\"2024-11-15T08:01:04+00:00\",\"mainEntityOfPage\":{\"@id\":\"https:\/\/www.clicars.com\/blog\/curiosidades\/capacidad-del-maletero-del-seat-leon\/\"},\"wordCount\":1139,\"image\":{\"@id\":\"https:\/\/www.clicars.com\/blog\/curiosidades\/capacidad-del-maletero-del-seat-leon\/#primaryimage\"},\"thumbnailUrl\":\"https:\/\/www.clicars.com\/blog\/wp-content\/uploads\/2024\/11\/capacidad-del-maletero-del-seat-leon.jpg\",\"articleSection\":[\"Curiosidades\"],\"inLanguage\":\"es\"},{\"@type\":[\"WebPage\",\"ItemPage\"],\"@id\":\"https:\/\/www.clicars.com\/blog\/curiosidades\/capacidad-del-maletero-del-seat-leon\/\",\"url\":\"https:\/\/www.clicars.com\/blog\/curiosidades\/capacidad-del-maletero-del-seat-leon\/\",\"name\":\"Capacidad del maletero del Seat Le\u00f3n - Clicars Blog\",\"isPartOf\":{\"@id\":\"https:\/\/www.clicars.com\/blog\/#website\"},\"primaryImageOfPage\":{\"@id\":\"https:\/\/www.clicars.com\/blog\/curiosidades\/capacidad-del-maletero-del-seat-leon\/#primaryimage\"},\"image\":{\"@id\":\"https:\/\/www.clicars.com\/blog\/curiosidades\/capacidad-del-maletero-del-seat-leon\/#primaryimage\"},\"thumbnailUrl\":\"https:\/\/www.clicars.com\/blog\/wp-content\/uploads\/2024\/11\/capacidad-del-maletero-del-seat-leon.jpg\",\"datePublished\":\"2024-11-15T08:01:04+00:00\",\"author\":{\"@id\":\"https:\/\/www.clicars.com\/blog\/#\/schema\/person\/479c02bf75aade1cf125545238f39cd8\"},\"description\":\"\u00bfCu\u00e1ntas maletas caben en el Seat Le\u00f3n y cu\u00e1ntos litros ofrece? Desc\u00fabrelo aqu\u00ed las maletas que puedes meter seg\u00fan la versi\u00f3n del modelo.\",\"breadcrumb\":{\"@id\":\"https:\/\/www.clicars.com\/blog\/curiosidades\/capacidad-del-maletero-del-seat-leon\/#breadcrumb\"},\"inLanguage\":\"es\",\"potentialAction\":[{\"@type\":\"ReadAction\",\"target\":[\"https:\/\/www.clicars.com\/blog\/curiosidades\/capacidad-del-maletero-del-seat-leon\/\"]}]},{\"@type\":\"ImageObject\",\"inLanguage\":\"es\",\"@id\":\"https:\/\/www.clicars.com\/blog\/curiosidades\/capacidad-del-maletero-del-seat-leon\/#primaryimage\",\"url\":\"https:\/\/www.clicars.com\/blog\/wp-content\/uploads\/2024\/11\/capacidad-del-maletero-del-seat-leon.jpg\",\"contentUrl\":\"https:\/\/www.clicars.com\/blog\/wp-content\/uploads\/2024\/11\/capacidad-del-maletero-del-seat-leon.jpg\",\"width\":1920,\"height\":1080,\"caption\":\"Capacidad del maletero del Seat Le\u00f3n\"},{\"@type\":\"BreadcrumbList\",\"@id\":\"https:\/\/www.clicars.com\/blog\/curiosidades\/capacidad-del-maletero-del-seat-leon\/#breadcrumb\",\"itemListElement\":[{\"@type\":\"ListItem\",\"position\":1,\"name\":\"Portada\",\"item\":\"https:\/\/www.clicars.com\/blog\/\"},{\"@type\":\"ListItem\",\"position\":2,\"name\":\"Capacidad del Maletero del SEAT Le\u00f3n\"}]},{\"@type\":\"WebSite\",\"@id\":\"https:\/\/www.clicars.com\/blog\/#website\",\"url\":\"https:\/\/www.clicars.com\/blog\/\",\"name\":\"Clicars\",\"description\":\"Compra tu coche de Buena Mano sin moverte de casa\",\"inLanguage\":\"es\"},{\"@type\":\"Person\",\"@id\":\"https:\/\/www.clicars.com\/blog\/#\/schema\/person\/479c02bf75aade1cf125545238f39cd8\",\"name\":\"Carmen Ruiz\",\"image\":{\"@type\":\"ImageObject\",\"inLanguage\":\"es\",\"@id\":\"https:\/\/www.clicars.com\/blog\/#\/schema\/person\/image\/\",\"url\":\"https:\/\/secure.gravatar.com\/avatar\/a0423e471ced02f73a62b5c5f5b49f4431469fa6c61214e7aca040fb6b5a9d62?s=96&d=mm&r=g\",\"contentUrl\":\"https:\/\/secure.gravatar.com\/avatar\/a0423e471ced02f73a62b5c5f5b49f4431469fa6c61214e7aca040fb6b5a9d62?s=96&d=mm&r=g\",\"caption\":\"Carmen Ruiz\"},\"description\":\"Mayo del 97. Empec\u00e9 a escribir sobre motor en El Mundo unos cuantos a\u00f1os m\u00e1s tarde y aunque sent\u00eda que llegaba tarde, supe que era lo que quer\u00eda hacer toda la vida. Me sub\u00ed a muchos asientos en la zona del conductor y despu\u00e9s de probar unos cuantos coches, hice una parada en AS para pasar al lado de la competici\u00f3n. He invertido mucha parte de mi tiempo en los circuitos, pero tambi\u00e9n he podido ver carreras en el desierto como enviada especial al Dakar. Y aunque en la competici\u00f3n todo es m\u00e1s fren\u00e9tico, he comprobado que la adrenalina de pisar un acelerador para descubrir las bondades, nunca desparace.\",\"sameAs\":[\"https:\/\/es.linkedin.com\/in\/carmen-mar\u00eda-ruiz-mart\u00ednez-3440a1116\"],\"url\":\"https:\/\/www.clicars.com\/blog\/author\/carmen-ruiz\/\"}]}<\/script>\n<!-- \/ Yoast SEO plugin. -->","yoast_head_json":{"title":"Capacidad del maletero del Seat Le\u00f3n - Clicars Blog","description":"\u00bfCu\u00e1ntas maletas caben en el Seat Le\u00f3n y cu\u00e1ntos litros ofrece? Desc\u00fabrelo aqu\u00ed las maletas que puedes meter seg\u00fan la versi\u00f3n del modelo.","robots":{"index":"index","follow":"follow","max-snippet":"max-snippet:-1","max-image-preview":"max-image-preview:large","max-video-preview":"max-video-preview:-1"},"canonical":"https:\/\/www.clicars.com\/blog\/curiosidades\/capacidad-del-maletero-del-seat-leon\/","og_locale":"es_ES","og_type":"article","og_title":"Capacidad del maletero del Seat Le\u00f3n - Clicars Blog","og_description":"\u00bfCu\u00e1ntas maletas caben en el Seat Le\u00f3n y cu\u00e1ntos litros ofrece? Desc\u00fabrelo aqu\u00ed las maletas que puedes meter seg\u00fan la versi\u00f3n del modelo.","og_url":"https:\/\/www.clicars.com\/blog\/curiosidades\/capacidad-del-maletero-del-seat-leon\/","og_site_name":"Clicars","article_published_time":"2024-11-15T08:01:04+00:00","og_image":[{"width":1920,"height":1080,"url":"https:\/\/www.clicars.com\/blog\/wp-content\/uploads\/2024\/11\/capacidad-del-maletero-del-seat-leon.jpg","type":"image\/jpeg"}],"author":"Carmen Ruiz","twitter_card":"summary_large_image","twitter_misc":{"Escrito por":"Carmen Ruiz","Tiempo de lectura":"6 minutos"},"schema":{"@context":"https:\/\/schema.org","@graph":[{"@type":"Article","@id":"https:\/\/www.clicars.com\/blog\/curiosidades\/capacidad-del-maletero-del-seat-leon\/#article","isPartOf":{"@id":"https:\/\/www.clicars.com\/blog\/curiosidades\/capacidad-del-maletero-del-seat-leon\/"},"author":{"name":"Carmen Ruiz","@id":"https:\/\/www.clicars.com\/blog\/#\/schema\/person\/479c02bf75aade1cf125545238f39cd8"},"headline":"Capacidad del Maletero del SEAT Le\u00f3n","datePublished":"2024-11-15T08:01:04+00:00","mainEntityOfPage":{"@id":"https:\/\/www.clicars.com\/blog\/curiosidades\/capacidad-del-maletero-del-seat-leon\/"},"wordCount":1139,"image":{"@id":"https:\/\/www.clicars.com\/blog\/curiosidades\/capacidad-del-maletero-del-seat-leon\/#primaryimage"},"thumbnailUrl":"https:\/\/www.clicars.com\/blog\/wp-content\/uploads\/2024\/11\/capacidad-del-maletero-del-seat-leon.jpg","articleSection":["Curiosidades"],"inLanguage":"es"},{"@type":["WebPage","ItemPage"],"@id":"https:\/\/www.clicars.com\/blog\/curiosidades\/capacidad-del-maletero-del-seat-leon\/","url":"https:\/\/www.clicars.com\/blog\/curiosidades\/capacidad-del-maletero-del-seat-leon\/","name":"Capacidad del maletero del Seat Le\u00f3n - Clicars Blog","isPartOf":{"@id":"https:\/\/www.clicars.com\/blog\/#website"},"primaryImageOfPage":{"@id":"https:\/\/www.clicars.com\/blog\/curiosidades\/capacidad-del-maletero-del-seat-leon\/#primaryimage"},"image":{"@id":"https:\/\/www.clicars.com\/blog\/curiosidades\/capacidad-del-maletero-del-seat-leon\/#primaryimage"},"thumbnailUrl":"https:\/\/www.clicars.com\/blog\/wp-content\/uploads\/2024\/11\/capacidad-del-maletero-del-seat-leon.jpg","datePublished":"2024-11-15T08:01:04+00:00","author":{"@id":"https:\/\/www.clicars.com\/blog\/#\/schema\/person\/479c02bf75aade1cf125545238f39cd8"},"description":"\u00bfCu\u00e1ntas maletas caben en el Seat Le\u00f3n y cu\u00e1ntos litros ofrece? Desc\u00fabrelo aqu\u00ed las maletas que puedes meter seg\u00fan la versi\u00f3n del modelo.","breadcrumb":{"@id":"https:\/\/www.clicars.com\/blog\/curiosidades\/capacidad-del-maletero-del-seat-leon\/#breadcrumb"},"inLanguage":"es","potentialAction":[{"@type":"ReadAction","target":["https:\/\/www.clicars.com\/blog\/curiosidades\/capacidad-del-maletero-del-seat-leon\/"]}]},{"@type":"ImageObject","inLanguage":"es","@id":"https:\/\/www.clicars.com\/blog\/curiosidades\/capacidad-del-maletero-del-seat-leon\/#primaryimage","url":"https:\/\/www.clicars.com\/blog\/wp-content\/uploads\/2024\/11\/capacidad-del-maletero-del-seat-leon.jpg","contentUrl":"https:\/\/www.clicars.com\/blog\/wp-content\/uploads\/2024\/11\/capacidad-del-maletero-del-seat-leon.jpg","width":1920,"height":1080,"caption":"Capacidad del maletero del Seat Le\u00f3n"},{"@type":"BreadcrumbList","@id":"https:\/\/www.clicars.com\/blog\/curiosidades\/capacidad-del-maletero-del-seat-leon\/#breadcrumb","itemListElement":[{"@type":"ListItem","position":1,"name":"Portada","item":"https:\/\/www.clicars.com\/blog\/"},{"@type":"ListItem","position":2,"name":"Capacidad del Maletero del SEAT Le\u00f3n"}]},{"@type":"WebSite","@id":"https:\/\/www.clicars.com\/blog\/#website","url":"https:\/\/www.clicars.com\/blog\/","name":"Clicars","description":"Compra tu coche de Buena Mano sin moverte de casa","inLanguage":"es"},{"@type":"Person","@id":"https:\/\/www.clicars.com\/blog\/#\/schema\/person\/479c02bf75aade1cf125545238f39cd8","name":"Carmen Ruiz","image":{"@type":"ImageObject","inLanguage":"es","@id":"https:\/\/www.clicars.com\/blog\/#\/schema\/person\/image\/","url":"https:\/\/secure.gravatar.com\/avatar\/a0423e471ced02f73a62b5c5f5b49f4431469fa6c61214e7aca040fb6b5a9d62?s=96&d=mm&r=g","contentUrl":"https:\/\/secure.gravatar.com\/avatar\/a0423e471ced02f73a62b5c5f5b49f4431469fa6c61214e7aca040fb6b5a9d62?s=96&d=mm&r=g","caption":"Carmen Ruiz"},"description":"Mayo del 97. Empec\u00e9 a escribir sobre motor en El Mundo unos cuantos a\u00f1os m\u00e1s tarde y aunque sent\u00eda que llegaba tarde, supe que era lo que quer\u00eda hacer toda la vida. Me sub\u00ed a muchos asientos en la zona del conductor y despu\u00e9s de probar unos cuantos coches, hice una parada en AS para pasar al lado de la competici\u00f3n. He invertido mucha parte de mi tiempo en los circuitos, pero tambi\u00e9n he podido ver carreras en el desierto como enviada especial al Dakar. Y aunque en la competici\u00f3n todo es m\u00e1s fren\u00e9tico, he comprobado que la adrenalina de pisar un acelerador para descubrir las bondades, nunca desparace.","sameAs":["https:\/\/es.linkedin.com\/in\/carmen-mar\u00eda-ruiz-mart\u00ednez-3440a1116"],"url":"https:\/\/www.clicars.com\/blog\/author\/carmen-ruiz\/"}]}},"_links":{"self":[{"href":"https:\/\/www.clicars.com\/blog\/wp-json\/wp\/v2\/posts\/13638","targetHints":{"allow":["GET"]}}],"collection":[{"href":"https:\/\/www.clicars.com\/blog\/wp-json\/wp\/v2\/posts"}],"about":[{"href":"https:\/\/www.clicars.com\/blog\/wp-json\/wp\/v2\/types\/post"}],"author":[{"embeddable":true,"href":"https:\/\/www.clicars.com\/blog\/wp-json\/wp\/v2\/users\/11"}],"replies":[{"embeddable":true,"href":"https:\/\/www.clicars.com\/blog\/wp-json\/wp\/v2\/comments?post=13638"}],"version-history":[{"count":11,"href":"https:\/\/www.clicars.com\/blog\/wp-json\/wp\/v2\/posts\/13638\/revisions"}],"predecessor-version":[{"id":13725,"href":"https:\/\/www.clicars.com\/blog\/wp-json\/wp\/v2\/posts\/13638\/revisions\/13725"}],"wp:featuredmedia":[{"embeddable":true,"href":"https:\/\/www.clicars.com\/blog\/wp-json\/wp\/v2\/media\/13726"}],"wp:attachment":[{"href":"https:\/\/www.clicars.com\/blog\/wp-json\/wp\/v2\/media?parent=13638"}],"wp:term":[{"taxonomy":"category","embeddable":true,"href":"https:\/\/www.clicars.com\/blog\/wp-json\/wp\/v2\/categories?post=13638"},{"taxonomy":"post_tag","embeddable":true,"href":"https:\/\/www.clicars.com\/blog\/wp-json\/wp\/v2\/tags?post=13638"}],"curies":[{"name":"wp","href":"https:\/\/api.w.org\/{rel}","templated":true}]}}