{"id":13776,"date":"2024-12-26T13:44:39","date_gmt":"2024-12-26T11:44:39","guid":{"rendered":"https:\/\/www.clicars.com\/blog\/?p=13776"},"modified":"2024-12-26T13:44:39","modified_gmt":"2024-12-26T11:44:39","slug":"medidas-del-renault-clio-2024","status":"publish","type":"post","link":"https:\/\/www.clicars.com\/blog\/comparativa\/medidas-del-renault-clio-2024\/","title":{"rendered":"Medidas del Renault Clio 2024"},"content":{"rendered":"<div id=\"ez-toc-container\" class=\"ez-toc-v2_0_80 counter-hierarchy ez-toc-counter ez-toc-light-blue ez-toc-container-direction\">\n<p class=\"ez-toc-title\" style=\"cursor:inherit\">\u00cdndice de contenidos<\/p>\n<label for=\"ez-toc-cssicon-toggle-item-69f5bb2739592\" class=\"ez-toc-cssicon-toggle-label\"><span class=\"ez-toc-cssicon\"><span class=\"eztoc-hide\" style=\"display:none;\">Toggle<\/span><span class=\"ez-toc-icon-toggle-span\"><svg style=\"fill: #999;color:#999\" xmlns=\"http:\/\/www.w3.org\/2000\/svg\" class=\"list-377408\" width=\"20px\" height=\"20px\" viewBox=\"0 0 24 24\" fill=\"none\"><path d=\"M6 6H4v2h2V6zm14 0H8v2h12V6zM4 11h2v2H4v-2zm16 0H8v2h12v-2zM4 16h2v2H4v-2zm16 0H8v2h12v-2z\" fill=\"currentColor\"><\/path><\/svg><svg style=\"fill: #999;color:#999\" class=\"arrow-unsorted-368013\" xmlns=\"http:\/\/www.w3.org\/2000\/svg\" width=\"10px\" height=\"10px\" viewBox=\"0 0 24 24\" version=\"1.2\" baseProfile=\"tiny\"><path d=\"M18.2 9.3l-6.2-6.3-6.2 6.3c-.2.2-.3.4-.3.7s.1.5.3.7c.2.2.4.3.7.3h11c.3 0 .5-.1.7-.3.2-.2.3-.5.3-.7s-.1-.5-.3-.7zM5.8 14.7l6.2 6.3 6.2-6.3c.2-.2.3-.5.3-.7s-.1-.5-.3-.7c-.2-.2-.4-.3-.7-.3h-11c-.3 0-.5.1-.7.3-.2.2-.3.5-.3.7s.1.5.3.7z\"\/><\/svg><\/span><\/span><\/label><input type=\"checkbox\"  id=\"ez-toc-cssicon-toggle-item-69f5bb2739592\"  aria-label=\"Alternar\" \/><nav><ul class='ez-toc-list ez-toc-list-level-1 ' ><li class='ez-toc-page-1 ez-toc-heading-level-2'><a class=\"ez-toc-link ez-toc-heading-1\" href=\"https:\/\/www.clicars.com\/blog\/comparativa\/medidas-del-renault-clio-2024\/#Renault_Clio_2024_Medidas_exteriores\" >Renault Clio 2024. Medidas exteriores<\/a><\/li><li class='ez-toc-page-1 ez-toc-heading-level-2'><a class=\"ez-toc-link ez-toc-heading-2\" href=\"https:\/\/www.clicars.com\/blog\/comparativa\/medidas-del-renault-clio-2024\/#Renault_Clio_2024_Espacio_interior\" >Renault Clio 2024. Espacio interior<\/a><\/li><li class='ez-toc-page-1 ez-toc-heading-level-2'><a class=\"ez-toc-link ez-toc-heading-3\" href=\"https:\/\/www.clicars.com\/blog\/comparativa\/medidas-del-renault-clio-2024\/#Renault_Clio_2024_Capacidad_del_maletero\" >Renault Clio 2024. Capacidad del maletero<\/a><\/li><li class='ez-toc-page-1 ez-toc-heading-level-2'><a class=\"ez-toc-link ez-toc-heading-4\" href=\"https:\/\/www.clicars.com\/blog\/comparativa\/medidas-del-renault-clio-2024\/#Comparativa_con_modelos_similares\" >Comparativa con modelos similares<\/a><\/li><li class='ez-toc-page-1 ez-toc-heading-level-2'><a class=\"ez-toc-link ez-toc-heading-5\" href=\"https:\/\/www.clicars.com\/blog\/comparativa\/medidas-del-renault-clio-2024\/#%C2%BFEs_el_Renault_Clio_un_coche_practico_para_el_dia_a_dia\" >\u00bfEs el Renault Clio un coche pr\u00e1ctico para el d\u00eda a d\u00eda?<\/a><\/li><\/ul><\/nav><\/div>\n\n<p><span style=\"font-weight: 400;\">El <a href=\"https:\/\/www.clicars.com\/coches-segunda-mano-ocasion\/renault\/clio\">Renault Clio 2024<\/a> pisa fuerte al mundo de los subcompactos, con un dise\u00f1o renovado que mezcla cierta elegancia y deportividad. Este peso ligero de las ciudades no solo presume de est\u00e9tica, sino que tambi\u00e9n lleva en su ADN la eficiencia: con <strong>motores h\u00edbridos E-Tech, GLP y gasolina<\/strong>, pone un ojo en el medio ambiente y el otro en el bolsillo.\u00a0<\/span><\/p>\n<p><span style=\"font-weight: 400;\">\u00bfLo mejor? Su equipamiento tecnol\u00f3gico, conectividad avanzada y ayudas a la conducci\u00f3n, adem\u00e1s de un espacio interior destacables en el segmento. En resumen, es un coche que te lleva del supermercado a la escapada de fin de semana con estilo y sin dramas. Peque\u00f1o, pero poderoso. A continuaci\u00f3n, <strong>veremos las dimensiones espec\u00edficas del urbanita franc\u00e9s<\/strong>, donde abordaremos tanto las medidas exteriores como el espacio interior y la capacidad del maletero.<\/span><\/p>\n<h2><span style=\"font-weight: 400;\"><img loading=\"lazy\" decoding=\"async\" class=\"aligncenter size-full wp-image-13929\" src=\"http:\/\/www.clicars.com\/blog\/wp-content\/uploads\/2024\/12\/Reault-Clio-medidas.png\" alt=\"Renault Clio medidas\" width=\"900\" height=\"600\" srcset=\"https:\/\/www.clicars.com\/blog\/wp-content\/uploads\/2024\/12\/Reault-Clio-medidas.png 900w, https:\/\/www.clicars.com\/blog\/wp-content\/uploads\/2024\/12\/Reault-Clio-medidas-300x200.png 300w, https:\/\/www.clicars.com\/blog\/wp-content\/uploads\/2024\/12\/Reault-Clio-medidas-768x512.png 768w\" sizes=\"auto, (max-width: 900px) 100vw, 900px\" \/><\/span><\/h2>\n<h2><span class=\"ez-toc-section\" id=\"Renault_Clio_2024_Medidas_exteriores\"><\/span><span style=\"font-weight: 400;\">Renault Clio 2024. Medidas exteriores<\/span><span class=\"ez-toc-section-end\"><\/span><\/h2>\n<p><span style=\"font-weight: 400;\">El Renault Clio 2024 mantiene unas medidas compactas perfectas para moverte con soltura en cualquier entorno. Mide <strong>4.053 mil\u00edmetros de longitud<\/strong>, ideal para aparcar incluso en los huecos m\u00e1s peleados del centro. Su <strong>anchura de 1.988 mm<\/strong> (con retrovisores desplegados) y su <strong>altura de 1.439 mm<\/strong> lo hacen estable en carretera, pero sin sacrificar la maniobrabilidad urbana. La <strong>distancia entre ejes de 2.583 mm<\/strong> ofrece buen espacio interior para pasajeros sin comprometer su agilidad en curvas.<\/span><\/p>\n<h2><span class=\"ez-toc-section\" id=\"Renault_Clio_2024_Espacio_interior\"><\/span><span style=\"font-weight: 400;\">Renault Clio 2024. Espacio interior<\/span><span class=\"ez-toc-section-end\"><\/span><\/h2>\n<p><span style=\"font-weight: 400;\">El Renault Clio 2024 sabe aprovechar su tama\u00f1o al m\u00e1ximo para ofrecer un habit\u00e1culo m\u00e1s que c\u00f3modo, tanto para los trayectos urbanos como para las escapadas largas. En las plazas delanteras, la <strong>altura libre al techo de 905 mm<\/strong>, y el amplio espacio para las piernas permiten que conductor y copiloto viajen sin apreturas. Adem\u00e1s, los asientos ofrecen buen soporte, ideales para largas jornadas al volante.<\/span><\/p>\n<p><span style=\"font-weight: 400;\">En la parte trasera, los pasajeros tienen <strong>678 mm de espacio para las piernas<\/strong>, suficiente para adultos en trayectos cortos y muy c\u00f3modo para ni\u00f1os. La altura libre al techo de <strong>860 mm<\/strong> en esta zona sigue siendo adecuada, aunque los m\u00e1s altos podr\u00edan sentirse algo ajustados en trayectos largos. \u00bfConclusi\u00f3n? El Clio es como un peque\u00f1o sal\u00f3n rodante: espacioso donde importa y perfecto para el d\u00eda a d\u00eda. Compacto por fuera, pero grande por dentro.<\/span><\/p>\n<h2><span class=\"ez-toc-section\" id=\"Renault_Clio_2024_Capacidad_del_maletero\"><\/span><span style=\"font-weight: 400;\">Renault Clio 2024. Capacidad del maletero<\/span><span class=\"ez-toc-section-end\"><\/span><\/h2>\n<p><span style=\"font-weight: 400;\">Con los asientos traseros en su posici\u00f3n original, el maletero del Renault Clio ofrece<strong> 340 litros de capacidad<\/strong>, suficiente para cargar la compra semanal, todo el equipaje para un fin de semana o incluso ese patinete el\u00e9ctrico que no cabe en casa. Si necesitas m\u00e1s espacio, abatiendo los asientos traseros<strong> la capacidad sube hasta los 1.069 litros<\/strong>, convirti\u00e9ndose en un aliado inesperado para mudanzas ligeras o escapadas con todo el equipaje a bordo.<\/span><\/p>\n<p><span style=\"font-weight: 400;\">En el caso de la variante h\u00edbrida, la capacidad de carga <strong>se reduce hasta los 254 litros<\/strong> a raz\u00f3n de las bater\u00edas ubicadas sobre el eje posterior. El doble fondo del maletero queda eliminado en virtud de un peque\u00f1o para objetos de peque\u00f1as dimensiones. Esta alternativa resulta un poco menos pr\u00e1ctica, pero se sit\u00faa a la par de otros competidores con motorizaci\u00f3n h\u00edbrida. No podr\u00e1s cargar con el equipaje de toda una familia para un viaje, pero como un segundo\u00a0 coche con el que cargar las cosas del d\u00eda a d\u00eda es m\u00e1s que suficiente.<\/span><\/p>\n<h2><span class=\"ez-toc-section\" id=\"Comparativa_con_modelos_similares\"><\/span><span style=\"font-weight: 400;\">Comparativa con modelos similares<\/span><span class=\"ez-toc-section-end\"><\/span><\/h2>\n<p><span style=\"font-weight: 400;\">Sabemos que el <a href=\"https:\/\/www.clicars.com\/coches-segunda-mano-ocasion\/renault\/clio\">Renault Clio<\/a> se posiciona como un contendiente s\u00f3lido dentro del segmento de coches subcompactos, enfrent\u00e1ndose a rivales como el Peugeot 208, Ford Fiesta, SEAT Ibiza y Toyota Yaris. \u00bfC\u00f3mo se mide ante estos competidores en tama\u00f1o y espacio?<\/span><\/p>\n<p><span style=\"font-weight: 400;\">Las dimensiones del Clio lo colocan justo en <strong>el centro del segmento B en cuanto a tama\u00f1o<\/strong>. El Peugeot 208 (4.055 mm de largo y 1.745 mm de ancho) es pr\u00e1cticamente igual de largo, pero algo m\u00e1s estrecho, lo que lo hace ligeramente m\u00e1s \u00e1gil en espacios reducidos. Por su parte, el SEAT Ibiza (4.059 mm de largo y 1.780 mm de ancho) ofrece dimensiones similares pero con un enfoque en maximizar el espacio interior.<\/span><\/p>\n<p><span style=\"font-weight: 400;\">El Toyota Yaris, m\u00e1s compacto con 3.940 mm de largo y 1.745 mm de ancho, resulta ideal para entornos urbanos pero sacrifica algo de espacio en el maletero y los asientos traseros. Finalmente, el Ford Fiesta, con 4.040 mm de largo y 1.735 mm de ancho, se sit\u00faa muy cerca del Clio, aunque con una oferta m\u00e1s limitada tras anunciar su retirada en ciertos mercados europeos junto con el Fiesta en virtud de los SUV peque\u00f1os.<\/span><\/p>\n<h2><span class=\"ez-toc-section\" id=\"%C2%BFEs_el_Renault_Clio_un_coche_practico_para_el_dia_a_dia\"><\/span><span style=\"font-weight: 400;\">\u00bfEs el Renault Clio un coche pr\u00e1ctico para el d\u00eda a d\u00eda?<\/span><span class=\"ez-toc-section-end\"><\/span><\/h2>\n<p><span style=\"font-weight: 400;\">Podr\u00edamos decir que el Renault Clio es como ese amigo que siempre est\u00e1 ah\u00ed para echarte un cable: <strong>peque\u00f1o por fuera, pero sorprendentemente capaz por dentro<\/strong>. Sus dimensiones compactas lo convierten en el aliado perfecto para moverse por la ciudad, ya sea buscando aparcamiento o maniobrando en calles estrechas. Pero no te dejes enga\u00f1ar por su tama\u00f1o: con su maletero y espacio m\u00e1s que suficiente para cuatro adultos c\u00f3modos, tambi\u00e9n est\u00e1 listo para escapadas de fin de semana o compras grandes.<\/span><\/p>\n<p><span style=\"font-weight: 400;\">Abatiendo los asientos traseros, su capacidad de carga sube a m\u00e1s de 1.000 litros, perfecto para llevar desde una bicicleta hasta muebles peque\u00f1os. Por lo tanto, si buscas un coche que sea pr\u00e1ctico en el d\u00eda a d\u00eda y no te haga sentir limitado cuando necesitas espacio extra, el Renault Clio 2024 es una opci\u00f3n vers\u00e1til, equilibrando funcionalidad y estilo. <strong>Ideal para quienes quieren un todo-en-uno en un tama\u00f1o compacto<\/strong>. Un aut\u00e9ntico \u201cchico para todo\u201d del asfalto. Si desde 1990 ha demostrado a\u00f1o tras a\u00f1o ser uno de los mejores candidatos&#8230; Por algo ser\u00e1.<\/span><\/p>\n","protected":false},"excerpt":{"rendered":"<p>El Renault Clio 2024 pisa fuerte al mundo de los subcompactos, con un dise\u00f1o renovado&#8230;<\/p>\n","protected":false},"author":9,"featured_media":13928,"comment_status":"closed","ping_status":"closed","sticky":false,"template":"","format":"standard","meta":{"footnotes":""},"categories":[2],"tags":[],"class_list":{"0":"post-13776","1":"post","2":"type-post","3":"status-publish","4":"format-standard","5":"has-post-thumbnail","7":"category-comparativa"},"yoast_head":"<!-- This site is optimized with the Yoast SEO plugin v26.8 - https:\/\/yoast.com\/product\/yoast-seo-wordpress\/ -->\n<title>Medidas del Renault Clio 2024 - Clicars Blog<\/title>\n<meta name=\"description\" content=\"Descubre en este art\u00edculo todas las medidas del Renault Clio: tama\u00f1o, espacio interior y exterior del modelo.\" \/>\n<meta name=\"robots\" content=\"index, follow, max-snippet:-1, max-image-preview:large, max-video-preview:-1\" \/>\n<link rel=\"canonical\" href=\"https:\/\/www.clicars.com\/blog\/comparativa\/medidas-del-renault-clio-2024\/\" \/>\n<meta property=\"og:locale\" content=\"es_ES\" \/>\n<meta property=\"og:type\" content=\"article\" \/>\n<meta property=\"og:title\" content=\"Medidas del Renault Clio 2024 - Clicars Blog\" \/>\n<meta property=\"og:description\" content=\"Descubre en este art\u00edculo todas las medidas del Renault Clio: tama\u00f1o, espacio interior y exterior del modelo.\" \/>\n<meta property=\"og:url\" content=\"https:\/\/www.clicars.com\/blog\/comparativa\/medidas-del-renault-clio-2024\/\" \/>\n<meta property=\"og:site_name\" content=\"Clicars\" \/>\n<meta property=\"article:published_time\" content=\"2024-12-26T11:44:39+00:00\" \/>\n<meta property=\"og:image\" content=\"http:\/\/www.clicars.com\/blog\/wp-content\/uploads\/2024\/12\/medidas-del-renault-clio-2024.png\" \/>\n\t<meta property=\"og:image:width\" content=\"900\" \/>\n\t<meta property=\"og:image:height\" content=\"600\" \/>\n\t<meta property=\"og:image:type\" content=\"image\/png\" \/>\n<meta name=\"author\" content=\"Luis Bl\u00e1zquez\" \/>\n<meta name=\"twitter:card\" content=\"summary_large_image\" \/>\n<meta name=\"twitter:label1\" content=\"Escrito por\" \/>\n\t<meta name=\"twitter:data1\" content=\"Luis Bl\u00e1zquez\" \/>\n\t<meta name=\"twitter:label2\" content=\"Tiempo de lectura\" \/>\n\t<meta name=\"twitter:data2\" content=\"5 minutos\" \/>\n<script type=\"application\/ld+json\" class=\"yoast-schema-graph\">{\"@context\":\"https:\/\/schema.org\",\"@graph\":[{\"@type\":\"Article\",\"@id\":\"https:\/\/www.clicars.com\/blog\/comparativa\/medidas-del-renault-clio-2024\/#article\",\"isPartOf\":{\"@id\":\"https:\/\/www.clicars.com\/blog\/comparativa\/medidas-del-renault-clio-2024\/\"},\"author\":{\"name\":\"Luis Bl\u00e1zquez\",\"@id\":\"https:\/\/www.clicars.com\/blog\/#\/schema\/person\/c89c17578baf7e98a71929208c7fcc7f\"},\"headline\":\"Medidas del Renault Clio 2024\",\"datePublished\":\"2024-12-26T11:44:39+00:00\",\"mainEntityOfPage\":{\"@id\":\"https:\/\/www.clicars.com\/blog\/comparativa\/medidas-del-renault-clio-2024\/\"},\"wordCount\":970,\"image\":{\"@id\":\"https:\/\/www.clicars.com\/blog\/comparativa\/medidas-del-renault-clio-2024\/#primaryimage\"},\"thumbnailUrl\":\"https:\/\/www.clicars.com\/blog\/wp-content\/uploads\/2024\/12\/medidas-del-renault-clio-2024.png\",\"articleSection\":[\"Comparativa\"],\"inLanguage\":\"es\"},{\"@type\":[\"WebPage\",\"ItemPage\"],\"@id\":\"https:\/\/www.clicars.com\/blog\/comparativa\/medidas-del-renault-clio-2024\/\",\"url\":\"https:\/\/www.clicars.com\/blog\/comparativa\/medidas-del-renault-clio-2024\/\",\"name\":\"Medidas del Renault Clio 2024 - Clicars Blog\",\"isPartOf\":{\"@id\":\"https:\/\/www.clicars.com\/blog\/#website\"},\"primaryImageOfPage\":{\"@id\":\"https:\/\/www.clicars.com\/blog\/comparativa\/medidas-del-renault-clio-2024\/#primaryimage\"},\"image\":{\"@id\":\"https:\/\/www.clicars.com\/blog\/comparativa\/medidas-del-renault-clio-2024\/#primaryimage\"},\"thumbnailUrl\":\"https:\/\/www.clicars.com\/blog\/wp-content\/uploads\/2024\/12\/medidas-del-renault-clio-2024.png\",\"datePublished\":\"2024-12-26T11:44:39+00:00\",\"author\":{\"@id\":\"https:\/\/www.clicars.com\/blog\/#\/schema\/person\/c89c17578baf7e98a71929208c7fcc7f\"},\"description\":\"Descubre en este art\u00edculo todas las medidas del Renault Clio: tama\u00f1o, espacio interior y exterior del modelo.\",\"breadcrumb\":{\"@id\":\"https:\/\/www.clicars.com\/blog\/comparativa\/medidas-del-renault-clio-2024\/#breadcrumb\"},\"inLanguage\":\"es\",\"potentialAction\":[{\"@type\":\"ReadAction\",\"target\":[\"https:\/\/www.clicars.com\/blog\/comparativa\/medidas-del-renault-clio-2024\/\"]}]},{\"@type\":\"ImageObject\",\"inLanguage\":\"es\",\"@id\":\"https:\/\/www.clicars.com\/blog\/comparativa\/medidas-del-renault-clio-2024\/#primaryimage\",\"url\":\"https:\/\/www.clicars.com\/blog\/wp-content\/uploads\/2024\/12\/medidas-del-renault-clio-2024.png\",\"contentUrl\":\"https:\/\/www.clicars.com\/blog\/wp-content\/uploads\/2024\/12\/medidas-del-renault-clio-2024.png\",\"width\":900,\"height\":600,\"caption\":\"Medidas del Renault Clio 2024\"},{\"@type\":\"BreadcrumbList\",\"@id\":\"https:\/\/www.clicars.com\/blog\/comparativa\/medidas-del-renault-clio-2024\/#breadcrumb\",\"itemListElement\":[{\"@type\":\"ListItem\",\"position\":1,\"name\":\"Portada\",\"item\":\"https:\/\/www.clicars.com\/blog\/\"},{\"@type\":\"ListItem\",\"position\":2,\"name\":\"Medidas del Renault Clio 2024\"}]},{\"@type\":\"WebSite\",\"@id\":\"https:\/\/www.clicars.com\/blog\/#website\",\"url\":\"https:\/\/www.clicars.com\/blog\/\",\"name\":\"Clicars\",\"description\":\"Compra tu coche de Buena Mano sin moverte de casa\",\"inLanguage\":\"es\"},{\"@type\":\"Person\",\"@id\":\"https:\/\/www.clicars.com\/blog\/#\/schema\/person\/c89c17578baf7e98a71929208c7fcc7f\",\"name\":\"Luis Bl\u00e1zquez\",\"image\":{\"@type\":\"ImageObject\",\"inLanguage\":\"es\",\"@id\":\"https:\/\/www.clicars.com\/blog\/#\/schema\/person\/image\/\",\"url\":\"https:\/\/secure.gravatar.com\/avatar\/5214422833f62ac5eff4b49b98cf2bb3da6d1c0bd202eb91b732410ef94c8981?s=96&d=mm&r=g\",\"contentUrl\":\"https:\/\/secure.gravatar.com\/avatar\/5214422833f62ac5eff4b49b98cf2bb3da6d1c0bd202eb91b732410ef94c8981?s=96&d=mm&r=g\",\"caption\":\"Luis Bl\u00e1zquez\"},\"description\":\"Apasionado de todo lo que tenga ruedas previamente a tener uso de raz\u00f3n. Por mis venas corre la gasolina que me permite plasmar con palabras cualquier asunto relacionado con el mundo de la automoci\u00f3n. Para algunos dos m\u00e1s dos son cuatro; para m\u00ed, es un coche.\",\"sameAs\":[\"https:\/\/es.linkedin.com\/in\/luis-bl\u00e1zquez-b7b5ba207\"],\"url\":\"https:\/\/www.clicars.com\/blog\/author\/luis-blazquez\/\"}]}<\/script>\n<!-- \/ Yoast SEO plugin. -->","yoast_head_json":{"title":"Medidas del Renault Clio 2024 - Clicars Blog","description":"Descubre en este art\u00edculo todas las medidas del Renault Clio: tama\u00f1o, espacio interior y exterior del modelo.","robots":{"index":"index","follow":"follow","max-snippet":"max-snippet:-1","max-image-preview":"max-image-preview:large","max-video-preview":"max-video-preview:-1"},"canonical":"https:\/\/www.clicars.com\/blog\/comparativa\/medidas-del-renault-clio-2024\/","og_locale":"es_ES","og_type":"article","og_title":"Medidas del Renault Clio 2024 - Clicars Blog","og_description":"Descubre en este art\u00edculo todas las medidas del Renault Clio: tama\u00f1o, espacio interior y exterior del modelo.","og_url":"https:\/\/www.clicars.com\/blog\/comparativa\/medidas-del-renault-clio-2024\/","og_site_name":"Clicars","article_published_time":"2024-12-26T11:44:39+00:00","og_image":[{"width":900,"height":600,"url":"http:\/\/www.clicars.com\/blog\/wp-content\/uploads\/2024\/12\/medidas-del-renault-clio-2024.png","type":"image\/png"}],"author":"Luis Bl\u00e1zquez","twitter_card":"summary_large_image","twitter_misc":{"Escrito por":"Luis Bl\u00e1zquez","Tiempo de lectura":"5 minutos"},"schema":{"@context":"https:\/\/schema.org","@graph":[{"@type":"Article","@id":"https:\/\/www.clicars.com\/blog\/comparativa\/medidas-del-renault-clio-2024\/#article","isPartOf":{"@id":"https:\/\/www.clicars.com\/blog\/comparativa\/medidas-del-renault-clio-2024\/"},"author":{"name":"Luis Bl\u00e1zquez","@id":"https:\/\/www.clicars.com\/blog\/#\/schema\/person\/c89c17578baf7e98a71929208c7fcc7f"},"headline":"Medidas del Renault Clio 2024","datePublished":"2024-12-26T11:44:39+00:00","mainEntityOfPage":{"@id":"https:\/\/www.clicars.com\/blog\/comparativa\/medidas-del-renault-clio-2024\/"},"wordCount":970,"image":{"@id":"https:\/\/www.clicars.com\/blog\/comparativa\/medidas-del-renault-clio-2024\/#primaryimage"},"thumbnailUrl":"https:\/\/www.clicars.com\/blog\/wp-content\/uploads\/2024\/12\/medidas-del-renault-clio-2024.png","articleSection":["Comparativa"],"inLanguage":"es"},{"@type":["WebPage","ItemPage"],"@id":"https:\/\/www.clicars.com\/blog\/comparativa\/medidas-del-renault-clio-2024\/","url":"https:\/\/www.clicars.com\/blog\/comparativa\/medidas-del-renault-clio-2024\/","name":"Medidas del Renault Clio 2024 - Clicars Blog","isPartOf":{"@id":"https:\/\/www.clicars.com\/blog\/#website"},"primaryImageOfPage":{"@id":"https:\/\/www.clicars.com\/blog\/comparativa\/medidas-del-renault-clio-2024\/#primaryimage"},"image":{"@id":"https:\/\/www.clicars.com\/blog\/comparativa\/medidas-del-renault-clio-2024\/#primaryimage"},"thumbnailUrl":"https:\/\/www.clicars.com\/blog\/wp-content\/uploads\/2024\/12\/medidas-del-renault-clio-2024.png","datePublished":"2024-12-26T11:44:39+00:00","author":{"@id":"https:\/\/www.clicars.com\/blog\/#\/schema\/person\/c89c17578baf7e98a71929208c7fcc7f"},"description":"Descubre en este art\u00edculo todas las medidas del Renault Clio: tama\u00f1o, espacio interior y exterior del modelo.","breadcrumb":{"@id":"https:\/\/www.clicars.com\/blog\/comparativa\/medidas-del-renault-clio-2024\/#breadcrumb"},"inLanguage":"es","potentialAction":[{"@type":"ReadAction","target":["https:\/\/www.clicars.com\/blog\/comparativa\/medidas-del-renault-clio-2024\/"]}]},{"@type":"ImageObject","inLanguage":"es","@id":"https:\/\/www.clicars.com\/blog\/comparativa\/medidas-del-renault-clio-2024\/#primaryimage","url":"https:\/\/www.clicars.com\/blog\/wp-content\/uploads\/2024\/12\/medidas-del-renault-clio-2024.png","contentUrl":"https:\/\/www.clicars.com\/blog\/wp-content\/uploads\/2024\/12\/medidas-del-renault-clio-2024.png","width":900,"height":600,"caption":"Medidas del Renault Clio 2024"},{"@type":"BreadcrumbList","@id":"https:\/\/www.clicars.com\/blog\/comparativa\/medidas-del-renault-clio-2024\/#breadcrumb","itemListElement":[{"@type":"ListItem","position":1,"name":"Portada","item":"https:\/\/www.clicars.com\/blog\/"},{"@type":"ListItem","position":2,"name":"Medidas del Renault Clio 2024"}]},{"@type":"WebSite","@id":"https:\/\/www.clicars.com\/blog\/#website","url":"https:\/\/www.clicars.com\/blog\/","name":"Clicars","description":"Compra tu coche de Buena Mano sin moverte de casa","inLanguage":"es"},{"@type":"Person","@id":"https:\/\/www.clicars.com\/blog\/#\/schema\/person\/c89c17578baf7e98a71929208c7fcc7f","name":"Luis Bl\u00e1zquez","image":{"@type":"ImageObject","inLanguage":"es","@id":"https:\/\/www.clicars.com\/blog\/#\/schema\/person\/image\/","url":"https:\/\/secure.gravatar.com\/avatar\/5214422833f62ac5eff4b49b98cf2bb3da6d1c0bd202eb91b732410ef94c8981?s=96&d=mm&r=g","contentUrl":"https:\/\/secure.gravatar.com\/avatar\/5214422833f62ac5eff4b49b98cf2bb3da6d1c0bd202eb91b732410ef94c8981?s=96&d=mm&r=g","caption":"Luis Bl\u00e1zquez"},"description":"Apasionado de todo lo que tenga ruedas previamente a tener uso de raz\u00f3n. Por mis venas corre la gasolina que me permite plasmar con palabras cualquier asunto relacionado con el mundo de la automoci\u00f3n. Para algunos dos m\u00e1s dos son cuatro; para m\u00ed, es un coche.","sameAs":["https:\/\/es.linkedin.com\/in\/luis-bl\u00e1zquez-b7b5ba207"],"url":"https:\/\/www.clicars.com\/blog\/author\/luis-blazquez\/"}]}},"_links":{"self":[{"href":"https:\/\/www.clicars.com\/blog\/wp-json\/wp\/v2\/posts\/13776","targetHints":{"allow":["GET"]}}],"collection":[{"href":"https:\/\/www.clicars.com\/blog\/wp-json\/wp\/v2\/posts"}],"about":[{"href":"https:\/\/www.clicars.com\/blog\/wp-json\/wp\/v2\/types\/post"}],"author":[{"embeddable":true,"href":"https:\/\/www.clicars.com\/blog\/wp-json\/wp\/v2\/users\/9"}],"replies":[{"embeddable":true,"href":"https:\/\/www.clicars.com\/blog\/wp-json\/wp\/v2\/comments?post=13776"}],"version-history":[{"count":5,"href":"https:\/\/www.clicars.com\/blog\/wp-json\/wp\/v2\/posts\/13776\/revisions"}],"predecessor-version":[{"id":13930,"href":"https:\/\/www.clicars.com\/blog\/wp-json\/wp\/v2\/posts\/13776\/revisions\/13930"}],"wp:featuredmedia":[{"embeddable":true,"href":"https:\/\/www.clicars.com\/blog\/wp-json\/wp\/v2\/media\/13928"}],"wp:attachment":[{"href":"https:\/\/www.clicars.com\/blog\/wp-json\/wp\/v2\/media?parent=13776"}],"wp:term":[{"taxonomy":"category","embeddable":true,"href":"https:\/\/www.clicars.com\/blog\/wp-json\/wp\/v2\/categories?post=13776"},{"taxonomy":"post_tag","embeddable":true,"href":"https:\/\/www.clicars.com\/blog\/wp-json\/wp\/v2\/tags?post=13776"}],"curies":[{"name":"wp","href":"https:\/\/api.w.org\/{rel}","templated":true}]}}