{"id":13804,"date":"2025-01-03T13:39:30","date_gmt":"2025-01-03T11:39:30","guid":{"rendered":"https:\/\/www.clicars.com\/blog\/?p=13804"},"modified":"2025-01-03T13:39:30","modified_gmt":"2025-01-03T11:39:30","slug":"dimensiones-del-peugeot-508","status":"publish","type":"post","link":"https:\/\/www.clicars.com\/blog\/curiosidades\/dimensiones-del-peugeot-508\/","title":{"rendered":"Dimensiones del Peugeot 508"},"content":{"rendered":"<div id=\"ez-toc-container\" class=\"ez-toc-v2_0_80 counter-hierarchy ez-toc-counter ez-toc-light-blue ez-toc-container-direction\">\n<p class=\"ez-toc-title\" style=\"cursor:inherit\">\u00cdndice de contenidos<\/p>\n<label for=\"ez-toc-cssicon-toggle-item-69f5d74e3ff3c\" class=\"ez-toc-cssicon-toggle-label\"><span class=\"ez-toc-cssicon\"><span class=\"eztoc-hide\" style=\"display:none;\">Toggle<\/span><span class=\"ez-toc-icon-toggle-span\"><svg style=\"fill: #999;color:#999\" xmlns=\"http:\/\/www.w3.org\/2000\/svg\" class=\"list-377408\" width=\"20px\" height=\"20px\" viewBox=\"0 0 24 24\" fill=\"none\"><path d=\"M6 6H4v2h2V6zm14 0H8v2h12V6zM4 11h2v2H4v-2zm16 0H8v2h12v-2zM4 16h2v2H4v-2zm16 0H8v2h12v-2z\" fill=\"currentColor\"><\/path><\/svg><svg style=\"fill: #999;color:#999\" class=\"arrow-unsorted-368013\" xmlns=\"http:\/\/www.w3.org\/2000\/svg\" width=\"10px\" height=\"10px\" viewBox=\"0 0 24 24\" version=\"1.2\" baseProfile=\"tiny\"><path d=\"M18.2 9.3l-6.2-6.3-6.2 6.3c-.2.2-.3.4-.3.7s.1.5.3.7c.2.2.4.3.7.3h11c.3 0 .5-.1.7-.3.2-.2.3-.5.3-.7s-.1-.5-.3-.7zM5.8 14.7l6.2 6.3 6.2-6.3c.2-.2.3-.5.3-.7s-.1-.5-.3-.7c-.2-.2-.4-.3-.7-.3h-11c-.3 0-.5.1-.7.3-.2.2-.3.5-.3.7s.1.5.3.7z\"\/><\/svg><\/span><\/span><\/label><input type=\"checkbox\"  id=\"ez-toc-cssicon-toggle-item-69f5d74e3ff3c\"  aria-label=\"Alternar\" \/><nav><ul class='ez-toc-list ez-toc-list-level-1 ' ><li class='ez-toc-page-1 ez-toc-heading-level-2'><a class=\"ez-toc-link ez-toc-heading-1\" href=\"https:\/\/www.clicars.com\/blog\/curiosidades\/dimensiones-del-peugeot-508\/#Peugeot_508_2024_Medidas_exteriores\" >Peugeot 508 2024. Medidas exteriores<\/a><\/li><li class='ez-toc-page-1 ez-toc-heading-level-2'><a class=\"ez-toc-link ez-toc-heading-2\" href=\"https:\/\/www.clicars.com\/blog\/curiosidades\/dimensiones-del-peugeot-508\/#Peugeot_508_2024_Espacio_interior\" >Peugeot 508 2024. Espacio interior<\/a><\/li><li class='ez-toc-page-1 ez-toc-heading-level-2'><a class=\"ez-toc-link ez-toc-heading-3\" href=\"https:\/\/www.clicars.com\/blog\/curiosidades\/dimensiones-del-peugeot-508\/#Peugeot_508_2024_Maletero\" >Peugeot 508 2024. Maletero<\/a><\/li><li class='ez-toc-page-1 ez-toc-heading-level-2'><a class=\"ez-toc-link ez-toc-heading-4\" href=\"https:\/\/www.clicars.com\/blog\/curiosidades\/dimensiones-del-peugeot-508\/#Peugeot_508_2024_Comparativa_de_tamano_con_sus_rivales\" >Peugeot 508 2024. Comparativa de tama\u00f1o con sus rivales<\/a><\/li><li class='ez-toc-page-1 ez-toc-heading-level-2'><a class=\"ez-toc-link ez-toc-heading-5\" href=\"https:\/\/www.clicars.com\/blog\/curiosidades\/dimensiones-del-peugeot-508\/#%C2%BFEs_el_Peugeot_508_adecuado_para_el_dia_a_dia_y_viajes_largos\" >\u00bfEs el Peugeot 508 adecuado para el d\u00eda a d\u00eda y viajes largos?<\/a><\/li><\/ul><\/nav><\/div>\n\n<p><span style=\"font-weight: 400;\">Como si de un traje se tratase, un coche tiene que ajustarse a tus necesidades, ser c\u00f3modo y, por qu\u00e9 no, lucir bien. El <a href=\"https:\/\/www.clicars.com\/coches-segunda-mano-ocasion\/peugeot\/508?srsltid=AfmBOopYr40nnOCMiOB77Q-BI7HdqykP2dwQh4I4WtoL87-8_CBw9gtd\">Peugeot 508<\/a> 2024, con su porte elegante y su dise\u00f1o moderno, promete ser m\u00e1s que una simple berlina (o familiar). En este art\u00edculo, te llevaremos a <strong>un recorrido detallado por sus dimensiones<\/strong>, para que descubras si este modelo es la opci\u00f3n ideal para conquistar la rutina diaria o emprender escapadas memorables.<\/span><\/p>\n<p><span style=\"font-weight: 400;\">Primero, echaremos un vistazo al <strong>exterior<\/strong>, donde el modelo se presenta con proporciones equilibradas que combinan un toque deportivo con una dosis justa de sobriedad. Su dise\u00f1o, adem\u00e1s de robar miradas, esconde un espacio interior dise\u00f1ado pensando en la comodidad. Hablando del habit\u00e1culo, aqu\u00ed el tama\u00f1o s\u00ed importa: los pasajeros encontrar\u00e1n suficiente amplitud para estirarse y disfrutar, tanto en la ciudad como en la carretera.<\/span><\/p>\n<p><span style=\"font-weight: 400;\">\u00bfY el <strong>maletero<\/strong>? Este es el aliado silencioso de cualquier segmento E que se respete. Ya sea para una escapada de fin de semana, las compras del mes o el equipaje de unas vacaciones familiares, el Peugeot 508 promete tener espacio de sobra para guardar m\u00e1s que solo tus intenciones. As\u00ed que, sigue leyendo para decidir si este sed\u00e1n encaja en tu estilo de vida, sin comprometer ni el estilo ni la funcionalidad en una categor\u00eda ya en el olvido.<\/span><\/p>\n<h2><span style=\"font-weight: 400;\"><img loading=\"lazy\" decoding=\"async\" class=\"aligncenter size-full wp-image-13966\" src=\"http:\/\/www.clicars.com\/blog\/wp-content\/uploads\/2024\/12\/peugeot-508.jpg\" alt=\"Peugeot 508\" width=\"900\" height=\"600\" srcset=\"https:\/\/www.clicars.com\/blog\/wp-content\/uploads\/2024\/12\/peugeot-508.jpg 900w, https:\/\/www.clicars.com\/blog\/wp-content\/uploads\/2024\/12\/peugeot-508-300x200.jpg 300w, https:\/\/www.clicars.com\/blog\/wp-content\/uploads\/2024\/12\/peugeot-508-768x512.jpg 768w\" sizes=\"auto, (max-width: 900px) 100vw, 900px\" \/><\/span><\/h2>\n<h2><span class=\"ez-toc-section\" id=\"Peugeot_508_2024_Medidas_exteriores\"><\/span><span style=\"font-weight: 400;\">Peugeot 508 2024. Medidas exteriores<\/span><span class=\"ez-toc-section-end\"><\/span><\/h2>\n<p><span style=\"font-weight: 400;\">Con una <strong>longitud de 4.750 mil\u00edmetros<\/strong> (4.788 en su variante SW), el Peugeot 508 es elegante y suficientemente largo para robar miradas, pero sin exagerar. Su <strong>anchura de 1.860 mm<\/strong> lo convierte en un experto en estabilidad, ideal para tomar curvas con confianza o disfrutar de esa sensaci\u00f3n de control en la autopista. Con la <strong>altura de 1.400 mm<\/strong> (1.420 el SW), mantiene un perfil bajo y aerodin\u00e1mico que le otorga deportividad, mientras que los<strong> 2.800 mm de su distancia entre ejes<\/strong> son la clave del confort interior y esa sensaci\u00f3n de espacio.<\/span><\/p>\n<p><span style=\"font-weight: 400;\">En la ciudad, estas dimensiones lo hacen relativamente \u00e1gil sin sacrificar la est\u00e9tica; <strong>puede deslizarse por el tr\u00e1fico y acomodarse en plazas de aparcamiento como un seductor urbano<\/strong>. En carretera, ese tama\u00f1o se traduce en una conducci\u00f3n equilibrada y placentera, ideal para esos viajes largos en los que cada kil\u00f3metro se siente como un paseo. En pocas palabras, el Peugeot 508 2024 es un sed\u00e1n que maneja sus mil\u00edmetros como un artista maneja su pincel: con maestr\u00eda y el prop\u00f3sito de ser mejor que todos los dem\u00e1s.<\/span><\/p>\n<h2><span class=\"ez-toc-section\" id=\"Peugeot_508_2024_Espacio_interior\"><\/span><span style=\"font-weight: 400;\">Peugeot 508 2024. Espacio interior<\/span><span class=\"ez-toc-section-end\"><\/span><\/h2>\n<p><span style=\"font-weight: 400;\">Subir al Peugeot 508 2024 implica disfrutar de un espacio amplio y c\u00f3modo y dise\u00f1ado para relajarse. En las plazas traseras, los pasajeros encontrar\u00e1n una <strong>distancia para las piernas de 273 mm,<\/strong> suficiente para estirarse y relajarse, incluso si los ocupantes delanteros reclinan un poco sus asientos. Por su parte, el <strong>espacio libre al techo de 890 mm<\/strong> asegura que hasta los m\u00e1s altos puedan sentarse sin preocuparse por rozar el techo.<\/span><\/p>\n<p><span style=\"font-weight: 400;\">Esta combinaci\u00f3n crea <strong>una atm\u00f3sfera que invita a los viajes largos<\/strong>. Ya sea un trayecto diario o una aventura de varias horas, el habit\u00e1culo del Peugeot 508 se siente como un refugio sobre ruedas, donde cada cent\u00edmetro est\u00e1 pensado para maximizar la comodidad. Adem\u00e1s, su dise\u00f1o elegante y acabados de mejor calidad hacen que cada pasajero se sienta como en primera clase. En resumen, la \u00faltima actualizaci\u00f3n del 508 no solo lleva a su destino, lo hace con comodidad, est\u00e9tica y espacio para disfrutar el camino.<\/span><\/p>\n<h2><span class=\"ez-toc-section\" id=\"Peugeot_508_2024_Maletero\"><\/span><span style=\"font-weight: 400;\">Peugeot 508 2024. Maletero<\/span><span class=\"ez-toc-section-end\"><\/span><\/h2>\n<p><span style=\"font-weight: 400;\">En su versi\u00f3n de cinco puertas (<strong>Berlina<\/strong>), el Peugeot 508 presume de una capacidad de<strong> 487 litros<\/strong>, perfecta para el equipaje de varios pasajeros en un viaje de fin de semana o para las compras semanales. Si buscas a\u00fan m\u00e1s espacio, la versi\u00f3n familiar (<strong>SW<\/strong>) ampl\u00eda su capacidad hasta los <strong>530 litros<\/strong>, ideal para familias, aventuras m\u00e1s largas o quienes nunca viajan ligeros. Y en su variante deportiva PSE de tracci\u00f3n total no se pierde ni un litro de capacidad.<\/span><\/p>\n<p><span style=\"font-weight: 400;\">Comparado con otros modelos de su segmento, el 508 se posiciona como un contendiente s\u00f3lido. No alcanza las dimensiones del maletero de un todoterreno, pero <strong>supera a muchos de los sedanes disponibles en equilibrio entre dise\u00f1o y funcionalidad<\/strong>. Con su configuraci\u00f3n pr\u00e1ctica y opciones de ampliaci\u00f3n, puede f\u00e1cilmente ajustarse a bicicletas, maletas grandes o incluso la mascota de la familia. En resumen, el maletero del Peugeot 508 es ese aliado discreto que nunca falla, ofreciendo espacio sin renunciar a su car\u00e1cter din\u00e1mico.<\/span><\/p>\n<h2><span class=\"ez-toc-section\" id=\"Peugeot_508_2024_Comparativa_de_tamano_con_sus_rivales\"><\/span><span style=\"font-weight: 400;\">Peugeot 508 2024. Comparativa de tama\u00f1o con sus rivales<\/span><span class=\"ez-toc-section-end\"><\/span><\/h2>\n<p><span style=\"font-weight: 400;\">En el ring de las berlinas sedanes elegantes y espaciosos, el Peugeot 508 se enfrenta a pesos pesados como el Volkswagen Arteon, Audi A5 Sportback, BMW Serie 4 Gran Coup\u00e9, Skoda Octavia y Opel Insignia. Aqu\u00ed va un vistazo a c\u00f3mo se mide (literalmente) frente a ellos.<\/span><\/p>\n<p><span style=\"font-weight: 400;\">Con una longitud de 4.750 mm, <strong>el 508 es ligeramente m\u00e1s corto<\/strong> que el Volkswagen Arteon (4.866 mm) y el Opel Insignia (4.897 mm), pero se mantiene al nivel del Audi A5 Sportback (4.757 mm) y supera al BMW Serie 4 Gran Coup\u00e9 (4.783 mm). La anchura del Peugeot, de 1,860 mm, es competitiva, igualando el Arteon y superando al Octavia, pero un poco m\u00e1s estrecho que el Audi y BMW, ambos dise\u00f1ados con un toque extra de musculatura.<\/span><\/p>\n<p><span style=\"font-weight: 400;\">En t\u00e9rminos de altura, <strong>el franc\u00e9s mantiene un perfil bajo y deportivo<\/strong> con 1.400 mm, muy similar al Audi A5 y BMW Serie 4, mientras que el Skoda Octavia y el Opel Insignia ofrecen techos m\u00e1s altos, priorizando un enfoque m\u00e1s pr\u00e1ctico que aerodin\u00e1mico. Su distancia entre ejes, de 2.800 mm, lo sit\u00faa a la par con el Arteon y A5 Sportbak, ofreciendo un equilibrio entre espacio interior y maniobrabilidad. Y en lo que respecta a maletero, est\u00e1 por detr\u00e1s del Arteon (563 litros) y el Octavia (600 litros), pero supera al A5 Sportback (450 litros) y al Serie 4 Gran Coup\u00e9 (470 litros).<\/span><\/p>\n<h2><span class=\"ez-toc-section\" id=\"%C2%BFEs_el_Peugeot_508_adecuado_para_el_dia_a_dia_y_viajes_largos\"><\/span><span style=\"font-weight: 400;\">\u00bfEs el Peugeot 508 adecuado para el d\u00eda a d\u00eda y viajes largos?<\/span><span class=\"ez-toc-section-end\"><\/span><\/h2>\n<p><span style=\"font-weight: 400;\">A estas alturas, podemos decir que el Peugeot 508 <strong>es espacioso para la familia y el equipaje<\/strong>, pero con el car\u00e1cter deportivo que no haga que cada trayecto se sienta como una misi\u00f3n de ir de un punto a otro. Aqu\u00ed es donde el Peugeot 508 entra al juego, equilibrando lo mejor de ambos mundos con una maestr\u00eda digna de un acr\u00f3bata.<\/span><\/p>\n<p><span style=\"font-weight: 400;\">Para viajes largos, <strong>el confort de sus asientos es como sentarse en tu sill\u00f3n favorito<\/strong>, con soporte justo donde lo necesitas y materiales que abrazan sin apretar. La insonorizaci\u00f3n del habit\u00e1culo convierte cualquier trayecto en una experiencia relajante, aisl\u00e1ndote del ruido exterior y haciendo que hasta el tr\u00e1fico se sienta menos estresante. \u00bfUso diario? A pesar de su tama\u00f1o, es sorprendentemente \u00e1gil en la ciudad.<\/span><\/p>\n<p><span style=\"font-weight: 400;\">La <strong>amplitud interior asegura que tanto t\u00fa como tus pasajeros est\u00e9n c\u00f3modos<\/strong>, ya sea un trayecto al trabajo o un paseo a la monta\u00f1a. Adem\u00e1s, su dise\u00f1o deportivo no es solo para lucir bien: el 508 ofrece un manejo din\u00e1mico que hace que cada curva sea un placer. El 508 es el equivalente a un traje con los bolsillos ocultos: pr\u00e1ctico sin dejar de ser emocionante. Si buscas espacio, estilo y ciertos tintes de diversi\u00f3n al volante, puede que este sea el coche perfecto para ti.<\/span><\/p>\n","protected":false},"excerpt":{"rendered":"<p>Como si de un traje se tratase, un coche tiene que ajustarse a tus necesidades,&#8230;<\/p>\n","protected":false},"author":9,"featured_media":13965,"comment_status":"closed","ping_status":"closed","sticky":false,"template":"","format":"standard","meta":{"footnotes":""},"categories":[4],"tags":[],"class_list":{"0":"post-13804","1":"post","2":"type-post","3":"status-publish","4":"format-standard","5":"has-post-thumbnail","7":"category-curiosidades"},"yoast_head":"<!-- This site is optimized with the Yoast SEO plugin v26.8 - https:\/\/yoast.com\/product\/yoast-seo-wordpress\/ -->\n<title>Dimensiones del Peugeot 508 - Clicars Blog<\/title>\n<meta name=\"description\" content=\"Conoce en este post todo sobre el modelo Peugeot 508: sus medidas, espacio interior y capacidad del maletero\" \/>\n<meta name=\"robots\" content=\"index, follow, max-snippet:-1, max-image-preview:large, max-video-preview:-1\" \/>\n<link rel=\"canonical\" href=\"https:\/\/www.clicars.com\/blog\/curiosidades\/dimensiones-del-peugeot-508\/\" \/>\n<meta property=\"og:locale\" content=\"es_ES\" \/>\n<meta property=\"og:type\" content=\"article\" \/>\n<meta property=\"og:title\" content=\"Dimensiones del Peugeot 508 - Clicars Blog\" \/>\n<meta property=\"og:description\" content=\"Conoce en este post todo sobre el modelo Peugeot 508: sus medidas, espacio interior y capacidad del maletero\" \/>\n<meta property=\"og:url\" content=\"https:\/\/www.clicars.com\/blog\/curiosidades\/dimensiones-del-peugeot-508\/\" \/>\n<meta property=\"og:site_name\" content=\"Clicars\" \/>\n<meta property=\"article:published_time\" content=\"2025-01-03T11:39:30+00:00\" \/>\n<meta property=\"og:image\" content=\"http:\/\/www.clicars.com\/blog\/wp-content\/uploads\/2024\/12\/dimensiones-del-peugeot-508.jpg\" \/>\n\t<meta property=\"og:image:width\" content=\"900\" \/>\n\t<meta property=\"og:image:height\" content=\"600\" \/>\n\t<meta property=\"og:image:type\" content=\"image\/jpeg\" \/>\n<meta name=\"author\" content=\"Luis Bl\u00e1zquez\" \/>\n<meta name=\"twitter:card\" content=\"summary_large_image\" \/>\n<meta name=\"twitter:label1\" content=\"Escrito por\" \/>\n\t<meta name=\"twitter:data1\" content=\"Luis Bl\u00e1zquez\" \/>\n\t<meta name=\"twitter:label2\" content=\"Tiempo de lectura\" \/>\n\t<meta name=\"twitter:data2\" content=\"6 minutos\" \/>\n<script type=\"application\/ld+json\" class=\"yoast-schema-graph\">{\"@context\":\"https:\/\/schema.org\",\"@graph\":[{\"@type\":\"Article\",\"@id\":\"https:\/\/www.clicars.com\/blog\/curiosidades\/dimensiones-del-peugeot-508\/#article\",\"isPartOf\":{\"@id\":\"https:\/\/www.clicars.com\/blog\/curiosidades\/dimensiones-del-peugeot-508\/\"},\"author\":{\"name\":\"Luis Bl\u00e1zquez\",\"@id\":\"https:\/\/www.clicars.com\/blog\/#\/schema\/person\/c89c17578baf7e98a71929208c7fcc7f\"},\"headline\":\"Dimensiones del Peugeot 508\",\"datePublished\":\"2025-01-03T11:39:30+00:00\",\"mainEntityOfPage\":{\"@id\":\"https:\/\/www.clicars.com\/blog\/curiosidades\/dimensiones-del-peugeot-508\/\"},\"wordCount\":1237,\"image\":{\"@id\":\"https:\/\/www.clicars.com\/blog\/curiosidades\/dimensiones-del-peugeot-508\/#primaryimage\"},\"thumbnailUrl\":\"https:\/\/www.clicars.com\/blog\/wp-content\/uploads\/2024\/12\/dimensiones-del-peugeot-508.jpg\",\"articleSection\":[\"Curiosidades\"],\"inLanguage\":\"es\"},{\"@type\":[\"WebPage\",\"ItemPage\"],\"@id\":\"https:\/\/www.clicars.com\/blog\/curiosidades\/dimensiones-del-peugeot-508\/\",\"url\":\"https:\/\/www.clicars.com\/blog\/curiosidades\/dimensiones-del-peugeot-508\/\",\"name\":\"Dimensiones del Peugeot 508 - Clicars Blog\",\"isPartOf\":{\"@id\":\"https:\/\/www.clicars.com\/blog\/#website\"},\"primaryImageOfPage\":{\"@id\":\"https:\/\/www.clicars.com\/blog\/curiosidades\/dimensiones-del-peugeot-508\/#primaryimage\"},\"image\":{\"@id\":\"https:\/\/www.clicars.com\/blog\/curiosidades\/dimensiones-del-peugeot-508\/#primaryimage\"},\"thumbnailUrl\":\"https:\/\/www.clicars.com\/blog\/wp-content\/uploads\/2024\/12\/dimensiones-del-peugeot-508.jpg\",\"datePublished\":\"2025-01-03T11:39:30+00:00\",\"author\":{\"@id\":\"https:\/\/www.clicars.com\/blog\/#\/schema\/person\/c89c17578baf7e98a71929208c7fcc7f\"},\"description\":\"Conoce en este post todo sobre el modelo Peugeot 508: sus medidas, espacio interior y capacidad del maletero\",\"breadcrumb\":{\"@id\":\"https:\/\/www.clicars.com\/blog\/curiosidades\/dimensiones-del-peugeot-508\/#breadcrumb\"},\"inLanguage\":\"es\",\"potentialAction\":[{\"@type\":\"ReadAction\",\"target\":[\"https:\/\/www.clicars.com\/blog\/curiosidades\/dimensiones-del-peugeot-508\/\"]}]},{\"@type\":\"ImageObject\",\"inLanguage\":\"es\",\"@id\":\"https:\/\/www.clicars.com\/blog\/curiosidades\/dimensiones-del-peugeot-508\/#primaryimage\",\"url\":\"https:\/\/www.clicars.com\/blog\/wp-content\/uploads\/2024\/12\/dimensiones-del-peugeot-508.jpg\",\"contentUrl\":\"https:\/\/www.clicars.com\/blog\/wp-content\/uploads\/2024\/12\/dimensiones-del-peugeot-508.jpg\",\"width\":900,\"height\":600,\"caption\":\"Dimensiones del Peugeot 508\"},{\"@type\":\"BreadcrumbList\",\"@id\":\"https:\/\/www.clicars.com\/blog\/curiosidades\/dimensiones-del-peugeot-508\/#breadcrumb\",\"itemListElement\":[{\"@type\":\"ListItem\",\"position\":1,\"name\":\"Portada\",\"item\":\"https:\/\/www.clicars.com\/blog\/\"},{\"@type\":\"ListItem\",\"position\":2,\"name\":\"Dimensiones del Peugeot 508\"}]},{\"@type\":\"WebSite\",\"@id\":\"https:\/\/www.clicars.com\/blog\/#website\",\"url\":\"https:\/\/www.clicars.com\/blog\/\",\"name\":\"Clicars\",\"description\":\"Compra tu coche de Buena Mano sin moverte de casa\",\"inLanguage\":\"es\"},{\"@type\":\"Person\",\"@id\":\"https:\/\/www.clicars.com\/blog\/#\/schema\/person\/c89c17578baf7e98a71929208c7fcc7f\",\"name\":\"Luis Bl\u00e1zquez\",\"image\":{\"@type\":\"ImageObject\",\"inLanguage\":\"es\",\"@id\":\"https:\/\/www.clicars.com\/blog\/#\/schema\/person\/image\/\",\"url\":\"https:\/\/secure.gravatar.com\/avatar\/5214422833f62ac5eff4b49b98cf2bb3da6d1c0bd202eb91b732410ef94c8981?s=96&d=mm&r=g\",\"contentUrl\":\"https:\/\/secure.gravatar.com\/avatar\/5214422833f62ac5eff4b49b98cf2bb3da6d1c0bd202eb91b732410ef94c8981?s=96&d=mm&r=g\",\"caption\":\"Luis Bl\u00e1zquez\"},\"description\":\"Apasionado de todo lo que tenga ruedas previamente a tener uso de raz\u00f3n. Por mis venas corre la gasolina que me permite plasmar con palabras cualquier asunto relacionado con el mundo de la automoci\u00f3n. Para algunos dos m\u00e1s dos son cuatro; para m\u00ed, es un coche.\",\"sameAs\":[\"https:\/\/es.linkedin.com\/in\/luis-bl\u00e1zquez-b7b5ba207\"],\"url\":\"https:\/\/www.clicars.com\/blog\/author\/luis-blazquez\/\"}]}<\/script>\n<!-- \/ Yoast SEO plugin. -->","yoast_head_json":{"title":"Dimensiones del Peugeot 508 - Clicars Blog","description":"Conoce en este post todo sobre el modelo Peugeot 508: sus medidas, espacio interior y capacidad del maletero","robots":{"index":"index","follow":"follow","max-snippet":"max-snippet:-1","max-image-preview":"max-image-preview:large","max-video-preview":"max-video-preview:-1"},"canonical":"https:\/\/www.clicars.com\/blog\/curiosidades\/dimensiones-del-peugeot-508\/","og_locale":"es_ES","og_type":"article","og_title":"Dimensiones del Peugeot 508 - Clicars Blog","og_description":"Conoce en este post todo sobre el modelo Peugeot 508: sus medidas, espacio interior y capacidad del maletero","og_url":"https:\/\/www.clicars.com\/blog\/curiosidades\/dimensiones-del-peugeot-508\/","og_site_name":"Clicars","article_published_time":"2025-01-03T11:39:30+00:00","og_image":[{"width":900,"height":600,"url":"http:\/\/www.clicars.com\/blog\/wp-content\/uploads\/2024\/12\/dimensiones-del-peugeot-508.jpg","type":"image\/jpeg"}],"author":"Luis Bl\u00e1zquez","twitter_card":"summary_large_image","twitter_misc":{"Escrito por":"Luis Bl\u00e1zquez","Tiempo de lectura":"6 minutos"},"schema":{"@context":"https:\/\/schema.org","@graph":[{"@type":"Article","@id":"https:\/\/www.clicars.com\/blog\/curiosidades\/dimensiones-del-peugeot-508\/#article","isPartOf":{"@id":"https:\/\/www.clicars.com\/blog\/curiosidades\/dimensiones-del-peugeot-508\/"},"author":{"name":"Luis Bl\u00e1zquez","@id":"https:\/\/www.clicars.com\/blog\/#\/schema\/person\/c89c17578baf7e98a71929208c7fcc7f"},"headline":"Dimensiones del Peugeot 508","datePublished":"2025-01-03T11:39:30+00:00","mainEntityOfPage":{"@id":"https:\/\/www.clicars.com\/blog\/curiosidades\/dimensiones-del-peugeot-508\/"},"wordCount":1237,"image":{"@id":"https:\/\/www.clicars.com\/blog\/curiosidades\/dimensiones-del-peugeot-508\/#primaryimage"},"thumbnailUrl":"https:\/\/www.clicars.com\/blog\/wp-content\/uploads\/2024\/12\/dimensiones-del-peugeot-508.jpg","articleSection":["Curiosidades"],"inLanguage":"es"},{"@type":["WebPage","ItemPage"],"@id":"https:\/\/www.clicars.com\/blog\/curiosidades\/dimensiones-del-peugeot-508\/","url":"https:\/\/www.clicars.com\/blog\/curiosidades\/dimensiones-del-peugeot-508\/","name":"Dimensiones del Peugeot 508 - Clicars Blog","isPartOf":{"@id":"https:\/\/www.clicars.com\/blog\/#website"},"primaryImageOfPage":{"@id":"https:\/\/www.clicars.com\/blog\/curiosidades\/dimensiones-del-peugeot-508\/#primaryimage"},"image":{"@id":"https:\/\/www.clicars.com\/blog\/curiosidades\/dimensiones-del-peugeot-508\/#primaryimage"},"thumbnailUrl":"https:\/\/www.clicars.com\/blog\/wp-content\/uploads\/2024\/12\/dimensiones-del-peugeot-508.jpg","datePublished":"2025-01-03T11:39:30+00:00","author":{"@id":"https:\/\/www.clicars.com\/blog\/#\/schema\/person\/c89c17578baf7e98a71929208c7fcc7f"},"description":"Conoce en este post todo sobre el modelo Peugeot 508: sus medidas, espacio interior y capacidad del maletero","breadcrumb":{"@id":"https:\/\/www.clicars.com\/blog\/curiosidades\/dimensiones-del-peugeot-508\/#breadcrumb"},"inLanguage":"es","potentialAction":[{"@type":"ReadAction","target":["https:\/\/www.clicars.com\/blog\/curiosidades\/dimensiones-del-peugeot-508\/"]}]},{"@type":"ImageObject","inLanguage":"es","@id":"https:\/\/www.clicars.com\/blog\/curiosidades\/dimensiones-del-peugeot-508\/#primaryimage","url":"https:\/\/www.clicars.com\/blog\/wp-content\/uploads\/2024\/12\/dimensiones-del-peugeot-508.jpg","contentUrl":"https:\/\/www.clicars.com\/blog\/wp-content\/uploads\/2024\/12\/dimensiones-del-peugeot-508.jpg","width":900,"height":600,"caption":"Dimensiones del Peugeot 508"},{"@type":"BreadcrumbList","@id":"https:\/\/www.clicars.com\/blog\/curiosidades\/dimensiones-del-peugeot-508\/#breadcrumb","itemListElement":[{"@type":"ListItem","position":1,"name":"Portada","item":"https:\/\/www.clicars.com\/blog\/"},{"@type":"ListItem","position":2,"name":"Dimensiones del Peugeot 508"}]},{"@type":"WebSite","@id":"https:\/\/www.clicars.com\/blog\/#website","url":"https:\/\/www.clicars.com\/blog\/","name":"Clicars","description":"Compra tu coche de Buena Mano sin moverte de casa","inLanguage":"es"},{"@type":"Person","@id":"https:\/\/www.clicars.com\/blog\/#\/schema\/person\/c89c17578baf7e98a71929208c7fcc7f","name":"Luis Bl\u00e1zquez","image":{"@type":"ImageObject","inLanguage":"es","@id":"https:\/\/www.clicars.com\/blog\/#\/schema\/person\/image\/","url":"https:\/\/secure.gravatar.com\/avatar\/5214422833f62ac5eff4b49b98cf2bb3da6d1c0bd202eb91b732410ef94c8981?s=96&d=mm&r=g","contentUrl":"https:\/\/secure.gravatar.com\/avatar\/5214422833f62ac5eff4b49b98cf2bb3da6d1c0bd202eb91b732410ef94c8981?s=96&d=mm&r=g","caption":"Luis Bl\u00e1zquez"},"description":"Apasionado de todo lo que tenga ruedas previamente a tener uso de raz\u00f3n. Por mis venas corre la gasolina que me permite plasmar con palabras cualquier asunto relacionado con el mundo de la automoci\u00f3n. Para algunos dos m\u00e1s dos son cuatro; para m\u00ed, es un coche.","sameAs":["https:\/\/es.linkedin.com\/in\/luis-bl\u00e1zquez-b7b5ba207"],"url":"https:\/\/www.clicars.com\/blog\/author\/luis-blazquez\/"}]}},"_links":{"self":[{"href":"https:\/\/www.clicars.com\/blog\/wp-json\/wp\/v2\/posts\/13804","targetHints":{"allow":["GET"]}}],"collection":[{"href":"https:\/\/www.clicars.com\/blog\/wp-json\/wp\/v2\/posts"}],"about":[{"href":"https:\/\/www.clicars.com\/blog\/wp-json\/wp\/v2\/types\/post"}],"author":[{"embeddable":true,"href":"https:\/\/www.clicars.com\/blog\/wp-json\/wp\/v2\/users\/9"}],"replies":[{"embeddable":true,"href":"https:\/\/www.clicars.com\/blog\/wp-json\/wp\/v2\/comments?post=13804"}],"version-history":[{"count":4,"href":"https:\/\/www.clicars.com\/blog\/wp-json\/wp\/v2\/posts\/13804\/revisions"}],"predecessor-version":[{"id":13967,"href":"https:\/\/www.clicars.com\/blog\/wp-json\/wp\/v2\/posts\/13804\/revisions\/13967"}],"wp:featuredmedia":[{"embeddable":true,"href":"https:\/\/www.clicars.com\/blog\/wp-json\/wp\/v2\/media\/13965"}],"wp:attachment":[{"href":"https:\/\/www.clicars.com\/blog\/wp-json\/wp\/v2\/media?parent=13804"}],"wp:term":[{"taxonomy":"category","embeddable":true,"href":"https:\/\/www.clicars.com\/blog\/wp-json\/wp\/v2\/categories?post=13804"},{"taxonomy":"post_tag","embeddable":true,"href":"https:\/\/www.clicars.com\/blog\/wp-json\/wp\/v2\/tags?post=13804"}],"curies":[{"name":"wp","href":"https:\/\/api.w.org\/{rel}","templated":true}]}}