{"id":13819,"date":"2025-02-06T10:21:27","date_gmt":"2025-02-06T08:21:27","guid":{"rendered":"https:\/\/www.clicars.com\/blog\/?p=13819"},"modified":"2025-02-04T10:29:43","modified_gmt":"2025-02-04T08:29:43","slug":"nissan-y-mitsubishi-y-una-fusion-con-honda-que-podemos-esperar","status":"publish","type":"post","link":"https:\/\/www.clicars.com\/blog\/actualidad\/nissan-y-mitsubishi-y-una-fusion-con-honda-que-podemos-esperar\/","title":{"rendered":"Nissan y Mitsubishi y una fusi\u00f3n con Honda: \u00bfQu\u00e9 podemos esperar?"},"content":{"rendered":"<div id=\"ez-toc-container\" class=\"ez-toc-v2_0_80 counter-hierarchy ez-toc-counter ez-toc-light-blue ez-toc-container-direction\">\n<p class=\"ez-toc-title\" style=\"cursor:inherit\">\u00cdndice de contenidos<\/p>\n<label for=\"ez-toc-cssicon-toggle-item-69f4589020bf8\" class=\"ez-toc-cssicon-toggle-label\"><span class=\"ez-toc-cssicon\"><span class=\"eztoc-hide\" style=\"display:none;\">Toggle<\/span><span class=\"ez-toc-icon-toggle-span\"><svg style=\"fill: #999;color:#999\" xmlns=\"http:\/\/www.w3.org\/2000\/svg\" class=\"list-377408\" width=\"20px\" height=\"20px\" viewBox=\"0 0 24 24\" fill=\"none\"><path d=\"M6 6H4v2h2V6zm14 0H8v2h12V6zM4 11h2v2H4v-2zm16 0H8v2h12v-2zM4 16h2v2H4v-2zm16 0H8v2h12v-2z\" fill=\"currentColor\"><\/path><\/svg><svg style=\"fill: #999;color:#999\" class=\"arrow-unsorted-368013\" xmlns=\"http:\/\/www.w3.org\/2000\/svg\" width=\"10px\" height=\"10px\" viewBox=\"0 0 24 24\" version=\"1.2\" baseProfile=\"tiny\"><path d=\"M18.2 9.3l-6.2-6.3-6.2 6.3c-.2.2-.3.4-.3.7s.1.5.3.7c.2.2.4.3.7.3h11c.3 0 .5-.1.7-.3.2-.2.3-.5.3-.7s-.1-.5-.3-.7zM5.8 14.7l6.2 6.3 6.2-6.3c.2-.2.3-.5.3-.7s-.1-.5-.3-.7c-.2-.2-.4-.3-.7-.3h-11c-.3 0-.5.1-.7.3-.2.2-.3.5-.3.7s.1.5.3.7z\"\/><\/svg><\/span><\/span><\/label><input type=\"checkbox\"  id=\"ez-toc-cssicon-toggle-item-69f4589020bf8\"  aria-label=\"Alternar\" \/><nav><ul class='ez-toc-list ez-toc-list-level-1 ' ><li class='ez-toc-page-1 ez-toc-heading-level-2'><a class=\"ez-toc-link ez-toc-heading-1\" href=\"https:\/\/www.clicars.com\/blog\/actualidad\/nissan-y-mitsubishi-y-una-fusion-con-honda-que-podemos-esperar\/#%C2%BFEn_que_posicion_quedan_Honda_Nissan_Mitsubishi_y_Renault_con_un_trato\" >\u00bfEn qu\u00e9 posici\u00f3n quedan Honda, Nissan, Mitsubishi y Renault con un trato?<\/a><\/li><li class='ez-toc-page-1 ez-toc-heading-level-2'><a class=\"ez-toc-link ez-toc-heading-2\" href=\"https:\/\/www.clicars.com\/blog\/actualidad\/nissan-y-mitsubishi-y-una-fusion-con-honda-que-podemos-esperar\/#%C2%BFA_que_desafios_se_enfrentaria_este_nuevo_consorcio_automotriz\" >\u00bfA qu\u00e9 desaf\u00edos se enfrentar\u00eda este nuevo consorcio automotriz?<\/a><\/li><li class='ez-toc-page-1 ez-toc-heading-level-2'><a class=\"ez-toc-link ez-toc-heading-3\" href=\"https:\/\/www.clicars.com\/blog\/actualidad\/nissan-y-mitsubishi-y-una-fusion-con-honda-que-podemos-esperar\/#%C2%BFQue_beneficios_podria_traer_tener_a_tres_fabricantes_japoneses_fusionados\" >\u00bfQu\u00e9 beneficios podr\u00eda traer tener a tres fabricantes japoneses fusionados?<\/a><\/li><\/ul><\/nav><\/div>\n\n<p><span style=\"font-weight: 400;\">En el din\u00e1mico panorama de la industria automotriz, <a href=\"https:\/\/www.clicars.com\/coches-segunda-mano-ocasion\/honda\">Honda<\/a> y <a href=\"https:\/\/www.clicars.com\/coches-segunda-mano-ocasion\/nissan\">Nissan<\/a> <strong>han anunciado planes para una fusi\u00f3n hist\u00f3rica valorada en 58.000 millones de d\u00f3lares<\/strong>, con el objetivo de crear el tercer mayor fabricante de autom\u00f3viles del mundo para 2026, valorando tambi\u00e9n la llegada de <a href=\"https:\/\/www.clicars.com\/coches-segunda-mano-ocasion\/mitsubishi\">Mitsubishi<\/a> al consorcio.\u00a0<\/span><\/p>\n<p><span style=\"font-weight: 400;\">Este movimiento estrat\u00e9gico busca fortalecer su posici\u00f3n frente a competidores emergentes y aprovechar sinergias en \u00e1reas clave como la electrificaci\u00f3n y la conducci\u00f3n aut\u00f3noma. Ambas compa\u00f1\u00edas anticipan que la fusi\u00f3n generar\u00e1 un beneficio operativo de 3 billones de yenes (casi 20 millones de euros) mediante los ahorros de costes y la compartici\u00f3n de plataformas entre los veh\u00edculos de ambas marcas. En este contexto, <strong>el Grupo Renault, que posee una participaci\u00f3n del 36% en Nissan<\/strong>, est\u00e1 instando a la empresa japonesa a asegurar una prima m\u00e1s alta de Honda en las negociaciones de fusi\u00f3n.\u00a0<\/span><\/p>\n<h2><span class=\"ez-toc-section\" id=\"%C2%BFEn_que_posicion_quedan_Honda_Nissan_Mitsubishi_y_Renault_con_un_trato\"><\/span><span style=\"font-weight: 400;\">\u00bfEn qu\u00e9 posici\u00f3n quedan Honda, Nissan, Mitsubishi y Renault con un trato?<\/span><span class=\"ez-toc-section-end\"><\/span><\/h2>\n<p><span style=\"font-weight: 400;\"><a href=\"https:\/\/www.clicars.com\/coches-segunda-mano-ocasion\/renault\">Renault<\/a> ve esta fusi\u00f3n como una oportunidad para reducir su participaci\u00f3n en Nissan y as\u00ed <strong>centrarse en su propia recuperaci\u00f3n empresarial<\/strong>, que incluye planes para recortar cerca de 9.000 empleos y reducir su capacidad de producci\u00f3n en un 20 %. Mientras tanto, Mitsubishi Motors, que forma parte de la alianza Renault-Nissan-Mitsubishi, inform\u00f3 de primeras que estaba considerando no unirse a la fusi\u00f3n propuesta entre Honda y Nissan, lo que a\u00f1ade una capa adicional de complejidad a las negociaciones en curso.\u00a0<\/span><\/p>\n<p><span style=\"font-weight: 400;\">Sin embargo, posteriormente, <strong>la firma de los tres diamantes confirm\u00f3 su adhesi\u00f3n a las negociaciones, firmando un memorando de entendimiento con Honda y Nissan para explorar una posible integraci\u00f3n<\/strong>. Es importante destacar que, aunque Mitsubishi ha firmado dicho memorando de entendimiento para explorar la integraci\u00f3n, a\u00fan no ha tomado una decisi\u00f3n final sobre su participaci\u00f3n en la fusi\u00f3n. La empresa ha pospuesto su decisi\u00f3n hasta que Honda y Nissan aporten m\u00e1s detalles sobre el acuerdo.\u00a0<\/span><\/p>\n<p><span style=\"font-weight: 400;\">Las negociaciones entre Nissan y Honda para una posible fusi\u00f3n avanzan con el objetivo de <strong>determinar la direcci\u00f3n de esta integraci\u00f3n el primer trimestre de 2025<\/strong>, seg\u00fan ha anunciado Nissan recientemente. Ambas compa\u00f1\u00edas buscan consolidar sus operaciones para enfrentar la creciente competencia de los fabricantes chinos de <a href=\"https:\/\/www.clicars.com\/coches-segunda-mano-ocasion\/electrico\">veh\u00edculos el\u00e9ctricos<\/a>. Se espera que las conversaciones concluyan en junio, con la creaci\u00f3n de una sociedad holding y la exclusi\u00f3n de sus acciones de la bolsa para agosto de 2026.\u00a0<\/span><\/p>\n<p><img loading=\"lazy\" decoding=\"async\" class=\"aligncenter size-full wp-image-14126\" src=\"http:\/\/www.clicars.com\/blog\/wp-content\/uploads\/2025\/02\/fusion-honsa-nissan-y-mitsubishi.jpg\" alt=\"fusion honsa nissan y mitsubishi\" width=\"1200\" height=\"800\" srcset=\"https:\/\/www.clicars.com\/blog\/wp-content\/uploads\/2025\/02\/fusion-honsa-nissan-y-mitsubishi.jpg 1200w, https:\/\/www.clicars.com\/blog\/wp-content\/uploads\/2025\/02\/fusion-honsa-nissan-y-mitsubishi-300x200.jpg 300w, https:\/\/www.clicars.com\/blog\/wp-content\/uploads\/2025\/02\/fusion-honsa-nissan-y-mitsubishi-1024x683.jpg 1024w, https:\/\/www.clicars.com\/blog\/wp-content\/uploads\/2025\/02\/fusion-honsa-nissan-y-mitsubishi-768x512.jpg 768w, https:\/\/www.clicars.com\/blog\/wp-content\/uploads\/2025\/02\/fusion-honsa-nissan-y-mitsubishi-900x600.jpg 900w\" sizes=\"auto, (max-width: 1200px) 100vw, 1200px\" \/><\/p>\n<h2><span class=\"ez-toc-section\" id=\"%C2%BFA_que_desafios_se_enfrentaria_este_nuevo_consorcio_automotriz\"><\/span><span style=\"font-weight: 400;\">\u00bfA qu\u00e9 desaf\u00edos se enfrentar\u00eda este nuevo consorcio automotriz?<\/span><span class=\"ez-toc-section-end\"><\/span><\/h2>\n<p><span style=\"font-weight: 400;\">A pesar de las oportunidades que presenta esta fusi\u00f3n, existen desaf\u00edos significativos. La integraci\u00f3n de las operaciones y la necesidad de producir veh\u00edculos atractivos a precios competitivos son factores cr\u00edticos. Experiencias previas y recientes, como la fusi\u00f3n de PSA y FCA (Stellantis), demuestran que <strong>unir empresas no siempre garantiza la f\u00f3rmula del \u00e9xito<\/strong>. Si las condiciones no se cumplen, las fusiones pueden ser ineficaces. Pero, de resultar, podr\u00eda dar lugar al tercer mayor fabricante de veh\u00edculos del mundo por volumen de ventas.\u00a0<\/span><\/p>\n<h2><span class=\"ez-toc-section\" id=\"%C2%BFQue_beneficios_podria_traer_tener_a_tres_fabricantes_japoneses_fusionados\"><\/span><span style=\"font-weight: 400;\">\u00bfQu\u00e9 beneficios podr\u00eda traer tener a tres fabricantes japoneses fusionados?<\/span><span class=\"ez-toc-section-end\"><\/span><\/h2>\n<p><span style=\"font-weight: 400;\">M\u00e1s all\u00e1 de quedar tan solo por detr\u00e1s de <a href=\"https:\/\/www.clicars.com\/coches-segunda-mano-ocasion\/toyota\">Toyota<\/a> y <a href=\"https:\/\/www.clicars.com\/coches-segunda-mano-ocasion\/renault\/volkswagen\">Volkswagen<\/a> como mayor productor de veh\u00edculos en el mundo, la fusi\u00f3n entre Honda, Nissan y Mitsubishi <strong>promete generar una serie de beneficios estrat\u00e9gicos y operativos<\/strong> para las compa\u00f1\u00edas involucradas que podr\u00e1n competir de manera m\u00e1s efectiva en el mercado mundial.<\/span><\/p>\n<p><span style=\"font-weight: 400;\">La fusi\u00f3n <strong>facilitar\u00eda la combinaci\u00f3n de funciones de investigaci\u00f3n y desarrollo<\/strong>, permitiendo compartir conocimientos y tecnolog\u00edas. Esto acelerar\u00eda la innovaci\u00f3n, sobre todo en \u00e1reas emergentes como la electrificaci\u00f3n y la conducci\u00f3n aut\u00f3noma. Adem\u00e1s, la <strong>estandarizaci\u00f3n de plataformas de coches y la consolidaci\u00f3n de la cadena de suministro<\/strong> dar\u00edan econom\u00edas de escala significativas. Esto resultar\u00eda en una reducci\u00f3n de costos de producci\u00f3n y una mayor eficiencia operativa.\u00a0<\/span><\/p>\n<p><span style=\"font-weight: 400;\">Asimismo, la fusi\u00f3n permitir\u00eda al tr\u00edo de empresas <strong>combinar sus recursos para acelerar el desarrollo y la producci\u00f3n de el\u00e9ctricos<\/strong>, fortaleciendo su posici\u00f3n frente a los competidores como Tesla y los fabricantes chinos. Al unir fuerzas, tambi\u00e9n las compa\u00f1\u00edas podr\u00edan <strong>mejorar su competitividad en los mercados internacionales<\/strong>, ofreciendo veh\u00edculos m\u00e1s eficientes y accesibles para los consumidores al mejorar la gesti\u00f3n de la cadena de suministro, reduciendo redundancias y mejorando la eficiencia log\u00edstica.<\/span><\/p>\n<p><span style=\"font-weight: 400;\">En resumidas cuentas, la fusi\u00f3n entre Nissan y Honda, con la posible inclusi\u00f3n de Mitsubishi, <strong>representa un movimiento estrat\u00e9gico significativo en la industria automotriz japonesa y en el panorama global<\/strong>. Sin embargo, las negociaciones en curso, las preocupaciones de Renault y los desaf\u00edos inherentes a la integraci\u00f3n de grandes corporaciones sugieren que el camino hacia una fusi\u00f3n exitosa estar\u00e1 lleno de complejidades. Pero si la fusi\u00f3n de Honda, Nissan y potencialmente Mitsubishi se da, podr\u00eda generar beneficios significativos en t\u00e9rminos de escala, innovaci\u00f3n y competitividad en el mercado automotriz global.<\/span><\/p>\n","protected":false},"excerpt":{"rendered":"<p>En el din\u00e1mico panorama de la industria automotriz, Honda y Nissan han anunciado planes para&#8230;<\/p>\n","protected":false},"author":9,"featured_media":14125,"comment_status":"closed","ping_status":"closed","sticky":false,"template":"","format":"standard","meta":{"footnotes":""},"categories":[5],"tags":[],"class_list":{"0":"post-13819","1":"post","2":"type-post","3":"status-publish","4":"format-standard","5":"has-post-thumbnail","7":"category-actualidad"},"yoast_head":"<!-- This site is optimized with the Yoast SEO plugin v26.8 - https:\/\/yoast.com\/product\/yoast-seo-wordpress\/ -->\n<title>Nissan y Mitsubishi y una fusi\u00f3n con Honda - Clicars Blog<\/title>\n<meta name=\"description\" content=\"Honda y Nissan han anunciado planes para una fusi\u00f3n hist\u00f3rica que les otorgar\u00eda el tercer puesto de los fabricantes m\u00e1s grandes del mundo.\" \/>\n<meta name=\"robots\" content=\"index, follow, max-snippet:-1, max-image-preview:large, max-video-preview:-1\" \/>\n<link rel=\"canonical\" href=\"https:\/\/www.clicars.com\/blog\/actualidad\/nissan-y-mitsubishi-y-una-fusion-con-honda-que-podemos-esperar\/\" \/>\n<meta property=\"og:locale\" content=\"es_ES\" \/>\n<meta property=\"og:type\" content=\"article\" \/>\n<meta property=\"og:title\" content=\"Nissan y Mitsubishi y una fusi\u00f3n con Honda - Clicars Blog\" \/>\n<meta property=\"og:description\" content=\"Honda y Nissan han anunciado planes para una fusi\u00f3n hist\u00f3rica que les otorgar\u00eda el tercer puesto de los fabricantes m\u00e1s grandes del mundo.\" \/>\n<meta property=\"og:url\" content=\"https:\/\/www.clicars.com\/blog\/actualidad\/nissan-y-mitsubishi-y-una-fusion-con-honda-que-podemos-esperar\/\" \/>\n<meta property=\"og:site_name\" content=\"Clicars\" \/>\n<meta property=\"article:published_time\" content=\"2025-02-06T08:21:27+00:00\" \/>\n<meta property=\"og:image\" content=\"https:\/\/www.clicars.com\/blog\/wp-content\/uploads\/2025\/02\/Fusion-entre-honda-y-nissan-1.jpg\" \/>\n\t<meta property=\"og:image:width\" content=\"1200\" \/>\n\t<meta property=\"og:image:height\" content=\"800\" \/>\n\t<meta property=\"og:image:type\" content=\"image\/jpeg\" \/>\n<meta name=\"author\" content=\"Luis Bl\u00e1zquez\" \/>\n<meta name=\"twitter:card\" content=\"summary_large_image\" \/>\n<meta name=\"twitter:label1\" content=\"Escrito por\" \/>\n\t<meta name=\"twitter:data1\" content=\"Luis Bl\u00e1zquez\" \/>\n\t<meta name=\"twitter:label2\" content=\"Tiempo de lectura\" \/>\n\t<meta name=\"twitter:data2\" content=\"4 minutos\" \/>\n<script type=\"application\/ld+json\" class=\"yoast-schema-graph\">{\"@context\":\"https:\/\/schema.org\",\"@graph\":[{\"@type\":\"Article\",\"@id\":\"https:\/\/www.clicars.com\/blog\/actualidad\/nissan-y-mitsubishi-y-una-fusion-con-honda-que-podemos-esperar\/#article\",\"isPartOf\":{\"@id\":\"https:\/\/www.clicars.com\/blog\/actualidad\/nissan-y-mitsubishi-y-una-fusion-con-honda-que-podemos-esperar\/\"},\"author\":{\"name\":\"Luis Bl\u00e1zquez\",\"@id\":\"https:\/\/www.clicars.com\/blog\/#\/schema\/person\/c89c17578baf7e98a71929208c7fcc7f\"},\"headline\":\"Nissan y Mitsubishi y una fusi\u00f3n con Honda: \u00bfQu\u00e9 podemos esperar?\",\"datePublished\":\"2025-02-06T08:21:27+00:00\",\"mainEntityOfPage\":{\"@id\":\"https:\/\/www.clicars.com\/blog\/actualidad\/nissan-y-mitsubishi-y-una-fusion-con-honda-que-podemos-esperar\/\"},\"wordCount\":871,\"image\":{\"@id\":\"https:\/\/www.clicars.com\/blog\/actualidad\/nissan-y-mitsubishi-y-una-fusion-con-honda-que-podemos-esperar\/#primaryimage\"},\"thumbnailUrl\":\"https:\/\/www.clicars.com\/blog\/wp-content\/uploads\/2025\/02\/Fusion-entre-honda-y-nissan-1.jpg\",\"articleSection\":[\"Actualidad\"],\"inLanguage\":\"es\"},{\"@type\":[\"WebPage\",\"ItemPage\"],\"@id\":\"https:\/\/www.clicars.com\/blog\/actualidad\/nissan-y-mitsubishi-y-una-fusion-con-honda-que-podemos-esperar\/\",\"url\":\"https:\/\/www.clicars.com\/blog\/actualidad\/nissan-y-mitsubishi-y-una-fusion-con-honda-que-podemos-esperar\/\",\"name\":\"Nissan y Mitsubishi y una fusi\u00f3n con Honda - Clicars Blog\",\"isPartOf\":{\"@id\":\"https:\/\/www.clicars.com\/blog\/#website\"},\"primaryImageOfPage\":{\"@id\":\"https:\/\/www.clicars.com\/blog\/actualidad\/nissan-y-mitsubishi-y-una-fusion-con-honda-que-podemos-esperar\/#primaryimage\"},\"image\":{\"@id\":\"https:\/\/www.clicars.com\/blog\/actualidad\/nissan-y-mitsubishi-y-una-fusion-con-honda-que-podemos-esperar\/#primaryimage\"},\"thumbnailUrl\":\"https:\/\/www.clicars.com\/blog\/wp-content\/uploads\/2025\/02\/Fusion-entre-honda-y-nissan-1.jpg\",\"datePublished\":\"2025-02-06T08:21:27+00:00\",\"author\":{\"@id\":\"https:\/\/www.clicars.com\/blog\/#\/schema\/person\/c89c17578baf7e98a71929208c7fcc7f\"},\"description\":\"Honda y Nissan han anunciado planes para una fusi\u00f3n hist\u00f3rica que les otorgar\u00eda el tercer puesto de los fabricantes m\u00e1s grandes del mundo.\",\"breadcrumb\":{\"@id\":\"https:\/\/www.clicars.com\/blog\/actualidad\/nissan-y-mitsubishi-y-una-fusion-con-honda-que-podemos-esperar\/#breadcrumb\"},\"inLanguage\":\"es\",\"potentialAction\":[{\"@type\":\"ReadAction\",\"target\":[\"https:\/\/www.clicars.com\/blog\/actualidad\/nissan-y-mitsubishi-y-una-fusion-con-honda-que-podemos-esperar\/\"]}]},{\"@type\":\"ImageObject\",\"inLanguage\":\"es\",\"@id\":\"https:\/\/www.clicars.com\/blog\/actualidad\/nissan-y-mitsubishi-y-una-fusion-con-honda-que-podemos-esperar\/#primaryimage\",\"url\":\"https:\/\/www.clicars.com\/blog\/wp-content\/uploads\/2025\/02\/Fusion-entre-honda-y-nissan-1.jpg\",\"contentUrl\":\"https:\/\/www.clicars.com\/blog\/wp-content\/uploads\/2025\/02\/Fusion-entre-honda-y-nissan-1.jpg\",\"width\":1200,\"height\":800,\"caption\":\"Fusion entre honda y nissan (1)\"},{\"@type\":\"BreadcrumbList\",\"@id\":\"https:\/\/www.clicars.com\/blog\/actualidad\/nissan-y-mitsubishi-y-una-fusion-con-honda-que-podemos-esperar\/#breadcrumb\",\"itemListElement\":[{\"@type\":\"ListItem\",\"position\":1,\"name\":\"Portada\",\"item\":\"https:\/\/www.clicars.com\/blog\/\"},{\"@type\":\"ListItem\",\"position\":2,\"name\":\"Nissan y Mitsubishi y una fusi\u00f3n con Honda: \u00bfQu\u00e9 podemos esperar?\"}]},{\"@type\":\"WebSite\",\"@id\":\"https:\/\/www.clicars.com\/blog\/#website\",\"url\":\"https:\/\/www.clicars.com\/blog\/\",\"name\":\"Clicars\",\"description\":\"Compra tu coche de Buena Mano sin moverte de casa\",\"inLanguage\":\"es\"},{\"@type\":\"Person\",\"@id\":\"https:\/\/www.clicars.com\/blog\/#\/schema\/person\/c89c17578baf7e98a71929208c7fcc7f\",\"name\":\"Luis Bl\u00e1zquez\",\"image\":{\"@type\":\"ImageObject\",\"inLanguage\":\"es\",\"@id\":\"https:\/\/www.clicars.com\/blog\/#\/schema\/person\/image\/\",\"url\":\"https:\/\/secure.gravatar.com\/avatar\/5214422833f62ac5eff4b49b98cf2bb3da6d1c0bd202eb91b732410ef94c8981?s=96&d=mm&r=g\",\"contentUrl\":\"https:\/\/secure.gravatar.com\/avatar\/5214422833f62ac5eff4b49b98cf2bb3da6d1c0bd202eb91b732410ef94c8981?s=96&d=mm&r=g\",\"caption\":\"Luis Bl\u00e1zquez\"},\"description\":\"Apasionado de todo lo que tenga ruedas previamente a tener uso de raz\u00f3n. Por mis venas corre la gasolina que me permite plasmar con palabras cualquier asunto relacionado con el mundo de la automoci\u00f3n. Para algunos dos m\u00e1s dos son cuatro; para m\u00ed, es un coche.\",\"sameAs\":[\"https:\/\/es.linkedin.com\/in\/luis-bl\u00e1zquez-b7b5ba207\"],\"url\":\"https:\/\/www.clicars.com\/blog\/author\/luis-blazquez\/\"}]}<\/script>\n<!-- \/ Yoast SEO plugin. -->","yoast_head_json":{"title":"Nissan y Mitsubishi y una fusi\u00f3n con Honda - Clicars Blog","description":"Honda y Nissan han anunciado planes para una fusi\u00f3n hist\u00f3rica que les otorgar\u00eda el tercer puesto de los fabricantes m\u00e1s grandes del mundo.","robots":{"index":"index","follow":"follow","max-snippet":"max-snippet:-1","max-image-preview":"max-image-preview:large","max-video-preview":"max-video-preview:-1"},"canonical":"https:\/\/www.clicars.com\/blog\/actualidad\/nissan-y-mitsubishi-y-una-fusion-con-honda-que-podemos-esperar\/","og_locale":"es_ES","og_type":"article","og_title":"Nissan y Mitsubishi y una fusi\u00f3n con Honda - Clicars Blog","og_description":"Honda y Nissan han anunciado planes para una fusi\u00f3n hist\u00f3rica que les otorgar\u00eda el tercer puesto de los fabricantes m\u00e1s grandes del mundo.","og_url":"https:\/\/www.clicars.com\/blog\/actualidad\/nissan-y-mitsubishi-y-una-fusion-con-honda-que-podemos-esperar\/","og_site_name":"Clicars","article_published_time":"2025-02-06T08:21:27+00:00","og_image":[{"width":1200,"height":800,"url":"https:\/\/www.clicars.com\/blog\/wp-content\/uploads\/2025\/02\/Fusion-entre-honda-y-nissan-1.jpg","type":"image\/jpeg"}],"author":"Luis Bl\u00e1zquez","twitter_card":"summary_large_image","twitter_misc":{"Escrito por":"Luis Bl\u00e1zquez","Tiempo de lectura":"4 minutos"},"schema":{"@context":"https:\/\/schema.org","@graph":[{"@type":"Article","@id":"https:\/\/www.clicars.com\/blog\/actualidad\/nissan-y-mitsubishi-y-una-fusion-con-honda-que-podemos-esperar\/#article","isPartOf":{"@id":"https:\/\/www.clicars.com\/blog\/actualidad\/nissan-y-mitsubishi-y-una-fusion-con-honda-que-podemos-esperar\/"},"author":{"name":"Luis Bl\u00e1zquez","@id":"https:\/\/www.clicars.com\/blog\/#\/schema\/person\/c89c17578baf7e98a71929208c7fcc7f"},"headline":"Nissan y Mitsubishi y una fusi\u00f3n con Honda: \u00bfQu\u00e9 podemos esperar?","datePublished":"2025-02-06T08:21:27+00:00","mainEntityOfPage":{"@id":"https:\/\/www.clicars.com\/blog\/actualidad\/nissan-y-mitsubishi-y-una-fusion-con-honda-que-podemos-esperar\/"},"wordCount":871,"image":{"@id":"https:\/\/www.clicars.com\/blog\/actualidad\/nissan-y-mitsubishi-y-una-fusion-con-honda-que-podemos-esperar\/#primaryimage"},"thumbnailUrl":"https:\/\/www.clicars.com\/blog\/wp-content\/uploads\/2025\/02\/Fusion-entre-honda-y-nissan-1.jpg","articleSection":["Actualidad"],"inLanguage":"es"},{"@type":["WebPage","ItemPage"],"@id":"https:\/\/www.clicars.com\/blog\/actualidad\/nissan-y-mitsubishi-y-una-fusion-con-honda-que-podemos-esperar\/","url":"https:\/\/www.clicars.com\/blog\/actualidad\/nissan-y-mitsubishi-y-una-fusion-con-honda-que-podemos-esperar\/","name":"Nissan y Mitsubishi y una fusi\u00f3n con Honda - Clicars Blog","isPartOf":{"@id":"https:\/\/www.clicars.com\/blog\/#website"},"primaryImageOfPage":{"@id":"https:\/\/www.clicars.com\/blog\/actualidad\/nissan-y-mitsubishi-y-una-fusion-con-honda-que-podemos-esperar\/#primaryimage"},"image":{"@id":"https:\/\/www.clicars.com\/blog\/actualidad\/nissan-y-mitsubishi-y-una-fusion-con-honda-que-podemos-esperar\/#primaryimage"},"thumbnailUrl":"https:\/\/www.clicars.com\/blog\/wp-content\/uploads\/2025\/02\/Fusion-entre-honda-y-nissan-1.jpg","datePublished":"2025-02-06T08:21:27+00:00","author":{"@id":"https:\/\/www.clicars.com\/blog\/#\/schema\/person\/c89c17578baf7e98a71929208c7fcc7f"},"description":"Honda y Nissan han anunciado planes para una fusi\u00f3n hist\u00f3rica que les otorgar\u00eda el tercer puesto de los fabricantes m\u00e1s grandes del mundo.","breadcrumb":{"@id":"https:\/\/www.clicars.com\/blog\/actualidad\/nissan-y-mitsubishi-y-una-fusion-con-honda-que-podemos-esperar\/#breadcrumb"},"inLanguage":"es","potentialAction":[{"@type":"ReadAction","target":["https:\/\/www.clicars.com\/blog\/actualidad\/nissan-y-mitsubishi-y-una-fusion-con-honda-que-podemos-esperar\/"]}]},{"@type":"ImageObject","inLanguage":"es","@id":"https:\/\/www.clicars.com\/blog\/actualidad\/nissan-y-mitsubishi-y-una-fusion-con-honda-que-podemos-esperar\/#primaryimage","url":"https:\/\/www.clicars.com\/blog\/wp-content\/uploads\/2025\/02\/Fusion-entre-honda-y-nissan-1.jpg","contentUrl":"https:\/\/www.clicars.com\/blog\/wp-content\/uploads\/2025\/02\/Fusion-entre-honda-y-nissan-1.jpg","width":1200,"height":800,"caption":"Fusion entre honda y nissan (1)"},{"@type":"BreadcrumbList","@id":"https:\/\/www.clicars.com\/blog\/actualidad\/nissan-y-mitsubishi-y-una-fusion-con-honda-que-podemos-esperar\/#breadcrumb","itemListElement":[{"@type":"ListItem","position":1,"name":"Portada","item":"https:\/\/www.clicars.com\/blog\/"},{"@type":"ListItem","position":2,"name":"Nissan y Mitsubishi y una fusi\u00f3n con Honda: \u00bfQu\u00e9 podemos esperar?"}]},{"@type":"WebSite","@id":"https:\/\/www.clicars.com\/blog\/#website","url":"https:\/\/www.clicars.com\/blog\/","name":"Clicars","description":"Compra tu coche de Buena Mano sin moverte de casa","inLanguage":"es"},{"@type":"Person","@id":"https:\/\/www.clicars.com\/blog\/#\/schema\/person\/c89c17578baf7e98a71929208c7fcc7f","name":"Luis Bl\u00e1zquez","image":{"@type":"ImageObject","inLanguage":"es","@id":"https:\/\/www.clicars.com\/blog\/#\/schema\/person\/image\/","url":"https:\/\/secure.gravatar.com\/avatar\/5214422833f62ac5eff4b49b98cf2bb3da6d1c0bd202eb91b732410ef94c8981?s=96&d=mm&r=g","contentUrl":"https:\/\/secure.gravatar.com\/avatar\/5214422833f62ac5eff4b49b98cf2bb3da6d1c0bd202eb91b732410ef94c8981?s=96&d=mm&r=g","caption":"Luis Bl\u00e1zquez"},"description":"Apasionado de todo lo que tenga ruedas previamente a tener uso de raz\u00f3n. Por mis venas corre la gasolina que me permite plasmar con palabras cualquier asunto relacionado con el mundo de la automoci\u00f3n. Para algunos dos m\u00e1s dos son cuatro; para m\u00ed, es un coche.","sameAs":["https:\/\/es.linkedin.com\/in\/luis-bl\u00e1zquez-b7b5ba207"],"url":"https:\/\/www.clicars.com\/blog\/author\/luis-blazquez\/"}]}},"_links":{"self":[{"href":"https:\/\/www.clicars.com\/blog\/wp-json\/wp\/v2\/posts\/13819","targetHints":{"allow":["GET"]}}],"collection":[{"href":"https:\/\/www.clicars.com\/blog\/wp-json\/wp\/v2\/posts"}],"about":[{"href":"https:\/\/www.clicars.com\/blog\/wp-json\/wp\/v2\/types\/post"}],"author":[{"embeddable":true,"href":"https:\/\/www.clicars.com\/blog\/wp-json\/wp\/v2\/users\/9"}],"replies":[{"embeddable":true,"href":"https:\/\/www.clicars.com\/blog\/wp-json\/wp\/v2\/comments?post=13819"}],"version-history":[{"count":5,"href":"https:\/\/www.clicars.com\/blog\/wp-json\/wp\/v2\/posts\/13819\/revisions"}],"predecessor-version":[{"id":14128,"href":"https:\/\/www.clicars.com\/blog\/wp-json\/wp\/v2\/posts\/13819\/revisions\/14128"}],"wp:featuredmedia":[{"embeddable":true,"href":"https:\/\/www.clicars.com\/blog\/wp-json\/wp\/v2\/media\/14125"}],"wp:attachment":[{"href":"https:\/\/www.clicars.com\/blog\/wp-json\/wp\/v2\/media?parent=13819"}],"wp:term":[{"taxonomy":"category","embeddable":true,"href":"https:\/\/www.clicars.com\/blog\/wp-json\/wp\/v2\/categories?post=13819"},{"taxonomy":"post_tag","embeddable":true,"href":"https:\/\/www.clicars.com\/blog\/wp-json\/wp\/v2\/tags?post=13819"}],"curies":[{"name":"wp","href":"https:\/\/api.w.org\/{rel}","templated":true}]}}