{"id":13831,"date":"2024-12-26T13:50:24","date_gmt":"2024-12-26T11:50:24","guid":{"rendered":"https:\/\/www.clicars.com\/blog\/?p=13831"},"modified":"2024-12-26T13:50:24","modified_gmt":"2024-12-26T11:50:24","slug":"medidas-del-peugeot-308","status":"publish","type":"post","link":"https:\/\/www.clicars.com\/blog\/comparativa\/medidas-del-peugeot-308\/","title":{"rendered":"Medidas del Peugeot 308"},"content":{"rendered":"<div id=\"ez-toc-container\" class=\"ez-toc-v2_0_80 counter-hierarchy ez-toc-counter ez-toc-light-blue ez-toc-container-direction\">\n<p class=\"ez-toc-title\" style=\"cursor:inherit\">\u00cdndice de contenidos<\/p>\n<label for=\"ez-toc-cssicon-toggle-item-69f34305089e7\" class=\"ez-toc-cssicon-toggle-label\"><span class=\"ez-toc-cssicon\"><span class=\"eztoc-hide\" style=\"display:none;\">Toggle<\/span><span class=\"ez-toc-icon-toggle-span\"><svg style=\"fill: #999;color:#999\" xmlns=\"http:\/\/www.w3.org\/2000\/svg\" class=\"list-377408\" width=\"20px\" height=\"20px\" viewBox=\"0 0 24 24\" fill=\"none\"><path d=\"M6 6H4v2h2V6zm14 0H8v2h12V6zM4 11h2v2H4v-2zm16 0H8v2h12v-2zM4 16h2v2H4v-2zm16 0H8v2h12v-2z\" fill=\"currentColor\"><\/path><\/svg><svg style=\"fill: #999;color:#999\" class=\"arrow-unsorted-368013\" xmlns=\"http:\/\/www.w3.org\/2000\/svg\" width=\"10px\" height=\"10px\" viewBox=\"0 0 24 24\" version=\"1.2\" baseProfile=\"tiny\"><path d=\"M18.2 9.3l-6.2-6.3-6.2 6.3c-.2.2-.3.4-.3.7s.1.5.3.7c.2.2.4.3.7.3h11c.3 0 .5-.1.7-.3.2-.2.3-.5.3-.7s-.1-.5-.3-.7zM5.8 14.7l6.2 6.3 6.2-6.3c.2-.2.3-.5.3-.7s-.1-.5-.3-.7c-.2-.2-.4-.3-.7-.3h-11c-.3 0-.5.1-.7.3-.2.2-.3.5-.3.7s.1.5.3.7z\"\/><\/svg><\/span><\/span><\/label><input type=\"checkbox\"  id=\"ez-toc-cssicon-toggle-item-69f34305089e7\"  aria-label=\"Alternar\" \/><nav><ul class='ez-toc-list ez-toc-list-level-1 ' ><li class='ez-toc-page-1 ez-toc-heading-level-2'><a class=\"ez-toc-link ez-toc-heading-1\" href=\"https:\/\/www.clicars.com\/blog\/comparativa\/medidas-del-peugeot-308\/#Medidas_exteriores_del_Peugeot_308\" >Medidas exteriores del Peugeot 308<\/a><\/li><li class='ez-toc-page-1 ez-toc-heading-level-2'><a class=\"ez-toc-link ez-toc-heading-2\" href=\"https:\/\/www.clicars.com\/blog\/comparativa\/medidas-del-peugeot-308\/#%C2%BFEs_el_Peugeot_308_un_coche_grande\" >\u00bfEs el Peugeot 308 un coche grande?<\/a><\/li><li class='ez-toc-page-1 ez-toc-heading-level-2'><a class=\"ez-toc-link ez-toc-heading-3\" href=\"https:\/\/www.clicars.com\/blog\/comparativa\/medidas-del-peugeot-308\/#Espacio_interior_del_Peugeot_308\" >Espacio interior del Peugeot 308<\/a><\/li><li class='ez-toc-page-1 ez-toc-heading-level-2'><a class=\"ez-toc-link ez-toc-heading-4\" href=\"https:\/\/www.clicars.com\/blog\/comparativa\/medidas-del-peugeot-308\/#Capacidad_del_maletero_del_Peugeot_308\" >Capacidad del maletero del Peugeot 308<\/a><\/li><li class='ez-toc-page-1 ez-toc-heading-level-2'><a class=\"ez-toc-link ez-toc-heading-5\" href=\"https:\/\/www.clicars.com\/blog\/comparativa\/medidas-del-peugeot-308\/#%C2%BFEs_el_Peugeot_308_una_buena_opcion_para_el_dia_a_dia_y_viajes\" >\u00bfEs el Peugeot 308 una buena opci\u00f3n para el d\u00eda a d\u00eda y viajes?<\/a><\/li><\/ul><\/nav><\/div>\n\n<p>Puestos a elegir, parece que <strong>Peugeot<\/strong> no encontr\u00f3 ning\u00fan modelo mejor que<strong> el m\u00edtico 308<\/strong> para estrenar su<strong> nueva imagen de marca.<\/strong> Con un logo mucho m\u00e1s grande, encuadrado dentro de una especie de rombo, el fabricante franc\u00e9s aprovech\u00f3 el estreno de la nueva generaci\u00f3n de este compacto para renovarse; tambi\u00e9n, a nivel visual. <strong>El Peugeot 308 ofrece un dise\u00f1o con evidentes tintes deportivos<\/strong>, que se mantienen en la l\u00ednea de los lanzamientos m\u00e1s recientes de la marca. Pero adem\u00e1s, el cambio de filosof\u00eda tambi\u00e9n ha influido en<strong> la calidad de construcci\u00f3n de los modelos y su tama\u00f1o,<\/strong> con el fin de obtener un incremento de \u00e9xito en el mercado.<\/p>\n<h2><span class=\"ez-toc-section\" id=\"Medidas_exteriores_del_Peugeot_308\"><\/span><span style=\"font-weight: 400;\">Medidas exteriores del Peugeot 308<\/span><span class=\"ez-toc-section-end\"><\/span><\/h2>\n<p>Peugeot ha aprovechado el exterior del 308 para hacer visible, desde el primer vistazo, un cambio de filosof\u00eda que ofrece <strong>un lenguaje deportivo y muy personal.\u00a0<\/strong>En su \u00faltima generaci\u00f3n, este compacto ya no ofrece la posibilidad de una carrocer\u00eda con tres puertas o descapotable, pero s\u00ed se vuelve a presentar con<strong> unas medidas muy atractivas\u00a0<\/strong>que se adaptan a todas las necesidades. Dicho de otra manera, este prototipo ofrece una combinaci\u00f3n de dise\u00f1o estilizado, con <strong>dimensiones optimizadas<\/strong> tanto para la ciudad como para los trayectos largos.<\/p>\n<p>As\u00ed lo demuestran las<strong> medidas exteriores del Peugeot 308<\/strong>. Este compacto exhibe un equilibrio perfecto entre maniobrabilidad y espacio interior, gracias a sus<strong> 4,37 metros de longitud, 185 metros de anchura y 1,44 metros de altura.\u00a0<\/strong>Pero el ic\u00f3nico modelo del fabricante franc\u00e9s va m\u00e1s all\u00e1: si estamos buscando m\u00e1s espacio y un uso m\u00e1s familiar, esa combinaci\u00f3n es posible gracias al <b>Peugeot 308 SW<\/b>. Con una carrocer\u00eda familiar, el 308 <b>crece hasta los 4,64 metros\u00a0<\/b>para adaptarse a todas las necesidades.<\/p>\n<h2><span style=\"font-weight: 400;\"><img loading=\"lazy\" decoding=\"async\" class=\"aligncenter size-full wp-image-13933\" src=\"http:\/\/www.clicars.com\/blog\/wp-content\/uploads\/2024\/12\/tamano-peugeot-308.png\" alt=\"Tama\u00f1o Peugeot 308\" width=\"900\" height=\"600\" srcset=\"https:\/\/www.clicars.com\/blog\/wp-content\/uploads\/2024\/12\/tamano-peugeot-308.png 900w, https:\/\/www.clicars.com\/blog\/wp-content\/uploads\/2024\/12\/tamano-peugeot-308-300x200.png 300w, https:\/\/www.clicars.com\/blog\/wp-content\/uploads\/2024\/12\/tamano-peugeot-308-768x512.png 768w\" sizes=\"auto, (max-width: 900px) 100vw, 900px\" \/><\/span><\/h2>\n<h2><span class=\"ez-toc-section\" id=\"%C2%BFEs_el_Peugeot_308_un_coche_grande\"><\/span><span style=\"font-weight: 400;\">\u00bfEs el Peugeot 308 un coche grande?<\/span><span class=\"ez-toc-section-end\"><\/span><\/h2>\n<p>Las medidas de cualquier veh\u00edculo que est\u00e9 encasillado dentro de los coches compactos resultan fundamentales. Una de las cualidades que se le atribuye a este tipo de coches es<strong> su practicidad,<\/strong> especialmente en el d\u00eda a d\u00eda dentro del entorno urbano, y de ah\u00ed que<strong> su tama\u00f1o<\/strong> en ciertas ocasiones ayude al conductor a la hora de inclinar la balanza si est\u00e1 pensando en cambiar de coche.<\/p>\n<p data-p-index=\"2\">Entre toda la gama de coches compactos que ofrece el mercado, el Peugeot 308 tiene tres grandes modelos que aspiran a rivalizar con el prototipo franc\u00e9s. El <strong>Volkswagen Golf, el Ford Focus y el SEAT Le\u00f3n<\/strong> compiten directamente con el compacto de Peugeot y a nivel de tama\u00f1o, apenas existen diferencias entre ellos. Por lo tanto, a pesar de todas las renovaciones que han llegado con esta nueva generaci\u00f3n, el fabricante franc\u00e9s ha sabido mantener al 308 dentro de los est\u00e1ndares de un compacto como demuestran las medidas.<\/p>\n<table style=\"height: 251px;\" width=\"439\">\n<thead>\n<tr>\n<th><strong>Modelo<\/strong><\/th>\n<th><strong>Longitud<\/strong><\/th>\n<th><strong>Anchura\u00a0<\/strong><\/th>\n<th><strong>Altura<\/strong><\/th>\n<th><\/th>\n<\/tr>\n<\/thead>\n<tbody>\n<tr>\n<td><strong>Peugeot 308<\/strong><\/td>\n<td>4,37 metros<\/td>\n<td>1,85 metros<\/td>\n<td>1,44 metros<\/td>\n<td><\/td>\n<\/tr>\n<tr>\n<td><strong>Volkswagen Golf<\/strong><\/td>\n<td>4,28 metros<\/td>\n<td>1,79 metros<\/td>\n<td>1,50 metros<\/td>\n<td><\/td>\n<\/tr>\n<tr>\n<td><strong>Ford Focus<\/strong><\/td>\n<td>4,38 metros<\/td>\n<td>1,82 metros<\/td>\n<td>1,45 metros<\/td>\n<td><\/td>\n<\/tr>\n<tr>\n<td><strong>SEAT Le\u00f3n<\/strong><\/td>\n<td>4,37 metros<\/td>\n<td>1,80 metros<\/td>\n<td>1,46 metros<\/td>\n<td><\/td>\n<\/tr>\n<\/tbody>\n<\/table>\n<h2 data-p-index=\"-1\"><span class=\"ez-toc-section\" id=\"Espacio_interior_del_Peugeot_308\"><\/span>Espacio interior del Peugeot 308<span class=\"ez-toc-section-end\"><\/span><\/h2>\n<p data-p-index=\"10\">A nivel <strong>de dise\u00f1o interior, el Peugeot 308<\/strong> tambi\u00e9n se ha renovado. El compacto franc\u00e9s ofrece<strong> una l\u00ednea atractiva y elegante<\/strong>, que se complementa con ciertos toques deportivos relacionados con su aspecto exterior. A trav\u00e9s de esa combinaci\u00f3n, la marca ha buscado la manera de ofrecer un nuevo enfoque premium como demuestran los detalles. Y es que en su habit\u00e1culo, la nueva generaci\u00f3n presenta unos<strong> revestimientos cuidadosamente dise\u00f1ados\u00a0<\/strong>a los que se a\u00f1aden los elementos digitalizados y tambi\u00e9n, algunos accesos en formato f\u00edsico.<\/p>\n<p data-p-index=\"11\">M\u00e1s all\u00e1 de lo que puede ofrecer <strong>el Peugeot 308 a nivel visual<\/strong> en su interior, otro aspecto muy importante es todo lo relacionado con el espacio interior. <strong>La habitabilidad de este compacto es buena<\/strong>, ya que el espacio disponible para las plazas delanteras y las traseras durante cualquier desplazamiento es m\u00e1s que suficiente. Aunque como suele ocurrir en la mayor\u00eda de casos, cuando nos vamos a la parte de atr\u00e1s, siempre es preferible que viajen tan solo dos personas (en el caso de que sean adultos) y no se ocupen los asientos al completo.<\/p>\n<p data-p-index=\"11\">Pero m\u00e1s all\u00e1 de las preferencias, la realidad demuestra c\u00f3mo los<strong> asientos delanteros<\/strong> est\u00e1n dise\u00f1ados para <strong>la comodidad de los pasajeros,<\/strong> a trav\u00e9s de los diferentes ajustes, especialmente en trayectos largos. Algo que tambi\u00e9n ocurre en las plazas traseras, incluso cuando viajan adultos de estatura media.<\/p>\n<h2><span class=\"ez-toc-section\" id=\"Capacidad_del_maletero_del_Peugeot_308\"><\/span><span style=\"font-weight: 400;\">Capacidad del maletero del Peugeot 308<\/span><span class=\"ez-toc-section-end\"><\/span><\/h2>\n<p data-p-index=\"12\">Para terminar de descubrir las medidas del<strong> Peugeot 308,<\/strong> solo nos falta conocer cu\u00e1l es la capacidad del maletero de este compacto. Cuando hablamos de almacenamiento, el fabricante franc\u00e9s ha dotado a este modelo de un maletero que ofrece<strong> 412 litros de carga<\/strong> (si necesitas llevar m\u00e1s equipaje, los asientos traseros abatibles permiten ampliar el maletero hasta 1.323 litros), alguno menos que en anteriores generaciones, pero <strong>m\u00e1s que suficientes<\/strong> para poder seguir despreocup\u00e1ndonos de qu\u00e9 podemos echar. Sobre todo si lo comparamos con sus principales rivales en el mercado.<\/p>\n<p>El maletero del 308 no decepciona y sus cifras lo sit\u00faan como uno de los l\u00edderes en espacio de carga dentro de su segmento, ya que<strong> supera los 380 litros del Volkswagen Golf y esa misma cifra en el caso del SEAT Le\u00f3n&#8230;\u00a0<\/strong>en la versi\u00f3n di\u00e9sel y gasolina. Porque atenci\u00f3n, si est\u00e1s pensando en renovar tu coche y optar por uno menos contaminante, en el caso del compacto franc\u00e9s <strong>la versi\u00f3n h\u00edbrida enchufable<\/strong> condicionar\u00e1 la capacidad del maletero. En ese caso, el espacio de carga se reduce hasta los <strong>361 litros;<\/strong> una diferencia que sigue siendo suficiente para el uso diario y viajes cortos.<\/p>\n<h2><span class=\"ez-toc-section\" id=\"%C2%BFEs_el_Peugeot_308_una_buena_opcion_para_el_dia_a_dia_y_viajes\"><\/span><span style=\"font-weight: 400;\">\u00bfEs el Peugeot 308 una buena opci\u00f3n para el d\u00eda a d\u00eda y viajes?<\/span><span class=\"ez-toc-section-end\"><\/span><\/h2>\n<p>Con la nueva generaci\u00f3n del 308, Peugeot ha lanzado al mercad<strong>o un coche compacto que se adapta a diferentes estilos de vida.<\/strong> Este modelo combina su dise\u00f1o atractivo con una tecnolog\u00eda avanzada y una conducci\u00f3n eficiente, que lo convierten en una opci\u00f3n muy potente para cualquier viaje y, sobre todo,<strong> para el d\u00eda a d\u00eda.<\/strong> Para empezar, su tama\u00f1o es uno de sus grandes aliados y favorece a un manejo \u00e1gil de manera cotidiana; siendo una ventaja para la ciudad, al mismo tiempo que disfrutamos de una conducci\u00f3n eficiente, equipados con la tecnolog\u00eda necesaria para <strong>no sacrificar el confort en la rutina diaria.\u00a0<\/strong><\/p>\n<p>A fin de cuentas, el <strong>Peugeot 308<\/strong> es una opci\u00f3n s\u00f3lida para quienes buscan un veh\u00edculo que combine practicidad diaria con capacidad para viajes largos. Sus dimensiones compactas y su dise\u00f1o bien pensado lo hacen <strong>ideal para la ciudad,<\/strong> mientras que su comodidad, tecnolog\u00eda y capacidad ampliada de maletero aseguran un rendimiento confiable en trayectos m\u00e1s extensos, en los que solo te tienes que preocupar de disfrutar.<\/p>\n","protected":false},"excerpt":{"rendered":"<p>Puestos a elegir, parece que Peugeot no encontr\u00f3 ning\u00fan modelo mejor que el m\u00edtico 308&#8230;<\/p>\n","protected":false},"author":11,"featured_media":13932,"comment_status":"closed","ping_status":"closed","sticky":false,"template":"","format":"standard","meta":{"footnotes":""},"categories":[2],"tags":[],"class_list":{"0":"post-13831","1":"post","2":"type-post","3":"status-publish","4":"format-standard","5":"has-post-thumbnail","7":"category-comparativa"},"yoast_head":"<!-- This site is optimized with the Yoast SEO plugin v26.8 - https:\/\/yoast.com\/product\/yoast-seo-wordpress\/ -->\n<title>Medidas del Peugeot 308 - Clicars Blog<\/title>\n<meta name=\"description\" content=\"Conoce en este art\u00edculo todas las medidas del Peugeot 308: tama\u00f1o, capacidad del maletero y espacio interior.\" \/>\n<meta name=\"robots\" content=\"index, follow, max-snippet:-1, max-image-preview:large, max-video-preview:-1\" \/>\n<link rel=\"canonical\" href=\"https:\/\/www.clicars.com\/blog\/comparativa\/medidas-del-peugeot-308\/\" \/>\n<meta property=\"og:locale\" content=\"es_ES\" \/>\n<meta property=\"og:type\" content=\"article\" \/>\n<meta property=\"og:title\" content=\"Medidas del Peugeot 308 - Clicars Blog\" \/>\n<meta property=\"og:description\" content=\"Conoce en este art\u00edculo todas las medidas del Peugeot 308: tama\u00f1o, capacidad del maletero y espacio interior.\" \/>\n<meta property=\"og:url\" content=\"https:\/\/www.clicars.com\/blog\/comparativa\/medidas-del-peugeot-308\/\" \/>\n<meta property=\"og:site_name\" content=\"Clicars\" \/>\n<meta property=\"article:published_time\" content=\"2024-12-26T11:50:24+00:00\" \/>\n<meta property=\"og:image\" content=\"http:\/\/www.clicars.com\/blog\/wp-content\/uploads\/2024\/12\/medidas-del-peugeot-308.png\" \/>\n\t<meta property=\"og:image:width\" content=\"900\" \/>\n\t<meta property=\"og:image:height\" content=\"600\" \/>\n\t<meta property=\"og:image:type\" content=\"image\/png\" \/>\n<meta name=\"author\" content=\"Carmen Ruiz\" \/>\n<meta name=\"twitter:card\" content=\"summary_large_image\" \/>\n<meta name=\"twitter:label1\" content=\"Escrito por\" \/>\n\t<meta name=\"twitter:data1\" content=\"Carmen Ruiz\" \/>\n\t<meta name=\"twitter:label2\" content=\"Tiempo de lectura\" \/>\n\t<meta name=\"twitter:data2\" content=\"6 minutos\" \/>\n<script type=\"application\/ld+json\" class=\"yoast-schema-graph\">{\"@context\":\"https:\/\/schema.org\",\"@graph\":[{\"@type\":\"Article\",\"@id\":\"https:\/\/www.clicars.com\/blog\/comparativa\/medidas-del-peugeot-308\/#article\",\"isPartOf\":{\"@id\":\"https:\/\/www.clicars.com\/blog\/comparativa\/medidas-del-peugeot-308\/\"},\"author\":{\"name\":\"Carmen Ruiz\",\"@id\":\"https:\/\/www.clicars.com\/blog\/#\/schema\/person\/479c02bf75aade1cf125545238f39cd8\"},\"headline\":\"Medidas del Peugeot 308\",\"datePublished\":\"2024-12-26T11:50:24+00:00\",\"mainEntityOfPage\":{\"@id\":\"https:\/\/www.clicars.com\/blog\/comparativa\/medidas-del-peugeot-308\/\"},\"wordCount\":1152,\"image\":{\"@id\":\"https:\/\/www.clicars.com\/blog\/comparativa\/medidas-del-peugeot-308\/#primaryimage\"},\"thumbnailUrl\":\"https:\/\/www.clicars.com\/blog\/wp-content\/uploads\/2024\/12\/medidas-del-peugeot-308.png\",\"articleSection\":[\"Comparativa\"],\"inLanguage\":\"es\"},{\"@type\":[\"WebPage\",\"ItemPage\"],\"@id\":\"https:\/\/www.clicars.com\/blog\/comparativa\/medidas-del-peugeot-308\/\",\"url\":\"https:\/\/www.clicars.com\/blog\/comparativa\/medidas-del-peugeot-308\/\",\"name\":\"Medidas del Peugeot 308 - Clicars Blog\",\"isPartOf\":{\"@id\":\"https:\/\/www.clicars.com\/blog\/#website\"},\"primaryImageOfPage\":{\"@id\":\"https:\/\/www.clicars.com\/blog\/comparativa\/medidas-del-peugeot-308\/#primaryimage\"},\"image\":{\"@id\":\"https:\/\/www.clicars.com\/blog\/comparativa\/medidas-del-peugeot-308\/#primaryimage\"},\"thumbnailUrl\":\"https:\/\/www.clicars.com\/blog\/wp-content\/uploads\/2024\/12\/medidas-del-peugeot-308.png\",\"datePublished\":\"2024-12-26T11:50:24+00:00\",\"author\":{\"@id\":\"https:\/\/www.clicars.com\/blog\/#\/schema\/person\/479c02bf75aade1cf125545238f39cd8\"},\"description\":\"Conoce en este art\u00edculo todas las medidas del Peugeot 308: tama\u00f1o, capacidad del maletero y espacio interior.\",\"breadcrumb\":{\"@id\":\"https:\/\/www.clicars.com\/blog\/comparativa\/medidas-del-peugeot-308\/#breadcrumb\"},\"inLanguage\":\"es\",\"potentialAction\":[{\"@type\":\"ReadAction\",\"target\":[\"https:\/\/www.clicars.com\/blog\/comparativa\/medidas-del-peugeot-308\/\"]}]},{\"@type\":\"ImageObject\",\"inLanguage\":\"es\",\"@id\":\"https:\/\/www.clicars.com\/blog\/comparativa\/medidas-del-peugeot-308\/#primaryimage\",\"url\":\"https:\/\/www.clicars.com\/blog\/wp-content\/uploads\/2024\/12\/medidas-del-peugeot-308.png\",\"contentUrl\":\"https:\/\/www.clicars.com\/blog\/wp-content\/uploads\/2024\/12\/medidas-del-peugeot-308.png\",\"width\":900,\"height\":600,\"caption\":\"Medidas del Peugeot 308\"},{\"@type\":\"BreadcrumbList\",\"@id\":\"https:\/\/www.clicars.com\/blog\/comparativa\/medidas-del-peugeot-308\/#breadcrumb\",\"itemListElement\":[{\"@type\":\"ListItem\",\"position\":1,\"name\":\"Portada\",\"item\":\"https:\/\/www.clicars.com\/blog\/\"},{\"@type\":\"ListItem\",\"position\":2,\"name\":\"Medidas del Peugeot 308\"}]},{\"@type\":\"WebSite\",\"@id\":\"https:\/\/www.clicars.com\/blog\/#website\",\"url\":\"https:\/\/www.clicars.com\/blog\/\",\"name\":\"Clicars\",\"description\":\"Compra tu coche de Buena Mano sin moverte de casa\",\"inLanguage\":\"es\"},{\"@type\":\"Person\",\"@id\":\"https:\/\/www.clicars.com\/blog\/#\/schema\/person\/479c02bf75aade1cf125545238f39cd8\",\"name\":\"Carmen Ruiz\",\"image\":{\"@type\":\"ImageObject\",\"inLanguage\":\"es\",\"@id\":\"https:\/\/www.clicars.com\/blog\/#\/schema\/person\/image\/\",\"url\":\"https:\/\/secure.gravatar.com\/avatar\/a0423e471ced02f73a62b5c5f5b49f4431469fa6c61214e7aca040fb6b5a9d62?s=96&d=mm&r=g\",\"contentUrl\":\"https:\/\/secure.gravatar.com\/avatar\/a0423e471ced02f73a62b5c5f5b49f4431469fa6c61214e7aca040fb6b5a9d62?s=96&d=mm&r=g\",\"caption\":\"Carmen Ruiz\"},\"description\":\"Mayo del 97. Empec\u00e9 a escribir sobre motor en El Mundo unos cuantos a\u00f1os m\u00e1s tarde y aunque sent\u00eda que llegaba tarde, supe que era lo que quer\u00eda hacer toda la vida. Me sub\u00ed a muchos asientos en la zona del conductor y despu\u00e9s de probar unos cuantos coches, hice una parada en AS para pasar al lado de la competici\u00f3n. He invertido mucha parte de mi tiempo en los circuitos, pero tambi\u00e9n he podido ver carreras en el desierto como enviada especial al Dakar. Y aunque en la competici\u00f3n todo es m\u00e1s fren\u00e9tico, he comprobado que la adrenalina de pisar un acelerador para descubrir las bondades, nunca desparace.\",\"sameAs\":[\"https:\/\/es.linkedin.com\/in\/carmen-mar\u00eda-ruiz-mart\u00ednez-3440a1116\"],\"url\":\"https:\/\/www.clicars.com\/blog\/author\/carmen-ruiz\/\"}]}<\/script>\n<!-- \/ Yoast SEO plugin. -->","yoast_head_json":{"title":"Medidas del Peugeot 308 - Clicars Blog","description":"Conoce en este art\u00edculo todas las medidas del Peugeot 308: tama\u00f1o, capacidad del maletero y espacio interior.","robots":{"index":"index","follow":"follow","max-snippet":"max-snippet:-1","max-image-preview":"max-image-preview:large","max-video-preview":"max-video-preview:-1"},"canonical":"https:\/\/www.clicars.com\/blog\/comparativa\/medidas-del-peugeot-308\/","og_locale":"es_ES","og_type":"article","og_title":"Medidas del Peugeot 308 - Clicars Blog","og_description":"Conoce en este art\u00edculo todas las medidas del Peugeot 308: tama\u00f1o, capacidad del maletero y espacio interior.","og_url":"https:\/\/www.clicars.com\/blog\/comparativa\/medidas-del-peugeot-308\/","og_site_name":"Clicars","article_published_time":"2024-12-26T11:50:24+00:00","og_image":[{"width":900,"height":600,"url":"http:\/\/www.clicars.com\/blog\/wp-content\/uploads\/2024\/12\/medidas-del-peugeot-308.png","type":"image\/png"}],"author":"Carmen Ruiz","twitter_card":"summary_large_image","twitter_misc":{"Escrito por":"Carmen Ruiz","Tiempo de lectura":"6 minutos"},"schema":{"@context":"https:\/\/schema.org","@graph":[{"@type":"Article","@id":"https:\/\/www.clicars.com\/blog\/comparativa\/medidas-del-peugeot-308\/#article","isPartOf":{"@id":"https:\/\/www.clicars.com\/blog\/comparativa\/medidas-del-peugeot-308\/"},"author":{"name":"Carmen Ruiz","@id":"https:\/\/www.clicars.com\/blog\/#\/schema\/person\/479c02bf75aade1cf125545238f39cd8"},"headline":"Medidas del Peugeot 308","datePublished":"2024-12-26T11:50:24+00:00","mainEntityOfPage":{"@id":"https:\/\/www.clicars.com\/blog\/comparativa\/medidas-del-peugeot-308\/"},"wordCount":1152,"image":{"@id":"https:\/\/www.clicars.com\/blog\/comparativa\/medidas-del-peugeot-308\/#primaryimage"},"thumbnailUrl":"https:\/\/www.clicars.com\/blog\/wp-content\/uploads\/2024\/12\/medidas-del-peugeot-308.png","articleSection":["Comparativa"],"inLanguage":"es"},{"@type":["WebPage","ItemPage"],"@id":"https:\/\/www.clicars.com\/blog\/comparativa\/medidas-del-peugeot-308\/","url":"https:\/\/www.clicars.com\/blog\/comparativa\/medidas-del-peugeot-308\/","name":"Medidas del Peugeot 308 - Clicars Blog","isPartOf":{"@id":"https:\/\/www.clicars.com\/blog\/#website"},"primaryImageOfPage":{"@id":"https:\/\/www.clicars.com\/blog\/comparativa\/medidas-del-peugeot-308\/#primaryimage"},"image":{"@id":"https:\/\/www.clicars.com\/blog\/comparativa\/medidas-del-peugeot-308\/#primaryimage"},"thumbnailUrl":"https:\/\/www.clicars.com\/blog\/wp-content\/uploads\/2024\/12\/medidas-del-peugeot-308.png","datePublished":"2024-12-26T11:50:24+00:00","author":{"@id":"https:\/\/www.clicars.com\/blog\/#\/schema\/person\/479c02bf75aade1cf125545238f39cd8"},"description":"Conoce en este art\u00edculo todas las medidas del Peugeot 308: tama\u00f1o, capacidad del maletero y espacio interior.","breadcrumb":{"@id":"https:\/\/www.clicars.com\/blog\/comparativa\/medidas-del-peugeot-308\/#breadcrumb"},"inLanguage":"es","potentialAction":[{"@type":"ReadAction","target":["https:\/\/www.clicars.com\/blog\/comparativa\/medidas-del-peugeot-308\/"]}]},{"@type":"ImageObject","inLanguage":"es","@id":"https:\/\/www.clicars.com\/blog\/comparativa\/medidas-del-peugeot-308\/#primaryimage","url":"https:\/\/www.clicars.com\/blog\/wp-content\/uploads\/2024\/12\/medidas-del-peugeot-308.png","contentUrl":"https:\/\/www.clicars.com\/blog\/wp-content\/uploads\/2024\/12\/medidas-del-peugeot-308.png","width":900,"height":600,"caption":"Medidas del Peugeot 308"},{"@type":"BreadcrumbList","@id":"https:\/\/www.clicars.com\/blog\/comparativa\/medidas-del-peugeot-308\/#breadcrumb","itemListElement":[{"@type":"ListItem","position":1,"name":"Portada","item":"https:\/\/www.clicars.com\/blog\/"},{"@type":"ListItem","position":2,"name":"Medidas del Peugeot 308"}]},{"@type":"WebSite","@id":"https:\/\/www.clicars.com\/blog\/#website","url":"https:\/\/www.clicars.com\/blog\/","name":"Clicars","description":"Compra tu coche de Buena Mano sin moverte de casa","inLanguage":"es"},{"@type":"Person","@id":"https:\/\/www.clicars.com\/blog\/#\/schema\/person\/479c02bf75aade1cf125545238f39cd8","name":"Carmen Ruiz","image":{"@type":"ImageObject","inLanguage":"es","@id":"https:\/\/www.clicars.com\/blog\/#\/schema\/person\/image\/","url":"https:\/\/secure.gravatar.com\/avatar\/a0423e471ced02f73a62b5c5f5b49f4431469fa6c61214e7aca040fb6b5a9d62?s=96&d=mm&r=g","contentUrl":"https:\/\/secure.gravatar.com\/avatar\/a0423e471ced02f73a62b5c5f5b49f4431469fa6c61214e7aca040fb6b5a9d62?s=96&d=mm&r=g","caption":"Carmen Ruiz"},"description":"Mayo del 97. Empec\u00e9 a escribir sobre motor en El Mundo unos cuantos a\u00f1os m\u00e1s tarde y aunque sent\u00eda que llegaba tarde, supe que era lo que quer\u00eda hacer toda la vida. Me sub\u00ed a muchos asientos en la zona del conductor y despu\u00e9s de probar unos cuantos coches, hice una parada en AS para pasar al lado de la competici\u00f3n. He invertido mucha parte de mi tiempo en los circuitos, pero tambi\u00e9n he podido ver carreras en el desierto como enviada especial al Dakar. Y aunque en la competici\u00f3n todo es m\u00e1s fren\u00e9tico, he comprobado que la adrenalina de pisar un acelerador para descubrir las bondades, nunca desparace.","sameAs":["https:\/\/es.linkedin.com\/in\/carmen-mar\u00eda-ruiz-mart\u00ednez-3440a1116"],"url":"https:\/\/www.clicars.com\/blog\/author\/carmen-ruiz\/"}]}},"_links":{"self":[{"href":"https:\/\/www.clicars.com\/blog\/wp-json\/wp\/v2\/posts\/13831","targetHints":{"allow":["GET"]}}],"collection":[{"href":"https:\/\/www.clicars.com\/blog\/wp-json\/wp\/v2\/posts"}],"about":[{"href":"https:\/\/www.clicars.com\/blog\/wp-json\/wp\/v2\/types\/post"}],"author":[{"embeddable":true,"href":"https:\/\/www.clicars.com\/blog\/wp-json\/wp\/v2\/users\/11"}],"replies":[{"embeddable":true,"href":"https:\/\/www.clicars.com\/blog\/wp-json\/wp\/v2\/comments?post=13831"}],"version-history":[{"count":6,"href":"https:\/\/www.clicars.com\/blog\/wp-json\/wp\/v2\/posts\/13831\/revisions"}],"predecessor-version":[{"id":13934,"href":"https:\/\/www.clicars.com\/blog\/wp-json\/wp\/v2\/posts\/13831\/revisions\/13934"}],"wp:featuredmedia":[{"embeddable":true,"href":"https:\/\/www.clicars.com\/blog\/wp-json\/wp\/v2\/media\/13932"}],"wp:attachment":[{"href":"https:\/\/www.clicars.com\/blog\/wp-json\/wp\/v2\/media?parent=13831"}],"wp:term":[{"taxonomy":"category","embeddable":true,"href":"https:\/\/www.clicars.com\/blog\/wp-json\/wp\/v2\/categories?post=13831"},{"taxonomy":"post_tag","embeddable":true,"href":"https:\/\/www.clicars.com\/blog\/wp-json\/wp\/v2\/tags?post=13831"}],"curies":[{"name":"wp","href":"https:\/\/api.w.org\/{rel}","templated":true}]}}