{"id":13836,"date":"2024-12-26T14:00:07","date_gmt":"2024-12-26T12:00:07","guid":{"rendered":"https:\/\/www.clicars.com\/blog\/?p=13836"},"modified":"2024-12-26T14:00:07","modified_gmt":"2024-12-26T12:00:07","slug":"capacidad-del-maletero-del-peugeot-308","status":"publish","type":"post","link":"https:\/\/www.clicars.com\/blog\/comparativa\/capacidad-del-maletero-del-peugeot-308\/","title":{"rendered":"Capacidad del Maletero del Peugeot 308"},"content":{"rendered":"<div id=\"ez-toc-container\" class=\"ez-toc-v2_0_80 counter-hierarchy ez-toc-counter ez-toc-light-blue ez-toc-container-direction\">\n<p class=\"ez-toc-title\" style=\"cursor:inherit\">\u00cdndice de contenidos<\/p>\n<label for=\"ez-toc-cssicon-toggle-item-69f35d46a92c7\" class=\"ez-toc-cssicon-toggle-label\"><span class=\"ez-toc-cssicon\"><span class=\"eztoc-hide\" style=\"display:none;\">Toggle<\/span><span class=\"ez-toc-icon-toggle-span\"><svg style=\"fill: #999;color:#999\" xmlns=\"http:\/\/www.w3.org\/2000\/svg\" class=\"list-377408\" width=\"20px\" height=\"20px\" viewBox=\"0 0 24 24\" fill=\"none\"><path d=\"M6 6H4v2h2V6zm14 0H8v2h12V6zM4 11h2v2H4v-2zm16 0H8v2h12v-2zM4 16h2v2H4v-2zm16 0H8v2h12v-2z\" fill=\"currentColor\"><\/path><\/svg><svg style=\"fill: #999;color:#999\" class=\"arrow-unsorted-368013\" xmlns=\"http:\/\/www.w3.org\/2000\/svg\" width=\"10px\" height=\"10px\" viewBox=\"0 0 24 24\" version=\"1.2\" baseProfile=\"tiny\"><path d=\"M18.2 9.3l-6.2-6.3-6.2 6.3c-.2.2-.3.4-.3.7s.1.5.3.7c.2.2.4.3.7.3h11c.3 0 .5-.1.7-.3.2-.2.3-.5.3-.7s-.1-.5-.3-.7zM5.8 14.7l6.2 6.3 6.2-6.3c.2-.2.3-.5.3-.7s-.1-.5-.3-.7c-.2-.2-.4-.3-.7-.3h-11c-.3 0-.5.1-.7.3-.2.2-.3.5-.3.7s.1.5.3.7z\"\/><\/svg><\/span><\/span><\/label><input type=\"checkbox\"  id=\"ez-toc-cssicon-toggle-item-69f35d46a92c7\"  aria-label=\"Alternar\" \/><nav><ul class='ez-toc-list ez-toc-list-level-1 ' ><li class='ez-toc-page-1 ez-toc-heading-level-2'><a class=\"ez-toc-link ez-toc-heading-1\" href=\"https:\/\/www.clicars.com\/blog\/comparativa\/capacidad-del-maletero-del-peugeot-308\/#Capacidad_del_maletero_del_Peugeot_308\" >Capacidad del maletero del Peugeot 308<\/a><\/li><li class='ez-toc-page-1 ez-toc-heading-level-2'><a class=\"ez-toc-link ez-toc-heading-2\" href=\"https:\/\/www.clicars.com\/blog\/comparativa\/capacidad-del-maletero-del-peugeot-308\/#Capacidad_de_carga_en_el_Peugeot_308_SW\" >Capacidad de carga en el Peugeot 308 SW<\/a><\/li><li class='ez-toc-page-1 ez-toc-heading-level-2'><a class=\"ez-toc-link ez-toc-heading-3\" href=\"https:\/\/www.clicars.com\/blog\/comparativa\/capacidad-del-maletero-del-peugeot-308\/#%C2%BFCuanto_equipaje_cabe_en_un_Peugeot_308\" >\u00bfCu\u00e1nto equipaje cabe en un Peugeot 308?<\/a><\/li><li class='ez-toc-page-1 ez-toc-heading-level-2'><a class=\"ez-toc-link ez-toc-heading-4\" href=\"https:\/\/www.clicars.com\/blog\/comparativa\/capacidad-del-maletero-del-peugeot-308\/#El_Peugeot_308_frente_a_la_competencia\" >El Peugeot 308 frente a la competencia<\/a><\/li><\/ul><\/nav><\/div>\n\n<p>Cuando parece que pr\u00e1cticamente solo existen SUV en el mercado, siempre es positivo encontrarse con modelos como <strong>el Peugeot 308<\/strong> entre las opciones. El compacto del fabricante franc\u00e9s, desde su nacimiento en 2007, se convirti\u00f3 directamente en <strong>uno de los modelos m\u00e1s ic\u00f3nicos<\/strong> de la marca. Y con el paso del tiempo fue consolidando su \u00e9xito a trav\u00e9s del n\u00famero de ventas y una renovaci\u00f3n reciente, que le convierte en uno de <strong>los modelos m\u00e1s atractivos de su categor\u00eda.<\/strong> Todo, gracias a ese car\u00e1cter deportivo que ha adoptado en su exterior y tambi\u00e9n, a esas virtudes como <strong>la capacidad del maletero<\/strong>, que se aprecian a simple vista y especialmente, con las cifras en la mano.<\/p>\n<h2><span class=\"ez-toc-section\" id=\"Capacidad_del_maletero_del_Peugeot_308\"><\/span><span style=\"font-weight: 400;\">Capacidad del maletero del Peugeot 308<\/span><span class=\"ez-toc-section-end\"><\/span><\/h2>\n<p>El <strong>Peugeot 308<\/strong> ofrece un <strong>maletero<\/strong> que destaca por su capacidad en el segmento de los compactos, lo que lo hace pr\u00e1ctico tanto para el d\u00eda a d\u00eda como para viajes m\u00e1s largos. En comparaci\u00f3n a sus rivales m\u00e1s directos dentro de su categor\u00eda, el modelo franc\u00e9s sale ganando en cuanto a capacidad. Sus <strong>412 litros son m\u00e1s que suficientes\u00a0<\/strong>para el uso urbano o un viaje de dos personas; independientemente de su duraci\u00f3n. \u00bfEl motivo? Unos asientos abatibles en la parte trasera que, en caso de necesidad, nos <strong>permiten alcanzar hasta los 1.323 litros<\/strong> de capacidad, siempre que hablemos de la versi\u00f3n de combusti\u00f3n. Porque la historia cambia cuando hablamos de la motorizaci\u00f3n h\u00edbrida.<\/p>\n<p>Peugeot se ha convertido en los \u00faltimos tiempos en una de las marcas con m\u00e1s recorrido dentro de la movilidad sostenible. Sin embargo, en el caso de 308,<strong> este compacto sacrifica algo de espacio en su versi\u00f3n menos contaminante. <\/strong>En la versi\u00f3n h\u00edbrida enchufable, el espacio del maletero se reduce ligeramente a <strong>361 litros<\/strong>, debido a la ubicaci\u00f3n de la bater\u00eda. Sin embargo, esta cifra sigue siendo m\u00e1s que competitiva dentro del segmento, ya que el maletero del Peugeot 308 es uno de los mejores valorados dentro de su categor\u00eda. Y no es casualidad. Porque m\u00e1s all\u00e1 de su capacidad, el maletero de este compacto incluye<strong> compartimentos adicionales y ganchos<\/strong> para asegurar bolsas o equipaje, mejorando la organizaci\u00f3n del espacio.<\/p>\n<h2><span style=\"font-weight: 400;\"><img loading=\"lazy\" decoding=\"async\" class=\"aligncenter size-full wp-image-13940\" src=\"http:\/\/www.clicars.com\/blog\/wp-content\/uploads\/2024\/12\/maletero-peugeot-308.png\" alt=\"Maletero Peugeot 308\" width=\"900\" height=\"600\" srcset=\"https:\/\/www.clicars.com\/blog\/wp-content\/uploads\/2024\/12\/maletero-peugeot-308.png 900w, https:\/\/www.clicars.com\/blog\/wp-content\/uploads\/2024\/12\/maletero-peugeot-308-300x200.png 300w, https:\/\/www.clicars.com\/blog\/wp-content\/uploads\/2024\/12\/maletero-peugeot-308-768x512.png 768w\" sizes=\"auto, (max-width: 900px) 100vw, 900px\" \/><\/span><\/h2>\n<h2><span class=\"ez-toc-section\" id=\"Capacidad_de_carga_en_el_Peugeot_308_SW\"><\/span><span style=\"font-weight: 400;\">Capacidad de carga en el Peugeot 308 SW<\/span><span class=\"ez-toc-section-end\"><\/span><\/h2>\n<p>Dentro de la renovaci\u00f3n que vivi\u00f3 el Peugeot 308 durante el lanzamiento de su \u00faltima generaci\u00f3n, la marca francesa tambi\u00e9n quiso <strong>dar la bienvenida al Peugeot 308 SW.<\/strong> La nueva generaci\u00f3n del coche familiar compacto tambi\u00e9n se presentaba en sociedad y ven\u00eda acompa\u00f1ado de grandes novedades; donde destacaban<strong> la practicidad y la seguridad<\/strong> por encima de todo.<\/p>\n<p>En este lanzamiento, desde Peugeot ten\u00edan la intenci\u00f3n de adaptarse a las necesidades actuales de los usuarios y para ello, construyeron el nuevo 308 SW sobre una versi\u00f3n extendida de la plataforma EMP2. Dicho de una manera m\u00e1s coloquial, esa decisi\u00f3n se traduce en una ganancia de espacio en las plazas traseras y por supuesto, tambi\u00e9n en el maletero; donde<strong> el espacio de carga es de 608 litros<\/strong> que <strong>ascienden hasta los 1.634<\/strong> con los asientos abatidos. De esa manera, esta versi\u00f3n del compacto se convierte en la opci\u00f3n perfecta para las familias o aquellos que necesitan mayor capacidad pensando en sus viajes largos. Todo, sin sacrificar la comodidad de un veh\u00edculo pensado para cualquier tipo de conductor.<\/p>\n<h2><span class=\"ez-toc-section\" id=\"%C2%BFCuanto_equipaje_cabe_en_un_Peugeot_308\"><\/span><span style=\"font-weight: 400;\">\u00bfCu\u00e1nto equipaje cabe en un Peugeot 308?<\/span><span class=\"ez-toc-section-end\"><\/span><\/h2>\n<p>Para poner en valor la capacidad real del maletero que presenta el compacto franc\u00e9s, solo necesitamos responder a la pregunta.<strong> \u00bfCu\u00e1nto equipaje cabe en un Peugeot 308?\u00a0<\/strong>Bien, para empezar, debemos saber que el coche franc\u00e9s es m\u00e1s que suficiente para un <strong>uso urbano, compras semanales o desplazamientos cortos en pareja.<\/strong> En el caso de iniciar una escapada, en la parte trasera podemos acomodar varias maletas sin saturar el espacio y en caso de que nuestras necesidades vayan m\u00e1s all\u00e1, tambi\u00e9n tenemos otras opciones.<\/p>\n<p>Puesto a que la capacidad del Peugeot 308 puede ampliarse considerablemente abatiendo los asientos, los <strong>m\u00e1s de 1.300 litros de espacio<\/strong> que nos ofrece son adecuados para transportar objetos voluminosos, como bicicletas o muebles peque\u00f1os. Y por supuesto, si acabas de formar tu familia o estas ampliando el n\u00famero de la unidad<strong>, el carrito podr\u00e1 acompa\u00f1arte<\/strong> sin comprometer la comodidad durante el trayecto. Al fin y al cabo, el objetivo del 308 es pensar en cualquier tipo de usuario.<\/p>\n<h2><span class=\"ez-toc-section\" id=\"El_Peugeot_308_frente_a_la_competencia\"><\/span>El Peugeot 308 frente a la competencia<span class=\"ez-toc-section-end\"><\/span><\/h2>\n<p>Si hay que destacar una de las<strong> grandes bazas del Peugeot 308<\/strong> frente a otros coches de su categor\u00eda, es sin duda la capacidad del maletero. A pesar de que en dimensiones los <strong>4,37 metros\u00a0<\/strong>de este compacto franc\u00e9s apenas muestran diferencias con el resto de rivales, en la parte trasera de carga el 308 sale ganando por diferencia tal y como demuestran las cifras.<\/p>\n<table>\n<thead>\n<tr>\n<th><strong>Modelo<\/strong><\/th>\n<th><strong>Capacidad del maletero (litros)<\/strong><\/th>\n<th><strong>Maletero abatido (litros)<\/strong><\/th>\n<\/tr>\n<\/thead>\n<tbody>\n<tr>\n<td><strong>Peugeot 308<\/strong><\/td>\n<td>412 litros<\/td>\n<td>1.323 litros<\/td>\n<\/tr>\n<tr>\n<td><strong>Volkswagen Golf<\/strong><\/td>\n<td>380 litros<\/td>\n<td>1.237 litros<\/td>\n<\/tr>\n<tr>\n<td><strong>Ford Focus<\/strong><\/td>\n<td>375 litros<\/td>\n<td>1.354 litros<\/td>\n<\/tr>\n<tr>\n<td><strong>SEAT Le\u00f3n<\/strong><\/td>\n<td>380 litros<\/td>\n<td>1.301 litros<\/td>\n<\/tr>\n<\/tbody>\n<\/table>\n<p>El <strong>Peugeot 308<\/strong> sobresale en espacio de carga en su configuraci\u00f3n est\u00e1ndar, lo que le convierte en la opci\u00f3n ideal para el uso diario. Sin embargo, es cierto que la balanza se inclina a favor del Ford Focus si nuestras necesidades nos exigen contar con el m\u00e1ximo espacio posible a la hora de abatir los asientos. En esa situaci\u00f3n, el <strong>Ford Focus<\/strong> mejora la capacidad del compacto franc\u00e9s, que en cualquier caso siempre\u00a0 ofrecer\u00e1 m\u00e1s espacio que el <strong>Volkswagen Golf<\/strong> y el <strong>SEAT Le\u00f3n.\u00a0<\/strong>Otras dos buenas opciones en el segmento.<\/p>\n<p>Como demuestran las cifras, <strong>el maletero del Peugeot 308<\/strong> combina espacio, funcionalidad y dise\u00f1o, para convertir al compacto franc\u00e9s en una opci\u00f3n ideal tanto para usuarios urbanos como para familias; especialmente a trav\u00e9s del <strong>308 SW.<\/strong> Esta versi\u00f3n del compacto franc\u00e9s ofrece<strong> versatilidad y comodidad<\/strong> para cubrir todas las necesidades diarias del conductor y por supuesto, tambi\u00e9n est\u00e1 a la altura durante esas escapadas que hacen la vida m\u00e1s f\u00e1cil.<\/p>\n","protected":false},"excerpt":{"rendered":"<p>Cuando parece que pr\u00e1cticamente solo existen SUV en el mercado, siempre es positivo encontrarse con&#8230;<\/p>\n","protected":false},"author":11,"featured_media":13939,"comment_status":"closed","ping_status":"closed","sticky":false,"template":"","format":"standard","meta":{"footnotes":""},"categories":[2],"tags":[],"class_list":{"0":"post-13836","1":"post","2":"type-post","3":"status-publish","4":"format-standard","5":"has-post-thumbnail","7":"category-comparativa"},"yoast_head":"<!-- This site is optimized with the Yoast SEO plugin v26.8 - https:\/\/yoast.com\/product\/yoast-seo-wordpress\/ -->\n<title>Capacidad del Maletero del Peugeot 308 - Clicars Blog<\/title>\n<meta name=\"description\" content=\"\u00bfCu\u00e1nto equipaje cabe y cu\u00e1l es la diferencia en el modelo familiar? Todo lo que debes conocer del Peugeot 308 en este art\u00edculo.\" \/>\n<meta name=\"robots\" content=\"index, follow, max-snippet:-1, max-image-preview:large, max-video-preview:-1\" \/>\n<link rel=\"canonical\" href=\"https:\/\/www.clicars.com\/blog\/comparativa\/capacidad-del-maletero-del-peugeot-308\/\" \/>\n<meta property=\"og:locale\" content=\"es_ES\" \/>\n<meta property=\"og:type\" content=\"article\" \/>\n<meta property=\"og:title\" content=\"Capacidad del Maletero del Peugeot 308 - Clicars Blog\" \/>\n<meta property=\"og:description\" content=\"\u00bfCu\u00e1nto equipaje cabe y cu\u00e1l es la diferencia en el modelo familiar? Todo lo que debes conocer del Peugeot 308 en este art\u00edculo.\" \/>\n<meta property=\"og:url\" content=\"https:\/\/www.clicars.com\/blog\/comparativa\/capacidad-del-maletero-del-peugeot-308\/\" \/>\n<meta property=\"og:site_name\" content=\"Clicars\" \/>\n<meta property=\"article:published_time\" content=\"2024-12-26T12:00:07+00:00\" \/>\n<meta property=\"og:image\" content=\"http:\/\/www.clicars.com\/blog\/wp-content\/uploads\/2024\/12\/capacidad-del-maletero-del-peugeot-308.png\" \/>\n\t<meta property=\"og:image:width\" content=\"900\" \/>\n\t<meta property=\"og:image:height\" content=\"600\" \/>\n\t<meta property=\"og:image:type\" content=\"image\/png\" \/>\n<meta name=\"author\" content=\"Carmen Ruiz\" \/>\n<meta name=\"twitter:card\" content=\"summary_large_image\" \/>\n<meta name=\"twitter:label1\" content=\"Escrito por\" \/>\n\t<meta name=\"twitter:data1\" content=\"Carmen Ruiz\" \/>\n\t<meta name=\"twitter:label2\" content=\"Tiempo de lectura\" \/>\n\t<meta name=\"twitter:data2\" content=\"5 minutos\" \/>\n<script type=\"application\/ld+json\" class=\"yoast-schema-graph\">{\"@context\":\"https:\/\/schema.org\",\"@graph\":[{\"@type\":\"Article\",\"@id\":\"https:\/\/www.clicars.com\/blog\/comparativa\/capacidad-del-maletero-del-peugeot-308\/#article\",\"isPartOf\":{\"@id\":\"https:\/\/www.clicars.com\/blog\/comparativa\/capacidad-del-maletero-del-peugeot-308\/\"},\"author\":{\"name\":\"Carmen Ruiz\",\"@id\":\"https:\/\/www.clicars.com\/blog\/#\/schema\/person\/479c02bf75aade1cf125545238f39cd8\"},\"headline\":\"Capacidad del Maletero del Peugeot 308\",\"datePublished\":\"2024-12-26T12:00:07+00:00\",\"mainEntityOfPage\":{\"@id\":\"https:\/\/www.clicars.com\/blog\/comparativa\/capacidad-del-maletero-del-peugeot-308\/\"},\"wordCount\":1026,\"image\":{\"@id\":\"https:\/\/www.clicars.com\/blog\/comparativa\/capacidad-del-maletero-del-peugeot-308\/#primaryimage\"},\"thumbnailUrl\":\"https:\/\/www.clicars.com\/blog\/wp-content\/uploads\/2024\/12\/capacidad-del-maletero-del-peugeot-308.png\",\"articleSection\":[\"Comparativa\"],\"inLanguage\":\"es\"},{\"@type\":[\"WebPage\",\"ItemPage\"],\"@id\":\"https:\/\/www.clicars.com\/blog\/comparativa\/capacidad-del-maletero-del-peugeot-308\/\",\"url\":\"https:\/\/www.clicars.com\/blog\/comparativa\/capacidad-del-maletero-del-peugeot-308\/\",\"name\":\"Capacidad del Maletero del Peugeot 308 - Clicars Blog\",\"isPartOf\":{\"@id\":\"https:\/\/www.clicars.com\/blog\/#website\"},\"primaryImageOfPage\":{\"@id\":\"https:\/\/www.clicars.com\/blog\/comparativa\/capacidad-del-maletero-del-peugeot-308\/#primaryimage\"},\"image\":{\"@id\":\"https:\/\/www.clicars.com\/blog\/comparativa\/capacidad-del-maletero-del-peugeot-308\/#primaryimage\"},\"thumbnailUrl\":\"https:\/\/www.clicars.com\/blog\/wp-content\/uploads\/2024\/12\/capacidad-del-maletero-del-peugeot-308.png\",\"datePublished\":\"2024-12-26T12:00:07+00:00\",\"author\":{\"@id\":\"https:\/\/www.clicars.com\/blog\/#\/schema\/person\/479c02bf75aade1cf125545238f39cd8\"},\"description\":\"\u00bfCu\u00e1nto equipaje cabe y cu\u00e1l es la diferencia en el modelo familiar? Todo lo que debes conocer del Peugeot 308 en este art\u00edculo.\",\"breadcrumb\":{\"@id\":\"https:\/\/www.clicars.com\/blog\/comparativa\/capacidad-del-maletero-del-peugeot-308\/#breadcrumb\"},\"inLanguage\":\"es\",\"potentialAction\":[{\"@type\":\"ReadAction\",\"target\":[\"https:\/\/www.clicars.com\/blog\/comparativa\/capacidad-del-maletero-del-peugeot-308\/\"]}]},{\"@type\":\"ImageObject\",\"inLanguage\":\"es\",\"@id\":\"https:\/\/www.clicars.com\/blog\/comparativa\/capacidad-del-maletero-del-peugeot-308\/#primaryimage\",\"url\":\"https:\/\/www.clicars.com\/blog\/wp-content\/uploads\/2024\/12\/capacidad-del-maletero-del-peugeot-308.png\",\"contentUrl\":\"https:\/\/www.clicars.com\/blog\/wp-content\/uploads\/2024\/12\/capacidad-del-maletero-del-peugeot-308.png\",\"width\":900,\"height\":600,\"caption\":\"Capacidad del maletero del Peugeot 308\"},{\"@type\":\"BreadcrumbList\",\"@id\":\"https:\/\/www.clicars.com\/blog\/comparativa\/capacidad-del-maletero-del-peugeot-308\/#breadcrumb\",\"itemListElement\":[{\"@type\":\"ListItem\",\"position\":1,\"name\":\"Portada\",\"item\":\"https:\/\/www.clicars.com\/blog\/\"},{\"@type\":\"ListItem\",\"position\":2,\"name\":\"Capacidad del Maletero del Peugeot 308\"}]},{\"@type\":\"WebSite\",\"@id\":\"https:\/\/www.clicars.com\/blog\/#website\",\"url\":\"https:\/\/www.clicars.com\/blog\/\",\"name\":\"Clicars\",\"description\":\"Compra tu coche de Buena Mano sin moverte de casa\",\"inLanguage\":\"es\"},{\"@type\":\"Person\",\"@id\":\"https:\/\/www.clicars.com\/blog\/#\/schema\/person\/479c02bf75aade1cf125545238f39cd8\",\"name\":\"Carmen Ruiz\",\"image\":{\"@type\":\"ImageObject\",\"inLanguage\":\"es\",\"@id\":\"https:\/\/www.clicars.com\/blog\/#\/schema\/person\/image\/\",\"url\":\"https:\/\/secure.gravatar.com\/avatar\/a0423e471ced02f73a62b5c5f5b49f4431469fa6c61214e7aca040fb6b5a9d62?s=96&d=mm&r=g\",\"contentUrl\":\"https:\/\/secure.gravatar.com\/avatar\/a0423e471ced02f73a62b5c5f5b49f4431469fa6c61214e7aca040fb6b5a9d62?s=96&d=mm&r=g\",\"caption\":\"Carmen Ruiz\"},\"description\":\"Mayo del 97. Empec\u00e9 a escribir sobre motor en El Mundo unos cuantos a\u00f1os m\u00e1s tarde y aunque sent\u00eda que llegaba tarde, supe que era lo que quer\u00eda hacer toda la vida. Me sub\u00ed a muchos asientos en la zona del conductor y despu\u00e9s de probar unos cuantos coches, hice una parada en AS para pasar al lado de la competici\u00f3n. He invertido mucha parte de mi tiempo en los circuitos, pero tambi\u00e9n he podido ver carreras en el desierto como enviada especial al Dakar. Y aunque en la competici\u00f3n todo es m\u00e1s fren\u00e9tico, he comprobado que la adrenalina de pisar un acelerador para descubrir las bondades, nunca desparace.\",\"sameAs\":[\"https:\/\/es.linkedin.com\/in\/carmen-mar\u00eda-ruiz-mart\u00ednez-3440a1116\"],\"url\":\"https:\/\/www.clicars.com\/blog\/author\/carmen-ruiz\/\"}]}<\/script>\n<!-- \/ Yoast SEO plugin. -->","yoast_head_json":{"title":"Capacidad del Maletero del Peugeot 308 - Clicars Blog","description":"\u00bfCu\u00e1nto equipaje cabe y cu\u00e1l es la diferencia en el modelo familiar? Todo lo que debes conocer del Peugeot 308 en este art\u00edculo.","robots":{"index":"index","follow":"follow","max-snippet":"max-snippet:-1","max-image-preview":"max-image-preview:large","max-video-preview":"max-video-preview:-1"},"canonical":"https:\/\/www.clicars.com\/blog\/comparativa\/capacidad-del-maletero-del-peugeot-308\/","og_locale":"es_ES","og_type":"article","og_title":"Capacidad del Maletero del Peugeot 308 - Clicars Blog","og_description":"\u00bfCu\u00e1nto equipaje cabe y cu\u00e1l es la diferencia en el modelo familiar? Todo lo que debes conocer del Peugeot 308 en este art\u00edculo.","og_url":"https:\/\/www.clicars.com\/blog\/comparativa\/capacidad-del-maletero-del-peugeot-308\/","og_site_name":"Clicars","article_published_time":"2024-12-26T12:00:07+00:00","og_image":[{"width":900,"height":600,"url":"http:\/\/www.clicars.com\/blog\/wp-content\/uploads\/2024\/12\/capacidad-del-maletero-del-peugeot-308.png","type":"image\/png"}],"author":"Carmen Ruiz","twitter_card":"summary_large_image","twitter_misc":{"Escrito por":"Carmen Ruiz","Tiempo de lectura":"5 minutos"},"schema":{"@context":"https:\/\/schema.org","@graph":[{"@type":"Article","@id":"https:\/\/www.clicars.com\/blog\/comparativa\/capacidad-del-maletero-del-peugeot-308\/#article","isPartOf":{"@id":"https:\/\/www.clicars.com\/blog\/comparativa\/capacidad-del-maletero-del-peugeot-308\/"},"author":{"name":"Carmen Ruiz","@id":"https:\/\/www.clicars.com\/blog\/#\/schema\/person\/479c02bf75aade1cf125545238f39cd8"},"headline":"Capacidad del Maletero del Peugeot 308","datePublished":"2024-12-26T12:00:07+00:00","mainEntityOfPage":{"@id":"https:\/\/www.clicars.com\/blog\/comparativa\/capacidad-del-maletero-del-peugeot-308\/"},"wordCount":1026,"image":{"@id":"https:\/\/www.clicars.com\/blog\/comparativa\/capacidad-del-maletero-del-peugeot-308\/#primaryimage"},"thumbnailUrl":"https:\/\/www.clicars.com\/blog\/wp-content\/uploads\/2024\/12\/capacidad-del-maletero-del-peugeot-308.png","articleSection":["Comparativa"],"inLanguage":"es"},{"@type":["WebPage","ItemPage"],"@id":"https:\/\/www.clicars.com\/blog\/comparativa\/capacidad-del-maletero-del-peugeot-308\/","url":"https:\/\/www.clicars.com\/blog\/comparativa\/capacidad-del-maletero-del-peugeot-308\/","name":"Capacidad del Maletero del Peugeot 308 - Clicars Blog","isPartOf":{"@id":"https:\/\/www.clicars.com\/blog\/#website"},"primaryImageOfPage":{"@id":"https:\/\/www.clicars.com\/blog\/comparativa\/capacidad-del-maletero-del-peugeot-308\/#primaryimage"},"image":{"@id":"https:\/\/www.clicars.com\/blog\/comparativa\/capacidad-del-maletero-del-peugeot-308\/#primaryimage"},"thumbnailUrl":"https:\/\/www.clicars.com\/blog\/wp-content\/uploads\/2024\/12\/capacidad-del-maletero-del-peugeot-308.png","datePublished":"2024-12-26T12:00:07+00:00","author":{"@id":"https:\/\/www.clicars.com\/blog\/#\/schema\/person\/479c02bf75aade1cf125545238f39cd8"},"description":"\u00bfCu\u00e1nto equipaje cabe y cu\u00e1l es la diferencia en el modelo familiar? Todo lo que debes conocer del Peugeot 308 en este art\u00edculo.","breadcrumb":{"@id":"https:\/\/www.clicars.com\/blog\/comparativa\/capacidad-del-maletero-del-peugeot-308\/#breadcrumb"},"inLanguage":"es","potentialAction":[{"@type":"ReadAction","target":["https:\/\/www.clicars.com\/blog\/comparativa\/capacidad-del-maletero-del-peugeot-308\/"]}]},{"@type":"ImageObject","inLanguage":"es","@id":"https:\/\/www.clicars.com\/blog\/comparativa\/capacidad-del-maletero-del-peugeot-308\/#primaryimage","url":"https:\/\/www.clicars.com\/blog\/wp-content\/uploads\/2024\/12\/capacidad-del-maletero-del-peugeot-308.png","contentUrl":"https:\/\/www.clicars.com\/blog\/wp-content\/uploads\/2024\/12\/capacidad-del-maletero-del-peugeot-308.png","width":900,"height":600,"caption":"Capacidad del maletero del Peugeot 308"},{"@type":"BreadcrumbList","@id":"https:\/\/www.clicars.com\/blog\/comparativa\/capacidad-del-maletero-del-peugeot-308\/#breadcrumb","itemListElement":[{"@type":"ListItem","position":1,"name":"Portada","item":"https:\/\/www.clicars.com\/blog\/"},{"@type":"ListItem","position":2,"name":"Capacidad del Maletero del Peugeot 308"}]},{"@type":"WebSite","@id":"https:\/\/www.clicars.com\/blog\/#website","url":"https:\/\/www.clicars.com\/blog\/","name":"Clicars","description":"Compra tu coche de Buena Mano sin moverte de casa","inLanguage":"es"},{"@type":"Person","@id":"https:\/\/www.clicars.com\/blog\/#\/schema\/person\/479c02bf75aade1cf125545238f39cd8","name":"Carmen Ruiz","image":{"@type":"ImageObject","inLanguage":"es","@id":"https:\/\/www.clicars.com\/blog\/#\/schema\/person\/image\/","url":"https:\/\/secure.gravatar.com\/avatar\/a0423e471ced02f73a62b5c5f5b49f4431469fa6c61214e7aca040fb6b5a9d62?s=96&d=mm&r=g","contentUrl":"https:\/\/secure.gravatar.com\/avatar\/a0423e471ced02f73a62b5c5f5b49f4431469fa6c61214e7aca040fb6b5a9d62?s=96&d=mm&r=g","caption":"Carmen Ruiz"},"description":"Mayo del 97. Empec\u00e9 a escribir sobre motor en El Mundo unos cuantos a\u00f1os m\u00e1s tarde y aunque sent\u00eda que llegaba tarde, supe que era lo que quer\u00eda hacer toda la vida. Me sub\u00ed a muchos asientos en la zona del conductor y despu\u00e9s de probar unos cuantos coches, hice una parada en AS para pasar al lado de la competici\u00f3n. He invertido mucha parte de mi tiempo en los circuitos, pero tambi\u00e9n he podido ver carreras en el desierto como enviada especial al Dakar. Y aunque en la competici\u00f3n todo es m\u00e1s fren\u00e9tico, he comprobado que la adrenalina de pisar un acelerador para descubrir las bondades, nunca desparace.","sameAs":["https:\/\/es.linkedin.com\/in\/carmen-mar\u00eda-ruiz-mart\u00ednez-3440a1116"],"url":"https:\/\/www.clicars.com\/blog\/author\/carmen-ruiz\/"}]}},"_links":{"self":[{"href":"https:\/\/www.clicars.com\/blog\/wp-json\/wp\/v2\/posts\/13836","targetHints":{"allow":["GET"]}}],"collection":[{"href":"https:\/\/www.clicars.com\/blog\/wp-json\/wp\/v2\/posts"}],"about":[{"href":"https:\/\/www.clicars.com\/blog\/wp-json\/wp\/v2\/types\/post"}],"author":[{"embeddable":true,"href":"https:\/\/www.clicars.com\/blog\/wp-json\/wp\/v2\/users\/11"}],"replies":[{"embeddable":true,"href":"https:\/\/www.clicars.com\/blog\/wp-json\/wp\/v2\/comments?post=13836"}],"version-history":[{"count":3,"href":"https:\/\/www.clicars.com\/blog\/wp-json\/wp\/v2\/posts\/13836\/revisions"}],"predecessor-version":[{"id":13941,"href":"https:\/\/www.clicars.com\/blog\/wp-json\/wp\/v2\/posts\/13836\/revisions\/13941"}],"wp:featuredmedia":[{"embeddable":true,"href":"https:\/\/www.clicars.com\/blog\/wp-json\/wp\/v2\/media\/13939"}],"wp:attachment":[{"href":"https:\/\/www.clicars.com\/blog\/wp-json\/wp\/v2\/media?parent=13836"}],"wp:term":[{"taxonomy":"category","embeddable":true,"href":"https:\/\/www.clicars.com\/blog\/wp-json\/wp\/v2\/categories?post=13836"},{"taxonomy":"post_tag","embeddable":true,"href":"https:\/\/www.clicars.com\/blog\/wp-json\/wp\/v2\/tags?post=13836"}],"curies":[{"name":"wp","href":"https:\/\/api.w.org\/{rel}","templated":true}]}}