{"id":13950,"date":"2025-01-17T10:11:01","date_gmt":"2025-01-17T08:11:01","guid":{"rendered":"https:\/\/www.clicars.com\/blog\/?p=13950"},"modified":"2025-01-15T10:47:38","modified_gmt":"2025-01-15T08:47:38","slug":"los-coches-electricos-mas-vendidos-de-2024","status":"publish","type":"post","link":"https:\/\/www.clicars.com\/blog\/comparativa\/los-coches-electricos-mas-vendidos-de-2024\/","title":{"rendered":"Los coches el\u00e9ctricos m\u00e1s vendidos de 2024"},"content":{"rendered":"\n<p><span style=\"font-weight: 400;\">Durante el curso de 2024, los <a href=\"https:\/\/www.clicars.com\/coches-segunda-mano-ocasion\/electrico?srsltid=AfmBOoojaaIfhVS5yBNTHIHIgliAVPRjD7t_gLWy7X4tR-TpbWIFovGA\">coches el\u00e9ctricos<\/a> han ganado algo de terreno con respecto a sus hom\u00f3logos de combusti\u00f3n, aunque contin\u00faan siendo un porcentaje minoritario dentro de nuestras fronteras. En total, seg\u00fan la <strong>Asociaci\u00f3n Espa\u00f1ola de Fabricantes de Autom\u00f3viles y Camiones (ANFAC)<\/strong> y el <strong>Instituto de estudios de automoci\u00f3n (Ideauto)<\/strong> se vendieron 57.374 coches el\u00e9ctricos, un 22,3 % m\u00e1s que en 2023.<\/span><\/p>\n<p><span style=\"font-weight: 400;\">Las mec\u00e1nicas de gasolina pura bajaron un 2,1 % su cuota en el acumulado del a\u00f1o, mientras que los di\u00e9sel bajaron un 18,8 %. Por su parte, los h\u00edbridos no enchufables (gasolina y di\u00e9sel) crecieron un 29,5 %, aunque los h\u00edbridos enchufables cayeron en un 5,8 % respecto a 2023. Los coches de gas, por otro lado, crecieron un 27,3 %, y <strong>los el\u00e9ctricos siguen siendo los que menos pueblan las carreteras del pa\u00eds con una cuota del 5,6 % a pesar de su crecimiento<\/strong>.<\/span><\/p>\n<h2><span style=\"font-weight: 400;\"><img loading=\"lazy\" decoding=\"async\" class=\"aligncenter size-full wp-image-14027\" src=\"http:\/\/www.clicars.com\/blog\/wp-content\/uploads\/2025\/01\/electricos-mas-vendidos-2024.jpg\" alt=\"el\u00e9ctricos m\u00e1s vendidos 2024\" width=\"900\" height=\"600\" srcset=\"https:\/\/www.clicars.com\/blog\/wp-content\/uploads\/2025\/01\/electricos-mas-vendidos-2024.jpg 900w, https:\/\/www.clicars.com\/blog\/wp-content\/uploads\/2025\/01\/electricos-mas-vendidos-2024-300x200.jpg 300w, https:\/\/www.clicars.com\/blog\/wp-content\/uploads\/2025\/01\/electricos-mas-vendidos-2024-768x512.jpg 768w\" sizes=\"auto, (max-width: 900px) 100vw, 900px\" \/><\/span><\/h2>\n<h2><span style=\"font-weight: 400;\">Coches el\u00e9ctricos m\u00e1s vendidos m\u00e1s vendidos en Espa\u00f1a en 2024<\/span><\/h2>\n<p><span style=\"font-weight: 400;\">A continuaci\u00f3n, te presentamos el top 10 de los modelos el\u00e9ctricos que lideraron las ventas en el territorio nacional de acuerdo con las cifras ofrecidas por Ideauto en el acumulado de enero a diciembre de 2024:<\/span><\/p>\n<ol>\n<li><b>Tesla Model 3:<\/b><span style=\"font-weight: 400;\"><span style=\"font-weight: 400;\"> con 11.043 unidades vendidas, el Model 3 se consolid\u00f3 como el el\u00e9ctrico de mayor popularidad en Espa\u00f1a. Su dise\u00f1o minimalista y equipamiento tecnol\u00f3gico lo hacen destacar en su segmento gracias en gran parte a sus potentes mec\u00e1nicas el\u00e9ctricas y una gran autonom\u00eda.<\/span><\/span><\/li>\n<li><b>Tesla Model Y:<\/b><span style=\"font-weight: 400;\"><span style=\"font-weight: 400;\"> este SUV compacto es el el\u00e9ctrico m\u00e1s vendido en su segmento con un total de 5.495 unidades vendidas a lo largo del curso de 2024. M\u00e1s vers\u00e1til y espacioso, el Model Y ha conquistado a las familias espa\u00f1olas con su interior m\u00e1s amplio y las mismas virtudes del Model 3 que lidera el segmento.<\/span><\/span><\/li>\n<li><b>MG 4:<\/b><span style=\"font-weight: 400;\"><span style=\"font-weight: 400;\"> 2.668 unidades vendidas no parecen muchas, pero se cuela en el <em>top 3<\/em> de el\u00e9ctricos m\u00e1s vendidos en nuestro pa\u00eds en el mismo a\u00f1o en el que fue introducido. Y eso solo puede significar una cosa, que sus ventas no har\u00e1n m\u00e1s que acrecentarse gracias a su competitivo precio y atrevido dise\u00f1o.<\/span><\/span><\/li>\n<li><b>Volvo EX30:<\/b><span style=\"font-weight: 400;\"><span style=\"font-weight: 400;\"> con 2.358 unidades, este SUV el\u00e9ctrico de Volvo ha causado sensaci\u00f3n por su dise\u00f1o elegante, la seguridad que caracteriza a la marca y una tecnolog\u00eda avanzada que ya integra Google Assistant en sus entra\u00f1as, ofreciendo una opci\u00f3n premium en el segmento de los SUV el\u00e9ctricos urbanos.<\/span><\/span><\/li>\n<li><b>BMW iX1:<\/b><span style=\"font-weight: 400;\"><span style=\"font-weight: 400;\"> la versi\u00f3n el\u00e9ctrica del X1 ha convencido por su mezcla de lujo, dinamismo y autonom\u00eda. Con 1.807 unidades comercializadas no est\u00e1 al nivel de la firma estadounidense con su Model Y, pero es la propuesta alemana que, hasta la fecha, m\u00e1s se ha acercado.<\/span><\/span><\/li>\n<li><b>MINI:<\/b><span style=\"font-weight: 400;\"><span style=\"font-weight: 400;\"> el MINI el\u00e9ctrico ha mantenido su esencia en un formato cero emisiones, combinando el estilo cl\u00e1sico del modelo aunado a una conducci\u00f3n amena y una autonom\u00eda sorprendente para su tama\u00f1o. Su elevado peso, como su precio, quiz\u00e1 es lo \u00fanico que lo ha limitado a tan solo 1.743 unidades vendidas.<\/span><\/span><\/li>\n<li><b>Mercedes-Benz EQA:<\/b><span style=\"font-weight: 400;\"><span style=\"font-weight: 400;\"> el SUV el\u00e9ctrico compacto de la firma de la estrella ha conseguido una base fiel de conductores gracias a su confort, dise\u00f1o refinado y la calidad de los acabados, todo con la sostenibilidad como bandera. Con 1.647 ejemplares adjudicados est\u00e1 realmente cerca de alcanzar a su rival directo, el BMW iX1.<\/span><\/span><\/li>\n<li><b>BYD Atto 3:<\/b><span style=\"font-weight: 400;\"><span style=\"font-weight: 400;\"> junto a MG, BYD es la marca china que m\u00e1s est\u00e1 arrasando en Espa\u00f1a. Con una excelente relaci\u00f3n calidad-precio, tecnolog\u00eda avanzada y un dise\u00f1o atractivo, el Atto 3 est\u00e1 logrando posicionarse como una de las opciones m\u00e1s completas del mercado, y sus 1.231 unidades comercializadas en el pa\u00eds as\u00ed lo refutan.<\/span><\/span><\/li>\n<li><b>BYD Dolphin:<\/b><span style=\"font-weight: 400;\"><span style=\"font-weight: 400;\"> sus 1.154 unidades comercializadas ejemplifican que el modelo chino brilla en un mundo que aboga por la electrificaci\u00f3n \u00edntegra sin necesidad de tener que desembolsar una gran cantidad de dinero. Accesible y pr\u00e1ctico, ideal para quienes buscan un urbano sin perder eficiencia y con un toque de estilo.<\/span><\/span><\/li>\n<li><b>Kia e-Niro:<\/b><span style=\"font-weight: 400;\"> la versi\u00f3n de cero emisiones (y ruido) del Niro es una de las preferidas por su dise\u00f1o sobrio, una buena autonom\u00eda y una gran fiabilidad. Gracias a su equilibrio entre estas caracter\u00edsticas, destaca como un SUV el\u00e9ctrico pr\u00e1ctico y accesible para las familias con un total de 1.093 unidades vendidas en 2024.<\/span><\/li>\n<\/ol>\n<h2><span style=\"font-weight: 400;\">\u00bfCu\u00e1les son las predicciones para 2025?<\/span><\/h2>\n<p><span style=\"font-weight: 400;\">Analizando las tendencias de ventas de veh\u00edculos el\u00e9ctricos en Espa\u00f1a en los \u00faltimos a\u00f1os y considerando los pr\u00f3ximos lanzamientos y actualizaciones de modelos previstos para 2025, se pueden anticipar los <strong>modelos 100 % el\u00e9ctricos<\/strong> que probablemente liderar\u00e1n el mercado espa\u00f1ol en ese a\u00f1o.<\/span><\/p>\n<p><span style=\"font-weight: 400;\">En 2024, el Tesla Model 3 fue el veh\u00edculo el\u00e9ctrico m\u00e1s vendido en Espa\u00f1a, seguido por el Model Y. Junto al MG 4, no se vaticinan grandes cambios en el podio de cara a 2025. Sin embargo, Renault ya ha lanzado una versi\u00f3n moderna de su ic\u00f3nico modelo, el <strong>5<\/strong>, y con una autonom\u00eda de hasta 405 kil\u00f3metros y precios competitivos, podr\u00eda atraer a una amplia gama de compradores.<\/span><\/p>\n<p><span style=\"font-weight: 400;\">Otro que podr\u00eda entrar en la lista de los m\u00e1s vendidos en 2025 podr\u00eda ser el <strong>CUPRA Raval<\/strong>, pues con potentes motores el\u00e9ctricos disponibles y un precio de partida por debajo de los 30.000 euros junto a una est\u00e9tica cuanto menos llamativa, deber\u00eda de ser un \u00e9xito de ventas en el pa\u00eds. Sin salirnos del grupo, Volkswagen planea introducir el <strong>ID.2<\/strong>, un urbano el\u00e9ctrico que ampl\u00ede su oferta en el segmento de veh\u00edculos el\u00e9ctricos asequibles, al igual que Fiat con la introducci\u00f3n del <strong>Grande Panda<\/strong>.<\/span><\/p>\n","protected":false},"excerpt":{"rendered":"<p>Durante el curso de 2024, los coches el\u00e9ctricos han ganado algo de terreno con respecto&#8230;<\/p>\n","protected":false},"author":9,"featured_media":14026,"comment_status":"closed","ping_status":"closed","sticky":false,"template":"","format":"standard","meta":{"footnotes":""},"categories":[2],"tags":[],"class_list":{"0":"post-13950","1":"post","2":"type-post","3":"status-publish","4":"format-standard","5":"has-post-thumbnail","7":"category-comparativa"},"yoast_head":"<!-- This site is optimized with the Yoast SEO plugin v26.8 - https:\/\/yoast.com\/product\/yoast-seo-wordpress\/ -->\n<title>Los coches el\u00e9ctricos m\u00e1s vendidos de 2024 - Clicars Blog<\/title>\n<meta name=\"description\" content=\"Durante el curso de 2024, los coches el\u00e9ctricos m\u00e1s vendidos en nuestro pa\u00eds se han consolidado como mejor opci\u00f3n que el pasado a\u00f1o.\" \/>\n<meta name=\"robots\" content=\"index, follow, max-snippet:-1, max-image-preview:large, max-video-preview:-1\" \/>\n<link rel=\"canonical\" href=\"https:\/\/www.clicars.com\/blog\/comparativa\/los-coches-electricos-mas-vendidos-de-2024\/\" \/>\n<meta property=\"og:locale\" content=\"es_ES\" \/>\n<meta property=\"og:type\" content=\"article\" \/>\n<meta property=\"og:title\" content=\"Los coches el\u00e9ctricos m\u00e1s vendidos de 2024 - Clicars Blog\" \/>\n<meta property=\"og:description\" content=\"Durante el curso de 2024, los coches el\u00e9ctricos m\u00e1s vendidos en nuestro pa\u00eds se han consolidado como mejor opci\u00f3n que el pasado a\u00f1o.\" \/>\n<meta property=\"og:url\" content=\"https:\/\/www.clicars.com\/blog\/comparativa\/los-coches-electricos-mas-vendidos-de-2024\/\" \/>\n<meta property=\"og:site_name\" content=\"Clicars\" \/>\n<meta property=\"article:published_time\" content=\"2025-01-17T08:11:01+00:00\" \/>\n<meta property=\"og:image\" content=\"https:\/\/www.clicars.com\/blog\/wp-content\/uploads\/2025\/01\/coches-electricos-mas-vendidos-en-2024.jpg\" \/>\n\t<meta property=\"og:image:width\" content=\"900\" \/>\n\t<meta property=\"og:image:height\" content=\"600\" \/>\n\t<meta property=\"og:image:type\" content=\"image\/jpeg\" \/>\n<meta name=\"author\" content=\"Luis Bl\u00e1zquez\" \/>\n<meta name=\"twitter:card\" content=\"summary_large_image\" \/>\n<meta name=\"twitter:label1\" content=\"Escrito por\" \/>\n\t<meta name=\"twitter:data1\" content=\"Luis Bl\u00e1zquez\" \/>\n\t<meta name=\"twitter:label2\" content=\"Tiempo de lectura\" \/>\n\t<meta name=\"twitter:data2\" content=\"5 minutos\" \/>\n<script type=\"application\/ld+json\" class=\"yoast-schema-graph\">{\"@context\":\"https:\/\/schema.org\",\"@graph\":[{\"@type\":\"Article\",\"@id\":\"https:\/\/www.clicars.com\/blog\/comparativa\/los-coches-electricos-mas-vendidos-de-2024\/#article\",\"isPartOf\":{\"@id\":\"https:\/\/www.clicars.com\/blog\/comparativa\/los-coches-electricos-mas-vendidos-de-2024\/\"},\"author\":{\"name\":\"Luis Bl\u00e1zquez\",\"@id\":\"https:\/\/www.clicars.com\/blog\/#\/schema\/person\/c89c17578baf7e98a71929208c7fcc7f\"},\"headline\":\"Los coches el\u00e9ctricos m\u00e1s vendidos de 2024\",\"datePublished\":\"2025-01-17T08:11:01+00:00\",\"mainEntityOfPage\":{\"@id\":\"https:\/\/www.clicars.com\/blog\/comparativa\/los-coches-electricos-mas-vendidos-de-2024\/\"},\"wordCount\":975,\"image\":{\"@id\":\"https:\/\/www.clicars.com\/blog\/comparativa\/los-coches-electricos-mas-vendidos-de-2024\/#primaryimage\"},\"thumbnailUrl\":\"https:\/\/www.clicars.com\/blog\/wp-content\/uploads\/2025\/01\/coches-electricos-mas-vendidos-en-2024.jpg\",\"articleSection\":[\"Comparativa\"],\"inLanguage\":\"es\"},{\"@type\":[\"WebPage\",\"ItemPage\"],\"@id\":\"https:\/\/www.clicars.com\/blog\/comparativa\/los-coches-electricos-mas-vendidos-de-2024\/\",\"url\":\"https:\/\/www.clicars.com\/blog\/comparativa\/los-coches-electricos-mas-vendidos-de-2024\/\",\"name\":\"Los coches el\u00e9ctricos m\u00e1s vendidos de 2024 - Clicars Blog\",\"isPartOf\":{\"@id\":\"https:\/\/www.clicars.com\/blog\/#website\"},\"primaryImageOfPage\":{\"@id\":\"https:\/\/www.clicars.com\/blog\/comparativa\/los-coches-electricos-mas-vendidos-de-2024\/#primaryimage\"},\"image\":{\"@id\":\"https:\/\/www.clicars.com\/blog\/comparativa\/los-coches-electricos-mas-vendidos-de-2024\/#primaryimage\"},\"thumbnailUrl\":\"https:\/\/www.clicars.com\/blog\/wp-content\/uploads\/2025\/01\/coches-electricos-mas-vendidos-en-2024.jpg\",\"datePublished\":\"2025-01-17T08:11:01+00:00\",\"author\":{\"@id\":\"https:\/\/www.clicars.com\/blog\/#\/schema\/person\/c89c17578baf7e98a71929208c7fcc7f\"},\"description\":\"Durante el curso de 2024, los coches el\u00e9ctricos m\u00e1s vendidos en nuestro pa\u00eds se han consolidado como mejor opci\u00f3n que el pasado a\u00f1o.\",\"breadcrumb\":{\"@id\":\"https:\/\/www.clicars.com\/blog\/comparativa\/los-coches-electricos-mas-vendidos-de-2024\/#breadcrumb\"},\"inLanguage\":\"es\",\"potentialAction\":[{\"@type\":\"ReadAction\",\"target\":[\"https:\/\/www.clicars.com\/blog\/comparativa\/los-coches-electricos-mas-vendidos-de-2024\/\"]}]},{\"@type\":\"ImageObject\",\"inLanguage\":\"es\",\"@id\":\"https:\/\/www.clicars.com\/blog\/comparativa\/los-coches-electricos-mas-vendidos-de-2024\/#primaryimage\",\"url\":\"https:\/\/www.clicars.com\/blog\/wp-content\/uploads\/2025\/01\/coches-electricos-mas-vendidos-en-2024.jpg\",\"contentUrl\":\"https:\/\/www.clicars.com\/blog\/wp-content\/uploads\/2025\/01\/coches-electricos-mas-vendidos-en-2024.jpg\",\"width\":900,\"height\":600,\"caption\":\"Los coches el\u00e9ctricos m\u00e1s vendidos de 2024\"},{\"@type\":\"BreadcrumbList\",\"@id\":\"https:\/\/www.clicars.com\/blog\/comparativa\/los-coches-electricos-mas-vendidos-de-2024\/#breadcrumb\",\"itemListElement\":[{\"@type\":\"ListItem\",\"position\":1,\"name\":\"Portada\",\"item\":\"https:\/\/www.clicars.com\/blog\/\"},{\"@type\":\"ListItem\",\"position\":2,\"name\":\"Los coches el\u00e9ctricos m\u00e1s vendidos de 2024\"}]},{\"@type\":\"WebSite\",\"@id\":\"https:\/\/www.clicars.com\/blog\/#website\",\"url\":\"https:\/\/www.clicars.com\/blog\/\",\"name\":\"Clicars\",\"description\":\"Compra tu coche de Buena Mano sin moverte de casa\",\"inLanguage\":\"es\"},{\"@type\":\"Person\",\"@id\":\"https:\/\/www.clicars.com\/blog\/#\/schema\/person\/c89c17578baf7e98a71929208c7fcc7f\",\"name\":\"Luis Bl\u00e1zquez\",\"image\":{\"@type\":\"ImageObject\",\"inLanguage\":\"es\",\"@id\":\"https:\/\/www.clicars.com\/blog\/#\/schema\/person\/image\/\",\"url\":\"https:\/\/secure.gravatar.com\/avatar\/5214422833f62ac5eff4b49b98cf2bb3da6d1c0bd202eb91b732410ef94c8981?s=96&d=mm&r=g\",\"contentUrl\":\"https:\/\/secure.gravatar.com\/avatar\/5214422833f62ac5eff4b49b98cf2bb3da6d1c0bd202eb91b732410ef94c8981?s=96&d=mm&r=g\",\"caption\":\"Luis Bl\u00e1zquez\"},\"description\":\"Apasionado de todo lo que tenga ruedas previamente a tener uso de raz\u00f3n. Por mis venas corre la gasolina que me permite plasmar con palabras cualquier asunto relacionado con el mundo de la automoci\u00f3n. Para algunos dos m\u00e1s dos son cuatro; para m\u00ed, es un coche.\",\"sameAs\":[\"https:\/\/es.linkedin.com\/in\/luis-bl\u00e1zquez-b7b5ba207\"],\"url\":\"https:\/\/www.clicars.com\/blog\/author\/luis-blazquez\/\"}]}<\/script>\n<!-- \/ Yoast SEO plugin. -->","yoast_head_json":{"title":"Los coches el\u00e9ctricos m\u00e1s vendidos de 2024 - Clicars Blog","description":"Durante el curso de 2024, los coches el\u00e9ctricos m\u00e1s vendidos en nuestro pa\u00eds se han consolidado como mejor opci\u00f3n que el pasado a\u00f1o.","robots":{"index":"index","follow":"follow","max-snippet":"max-snippet:-1","max-image-preview":"max-image-preview:large","max-video-preview":"max-video-preview:-1"},"canonical":"https:\/\/www.clicars.com\/blog\/comparativa\/los-coches-electricos-mas-vendidos-de-2024\/","og_locale":"es_ES","og_type":"article","og_title":"Los coches el\u00e9ctricos m\u00e1s vendidos de 2024 - Clicars Blog","og_description":"Durante el curso de 2024, los coches el\u00e9ctricos m\u00e1s vendidos en nuestro pa\u00eds se han consolidado como mejor opci\u00f3n que el pasado a\u00f1o.","og_url":"https:\/\/www.clicars.com\/blog\/comparativa\/los-coches-electricos-mas-vendidos-de-2024\/","og_site_name":"Clicars","article_published_time":"2025-01-17T08:11:01+00:00","og_image":[{"width":900,"height":600,"url":"https:\/\/www.clicars.com\/blog\/wp-content\/uploads\/2025\/01\/coches-electricos-mas-vendidos-en-2024.jpg","type":"image\/jpeg"}],"author":"Luis Bl\u00e1zquez","twitter_card":"summary_large_image","twitter_misc":{"Escrito por":"Luis Bl\u00e1zquez","Tiempo de lectura":"5 minutos"},"schema":{"@context":"https:\/\/schema.org","@graph":[{"@type":"Article","@id":"https:\/\/www.clicars.com\/blog\/comparativa\/los-coches-electricos-mas-vendidos-de-2024\/#article","isPartOf":{"@id":"https:\/\/www.clicars.com\/blog\/comparativa\/los-coches-electricos-mas-vendidos-de-2024\/"},"author":{"name":"Luis Bl\u00e1zquez","@id":"https:\/\/www.clicars.com\/blog\/#\/schema\/person\/c89c17578baf7e98a71929208c7fcc7f"},"headline":"Los coches el\u00e9ctricos m\u00e1s vendidos de 2024","datePublished":"2025-01-17T08:11:01+00:00","mainEntityOfPage":{"@id":"https:\/\/www.clicars.com\/blog\/comparativa\/los-coches-electricos-mas-vendidos-de-2024\/"},"wordCount":975,"image":{"@id":"https:\/\/www.clicars.com\/blog\/comparativa\/los-coches-electricos-mas-vendidos-de-2024\/#primaryimage"},"thumbnailUrl":"https:\/\/www.clicars.com\/blog\/wp-content\/uploads\/2025\/01\/coches-electricos-mas-vendidos-en-2024.jpg","articleSection":["Comparativa"],"inLanguage":"es"},{"@type":["WebPage","ItemPage"],"@id":"https:\/\/www.clicars.com\/blog\/comparativa\/los-coches-electricos-mas-vendidos-de-2024\/","url":"https:\/\/www.clicars.com\/blog\/comparativa\/los-coches-electricos-mas-vendidos-de-2024\/","name":"Los coches el\u00e9ctricos m\u00e1s vendidos de 2024 - Clicars Blog","isPartOf":{"@id":"https:\/\/www.clicars.com\/blog\/#website"},"primaryImageOfPage":{"@id":"https:\/\/www.clicars.com\/blog\/comparativa\/los-coches-electricos-mas-vendidos-de-2024\/#primaryimage"},"image":{"@id":"https:\/\/www.clicars.com\/blog\/comparativa\/los-coches-electricos-mas-vendidos-de-2024\/#primaryimage"},"thumbnailUrl":"https:\/\/www.clicars.com\/blog\/wp-content\/uploads\/2025\/01\/coches-electricos-mas-vendidos-en-2024.jpg","datePublished":"2025-01-17T08:11:01+00:00","author":{"@id":"https:\/\/www.clicars.com\/blog\/#\/schema\/person\/c89c17578baf7e98a71929208c7fcc7f"},"description":"Durante el curso de 2024, los coches el\u00e9ctricos m\u00e1s vendidos en nuestro pa\u00eds se han consolidado como mejor opci\u00f3n que el pasado a\u00f1o.","breadcrumb":{"@id":"https:\/\/www.clicars.com\/blog\/comparativa\/los-coches-electricos-mas-vendidos-de-2024\/#breadcrumb"},"inLanguage":"es","potentialAction":[{"@type":"ReadAction","target":["https:\/\/www.clicars.com\/blog\/comparativa\/los-coches-electricos-mas-vendidos-de-2024\/"]}]},{"@type":"ImageObject","inLanguage":"es","@id":"https:\/\/www.clicars.com\/blog\/comparativa\/los-coches-electricos-mas-vendidos-de-2024\/#primaryimage","url":"https:\/\/www.clicars.com\/blog\/wp-content\/uploads\/2025\/01\/coches-electricos-mas-vendidos-en-2024.jpg","contentUrl":"https:\/\/www.clicars.com\/blog\/wp-content\/uploads\/2025\/01\/coches-electricos-mas-vendidos-en-2024.jpg","width":900,"height":600,"caption":"Los coches el\u00e9ctricos m\u00e1s vendidos de 2024"},{"@type":"BreadcrumbList","@id":"https:\/\/www.clicars.com\/blog\/comparativa\/los-coches-electricos-mas-vendidos-de-2024\/#breadcrumb","itemListElement":[{"@type":"ListItem","position":1,"name":"Portada","item":"https:\/\/www.clicars.com\/blog\/"},{"@type":"ListItem","position":2,"name":"Los coches el\u00e9ctricos m\u00e1s vendidos de 2024"}]},{"@type":"WebSite","@id":"https:\/\/www.clicars.com\/blog\/#website","url":"https:\/\/www.clicars.com\/blog\/","name":"Clicars","description":"Compra tu coche de Buena Mano sin moverte de casa","inLanguage":"es"},{"@type":"Person","@id":"https:\/\/www.clicars.com\/blog\/#\/schema\/person\/c89c17578baf7e98a71929208c7fcc7f","name":"Luis Bl\u00e1zquez","image":{"@type":"ImageObject","inLanguage":"es","@id":"https:\/\/www.clicars.com\/blog\/#\/schema\/person\/image\/","url":"https:\/\/secure.gravatar.com\/avatar\/5214422833f62ac5eff4b49b98cf2bb3da6d1c0bd202eb91b732410ef94c8981?s=96&d=mm&r=g","contentUrl":"https:\/\/secure.gravatar.com\/avatar\/5214422833f62ac5eff4b49b98cf2bb3da6d1c0bd202eb91b732410ef94c8981?s=96&d=mm&r=g","caption":"Luis Bl\u00e1zquez"},"description":"Apasionado de todo lo que tenga ruedas previamente a tener uso de raz\u00f3n. Por mis venas corre la gasolina que me permite plasmar con palabras cualquier asunto relacionado con el mundo de la automoci\u00f3n. Para algunos dos m\u00e1s dos son cuatro; para m\u00ed, es un coche.","sameAs":["https:\/\/es.linkedin.com\/in\/luis-bl\u00e1zquez-b7b5ba207"],"url":"https:\/\/www.clicars.com\/blog\/author\/luis-blazquez\/"}]}},"_links":{"self":[{"href":"https:\/\/www.clicars.com\/blog\/wp-json\/wp\/v2\/posts\/13950","targetHints":{"allow":["GET"]}}],"collection":[{"href":"https:\/\/www.clicars.com\/blog\/wp-json\/wp\/v2\/posts"}],"about":[{"href":"https:\/\/www.clicars.com\/blog\/wp-json\/wp\/v2\/types\/post"}],"author":[{"embeddable":true,"href":"https:\/\/www.clicars.com\/blog\/wp-json\/wp\/v2\/users\/9"}],"replies":[{"embeddable":true,"href":"https:\/\/www.clicars.com\/blog\/wp-json\/wp\/v2\/comments?post=13950"}],"version-history":[{"count":5,"href":"https:\/\/www.clicars.com\/blog\/wp-json\/wp\/v2\/posts\/13950\/revisions"}],"predecessor-version":[{"id":14029,"href":"https:\/\/www.clicars.com\/blog\/wp-json\/wp\/v2\/posts\/13950\/revisions\/14029"}],"wp:featuredmedia":[{"embeddable":true,"href":"https:\/\/www.clicars.com\/blog\/wp-json\/wp\/v2\/media\/14026"}],"wp:attachment":[{"href":"https:\/\/www.clicars.com\/blog\/wp-json\/wp\/v2\/media?parent=13950"}],"wp:term":[{"taxonomy":"category","embeddable":true,"href":"https:\/\/www.clicars.com\/blog\/wp-json\/wp\/v2\/categories?post=13950"},{"taxonomy":"post_tag","embeddable":true,"href":"https:\/\/www.clicars.com\/blog\/wp-json\/wp\/v2\/tags?post=13950"}],"curies":[{"name":"wp","href":"https:\/\/api.w.org\/{rel}","templated":true}]}}