{"id":14036,"date":"2025-02-07T10:40:48","date_gmt":"2025-02-07T08:40:48","guid":{"rendered":"https:\/\/www.clicars.com\/blog\/?p=14036"},"modified":"2025-02-04T10:47:39","modified_gmt":"2025-02-04T08:47:39","slug":"skoda-octavia-tamano-capacidad-del-maletero-y-mas","status":"publish","type":"post","link":"https:\/\/www.clicars.com\/blog\/comparativa\/skoda-octavia-tamano-capacidad-del-maletero-y-mas\/","title":{"rendered":"Skoda Octavia: tama\u00f1o, capacidad del maletero y m\u00e1s"},"content":{"rendered":"<div id=\"ez-toc-container\" class=\"ez-toc-v2_0_80 counter-hierarchy ez-toc-counter ez-toc-light-blue ez-toc-container-direction\">\n<p class=\"ez-toc-title\" style=\"cursor:inherit\">\u00cdndice de contenidos<\/p>\n<label for=\"ez-toc-cssicon-toggle-item-69f5b66518dfc\" class=\"ez-toc-cssicon-toggle-label\"><span class=\"ez-toc-cssicon\"><span class=\"eztoc-hide\" style=\"display:none;\">Toggle<\/span><span class=\"ez-toc-icon-toggle-span\"><svg style=\"fill: #999;color:#999\" xmlns=\"http:\/\/www.w3.org\/2000\/svg\" class=\"list-377408\" width=\"20px\" height=\"20px\" viewBox=\"0 0 24 24\" fill=\"none\"><path d=\"M6 6H4v2h2V6zm14 0H8v2h12V6zM4 11h2v2H4v-2zm16 0H8v2h12v-2zM4 16h2v2H4v-2zm16 0H8v2h12v-2z\" fill=\"currentColor\"><\/path><\/svg><svg style=\"fill: #999;color:#999\" class=\"arrow-unsorted-368013\" xmlns=\"http:\/\/www.w3.org\/2000\/svg\" width=\"10px\" height=\"10px\" viewBox=\"0 0 24 24\" version=\"1.2\" baseProfile=\"tiny\"><path d=\"M18.2 9.3l-6.2-6.3-6.2 6.3c-.2.2-.3.4-.3.7s.1.5.3.7c.2.2.4.3.7.3h11c.3 0 .5-.1.7-.3.2-.2.3-.5.3-.7s-.1-.5-.3-.7zM5.8 14.7l6.2 6.3 6.2-6.3c.2-.2.3-.5.3-.7s-.1-.5-.3-.7c-.2-.2-.4-.3-.7-.3h-11c-.3 0-.5.1-.7.3-.2.2-.3.5-.3.7s.1.5.3.7z\"\/><\/svg><\/span><\/span><\/label><input type=\"checkbox\"  id=\"ez-toc-cssicon-toggle-item-69f5b66518dfc\"  aria-label=\"Alternar\" \/><nav><ul class='ez-toc-list ez-toc-list-level-1 ' ><li class='ez-toc-page-1 ez-toc-heading-level-2'><a class=\"ez-toc-link ez-toc-heading-1\" href=\"https:\/\/www.clicars.com\/blog\/comparativa\/skoda-octavia-tamano-capacidad-del-maletero-y-mas\/#%C2%BFCuanto_mide_el_Skoda_Octavia\" >\u00bfCu\u00e1nto mide el Skoda Octavia?<\/a><\/li><li class='ez-toc-page-1 ez-toc-heading-level-2'><a class=\"ez-toc-link ez-toc-heading-2\" href=\"https:\/\/www.clicars.com\/blog\/comparativa\/skoda-octavia-tamano-capacidad-del-maletero-y-mas\/#%C2%BFQue_tipo_de_coches_es_el_Skoda_Octavia\" >\u00bfQu\u00e9 tipo de coches es el Skoda Octavia?<\/a><\/li><li class='ez-toc-page-1 ez-toc-heading-level-2'><a class=\"ez-toc-link ez-toc-heading-3\" href=\"https:\/\/www.clicars.com\/blog\/comparativa\/skoda-octavia-tamano-capacidad-del-maletero-y-mas\/#%C2%BFPor_que_elegir_el_Skoda_Octavia_por_su_espacio_y_dimensiones\" >\u00bfPor qu\u00e9 elegir el Skoda Octavia por su espacio y dimensiones?<\/a><\/li><li class='ez-toc-page-1 ez-toc-heading-level-2'><a class=\"ez-toc-link ez-toc-heading-4\" href=\"https:\/\/www.clicars.com\/blog\/comparativa\/skoda-octavia-tamano-capacidad-del-maletero-y-mas\/#Algunas_versiones_del_Skoda_Octavia\" >Algunas versiones del Skoda Octavia<\/a><\/li><\/ul><\/nav><\/div>\n\n<p><span style=\"font-weight: 400;\">La cuarta generaci\u00f3n del <a href=\"https:\/\/www.clicars.com\/coches-segunda-mano-ocasion\/skoda\/octavia\">Skoda Octavia<\/a> lleg\u00f3 como un referente en el segmento compacto de amplias cotas interiores, cruzando sin esfuerzo la l\u00ednea hacia las berlinas medias. Perfecto para familias, viajeros frecuentes o cualquiera que <strong>necesite espacio y versatilidad<\/strong>, el modelo checo combina un dise\u00f1o sobrio con la funcionalidad que lo hace destacar en su categor\u00eda.<\/span><\/p>\n<p><span style=\"font-weight: 400;\">De hecho, desde su presentaci\u00f3n hace casi tres d\u00e9cadas, el Skoda Octavia ha sido una gran elecci\u00f3n para quienes valoran la <a href=\"https:\/\/www.clicars.com\/blog\/comparativa\/las-marcas-de-coches-mas-fiables-del-mercado\/\">fiabilidad<\/a>, la comodidad y una <a href=\"https:\/\/www.clicars.com\/blog\/comparativa\/los-coches-con-maletero-mas-grande\/\">generosa capacidad de carga<\/a>. Con el modelo actual, la marca no ha hecho m\u00e1s que afianzar esa tradici\u00f3n, manteniendo su reputaci\u00f3n de <strong>coche pr\u00e1ctico y eficiente<\/strong>. Con un espacio interior m\u00e1s que suficiente para cuatro adultos y todo su equipaje, el Octavia sigue siendo una opci\u00f3n predilecta.<\/span><\/p>\n<p><span style=\"font-weight: 400;\">\u00bfLo mejor? A pesar de su tama\u00f1o relativamente compacto por fuera, el habit\u00e1culo es m\u00e1s grande que nunca, con un maletero de los m\u00e1s amplios de su clase. Si buscas versatilidad, la tecnolog\u00eda m\u00e1s moderna del Grupo Volkswagen y una m\u00e1s que decente relaci\u00f3n de calidad y precio,<strong> el Skoda Octavia tiene todo lo que puedes necesitar sin perder su car\u00e1cter distintivo<\/strong>, pudiendo elegir entre versiones de gasolina de hasta 265 CV y di\u00e9sel de 150 CV.<\/span><\/p>\n<h2><span class=\"ez-toc-section\" id=\"%C2%BFCuanto_mide_el_Skoda_Octavia\"><\/span><span style=\"font-weight: 400;\">\u00bfCu\u00e1nto mide el Skoda Octavia?<\/span><span class=\"ez-toc-section-end\"><\/span><\/h2>\n<p><span style=\"font-weight: 400;\">El Skoda Octavia mide <strong>4.698 mil\u00edmetros de longitud, 1.829 mm de anchura y 1.470 mm de altura, con una distancia entre ejes de 2.686 mm<\/strong>. Por su parte, la versi\u00f3n Combi comparte las mismas dimensiones exteriores. La diferencia m\u00e1s notable entre ambas versiones radica en la capacidad del maletero: mientras que la berlina ofrece <strong>600 litros<\/strong>, la Combi ampl\u00eda este espacio hasta los <strong>640 litros<\/strong> que pueden ampliarse hasta el techo.<\/span><\/p>\n<p><span style=\"font-weight: 400;\">Al comparar el Skoda Octavia con otros modelos del segmento, observamos que, aunque cuenta con unas dimensiones exteriores algo m\u00e1s reducidas que otros competidores como el Volkswagen Passat o el Ford Mondeo, <strong>el Octavia destaca por ofrecer una capacidad de carga superior, especialmente en su versi\u00f3n familiar<\/strong>. Esto lo convierte en una opci\u00f3n m\u00e1s que atractiva para aquellos que buscan un equilibrio entre espacio interior y dimensiones exteriores manejables.<\/span><\/p>\n<p><img loading=\"lazy\" decoding=\"async\" class=\"aligncenter size-full wp-image-14135\" src=\"http:\/\/www.clicars.com\/blog\/wp-content\/uploads\/2025\/02\/que-medidas-tiene-el-skoda-octavia.jpg\" alt=\"que medidas tiene el skoda octavia\" width=\"1800\" height=\"1200\" srcset=\"https:\/\/www.clicars.com\/blog\/wp-content\/uploads\/2025\/02\/que-medidas-tiene-el-skoda-octavia.jpg 1800w, https:\/\/www.clicars.com\/blog\/wp-content\/uploads\/2025\/02\/que-medidas-tiene-el-skoda-octavia-300x200.jpg 300w, https:\/\/www.clicars.com\/blog\/wp-content\/uploads\/2025\/02\/que-medidas-tiene-el-skoda-octavia-1024x683.jpg 1024w, https:\/\/www.clicars.com\/blog\/wp-content\/uploads\/2025\/02\/que-medidas-tiene-el-skoda-octavia-768x512.jpg 768w, https:\/\/www.clicars.com\/blog\/wp-content\/uploads\/2025\/02\/que-medidas-tiene-el-skoda-octavia-1536x1024.jpg 1536w, https:\/\/www.clicars.com\/blog\/wp-content\/uploads\/2025\/02\/que-medidas-tiene-el-skoda-octavia-900x600.jpg 900w\" sizes=\"auto, (max-width: 1800px) 100vw, 1800px\" \/><\/p>\n<h2><span class=\"ez-toc-section\" id=\"%C2%BFQue_tipo_de_coches_es_el_Skoda_Octavia\"><\/span><span style=\"font-weight: 400;\">\u00bfQu\u00e9 tipo de coches es el Skoda Octavia?<\/span><span class=\"ez-toc-section-end\"><\/span><\/h2>\n<p><span style=\"font-weight: 400;\">Siempre se ha dicho que el Skoda Octavia es el coche que juega en dos ligas a la par. Aunque comparte plataforma con modelos compactos como el Volkswagen Golf o el SEAT Le\u00f3n, se estira lo suficiente para entrar en el terreno de las berlinas. \u00bfEl secreto? <strong>Del pilar B hacia atr\u00e1s, el Octavia es mucho m\u00e1s espacioso, ofreciendo un interior que roza el de segmentos superiores sin perder su agilidad en ciudad<\/strong>.<\/span><\/p>\n<p><span style=\"font-weight: 400;\">Es el coche ideal para todo tipo de usos: <strong>c\u00f3modo y eficiente en el d\u00eda a d\u00eda, pero tambi\u00e9n un gran compa\u00f1ero para los viajes largos gracias a su generoso espacio y maletero<\/strong>. Adem\u00e1s, su dise\u00f1o mantiene esa mezcla perfecta entre elegancia y funcionalidad, con l\u00edneas sobrias y modernas que lo hacen destacar sin necesidad de estridencias. Es el coche que encaja en cualquier plan, ya sea un recorrido urbano, una escapada de fin de semana o un viaje \u00e9pico con toda la familia y el equipaje a cuestas. \u00bfCompacto o berlina? Simplemente, Octavia.<\/span><\/p>\n<h2><span class=\"ez-toc-section\" id=\"%C2%BFPor_que_elegir_el_Skoda_Octavia_por_su_espacio_y_dimensiones\"><\/span><span style=\"font-weight: 400;\">\u00bfPor qu\u00e9 elegir el Skoda Octavia por su espacio y dimensiones?<\/span><span class=\"ez-toc-section-end\"><\/span><\/h2>\n<p><span style=\"font-weight: 400;\">Insistimos una vez m\u00e1s: si buscas un coche con espacio de sobra pero sin el tama\u00f1o de un transatl\u00e1ntico, el Skoda Octavia es una apuesta segura. Con casi 4,70 metros de longitud, <strong>no es demasiado voluminoso para los aparcamientos m\u00e1s angostos, pero s\u00ed ofrece un interior amplio donde los pasajeros viajan c\u00f3modos, incluso en la segunda fila<\/strong>. Y su maletero es una aut\u00e9ntica referencia en su segmento.\u00a0<\/span><\/p>\n<p><span style=\"font-weight: 400;\">Lo mejor es que toda esta amplitud <strong>no sacrifica nada la manejabilidad<\/strong>. Gracias a su dise\u00f1o equilibrado y a la plataforma compartida con los modelos compactos del consorcio alem\u00e1n, el Octavia se mueve con mucha soltura en ciudad y brilla en carretera con una estabilidad que invita a devorar kil\u00f3metros. Ofrece un espacio generoso, el maletero es l\u00edder en su clase y su conducci\u00f3n es c\u00f3moda sin sentirse aparatoso. Un gran compa\u00f1ero para quienes buscan un coche para todo sin renunciar a la elegancia y la practicidad.<\/span><\/p>\n<h2><span class=\"ez-toc-section\" id=\"Algunas_versiones_del_Skoda_Octavia\"><\/span>Algunas versiones del Skoda Octavia<span class=\"ez-toc-section-end\"><\/span><\/h2>\n<ul>\n<li><a href=\"https:\/\/www.clicars.com\/coches-segunda-mano-ocasion\/skoda\/octavia\/octavia-1-5-tsi-ambition-2018-2020-91-1008-66711-e\">Skoda Octavia 1.5 TSI Ambition 2018<\/a><\/li>\n<li><a href=\"https:\/\/www.clicars.com\/coches-segunda-mano-ocasion\/skoda\/octavia\/octavia-combi-1-4tsi-phev-ambition-dsg-2020-2022-91-1008-66879-e\">Skoda Octavia Combi 1.4TSI PHEV Ambition DSG 2020<\/a><\/li>\n<li><a href=\"https:\/\/www.clicars.com\/coches-segunda-mano-ocasion\/skoda\/octavia\/octavia-combi-1-4tsi-phev-style-dsg-2020-2022-91-1008-66882-e\">Skoda Octavia Combi 1.4TSI PHEV Style DSG 2020<\/a><\/li>\n<li><a href=\"https:\/\/www.clicars.com\/coches-segunda-mano-ocasion\/skoda\/octavia\/octavia-1-0-tsi-mhev-ambition-dsg-2020-2022-91-1008-66836-e\">Skoda Octavia 1.0 TSI MHEV Ambition DSG 2020<\/a><\/li>\n<li><a href=\"https:\/\/www.clicars.com\/coches-segunda-mano-ocasion\/skoda\/octavia\/octavia-combi-2-0tdi-ambition-dsg-85kw-2021-2022-91-1008-66868-e\">Skoda Octavia Combi 2.0TDI Ambition DSG 2021<\/a><\/li>\n<\/ul>\n","protected":false},"excerpt":{"rendered":"<p>La cuarta generaci\u00f3n del Skoda Octavia lleg\u00f3 como un referente en el segmento compacto de&#8230;<\/p>\n","protected":false},"author":9,"featured_media":14134,"comment_status":"closed","ping_status":"closed","sticky":false,"template":"","format":"standard","meta":{"footnotes":""},"categories":[2],"tags":[],"class_list":{"0":"post-14036","1":"post","2":"type-post","3":"status-publish","4":"format-standard","5":"has-post-thumbnail","7":"category-comparativa"},"yoast_head":"<!-- This site is optimized with the Yoast SEO plugin v26.8 - https:\/\/yoast.com\/product\/yoast-seo-wordpress\/ -->\n<title>Skoda Octavia: tama\u00f1o, capacidad del maletero y m\u00e1s - Clicars Blog<\/title>\n<meta name=\"description\" content=\"Si algo tiene bueno el Skoda Octavia, adem\u00e1s de una amplia gama de motores y equipamiento, es la capacidad de su maletero y espacio a bordo.\" \/>\n<meta name=\"robots\" content=\"index, follow, max-snippet:-1, max-image-preview:large, max-video-preview:-1\" \/>\n<link rel=\"canonical\" href=\"https:\/\/www.clicars.com\/blog\/comparativa\/skoda-octavia-tamano-capacidad-del-maletero-y-mas\/\" \/>\n<meta property=\"og:locale\" content=\"es_ES\" \/>\n<meta property=\"og:type\" content=\"article\" \/>\n<meta property=\"og:title\" content=\"Skoda Octavia: tama\u00f1o, capacidad del maletero y m\u00e1s - Clicars Blog\" \/>\n<meta property=\"og:description\" content=\"Si algo tiene bueno el Skoda Octavia, adem\u00e1s de una amplia gama de motores y equipamiento, es la capacidad de su maletero y espacio a bordo.\" \/>\n<meta property=\"og:url\" content=\"https:\/\/www.clicars.com\/blog\/comparativa\/skoda-octavia-tamano-capacidad-del-maletero-y-mas\/\" \/>\n<meta property=\"og:site_name\" content=\"Clicars\" \/>\n<meta property=\"article:published_time\" content=\"2025-02-07T08:40:48+00:00\" \/>\n<meta property=\"og:image\" content=\"https:\/\/www.clicars.com\/blog\/wp-content\/uploads\/2025\/02\/Medidas-skoda-octavia.jpg\" \/>\n\t<meta property=\"og:image:width\" content=\"900\" \/>\n\t<meta property=\"og:image:height\" content=\"600\" \/>\n\t<meta property=\"og:image:type\" content=\"image\/jpeg\" \/>\n<meta name=\"author\" content=\"Luis Bl\u00e1zquez\" \/>\n<meta name=\"twitter:card\" content=\"summary_large_image\" \/>\n<meta name=\"twitter:label1\" content=\"Escrito por\" \/>\n\t<meta name=\"twitter:data1\" content=\"Luis Bl\u00e1zquez\" \/>\n\t<meta name=\"twitter:label2\" content=\"Tiempo de lectura\" \/>\n\t<meta name=\"twitter:data2\" content=\"4 minutos\" \/>\n<script type=\"application\/ld+json\" class=\"yoast-schema-graph\">{\"@context\":\"https:\/\/schema.org\",\"@graph\":[{\"@type\":\"Article\",\"@id\":\"https:\/\/www.clicars.com\/blog\/comparativa\/skoda-octavia-tamano-capacidad-del-maletero-y-mas\/#article\",\"isPartOf\":{\"@id\":\"https:\/\/www.clicars.com\/blog\/comparativa\/skoda-octavia-tamano-capacidad-del-maletero-y-mas\/\"},\"author\":{\"name\":\"Luis Bl\u00e1zquez\",\"@id\":\"https:\/\/www.clicars.com\/blog\/#\/schema\/person\/c89c17578baf7e98a71929208c7fcc7f\"},\"headline\":\"Skoda Octavia: tama\u00f1o, capacidad del maletero y m\u00e1s\",\"datePublished\":\"2025-02-07T08:40:48+00:00\",\"mainEntityOfPage\":{\"@id\":\"https:\/\/www.clicars.com\/blog\/comparativa\/skoda-octavia-tamano-capacidad-del-maletero-y-mas\/\"},\"wordCount\":784,\"image\":{\"@id\":\"https:\/\/www.clicars.com\/blog\/comparativa\/skoda-octavia-tamano-capacidad-del-maletero-y-mas\/#primaryimage\"},\"thumbnailUrl\":\"https:\/\/www.clicars.com\/blog\/wp-content\/uploads\/2025\/02\/Medidas-skoda-octavia.jpg\",\"articleSection\":[\"Comparativa\"],\"inLanguage\":\"es\"},{\"@type\":[\"WebPage\",\"ItemPage\"],\"@id\":\"https:\/\/www.clicars.com\/blog\/comparativa\/skoda-octavia-tamano-capacidad-del-maletero-y-mas\/\",\"url\":\"https:\/\/www.clicars.com\/blog\/comparativa\/skoda-octavia-tamano-capacidad-del-maletero-y-mas\/\",\"name\":\"Skoda Octavia: tama\u00f1o, capacidad del maletero y m\u00e1s - Clicars Blog\",\"isPartOf\":{\"@id\":\"https:\/\/www.clicars.com\/blog\/#website\"},\"primaryImageOfPage\":{\"@id\":\"https:\/\/www.clicars.com\/blog\/comparativa\/skoda-octavia-tamano-capacidad-del-maletero-y-mas\/#primaryimage\"},\"image\":{\"@id\":\"https:\/\/www.clicars.com\/blog\/comparativa\/skoda-octavia-tamano-capacidad-del-maletero-y-mas\/#primaryimage\"},\"thumbnailUrl\":\"https:\/\/www.clicars.com\/blog\/wp-content\/uploads\/2025\/02\/Medidas-skoda-octavia.jpg\",\"datePublished\":\"2025-02-07T08:40:48+00:00\",\"author\":{\"@id\":\"https:\/\/www.clicars.com\/blog\/#\/schema\/person\/c89c17578baf7e98a71929208c7fcc7f\"},\"description\":\"Si algo tiene bueno el Skoda Octavia, adem\u00e1s de una amplia gama de motores y equipamiento, es la capacidad de su maletero y espacio a bordo.\",\"breadcrumb\":{\"@id\":\"https:\/\/www.clicars.com\/blog\/comparativa\/skoda-octavia-tamano-capacidad-del-maletero-y-mas\/#breadcrumb\"},\"inLanguage\":\"es\",\"potentialAction\":[{\"@type\":\"ReadAction\",\"target\":[\"https:\/\/www.clicars.com\/blog\/comparativa\/skoda-octavia-tamano-capacidad-del-maletero-y-mas\/\"]}]},{\"@type\":\"ImageObject\",\"inLanguage\":\"es\",\"@id\":\"https:\/\/www.clicars.com\/blog\/comparativa\/skoda-octavia-tamano-capacidad-del-maletero-y-mas\/#primaryimage\",\"url\":\"https:\/\/www.clicars.com\/blog\/wp-content\/uploads\/2025\/02\/Medidas-skoda-octavia.jpg\",\"contentUrl\":\"https:\/\/www.clicars.com\/blog\/wp-content\/uploads\/2025\/02\/Medidas-skoda-octavia.jpg\",\"width\":900,\"height\":600,\"caption\":\"Medidas skoda octavia\"},{\"@type\":\"BreadcrumbList\",\"@id\":\"https:\/\/www.clicars.com\/blog\/comparativa\/skoda-octavia-tamano-capacidad-del-maletero-y-mas\/#breadcrumb\",\"itemListElement\":[{\"@type\":\"ListItem\",\"position\":1,\"name\":\"Portada\",\"item\":\"https:\/\/www.clicars.com\/blog\/\"},{\"@type\":\"ListItem\",\"position\":2,\"name\":\"Skoda Octavia: tama\u00f1o, capacidad del maletero y m\u00e1s\"}]},{\"@type\":\"WebSite\",\"@id\":\"https:\/\/www.clicars.com\/blog\/#website\",\"url\":\"https:\/\/www.clicars.com\/blog\/\",\"name\":\"Clicars\",\"description\":\"Compra tu coche de Buena Mano sin moverte de casa\",\"inLanguage\":\"es\"},{\"@type\":\"Person\",\"@id\":\"https:\/\/www.clicars.com\/blog\/#\/schema\/person\/c89c17578baf7e98a71929208c7fcc7f\",\"name\":\"Luis Bl\u00e1zquez\",\"image\":{\"@type\":\"ImageObject\",\"inLanguage\":\"es\",\"@id\":\"https:\/\/www.clicars.com\/blog\/#\/schema\/person\/image\/\",\"url\":\"https:\/\/secure.gravatar.com\/avatar\/5214422833f62ac5eff4b49b98cf2bb3da6d1c0bd202eb91b732410ef94c8981?s=96&d=mm&r=g\",\"contentUrl\":\"https:\/\/secure.gravatar.com\/avatar\/5214422833f62ac5eff4b49b98cf2bb3da6d1c0bd202eb91b732410ef94c8981?s=96&d=mm&r=g\",\"caption\":\"Luis Bl\u00e1zquez\"},\"description\":\"Apasionado de todo lo que tenga ruedas previamente a tener uso de raz\u00f3n. Por mis venas corre la gasolina que me permite plasmar con palabras cualquier asunto relacionado con el mundo de la automoci\u00f3n. Para algunos dos m\u00e1s dos son cuatro; para m\u00ed, es un coche.\",\"sameAs\":[\"https:\/\/es.linkedin.com\/in\/luis-bl\u00e1zquez-b7b5ba207\"],\"url\":\"https:\/\/www.clicars.com\/blog\/author\/luis-blazquez\/\"}]}<\/script>\n<!-- \/ Yoast SEO plugin. -->","yoast_head_json":{"title":"Skoda Octavia: tama\u00f1o, capacidad del maletero y m\u00e1s - Clicars Blog","description":"Si algo tiene bueno el Skoda Octavia, adem\u00e1s de una amplia gama de motores y equipamiento, es la capacidad de su maletero y espacio a bordo.","robots":{"index":"index","follow":"follow","max-snippet":"max-snippet:-1","max-image-preview":"max-image-preview:large","max-video-preview":"max-video-preview:-1"},"canonical":"https:\/\/www.clicars.com\/blog\/comparativa\/skoda-octavia-tamano-capacidad-del-maletero-y-mas\/","og_locale":"es_ES","og_type":"article","og_title":"Skoda Octavia: tama\u00f1o, capacidad del maletero y m\u00e1s - Clicars Blog","og_description":"Si algo tiene bueno el Skoda Octavia, adem\u00e1s de una amplia gama de motores y equipamiento, es la capacidad de su maletero y espacio a bordo.","og_url":"https:\/\/www.clicars.com\/blog\/comparativa\/skoda-octavia-tamano-capacidad-del-maletero-y-mas\/","og_site_name":"Clicars","article_published_time":"2025-02-07T08:40:48+00:00","og_image":[{"width":900,"height":600,"url":"https:\/\/www.clicars.com\/blog\/wp-content\/uploads\/2025\/02\/Medidas-skoda-octavia.jpg","type":"image\/jpeg"}],"author":"Luis Bl\u00e1zquez","twitter_card":"summary_large_image","twitter_misc":{"Escrito por":"Luis Bl\u00e1zquez","Tiempo de lectura":"4 minutos"},"schema":{"@context":"https:\/\/schema.org","@graph":[{"@type":"Article","@id":"https:\/\/www.clicars.com\/blog\/comparativa\/skoda-octavia-tamano-capacidad-del-maletero-y-mas\/#article","isPartOf":{"@id":"https:\/\/www.clicars.com\/blog\/comparativa\/skoda-octavia-tamano-capacidad-del-maletero-y-mas\/"},"author":{"name":"Luis Bl\u00e1zquez","@id":"https:\/\/www.clicars.com\/blog\/#\/schema\/person\/c89c17578baf7e98a71929208c7fcc7f"},"headline":"Skoda Octavia: tama\u00f1o, capacidad del maletero y m\u00e1s","datePublished":"2025-02-07T08:40:48+00:00","mainEntityOfPage":{"@id":"https:\/\/www.clicars.com\/blog\/comparativa\/skoda-octavia-tamano-capacidad-del-maletero-y-mas\/"},"wordCount":784,"image":{"@id":"https:\/\/www.clicars.com\/blog\/comparativa\/skoda-octavia-tamano-capacidad-del-maletero-y-mas\/#primaryimage"},"thumbnailUrl":"https:\/\/www.clicars.com\/blog\/wp-content\/uploads\/2025\/02\/Medidas-skoda-octavia.jpg","articleSection":["Comparativa"],"inLanguage":"es"},{"@type":["WebPage","ItemPage"],"@id":"https:\/\/www.clicars.com\/blog\/comparativa\/skoda-octavia-tamano-capacidad-del-maletero-y-mas\/","url":"https:\/\/www.clicars.com\/blog\/comparativa\/skoda-octavia-tamano-capacidad-del-maletero-y-mas\/","name":"Skoda Octavia: tama\u00f1o, capacidad del maletero y m\u00e1s - Clicars Blog","isPartOf":{"@id":"https:\/\/www.clicars.com\/blog\/#website"},"primaryImageOfPage":{"@id":"https:\/\/www.clicars.com\/blog\/comparativa\/skoda-octavia-tamano-capacidad-del-maletero-y-mas\/#primaryimage"},"image":{"@id":"https:\/\/www.clicars.com\/blog\/comparativa\/skoda-octavia-tamano-capacidad-del-maletero-y-mas\/#primaryimage"},"thumbnailUrl":"https:\/\/www.clicars.com\/blog\/wp-content\/uploads\/2025\/02\/Medidas-skoda-octavia.jpg","datePublished":"2025-02-07T08:40:48+00:00","author":{"@id":"https:\/\/www.clicars.com\/blog\/#\/schema\/person\/c89c17578baf7e98a71929208c7fcc7f"},"description":"Si algo tiene bueno el Skoda Octavia, adem\u00e1s de una amplia gama de motores y equipamiento, es la capacidad de su maletero y espacio a bordo.","breadcrumb":{"@id":"https:\/\/www.clicars.com\/blog\/comparativa\/skoda-octavia-tamano-capacidad-del-maletero-y-mas\/#breadcrumb"},"inLanguage":"es","potentialAction":[{"@type":"ReadAction","target":["https:\/\/www.clicars.com\/blog\/comparativa\/skoda-octavia-tamano-capacidad-del-maletero-y-mas\/"]}]},{"@type":"ImageObject","inLanguage":"es","@id":"https:\/\/www.clicars.com\/blog\/comparativa\/skoda-octavia-tamano-capacidad-del-maletero-y-mas\/#primaryimage","url":"https:\/\/www.clicars.com\/blog\/wp-content\/uploads\/2025\/02\/Medidas-skoda-octavia.jpg","contentUrl":"https:\/\/www.clicars.com\/blog\/wp-content\/uploads\/2025\/02\/Medidas-skoda-octavia.jpg","width":900,"height":600,"caption":"Medidas skoda octavia"},{"@type":"BreadcrumbList","@id":"https:\/\/www.clicars.com\/blog\/comparativa\/skoda-octavia-tamano-capacidad-del-maletero-y-mas\/#breadcrumb","itemListElement":[{"@type":"ListItem","position":1,"name":"Portada","item":"https:\/\/www.clicars.com\/blog\/"},{"@type":"ListItem","position":2,"name":"Skoda Octavia: tama\u00f1o, capacidad del maletero y m\u00e1s"}]},{"@type":"WebSite","@id":"https:\/\/www.clicars.com\/blog\/#website","url":"https:\/\/www.clicars.com\/blog\/","name":"Clicars","description":"Compra tu coche de Buena Mano sin moverte de casa","inLanguage":"es"},{"@type":"Person","@id":"https:\/\/www.clicars.com\/blog\/#\/schema\/person\/c89c17578baf7e98a71929208c7fcc7f","name":"Luis Bl\u00e1zquez","image":{"@type":"ImageObject","inLanguage":"es","@id":"https:\/\/www.clicars.com\/blog\/#\/schema\/person\/image\/","url":"https:\/\/secure.gravatar.com\/avatar\/5214422833f62ac5eff4b49b98cf2bb3da6d1c0bd202eb91b732410ef94c8981?s=96&d=mm&r=g","contentUrl":"https:\/\/secure.gravatar.com\/avatar\/5214422833f62ac5eff4b49b98cf2bb3da6d1c0bd202eb91b732410ef94c8981?s=96&d=mm&r=g","caption":"Luis Bl\u00e1zquez"},"description":"Apasionado de todo lo que tenga ruedas previamente a tener uso de raz\u00f3n. Por mis venas corre la gasolina que me permite plasmar con palabras cualquier asunto relacionado con el mundo de la automoci\u00f3n. Para algunos dos m\u00e1s dos son cuatro; para m\u00ed, es un coche.","sameAs":["https:\/\/es.linkedin.com\/in\/luis-bl\u00e1zquez-b7b5ba207"],"url":"https:\/\/www.clicars.com\/blog\/author\/luis-blazquez\/"}]}},"_links":{"self":[{"href":"https:\/\/www.clicars.com\/blog\/wp-json\/wp\/v2\/posts\/14036","targetHints":{"allow":["GET"]}}],"collection":[{"href":"https:\/\/www.clicars.com\/blog\/wp-json\/wp\/v2\/posts"}],"about":[{"href":"https:\/\/www.clicars.com\/blog\/wp-json\/wp\/v2\/types\/post"}],"author":[{"embeddable":true,"href":"https:\/\/www.clicars.com\/blog\/wp-json\/wp\/v2\/users\/9"}],"replies":[{"embeddable":true,"href":"https:\/\/www.clicars.com\/blog\/wp-json\/wp\/v2\/comments?post=14036"}],"version-history":[{"count":4,"href":"https:\/\/www.clicars.com\/blog\/wp-json\/wp\/v2\/posts\/14036\/revisions"}],"predecessor-version":[{"id":14136,"href":"https:\/\/www.clicars.com\/blog\/wp-json\/wp\/v2\/posts\/14036\/revisions\/14136"}],"wp:featuredmedia":[{"embeddable":true,"href":"https:\/\/www.clicars.com\/blog\/wp-json\/wp\/v2\/media\/14134"}],"wp:attachment":[{"href":"https:\/\/www.clicars.com\/blog\/wp-json\/wp\/v2\/media?parent=14036"}],"wp:term":[{"taxonomy":"category","embeddable":true,"href":"https:\/\/www.clicars.com\/blog\/wp-json\/wp\/v2\/categories?post=14036"},{"taxonomy":"post_tag","embeddable":true,"href":"https:\/\/www.clicars.com\/blog\/wp-json\/wp\/v2\/tags?post=14036"}],"curies":[{"name":"wp","href":"https:\/\/api.w.org\/{rel}","templated":true}]}}