{"id":14038,"date":"2025-02-20T10:13:11","date_gmt":"2025-02-20T08:13:11","guid":{"rendered":"https:\/\/www.clicars.com\/blog\/?p=14038"},"modified":"2025-02-20T10:13:11","modified_gmt":"2025-02-20T08:13:11","slug":"el-cupra-leon-se-pasara-a-la-electrificacion-completa","status":"publish","type":"post","link":"https:\/\/www.clicars.com\/blog\/actualidad\/el-cupra-leon-se-pasara-a-la-electrificacion-completa\/","title":{"rendered":"El CUPRA Le\u00f3n se pasar\u00e1 a la electrificaci\u00f3n completa"},"content":{"rendered":"\n<p><span style=\"font-weight: 400;\">Si eres fan del <a href=\"https:\/\/www.clicars.com\/coches-segunda-mano-ocasion\/cupra\/leon\">CUPRA Le\u00f3n<\/a> tal y como lo conocemos, respira tranquilo: su despedida no ser\u00e1 inmediata. La marca ha confirmado que se seguir\u00e1n fabricando versiones de gasolina hasta bien entrada la pr\u00f3xima d\u00e9cada. Sin embargo, su destino final s\u00ed que est\u00e1 escrito, y el futuro de este ic\u00f3nico modelo ser\u00e1 <a href=\"https:\/\/www.clicars.com\/coches-segunda-mano-ocasion\/electrico\">100 % el\u00e9ctrico<\/a>.<\/span><\/p>\n<p><span style=\"font-weight: 400;\">Cuando el CUPRA Le\u00f3n finalmente d\u00e9 el salto a la electrificaci\u00f3n completa, lo har\u00e1 sobre la avanzada <strong>plataforma SSP del Grupo Volkswagen<\/strong>, la misma arquitectura modular que dar\u00e1 vida a una nueva generaci\u00f3n de el\u00e9ctricos dentro del grupo alem\u00e1n. Este cambio tambi\u00e9n podr\u00eda marcar un punto de inflexi\u00f3n en la historia del modelo, ya que <a href=\"https:\/\/www.clicars.com\/coches-segunda-mano-ocasion\/seat\">SEAT<\/a> podr\u00eda decirle adi\u00f3s a su versi\u00f3n del <a href=\"https:\/\/www.clicars.com\/coches-segunda-mano-ocasion\/seat\/leon\">Leon<\/a>, dejando a CUPRA como \u00fanica heredera del nombre; algo que no nos sorprender\u00eda viendo los <a href=\"https:\/\/www.clicars.com\/blog\/actualidad\/seat-no-desaparece-la-marca-espanola-tiene-planes-de-futuro\/\">\u00faltimos rumores sobre la forma de Martorell<\/a>.<\/span><\/p>\n<p><span style=\"font-weight: 400;\">Los m\u00e1s quemados de la combusti\u00f3n interna pueden estar tranquilos\u2026 Al menos por ahora. <strong>Wayne Griffiths<\/strong>,<strong> CEO de CUPRA<\/strong>, ha asegurado recientemente al medio brit\u00e1nico <\/span><a href=\"https:\/\/www.autocar.co.uk\/car-news\/new-cars\/cupra-leon-go-electric-spanish-brand-builds-ev-line\" target=\"_blank\" rel=\"noopener\"><i><span style=\"font-weight: 400;\">Autocar <\/span><\/i><\/a><span style=\"font-weight: 400;\">que el actual Le\u00f3n tiene cuerda para rato y que su producci\u00f3n continuar\u00e1 hasta bien entrada la d\u00e9cada de 2030. En t\u00e9rminos reales, esto lo podr\u00edamos traducir como que a\u00fan quedan varios a\u00f1os para disfrutar de sus motores de combusti\u00f3n y versiones h\u00edbridas enchufables antes de que la electrificaci\u00f3n \u00edntegra tome los mandos del divertido compacto.<\/span><\/p>\n<p><i><span style=\"font-weight: 400;\">\u201cEl CUPRA Le\u00f3n y el CUPRA Formentor est\u00e1n basados en la misma plataforma\u201d<\/span><\/i><span style=\"font-weight: 400;\">, dijo Griffiths a la publicaci\u00f3n. <\/span><i><span style=\"font-weight: 400;\">\u201c<strong>Las ampliaremos hasta bien entrada la pr\u00f3xima d\u00e9cada<\/strong>. Si queremos llegar a la pr\u00f3xima d\u00e9cada, siempre tendremos que cuidar esos coches y revitalizarlos. Podr\u00edamos esperar renovaciones o mejoras de producto en ambos, para que sigan funcionando tanto como sea necesario. [&#8230;] Despu\u00e9s de eso, la pr\u00f3xima generaci\u00f3n del Le\u00f3n definitivamente ser\u00e1 el\u00e9ctrica\u201d<\/span><\/i><span style=\"font-weight: 400;\">, dejando claro que los d\u00edas del motor de gasolina en el Le\u00f3n est\u00e1n contados.<\/span><\/p>\n<p><span style=\"font-weight: 400;\">Mientras llega ese momento, <a href=\"https:\/\/www.clicars.com\/blog\/actualidad\/cupra-una-marca-enfocada-a-la-deportividad\/\">CUPRA<\/a> sigue mimando a su Le\u00f3n. Hace apenas unos meses, <strong>la marca le dio un lavado de cara<\/strong> est\u00e9tico con un dise\u00f1o m\u00e1s agresivo, faros LED triangulares y una parrilla de mayor tama\u00f1o donde las entradas de aire abundan. En la zaga, tambi\u00e9n hubo algunos cambios, aunque m\u00e1s sutiles, con los pilotos traseros renovados y el logo de CUPRA iluminado a juego con los \u00faltimos lanzamientos de la marca, como el Tavascan fabricado en China, y otros que ya est\u00e1n a puntito de llegar, como el Raval.<\/span><\/p>\n<p><span style=\"font-weight: 400;\">Actualmente, el modelo <strong>est\u00e1 disponible en una carrocer\u00eda de cinco puertas y una familiar<\/strong> (Sportourer), aunque el futuro de la versi\u00f3n familiar es incierto. Con los SUV dominando el mercado, no ser\u00eda raro que CUPRA optara por concentrarse en modelos de mayor altura en su ofensiva el\u00e9ctrica. Por ahora, solo queda disfrutar de la combusti\u00f3n interna mientras siga rugiendo en las carreteras. La versi\u00f3n de acceso, con el motor 1.5 TSI de 150 CV y un cambio manual <strong>parte desde los 31.930 euros<\/strong>.<\/span><\/p>\n","protected":false},"excerpt":{"rendered":"<p>Si eres fan del CUPRA Le\u00f3n tal y como lo conocemos, respira tranquilo: su despedida&#8230;<\/p>\n","protected":false},"author":9,"featured_media":14180,"comment_status":"closed","ping_status":"closed","sticky":false,"template":"","format":"standard","meta":{"footnotes":""},"categories":[5],"tags":[],"class_list":{"0":"post-14038","1":"post","2":"type-post","3":"status-publish","4":"format-standard","5":"has-post-thumbnail","7":"category-actualidad"},"yoast_head":"<!-- This site is optimized with the Yoast SEO plugin v26.8 - https:\/\/yoast.com\/product\/yoast-seo-wordpress\/ -->\n<title>El CUPRA Le\u00f3n se pasar\u00e1 a la electrificaci\u00f3n completa - Clicars Blog<\/title>\n<meta name=\"description\" content=\"El CUPRA Le\u00f3n es uno de los compactos deportivos m\u00e1s divertidos a la venta, y la pr\u00f3xima generaci\u00f3n se pasar\u00e1 al lado 100 % el\u00e9ctrico.\" \/>\n<meta name=\"robots\" content=\"index, follow, max-snippet:-1, max-image-preview:large, max-video-preview:-1\" \/>\n<link rel=\"canonical\" href=\"https:\/\/www.clicars.com\/blog\/actualidad\/el-cupra-leon-se-pasara-a-la-electrificacion-completa\/\" \/>\n<meta property=\"og:locale\" content=\"es_ES\" \/>\n<meta property=\"og:type\" content=\"article\" \/>\n<meta property=\"og:title\" content=\"El CUPRA Le\u00f3n se pasar\u00e1 a la electrificaci\u00f3n completa - Clicars Blog\" \/>\n<meta property=\"og:description\" content=\"El CUPRA Le\u00f3n es uno de los compactos deportivos m\u00e1s divertidos a la venta, y la pr\u00f3xima generaci\u00f3n se pasar\u00e1 al lado 100 % el\u00e9ctrico.\" \/>\n<meta property=\"og:url\" content=\"https:\/\/www.clicars.com\/blog\/actualidad\/el-cupra-leon-se-pasara-a-la-electrificacion-completa\/\" \/>\n<meta property=\"og:site_name\" content=\"Clicars\" \/>\n<meta property=\"article:published_time\" content=\"2025-02-20T08:13:11+00:00\" \/>\n<meta property=\"og:image\" content=\"http:\/\/www.clicars.com\/blog\/wp-content\/uploads\/2025\/02\/cupra-leon-electrico.jpg\" \/>\n\t<meta property=\"og:image:width\" content=\"1800\" \/>\n\t<meta property=\"og:image:height\" content=\"1200\" \/>\n\t<meta property=\"og:image:type\" content=\"image\/jpeg\" \/>\n<meta name=\"author\" content=\"Luis Bl\u00e1zquez\" \/>\n<meta name=\"twitter:card\" content=\"summary_large_image\" \/>\n<meta name=\"twitter:label1\" content=\"Escrito por\" \/>\n\t<meta name=\"twitter:data1\" content=\"Luis Bl\u00e1zquez\" \/>\n\t<meta name=\"twitter:label2\" content=\"Tiempo de lectura\" \/>\n\t<meta name=\"twitter:data2\" content=\"3 minutos\" \/>\n<script type=\"application\/ld+json\" class=\"yoast-schema-graph\">{\"@context\":\"https:\/\/schema.org\",\"@graph\":[{\"@type\":\"Article\",\"@id\":\"https:\/\/www.clicars.com\/blog\/actualidad\/el-cupra-leon-se-pasara-a-la-electrificacion-completa\/#article\",\"isPartOf\":{\"@id\":\"https:\/\/www.clicars.com\/blog\/actualidad\/el-cupra-leon-se-pasara-a-la-electrificacion-completa\/\"},\"author\":{\"name\":\"Luis Bl\u00e1zquez\",\"@id\":\"https:\/\/www.clicars.com\/blog\/#\/schema\/person\/c89c17578baf7e98a71929208c7fcc7f\"},\"headline\":\"El CUPRA Le\u00f3n se pasar\u00e1 a la electrificaci\u00f3n completa\",\"datePublished\":\"2025-02-20T08:13:11+00:00\",\"mainEntityOfPage\":{\"@id\":\"https:\/\/www.clicars.com\/blog\/actualidad\/el-cupra-leon-se-pasara-a-la-electrificacion-completa\/\"},\"wordCount\":547,\"image\":{\"@id\":\"https:\/\/www.clicars.com\/blog\/actualidad\/el-cupra-leon-se-pasara-a-la-electrificacion-completa\/#primaryimage\"},\"thumbnailUrl\":\"https:\/\/www.clicars.com\/blog\/wp-content\/uploads\/2025\/02\/cupra-leon-electrico.jpg\",\"articleSection\":[\"Actualidad\"],\"inLanguage\":\"es\"},{\"@type\":[\"WebPage\",\"ItemPage\"],\"@id\":\"https:\/\/www.clicars.com\/blog\/actualidad\/el-cupra-leon-se-pasara-a-la-electrificacion-completa\/\",\"url\":\"https:\/\/www.clicars.com\/blog\/actualidad\/el-cupra-leon-se-pasara-a-la-electrificacion-completa\/\",\"name\":\"El CUPRA Le\u00f3n se pasar\u00e1 a la electrificaci\u00f3n completa - Clicars Blog\",\"isPartOf\":{\"@id\":\"https:\/\/www.clicars.com\/blog\/#website\"},\"primaryImageOfPage\":{\"@id\":\"https:\/\/www.clicars.com\/blog\/actualidad\/el-cupra-leon-se-pasara-a-la-electrificacion-completa\/#primaryimage\"},\"image\":{\"@id\":\"https:\/\/www.clicars.com\/blog\/actualidad\/el-cupra-leon-se-pasara-a-la-electrificacion-completa\/#primaryimage\"},\"thumbnailUrl\":\"https:\/\/www.clicars.com\/blog\/wp-content\/uploads\/2025\/02\/cupra-leon-electrico.jpg\",\"datePublished\":\"2025-02-20T08:13:11+00:00\",\"author\":{\"@id\":\"https:\/\/www.clicars.com\/blog\/#\/schema\/person\/c89c17578baf7e98a71929208c7fcc7f\"},\"description\":\"El CUPRA Le\u00f3n es uno de los compactos deportivos m\u00e1s divertidos a la venta, y la pr\u00f3xima generaci\u00f3n se pasar\u00e1 al lado 100 % el\u00e9ctrico.\",\"breadcrumb\":{\"@id\":\"https:\/\/www.clicars.com\/blog\/actualidad\/el-cupra-leon-se-pasara-a-la-electrificacion-completa\/#breadcrumb\"},\"inLanguage\":\"es\",\"potentialAction\":[{\"@type\":\"ReadAction\",\"target\":[\"https:\/\/www.clicars.com\/blog\/actualidad\/el-cupra-leon-se-pasara-a-la-electrificacion-completa\/\"]}]},{\"@type\":\"ImageObject\",\"inLanguage\":\"es\",\"@id\":\"https:\/\/www.clicars.com\/blog\/actualidad\/el-cupra-leon-se-pasara-a-la-electrificacion-completa\/#primaryimage\",\"url\":\"https:\/\/www.clicars.com\/blog\/wp-content\/uploads\/2025\/02\/cupra-leon-electrico.jpg\",\"contentUrl\":\"https:\/\/www.clicars.com\/blog\/wp-content\/uploads\/2025\/02\/cupra-leon-electrico.jpg\",\"width\":1800,\"height\":1200,\"caption\":\"cupra leon electrico\"},{\"@type\":\"BreadcrumbList\",\"@id\":\"https:\/\/www.clicars.com\/blog\/actualidad\/el-cupra-leon-se-pasara-a-la-electrificacion-completa\/#breadcrumb\",\"itemListElement\":[{\"@type\":\"ListItem\",\"position\":1,\"name\":\"Portada\",\"item\":\"https:\/\/www.clicars.com\/blog\/\"},{\"@type\":\"ListItem\",\"position\":2,\"name\":\"El CUPRA Le\u00f3n se pasar\u00e1 a la electrificaci\u00f3n completa\"}]},{\"@type\":\"WebSite\",\"@id\":\"https:\/\/www.clicars.com\/blog\/#website\",\"url\":\"https:\/\/www.clicars.com\/blog\/\",\"name\":\"Clicars\",\"description\":\"Compra tu coche de Buena Mano sin moverte de casa\",\"inLanguage\":\"es\"},{\"@type\":\"Person\",\"@id\":\"https:\/\/www.clicars.com\/blog\/#\/schema\/person\/c89c17578baf7e98a71929208c7fcc7f\",\"name\":\"Luis Bl\u00e1zquez\",\"image\":{\"@type\":\"ImageObject\",\"inLanguage\":\"es\",\"@id\":\"https:\/\/www.clicars.com\/blog\/#\/schema\/person\/image\/\",\"url\":\"https:\/\/secure.gravatar.com\/avatar\/5214422833f62ac5eff4b49b98cf2bb3da6d1c0bd202eb91b732410ef94c8981?s=96&d=mm&r=g\",\"contentUrl\":\"https:\/\/secure.gravatar.com\/avatar\/5214422833f62ac5eff4b49b98cf2bb3da6d1c0bd202eb91b732410ef94c8981?s=96&d=mm&r=g\",\"caption\":\"Luis Bl\u00e1zquez\"},\"description\":\"Apasionado de todo lo que tenga ruedas previamente a tener uso de raz\u00f3n. Por mis venas corre la gasolina que me permite plasmar con palabras cualquier asunto relacionado con el mundo de la automoci\u00f3n. Para algunos dos m\u00e1s dos son cuatro; para m\u00ed, es un coche.\",\"sameAs\":[\"https:\/\/es.linkedin.com\/in\/luis-bl\u00e1zquez-b7b5ba207\"],\"url\":\"https:\/\/www.clicars.com\/blog\/author\/luis-blazquez\/\"}]}<\/script>\n<!-- \/ Yoast SEO plugin. -->","yoast_head_json":{"title":"El CUPRA Le\u00f3n se pasar\u00e1 a la electrificaci\u00f3n completa - Clicars Blog","description":"El CUPRA Le\u00f3n es uno de los compactos deportivos m\u00e1s divertidos a la venta, y la pr\u00f3xima generaci\u00f3n se pasar\u00e1 al lado 100 % el\u00e9ctrico.","robots":{"index":"index","follow":"follow","max-snippet":"max-snippet:-1","max-image-preview":"max-image-preview:large","max-video-preview":"max-video-preview:-1"},"canonical":"https:\/\/www.clicars.com\/blog\/actualidad\/el-cupra-leon-se-pasara-a-la-electrificacion-completa\/","og_locale":"es_ES","og_type":"article","og_title":"El CUPRA Le\u00f3n se pasar\u00e1 a la electrificaci\u00f3n completa - Clicars Blog","og_description":"El CUPRA Le\u00f3n es uno de los compactos deportivos m\u00e1s divertidos a la venta, y la pr\u00f3xima generaci\u00f3n se pasar\u00e1 al lado 100 % el\u00e9ctrico.","og_url":"https:\/\/www.clicars.com\/blog\/actualidad\/el-cupra-leon-se-pasara-a-la-electrificacion-completa\/","og_site_name":"Clicars","article_published_time":"2025-02-20T08:13:11+00:00","og_image":[{"width":1800,"height":1200,"url":"http:\/\/www.clicars.com\/blog\/wp-content\/uploads\/2025\/02\/cupra-leon-electrico.jpg","type":"image\/jpeg"}],"author":"Luis Bl\u00e1zquez","twitter_card":"summary_large_image","twitter_misc":{"Escrito por":"Luis Bl\u00e1zquez","Tiempo de lectura":"3 minutos"},"schema":{"@context":"https:\/\/schema.org","@graph":[{"@type":"Article","@id":"https:\/\/www.clicars.com\/blog\/actualidad\/el-cupra-leon-se-pasara-a-la-electrificacion-completa\/#article","isPartOf":{"@id":"https:\/\/www.clicars.com\/blog\/actualidad\/el-cupra-leon-se-pasara-a-la-electrificacion-completa\/"},"author":{"name":"Luis Bl\u00e1zquez","@id":"https:\/\/www.clicars.com\/blog\/#\/schema\/person\/c89c17578baf7e98a71929208c7fcc7f"},"headline":"El CUPRA Le\u00f3n se pasar\u00e1 a la electrificaci\u00f3n completa","datePublished":"2025-02-20T08:13:11+00:00","mainEntityOfPage":{"@id":"https:\/\/www.clicars.com\/blog\/actualidad\/el-cupra-leon-se-pasara-a-la-electrificacion-completa\/"},"wordCount":547,"image":{"@id":"https:\/\/www.clicars.com\/blog\/actualidad\/el-cupra-leon-se-pasara-a-la-electrificacion-completa\/#primaryimage"},"thumbnailUrl":"https:\/\/www.clicars.com\/blog\/wp-content\/uploads\/2025\/02\/cupra-leon-electrico.jpg","articleSection":["Actualidad"],"inLanguage":"es"},{"@type":["WebPage","ItemPage"],"@id":"https:\/\/www.clicars.com\/blog\/actualidad\/el-cupra-leon-se-pasara-a-la-electrificacion-completa\/","url":"https:\/\/www.clicars.com\/blog\/actualidad\/el-cupra-leon-se-pasara-a-la-electrificacion-completa\/","name":"El CUPRA Le\u00f3n se pasar\u00e1 a la electrificaci\u00f3n completa - Clicars Blog","isPartOf":{"@id":"https:\/\/www.clicars.com\/blog\/#website"},"primaryImageOfPage":{"@id":"https:\/\/www.clicars.com\/blog\/actualidad\/el-cupra-leon-se-pasara-a-la-electrificacion-completa\/#primaryimage"},"image":{"@id":"https:\/\/www.clicars.com\/blog\/actualidad\/el-cupra-leon-se-pasara-a-la-electrificacion-completa\/#primaryimage"},"thumbnailUrl":"https:\/\/www.clicars.com\/blog\/wp-content\/uploads\/2025\/02\/cupra-leon-electrico.jpg","datePublished":"2025-02-20T08:13:11+00:00","author":{"@id":"https:\/\/www.clicars.com\/blog\/#\/schema\/person\/c89c17578baf7e98a71929208c7fcc7f"},"description":"El CUPRA Le\u00f3n es uno de los compactos deportivos m\u00e1s divertidos a la venta, y la pr\u00f3xima generaci\u00f3n se pasar\u00e1 al lado 100 % el\u00e9ctrico.","breadcrumb":{"@id":"https:\/\/www.clicars.com\/blog\/actualidad\/el-cupra-leon-se-pasara-a-la-electrificacion-completa\/#breadcrumb"},"inLanguage":"es","potentialAction":[{"@type":"ReadAction","target":["https:\/\/www.clicars.com\/blog\/actualidad\/el-cupra-leon-se-pasara-a-la-electrificacion-completa\/"]}]},{"@type":"ImageObject","inLanguage":"es","@id":"https:\/\/www.clicars.com\/blog\/actualidad\/el-cupra-leon-se-pasara-a-la-electrificacion-completa\/#primaryimage","url":"https:\/\/www.clicars.com\/blog\/wp-content\/uploads\/2025\/02\/cupra-leon-electrico.jpg","contentUrl":"https:\/\/www.clicars.com\/blog\/wp-content\/uploads\/2025\/02\/cupra-leon-electrico.jpg","width":1800,"height":1200,"caption":"cupra leon electrico"},{"@type":"BreadcrumbList","@id":"https:\/\/www.clicars.com\/blog\/actualidad\/el-cupra-leon-se-pasara-a-la-electrificacion-completa\/#breadcrumb","itemListElement":[{"@type":"ListItem","position":1,"name":"Portada","item":"https:\/\/www.clicars.com\/blog\/"},{"@type":"ListItem","position":2,"name":"El CUPRA Le\u00f3n se pasar\u00e1 a la electrificaci\u00f3n completa"}]},{"@type":"WebSite","@id":"https:\/\/www.clicars.com\/blog\/#website","url":"https:\/\/www.clicars.com\/blog\/","name":"Clicars","description":"Compra tu coche de Buena Mano sin moverte de casa","inLanguage":"es"},{"@type":"Person","@id":"https:\/\/www.clicars.com\/blog\/#\/schema\/person\/c89c17578baf7e98a71929208c7fcc7f","name":"Luis Bl\u00e1zquez","image":{"@type":"ImageObject","inLanguage":"es","@id":"https:\/\/www.clicars.com\/blog\/#\/schema\/person\/image\/","url":"https:\/\/secure.gravatar.com\/avatar\/5214422833f62ac5eff4b49b98cf2bb3da6d1c0bd202eb91b732410ef94c8981?s=96&d=mm&r=g","contentUrl":"https:\/\/secure.gravatar.com\/avatar\/5214422833f62ac5eff4b49b98cf2bb3da6d1c0bd202eb91b732410ef94c8981?s=96&d=mm&r=g","caption":"Luis Bl\u00e1zquez"},"description":"Apasionado de todo lo que tenga ruedas previamente a tener uso de raz\u00f3n. Por mis venas corre la gasolina que me permite plasmar con palabras cualquier asunto relacionado con el mundo de la automoci\u00f3n. Para algunos dos m\u00e1s dos son cuatro; para m\u00ed, es un coche.","sameAs":["https:\/\/es.linkedin.com\/in\/luis-bl\u00e1zquez-b7b5ba207"],"url":"https:\/\/www.clicars.com\/blog\/author\/luis-blazquez\/"}]}},"_links":{"self":[{"href":"https:\/\/www.clicars.com\/blog\/wp-json\/wp\/v2\/posts\/14038","targetHints":{"allow":["GET"]}}],"collection":[{"href":"https:\/\/www.clicars.com\/blog\/wp-json\/wp\/v2\/posts"}],"about":[{"href":"https:\/\/www.clicars.com\/blog\/wp-json\/wp\/v2\/types\/post"}],"author":[{"embeddable":true,"href":"https:\/\/www.clicars.com\/blog\/wp-json\/wp\/v2\/users\/9"}],"replies":[{"embeddable":true,"href":"https:\/\/www.clicars.com\/blog\/wp-json\/wp\/v2\/comments?post=14038"}],"version-history":[{"count":4,"href":"https:\/\/www.clicars.com\/blog\/wp-json\/wp\/v2\/posts\/14038\/revisions"}],"predecessor-version":[{"id":14181,"href":"https:\/\/www.clicars.com\/blog\/wp-json\/wp\/v2\/posts\/14038\/revisions\/14181"}],"wp:featuredmedia":[{"embeddable":true,"href":"https:\/\/www.clicars.com\/blog\/wp-json\/wp\/v2\/media\/14180"}],"wp:attachment":[{"href":"https:\/\/www.clicars.com\/blog\/wp-json\/wp\/v2\/media?parent=14038"}],"wp:term":[{"taxonomy":"category","embeddable":true,"href":"https:\/\/www.clicars.com\/blog\/wp-json\/wp\/v2\/categories?post=14038"},{"taxonomy":"post_tag","embeddable":true,"href":"https:\/\/www.clicars.com\/blog\/wp-json\/wp\/v2\/tags?post=14038"}],"curies":[{"name":"wp","href":"https:\/\/api.w.org\/{rel}","templated":true}]}}