{"id":14039,"date":"2025-02-18T10:12:14","date_gmt":"2025-02-18T08:12:14","guid":{"rendered":"https:\/\/www.clicars.com\/blog\/?p=14039"},"modified":"2025-02-18T10:12:14","modified_gmt":"2025-02-18T08:12:14","slug":"las-ventas-de-coches-eco-aumentan-en-2024-excepto-en-europa","status":"publish","type":"post","link":"https:\/\/www.clicars.com\/blog\/actualidad\/las-ventas-de-coches-eco-aumentan-en-2024-excepto-en-europa\/","title":{"rendered":"Las ventas de coches ECO aumentan en 2024, excepto en Europa"},"content":{"rendered":"<div id=\"ez-toc-container\" class=\"ez-toc-v2_0_80 counter-hierarchy ez-toc-counter ez-toc-light-blue ez-toc-container-direction\">\n<p class=\"ez-toc-title\" style=\"cursor:inherit\">\u00cdndice de contenidos<\/p>\n<label for=\"ez-toc-cssicon-toggle-item-69f4585044b67\" class=\"ez-toc-cssicon-toggle-label\"><span class=\"ez-toc-cssicon\"><span class=\"eztoc-hide\" style=\"display:none;\">Toggle<\/span><span class=\"ez-toc-icon-toggle-span\"><svg style=\"fill: #999;color:#999\" xmlns=\"http:\/\/www.w3.org\/2000\/svg\" class=\"list-377408\" width=\"20px\" height=\"20px\" viewBox=\"0 0 24 24\" fill=\"none\"><path d=\"M6 6H4v2h2V6zm14 0H8v2h12V6zM4 11h2v2H4v-2zm16 0H8v2h12v-2zM4 16h2v2H4v-2zm16 0H8v2h12v-2z\" fill=\"currentColor\"><\/path><\/svg><svg style=\"fill: #999;color:#999\" class=\"arrow-unsorted-368013\" xmlns=\"http:\/\/www.w3.org\/2000\/svg\" width=\"10px\" height=\"10px\" viewBox=\"0 0 24 24\" version=\"1.2\" baseProfile=\"tiny\"><path d=\"M18.2 9.3l-6.2-6.3-6.2 6.3c-.2.2-.3.4-.3.7s.1.5.3.7c.2.2.4.3.7.3h11c.3 0 .5-.1.7-.3.2-.2.3-.5.3-.7s-.1-.5-.3-.7zM5.8 14.7l6.2 6.3 6.2-6.3c.2-.2.3-.5.3-.7s-.1-.5-.3-.7c-.2-.2-.4-.3-.7-.3h-11c-.3 0-.5.1-.7.3-.2.2-.3.5-.3.7s.1.5.3.7z\"\/><\/svg><\/span><\/span><\/label><input type=\"checkbox\"  id=\"ez-toc-cssicon-toggle-item-69f4585044b67\"  aria-label=\"Alternar\" \/><nav><ul class='ez-toc-list ez-toc-list-level-1 ' ><li class='ez-toc-page-1 ez-toc-heading-level-2'><a class=\"ez-toc-link ez-toc-heading-1\" href=\"https:\/\/www.clicars.com\/blog\/actualidad\/las-ventas-de-coches-eco-aumentan-en-2024-excepto-en-europa\/#China_sigue_dominando_el_mercado\" >China sigue dominando el mercado<\/a><\/li><li class='ez-toc-page-1 ez-toc-heading-level-2'><a class=\"ez-toc-link ez-toc-heading-2\" href=\"https:\/\/www.clicars.com\/blog\/actualidad\/las-ventas-de-coches-eco-aumentan-en-2024-excepto-en-europa\/#Crecimiento_en_America_del_Norte\" >Crecimiento en Am\u00e9rica del Norte<\/a><\/li><li class='ez-toc-page-1 ez-toc-heading-level-2'><a class=\"ez-toc-link ez-toc-heading-3\" href=\"https:\/\/www.clicars.com\/blog\/actualidad\/las-ventas-de-coches-eco-aumentan-en-2024-excepto-en-europa\/#Impacto_negativo_en_Europa_por_la_retirada_de_subvenciones\" >Impacto negativo en Europa por la retirada de subvenciones<\/a><\/li><li class='ez-toc-page-1 ez-toc-heading-level-2'><a class=\"ez-toc-link ez-toc-heading-4\" href=\"https:\/\/www.clicars.com\/blog\/actualidad\/las-ventas-de-coches-eco-aumentan-en-2024-excepto-en-europa\/#En_Espana_los_aceptamos_cada_vez_mas_pero_sigue_sin_ser_suficiente\" >En Espa\u00f1a los aceptamos cada vez m\u00e1s, pero sigue sin ser suficiente<\/a><\/li><li class='ez-toc-page-1 ez-toc-heading-level-2'><a class=\"ez-toc-link ez-toc-heading-5\" href=\"https:\/\/www.clicars.com\/blog\/actualidad\/las-ventas-de-coches-eco-aumentan-en-2024-excepto-en-europa\/#Ventas_globales_de_vehiculos_electricos_e_hibridos_enchufables_en_2024\" >Ventas globales de veh\u00edculos el\u00e9ctricos e h\u00edbridos enchufables en 2024<\/a><\/li><\/ul><\/nav><\/div>\n\n<p><span style=\"font-weight: 400;\">Las ventas de <a href=\"https:\/\/www.clicars.com\/coches-segunda-mano-ocasion\/electrico\">coches el\u00e9ctricos<\/a> (EV) e <a href=\"https:\/\/www.clicars.com\/coches-segunda-mano-ocasion\/hibrido-enchufable\">h\u00edbridos enchufables<\/a> (PHEV) siguieron su ascenso en 2024, alcanzando la cifra hist\u00f3rica de <strong>17 millones de unidades vendidas a nivel mundial<\/strong>, lo que representa un aumento del 25,6 % en comparaci\u00f3n con el a\u00f1o anterior. Solo en durante el mes de diciembre se registraron 1,9 millones de veh\u00edculos el\u00e9ctricos, marcando un hito en las ventas globales.\u00a0<\/span><\/p>\n<p><span style=\"font-weight: 400;\">Sin embargo, este crecimiento tambi\u00e9n tiene su lado negativo en algunas zonas, y los recortes en las ayudas gubernamentales ya han comenzado a hacer mella en algunos de los mercados clave, como el europeo. Veamos c\u00f3mo est\u00e1 el panorama mundial.<\/span><\/p>\n<h2><span class=\"ez-toc-section\" id=\"China_sigue_dominando_el_mercado\"><\/span><span style=\"font-weight: 400;\">China sigue dominando el mercado<\/span><span class=\"ez-toc-section-end\"><\/span><\/h2>\n<p><span style=\"font-weight: 400;\">El mercado chino sigue siendo el principal motor del crecimiento mundial. De esos 17,1 millones de coches vendidos globalmente, <strong>11 millones corresponden a China<\/strong>, lo que supone un aumento del 40 % respecto al a\u00f1o anterior. Los h\u00edbridos enchufables han tenido un auge espectacular en China, con un aumento del 81 % en sus ventas, mientras que los coches totalmente el\u00e9ctricos crecieron un 19 %. Adem\u00e1s, los coches el\u00e9ctricos de autonom\u00eda extendida se est\u00e1n ganando la preferencia por su practicidad y conveniencia.<\/span><\/p>\n<h2><span class=\"ez-toc-section\" id=\"Crecimiento_en_America_del_Norte\"><\/span><span style=\"font-weight: 400;\">Crecimiento en Am\u00e9rica del Norte<\/span><span class=\"ez-toc-section-end\"><\/span><\/h2>\n<p><span style=\"font-weight: 400;\">En EE. UU. y Canad\u00e1, las ventas de el\u00e9ctricos e h\u00edbridos enchufables <strong>tambi\u00e9n aumentaron un 8,8 %, alcanzando las 1,8 millones de unidades<\/strong>. Diciembre fue un mes especialmente fuerte, con 185.000 veh\u00edculos vendidos, marcando un r\u00e9cord mensual. Sin embargo, el futuro m\u00e1s pr\u00f3ximo podr\u00eda ser incierto si el gobierno de Donald Trump decide eliminar el cr\u00e9dito fiscal de 7.500 d\u00f3lares para la compra de coches el\u00e9ctricos, lo que podr\u00eda frenar el crecimiento en la regi\u00f3n como est\u00e1 pasando en el <\/span><i><span style=\"font-weight: 400;\">Viejo Continente<\/span><\/i><span style=\"font-weight: 400;\">.<\/span><\/p>\n<p><img loading=\"lazy\" decoding=\"async\" class=\"aligncenter size-full wp-image-14170\" src=\"http:\/\/www.clicars.com\/blog\/wp-content\/uploads\/2025\/02\/Los-coches-electricos-en-europa-1.jpg\" alt=\"Los coches el\u00e9ctricos en europa (1)\" width=\"1200\" height=\"900\" srcset=\"https:\/\/www.clicars.com\/blog\/wp-content\/uploads\/2025\/02\/Los-coches-electricos-en-europa-1.jpg 1200w, https:\/\/www.clicars.com\/blog\/wp-content\/uploads\/2025\/02\/Los-coches-electricos-en-europa-1-300x225.jpg 300w, https:\/\/www.clicars.com\/blog\/wp-content\/uploads\/2025\/02\/Los-coches-electricos-en-europa-1-1024x768.jpg 1024w, https:\/\/www.clicars.com\/blog\/wp-content\/uploads\/2025\/02\/Los-coches-electricos-en-europa-1-768x576.jpg 768w\" sizes=\"auto, (max-width: 1200px) 100vw, 1200px\" \/><\/p>\n<h2><span class=\"ez-toc-section\" id=\"Impacto_negativo_en_Europa_por_la_retirada_de_subvenciones\"><\/span><span style=\"font-weight: 400;\">Impacto negativo en Europa por la retirada de subvenciones<\/span><span class=\"ez-toc-section-end\"><\/span><\/h2>\n<p><span style=\"font-weight: 400;\">Por otro lado, Europa ha tenido un a\u00f1o complicado. En la Uni\u00f3n Europea (UE), la Asociaci\u00f3n Europea de Libre Comercio (EFTA) y el Reino Unido, <strong>las ventas de los el\u00e9ctricos cayeron un 3 %<\/strong>. Esta ca\u00edda se debe en gran parte a la eliminaci\u00f3n de los subsidios en Alemania, que ha tenido un efecto domin\u00f3 sobre otros pa\u00edses. Sin embargo, el Reino Unido destaca como una excepci\u00f3n, con un crecimiento del 20 % en su mercado de veh\u00edculos el\u00e9ctricos, impulsado por la futura normativa de veh\u00edculos de emisiones cero (ZEV).<\/span><\/p>\n<h2><span class=\"ez-toc-section\" id=\"En_Espana_los_aceptamos_cada_vez_mas_pero_sigue_sin_ser_suficiente\"><\/span><span style=\"font-weight: 400;\">En Espa\u00f1a los aceptamos cada vez m\u00e1s, pero sigue sin ser suficiente<\/span><span class=\"ez-toc-section-end\"><\/span><\/h2>\n<p><span style=\"font-weight: 400;\">En 2024, <strong>el mercado espa\u00f1ol de veh\u00edculos el\u00e9ctricos e h\u00edbridos enchufables experiment\u00f3 un crecimiento moderado<\/strong>, con un total de <a href=\"https:\/\/www.clicars.com\/blog\/comparativa\/los-coches-electricos-mas-vendidos-de-2024\/\">125.185 unidades matriculadas entre ambos<\/a>, lo que representa un sutil aumento respecto al a\u00f1o anterior. Concretamente, los primeros sumaron un 22,3 % m\u00e1s que en 2023 y los segundos perdieron un 5,8 %.<\/span><\/p>\n<p><span style=\"font-weight: 400;\">Este comportamiento sugiere una consolidaci\u00f3n del mercado de veh\u00edculos electrificados, con una preferencia creciente por los el\u00e9ctricos puros, como el <a href=\"https:\/\/www.clicars.com\/coches-segunda-mano-ocasion\/tesla\/model-3\">Tesla Model 3,<\/a> <a href=\"https:\/\/www.clicars.com\/coches-segunda-mano-ocasion\/tesla\/model-y\">Model Y<\/a> o el <a href=\"https:\/\/www.clicars.com\/coches-segunda-mano-ocasion\/mg\">MG 4<\/a>, el <\/span><i><span style=\"font-weight: 400;\">top 3<\/span><\/i><span style=\"font-weight: 400;\"> de los m\u00e1s vendidos en nuestro pa\u00eds. No obstante, es vital mantener pol\u00edticas de incentivos y una infraestructura de recarga adecuada para continuar impulsando esta tendencia y alcanzar los objetivos de sostenibilidad y descarbonizaci\u00f3n del sector que tanto est\u00e1 costando alcanzar.<\/span><\/p>\n<p><span style=\"font-weight: 400;\">En conclusi\u00f3n, el mercado de los coches el\u00e9ctricos est\u00e1 en auge, pero <strong>sigue siendo sensible a los cambios en las pol\u00edticas gubernamentales y los incentivos<\/strong>. Si los gobiernos no mantienen su apoyo, el futuro del el\u00e9ctrico podr\u00eda verse empa\u00f1ado, tanto en Europa como en el resto de los mercados. Mientras tanto, China contin\u00faa siendo el gigante dominante, tanto en la adopci\u00f3n de estos veh\u00edculos como en su desarrollo y construcci\u00f3n, y Espa\u00f1a avanza poco a poco en el camino hacia una movilidad m\u00e1s limpia y sostenible.<\/span><\/p>\n<h2><span class=\"ez-toc-section\" id=\"Ventas_globales_de_vehiculos_electricos_e_hibridos_enchufables_en_2024\"><\/span><span style=\"font-weight: 400;\">Ventas globales de veh\u00edculos el\u00e9ctricos e h\u00edbridos enchufables en 2024<\/span><span class=\"ez-toc-section-end\"><\/span><\/h2>\n<ul>\n<li><b>Global: <\/b><span style=\"font-weight: 400;\">17,1 millones (+25 %)<\/span><\/li>\n<li><b>China:<\/b><span style=\"font-weight: 400;\"> 11 millones (+40 %)<\/span><\/li>\n<li><b>UE y Reino Unido:<\/b><span style=\"font-weight: 400;\"> 3 millones (-3 %)<\/span><\/li>\n<li><b>EE. UU. y Canad\u00e1:<\/b> 1,8 millones (+9 %)<\/li>\n<li><b>Resto del mundo:<\/b><span style=\"font-weight: 400;\"> 1,3 millones (+27 %)<\/span><\/li>\n<\/ul>\n","protected":false},"excerpt":{"rendered":"<p>Las ventas de coches el\u00e9ctricos (EV) e h\u00edbridos enchufables (PHEV) siguieron su ascenso en 2024,&#8230;<\/p>\n","protected":false},"author":9,"featured_media":14169,"comment_status":"closed","ping_status":"closed","sticky":false,"template":"","format":"standard","meta":{"footnotes":""},"categories":[5],"tags":[],"class_list":{"0":"post-14039","1":"post","2":"type-post","3":"status-publish","4":"format-standard","5":"has-post-thumbnail","7":"category-actualidad"},"yoast_head":"<!-- This site is optimized with the Yoast SEO plugin v26.8 - https:\/\/yoast.com\/product\/yoast-seo-wordpress\/ -->\n<title>Las ventas de coches ECO aumentan en 2024, excepto en Europa - Clicars Blog<\/title>\n<meta name=\"description\" content=\"Las ventas de coches el\u00e9ctricos e h\u00edbridos enchufables siguieron su ascenso en 2024, alcanzando la cifra hist\u00f3rica de 17 millones.\" \/>\n<meta name=\"robots\" content=\"index, follow, max-snippet:-1, max-image-preview:large, max-video-preview:-1\" \/>\n<link rel=\"canonical\" href=\"https:\/\/www.clicars.com\/blog\/actualidad\/las-ventas-de-coches-eco-aumentan-en-2024-excepto-en-europa\/\" \/>\n<meta property=\"og:locale\" content=\"es_ES\" \/>\n<meta property=\"og:type\" content=\"article\" \/>\n<meta property=\"og:title\" content=\"Las ventas de coches ECO aumentan en 2024, excepto en Europa - Clicars Blog\" \/>\n<meta property=\"og:description\" content=\"Las ventas de coches el\u00e9ctricos e h\u00edbridos enchufables siguieron su ascenso en 2024, alcanzando la cifra hist\u00f3rica de 17 millones.\" \/>\n<meta property=\"og:url\" content=\"https:\/\/www.clicars.com\/blog\/actualidad\/las-ventas-de-coches-eco-aumentan-en-2024-excepto-en-europa\/\" \/>\n<meta property=\"og:site_name\" content=\"Clicars\" \/>\n<meta property=\"article:published_time\" content=\"2025-02-18T08:12:14+00:00\" \/>\n<meta property=\"og:image\" content=\"http:\/\/www.clicars.com\/blog\/wp-content\/uploads\/2025\/02\/las-ventas-de-coches-electricos-en-2024.jpg\" \/>\n\t<meta property=\"og:image:width\" content=\"1200\" \/>\n\t<meta property=\"og:image:height\" content=\"900\" \/>\n\t<meta property=\"og:image:type\" content=\"image\/jpeg\" \/>\n<meta name=\"author\" content=\"Luis Bl\u00e1zquez\" \/>\n<meta name=\"twitter:card\" content=\"summary_large_image\" \/>\n<meta name=\"twitter:label1\" content=\"Escrito por\" \/>\n\t<meta name=\"twitter:data1\" content=\"Luis Bl\u00e1zquez\" \/>\n\t<meta name=\"twitter:label2\" content=\"Tiempo de lectura\" \/>\n\t<meta name=\"twitter:data2\" content=\"4 minutos\" \/>\n<script type=\"application\/ld+json\" class=\"yoast-schema-graph\">{\"@context\":\"https:\/\/schema.org\",\"@graph\":[{\"@type\":\"Article\",\"@id\":\"https:\/\/www.clicars.com\/blog\/actualidad\/las-ventas-de-coches-eco-aumentan-en-2024-excepto-en-europa\/#article\",\"isPartOf\":{\"@id\":\"https:\/\/www.clicars.com\/blog\/actualidad\/las-ventas-de-coches-eco-aumentan-en-2024-excepto-en-europa\/\"},\"author\":{\"name\":\"Luis Bl\u00e1zquez\",\"@id\":\"https:\/\/www.clicars.com\/blog\/#\/schema\/person\/c89c17578baf7e98a71929208c7fcc7f\"},\"headline\":\"Las ventas de coches ECO aumentan en 2024, excepto en Europa\",\"datePublished\":\"2025-02-18T08:12:14+00:00\",\"mainEntityOfPage\":{\"@id\":\"https:\/\/www.clicars.com\/blog\/actualidad\/las-ventas-de-coches-eco-aumentan-en-2024-excepto-en-europa\/\"},\"wordCount\":677,\"image\":{\"@id\":\"https:\/\/www.clicars.com\/blog\/actualidad\/las-ventas-de-coches-eco-aumentan-en-2024-excepto-en-europa\/#primaryimage\"},\"thumbnailUrl\":\"https:\/\/www.clicars.com\/blog\/wp-content\/uploads\/2025\/02\/las-ventas-de-coches-electricos-en-2024.jpg\",\"articleSection\":[\"Actualidad\"],\"inLanguage\":\"es\"},{\"@type\":[\"WebPage\",\"ItemPage\"],\"@id\":\"https:\/\/www.clicars.com\/blog\/actualidad\/las-ventas-de-coches-eco-aumentan-en-2024-excepto-en-europa\/\",\"url\":\"https:\/\/www.clicars.com\/blog\/actualidad\/las-ventas-de-coches-eco-aumentan-en-2024-excepto-en-europa\/\",\"name\":\"Las ventas de coches ECO aumentan en 2024, excepto en Europa - Clicars Blog\",\"isPartOf\":{\"@id\":\"https:\/\/www.clicars.com\/blog\/#website\"},\"primaryImageOfPage\":{\"@id\":\"https:\/\/www.clicars.com\/blog\/actualidad\/las-ventas-de-coches-eco-aumentan-en-2024-excepto-en-europa\/#primaryimage\"},\"image\":{\"@id\":\"https:\/\/www.clicars.com\/blog\/actualidad\/las-ventas-de-coches-eco-aumentan-en-2024-excepto-en-europa\/#primaryimage\"},\"thumbnailUrl\":\"https:\/\/www.clicars.com\/blog\/wp-content\/uploads\/2025\/02\/las-ventas-de-coches-electricos-en-2024.jpg\",\"datePublished\":\"2025-02-18T08:12:14+00:00\",\"author\":{\"@id\":\"https:\/\/www.clicars.com\/blog\/#\/schema\/person\/c89c17578baf7e98a71929208c7fcc7f\"},\"description\":\"Las ventas de coches el\u00e9ctricos e h\u00edbridos enchufables siguieron su ascenso en 2024, alcanzando la cifra hist\u00f3rica de 17 millones.\",\"breadcrumb\":{\"@id\":\"https:\/\/www.clicars.com\/blog\/actualidad\/las-ventas-de-coches-eco-aumentan-en-2024-excepto-en-europa\/#breadcrumb\"},\"inLanguage\":\"es\",\"potentialAction\":[{\"@type\":\"ReadAction\",\"target\":[\"https:\/\/www.clicars.com\/blog\/actualidad\/las-ventas-de-coches-eco-aumentan-en-2024-excepto-en-europa\/\"]}]},{\"@type\":\"ImageObject\",\"inLanguage\":\"es\",\"@id\":\"https:\/\/www.clicars.com\/blog\/actualidad\/las-ventas-de-coches-eco-aumentan-en-2024-excepto-en-europa\/#primaryimage\",\"url\":\"https:\/\/www.clicars.com\/blog\/wp-content\/uploads\/2025\/02\/las-ventas-de-coches-electricos-en-2024.jpg\",\"contentUrl\":\"https:\/\/www.clicars.com\/blog\/wp-content\/uploads\/2025\/02\/las-ventas-de-coches-electricos-en-2024.jpg\",\"width\":1200,\"height\":900,\"caption\":\"las ventas de coches electricos en 2024\"},{\"@type\":\"BreadcrumbList\",\"@id\":\"https:\/\/www.clicars.com\/blog\/actualidad\/las-ventas-de-coches-eco-aumentan-en-2024-excepto-en-europa\/#breadcrumb\",\"itemListElement\":[{\"@type\":\"ListItem\",\"position\":1,\"name\":\"Portada\",\"item\":\"https:\/\/www.clicars.com\/blog\/\"},{\"@type\":\"ListItem\",\"position\":2,\"name\":\"Las ventas de coches ECO aumentan en 2024, excepto en Europa\"}]},{\"@type\":\"WebSite\",\"@id\":\"https:\/\/www.clicars.com\/blog\/#website\",\"url\":\"https:\/\/www.clicars.com\/blog\/\",\"name\":\"Clicars\",\"description\":\"Compra tu coche de Buena Mano sin moverte de casa\",\"inLanguage\":\"es\"},{\"@type\":\"Person\",\"@id\":\"https:\/\/www.clicars.com\/blog\/#\/schema\/person\/c89c17578baf7e98a71929208c7fcc7f\",\"name\":\"Luis Bl\u00e1zquez\",\"image\":{\"@type\":\"ImageObject\",\"inLanguage\":\"es\",\"@id\":\"https:\/\/www.clicars.com\/blog\/#\/schema\/person\/image\/\",\"url\":\"https:\/\/secure.gravatar.com\/avatar\/5214422833f62ac5eff4b49b98cf2bb3da6d1c0bd202eb91b732410ef94c8981?s=96&d=mm&r=g\",\"contentUrl\":\"https:\/\/secure.gravatar.com\/avatar\/5214422833f62ac5eff4b49b98cf2bb3da6d1c0bd202eb91b732410ef94c8981?s=96&d=mm&r=g\",\"caption\":\"Luis Bl\u00e1zquez\"},\"description\":\"Apasionado de todo lo que tenga ruedas previamente a tener uso de raz\u00f3n. Por mis venas corre la gasolina que me permite plasmar con palabras cualquier asunto relacionado con el mundo de la automoci\u00f3n. Para algunos dos m\u00e1s dos son cuatro; para m\u00ed, es un coche.\",\"sameAs\":[\"https:\/\/es.linkedin.com\/in\/luis-bl\u00e1zquez-b7b5ba207\"],\"url\":\"https:\/\/www.clicars.com\/blog\/author\/luis-blazquez\/\"}]}<\/script>\n<!-- \/ Yoast SEO plugin. -->","yoast_head_json":{"title":"Las ventas de coches ECO aumentan en 2024, excepto en Europa - Clicars Blog","description":"Las ventas de coches el\u00e9ctricos e h\u00edbridos enchufables siguieron su ascenso en 2024, alcanzando la cifra hist\u00f3rica de 17 millones.","robots":{"index":"index","follow":"follow","max-snippet":"max-snippet:-1","max-image-preview":"max-image-preview:large","max-video-preview":"max-video-preview:-1"},"canonical":"https:\/\/www.clicars.com\/blog\/actualidad\/las-ventas-de-coches-eco-aumentan-en-2024-excepto-en-europa\/","og_locale":"es_ES","og_type":"article","og_title":"Las ventas de coches ECO aumentan en 2024, excepto en Europa - Clicars Blog","og_description":"Las ventas de coches el\u00e9ctricos e h\u00edbridos enchufables siguieron su ascenso en 2024, alcanzando la cifra hist\u00f3rica de 17 millones.","og_url":"https:\/\/www.clicars.com\/blog\/actualidad\/las-ventas-de-coches-eco-aumentan-en-2024-excepto-en-europa\/","og_site_name":"Clicars","article_published_time":"2025-02-18T08:12:14+00:00","og_image":[{"width":1200,"height":900,"url":"http:\/\/www.clicars.com\/blog\/wp-content\/uploads\/2025\/02\/las-ventas-de-coches-electricos-en-2024.jpg","type":"image\/jpeg"}],"author":"Luis Bl\u00e1zquez","twitter_card":"summary_large_image","twitter_misc":{"Escrito por":"Luis Bl\u00e1zquez","Tiempo de lectura":"4 minutos"},"schema":{"@context":"https:\/\/schema.org","@graph":[{"@type":"Article","@id":"https:\/\/www.clicars.com\/blog\/actualidad\/las-ventas-de-coches-eco-aumentan-en-2024-excepto-en-europa\/#article","isPartOf":{"@id":"https:\/\/www.clicars.com\/blog\/actualidad\/las-ventas-de-coches-eco-aumentan-en-2024-excepto-en-europa\/"},"author":{"name":"Luis Bl\u00e1zquez","@id":"https:\/\/www.clicars.com\/blog\/#\/schema\/person\/c89c17578baf7e98a71929208c7fcc7f"},"headline":"Las ventas de coches ECO aumentan en 2024, excepto en Europa","datePublished":"2025-02-18T08:12:14+00:00","mainEntityOfPage":{"@id":"https:\/\/www.clicars.com\/blog\/actualidad\/las-ventas-de-coches-eco-aumentan-en-2024-excepto-en-europa\/"},"wordCount":677,"image":{"@id":"https:\/\/www.clicars.com\/blog\/actualidad\/las-ventas-de-coches-eco-aumentan-en-2024-excepto-en-europa\/#primaryimage"},"thumbnailUrl":"https:\/\/www.clicars.com\/blog\/wp-content\/uploads\/2025\/02\/las-ventas-de-coches-electricos-en-2024.jpg","articleSection":["Actualidad"],"inLanguage":"es"},{"@type":["WebPage","ItemPage"],"@id":"https:\/\/www.clicars.com\/blog\/actualidad\/las-ventas-de-coches-eco-aumentan-en-2024-excepto-en-europa\/","url":"https:\/\/www.clicars.com\/blog\/actualidad\/las-ventas-de-coches-eco-aumentan-en-2024-excepto-en-europa\/","name":"Las ventas de coches ECO aumentan en 2024, excepto en Europa - Clicars Blog","isPartOf":{"@id":"https:\/\/www.clicars.com\/blog\/#website"},"primaryImageOfPage":{"@id":"https:\/\/www.clicars.com\/blog\/actualidad\/las-ventas-de-coches-eco-aumentan-en-2024-excepto-en-europa\/#primaryimage"},"image":{"@id":"https:\/\/www.clicars.com\/blog\/actualidad\/las-ventas-de-coches-eco-aumentan-en-2024-excepto-en-europa\/#primaryimage"},"thumbnailUrl":"https:\/\/www.clicars.com\/blog\/wp-content\/uploads\/2025\/02\/las-ventas-de-coches-electricos-en-2024.jpg","datePublished":"2025-02-18T08:12:14+00:00","author":{"@id":"https:\/\/www.clicars.com\/blog\/#\/schema\/person\/c89c17578baf7e98a71929208c7fcc7f"},"description":"Las ventas de coches el\u00e9ctricos e h\u00edbridos enchufables siguieron su ascenso en 2024, alcanzando la cifra hist\u00f3rica de 17 millones.","breadcrumb":{"@id":"https:\/\/www.clicars.com\/blog\/actualidad\/las-ventas-de-coches-eco-aumentan-en-2024-excepto-en-europa\/#breadcrumb"},"inLanguage":"es","potentialAction":[{"@type":"ReadAction","target":["https:\/\/www.clicars.com\/blog\/actualidad\/las-ventas-de-coches-eco-aumentan-en-2024-excepto-en-europa\/"]}]},{"@type":"ImageObject","inLanguage":"es","@id":"https:\/\/www.clicars.com\/blog\/actualidad\/las-ventas-de-coches-eco-aumentan-en-2024-excepto-en-europa\/#primaryimage","url":"https:\/\/www.clicars.com\/blog\/wp-content\/uploads\/2025\/02\/las-ventas-de-coches-electricos-en-2024.jpg","contentUrl":"https:\/\/www.clicars.com\/blog\/wp-content\/uploads\/2025\/02\/las-ventas-de-coches-electricos-en-2024.jpg","width":1200,"height":900,"caption":"las ventas de coches electricos en 2024"},{"@type":"BreadcrumbList","@id":"https:\/\/www.clicars.com\/blog\/actualidad\/las-ventas-de-coches-eco-aumentan-en-2024-excepto-en-europa\/#breadcrumb","itemListElement":[{"@type":"ListItem","position":1,"name":"Portada","item":"https:\/\/www.clicars.com\/blog\/"},{"@type":"ListItem","position":2,"name":"Las ventas de coches ECO aumentan en 2024, excepto en Europa"}]},{"@type":"WebSite","@id":"https:\/\/www.clicars.com\/blog\/#website","url":"https:\/\/www.clicars.com\/blog\/","name":"Clicars","description":"Compra tu coche de Buena Mano sin moverte de casa","inLanguage":"es"},{"@type":"Person","@id":"https:\/\/www.clicars.com\/blog\/#\/schema\/person\/c89c17578baf7e98a71929208c7fcc7f","name":"Luis Bl\u00e1zquez","image":{"@type":"ImageObject","inLanguage":"es","@id":"https:\/\/www.clicars.com\/blog\/#\/schema\/person\/image\/","url":"https:\/\/secure.gravatar.com\/avatar\/5214422833f62ac5eff4b49b98cf2bb3da6d1c0bd202eb91b732410ef94c8981?s=96&d=mm&r=g","contentUrl":"https:\/\/secure.gravatar.com\/avatar\/5214422833f62ac5eff4b49b98cf2bb3da6d1c0bd202eb91b732410ef94c8981?s=96&d=mm&r=g","caption":"Luis Bl\u00e1zquez"},"description":"Apasionado de todo lo que tenga ruedas previamente a tener uso de raz\u00f3n. Por mis venas corre la gasolina que me permite plasmar con palabras cualquier asunto relacionado con el mundo de la automoci\u00f3n. Para algunos dos m\u00e1s dos son cuatro; para m\u00ed, es un coche.","sameAs":["https:\/\/es.linkedin.com\/in\/luis-bl\u00e1zquez-b7b5ba207"],"url":"https:\/\/www.clicars.com\/blog\/author\/luis-blazquez\/"}]}},"_links":{"self":[{"href":"https:\/\/www.clicars.com\/blog\/wp-json\/wp\/v2\/posts\/14039","targetHints":{"allow":["GET"]}}],"collection":[{"href":"https:\/\/www.clicars.com\/blog\/wp-json\/wp\/v2\/posts"}],"about":[{"href":"https:\/\/www.clicars.com\/blog\/wp-json\/wp\/v2\/types\/post"}],"author":[{"embeddable":true,"href":"https:\/\/www.clicars.com\/blog\/wp-json\/wp\/v2\/users\/9"}],"replies":[{"embeddable":true,"href":"https:\/\/www.clicars.com\/blog\/wp-json\/wp\/v2\/comments?post=14039"}],"version-history":[{"count":5,"href":"https:\/\/www.clicars.com\/blog\/wp-json\/wp\/v2\/posts\/14039\/revisions"}],"predecessor-version":[{"id":14171,"href":"https:\/\/www.clicars.com\/blog\/wp-json\/wp\/v2\/posts\/14039\/revisions\/14171"}],"wp:featuredmedia":[{"embeddable":true,"href":"https:\/\/www.clicars.com\/blog\/wp-json\/wp\/v2\/media\/14169"}],"wp:attachment":[{"href":"https:\/\/www.clicars.com\/blog\/wp-json\/wp\/v2\/media?parent=14039"}],"wp:term":[{"taxonomy":"category","embeddable":true,"href":"https:\/\/www.clicars.com\/blog\/wp-json\/wp\/v2\/categories?post=14039"},{"taxonomy":"post_tag","embeddable":true,"href":"https:\/\/www.clicars.com\/blog\/wp-json\/wp\/v2\/tags?post=14039"}],"curies":[{"name":"wp","href":"https:\/\/api.w.org\/{rel}","templated":true}]}}