{"id":14102,"date":"2025-02-12T09:20:49","date_gmt":"2025-02-12T07:20:49","guid":{"rendered":"https:\/\/www.clicars.com\/blog\/?p=14102"},"modified":"2025-02-11T10:28:03","modified_gmt":"2025-02-11T08:28:03","slug":"multa-por-no-llevar-la-luz-v16-y-su-uso-fuera-de-espana","status":"publish","type":"post","link":"https:\/\/www.clicars.com\/blog\/actualidad\/multa-por-no-llevar-la-luz-v16-y-su-uso-fuera-de-espana\/","title":{"rendered":"Multa por no llevar la luz V16 y su uso fuera de Espa\u00f1a"},"content":{"rendered":"<p><span style=\"font-weight: 400;\"><div id=\"ez-toc-container\" class=\"ez-toc-v2_0_80 counter-hierarchy ez-toc-counter ez-toc-light-blue ez-toc-container-direction\">\n<p class=\"ez-toc-title\" style=\"cursor:inherit\">\u00cdndice de contenidos<\/p>\n<label for=\"ez-toc-cssicon-toggle-item-69f458802aca9\" class=\"ez-toc-cssicon-toggle-label\"><span class=\"ez-toc-cssicon\"><span class=\"eztoc-hide\" style=\"display:none;\">Toggle<\/span><span class=\"ez-toc-icon-toggle-span\"><svg style=\"fill: #999;color:#999\" xmlns=\"http:\/\/www.w3.org\/2000\/svg\" class=\"list-377408\" width=\"20px\" height=\"20px\" viewBox=\"0 0 24 24\" fill=\"none\"><path d=\"M6 6H4v2h2V6zm14 0H8v2h12V6zM4 11h2v2H4v-2zm16 0H8v2h12v-2zM4 16h2v2H4v-2zm16 0H8v2h12v-2z\" fill=\"currentColor\"><\/path><\/svg><svg style=\"fill: #999;color:#999\" class=\"arrow-unsorted-368013\" xmlns=\"http:\/\/www.w3.org\/2000\/svg\" width=\"10px\" height=\"10px\" viewBox=\"0 0 24 24\" version=\"1.2\" baseProfile=\"tiny\"><path d=\"M18.2 9.3l-6.2-6.3-6.2 6.3c-.2.2-.3.4-.3.7s.1.5.3.7c.2.2.4.3.7.3h11c.3 0 .5-.1.7-.3.2-.2.3-.5.3-.7s-.1-.5-.3-.7zM5.8 14.7l6.2 6.3 6.2-6.3c.2-.2.3-.5.3-.7s-.1-.5-.3-.7c-.2-.2-.4-.3-.7-.3h-11c-.3 0-.5.1-.7.3-.2.2-.3.5-.3.7s.1.5.3.7z\"\/><\/svg><\/span><\/span><\/label><input type=\"checkbox\"  id=\"ez-toc-cssicon-toggle-item-69f458802aca9\"  aria-label=\"Alternar\" \/><nav><ul class='ez-toc-list ez-toc-list-level-1 ' ><li class='ez-toc-page-1 ez-toc-heading-level-2'><a class=\"ez-toc-link ez-toc-heading-1\" href=\"https:\/\/www.clicars.com\/blog\/actualidad\/multa-por-no-llevar-la-luz-v16-y-su-uso-fuera-de-espana\/#%C2%BFQue_es_y_para_que_sirve_la_luz_V16\" >\u00bfQu\u00e9 es y para qu\u00e9 sirve la luz V16?<\/a><\/li><li class='ez-toc-page-1 ez-toc-heading-level-2'><a class=\"ez-toc-link ez-toc-heading-2\" href=\"https:\/\/www.clicars.com\/blog\/actualidad\/multa-por-no-llevar-la-luz-v16-y-su-uso-fuera-de-espana\/#%C2%BFCual_es_la_multa_por_no_llevar_la_luz_V16_en_el_coche\" >\u00bfCu\u00e1l es la multa por no llevar la luz V16 en el coche?<\/a><\/li><li class='ez-toc-page-1 ez-toc-heading-level-2'><a class=\"ez-toc-link ez-toc-heading-3\" href=\"https:\/\/www.clicars.com\/blog\/actualidad\/multa-por-no-llevar-la-luz-v16-y-su-uso-fuera-de-espana\/#%C2%BFEs_obligatorio_el_uso_de_la_luz_V16_fuera_de_Espana\" >\u00bfEs obligatorio el uso de la luz V16 fuera de Espa\u00f1a?<\/a><\/li><\/ul><\/nav><\/div>\n<\/span><\/p>\n<p><span style=\"font-weight: 400;\">A partir de 2026, <\/span><b>ser\u00e1 obligatorio llevar la luz V16 en el coche en Espa\u00f1a<\/b><span style=\"font-weight: 400;\">, pero muchos de los conductores ya la han incorporado a su equipo para evitar sustos, como una <a href=\"https:\/\/www.clicars.com\/blog\/curiosidades\/consultar-multas-por-la-matricula-del-coche-paso-a-paso\/\">multa<\/a>. No solo mejora la visibilidad en situaciones cr\u00edticas, sino que tambi\u00e9n env\u00eda la ubicaci\u00f3n del veh\u00edculo a la DGT para una asistencia m\u00e1s r\u00e1pida. As\u00ed que mejor adelantarse y evitar el disgusto, y la sanci\u00f3n.<\/span><\/p>\n<p><span style=\"font-weight: 400;\">Porque, si no quieres que Tr\u00e1fico te sorprenda con una multa por llevar tan solo el tri\u00e1ngulo de emergencia, m\u00e1s te vale ir pensando en hacerte con la luz V16. Este peque\u00f1o dispositivo luminoso se convertir\u00e1 en tu mejor aliado en caso de sufrir una aver\u00eda o un accidente en la carretera, <\/span><b>reemplazando al mencionado tri\u00e1ngulo de emergencia<\/b><span style=\"font-weight: 400;\">. Adem\u00e1s, te evita el peligro de caminar entre coches para colocarlo.<\/span><\/p>\n<h2><span class=\"ez-toc-section\" id=\"%C2%BFQue_es_y_para_que_sirve_la_luz_V16\"><\/span><span style=\"font-weight: 400;\">\u00bfQu\u00e9 es y para qu\u00e9 sirve la luz V16?<\/span><span class=\"ez-toc-section-end\"><\/span><\/h2>\n<p><span style=\"font-weight: 400;\">La luz V16 es <\/span><b>un dispositivo luminoso dise\u00f1ado para se\u00f1alizar las aver\u00edas o los accidentes<\/b><span style=\"font-weight: 400;\"> de manera m\u00e1s segura y efectiva que los tradicionales tri\u00e1ngulos de emergencia. Su funci\u00f3n es simple: se coloca sobre el techo del veh\u00edculo con un im\u00e1n, emite un destello de luz \u00e1mbar que es visible a gran distancia y, en su versi\u00f3n m\u00e1s avanzada, env\u00eda la ubicaci\u00f3n del coche a la DGT para mejorar la gesti\u00f3n de emergencias.<\/span><\/p>\n<p><span style=\"font-weight: 400;\">Nacida con la idea de sustituir a los tri\u00e1ngulos de emergencia, su creaci\u00f3n lleg\u00f3 a trav\u00e9s de la <\/span><b>necesidad de reducir los atropellos en carretera<\/b><span style=\"font-weight: 400;\">. Muchos conductores han perdido la vida al bajar de su coche para colocar la se\u00f1alizaci\u00f3n, sobre todo en autopistas y autov\u00edas. Y para evitar estos riesgos, la DGT apost\u00f3 por la luz V16 como una alternativa m\u00e1s segura y visible en cualquier condici\u00f3n clim\u00e1tica, especialmente nocturnas.<\/span><\/p>\n<p><span style=\"font-weight: 400;\">En Espa\u00f1a, la normativa <\/span><b>permitir\u00e1 su uso voluntario hasta el 1 de enero de 2026<\/b><span style=\"font-weight: 400;\">, momento en el que se convertir\u00e1 en obligatoria, reemplazando definitivamente a los tri\u00e1ngulos. Desde ese d\u00eda, todos los veh\u00edculos deber\u00e1n llevar una luz V16 conectada, es decir, con sistema de geolocalizaci\u00f3n integrado. Con esta medida, se espera mejorar la seguridad vial y agilizar la asistencia en carretera. Si no la tienes a\u00fan, piensa en hacerte con una.<\/span><\/p>\n<p><img loading=\"lazy\" decoding=\"async\" class=\"aligncenter size-full wp-image-14151\" src=\"http:\/\/www.clicars.com\/blog\/wp-content\/uploads\/2025\/02\/luz-v16-obligatoria-en-otros-paises.jpg\" alt=\"luz v16 obligatoria en otros paises\" width=\"1200\" height=\"900\" srcset=\"https:\/\/www.clicars.com\/blog\/wp-content\/uploads\/2025\/02\/luz-v16-obligatoria-en-otros-paises.jpg 1200w, https:\/\/www.clicars.com\/blog\/wp-content\/uploads\/2025\/02\/luz-v16-obligatoria-en-otros-paises-300x225.jpg 300w, https:\/\/www.clicars.com\/blog\/wp-content\/uploads\/2025\/02\/luz-v16-obligatoria-en-otros-paises-1024x768.jpg 1024w, https:\/\/www.clicars.com\/blog\/wp-content\/uploads\/2025\/02\/luz-v16-obligatoria-en-otros-paises-768x576.jpg 768w\" sizes=\"auto, (max-width: 1200px) 100vw, 1200px\" \/><\/p>\n<h2><span class=\"ez-toc-section\" id=\"%C2%BFCual_es_la_multa_por_no_llevar_la_luz_V16_en_el_coche\"><\/span><span style=\"font-weight: 400;\">\u00bfCu\u00e1l es la multa por no llevar la luz V16 en el coche?<\/span><span class=\"ez-toc-section-end\"><\/span><\/h2>\n<p><span style=\"font-weight: 400;\">A partir de la fecha designada, la DGT exigir\u00e1 a todos los veh\u00edculos matriculados en Espa\u00f1a que est\u00e9n equipados con la luz de emergencia V16 homologada y conectada. No cumplir con esta normativa puede acarrear sanciones econ\u00f3micas. Y esa sanci\u00f3n es exactamente la misma a la de no portar los tri\u00e1ngulos de emergencia, que es de <\/span><b>80 euros<\/b><span style=\"font-weight: 400;\">.\u00a0<\/span><\/p>\n<p><span style=\"font-weight: 400;\">Es importante destacar que la sanci\u00f3n no s\u00f3lo se aplicar\u00e1 por no llevar la luz V16 en el veh\u00edculo, sino tambi\u00e9n por no utilizarla correctamente en situaciones de emergencia. Por ejemplo, si tu veh\u00edculo sufre una aver\u00eda o accidente y <\/span><b>no se\u00f1alizas adecuadamente tu posici\u00f3n con la luz V16<\/b><span style=\"font-weight: 400;\">, podr\u00edas enfrentarte a una multa. Adem\u00e1s, es fundamental asegurarse de que el dispositivo est\u00e9 en buen estado de funcionamiento y que cumpla con los requisitos de homologaci\u00f3n establecidos por la DGT.<\/span><\/p>\n<h2><span class=\"ez-toc-section\" id=\"%C2%BFEs_obligatorio_el_uso_de_la_luz_V16_fuera_de_Espana\"><\/span><span style=\"font-weight: 400;\">\u00bfEs obligatorio el uso de la luz V16 fuera de Espa\u00f1a?<\/span><span class=\"ez-toc-section-end\"><\/span><\/h2>\n<p><b>Fuera de Espa\u00f1a, la adopci\u00f3n de la luz V16 no ser\u00e1 obligatoria.<\/b><span style=\"font-weight: 400;\"> Mientras que en el resto de Europa todav\u00eda se mantienen los tri\u00e1ngulos de emergencia como \u00fanica opci\u00f3n, otros est\u00e1n valorando la implementaci\u00f3n de sistemas similares para mejorar la seguridad vial. Sin embargo, la luz de emergencia V16 es una iniciativa pionera en Espa\u00f1a y su obligatoriedad no se extiende m\u00e1s all\u00e1 de sus fronteras.<\/span><\/p>\n<p><span style=\"font-weight: 400;\">Aunque eso s\u00ed, <\/span><b>los conductores extranjeros que circulen por Espa\u00f1a podr\u00e1n seguir utilizando los tri\u00e1ngulos de emergencia sin riesgo de ser sancionados<\/b><span style=\"font-weight: 400;\">. La Direcci\u00f3n General de Tr\u00e1fico ha aclarado que los coches matriculados en otros pa\u00edses que transiten por territorio espa\u00f1ol estar\u00e1n cumpliendo la normativa si emplean los tri\u00e1ngulos de prese\u00f1alizaci\u00f3n de peligro, por lo que la multa tan solo te llegar\u00e1 si tu coche tiene placas nacionales.<\/span><\/p>\n<p><span style=\"font-weight: 400;\">Es importante destacar que, aunque el dispositivo V16 ser\u00e1 obligatorio en Espa\u00f1a, <\/span><b>su uso no es requerido en otros pa\u00edses.<\/b><span style=\"font-weight: 400;\"> Por lo tanto, los conductores espa\u00f1oles que viajen fuera de las fronteras nacionales deber\u00e1n informarse sobre las otras normativas locales de se\u00f1alizaci\u00f3n de emergencias y asegurarse de llevar los dispositivos exigidos en cada pa\u00eds. Por lo tanto, s\u00ed que seguir\u00e1 siendo aconsejable guardar tambi\u00e9n los tri\u00e1ngulos de emergencia.<\/span><\/p>\n<p><i><span style=\"font-weight: 400;\">\u201cLos veh\u00edculos matriculados en Espa\u00f1a en situaci\u00f3n de \u2018circulaci\u00f3n internacional\u2019 por otro pa\u00eds firmante de cualquiera de los convenios vigentes, <\/span><\/i><b><i>estar\u00e1 cumpliendo la normativa utilizando el nuevo dispositivo de prese\u00f1alizaci\u00f3n de peligro V16 luminoso y conectado<\/i><\/b><i><span style=\"font-weight: 400;\">, sin necesidad de estar dotado de los tri\u00e1ngulos de prese\u00f1alizaci\u00f3n\u201d<\/span><\/i><span style=\"font-weight: 400;\">, afirma la DGT. Una luz que, por cierto, cuesta alrededor de 50 euros y no est\u00e1 subvencionada por el Estado.<\/span><\/p>\n<p><i><span style=\"font-weight: 400;\">\u201cEn el caso de aquellos veh\u00edculos matriculados en otros pa\u00edses y que se encuentren en Espa\u00f1a en situaci\u00f3n de \u2018circulaci\u00f3n internacional\u2019, <\/span><\/i><b><i>estar\u00e1n cumpliendo la normativa si portan, o si utilizan en caso de ser necesario, los tri\u00e1ngulos de prese\u00f1alizaci\u00f3n de peligro o cualquier otro dispositivo de an\u00e1loga funcionalidad<\/i><\/b><i><span style=\"font-weight: 400;\"> implementado en la normativa del pa\u00eds de origen\u201d<\/span><\/i><span style=\"font-weight: 400;\">, destaca Tr\u00e1fico en su web.<\/span><\/p>\n","protected":false},"excerpt":{"rendered":"<p>A partir de 2026, ser\u00e1 obligatorio llevar la luz V16 en el coche en Espa\u00f1a,&#8230;<\/p>\n","protected":false},"author":9,"featured_media":14150,"comment_status":"closed","ping_status":"closed","sticky":false,"template":"","format":"standard","meta":{"footnotes":""},"categories":[5],"tags":[],"class_list":{"0":"post-14102","1":"post","2":"type-post","3":"status-publish","4":"format-standard","5":"has-post-thumbnail","7":"category-actualidad"},"yoast_head":"<!-- This site is optimized with the Yoast SEO plugin v26.8 - https:\/\/yoast.com\/product\/yoast-seo-wordpress\/ -->\n<title>Multa por no llevar la luz V16 - Clicars Blog<\/title>\n<meta name=\"description\" content=\"La luz V16 ser\u00e1 obligatoria a partir de 2026, y no llevarla acarrear\u00e1 una multa. Pero, \u00bftambi\u00e9n lo har\u00e1 si circulamos fuera Espa\u00f1a?\" \/>\n<meta name=\"robots\" content=\"index, follow, max-snippet:-1, max-image-preview:large, max-video-preview:-1\" \/>\n<link rel=\"canonical\" href=\"https:\/\/www.clicars.com\/blog\/actualidad\/multa-por-no-llevar-la-luz-v16-y-su-uso-fuera-de-espana\/\" \/>\n<meta property=\"og:locale\" content=\"es_ES\" \/>\n<meta property=\"og:type\" content=\"article\" \/>\n<meta property=\"og:title\" content=\"Multa por no llevar la luz V16 - Clicars Blog\" \/>\n<meta property=\"og:description\" content=\"La luz V16 ser\u00e1 obligatoria a partir de 2026, y no llevarla acarrear\u00e1 una multa. Pero, \u00bftambi\u00e9n lo har\u00e1 si circulamos fuera Espa\u00f1a?\" \/>\n<meta property=\"og:url\" content=\"https:\/\/www.clicars.com\/blog\/actualidad\/multa-por-no-llevar-la-luz-v16-y-su-uso-fuera-de-espana\/\" \/>\n<meta property=\"og:site_name\" content=\"Clicars\" \/>\n<meta property=\"article:published_time\" content=\"2025-02-12T07:20:49+00:00\" \/>\n<meta property=\"og:image\" content=\"https:\/\/www.clicars.com\/blog\/wp-content\/uploads\/2025\/02\/Luz-v16-multa-1.jpg\" \/>\n\t<meta property=\"og:image:width\" content=\"1200\" \/>\n\t<meta property=\"og:image:height\" content=\"900\" \/>\n\t<meta property=\"og:image:type\" content=\"image\/jpeg\" \/>\n<meta name=\"author\" content=\"Luis Bl\u00e1zquez\" \/>\n<meta name=\"twitter:card\" content=\"summary_large_image\" \/>\n<meta name=\"twitter:label1\" content=\"Escrito por\" \/>\n\t<meta name=\"twitter:data1\" content=\"Luis Bl\u00e1zquez\" \/>\n\t<meta name=\"twitter:label2\" content=\"Tiempo de lectura\" \/>\n\t<meta name=\"twitter:data2\" content=\"5 minutos\" \/>\n<script type=\"application\/ld+json\" class=\"yoast-schema-graph\">{\"@context\":\"https:\/\/schema.org\",\"@graph\":[{\"@type\":\"Article\",\"@id\":\"https:\/\/www.clicars.com\/blog\/actualidad\/multa-por-no-llevar-la-luz-v16-y-su-uso-fuera-de-espana\/#article\",\"isPartOf\":{\"@id\":\"https:\/\/www.clicars.com\/blog\/actualidad\/multa-por-no-llevar-la-luz-v16-y-su-uso-fuera-de-espana\/\"},\"author\":{\"name\":\"Luis Bl\u00e1zquez\",\"@id\":\"https:\/\/www.clicars.com\/blog\/#\/schema\/person\/c89c17578baf7e98a71929208c7fcc7f\"},\"headline\":\"Multa por no llevar la luz V16 y su uso fuera de Espa\u00f1a\",\"datePublished\":\"2025-02-12T07:20:49+00:00\",\"mainEntityOfPage\":{\"@id\":\"https:\/\/www.clicars.com\/blog\/actualidad\/multa-por-no-llevar-la-luz-v16-y-su-uso-fuera-de-espana\/\"},\"wordCount\":978,\"image\":{\"@id\":\"https:\/\/www.clicars.com\/blog\/actualidad\/multa-por-no-llevar-la-luz-v16-y-su-uso-fuera-de-espana\/#primaryimage\"},\"thumbnailUrl\":\"https:\/\/www.clicars.com\/blog\/wp-content\/uploads\/2025\/02\/Luz-v16-multa-1.jpg\",\"articleSection\":[\"Actualidad\"],\"inLanguage\":\"es\"},{\"@type\":[\"WebPage\",\"ItemPage\"],\"@id\":\"https:\/\/www.clicars.com\/blog\/actualidad\/multa-por-no-llevar-la-luz-v16-y-su-uso-fuera-de-espana\/\",\"url\":\"https:\/\/www.clicars.com\/blog\/actualidad\/multa-por-no-llevar-la-luz-v16-y-su-uso-fuera-de-espana\/\",\"name\":\"Multa por no llevar la luz V16 - Clicars Blog\",\"isPartOf\":{\"@id\":\"https:\/\/www.clicars.com\/blog\/#website\"},\"primaryImageOfPage\":{\"@id\":\"https:\/\/www.clicars.com\/blog\/actualidad\/multa-por-no-llevar-la-luz-v16-y-su-uso-fuera-de-espana\/#primaryimage\"},\"image\":{\"@id\":\"https:\/\/www.clicars.com\/blog\/actualidad\/multa-por-no-llevar-la-luz-v16-y-su-uso-fuera-de-espana\/#primaryimage\"},\"thumbnailUrl\":\"https:\/\/www.clicars.com\/blog\/wp-content\/uploads\/2025\/02\/Luz-v16-multa-1.jpg\",\"datePublished\":\"2025-02-12T07:20:49+00:00\",\"author\":{\"@id\":\"https:\/\/www.clicars.com\/blog\/#\/schema\/person\/c89c17578baf7e98a71929208c7fcc7f\"},\"description\":\"La luz V16 ser\u00e1 obligatoria a partir de 2026, y no llevarla acarrear\u00e1 una multa. Pero, \u00bftambi\u00e9n lo har\u00e1 si circulamos fuera Espa\u00f1a?\",\"breadcrumb\":{\"@id\":\"https:\/\/www.clicars.com\/blog\/actualidad\/multa-por-no-llevar-la-luz-v16-y-su-uso-fuera-de-espana\/#breadcrumb\"},\"inLanguage\":\"es\",\"potentialAction\":[{\"@type\":\"ReadAction\",\"target\":[\"https:\/\/www.clicars.com\/blog\/actualidad\/multa-por-no-llevar-la-luz-v16-y-su-uso-fuera-de-espana\/\"]}]},{\"@type\":\"ImageObject\",\"inLanguage\":\"es\",\"@id\":\"https:\/\/www.clicars.com\/blog\/actualidad\/multa-por-no-llevar-la-luz-v16-y-su-uso-fuera-de-espana\/#primaryimage\",\"url\":\"https:\/\/www.clicars.com\/blog\/wp-content\/uploads\/2025\/02\/Luz-v16-multa-1.jpg\",\"contentUrl\":\"https:\/\/www.clicars.com\/blog\/wp-content\/uploads\/2025\/02\/Luz-v16-multa-1.jpg\",\"width\":1200,\"height\":900,\"caption\":\"Luz v16 multa\"},{\"@type\":\"BreadcrumbList\",\"@id\":\"https:\/\/www.clicars.com\/blog\/actualidad\/multa-por-no-llevar-la-luz-v16-y-su-uso-fuera-de-espana\/#breadcrumb\",\"itemListElement\":[{\"@type\":\"ListItem\",\"position\":1,\"name\":\"Portada\",\"item\":\"https:\/\/www.clicars.com\/blog\/\"},{\"@type\":\"ListItem\",\"position\":2,\"name\":\"Multa por no llevar la luz V16 y su uso fuera de Espa\u00f1a\"}]},{\"@type\":\"WebSite\",\"@id\":\"https:\/\/www.clicars.com\/blog\/#website\",\"url\":\"https:\/\/www.clicars.com\/blog\/\",\"name\":\"Clicars\",\"description\":\"Compra tu coche de Buena Mano sin moverte de casa\",\"inLanguage\":\"es\"},{\"@type\":\"Person\",\"@id\":\"https:\/\/www.clicars.com\/blog\/#\/schema\/person\/c89c17578baf7e98a71929208c7fcc7f\",\"name\":\"Luis Bl\u00e1zquez\",\"image\":{\"@type\":\"ImageObject\",\"inLanguage\":\"es\",\"@id\":\"https:\/\/www.clicars.com\/blog\/#\/schema\/person\/image\/\",\"url\":\"https:\/\/secure.gravatar.com\/avatar\/5214422833f62ac5eff4b49b98cf2bb3da6d1c0bd202eb91b732410ef94c8981?s=96&d=mm&r=g\",\"contentUrl\":\"https:\/\/secure.gravatar.com\/avatar\/5214422833f62ac5eff4b49b98cf2bb3da6d1c0bd202eb91b732410ef94c8981?s=96&d=mm&r=g\",\"caption\":\"Luis Bl\u00e1zquez\"},\"description\":\"Apasionado de todo lo que tenga ruedas previamente a tener uso de raz\u00f3n. Por mis venas corre la gasolina que me permite plasmar con palabras cualquier asunto relacionado con el mundo de la automoci\u00f3n. Para algunos dos m\u00e1s dos son cuatro; para m\u00ed, es un coche.\",\"sameAs\":[\"https:\/\/es.linkedin.com\/in\/luis-bl\u00e1zquez-b7b5ba207\"],\"url\":\"https:\/\/www.clicars.com\/blog\/author\/luis-blazquez\/\"}]}<\/script>\n<!-- \/ Yoast SEO plugin. -->","yoast_head_json":{"title":"Multa por no llevar la luz V16 - Clicars Blog","description":"La luz V16 ser\u00e1 obligatoria a partir de 2026, y no llevarla acarrear\u00e1 una multa. Pero, \u00bftambi\u00e9n lo har\u00e1 si circulamos fuera Espa\u00f1a?","robots":{"index":"index","follow":"follow","max-snippet":"max-snippet:-1","max-image-preview":"max-image-preview:large","max-video-preview":"max-video-preview:-1"},"canonical":"https:\/\/www.clicars.com\/blog\/actualidad\/multa-por-no-llevar-la-luz-v16-y-su-uso-fuera-de-espana\/","og_locale":"es_ES","og_type":"article","og_title":"Multa por no llevar la luz V16 - Clicars Blog","og_description":"La luz V16 ser\u00e1 obligatoria a partir de 2026, y no llevarla acarrear\u00e1 una multa. Pero, \u00bftambi\u00e9n lo har\u00e1 si circulamos fuera Espa\u00f1a?","og_url":"https:\/\/www.clicars.com\/blog\/actualidad\/multa-por-no-llevar-la-luz-v16-y-su-uso-fuera-de-espana\/","og_site_name":"Clicars","article_published_time":"2025-02-12T07:20:49+00:00","og_image":[{"width":1200,"height":900,"url":"https:\/\/www.clicars.com\/blog\/wp-content\/uploads\/2025\/02\/Luz-v16-multa-1.jpg","type":"image\/jpeg"}],"author":"Luis Bl\u00e1zquez","twitter_card":"summary_large_image","twitter_misc":{"Escrito por":"Luis Bl\u00e1zquez","Tiempo de lectura":"5 minutos"},"schema":{"@context":"https:\/\/schema.org","@graph":[{"@type":"Article","@id":"https:\/\/www.clicars.com\/blog\/actualidad\/multa-por-no-llevar-la-luz-v16-y-su-uso-fuera-de-espana\/#article","isPartOf":{"@id":"https:\/\/www.clicars.com\/blog\/actualidad\/multa-por-no-llevar-la-luz-v16-y-su-uso-fuera-de-espana\/"},"author":{"name":"Luis Bl\u00e1zquez","@id":"https:\/\/www.clicars.com\/blog\/#\/schema\/person\/c89c17578baf7e98a71929208c7fcc7f"},"headline":"Multa por no llevar la luz V16 y su uso fuera de Espa\u00f1a","datePublished":"2025-02-12T07:20:49+00:00","mainEntityOfPage":{"@id":"https:\/\/www.clicars.com\/blog\/actualidad\/multa-por-no-llevar-la-luz-v16-y-su-uso-fuera-de-espana\/"},"wordCount":978,"image":{"@id":"https:\/\/www.clicars.com\/blog\/actualidad\/multa-por-no-llevar-la-luz-v16-y-su-uso-fuera-de-espana\/#primaryimage"},"thumbnailUrl":"https:\/\/www.clicars.com\/blog\/wp-content\/uploads\/2025\/02\/Luz-v16-multa-1.jpg","articleSection":["Actualidad"],"inLanguage":"es"},{"@type":["WebPage","ItemPage"],"@id":"https:\/\/www.clicars.com\/blog\/actualidad\/multa-por-no-llevar-la-luz-v16-y-su-uso-fuera-de-espana\/","url":"https:\/\/www.clicars.com\/blog\/actualidad\/multa-por-no-llevar-la-luz-v16-y-su-uso-fuera-de-espana\/","name":"Multa por no llevar la luz V16 - Clicars Blog","isPartOf":{"@id":"https:\/\/www.clicars.com\/blog\/#website"},"primaryImageOfPage":{"@id":"https:\/\/www.clicars.com\/blog\/actualidad\/multa-por-no-llevar-la-luz-v16-y-su-uso-fuera-de-espana\/#primaryimage"},"image":{"@id":"https:\/\/www.clicars.com\/blog\/actualidad\/multa-por-no-llevar-la-luz-v16-y-su-uso-fuera-de-espana\/#primaryimage"},"thumbnailUrl":"https:\/\/www.clicars.com\/blog\/wp-content\/uploads\/2025\/02\/Luz-v16-multa-1.jpg","datePublished":"2025-02-12T07:20:49+00:00","author":{"@id":"https:\/\/www.clicars.com\/blog\/#\/schema\/person\/c89c17578baf7e98a71929208c7fcc7f"},"description":"La luz V16 ser\u00e1 obligatoria a partir de 2026, y no llevarla acarrear\u00e1 una multa. Pero, \u00bftambi\u00e9n lo har\u00e1 si circulamos fuera Espa\u00f1a?","breadcrumb":{"@id":"https:\/\/www.clicars.com\/blog\/actualidad\/multa-por-no-llevar-la-luz-v16-y-su-uso-fuera-de-espana\/#breadcrumb"},"inLanguage":"es","potentialAction":[{"@type":"ReadAction","target":["https:\/\/www.clicars.com\/blog\/actualidad\/multa-por-no-llevar-la-luz-v16-y-su-uso-fuera-de-espana\/"]}]},{"@type":"ImageObject","inLanguage":"es","@id":"https:\/\/www.clicars.com\/blog\/actualidad\/multa-por-no-llevar-la-luz-v16-y-su-uso-fuera-de-espana\/#primaryimage","url":"https:\/\/www.clicars.com\/blog\/wp-content\/uploads\/2025\/02\/Luz-v16-multa-1.jpg","contentUrl":"https:\/\/www.clicars.com\/blog\/wp-content\/uploads\/2025\/02\/Luz-v16-multa-1.jpg","width":1200,"height":900,"caption":"Luz v16 multa"},{"@type":"BreadcrumbList","@id":"https:\/\/www.clicars.com\/blog\/actualidad\/multa-por-no-llevar-la-luz-v16-y-su-uso-fuera-de-espana\/#breadcrumb","itemListElement":[{"@type":"ListItem","position":1,"name":"Portada","item":"https:\/\/www.clicars.com\/blog\/"},{"@type":"ListItem","position":2,"name":"Multa por no llevar la luz V16 y su uso fuera de Espa\u00f1a"}]},{"@type":"WebSite","@id":"https:\/\/www.clicars.com\/blog\/#website","url":"https:\/\/www.clicars.com\/blog\/","name":"Clicars","description":"Compra tu coche de Buena Mano sin moverte de casa","inLanguage":"es"},{"@type":"Person","@id":"https:\/\/www.clicars.com\/blog\/#\/schema\/person\/c89c17578baf7e98a71929208c7fcc7f","name":"Luis Bl\u00e1zquez","image":{"@type":"ImageObject","inLanguage":"es","@id":"https:\/\/www.clicars.com\/blog\/#\/schema\/person\/image\/","url":"https:\/\/secure.gravatar.com\/avatar\/5214422833f62ac5eff4b49b98cf2bb3da6d1c0bd202eb91b732410ef94c8981?s=96&d=mm&r=g","contentUrl":"https:\/\/secure.gravatar.com\/avatar\/5214422833f62ac5eff4b49b98cf2bb3da6d1c0bd202eb91b732410ef94c8981?s=96&d=mm&r=g","caption":"Luis Bl\u00e1zquez"},"description":"Apasionado de todo lo que tenga ruedas previamente a tener uso de raz\u00f3n. Por mis venas corre la gasolina que me permite plasmar con palabras cualquier asunto relacionado con el mundo de la automoci\u00f3n. Para algunos dos m\u00e1s dos son cuatro; para m\u00ed, es un coche.","sameAs":["https:\/\/es.linkedin.com\/in\/luis-bl\u00e1zquez-b7b5ba207"],"url":"https:\/\/www.clicars.com\/blog\/author\/luis-blazquez\/"}]}},"_links":{"self":[{"href":"https:\/\/www.clicars.com\/blog\/wp-json\/wp\/v2\/posts\/14102","targetHints":{"allow":["GET"]}}],"collection":[{"href":"https:\/\/www.clicars.com\/blog\/wp-json\/wp\/v2\/posts"}],"about":[{"href":"https:\/\/www.clicars.com\/blog\/wp-json\/wp\/v2\/types\/post"}],"author":[{"embeddable":true,"href":"https:\/\/www.clicars.com\/blog\/wp-json\/wp\/v2\/users\/9"}],"replies":[{"embeddable":true,"href":"https:\/\/www.clicars.com\/blog\/wp-json\/wp\/v2\/comments?post=14102"}],"version-history":[{"count":3,"href":"https:\/\/www.clicars.com\/blog\/wp-json\/wp\/v2\/posts\/14102\/revisions"}],"predecessor-version":[{"id":14152,"href":"https:\/\/www.clicars.com\/blog\/wp-json\/wp\/v2\/posts\/14102\/revisions\/14152"}],"wp:featuredmedia":[{"embeddable":true,"href":"https:\/\/www.clicars.com\/blog\/wp-json\/wp\/v2\/media\/14150"}],"wp:attachment":[{"href":"https:\/\/www.clicars.com\/blog\/wp-json\/wp\/v2\/media?parent=14102"}],"wp:term":[{"taxonomy":"category","embeddable":true,"href":"https:\/\/www.clicars.com\/blog\/wp-json\/wp\/v2\/categories?post=14102"},{"taxonomy":"post_tag","embeddable":true,"href":"https:\/\/www.clicars.com\/blog\/wp-json\/wp\/v2\/tags?post=14102"}],"curies":[{"name":"wp","href":"https:\/\/api.w.org\/{rel}","templated":true}]}}