{"id":14159,"date":"2025-02-18T10:26:49","date_gmt":"2025-02-18T08:26:49","guid":{"rendered":"https:\/\/www.clicars.com\/blog\/?p=14159"},"modified":"2025-02-18T10:26:49","modified_gmt":"2025-02-18T08:26:49","slug":"cuanto-mide-el-toyota-yaris-dimensiones-y-espacio-interior","status":"publish","type":"post","link":"https:\/\/www.clicars.com\/blog\/curiosidades\/cuanto-mide-el-toyota-yaris-dimensiones-y-espacio-interior\/","title":{"rendered":"\u00bfCu\u00e1nto mide el Toyota Yaris? Dimensiones y espacio interior"},"content":{"rendered":"<div id=\"ez-toc-container\" class=\"ez-toc-v2_0_80 counter-hierarchy ez-toc-counter ez-toc-light-blue ez-toc-container-direction\">\n<p class=\"ez-toc-title\" style=\"cursor:inherit\">\u00cdndice de contenidos<\/p>\n<label for=\"ez-toc-cssicon-toggle-item-69f5eaf86b5ef\" class=\"ez-toc-cssicon-toggle-label\"><span class=\"ez-toc-cssicon\"><span class=\"eztoc-hide\" style=\"display:none;\">Toggle<\/span><span class=\"ez-toc-icon-toggle-span\"><svg style=\"fill: #999;color:#999\" xmlns=\"http:\/\/www.w3.org\/2000\/svg\" class=\"list-377408\" width=\"20px\" height=\"20px\" viewBox=\"0 0 24 24\" fill=\"none\"><path d=\"M6 6H4v2h2V6zm14 0H8v2h12V6zM4 11h2v2H4v-2zm16 0H8v2h12v-2zM4 16h2v2H4v-2zm16 0H8v2h12v-2z\" fill=\"currentColor\"><\/path><\/svg><svg style=\"fill: #999;color:#999\" class=\"arrow-unsorted-368013\" xmlns=\"http:\/\/www.w3.org\/2000\/svg\" width=\"10px\" height=\"10px\" viewBox=\"0 0 24 24\" version=\"1.2\" baseProfile=\"tiny\"><path d=\"M18.2 9.3l-6.2-6.3-6.2 6.3c-.2.2-.3.4-.3.7s.1.5.3.7c.2.2.4.3.7.3h11c.3 0 .5-.1.7-.3.2-.2.3-.5.3-.7s-.1-.5-.3-.7zM5.8 14.7l6.2 6.3 6.2-6.3c.2-.2.3-.5.3-.7s-.1-.5-.3-.7c-.2-.2-.4-.3-.7-.3h-11c-.3 0-.5.1-.7.3-.2.2-.3.5-.3.7s.1.5.3.7z\"\/><\/svg><\/span><\/span><\/label><input type=\"checkbox\"  id=\"ez-toc-cssicon-toggle-item-69f5eaf86b5ef\"  aria-label=\"Alternar\" \/><nav><ul class='ez-toc-list ez-toc-list-level-1 ' ><li class='ez-toc-page-1 ez-toc-heading-level-2'><a class=\"ez-toc-link ez-toc-heading-1\" href=\"https:\/\/www.clicars.com\/blog\/curiosidades\/cuanto-mide-el-toyota-yaris-dimensiones-y-espacio-interior\/#Toyota_Yaris_Medidas\" >Toyota Yaris. Medidas<\/a><\/li><li class='ez-toc-page-1 ez-toc-heading-level-2'><a class=\"ez-toc-link ez-toc-heading-2\" href=\"https:\/\/www.clicars.com\/blog\/curiosidades\/cuanto-mide-el-toyota-yaris-dimensiones-y-espacio-interior\/#Toyota_Yaris_Cross_Medidas\" >Toyota Yaris Cross. Medidas<\/a><\/li><li class='ez-toc-page-1 ez-toc-heading-level-2'><a class=\"ez-toc-link ez-toc-heading-3\" href=\"https:\/\/www.clicars.com\/blog\/curiosidades\/cuanto-mide-el-toyota-yaris-dimensiones-y-espacio-interior\/#%C2%BFEs_el_Toyota_Yaris_un_coche_grande\" >\u00bfEs el Toyota Yaris un coche grande?\u00a0<\/a><\/li><li class='ez-toc-page-1 ez-toc-heading-level-2'><a class=\"ez-toc-link ez-toc-heading-4\" href=\"https:\/\/www.clicars.com\/blog\/curiosidades\/cuanto-mide-el-toyota-yaris-dimensiones-y-espacio-interior\/#Entonces%E2%80%A6_%C2%BFToyota_Yaris_o_Yaris_Cross_%C2%BFCual_elijo\" >Entonces&#8230; \u00bfToyota Yaris o Yaris Cross? \u00bfCu\u00e1l elijo?<\/a><\/li><\/ul><\/nav><\/div>\n\n<p><span style=\"font-weight: 400;\">Si buscas <\/span><b>un coche que sea \u00e1gil, eficiente y con garant\u00edas de <\/b><b>fiabilidad<\/b><span style=\"font-weight: 400;\">, el <\/span><a href=\"https:\/\/www.clicars.com\/coches-segunda-mano-ocasion\/toyota\/yaris\"><span style=\"font-weight: 400;\">Toyota Yaris<\/span><\/a><span style=\"font-weight: 400;\"> es un firme candidato. Este <\/span><span style=\"font-weight: 400;\">urba<\/span><span style=\"font-weight: 400;\">n<\/span><span style=\"font-weight: 400;\">o h\u00edbrido<\/span><span style=\"font-weight: 400;\"> combina eficiencia con una conducci\u00f3n id\u00edlica para la <\/span><span style=\"font-weight: 400;\">jungla urbana<\/span><span style=\"font-weight: 400;\">. Pero si quieres algo con m\u00e1s presencia y una vista algo m\u00e1s alta del tr\u00e1fico (y opci\u00f3n de tracci\u00f3n 4&#215;4), el <\/span><span style=\"font-weight: 400;\">Toyota Yaris Cross<\/span><span style=\"font-weight: 400;\"> eleva la apuesta con su <\/span><span style=\"font-weight: 400;\">carrocer\u00eda SUV<\/span><span style=\"font-weight: 400;\">, mayor distancia al suelo y un dise\u00f1o m\u00e1s robusto. Mismo coraz\u00f3n h\u00edbrido, pero m\u00e1s vers\u00e1til.<\/span><\/p>\n<p><span style=\"font-weight: 400;\">Ahora bien, aunque un coche puede elegirse s\u00f3lo por el motor o la est\u00e9tica, tambi\u00e9n puede ser por el <\/span><b>espacio interior<\/b><span style=\"font-weight: 400;\"> que ofrece. Nadie quiere viajar con las rodillas en la guantera o el maletero convertido en un Tetris imposible. Tanto el Yaris como el Yaris Cross ofrecen una soluci\u00f3n pr\u00e1ctica, pero si sueles llevar a gente o equipaje, el extra de cent\u00edmetros del Cross puede marcar la diferencia. Porque, al final del d\u00eda, viajar c\u00f3modo es tan importante como llegar pronto y sano.<\/span><\/p>\n<h2><span class=\"ez-toc-section\" id=\"Toyota_Yaris_Medidas\"><\/span><span style=\"font-weight: 400;\">Toyota Yaris. Medidas<\/span><span class=\"ez-toc-section-end\"><\/span><\/h2>\n<p><span style=\"font-weight: 400;\">Sin mucho pre\u00e1mbulo, vamos a sumergirnos en las dimensiones del <strong>Toyota Yaris Hybrid <\/strong>actualmente a la venta, el\u00a0 gran compa\u00f1ero de muchas aventuras urbanas:<\/span><\/p>\n<ul>\n<li style=\"font-weight: 400;\"><b>Largo:<\/b><span style=\"font-weight: 400;\"> 3.940 mil\u00edmetros<\/span><\/li>\n<li style=\"font-weight: 400;\"><b>Ancho:<\/b><span style=\"font-weight: 400;\"> 1.745 mm<\/span><\/li>\n<li style=\"font-weight: 400;\"><b>Alto: <\/b><span style=\"font-weight: 400;\">1.500 mm<\/span><\/li>\n<li style=\"font-weight: 400;\"><b>Distancia entre ejes:<\/b><span style=\"font-weight: 400;\"> 2.560 mm<\/span><\/li>\n<\/ul>\n<p><span style=\"font-weight: 400;\">A pesar de sus n\u00fameros, el Toyota Yaris ofrece un <\/span><a href=\"https:\/\/www.clicars.com\/blog\/comparativa\/toyota-yaris-2024-que-tan-bueno-es-su-interior-y-cuanto-cuesta\/\"><span style=\"font-weight: 400;\">espacio interior<\/span><\/a><span style=\"font-weight: 400;\"> bien dise\u00f1ado que <\/span><b>maximiza la comodidad en un veh\u00edculo de este tama\u00f1o<\/b><span style=\"font-weight: 400;\">. En las plazas delanteras, los ocupantes disfrutan de una disposici\u00f3n funcional y mandos al alcance, lo que facilita la conducci\u00f3n. Sin embargo, las plazas traseras pueden resultar algo justas para adultos, especialmente en trayectos largos, debido a un espacio limitado para las piernas y una sensaci\u00f3n de estrechez (normal en su segmento).<\/span><\/p>\n<h2><span class=\"ez-toc-section\" id=\"Toyota_Yaris_Cross_Medidas\"><\/span><span style=\"font-weight: 400;\">Toyota Yaris Cross. Medidas<\/span><span class=\"ez-toc-section-end\"><\/span><\/h2>\n<p><span style=\"font-weight: 400;\">El hermano mayor, el <\/span><b>Yaris Cross<\/b><span style=\"font-weight: 400;\">, ofrece un poco m\u00e1s de espacio para aquellos que buscan mayor comodidad y <\/span><span style=\"font-weight: 400;\">capacidad de carga<\/span><span style=\"font-weight: 400;\"> sin tener que abandonar cierta agilidad en la ciudad, compartiendo algunas de sus cotas.<\/span><\/p>\n<ul>\n<li style=\"font-weight: 400;\"><b>Largo:<\/b><span style=\"font-weight: 400;\"> 4.180 mm<\/span><\/li>\n<li style=\"font-weight: 400;\"><b>Ancho:<\/b><span style=\"font-weight: 400;\"> 1.745 mm<\/span><\/li>\n<li style=\"font-weight: 400;\"><b>Alto: <\/b><span style=\"font-weight: 400;\">1.560 mm<\/span><\/li>\n<li style=\"font-weight: 400;\"><b>Distancia entre ejes:<\/b><span style=\"font-weight: 400;\"> 2.560 mm<\/span><\/li>\n<\/ul>\n<p><span style=\"font-weight: 400;\">El Toyota Yaris Cross ofrece un interior m\u00e1s espacioso y vers\u00e1til en comparaci\u00f3n con el Yaris est\u00e1ndar, a\u00fan con la misma anchura exterior. Delante, poco cambia. Sin embargo, detr\u00e1s, el Yaris Cross destaca por ofrecer <\/span><b>mayor espacio para la cabeza y las piernas<\/b><span style=\"font-weight: 400;\">, lo que se traduce en una experiencia m\u00e1s c\u00f3moda, especialmente en trayectos largos. Adem\u00e1s, el <\/span><span style=\"font-weight: 400;\">maletero es m\u00e1s grande<\/span><span style=\"font-weight: 400;\"> (397 litros frente a 286 l), logrando un espacio de carga m\u00e1s amplio y adaptable.\u00a0<\/span><\/p>\n<p><img loading=\"lazy\" decoding=\"async\" class=\"aligncenter size-full wp-image-14174\" src=\"http:\/\/www.clicars.com\/blog\/wp-content\/uploads\/2025\/02\/Toyota-yaris-medidas-del-coche.jpg\" alt=\"Toyota yaris medidas del coche\" width=\"1800\" height=\"1200\" srcset=\"https:\/\/www.clicars.com\/blog\/wp-content\/uploads\/2025\/02\/Toyota-yaris-medidas-del-coche.jpg 1800w, https:\/\/www.clicars.com\/blog\/wp-content\/uploads\/2025\/02\/Toyota-yaris-medidas-del-coche-300x200.jpg 300w, https:\/\/www.clicars.com\/blog\/wp-content\/uploads\/2025\/02\/Toyota-yaris-medidas-del-coche-1024x683.jpg 1024w, https:\/\/www.clicars.com\/blog\/wp-content\/uploads\/2025\/02\/Toyota-yaris-medidas-del-coche-768x512.jpg 768w, https:\/\/www.clicars.com\/blog\/wp-content\/uploads\/2025\/02\/Toyota-yaris-medidas-del-coche-1536x1024.jpg 1536w, https:\/\/www.clicars.com\/blog\/wp-content\/uploads\/2025\/02\/Toyota-yaris-medidas-del-coche-900x600.jpg 900w\" sizes=\"auto, (max-width: 1800px) 100vw, 1800px\" \/><\/p>\n<h2><span class=\"ez-toc-section\" id=\"%C2%BFEs_el_Toyota_Yaris_un_coche_grande\"><\/span><span style=\"font-weight: 400;\">\u00bfEs el Toyota Yaris un coche grande?\u00a0<\/span><span class=\"ez-toc-section-end\"><\/span><\/h2>\n<p><span style=\"font-weight: 400;\">En el competitivo mundo de los subcompactos (segmento B), el Toyota Yaris se ha ganado un lugar destacado. Su tama\u00f1o contenido y dise\u00f1o eficiente lo convierten en un <\/span><b>aliado ideal para la vida urbana<\/b><span style=\"font-weight: 400;\">. Sus cotas lo permiten ser estacionado en esos diminutos huecos que otros solo sue\u00f1an. Adem\u00e1s, su eficiente motorizaci\u00f3n h\u00edbrida no solo es m\u00e1s <\/span><i><span style=\"font-weight: 400;\">eco-friendly<\/span><\/i><span style=\"font-weight: 400;\">, tu bolsillo tambi\u00e9n lo agradece, ofreciendo <\/span><span style=\"font-weight: 400;\">consumos reducidos<\/span><span style=\"font-weight: 400;\"> que te har\u00e1n sonre\u00edr en cada visita a la gasolinera (de 4,3 a 5,1 l\/100 km, seg\u00fan versi\u00f3n y carrocer\u00eda).<\/span><\/p>\n<h2><span class=\"ez-toc-section\" id=\"Entonces%E2%80%A6_%C2%BFToyota_Yaris_o_Yaris_Cross_%C2%BFCual_elijo\"><\/span><span style=\"font-weight: 400;\">Entonces&#8230; \u00bfToyota Yaris o Yaris Cross? \u00bfCu\u00e1l elijo?<\/span><span class=\"ez-toc-section-end\"><\/span><\/h2>\n<p><span style=\"font-weight: 400;\">El <\/span><b>Toyota Yaris cinco puertas<\/b><span style=\"font-weight: 400;\"> es el aliado perfecto para moverse por la ciudad sin sudar la gota gorda al aparcar. Con menos de cuatro metros de longitud y un radio de giro de apenas 5,2 metros, este compacto se cuela en huecos donde otros ni lo intentan. \u00bfHay callejones estrechos? \u00bfAtascos infernales? No hay problema. Su direcci\u00f3n precisa, cambio autom\u00e1tico y tama\u00f1o contenido se ocupan de que zigzaguear entre el tr\u00e1fico sea pan comido.<\/span><\/p>\n<p><span style=\"font-weight: 400;\">Adem\u00e1s, en general ofrece una muy buena visibilidad y sus asistentes de estacionamiento evitan esos momentos de tensi\u00f3n al encajar el coche en un espacio ajustado. En resumen, el Yaris <\/span><b>es peque\u00f1o por fuera, pero grande en agilidad.<\/b><span style=\"font-weight: 400;\"> Es la alternativa perfecta para quienes quieren un coche que se adapte al caos de las ciudades sin complicaciones. Y, adem\u00e1s con su escueto peso y su eficiente motor y aerodin\u00e1mica tenemos un consumos m\u00e1s bajos.<\/span><\/p>\n<p><span style=\"font-weight: 400;\">Si el Toyota Yaris es un gato \u00e1gil en la ciudad, el Yaris Cross es la versi\u00f3n con botas altas. Con sus 4,18 metros de largo y una mayor altura al suelo (con <\/span><b>versiones de tracci\u00f3n total<\/b><span style=\"font-weight: 400;\">), no es tan escurridizo como su hermano peque\u00f1o, pero sigue siendo un coche compacto y f\u00e1cil de llevar en calles estrechas. La posici\u00f3n de conducci\u00f3n elevada es un plus, puesto que mejora la sensaci\u00f3n de control y la visibilidad ante el tr\u00e1fico.<\/span><\/p>\n<p><span style=\"font-weight: 400;\">Aunque su radio de giro es ligeramente mayor, sigue siendo muy maniobrable y suma una ventaja clave: su maletero. Si necesitas m\u00e1s espacio para el equipaje o la compra sin perder las mejores bondades del Yaris est\u00e1ndar, el Yaris Cross se convierte en la opci\u00f3n m\u00e1s l\u00f3gica. En definitiva, es <\/span><b>un SUV peque\u00f1o pero razonablemente espacioso<\/b><span style=\"font-weight: 400;\">, ideal para quienes buscan un plus de comodidad sin renunciar a un dise\u00f1o personal. Y claro, <\/span><a href=\"https:\/\/www.clicars.com\/blog\/curiosidades\/cuanto-cuesta-el-toyota-yaris\/\"><span style=\"font-weight: 400;\">el precio<\/span><\/a><span style=\"font-weight: 400;\">.<\/span><\/p>\n","protected":false},"excerpt":{"rendered":"<p>Si buscas un coche que sea \u00e1gil, eficiente y con garant\u00edas de fiabilidad, el Toyota&#8230;<\/p>\n","protected":false},"author":9,"featured_media":14173,"comment_status":"closed","ping_status":"closed","sticky":false,"template":"","format":"standard","meta":{"footnotes":""},"categories":[4],"tags":[],"class_list":{"0":"post-14159","1":"post","2":"type-post","3":"status-publish","4":"format-standard","5":"has-post-thumbnail","7":"category-curiosidades"},"yoast_head":"<!-- This site is optimized with the Yoast SEO plugin v26.8 - https:\/\/yoast.com\/product\/yoast-seo-wordpress\/ -->\n<title>\u00bfCu\u00e1nto mide el Toyota Yaris? Dimensiones y espacio interior - Clicars Blog<\/title>\n<meta name=\"description\" content=\"\u25b7 Desucbre todas las medidas del Toyota Yaris. Un coche que se adapta a cualquier estilo de vida para brillar en el d\u00eda a d\u00eda.\" \/>\n<meta name=\"robots\" content=\"index, follow, max-snippet:-1, max-image-preview:large, max-video-preview:-1\" \/>\n<link rel=\"canonical\" href=\"https:\/\/www.clicars.com\/blog\/curiosidades\/cuanto-mide-el-toyota-yaris-dimensiones-y-espacio-interior\/\" \/>\n<meta property=\"og:locale\" content=\"es_ES\" \/>\n<meta property=\"og:type\" content=\"article\" \/>\n<meta property=\"og:title\" content=\"\u00bfCu\u00e1nto mide el Toyota Yaris? Dimensiones y espacio interior - Clicars Blog\" \/>\n<meta property=\"og:description\" content=\"\u25b7 Desucbre todas las medidas del Toyota Yaris. Un coche que se adapta a cualquier estilo de vida para brillar en el d\u00eda a d\u00eda.\" \/>\n<meta property=\"og:url\" content=\"https:\/\/www.clicars.com\/blog\/curiosidades\/cuanto-mide-el-toyota-yaris-dimensiones-y-espacio-interior\/\" \/>\n<meta property=\"og:site_name\" content=\"Clicars\" \/>\n<meta property=\"article:published_time\" content=\"2025-02-18T08:26:49+00:00\" \/>\n<meta property=\"og:image\" content=\"http:\/\/www.clicars.com\/blog\/wp-content\/uploads\/2025\/02\/Toyota-yaris-medidas.jpg\" \/>\n\t<meta property=\"og:image:width\" content=\"1800\" \/>\n\t<meta property=\"og:image:height\" content=\"1200\" \/>\n\t<meta property=\"og:image:type\" content=\"image\/jpeg\" \/>\n<meta name=\"author\" content=\"Luis Bl\u00e1zquez\" \/>\n<meta name=\"twitter:card\" content=\"summary_large_image\" \/>\n<meta name=\"twitter:label1\" content=\"Escrito por\" \/>\n\t<meta name=\"twitter:data1\" content=\"Luis Bl\u00e1zquez\" \/>\n\t<meta name=\"twitter:label2\" content=\"Tiempo de lectura\" \/>\n\t<meta name=\"twitter:data2\" content=\"5 minutos\" \/>\n<script type=\"application\/ld+json\" class=\"yoast-schema-graph\">{\"@context\":\"https:\/\/schema.org\",\"@graph\":[{\"@type\":\"Article\",\"@id\":\"https:\/\/www.clicars.com\/blog\/curiosidades\/cuanto-mide-el-toyota-yaris-dimensiones-y-espacio-interior\/#article\",\"isPartOf\":{\"@id\":\"https:\/\/www.clicars.com\/blog\/curiosidades\/cuanto-mide-el-toyota-yaris-dimensiones-y-espacio-interior\/\"},\"author\":{\"name\":\"Luis Bl\u00e1zquez\",\"@id\":\"https:\/\/www.clicars.com\/blog\/#\/schema\/person\/c89c17578baf7e98a71929208c7fcc7f\"},\"headline\":\"\u00bfCu\u00e1nto mide el Toyota Yaris? Dimensiones y espacio interior\",\"datePublished\":\"2025-02-18T08:26:49+00:00\",\"mainEntityOfPage\":{\"@id\":\"https:\/\/www.clicars.com\/blog\/curiosidades\/cuanto-mide-el-toyota-yaris-dimensiones-y-espacio-interior\/\"},\"wordCount\":898,\"image\":{\"@id\":\"https:\/\/www.clicars.com\/blog\/curiosidades\/cuanto-mide-el-toyota-yaris-dimensiones-y-espacio-interior\/#primaryimage\"},\"thumbnailUrl\":\"https:\/\/www.clicars.com\/blog\/wp-content\/uploads\/2025\/02\/Toyota-yaris-medidas.jpg\",\"articleSection\":[\"Curiosidades\"],\"inLanguage\":\"es\"},{\"@type\":[\"WebPage\",\"ItemPage\"],\"@id\":\"https:\/\/www.clicars.com\/blog\/curiosidades\/cuanto-mide-el-toyota-yaris-dimensiones-y-espacio-interior\/\",\"url\":\"https:\/\/www.clicars.com\/blog\/curiosidades\/cuanto-mide-el-toyota-yaris-dimensiones-y-espacio-interior\/\",\"name\":\"\u00bfCu\u00e1nto mide el Toyota Yaris? Dimensiones y espacio interior - Clicars Blog\",\"isPartOf\":{\"@id\":\"https:\/\/www.clicars.com\/blog\/#website\"},\"primaryImageOfPage\":{\"@id\":\"https:\/\/www.clicars.com\/blog\/curiosidades\/cuanto-mide-el-toyota-yaris-dimensiones-y-espacio-interior\/#primaryimage\"},\"image\":{\"@id\":\"https:\/\/www.clicars.com\/blog\/curiosidades\/cuanto-mide-el-toyota-yaris-dimensiones-y-espacio-interior\/#primaryimage\"},\"thumbnailUrl\":\"https:\/\/www.clicars.com\/blog\/wp-content\/uploads\/2025\/02\/Toyota-yaris-medidas.jpg\",\"datePublished\":\"2025-02-18T08:26:49+00:00\",\"author\":{\"@id\":\"https:\/\/www.clicars.com\/blog\/#\/schema\/person\/c89c17578baf7e98a71929208c7fcc7f\"},\"description\":\"\u25b7 Desucbre todas las medidas del Toyota Yaris. Un coche que se adapta a cualquier estilo de vida para brillar en el d\u00eda a d\u00eda.\",\"breadcrumb\":{\"@id\":\"https:\/\/www.clicars.com\/blog\/curiosidades\/cuanto-mide-el-toyota-yaris-dimensiones-y-espacio-interior\/#breadcrumb\"},\"inLanguage\":\"es\",\"potentialAction\":[{\"@type\":\"ReadAction\",\"target\":[\"https:\/\/www.clicars.com\/blog\/curiosidades\/cuanto-mide-el-toyota-yaris-dimensiones-y-espacio-interior\/\"]}]},{\"@type\":\"ImageObject\",\"inLanguage\":\"es\",\"@id\":\"https:\/\/www.clicars.com\/blog\/curiosidades\/cuanto-mide-el-toyota-yaris-dimensiones-y-espacio-interior\/#primaryimage\",\"url\":\"https:\/\/www.clicars.com\/blog\/wp-content\/uploads\/2025\/02\/Toyota-yaris-medidas.jpg\",\"contentUrl\":\"https:\/\/www.clicars.com\/blog\/wp-content\/uploads\/2025\/02\/Toyota-yaris-medidas.jpg\",\"width\":1800,\"height\":1200,\"caption\":\"Toyota yaris medidas\"},{\"@type\":\"BreadcrumbList\",\"@id\":\"https:\/\/www.clicars.com\/blog\/curiosidades\/cuanto-mide-el-toyota-yaris-dimensiones-y-espacio-interior\/#breadcrumb\",\"itemListElement\":[{\"@type\":\"ListItem\",\"position\":1,\"name\":\"Portada\",\"item\":\"https:\/\/www.clicars.com\/blog\/\"},{\"@type\":\"ListItem\",\"position\":2,\"name\":\"\u00bfCu\u00e1nto mide el Toyota Yaris? Dimensiones y espacio interior\"}]},{\"@type\":\"WebSite\",\"@id\":\"https:\/\/www.clicars.com\/blog\/#website\",\"url\":\"https:\/\/www.clicars.com\/blog\/\",\"name\":\"Clicars\",\"description\":\"Compra tu coche de Buena Mano sin moverte de casa\",\"inLanguage\":\"es\"},{\"@type\":\"Person\",\"@id\":\"https:\/\/www.clicars.com\/blog\/#\/schema\/person\/c89c17578baf7e98a71929208c7fcc7f\",\"name\":\"Luis Bl\u00e1zquez\",\"image\":{\"@type\":\"ImageObject\",\"inLanguage\":\"es\",\"@id\":\"https:\/\/www.clicars.com\/blog\/#\/schema\/person\/image\/\",\"url\":\"https:\/\/secure.gravatar.com\/avatar\/5214422833f62ac5eff4b49b98cf2bb3da6d1c0bd202eb91b732410ef94c8981?s=96&d=mm&r=g\",\"contentUrl\":\"https:\/\/secure.gravatar.com\/avatar\/5214422833f62ac5eff4b49b98cf2bb3da6d1c0bd202eb91b732410ef94c8981?s=96&d=mm&r=g\",\"caption\":\"Luis Bl\u00e1zquez\"},\"description\":\"Apasionado de todo lo que tenga ruedas previamente a tener uso de raz\u00f3n. Por mis venas corre la gasolina que me permite plasmar con palabras cualquier asunto relacionado con el mundo de la automoci\u00f3n. Para algunos dos m\u00e1s dos son cuatro; para m\u00ed, es un coche.\",\"sameAs\":[\"https:\/\/es.linkedin.com\/in\/luis-bl\u00e1zquez-b7b5ba207\"],\"url\":\"https:\/\/www.clicars.com\/blog\/author\/luis-blazquez\/\"}]}<\/script>\n<!-- \/ Yoast SEO plugin. -->","yoast_head_json":{"title":"\u00bfCu\u00e1nto mide el Toyota Yaris? Dimensiones y espacio interior - Clicars Blog","description":"\u25b7 Desucbre todas las medidas del Toyota Yaris. Un coche que se adapta a cualquier estilo de vida para brillar en el d\u00eda a d\u00eda.","robots":{"index":"index","follow":"follow","max-snippet":"max-snippet:-1","max-image-preview":"max-image-preview:large","max-video-preview":"max-video-preview:-1"},"canonical":"https:\/\/www.clicars.com\/blog\/curiosidades\/cuanto-mide-el-toyota-yaris-dimensiones-y-espacio-interior\/","og_locale":"es_ES","og_type":"article","og_title":"\u00bfCu\u00e1nto mide el Toyota Yaris? Dimensiones y espacio interior - Clicars Blog","og_description":"\u25b7 Desucbre todas las medidas del Toyota Yaris. Un coche que se adapta a cualquier estilo de vida para brillar en el d\u00eda a d\u00eda.","og_url":"https:\/\/www.clicars.com\/blog\/curiosidades\/cuanto-mide-el-toyota-yaris-dimensiones-y-espacio-interior\/","og_site_name":"Clicars","article_published_time":"2025-02-18T08:26:49+00:00","og_image":[{"width":1800,"height":1200,"url":"http:\/\/www.clicars.com\/blog\/wp-content\/uploads\/2025\/02\/Toyota-yaris-medidas.jpg","type":"image\/jpeg"}],"author":"Luis Bl\u00e1zquez","twitter_card":"summary_large_image","twitter_misc":{"Escrito por":"Luis Bl\u00e1zquez","Tiempo de lectura":"5 minutos"},"schema":{"@context":"https:\/\/schema.org","@graph":[{"@type":"Article","@id":"https:\/\/www.clicars.com\/blog\/curiosidades\/cuanto-mide-el-toyota-yaris-dimensiones-y-espacio-interior\/#article","isPartOf":{"@id":"https:\/\/www.clicars.com\/blog\/curiosidades\/cuanto-mide-el-toyota-yaris-dimensiones-y-espacio-interior\/"},"author":{"name":"Luis Bl\u00e1zquez","@id":"https:\/\/www.clicars.com\/blog\/#\/schema\/person\/c89c17578baf7e98a71929208c7fcc7f"},"headline":"\u00bfCu\u00e1nto mide el Toyota Yaris? Dimensiones y espacio interior","datePublished":"2025-02-18T08:26:49+00:00","mainEntityOfPage":{"@id":"https:\/\/www.clicars.com\/blog\/curiosidades\/cuanto-mide-el-toyota-yaris-dimensiones-y-espacio-interior\/"},"wordCount":898,"image":{"@id":"https:\/\/www.clicars.com\/blog\/curiosidades\/cuanto-mide-el-toyota-yaris-dimensiones-y-espacio-interior\/#primaryimage"},"thumbnailUrl":"https:\/\/www.clicars.com\/blog\/wp-content\/uploads\/2025\/02\/Toyota-yaris-medidas.jpg","articleSection":["Curiosidades"],"inLanguage":"es"},{"@type":["WebPage","ItemPage"],"@id":"https:\/\/www.clicars.com\/blog\/curiosidades\/cuanto-mide-el-toyota-yaris-dimensiones-y-espacio-interior\/","url":"https:\/\/www.clicars.com\/blog\/curiosidades\/cuanto-mide-el-toyota-yaris-dimensiones-y-espacio-interior\/","name":"\u00bfCu\u00e1nto mide el Toyota Yaris? Dimensiones y espacio interior - Clicars Blog","isPartOf":{"@id":"https:\/\/www.clicars.com\/blog\/#website"},"primaryImageOfPage":{"@id":"https:\/\/www.clicars.com\/blog\/curiosidades\/cuanto-mide-el-toyota-yaris-dimensiones-y-espacio-interior\/#primaryimage"},"image":{"@id":"https:\/\/www.clicars.com\/blog\/curiosidades\/cuanto-mide-el-toyota-yaris-dimensiones-y-espacio-interior\/#primaryimage"},"thumbnailUrl":"https:\/\/www.clicars.com\/blog\/wp-content\/uploads\/2025\/02\/Toyota-yaris-medidas.jpg","datePublished":"2025-02-18T08:26:49+00:00","author":{"@id":"https:\/\/www.clicars.com\/blog\/#\/schema\/person\/c89c17578baf7e98a71929208c7fcc7f"},"description":"\u25b7 Desucbre todas las medidas del Toyota Yaris. Un coche que se adapta a cualquier estilo de vida para brillar en el d\u00eda a d\u00eda.","breadcrumb":{"@id":"https:\/\/www.clicars.com\/blog\/curiosidades\/cuanto-mide-el-toyota-yaris-dimensiones-y-espacio-interior\/#breadcrumb"},"inLanguage":"es","potentialAction":[{"@type":"ReadAction","target":["https:\/\/www.clicars.com\/blog\/curiosidades\/cuanto-mide-el-toyota-yaris-dimensiones-y-espacio-interior\/"]}]},{"@type":"ImageObject","inLanguage":"es","@id":"https:\/\/www.clicars.com\/blog\/curiosidades\/cuanto-mide-el-toyota-yaris-dimensiones-y-espacio-interior\/#primaryimage","url":"https:\/\/www.clicars.com\/blog\/wp-content\/uploads\/2025\/02\/Toyota-yaris-medidas.jpg","contentUrl":"https:\/\/www.clicars.com\/blog\/wp-content\/uploads\/2025\/02\/Toyota-yaris-medidas.jpg","width":1800,"height":1200,"caption":"Toyota yaris medidas"},{"@type":"BreadcrumbList","@id":"https:\/\/www.clicars.com\/blog\/curiosidades\/cuanto-mide-el-toyota-yaris-dimensiones-y-espacio-interior\/#breadcrumb","itemListElement":[{"@type":"ListItem","position":1,"name":"Portada","item":"https:\/\/www.clicars.com\/blog\/"},{"@type":"ListItem","position":2,"name":"\u00bfCu\u00e1nto mide el Toyota Yaris? Dimensiones y espacio interior"}]},{"@type":"WebSite","@id":"https:\/\/www.clicars.com\/blog\/#website","url":"https:\/\/www.clicars.com\/blog\/","name":"Clicars","description":"Compra tu coche de Buena Mano sin moverte de casa","inLanguage":"es"},{"@type":"Person","@id":"https:\/\/www.clicars.com\/blog\/#\/schema\/person\/c89c17578baf7e98a71929208c7fcc7f","name":"Luis Bl\u00e1zquez","image":{"@type":"ImageObject","inLanguage":"es","@id":"https:\/\/www.clicars.com\/blog\/#\/schema\/person\/image\/","url":"https:\/\/secure.gravatar.com\/avatar\/5214422833f62ac5eff4b49b98cf2bb3da6d1c0bd202eb91b732410ef94c8981?s=96&d=mm&r=g","contentUrl":"https:\/\/secure.gravatar.com\/avatar\/5214422833f62ac5eff4b49b98cf2bb3da6d1c0bd202eb91b732410ef94c8981?s=96&d=mm&r=g","caption":"Luis Bl\u00e1zquez"},"description":"Apasionado de todo lo que tenga ruedas previamente a tener uso de raz\u00f3n. Por mis venas corre la gasolina que me permite plasmar con palabras cualquier asunto relacionado con el mundo de la automoci\u00f3n. Para algunos dos m\u00e1s dos son cuatro; para m\u00ed, es un coche.","sameAs":["https:\/\/es.linkedin.com\/in\/luis-bl\u00e1zquez-b7b5ba207"],"url":"https:\/\/www.clicars.com\/blog\/author\/luis-blazquez\/"}]}},"_links":{"self":[{"href":"https:\/\/www.clicars.com\/blog\/wp-json\/wp\/v2\/posts\/14159","targetHints":{"allow":["GET"]}}],"collection":[{"href":"https:\/\/www.clicars.com\/blog\/wp-json\/wp\/v2\/posts"}],"about":[{"href":"https:\/\/www.clicars.com\/blog\/wp-json\/wp\/v2\/types\/post"}],"author":[{"embeddable":true,"href":"https:\/\/www.clicars.com\/blog\/wp-json\/wp\/v2\/users\/9"}],"replies":[{"embeddable":true,"href":"https:\/\/www.clicars.com\/blog\/wp-json\/wp\/v2\/comments?post=14159"}],"version-history":[{"count":4,"href":"https:\/\/www.clicars.com\/blog\/wp-json\/wp\/v2\/posts\/14159\/revisions"}],"predecessor-version":[{"id":14175,"href":"https:\/\/www.clicars.com\/blog\/wp-json\/wp\/v2\/posts\/14159\/revisions\/14175"}],"wp:featuredmedia":[{"embeddable":true,"href":"https:\/\/www.clicars.com\/blog\/wp-json\/wp\/v2\/media\/14173"}],"wp:attachment":[{"href":"https:\/\/www.clicars.com\/blog\/wp-json\/wp\/v2\/media?parent=14159"}],"wp:term":[{"taxonomy":"category","embeddable":true,"href":"https:\/\/www.clicars.com\/blog\/wp-json\/wp\/v2\/categories?post=14159"},{"taxonomy":"post_tag","embeddable":true,"href":"https:\/\/www.clicars.com\/blog\/wp-json\/wp\/v2\/tags?post=14159"}],"curies":[{"name":"wp","href":"https:\/\/api.w.org\/{rel}","templated":true}]}}