{"id":14241,"date":"2025-05-09T10:36:26","date_gmt":"2025-05-09T08:36:26","guid":{"rendered":"https:\/\/www.clicars.com\/blog\/?p=14241"},"modified":"2025-04-29T08:39:37","modified_gmt":"2025-04-29T06:39:37","slug":"kia-rio-tamano-y-capacidad","status":"publish","type":"post","link":"https:\/\/www.clicars.com\/blog\/comparativa\/kia-rio-tamano-y-capacidad\/","title":{"rendered":"Kia Rio: tama\u00f1o y capacidad del compacto coreano"},"content":{"rendered":"<p><span style=\"font-weight: 400;\">Si buscas un coche compacto, vers\u00e1til y con un dise\u00f1o moderno, el <strong>Kia Rio<\/strong> ha sido durante a\u00f1os una opci\u00f3n estrella en el mercado espa\u00f1ol. Con el equilibrio perfecto entre tama\u00f1o y funcionalidad, <a href=\"https:\/\/www.clicars.com\/coches-segunda-mano-ocasion\/kia\/rio\">el KIA Rio<\/a>\u00a0se ha ganado el cari\u00f1o de quienes buscan un coche pr\u00e1ctico para la ciudad, pero con espacio suficiente para escapadas de fin de semana.<\/span><\/p>\n<p><span style=\"font-weight: 400;\">Su dise\u00f1o combina l\u00edneas din\u00e1micas y un frontal afilado que le da un aspecto m\u00e1s sofisticado de lo que podr\u00edas esperar en su segmento. Pero no solo es una cara bonita: en <strong>su habit\u00e1culo se aprovecha cada cent\u00edmetro disponible<\/strong>, ofreciendo un interior c\u00f3modo y bien distribuido, ideal tanto para el d\u00eda a d\u00eda como para trayectos m\u00e1s largos. Con una conducci\u00f3n \u00e1gil y un equipamiento tecnol\u00f3gico competitivo, el Rio ha demostrado que los coches del segmento B tambi\u00e9n pueden ser m\u00e1s grandes por dentro de lo que parecen.<\/span><\/p>\n<div id=\"ez-toc-container\" class=\"ez-toc-v2_0_80 counter-hierarchy ez-toc-counter ez-toc-light-blue ez-toc-container-direction\">\n<p class=\"ez-toc-title\" style=\"cursor:inherit\">\u00cdndice de contenidos<\/p>\n<label for=\"ez-toc-cssicon-toggle-item-69f5c048c34a7\" class=\"ez-toc-cssicon-toggle-label\"><span class=\"ez-toc-cssicon\"><span class=\"eztoc-hide\" style=\"display:none;\">Toggle<\/span><span class=\"ez-toc-icon-toggle-span\"><svg style=\"fill: #999;color:#999\" xmlns=\"http:\/\/www.w3.org\/2000\/svg\" class=\"list-377408\" width=\"20px\" height=\"20px\" viewBox=\"0 0 24 24\" fill=\"none\"><path d=\"M6 6H4v2h2V6zm14 0H8v2h12V6zM4 11h2v2H4v-2zm16 0H8v2h12v-2zM4 16h2v2H4v-2zm16 0H8v2h12v-2z\" fill=\"currentColor\"><\/path><\/svg><svg style=\"fill: #999;color:#999\" class=\"arrow-unsorted-368013\" xmlns=\"http:\/\/www.w3.org\/2000\/svg\" width=\"10px\" height=\"10px\" viewBox=\"0 0 24 24\" version=\"1.2\" baseProfile=\"tiny\"><path d=\"M18.2 9.3l-6.2-6.3-6.2 6.3c-.2.2-.3.4-.3.7s.1.5.3.7c.2.2.4.3.7.3h11c.3 0 .5-.1.7-.3.2-.2.3-.5.3-.7s-.1-.5-.3-.7zM5.8 14.7l6.2 6.3 6.2-6.3c.2-.2.3-.5.3-.7s-.1-.5-.3-.7c-.2-.2-.4-.3-.7-.3h-11c-.3 0-.5.1-.7.3-.2.2-.3.5-.3.7s.1.5.3.7z\"\/><\/svg><\/span><\/span><\/label><input type=\"checkbox\"  id=\"ez-toc-cssicon-toggle-item-69f5c048c34a7\"  aria-label=\"Alternar\" \/><nav><ul class='ez-toc-list ez-toc-list-level-1 ' ><li class='ez-toc-page-1 ez-toc-heading-level-2'><a class=\"ez-toc-link ez-toc-heading-1\" href=\"https:\/\/www.clicars.com\/blog\/comparativa\/kia-rio-tamano-y-capacidad\/#Dimensiones_exteriores_del_Kia_Rio\" >Dimensiones exteriores del Kia Rio<\/a><\/li><li class='ez-toc-page-1 ez-toc-heading-level-2'><a class=\"ez-toc-link ez-toc-heading-2\" href=\"https:\/\/www.clicars.com\/blog\/comparativa\/kia-rio-tamano-y-capacidad\/#Capacidad_del_maletero_del_Kia_Rio\" >Capacidad del maletero del Kia Rio<\/a><\/li><li class='ez-toc-page-1 ez-toc-heading-level-2'><a class=\"ez-toc-link ez-toc-heading-3\" href=\"https:\/\/www.clicars.com\/blog\/comparativa\/kia-rio-tamano-y-capacidad\/#Espacio_interior_y_comodidad_del_Kia_Rio\" >Espacio interior y comodidad del Kia Rio<\/a><\/li><li class='ez-toc-page-1 ez-toc-heading-level-2'><a class=\"ez-toc-link ez-toc-heading-4\" href=\"https:\/\/www.clicars.com\/blog\/comparativa\/kia-rio-tamano-y-capacidad\/#Comparativa_del_Kia_Rio_con_sus_competidores\" >Comparativa del Kia Rio con sus competidores<\/a><\/li><\/ul><\/nav><\/div>\n\n<h2><span class=\"ez-toc-section\" id=\"Dimensiones_exteriores_del_Kia_Rio\"><\/span><span style=\"font-weight: 400;\">Dimensiones exteriores del Kia Rio<\/span><span class=\"ez-toc-section-end\"><\/span><\/h2>\n<p><span style=\"font-weight: 400;\">Si est\u00e1s considerando el Kia Rio o alguno de sus competidores, es esencial conocer c\u00f3mo se comparan en dimensiones. Aqu\u00ed te presentamos una comparativa detallada para que tomes la mejor decisi\u00f3n:<\/span><\/p>\n<p><b>Kia Rio: <\/b><span style=\"font-weight: 400;\">4.065 mm (largo) x 1.725 mm (ancho) x 1.450 mm (alto) x 2.580 mm (batalla).<\/span><\/p>\n<p><b>Peugeot 208:<\/b><span style=\"font-weight: 400;\"> 4.055 mm x 1.745 mm x 1.430 mm x 2.540 mm.<\/span><\/p>\n<p><b>Volkswagen Polo:<\/b><span style=\"font-weight: 400;\"> 4.074 mm x 1.751 mm x 1.451 mm x 2.552 mm.<\/span><\/p>\n<p><b>SEAT Ibiza:<\/b><span style=\"font-weight: 400;\"> 4.059 mm x 1.780 mm x 1.444 x 2.564 mm.<\/span><\/p>\n<p><span style=\"font-weight: 400;\">Como puedes ver aqu\u00ed, el Kia Rio se posiciona como uno de los modelos m\u00e1s largos de su segmento. Sin embargo, rivales como el SEAT Ibiza y el Volkswagen Polo ofrecen una mayor anchura, lo que se traduce en un espacio interior m\u00e1s amplio. Por otro lado, el Peugeot 208 es ligeramente m\u00e1s corto y bajo, pero compensa con un habit\u00e1culo m\u00e1s espacioso.<\/span><\/p>\n<h2><span class=\"ez-toc-section\" id=\"Capacidad_del_maletero_del_Kia_Rio\"><\/span><span style=\"font-weight: 400;\">Capacidad del maletero del Kia Rio<\/span><span class=\"ez-toc-section-end\"><\/span><\/h2>\n<p><span style=\"font-weight: 400;\">La \u00faltima iteraci\u00f3n del Kia Rio ofrece un <strong>maletero de 325 litros<\/strong> con los asientos traseros en posici\u00f3n normal. Si necesitas m\u00e1s espacio para tus escapadas o compras voluminosas, al abatir los asientos traseros, la capacidad se ampl\u00eda hasta 1.103 litros, brind\u00e1ndote una flexibilidad notable para un veh\u00edculo de su categor\u00eda. Para poner estas cifras en perspectiva, comparemos el Kia Rio con algunos de sus rivales m\u00e1s cercanos:<\/span><\/p>\n<p><span style=\"font-weight: 400;\"><strong>Volkswagen Polo:<\/strong> este popular alem\u00e1n ofrece un maletero de <strong>351 litros<\/strong> con los asientos en su posici\u00f3n habitual, superando ligeramente al Rio. Al abatir los asientos, su capacidad se extiende hasta 1.125 litros, manteniendo una ventaja m\u00ednima sobre el Kia. \u200b<\/span><\/p>\n<p><span style=\"font-weight: 400;\"><strong>SEAT Ibiza:<\/strong> el espa\u00f1ol presume de un maletero de <strong>355 litros<\/strong>, situ\u00e1ndose por encima del Rio en configuraci\u00f3n est\u00e1ndar. Sin embargo, al abatir los asientos, su capacidad es similar, ofreciendo una versatilidad comparable.\u200b<\/span><\/p>\n<p><span style=\"font-weight: 400;\"><strong>Peugeot 208:<\/strong> el franc\u00e9s, con su dise\u00f1o chic, cuenta con un maletero de <strong>285 litros<\/strong>, quedando por debajo del Kia Rio en espacio de carga. Al abatir los asientos, su capacidad aumenta, pero sigue sin alcanzar la amplitud que ofrece el Rio.\u200b<\/span><\/p>\n<p><span style=\"font-weight: 400;\">En resumen, el Kia Rio se posiciona competitivamente en cuanto a capacidad de maletero dentro de su segmento. Si bien algunos rivales ofrecen unos litros adicionales, la diferencia es m\u00ednima y el Rio compensa con su equilibrio entre espacio, dise\u00f1o y funcionalidad. \u00a1Ideal para quienes buscan un compa\u00f1ero urbano sin sacrificar espacio para sus aventuras!\u200b<\/span><\/p>\n<h2><span class=\"ez-toc-section\" id=\"Espacio_interior_y_comodidad_del_Kia_Rio\"><\/span><span style=\"font-weight: 400;\">Espacio interior y comodidad del Kia Rio<\/span><span class=\"ez-toc-section-end\"><\/span><\/h2>\n<p><span style=\"font-weight: 400;\">El Kia Rio <strong>destaca por su generosa longitud y anchura en las plazas delanteras<\/strong>, superando a muchos de sus rivales en estas medidas. Esto se traduce en un interior amplio que permite a los ocupantes delanteros disfrutar de una experiencia de conducci\u00f3n c\u00f3moda y relajada, incluso en trayectos largos. La altura hasta el techo es \u00f3ptima, aunque los conductores de estatura muy elevada podr\u00edan encontrarla justa<\/span><\/p>\n<p><span style=\"font-weight: 400;\">En la parte posterior, el Rio ofrece un <strong>notable espacio para las piernas, permitiendo que pasajeros de hasta 1,85 metros viajen c\u00f3modamente<\/strong>. La altura libre al techo tambi\u00e9n es suficiente para adultos de estatura media, aunque podr\u00eda resultar limitada para personas m\u00e1s altas. Sin embargo, la anchura de los hombros es menor en comparaci\u00f3n con algunos competidores, lo que hace que tres adultos viajan juntos se sientan algo apretados.\u00a0<\/span><\/p>\n<p><span style=\"font-weight: 400;\">A rasgos generales, el Kia Rio ofrece un interior espacioso y c\u00f3modo para el conductor y el pasajero delantero, con medidas que destacan en su segmento. En las plazas traseras, proporciona un buen espacio para las piernas y una altura adecuada, aunque<strong> la anchura y el espacio para los pies podr\u00edan ser mejorados para optimizar la comodidad de todos los ocupantes<\/strong>. En resumen, el Rio se presenta como una opci\u00f3n s\u00f3lida para quienes buscan un compacto funcional y confortable.<\/span><\/p>\n<h2><span class=\"ez-toc-section\" id=\"Comparativa_del_Kia_Rio_con_sus_competidores\"><\/span><span style=\"font-weight: 400;\">Comparativa del Kia Rio con sus competidores<\/span><span class=\"ez-toc-section-end\"><\/span><\/h2>\n<p><span style=\"font-weight: 400;\">El Kia Rio se mueve con soltura en el competitivo segmento de los utilitarios, <strong>ofreciendo un equilibrio bastante interesante entre tama\u00f1o y habitabilidad<\/strong>. En comparaci\u00f3n con los rivales mencionados, el Rio no es ni el m\u00e1s grande ni el m\u00e1s peque\u00f1o, pero logra aprovechar muy bien su espacio interior.<\/span><\/p>\n<p><span style=\"font-weight: 400;\">Uno de sus puntos fuertes es su maletero de 325 litros, que lo coloca por encima del Peugeot 208 y casi a la par del Polo e Ibiza. Adem\u00e1s, <strong>su distancia entre ejes permite un buen espacio para las piernas en las plazas traseras<\/strong>, algo que agradecer\u00e1n los pasajeros en trayectos largos. Tambi\u00e9n es un coche f\u00e1cil de maniobrar en ciudad gracias a su tama\u00f1o compacto, sin sacrificar demasiado la comodidad en el interior.<\/span><\/p>\n<p><span style=\"font-weight: 400;\">Sin embargo, no todo es perfecto. <strong>La altura libre al techo en las plazas traseras es algo justa para pasajeros altos<\/strong>, sobre todo en comparaci\u00f3n con el Volkswagen Polo, que ofrece m\u00e1s margen. Tambi\u00e9n, aunque su maletero es competitivo, algunos modelos como el SEAT Ibiza y el Polo lo superan ligeramente. Por \u00faltimo, su anchura en las plazas traseras puede hacer que tres adultos viajen algo apretados, un problema com\u00fan en este segmento.<\/span><\/p>\n<p><span style=\"font-weight: 400;\">En resumidas cuentas, el Kia Rio <strong>es una opci\u00f3n muy equilibrada<\/strong>: tiene un tama\u00f1o manejable para la ciudad del d\u00eda a d\u00eda sin renunciar a una habitabilidad correcta, aunque algunos de sus rivales ofrecen unos cent\u00edmetros extra en ciertos aspectos.\u00a0 Es ideal para quienes buscan un coche pr\u00e1ctico y funcional sin irse a un segmento superior y a buen precio en el mercado de ocasi\u00f3n.<\/span><\/p>\n","protected":false},"excerpt":{"rendered":"<p>Si buscas un coche compacto, vers\u00e1til y con un dise\u00f1o moderno, el Kia Rio ha&#8230;<\/p>\n","protected":false},"author":9,"featured_media":14442,"comment_status":"closed","ping_status":"closed","sticky":false,"template":"","format":"standard","meta":{"footnotes":""},"categories":[2],"tags":[],"class_list":{"0":"post-14241","1":"post","2":"type-post","3":"status-publish","4":"format-standard","5":"has-post-thumbnail","7":"category-comparativa"},"yoast_head":"<!-- This site is optimized with the Yoast SEO plugin v26.8 - https:\/\/yoast.com\/product\/yoast-seo-wordpress\/ -->\n<title>Kia Rio: tama\u00f1o y capacidad del compacto coreano - Clicars Blog<\/title>\n<meta name=\"description\" content=\"Descubre las dimensiones del Kia Rio: maletero, espacio interior y comparativa con competidores. Gu\u00eda completa del espacio y capacidad del Kia Rio.\" \/>\n<meta name=\"robots\" content=\"index, follow, max-snippet:-1, max-image-preview:large, max-video-preview:-1\" \/>\n<link rel=\"canonical\" href=\"https:\/\/www.clicars.com\/blog\/comparativa\/kia-rio-tamano-y-capacidad\/\" \/>\n<meta property=\"og:locale\" content=\"es_ES\" \/>\n<meta property=\"og:type\" content=\"article\" \/>\n<meta property=\"og:title\" content=\"Kia Rio: tama\u00f1o y capacidad del compacto coreano - Clicars Blog\" \/>\n<meta property=\"og:description\" content=\"Descubre las dimensiones del Kia Rio: maletero, espacio interior y comparativa con competidores. Gu\u00eda completa del espacio y capacidad del Kia Rio.\" \/>\n<meta property=\"og:url\" content=\"https:\/\/www.clicars.com\/blog\/comparativa\/kia-rio-tamano-y-capacidad\/\" \/>\n<meta property=\"og:site_name\" content=\"Clicars\" \/>\n<meta property=\"article:published_time\" content=\"2025-05-09T08:36:26+00:00\" \/>\n<meta property=\"og:image\" content=\"https:\/\/www.clicars.com\/blog\/wp-content\/uploads\/2025\/04\/kia-rio-medidas.jpg\" \/>\n\t<meta property=\"og:image:width\" content=\"1800\" \/>\n\t<meta property=\"og:image:height\" content=\"1200\" \/>\n\t<meta property=\"og:image:type\" content=\"image\/jpeg\" \/>\n<meta name=\"author\" content=\"Luis Bl\u00e1zquez\" \/>\n<meta name=\"twitter:card\" content=\"summary_large_image\" \/>\n<meta name=\"twitter:label1\" content=\"Escrito por\" \/>\n\t<meta name=\"twitter:data1\" content=\"Luis Bl\u00e1zquez\" \/>\n\t<meta name=\"twitter:label2\" content=\"Tiempo de lectura\" \/>\n\t<meta name=\"twitter:data2\" content=\"5 minutos\" \/>\n<script type=\"application\/ld+json\" class=\"yoast-schema-graph\">{\"@context\":\"https:\/\/schema.org\",\"@graph\":[{\"@type\":\"Article\",\"@id\":\"https:\/\/www.clicars.com\/blog\/comparativa\/kia-rio-tamano-y-capacidad\/#article\",\"isPartOf\":{\"@id\":\"https:\/\/www.clicars.com\/blog\/comparativa\/kia-rio-tamano-y-capacidad\/\"},\"author\":{\"name\":\"Luis Bl\u00e1zquez\",\"@id\":\"https:\/\/www.clicars.com\/blog\/#\/schema\/person\/c89c17578baf7e98a71929208c7fcc7f\"},\"headline\":\"Kia Rio: tama\u00f1o y capacidad del compacto coreano\",\"datePublished\":\"2025-05-09T08:36:26+00:00\",\"mainEntityOfPage\":{\"@id\":\"https:\/\/www.clicars.com\/blog\/comparativa\/kia-rio-tamano-y-capacidad\/\"},\"wordCount\":1101,\"image\":{\"@id\":\"https:\/\/www.clicars.com\/blog\/comparativa\/kia-rio-tamano-y-capacidad\/#primaryimage\"},\"thumbnailUrl\":\"https:\/\/www.clicars.com\/blog\/wp-content\/uploads\/2025\/04\/kia-rio-medidas.jpg\",\"articleSection\":[\"Comparativa\"],\"inLanguage\":\"es\"},{\"@type\":[\"WebPage\",\"ItemPage\"],\"@id\":\"https:\/\/www.clicars.com\/blog\/comparativa\/kia-rio-tamano-y-capacidad\/\",\"url\":\"https:\/\/www.clicars.com\/blog\/comparativa\/kia-rio-tamano-y-capacidad\/\",\"name\":\"Kia Rio: tama\u00f1o y capacidad del compacto coreano - Clicars Blog\",\"isPartOf\":{\"@id\":\"https:\/\/www.clicars.com\/blog\/#website\"},\"primaryImageOfPage\":{\"@id\":\"https:\/\/www.clicars.com\/blog\/comparativa\/kia-rio-tamano-y-capacidad\/#primaryimage\"},\"image\":{\"@id\":\"https:\/\/www.clicars.com\/blog\/comparativa\/kia-rio-tamano-y-capacidad\/#primaryimage\"},\"thumbnailUrl\":\"https:\/\/www.clicars.com\/blog\/wp-content\/uploads\/2025\/04\/kia-rio-medidas.jpg\",\"datePublished\":\"2025-05-09T08:36:26+00:00\",\"author\":{\"@id\":\"https:\/\/www.clicars.com\/blog\/#\/schema\/person\/c89c17578baf7e98a71929208c7fcc7f\"},\"description\":\"Descubre las dimensiones del Kia Rio: maletero, espacio interior y comparativa con competidores. Gu\u00eda completa del espacio y capacidad del Kia Rio.\",\"breadcrumb\":{\"@id\":\"https:\/\/www.clicars.com\/blog\/comparativa\/kia-rio-tamano-y-capacidad\/#breadcrumb\"},\"inLanguage\":\"es\",\"potentialAction\":[{\"@type\":\"ReadAction\",\"target\":[\"https:\/\/www.clicars.com\/blog\/comparativa\/kia-rio-tamano-y-capacidad\/\"]}]},{\"@type\":\"ImageObject\",\"inLanguage\":\"es\",\"@id\":\"https:\/\/www.clicars.com\/blog\/comparativa\/kia-rio-tamano-y-capacidad\/#primaryimage\",\"url\":\"https:\/\/www.clicars.com\/blog\/wp-content\/uploads\/2025\/04\/kia-rio-medidas.jpg\",\"contentUrl\":\"https:\/\/www.clicars.com\/blog\/wp-content\/uploads\/2025\/04\/kia-rio-medidas.jpg\",\"width\":1800,\"height\":1200,\"caption\":\"kia rio medidas\"},{\"@type\":\"BreadcrumbList\",\"@id\":\"https:\/\/www.clicars.com\/blog\/comparativa\/kia-rio-tamano-y-capacidad\/#breadcrumb\",\"itemListElement\":[{\"@type\":\"ListItem\",\"position\":1,\"name\":\"Portada\",\"item\":\"https:\/\/www.clicars.com\/blog\/\"},{\"@type\":\"ListItem\",\"position\":2,\"name\":\"Kia Rio: tama\u00f1o y capacidad del compacto coreano\"}]},{\"@type\":\"WebSite\",\"@id\":\"https:\/\/www.clicars.com\/blog\/#website\",\"url\":\"https:\/\/www.clicars.com\/blog\/\",\"name\":\"Clicars\",\"description\":\"Compra tu coche de Buena Mano sin moverte de casa\",\"inLanguage\":\"es\"},{\"@type\":\"Person\",\"@id\":\"https:\/\/www.clicars.com\/blog\/#\/schema\/person\/c89c17578baf7e98a71929208c7fcc7f\",\"name\":\"Luis Bl\u00e1zquez\",\"image\":{\"@type\":\"ImageObject\",\"inLanguage\":\"es\",\"@id\":\"https:\/\/www.clicars.com\/blog\/#\/schema\/person\/image\/\",\"url\":\"https:\/\/secure.gravatar.com\/avatar\/5214422833f62ac5eff4b49b98cf2bb3da6d1c0bd202eb91b732410ef94c8981?s=96&d=mm&r=g\",\"contentUrl\":\"https:\/\/secure.gravatar.com\/avatar\/5214422833f62ac5eff4b49b98cf2bb3da6d1c0bd202eb91b732410ef94c8981?s=96&d=mm&r=g\",\"caption\":\"Luis Bl\u00e1zquez\"},\"description\":\"Apasionado de todo lo que tenga ruedas previamente a tener uso de raz\u00f3n. Por mis venas corre la gasolina que me permite plasmar con palabras cualquier asunto relacionado con el mundo de la automoci\u00f3n. Para algunos dos m\u00e1s dos son cuatro; para m\u00ed, es un coche.\",\"sameAs\":[\"https:\/\/es.linkedin.com\/in\/luis-bl\u00e1zquez-b7b5ba207\"],\"url\":\"https:\/\/www.clicars.com\/blog\/author\/luis-blazquez\/\"}]}<\/script>\n<!-- \/ Yoast SEO plugin. -->","yoast_head_json":{"title":"Kia Rio: tama\u00f1o y capacidad del compacto coreano - Clicars Blog","description":"Descubre las dimensiones del Kia Rio: maletero, espacio interior y comparativa con competidores. Gu\u00eda completa del espacio y capacidad del Kia Rio.","robots":{"index":"index","follow":"follow","max-snippet":"max-snippet:-1","max-image-preview":"max-image-preview:large","max-video-preview":"max-video-preview:-1"},"canonical":"https:\/\/www.clicars.com\/blog\/comparativa\/kia-rio-tamano-y-capacidad\/","og_locale":"es_ES","og_type":"article","og_title":"Kia Rio: tama\u00f1o y capacidad del compacto coreano - Clicars Blog","og_description":"Descubre las dimensiones del Kia Rio: maletero, espacio interior y comparativa con competidores. Gu\u00eda completa del espacio y capacidad del Kia Rio.","og_url":"https:\/\/www.clicars.com\/blog\/comparativa\/kia-rio-tamano-y-capacidad\/","og_site_name":"Clicars","article_published_time":"2025-05-09T08:36:26+00:00","og_image":[{"width":1800,"height":1200,"url":"https:\/\/www.clicars.com\/blog\/wp-content\/uploads\/2025\/04\/kia-rio-medidas.jpg","type":"image\/jpeg"}],"author":"Luis Bl\u00e1zquez","twitter_card":"summary_large_image","twitter_misc":{"Escrito por":"Luis Bl\u00e1zquez","Tiempo de lectura":"5 minutos"},"schema":{"@context":"https:\/\/schema.org","@graph":[{"@type":"Article","@id":"https:\/\/www.clicars.com\/blog\/comparativa\/kia-rio-tamano-y-capacidad\/#article","isPartOf":{"@id":"https:\/\/www.clicars.com\/blog\/comparativa\/kia-rio-tamano-y-capacidad\/"},"author":{"name":"Luis Bl\u00e1zquez","@id":"https:\/\/www.clicars.com\/blog\/#\/schema\/person\/c89c17578baf7e98a71929208c7fcc7f"},"headline":"Kia Rio: tama\u00f1o y capacidad del compacto coreano","datePublished":"2025-05-09T08:36:26+00:00","mainEntityOfPage":{"@id":"https:\/\/www.clicars.com\/blog\/comparativa\/kia-rio-tamano-y-capacidad\/"},"wordCount":1101,"image":{"@id":"https:\/\/www.clicars.com\/blog\/comparativa\/kia-rio-tamano-y-capacidad\/#primaryimage"},"thumbnailUrl":"https:\/\/www.clicars.com\/blog\/wp-content\/uploads\/2025\/04\/kia-rio-medidas.jpg","articleSection":["Comparativa"],"inLanguage":"es"},{"@type":["WebPage","ItemPage"],"@id":"https:\/\/www.clicars.com\/blog\/comparativa\/kia-rio-tamano-y-capacidad\/","url":"https:\/\/www.clicars.com\/blog\/comparativa\/kia-rio-tamano-y-capacidad\/","name":"Kia Rio: tama\u00f1o y capacidad del compacto coreano - Clicars Blog","isPartOf":{"@id":"https:\/\/www.clicars.com\/blog\/#website"},"primaryImageOfPage":{"@id":"https:\/\/www.clicars.com\/blog\/comparativa\/kia-rio-tamano-y-capacidad\/#primaryimage"},"image":{"@id":"https:\/\/www.clicars.com\/blog\/comparativa\/kia-rio-tamano-y-capacidad\/#primaryimage"},"thumbnailUrl":"https:\/\/www.clicars.com\/blog\/wp-content\/uploads\/2025\/04\/kia-rio-medidas.jpg","datePublished":"2025-05-09T08:36:26+00:00","author":{"@id":"https:\/\/www.clicars.com\/blog\/#\/schema\/person\/c89c17578baf7e98a71929208c7fcc7f"},"description":"Descubre las dimensiones del Kia Rio: maletero, espacio interior y comparativa con competidores. Gu\u00eda completa del espacio y capacidad del Kia Rio.","breadcrumb":{"@id":"https:\/\/www.clicars.com\/blog\/comparativa\/kia-rio-tamano-y-capacidad\/#breadcrumb"},"inLanguage":"es","potentialAction":[{"@type":"ReadAction","target":["https:\/\/www.clicars.com\/blog\/comparativa\/kia-rio-tamano-y-capacidad\/"]}]},{"@type":"ImageObject","inLanguage":"es","@id":"https:\/\/www.clicars.com\/blog\/comparativa\/kia-rio-tamano-y-capacidad\/#primaryimage","url":"https:\/\/www.clicars.com\/blog\/wp-content\/uploads\/2025\/04\/kia-rio-medidas.jpg","contentUrl":"https:\/\/www.clicars.com\/blog\/wp-content\/uploads\/2025\/04\/kia-rio-medidas.jpg","width":1800,"height":1200,"caption":"kia rio medidas"},{"@type":"BreadcrumbList","@id":"https:\/\/www.clicars.com\/blog\/comparativa\/kia-rio-tamano-y-capacidad\/#breadcrumb","itemListElement":[{"@type":"ListItem","position":1,"name":"Portada","item":"https:\/\/www.clicars.com\/blog\/"},{"@type":"ListItem","position":2,"name":"Kia Rio: tama\u00f1o y capacidad del compacto coreano"}]},{"@type":"WebSite","@id":"https:\/\/www.clicars.com\/blog\/#website","url":"https:\/\/www.clicars.com\/blog\/","name":"Clicars","description":"Compra tu coche de Buena Mano sin moverte de casa","inLanguage":"es"},{"@type":"Person","@id":"https:\/\/www.clicars.com\/blog\/#\/schema\/person\/c89c17578baf7e98a71929208c7fcc7f","name":"Luis Bl\u00e1zquez","image":{"@type":"ImageObject","inLanguage":"es","@id":"https:\/\/www.clicars.com\/blog\/#\/schema\/person\/image\/","url":"https:\/\/secure.gravatar.com\/avatar\/5214422833f62ac5eff4b49b98cf2bb3da6d1c0bd202eb91b732410ef94c8981?s=96&d=mm&r=g","contentUrl":"https:\/\/secure.gravatar.com\/avatar\/5214422833f62ac5eff4b49b98cf2bb3da6d1c0bd202eb91b732410ef94c8981?s=96&d=mm&r=g","caption":"Luis Bl\u00e1zquez"},"description":"Apasionado de todo lo que tenga ruedas previamente a tener uso de raz\u00f3n. Por mis venas corre la gasolina que me permite plasmar con palabras cualquier asunto relacionado con el mundo de la automoci\u00f3n. Para algunos dos m\u00e1s dos son cuatro; para m\u00ed, es un coche.","sameAs":["https:\/\/es.linkedin.com\/in\/luis-bl\u00e1zquez-b7b5ba207"],"url":"https:\/\/www.clicars.com\/blog\/author\/luis-blazquez\/"}]}},"_links":{"self":[{"href":"https:\/\/www.clicars.com\/blog\/wp-json\/wp\/v2\/posts\/14241","targetHints":{"allow":["GET"]}}],"collection":[{"href":"https:\/\/www.clicars.com\/blog\/wp-json\/wp\/v2\/posts"}],"about":[{"href":"https:\/\/www.clicars.com\/blog\/wp-json\/wp\/v2\/types\/post"}],"author":[{"embeddable":true,"href":"https:\/\/www.clicars.com\/blog\/wp-json\/wp\/v2\/users\/9"}],"replies":[{"embeddable":true,"href":"https:\/\/www.clicars.com\/blog\/wp-json\/wp\/v2\/comments?post=14241"}],"version-history":[{"count":4,"href":"https:\/\/www.clicars.com\/blog\/wp-json\/wp\/v2\/posts\/14241\/revisions"}],"predecessor-version":[{"id":14443,"href":"https:\/\/www.clicars.com\/blog\/wp-json\/wp\/v2\/posts\/14241\/revisions\/14443"}],"wp:featuredmedia":[{"embeddable":true,"href":"https:\/\/www.clicars.com\/blog\/wp-json\/wp\/v2\/media\/14442"}],"wp:attachment":[{"href":"https:\/\/www.clicars.com\/blog\/wp-json\/wp\/v2\/media?parent=14241"}],"wp:term":[{"taxonomy":"category","embeddable":true,"href":"https:\/\/www.clicars.com\/blog\/wp-json\/wp\/v2\/categories?post=14241"},{"taxonomy":"post_tag","embeddable":true,"href":"https:\/\/www.clicars.com\/blog\/wp-json\/wp\/v2\/tags?post=14241"}],"curies":[{"name":"wp","href":"https:\/\/api.w.org\/{rel}","templated":true}]}}