{"id":14243,"date":"2025-04-10T08:46:18","date_gmt":"2025-04-10T06:46:18","guid":{"rendered":"https:\/\/www.clicars.com\/blog\/?p=14243"},"modified":"2025-04-09T15:51:58","modified_gmt":"2025-04-09T13:51:58","slug":"nissan-micra-opiniones-y-situacion-actual-del-iconico-compacto","status":"publish","type":"post","link":"https:\/\/www.clicars.com\/blog\/comparativa\/nissan-micra-opiniones-y-situacion-actual-del-iconico-compacto\/","title":{"rendered":"Nissan Micra: opiniones y situaci\u00f3n actual del ic\u00f3nico compacto"},"content":{"rendered":"<p><span style=\"font-weight: 400;\"><div id=\"ez-toc-container\" class=\"ez-toc-v2_0_80 counter-hierarchy ez-toc-counter ez-toc-light-blue ez-toc-container-direction\">\n<p class=\"ez-toc-title\" style=\"cursor:inherit\">\u00cdndice de contenidos<\/p>\n<label for=\"ez-toc-cssicon-toggle-item-69f5a1d672175\" class=\"ez-toc-cssicon-toggle-label\"><span class=\"ez-toc-cssicon\"><span class=\"eztoc-hide\" style=\"display:none;\">Toggle<\/span><span class=\"ez-toc-icon-toggle-span\"><svg style=\"fill: #999;color:#999\" xmlns=\"http:\/\/www.w3.org\/2000\/svg\" class=\"list-377408\" width=\"20px\" height=\"20px\" viewBox=\"0 0 24 24\" fill=\"none\"><path d=\"M6 6H4v2h2V6zm14 0H8v2h12V6zM4 11h2v2H4v-2zm16 0H8v2h12v-2zM4 16h2v2H4v-2zm16 0H8v2h12v-2z\" fill=\"currentColor\"><\/path><\/svg><svg style=\"fill: #999;color:#999\" class=\"arrow-unsorted-368013\" xmlns=\"http:\/\/www.w3.org\/2000\/svg\" width=\"10px\" height=\"10px\" viewBox=\"0 0 24 24\" version=\"1.2\" baseProfile=\"tiny\"><path d=\"M18.2 9.3l-6.2-6.3-6.2 6.3c-.2.2-.3.4-.3.7s.1.5.3.7c.2.2.4.3.7.3h11c.3 0 .5-.1.7-.3.2-.2.3-.5.3-.7s-.1-.5-.3-.7zM5.8 14.7l6.2 6.3 6.2-6.3c.2-.2.3-.5.3-.7s-.1-.5-.3-.7c-.2-.2-.4-.3-.7-.3h-11c-.3 0-.5.1-.7.3-.2.2-.3.5-.3.7s.1.5.3.7z\"\/><\/svg><\/span><\/span><\/label><input type=\"checkbox\"  id=\"ez-toc-cssicon-toggle-item-69f5a1d672175\"  aria-label=\"Alternar\" \/><nav><ul class='ez-toc-list ez-toc-list-level-1 ' ><li class='ez-toc-page-1 ez-toc-heading-level-2'><a class=\"ez-toc-link ez-toc-heading-1\" href=\"https:\/\/www.clicars.com\/blog\/comparativa\/nissan-micra-opiniones-y-situacion-actual-del-iconico-compacto\/#Opiniones_de_usuarios_y_expertos\" >Opiniones de usuarios y expertos<\/a><\/li><li class='ez-toc-page-1 ez-toc-heading-level-2'><a class=\"ez-toc-link ez-toc-heading-2\" href=\"https:\/\/www.clicars.com\/blog\/comparativa\/nissan-micra-opiniones-y-situacion-actual-del-iconico-compacto\/#Discontinuacion_del_Nissan_Micra\" >Discontinuaci\u00f3n del Nissan Micra<\/a><\/li><li class='ez-toc-page-1 ez-toc-heading-level-2'><a class=\"ez-toc-link ez-toc-heading-3\" href=\"https:\/\/www.clicars.com\/blog\/comparativa\/nissan-micra-opiniones-y-situacion-actual-del-iconico-compacto\/#Legado_y_relevancia_del_Nissan_Micra\" >Legado y relevancia del Nissan Micra<\/a><\/li><\/ul><\/nav><\/div>\n\u200b<\/span><\/p>\n<p><span style=\"font-weight: 400;\">Desde su debut en 1982, el <\/span><b>Nissan Micra<\/b><span style=\"font-weight: 400;\"> se ha consolidado como un \u00edcono en el segmento de los urbanos compactos. Su primera generaci\u00f3n, caracterizada por l\u00edneas cuadradas y un dise\u00f1o funcional, sent\u00f3 las bases de su \u00e9xito inicial. Y aunque al principio se comercializ\u00f3 \u00fanicamente en Canarias, su llegada coincidi\u00f3 con el inicio de las operaciones industriales de Nissan en la Zona Franca de Barcelona en 1983, marcando un hito para la marca en Espa\u00f1a.\u00a0<\/span><\/p>\n<p><span style=\"font-weight: 400;\">A lo largo de sus cinco generaciones, el <a href=\"https:\/\/www.clicars.com\/coches-segunda-mano-ocasion\/nissan\/micra\">Nissan Micra<\/a> ha evolucionado adapt\u00e1ndose a las tendencias y necesidades de los conductores. La <strong>segunda iteraci\u00f3n<\/strong>, lanzada en 1992, introdujo l\u00edneas m\u00e1s suaves y tecnolog\u00edas innovadoras, conectando con un p\u00fablico joven y convirti\u00e9ndose en un producto de culto. La <strong>tercera generaci\u00f3n<\/strong>, que lleg\u00f3 en 2002, radicaliz\u00f3 sus l\u00edneas curvas y ofreci\u00f3 tambi\u00e9n una carrocer\u00eda descapotable, mientras que la <strong>cuarta generaci\u00f3n<\/strong>, en 2010, combin\u00f3 curvas con elementos m\u00e1s racionales para atraer a un p\u00fablico variado. \u200b<\/span><\/p>\n<p><span style=\"font-weight: 400;\">\u200bLa <strong>quinta y m\u00e1s reciente generaci\u00f3n<\/strong>, presentada en 2016, supuso una revoluci\u00f3n en dise\u00f1o y tecnolog\u00eda. Este modelo comparte plataforma y componentes con el Renault Clio, fruto de la alianza entre Nissan y Renault, y se ensamblan en la misma planta que el fabricante franc\u00e9s tiene en Flins. Esta colaboraci\u00f3n entre ambas marcas permite optimizar recursos y ofrecer veh\u00edculos con tecnolog\u00edas m\u00e1s avanzadas y dise\u00f1os atractivos, manteniendo la identidad de cada empresa y pudiendo ofrecerse al p\u00fablico a un precio m\u00e1s competitivo.<\/span><\/p>\n<p><img loading=\"lazy\" decoding=\"async\" class=\"aligncenter size-full wp-image-14340\" src=\"http:\/\/www.clicars.com\/blog\/wp-content\/uploads\/2025\/04\/opiniones-del-nissan-micra.jpg\" alt=\"opiniones del nissan micra\" width=\"1800\" height=\"1200\" srcset=\"https:\/\/www.clicars.com\/blog\/wp-content\/uploads\/2025\/04\/opiniones-del-nissan-micra.jpg 1800w, https:\/\/www.clicars.com\/blog\/wp-content\/uploads\/2025\/04\/opiniones-del-nissan-micra-300x200.jpg 300w, https:\/\/www.clicars.com\/blog\/wp-content\/uploads\/2025\/04\/opiniones-del-nissan-micra-1024x683.jpg 1024w, https:\/\/www.clicars.com\/blog\/wp-content\/uploads\/2025\/04\/opiniones-del-nissan-micra-768x512.jpg 768w, https:\/\/www.clicars.com\/blog\/wp-content\/uploads\/2025\/04\/opiniones-del-nissan-micra-1536x1024.jpg 1536w, https:\/\/www.clicars.com\/blog\/wp-content\/uploads\/2025\/04\/opiniones-del-nissan-micra-900x600.jpg 900w\" sizes=\"auto, (max-width: 1800px) 100vw, 1800px\" \/><\/p>\n<h2><span class=\"ez-toc-section\" id=\"Opiniones_de_usuarios_y_expertos\"><\/span><span style=\"font-weight: 400;\">Opiniones de usuarios y expertos<\/span><span class=\"ez-toc-section-end\"><\/span><\/h2>\n<p><span style=\"font-weight: 400;\">\u200bEl Nissan Micra de \u00faltima generaci\u00f3n lleg\u00f3 a captar la atenci\u00f3n tanto de expertos como de usuarios en Europa, generando una <strong>variedad de opiniones<\/strong> sobre diversos aspectos clave y si de verdad mantiene su identidad como lo hicieran los modelos anteriores. \u200b<\/span><\/p>\n<p><span style=\"font-weight: 400;\">El redise\u00f1o del Micra fue bien recibido por su <strong>est\u00e9tica moderna y atractiva<\/strong>. Sin embargo, este enfoque ha impactado en la habitabilidad, especialmente en las plazas traseras, donde el espacio es m\u00e1s limitado y adecuado principalmente para ni\u00f1os o adultos de baja estatura. El maletero ofrece <strong>300 litros<\/strong> de capacidad, situ\u00e1ndose en una posici\u00f3n intermedia dentro de su categor\u00eda.<\/span><\/p>\n<p><span style=\"font-weight: 400;\">Por otro lado, el Nissan Micra ofrece opciones de motorizaci\u00f3n que equilibran rendimiento y eficiencia. El <strong>motor de gasolina 0.9 IG-T de 90 CV<\/strong> permite al coche moverse con solvencia en diversas situaciones, aunque algunos expertos se\u00f1alan que no es especialmente refinado y presenta una sonoridad notable. En cuanto al consumo, este motor ha registrado cifras alrededor de 6,5 l\/100 km en condiciones reales, superiores a las oficiales, pero en la media. Y si quieres una <strong>opci\u00f3n di\u00e9sel<\/strong>, tambi\u00e9n estuvo disponible una unidad de 90 CV hasta 2019.\u00a0<\/span><\/p>\n<p><span style=\"font-weight: 400;\">El Micra destaca tambi\u00e9n por su <strong>comportamiento din\u00e1mico y estabilidad en carretera<\/strong>. La direcci\u00f3n es directa, aunque algunos conductores desear\u00edan una mayor retroalimentaci\u00f3n, sobre todo a la hora de enfrentar tramos revirados. La suspensi\u00f3n ofrece un equilibrio entre comodidad y control, absorbiendo bien las irregularidades del asfalto. Sin embargo, y como ya se ha dicho, la insonorizaci\u00f3n del motor podr\u00eda mejorarse para reducir el ruido a bordo.<\/span><\/p>\n<p><span style=\"font-weight: 400;\">A velocidades de autopista, el Nissan Micra transmite una sensaci\u00f3n de estabilidad propia de veh\u00edculos de mayor tama\u00f1o, gracias a un <strong>buen aislamiento y una estructura s\u00f3lida<\/strong>. Si lo comparamos con rivales como el Suzuki Swift, el Micra es m\u00e1s silencioso y estable a altas velocidades. En t\u00e9rminos de fiabilidad, aunque no se reportan problemas graves, algunos usuarios han mencionado detalles como la calidad de ciertos materiales y la insonorizaci\u00f3n del motor como \u00e1reas de mejora. \u200b \u200b<\/span><\/p>\n<h2><span class=\"ez-toc-section\" id=\"Discontinuacion_del_Nissan_Micra\"><\/span><span style=\"font-weight: 400;\">Discontinuaci\u00f3n del Nissan Micra<\/span><span class=\"ez-toc-section-end\"><\/span><\/h2>\n<p><span style=\"font-weight: 400;\">En los \u00faltimos a\u00f1os, Nissan ha tomado decisiones estrat\u00e9gicas importantes que han llevado al Micra, uno de sus modelos m\u00e1s ic\u00f3nicos y veteranos, a <strong>desaparecer de varios mercados internacionales<\/strong>. Un cambio que, aunque inevitable en el contexto de la transformaci\u00f3n de la industria automovil\u00edstica, no deja de resultar nost\u00e1lgico para quienes vieron en el Micra un compa\u00f1ero urbano fiel y asequible.<\/span><\/p>\n<p><span style=\"font-weight: 400;\">En <strong>Canad\u00e1<\/strong>, el Micra dej\u00f3 de venderse tras el modelo 2019. La raz\u00f3n fue clara: el mercado canadiense mostr\u00f3 una mayor preferencia por veh\u00edculos m\u00e1s grandes y potentes, como los sedanes compactos y, especialmente, los SUV. En ese contexto, el Nissan Versa tom\u00f3 el relevo, ofreciendo un precio competitivo, un poco m\u00e1s de espacio y potencia, adapt\u00e1ndose mejor a las demandas del consumidor norteamericano.<\/span><\/p>\n<p><span style=\"font-weight: 400;\">En <strong>Sud\u00e1frica<\/strong>, la historia fue similar. En 2022, Nissan anunci\u00f3 la retirada del Micra de su gama en el pa\u00eds, cerrando as\u00ed un cap\u00edtulo que dur\u00f3 varias generaciones. La decisi\u00f3n fue parte de una reorganizaci\u00f3n regional que prioriza veh\u00edculos con mayor volumen de ventas, especialmente SUV y pick-ups, m\u00e1s adecuados para el tipo de conducci\u00f3n y terreno en gran parte del territorio sudafricano.\u00a0<\/span><\/p>\n<p><span style=\"font-weight: 400;\">M\u00e1s simb\u00f3lica a\u00fan fue la despedida del Micra de su tierra, <strong>Jap\u00f3n<\/strong>, donde se comercializaba como Nissan March. En agosto de 2022, Nissan confirm\u00f3 el <strong>fin de su producci\u00f3n y venta en el pa\u00eds y resto del mundo<\/strong>. La raz\u00f3n no fue solo la ca\u00edda en la demanda de coches compactos tradicionales, sino tambi\u00e9n un cambio de filosof\u00eda: Nissan ha decidido centrar sus esfuerzos en coches electrificados, siguiendo la hoja de ruta global hacia la movilidad m\u00e1s sostenible.<\/span><\/p>\n<p><span style=\"font-weight: 400;\">Pero no todo es despedida. El Micra, como buen guerrero urbano, no dice adi\u00f3s, sino hasta luego. <strong>Nissan ha confirmado que el modelo renacer\u00e1 como 100 % el\u00e9ctrico<\/strong>, compartiendo plataforma con el nuevo <strong>Renault 5<\/strong>. Esta futura generaci\u00f3n apostar\u00e1 por un dise\u00f1o retro con sabor nost\u00e1lgico, pero cargado de tecnolog\u00eda y sostenibilidad, lo que lo posicionar\u00e1 como una alternativa urbana ideal para el nuevo paradigma de movilidad el\u00e9ctrica. Un gui\u00f1o al pasado con la mirada puesta en el futuro.<\/span><\/p>\n<h2><span class=\"ez-toc-section\" id=\"Legado_y_relevancia_del_Nissan_Micra\"><\/span><span style=\"font-weight: 400;\">Legado y relevancia del Nissan Micra<\/span><span class=\"ez-toc-section-end\"><\/span><\/h2>\n<p><span style=\"font-weight: 400;\">Pese a que el Nissan Micra ha ido bajando la persiana en los rincones del mundo, lo cierto es que <strong>su legado sigue rodando con fuerza en la memoria de millones de conductores<\/strong>. Porque este peque\u00f1o urbanita no solo fue un coche: fue el primer coche de muchos, el compa\u00f1ero ideal para aprender a aparcar entre dos SUVs y la prueba viviente de que la diversi\u00f3n es m\u00e1s que posible en un formato compacto.<\/span><\/p>\n<p><span style=\"font-weight: 400;\">Con m\u00e1s de 40 a\u00f1os de historia, el Micra se convirti\u00f3 en un cl\u00e1sico del segmento, cruzando generaciones con un estilo siempre cambiante, pero con una esencia inconfundible. Desde sus l\u00edneas cuadradas ochenteras hasta su \u00faltima silueta afilada y moderna, <strong>el Micra supo reinventarse sin perder su ADN pr\u00e1ctico y accesible<\/strong>. Adem\u00e1s, no se qued\u00f3 atr\u00e1s en cuanto a innovaci\u00f3n. Fue de los primeros en su categor\u00eda en ofrecer una llave inteligente, sistemas de asistencia a la conducci\u00f3n y m\u00faltiples opciones de personalizaci\u00f3n.<\/span><\/p>\n<p><span style=\"font-weight: 400;\">Esto \u00faltimo, particularmente, es algo que encant\u00f3 a los conductores m\u00e1s j\u00f3venes, <strong>siempre con ganas de ponerle su toque personal<\/strong>. Y hablando de juventud, no podemos olvidar su popularidad entre los urbanitas. Peque\u00f1o, eficiente, f\u00e1cil de aparcar y con una personalidad chispeante, el Micra fue el h\u00e9roe silencioso de calles estrechas, sem\u00e1foros en rojo y de las escapadas improvisadas. Puede que ya no est\u00e9 en todos los cat\u00e1logos, pero su nombre ya est\u00e1 escrito con may\u00fasculas en la historia del autom\u00f3vil.<\/span><\/p>\n<p><span style=\"font-weight: 400;\">El Nissan Micra ha sido mucho m\u00e1s que un coche peque\u00f1o: fue <strong>una apuesta por la movilidad accesible, \u00e1gil y con car\u00e1cter propio, que supo adaptarse a las tendencias sin perder su identidad<\/strong>. Aunque su presencia se haya reducido, su impacto perdura como un s\u00edmbolo de la practicidad inteligente y dise\u00f1o con personalidad, dejando la puerta abierta a una nueva era el\u00e9ctrica donde su esp\u00edritu volver\u00e1 a brillar con energ\u00eda renovada a partir de 2026.<\/span><\/p>\n","protected":false},"excerpt":{"rendered":"<p>\u200b Desde su debut en 1982, el Nissan Micra se ha consolidado como un \u00edcono&#8230;<\/p>\n","protected":false},"author":9,"featured_media":14339,"comment_status":"closed","ping_status":"closed","sticky":false,"template":"","format":"standard","meta":{"footnotes":""},"categories":[2],"tags":[],"class_list":{"0":"post-14243","1":"post","2":"type-post","3":"status-publish","4":"format-standard","5":"has-post-thumbnail","7":"category-comparativa"},"yoast_head":"<!-- This site is optimized with the Yoast SEO plugin v26.8 - https:\/\/yoast.com\/product\/yoast-seo-wordpress\/ -->\n<title>Nissan Micra: opiniones del ic\u00f3nico compacto - Clicars Blog<\/title>\n<meta name=\"description\" content=\"Descubre las opiniones del Nissan Micra. El ic\u00f3nico compacto no deja indiferente a su paso por la carretera.\" \/>\n<meta name=\"robots\" content=\"index, follow, max-snippet:-1, max-image-preview:large, max-video-preview:-1\" \/>\n<link rel=\"canonical\" href=\"https:\/\/www.clicars.com\/blog\/comparativa\/nissan-micra-opiniones-y-situacion-actual-del-iconico-compacto\/\" \/>\n<meta property=\"og:locale\" content=\"es_ES\" \/>\n<meta property=\"og:type\" content=\"article\" \/>\n<meta property=\"og:title\" content=\"Nissan Micra: opiniones del ic\u00f3nico compacto - Clicars Blog\" \/>\n<meta property=\"og:description\" content=\"Descubre las opiniones del Nissan Micra. El ic\u00f3nico compacto no deja indiferente a su paso por la carretera.\" \/>\n<meta property=\"og:url\" content=\"https:\/\/www.clicars.com\/blog\/comparativa\/nissan-micra-opiniones-y-situacion-actual-del-iconico-compacto\/\" \/>\n<meta property=\"og:site_name\" content=\"Clicars\" \/>\n<meta property=\"article:published_time\" content=\"2025-04-10T06:46:18+00:00\" \/>\n<meta property=\"og:image\" content=\"https:\/\/www.clicars.com\/blog\/wp-content\/uploads\/2025\/04\/nissan-micra-opiniones.jpg\" \/>\n\t<meta property=\"og:image:width\" content=\"1800\" \/>\n\t<meta property=\"og:image:height\" content=\"1200\" \/>\n\t<meta property=\"og:image:type\" content=\"image\/jpeg\" \/>\n<meta name=\"author\" content=\"Luis Bl\u00e1zquez\" \/>\n<meta name=\"twitter:card\" content=\"summary_large_image\" \/>\n<meta name=\"twitter:label1\" content=\"Escrito por\" \/>\n\t<meta name=\"twitter:data1\" content=\"Luis Bl\u00e1zquez\" \/>\n\t<meta name=\"twitter:label2\" content=\"Tiempo de lectura\" \/>\n\t<meta name=\"twitter:data2\" content=\"7 minutos\" \/>\n<script type=\"application\/ld+json\" class=\"yoast-schema-graph\">{\"@context\":\"https:\/\/schema.org\",\"@graph\":[{\"@type\":\"Article\",\"@id\":\"https:\/\/www.clicars.com\/blog\/comparativa\/nissan-micra-opiniones-y-situacion-actual-del-iconico-compacto\/#article\",\"isPartOf\":{\"@id\":\"https:\/\/www.clicars.com\/blog\/comparativa\/nissan-micra-opiniones-y-situacion-actual-del-iconico-compacto\/\"},\"author\":{\"name\":\"Luis Bl\u00e1zquez\",\"@id\":\"https:\/\/www.clicars.com\/blog\/#\/schema\/person\/c89c17578baf7e98a71929208c7fcc7f\"},\"headline\":\"Nissan Micra: opiniones y situaci\u00f3n actual del ic\u00f3nico compacto\",\"datePublished\":\"2025-04-10T06:46:18+00:00\",\"mainEntityOfPage\":{\"@id\":\"https:\/\/www.clicars.com\/blog\/comparativa\/nissan-micra-opiniones-y-situacion-actual-del-iconico-compacto\/\"},\"wordCount\":1370,\"image\":{\"@id\":\"https:\/\/www.clicars.com\/blog\/comparativa\/nissan-micra-opiniones-y-situacion-actual-del-iconico-compacto\/#primaryimage\"},\"thumbnailUrl\":\"https:\/\/www.clicars.com\/blog\/wp-content\/uploads\/2025\/04\/nissan-micra-opiniones.jpg\",\"articleSection\":[\"Comparativa\"],\"inLanguage\":\"es\"},{\"@type\":[\"WebPage\",\"ItemPage\"],\"@id\":\"https:\/\/www.clicars.com\/blog\/comparativa\/nissan-micra-opiniones-y-situacion-actual-del-iconico-compacto\/\",\"url\":\"https:\/\/www.clicars.com\/blog\/comparativa\/nissan-micra-opiniones-y-situacion-actual-del-iconico-compacto\/\",\"name\":\"Nissan Micra: opiniones del ic\u00f3nico compacto - Clicars Blog\",\"isPartOf\":{\"@id\":\"https:\/\/www.clicars.com\/blog\/#website\"},\"primaryImageOfPage\":{\"@id\":\"https:\/\/www.clicars.com\/blog\/comparativa\/nissan-micra-opiniones-y-situacion-actual-del-iconico-compacto\/#primaryimage\"},\"image\":{\"@id\":\"https:\/\/www.clicars.com\/blog\/comparativa\/nissan-micra-opiniones-y-situacion-actual-del-iconico-compacto\/#primaryimage\"},\"thumbnailUrl\":\"https:\/\/www.clicars.com\/blog\/wp-content\/uploads\/2025\/04\/nissan-micra-opiniones.jpg\",\"datePublished\":\"2025-04-10T06:46:18+00:00\",\"author\":{\"@id\":\"https:\/\/www.clicars.com\/blog\/#\/schema\/person\/c89c17578baf7e98a71929208c7fcc7f\"},\"description\":\"Descubre las opiniones del Nissan Micra. El ic\u00f3nico compacto no deja indiferente a su paso por la carretera.\",\"breadcrumb\":{\"@id\":\"https:\/\/www.clicars.com\/blog\/comparativa\/nissan-micra-opiniones-y-situacion-actual-del-iconico-compacto\/#breadcrumb\"},\"inLanguage\":\"es\",\"potentialAction\":[{\"@type\":\"ReadAction\",\"target\":[\"https:\/\/www.clicars.com\/blog\/comparativa\/nissan-micra-opiniones-y-situacion-actual-del-iconico-compacto\/\"]}]},{\"@type\":\"ImageObject\",\"inLanguage\":\"es\",\"@id\":\"https:\/\/www.clicars.com\/blog\/comparativa\/nissan-micra-opiniones-y-situacion-actual-del-iconico-compacto\/#primaryimage\",\"url\":\"https:\/\/www.clicars.com\/blog\/wp-content\/uploads\/2025\/04\/nissan-micra-opiniones.jpg\",\"contentUrl\":\"https:\/\/www.clicars.com\/blog\/wp-content\/uploads\/2025\/04\/nissan-micra-opiniones.jpg\",\"width\":1800,\"height\":1200,\"caption\":\"nissan micra opiniones\"},{\"@type\":\"BreadcrumbList\",\"@id\":\"https:\/\/www.clicars.com\/blog\/comparativa\/nissan-micra-opiniones-y-situacion-actual-del-iconico-compacto\/#breadcrumb\",\"itemListElement\":[{\"@type\":\"ListItem\",\"position\":1,\"name\":\"Portada\",\"item\":\"https:\/\/www.clicars.com\/blog\/\"},{\"@type\":\"ListItem\",\"position\":2,\"name\":\"Nissan Micra: opiniones y situaci\u00f3n actual del ic\u00f3nico compacto\"}]},{\"@type\":\"WebSite\",\"@id\":\"https:\/\/www.clicars.com\/blog\/#website\",\"url\":\"https:\/\/www.clicars.com\/blog\/\",\"name\":\"Clicars\",\"description\":\"Compra tu coche de Buena Mano sin moverte de casa\",\"inLanguage\":\"es\"},{\"@type\":\"Person\",\"@id\":\"https:\/\/www.clicars.com\/blog\/#\/schema\/person\/c89c17578baf7e98a71929208c7fcc7f\",\"name\":\"Luis Bl\u00e1zquez\",\"image\":{\"@type\":\"ImageObject\",\"inLanguage\":\"es\",\"@id\":\"https:\/\/www.clicars.com\/blog\/#\/schema\/person\/image\/\",\"url\":\"https:\/\/secure.gravatar.com\/avatar\/5214422833f62ac5eff4b49b98cf2bb3da6d1c0bd202eb91b732410ef94c8981?s=96&d=mm&r=g\",\"contentUrl\":\"https:\/\/secure.gravatar.com\/avatar\/5214422833f62ac5eff4b49b98cf2bb3da6d1c0bd202eb91b732410ef94c8981?s=96&d=mm&r=g\",\"caption\":\"Luis Bl\u00e1zquez\"},\"description\":\"Apasionado de todo lo que tenga ruedas previamente a tener uso de raz\u00f3n. Por mis venas corre la gasolina que me permite plasmar con palabras cualquier asunto relacionado con el mundo de la automoci\u00f3n. Para algunos dos m\u00e1s dos son cuatro; para m\u00ed, es un coche.\",\"sameAs\":[\"https:\/\/es.linkedin.com\/in\/luis-bl\u00e1zquez-b7b5ba207\"],\"url\":\"https:\/\/www.clicars.com\/blog\/author\/luis-blazquez\/\"}]}<\/script>\n<!-- \/ Yoast SEO plugin. -->","yoast_head_json":{"title":"Nissan Micra: opiniones del ic\u00f3nico compacto - Clicars Blog","description":"Descubre las opiniones del Nissan Micra. El ic\u00f3nico compacto no deja indiferente a su paso por la carretera.","robots":{"index":"index","follow":"follow","max-snippet":"max-snippet:-1","max-image-preview":"max-image-preview:large","max-video-preview":"max-video-preview:-1"},"canonical":"https:\/\/www.clicars.com\/blog\/comparativa\/nissan-micra-opiniones-y-situacion-actual-del-iconico-compacto\/","og_locale":"es_ES","og_type":"article","og_title":"Nissan Micra: opiniones del ic\u00f3nico compacto - Clicars Blog","og_description":"Descubre las opiniones del Nissan Micra. El ic\u00f3nico compacto no deja indiferente a su paso por la carretera.","og_url":"https:\/\/www.clicars.com\/blog\/comparativa\/nissan-micra-opiniones-y-situacion-actual-del-iconico-compacto\/","og_site_name":"Clicars","article_published_time":"2025-04-10T06:46:18+00:00","og_image":[{"width":1800,"height":1200,"url":"https:\/\/www.clicars.com\/blog\/wp-content\/uploads\/2025\/04\/nissan-micra-opiniones.jpg","type":"image\/jpeg"}],"author":"Luis Bl\u00e1zquez","twitter_card":"summary_large_image","twitter_misc":{"Escrito por":"Luis Bl\u00e1zquez","Tiempo de lectura":"7 minutos"},"schema":{"@context":"https:\/\/schema.org","@graph":[{"@type":"Article","@id":"https:\/\/www.clicars.com\/blog\/comparativa\/nissan-micra-opiniones-y-situacion-actual-del-iconico-compacto\/#article","isPartOf":{"@id":"https:\/\/www.clicars.com\/blog\/comparativa\/nissan-micra-opiniones-y-situacion-actual-del-iconico-compacto\/"},"author":{"name":"Luis Bl\u00e1zquez","@id":"https:\/\/www.clicars.com\/blog\/#\/schema\/person\/c89c17578baf7e98a71929208c7fcc7f"},"headline":"Nissan Micra: opiniones y situaci\u00f3n actual del ic\u00f3nico compacto","datePublished":"2025-04-10T06:46:18+00:00","mainEntityOfPage":{"@id":"https:\/\/www.clicars.com\/blog\/comparativa\/nissan-micra-opiniones-y-situacion-actual-del-iconico-compacto\/"},"wordCount":1370,"image":{"@id":"https:\/\/www.clicars.com\/blog\/comparativa\/nissan-micra-opiniones-y-situacion-actual-del-iconico-compacto\/#primaryimage"},"thumbnailUrl":"https:\/\/www.clicars.com\/blog\/wp-content\/uploads\/2025\/04\/nissan-micra-opiniones.jpg","articleSection":["Comparativa"],"inLanguage":"es"},{"@type":["WebPage","ItemPage"],"@id":"https:\/\/www.clicars.com\/blog\/comparativa\/nissan-micra-opiniones-y-situacion-actual-del-iconico-compacto\/","url":"https:\/\/www.clicars.com\/blog\/comparativa\/nissan-micra-opiniones-y-situacion-actual-del-iconico-compacto\/","name":"Nissan Micra: opiniones del ic\u00f3nico compacto - Clicars Blog","isPartOf":{"@id":"https:\/\/www.clicars.com\/blog\/#website"},"primaryImageOfPage":{"@id":"https:\/\/www.clicars.com\/blog\/comparativa\/nissan-micra-opiniones-y-situacion-actual-del-iconico-compacto\/#primaryimage"},"image":{"@id":"https:\/\/www.clicars.com\/blog\/comparativa\/nissan-micra-opiniones-y-situacion-actual-del-iconico-compacto\/#primaryimage"},"thumbnailUrl":"https:\/\/www.clicars.com\/blog\/wp-content\/uploads\/2025\/04\/nissan-micra-opiniones.jpg","datePublished":"2025-04-10T06:46:18+00:00","author":{"@id":"https:\/\/www.clicars.com\/blog\/#\/schema\/person\/c89c17578baf7e98a71929208c7fcc7f"},"description":"Descubre las opiniones del Nissan Micra. El ic\u00f3nico compacto no deja indiferente a su paso por la carretera.","breadcrumb":{"@id":"https:\/\/www.clicars.com\/blog\/comparativa\/nissan-micra-opiniones-y-situacion-actual-del-iconico-compacto\/#breadcrumb"},"inLanguage":"es","potentialAction":[{"@type":"ReadAction","target":["https:\/\/www.clicars.com\/blog\/comparativa\/nissan-micra-opiniones-y-situacion-actual-del-iconico-compacto\/"]}]},{"@type":"ImageObject","inLanguage":"es","@id":"https:\/\/www.clicars.com\/blog\/comparativa\/nissan-micra-opiniones-y-situacion-actual-del-iconico-compacto\/#primaryimage","url":"https:\/\/www.clicars.com\/blog\/wp-content\/uploads\/2025\/04\/nissan-micra-opiniones.jpg","contentUrl":"https:\/\/www.clicars.com\/blog\/wp-content\/uploads\/2025\/04\/nissan-micra-opiniones.jpg","width":1800,"height":1200,"caption":"nissan micra opiniones"},{"@type":"BreadcrumbList","@id":"https:\/\/www.clicars.com\/blog\/comparativa\/nissan-micra-opiniones-y-situacion-actual-del-iconico-compacto\/#breadcrumb","itemListElement":[{"@type":"ListItem","position":1,"name":"Portada","item":"https:\/\/www.clicars.com\/blog\/"},{"@type":"ListItem","position":2,"name":"Nissan Micra: opiniones y situaci\u00f3n actual del ic\u00f3nico compacto"}]},{"@type":"WebSite","@id":"https:\/\/www.clicars.com\/blog\/#website","url":"https:\/\/www.clicars.com\/blog\/","name":"Clicars","description":"Compra tu coche de Buena Mano sin moverte de casa","inLanguage":"es"},{"@type":"Person","@id":"https:\/\/www.clicars.com\/blog\/#\/schema\/person\/c89c17578baf7e98a71929208c7fcc7f","name":"Luis Bl\u00e1zquez","image":{"@type":"ImageObject","inLanguage":"es","@id":"https:\/\/www.clicars.com\/blog\/#\/schema\/person\/image\/","url":"https:\/\/secure.gravatar.com\/avatar\/5214422833f62ac5eff4b49b98cf2bb3da6d1c0bd202eb91b732410ef94c8981?s=96&d=mm&r=g","contentUrl":"https:\/\/secure.gravatar.com\/avatar\/5214422833f62ac5eff4b49b98cf2bb3da6d1c0bd202eb91b732410ef94c8981?s=96&d=mm&r=g","caption":"Luis Bl\u00e1zquez"},"description":"Apasionado de todo lo que tenga ruedas previamente a tener uso de raz\u00f3n. Por mis venas corre la gasolina que me permite plasmar con palabras cualquier asunto relacionado con el mundo de la automoci\u00f3n. Para algunos dos m\u00e1s dos son cuatro; para m\u00ed, es un coche.","sameAs":["https:\/\/es.linkedin.com\/in\/luis-bl\u00e1zquez-b7b5ba207"],"url":"https:\/\/www.clicars.com\/blog\/author\/luis-blazquez\/"}]}},"_links":{"self":[{"href":"https:\/\/www.clicars.com\/blog\/wp-json\/wp\/v2\/posts\/14243","targetHints":{"allow":["GET"]}}],"collection":[{"href":"https:\/\/www.clicars.com\/blog\/wp-json\/wp\/v2\/posts"}],"about":[{"href":"https:\/\/www.clicars.com\/blog\/wp-json\/wp\/v2\/types\/post"}],"author":[{"embeddable":true,"href":"https:\/\/www.clicars.com\/blog\/wp-json\/wp\/v2\/users\/9"}],"replies":[{"embeddable":true,"href":"https:\/\/www.clicars.com\/blog\/wp-json\/wp\/v2\/comments?post=14243"}],"version-history":[{"count":4,"href":"https:\/\/www.clicars.com\/blog\/wp-json\/wp\/v2\/posts\/14243\/revisions"}],"predecessor-version":[{"id":14341,"href":"https:\/\/www.clicars.com\/blog\/wp-json\/wp\/v2\/posts\/14243\/revisions\/14341"}],"wp:featuredmedia":[{"embeddable":true,"href":"https:\/\/www.clicars.com\/blog\/wp-json\/wp\/v2\/media\/14339"}],"wp:attachment":[{"href":"https:\/\/www.clicars.com\/blog\/wp-json\/wp\/v2\/media?parent=14243"}],"wp:term":[{"taxonomy":"category","embeddable":true,"href":"https:\/\/www.clicars.com\/blog\/wp-json\/wp\/v2\/categories?post=14243"},{"taxonomy":"post_tag","embeddable":true,"href":"https:\/\/www.clicars.com\/blog\/wp-json\/wp\/v2\/tags?post=14243"}],"curies":[{"name":"wp","href":"https:\/\/api.w.org\/{rel}","templated":true}]}}