{"id":14265,"date":"2025-04-02T12:25:08","date_gmt":"2025-04-02T10:25:08","guid":{"rendered":"https:\/\/www.clicars.com\/blog\/?p=14265"},"modified":"2025-03-24T18:26:56","modified_gmt":"2025-03-24T16:26:56","slug":"automocion-en-europa-el-plan-de-la-ue-para-impulsar-el-sector","status":"publish","type":"post","link":"https:\/\/www.clicars.com\/blog\/actualidad\/automocion-en-europa-el-plan-de-la-ue-para-impulsar-el-sector\/","title":{"rendered":"Automoci\u00f3n en Europa: el plan de la UE para impulsar el sector"},"content":{"rendered":"<div id=\"ez-toc-container\" class=\"ez-toc-v2_0_80 counter-hierarchy ez-toc-counter ez-toc-light-blue ez-toc-container-direction\">\n<p class=\"ez-toc-title\" style=\"cursor:inherit\">\u00cdndice de contenidos<\/p>\n<label for=\"ez-toc-cssicon-toggle-item-69f45850c90ac\" class=\"ez-toc-cssicon-toggle-label\"><span class=\"ez-toc-cssicon\"><span class=\"eztoc-hide\" style=\"display:none;\">Toggle<\/span><span class=\"ez-toc-icon-toggle-span\"><svg style=\"fill: #999;color:#999\" xmlns=\"http:\/\/www.w3.org\/2000\/svg\" class=\"list-377408\" width=\"20px\" height=\"20px\" viewBox=\"0 0 24 24\" fill=\"none\"><path d=\"M6 6H4v2h2V6zm14 0H8v2h12V6zM4 11h2v2H4v-2zm16 0H8v2h12v-2zM4 16h2v2H4v-2zm16 0H8v2h12v-2z\" fill=\"currentColor\"><\/path><\/svg><svg style=\"fill: #999;color:#999\" class=\"arrow-unsorted-368013\" xmlns=\"http:\/\/www.w3.org\/2000\/svg\" width=\"10px\" height=\"10px\" viewBox=\"0 0 24 24\" version=\"1.2\" baseProfile=\"tiny\"><path d=\"M18.2 9.3l-6.2-6.3-6.2 6.3c-.2.2-.3.4-.3.7s.1.5.3.7c.2.2.4.3.7.3h11c.3 0 .5-.1.7-.3.2-.2.3-.5.3-.7s-.1-.5-.3-.7zM5.8 14.7l6.2 6.3 6.2-6.3c.2-.2.3-.5.3-.7s-.1-.5-.3-.7c-.2-.2-.4-.3-.7-.3h-11c-.3 0-.5.1-.7.3-.2.2-.3.5-.3.7s.1.5.3.7z\"\/><\/svg><\/span><\/span><\/label><input type=\"checkbox\"  id=\"ez-toc-cssicon-toggle-item-69f45850c90ac\"  aria-label=\"Alternar\" \/><nav><ul class='ez-toc-list ez-toc-list-level-1 ' ><li class='ez-toc-page-1 ez-toc-heading-level-2'><a class=\"ez-toc-link ez-toc-heading-1\" href=\"https:\/\/www.clicars.com\/blog\/actualidad\/automocion-en-europa-el-plan-de-la-ue-para-impulsar-el-sector\/#Dificultades_y_desafios_actuales_de_la_automocion_en_Europa\" >Dificultades y desaf\u00edos actuales de la automoci\u00f3n en Europa<\/a><ul class='ez-toc-list-level-3' ><li class='ez-toc-heading-level-3'><a class=\"ez-toc-link ez-toc-heading-2\" href=\"https:\/\/www.clicars.com\/blog\/actualidad\/automocion-en-europa-el-plan-de-la-ue-para-impulsar-el-sector\/#Dependencia_del_exterior\" >Dependencia del exterior<\/a><\/li><li class='ez-toc-page-1 ez-toc-heading-level-3'><a class=\"ez-toc-link ez-toc-heading-3\" href=\"https:\/\/www.clicars.com\/blog\/actualidad\/automocion-en-europa-el-plan-de-la-ue-para-impulsar-el-sector\/#Normativas_cada_vez_mas_exigentes\" >Normativas cada vez m\u00e1s exigentes<\/a><\/li><li class='ez-toc-page-1 ez-toc-heading-level-3'><a class=\"ez-toc-link ez-toc-heading-4\" href=\"https:\/\/www.clicars.com\/blog\/actualidad\/automocion-en-europa-el-plan-de-la-ue-para-impulsar-el-sector\/#Competencia_feroz\" >Competencia feroz<\/a><\/li><li class='ez-toc-page-1 ez-toc-heading-level-3'><a class=\"ez-toc-link ez-toc-heading-5\" href=\"https:\/\/www.clicars.com\/blog\/actualidad\/automocion-en-europa-el-plan-de-la-ue-para-impulsar-el-sector\/#Precios_al_alza\" >Precios al alza<\/a><\/li><li class='ez-toc-page-1 ez-toc-heading-level-3'><a class=\"ez-toc-link ez-toc-heading-6\" href=\"https:\/\/www.clicars.com\/blog\/actualidad\/automocion-en-europa-el-plan-de-la-ue-para-impulsar-el-sector\/#Desafio_de_la_infraestructura_de_carga\" >Desaf\u00edo de la infraestructura de carga<\/a><\/li><li class='ez-toc-page-1 ez-toc-heading-level-3'><a class=\"ez-toc-link ez-toc-heading-7\" href=\"https:\/\/www.clicars.com\/blog\/actualidad\/automocion-en-europa-el-plan-de-la-ue-para-impulsar-el-sector\/#Cambio_en_las_preferencias_del_consumidor\" >Cambio en las preferencias del consumidor<\/a><\/li><\/ul><\/li><li class='ez-toc-page-1 ez-toc-heading-level-2'><a class=\"ez-toc-link ez-toc-heading-8\" href=\"https:\/\/www.clicars.com\/blog\/actualidad\/automocion-en-europa-el-plan-de-la-ue-para-impulsar-el-sector\/#%C2%BFComo_es_el_nuevo_plan_de_accion_de_la_UE_para_el_sector_automotor\" >\u00bfC\u00f3mo es el nuevo plan de acci\u00f3n de la UE para el sector automotor?<\/a><ul class='ez-toc-list-level-3' ><li class='ez-toc-heading-level-3'><a class=\"ez-toc-link ez-toc-heading-9\" href=\"https:\/\/www.clicars.com\/blog\/actualidad\/automocion-en-europa-el-plan-de-la-ue-para-impulsar-el-sector\/#Menos_trabas_para_los_fabricantes\" >Menos trabas para los fabricantes<\/a><\/li><li class='ez-toc-page-1 ez-toc-heading-level-3'><a class=\"ez-toc-link ez-toc-heading-10\" href=\"https:\/\/www.clicars.com\/blog\/actualidad\/automocion-en-europa-el-plan-de-la-ue-para-impulsar-el-sector\/#Apoyo_economico_para_el_coche_electrico\" >Apoyo econ\u00f3mico para el coche el\u00e9ctrico<\/a><\/li><li class='ez-toc-page-1 ez-toc-heading-level-3'><a class=\"ez-toc-link ez-toc-heading-11\" href=\"https:\/\/www.clicars.com\/blog\/actualidad\/automocion-en-europa-el-plan-de-la-ue-para-impulsar-el-sector\/#Produccion_local_de_baterias\" >Producci\u00f3n local de bater\u00edas<\/a><\/li><li class='ez-toc-page-1 ez-toc-heading-level-3'><a class=\"ez-toc-link ez-toc-heading-12\" href=\"https:\/\/www.clicars.com\/blog\/actualidad\/automocion-en-europa-el-plan-de-la-ue-para-impulsar-el-sector\/#Impulso_a_la_infraestructura_de_carga\" >Impulso a la infraestructura de carga<\/a><\/li><\/ul><\/li><li class='ez-toc-page-1 ez-toc-heading-level-2'><a class=\"ez-toc-link ez-toc-heading-13\" href=\"https:\/\/www.clicars.com\/blog\/actualidad\/automocion-en-europa-el-plan-de-la-ue-para-impulsar-el-sector\/#Beneficios_para_los_fabricantes_de_coches_europeos\" >Beneficios para los fabricantes de coches europeos<\/a><\/li><li class='ez-toc-page-1 ez-toc-heading-level-2'><a class=\"ez-toc-link ez-toc-heading-14\" href=\"https:\/\/www.clicars.com\/blog\/actualidad\/automocion-en-europa-el-plan-de-la-ue-para-impulsar-el-sector\/#China_y_Estados_Unidos_la_principal_amenaza_comercial_y_tecnica\" >China y Estados Unidos, la principal amenaza comercial y t\u00e9cnica<\/a><\/li><\/ul><\/nav><\/div>\n\n<p><span style=\"font-weight: 400;\">La industria automotriz en Europa no lo est\u00e1 teniendo f\u00e1cil. Encontramos precios disparados, menos modelos accesibles y, por si fuera poco, una competencia brutal con China y Estados Unidos. Sin embargo, la Uni\u00f3n Europea no se ha quedado de brazos cruzados y ha puesto en marcha un<\/span><b> plan de acci\u00f3n<\/b><span style=\"font-weight: 400;\"> para que el sector de la <\/span><b>automoci\u00f3n en Europa<\/b><span style=\"font-weight: 400;\"> recupere su fuerza. \u00bfEn qu\u00e9 consiste? \u00a1Te lo explicamos en este art\u00edculo!<\/span><\/p>\n<h2><span class=\"ez-toc-section\" id=\"Dificultades_y_desafios_actuales_de_la_automocion_en_Europa\"><\/span><span style=\"font-weight: 400;\">Dificultades y desaf\u00edos actuales de la automoci\u00f3n en Europa<\/span><span class=\"ez-toc-section-end\"><\/span><\/h2>\n<p><span style=\"font-weight: 400;\">El sector automotriz europeo ha sido, durante d\u00e9cadas, sin\u00f3nimo de<\/span><b> innovaci\u00f3n y calidad<\/b><span style=\"font-weight: 400;\">, pero en los \u00faltimos a\u00f1os, se ha enfrentado a varios problemas que han <\/span><b>debilitado su posici\u00f3n<\/b><span style=\"font-weight: 400;\"> y han generado incertidumbre tanto en los fabricantes como en los compradores.<\/span><\/p>\n<h3><span class=\"ez-toc-section\" id=\"Dependencia_del_exterior\"><\/span><span style=\"font-weight: 400;\">Dependencia del exterior<\/span><span class=\"ez-toc-section-end\"><\/span><\/h3>\n<p><span style=\"font-weight: 400;\">Muchas piezas y bater\u00edas para coches el\u00e9ctricos vienen de China. Esto no solo encarece los costes, sino que tambi\u00e9n hace que<\/span><b> cualquier crisis afecte a la producci\u00f3n<\/b><span style=\"font-weight: 400;\">.\u00a0<\/span><\/p>\n<h3><span class=\"ez-toc-section\" id=\"Normativas_cada_vez_mas_exigentes\"><\/span><span style=\"font-weight: 400;\">Normativas cada vez m\u00e1s exigentes<\/span><span class=\"ez-toc-section-end\"><\/span><\/h3>\n<p><span style=\"font-weight: 400;\">Las regulaciones de emisiones en Europa se encuentran entre las m\u00e1s estrictas del mundo. Aunque esto es positivo para el medio ambiente, tambi\u00e9n encarece la fabricaci\u00f3n de coches, ya que supone un reto para muchas marcas que deben hacer<\/span><b> grandes inversiones para adaptar sus modelos sin que el precio final se dispare<\/b><span style=\"font-weight: 400;\">.<\/span><\/p>\n<h3><span class=\"ez-toc-section\" id=\"Competencia_feroz\"><\/span><span style=\"font-weight: 400;\">Competencia feroz<\/span><span class=\"ez-toc-section-end\"><\/span><\/h3>\n<p><span style=\"font-weight: 400;\">Los fabricantes europeos deben competir en un entorno donde<\/span><b> sus rivales tienen condiciones m\u00e1s favorables<\/b><span style=\"font-weight: 400;\"> para producir y vender. Esta presi\u00f3n obliga a los fabricantes europeos a tener que estar <\/span><b>innovando constantemente<\/b><span style=\"font-weight: 400;\"> para no quedarse atr\u00e1s en el mercado automotriz.\u00a0<\/span><\/p>\n<p><span style=\"font-weight: 400;\">As\u00ed, por ejemplo, China est\u00e1 lanzando coches el\u00e9ctricos m\u00e1s baratos y con tecnolog\u00eda avanzada, mientras que Estados Unidos protege su industria con pol\u00edticas comerciales. A su vez, Jap\u00f3n sigue siendo un actor clave con su apuesta por la hibridaci\u00f3n y la eficiencia, mientras que Corea del Sur, con marcas como Hyundai y Kia, est\u00e1 avanzando r\u00e1pidamente en el sector el\u00e9ctrico con modelos competitivos y bien valorados.\u00a0<\/span><\/p>\n<h3><span class=\"ez-toc-section\" id=\"Precios_al_alza\"><\/span><span style=\"font-weight: 400;\">Precios al alza<\/span><span class=\"ez-toc-section-end\"><\/span><\/h3>\n<p><span style=\"font-weight: 400;\">El coste de<\/span><b> fabricar coches en Europa ha subido<\/b><span style=\"font-weight: 400;\"> por el incremento de las materias primas, la inflaci\u00f3n y los costes energ\u00e9ticos. Esto ha hecho que muchos <\/span><b>modelos populares sean ahora menos asequibles <\/b><span style=\"font-weight: 400;\">para los compradores.<\/span><\/p>\n<h3><span class=\"ez-toc-section\" id=\"Desafio_de_la_infraestructura_de_carga\"><\/span><span style=\"font-weight: 400;\">Desaf\u00edo de la infraestructura de carga<\/span><span class=\"ez-toc-section-end\"><\/span><\/h3>\n<p><span style=\"font-weight: 400;\">Aunque la movilidad el\u00e9ctrica es el futuro, en muchas zonas de Europa <\/span><b>la infraestructura de recarga sigue sin estar preparada<\/b><span style=\"font-weight: 400;\">. Esto, actualmente, genera dudas en algunos conductores a la hora de dar el salto al coche el\u00e9ctrico, especialmente en pa\u00edses donde la red de cargadores es insuficiente o est\u00e1 poco desarrollada.\u00a0<\/span><\/p>\n<h3><span class=\"ez-toc-section\" id=\"Cambio_en_las_preferencias_del_consumidor\"><\/span><span style=\"font-weight: 400;\">Cambio en las preferencias del consumidor<\/span><span class=\"ez-toc-section-end\"><\/span><\/h3>\n<p><span style=\"font-weight: 400;\">Los h\u00e1bitos de los compradores est\u00e1n evolucionando. En las grandes ciudades, muchos conductores optan por <\/span><b>modelos m\u00e1s compactos<\/b><span style=\"font-weight: 400;\"> porque son m\u00e1s f\u00e1ciles de aparcar y m\u00e1s eficientes en consumo. El problema se presenta porque muchas marcas europeas han basado su modelo de negocio en la venta de coches grandes y potentes, chocando con esta demanda creciente de veh\u00edculos peque\u00f1os.\u00a0<\/span><\/p>\n<p><span style=\"font-weight: 400;\">Por otro lado, las <\/span><b>soluciones de movilidad compartida<\/b><span style=\"font-weight: 400;\">, como el <\/span><i><span style=\"font-weight: 400;\">carsharing<\/span><\/i><span style=\"font-weight: 400;\">, est\u00e1n ganando terreno entre quienes no necesitan un coche a diario, pero quieren la flexibilidad de disponer de uno cuando lo requieran. Esto reduce la necesidad de comprar un coche propio, afectando directamente a las <\/span><b>ventas tradicionales<\/b><span style=\"font-weight: 400;\">.\u00a0<\/span><\/p>\n<p><span style=\"font-weight: 400;\">De igual forma, la<\/span><b> incertidumbre econ\u00f3mica <\/b><span style=\"font-weight: 400;\">ha hecho que algunas personas pospongan la compra de un veh\u00edculo, esperando precios m\u00e1s asequibles o mayor claridad sobre las pol\u00edticas futuras en movilidad y combustibles.\u00a0<\/span><\/p>\n<p><img loading=\"lazy\" decoding=\"async\" class=\"aligncenter size-full wp-image-14292\" src=\"http:\/\/www.clicars.com\/blog\/wp-content\/uploads\/2025\/03\/plan-de-accion-automocion-europa.jpg\" alt=\"plan de accion automocion europa\" width=\"1200\" height=\"900\" srcset=\"https:\/\/www.clicars.com\/blog\/wp-content\/uploads\/2025\/03\/plan-de-accion-automocion-europa.jpg 1200w, https:\/\/www.clicars.com\/blog\/wp-content\/uploads\/2025\/03\/plan-de-accion-automocion-europa-300x225.jpg 300w, https:\/\/www.clicars.com\/blog\/wp-content\/uploads\/2025\/03\/plan-de-accion-automocion-europa-1024x768.jpg 1024w, https:\/\/www.clicars.com\/blog\/wp-content\/uploads\/2025\/03\/plan-de-accion-automocion-europa-768x576.jpg 768w\" sizes=\"auto, (max-width: 1200px) 100vw, 1200px\" \/><\/p>\n<h2><span class=\"ez-toc-section\" id=\"%C2%BFComo_es_el_nuevo_plan_de_accion_de_la_UE_para_el_sector_automotor\"><\/span><span style=\"font-weight: 400;\">\u00bfC\u00f3mo es el nuevo plan de acci\u00f3n de la UE para el sector automotor?<\/span><span class=\"ez-toc-section-end\"><\/span><\/h2>\n<p><span style=\"font-weight: 400;\">Para dar un empuj\u00f3n al sector, la Uni\u00f3n Europea ha dise\u00f1ado una serie de medidas con un objetivo claro: que <\/span><b>los coches europeos vuelvan a ser competitivos y accesibles<\/b><span style=\"font-weight: 400;\">. Aqu\u00ed exponemos las m\u00e1s importantes.\u00a0<\/span><\/p>\n<h3><span class=\"ez-toc-section\" id=\"Menos_trabas_para_los_fabricantes\"><\/span><span style=\"font-weight: 400;\">Menos trabas para los fabricantes<\/span><span class=\"ez-toc-section-end\"><\/span><\/h3>\n<p><span style=\"font-weight: 400;\">Hasta ahora, las normativas de emisiones pon\u00edan a los fabricantes europeos en una situaci\u00f3n complicada porque exig\u00edan <\/span><b>reducciones dr\u00e1sticas de CO\u2082<\/b><span style=\"font-weight: 400;\"> en plazos muy ajustados. Esto obligaba a las marcas a invertir enormes cantidades en tecnolog\u00eda sin tener garantizado un retorno inmediato de la inversi\u00f3n.\u00a0<\/span><\/p>\n<p><span style=\"font-weight: 400;\">No obstante, la UE ha decidido <\/span><b>flexibilizar los plazos <\/b><span style=\"font-weight: 400;\">para cumplir con estas regulaciones, dando m\u00e1s tiempo a las marcas para adaptarse. Esto permitir\u00e1 que los fabricantes <\/span><b>puedan desarrollar soluciones innovadoras sin poner en riesgo su estabilidad financiera<\/b><span style=\"font-weight: 400;\">.\u00a0<\/span><\/p>\n<p><span style=\"font-weight: 400;\">Adem\u00e1s, se est\u00e1 explorando la posibilidad de crear un sistema de incentivos para aquellas empresas que<\/span><b> logren reducir sus emisiones<\/b><span style=\"font-weight: 400;\">, de forma que se premie su esfuerzo en lugar de aplicar sanciones econ\u00f3micas tan severas a las que no cumplan con los objetivos establecidos.<\/span><\/p>\n<h3><span class=\"ez-toc-section\" id=\"Apoyo_economico_para_el_coche_electrico\"><\/span><span style=\"font-weight: 400;\">Apoyo econ\u00f3mico para el coche el\u00e9ctrico<\/span><span class=\"ez-toc-section-end\"><\/span><\/h3>\n<p><span style=\"font-weight: 400;\">La UE quiere que los coches el\u00e9ctricos sean la opci\u00f3n de futuro, pero sin que los conductores tengan que pagar precios desorbitados por ellos. Para ello, planea una<\/span> <a href=\"https:\/\/www.clicars.com\/blog\/actualidad\/el-coche-electrico-seguira-recibiendo-ayudas-el-gobierno-prorroga-las-medidas\/\"><b>pol\u00edtica de incentivos y ayudas<\/b><\/a> <span style=\"font-weight: 400;\">m\u00e1s uniforme en toda Europa. Esto har\u00e1 que, si est\u00e1s interesado en comprar un coche el\u00e9ctrico, sea mucho <\/span><b>m\u00e1s alcanzable<\/b><span style=\"font-weight: 400;\">.\u00a0<\/span><\/p>\n<p><span style=\"font-weight: 400;\">Adem\u00e1s, se est\u00e1n estudiando estrategias, como el desarrollo de veh\u00edculos urbanos compactos con autonom\u00edas suficientes para el d\u00eda a d\u00eda, para <\/span><b>fomentar la fabricaci\u00f3n de modelos el\u00e9ctricos con precios m\u00e1s accesibles, <\/b><span style=\"font-weight: 400;\">tanto para las gamas altas como para las bajas del mercado.\u00a0<\/span><\/p>\n<h3><span class=\"ez-toc-section\" id=\"Produccion_local_de_baterias\"><\/span><span style=\"font-weight: 400;\">Producci\u00f3n local de bater\u00edas<\/span><span class=\"ez-toc-section-end\"><\/span><\/h3>\n<p><span style=\"font-weight: 400;\">Uno de los mayores problemas del coche el\u00e9ctrico en Europa es que las bater\u00edas dependen de China. Con este plan, la UE impulsar\u00e1 la<\/span><b> fabricaci\u00f3n de bater\u00edas en territorio europeo para reducir la dependencia exterior<\/b><span style=\"font-weight: 400;\">. Esta medida no solo reducir\u00e1 los costes de producci\u00f3n, sino que tambi\u00e9n ser\u00e1n m\u00e1s reducidos los tiempos de espera.<\/span><\/p>\n<h3><span class=\"ez-toc-section\" id=\"Impulso_a_la_infraestructura_de_carga\"><\/span><span style=\"font-weight: 400;\">Impulso a la infraestructura de carga<\/span><span class=\"ez-toc-section-end\"><\/span><\/h3>\n<p><span style=\"font-weight: 400;\">El <\/span><b>plan de acci\u00f3n de la UE<\/b><span style=\"font-weight: 400;\"> tambi\u00e9n incluye una inversi\u00f3n masiva en la <\/span><b>infraestructura de carga para coches el\u00e9ctricos<\/b><span style=\"font-weight: 400;\">. Se pretende que en los pr\u00f3ximos a\u00f1os existan suficientes <\/span><b>estaciones de recarga distribuidas de manera equitativa en todos los pa\u00edses de la UE<\/b><span style=\"font-weight: 400;\">. El objetivo es que cargar un coche el\u00e9ctrico sea tan f\u00e1cil y accesible como repostar gasolina o di\u00e9sel en la actualidad.<\/span><\/p>\n<h2><span class=\"ez-toc-section\" id=\"Beneficios_para_los_fabricantes_de_coches_europeos\"><\/span><span style=\"font-weight: 400;\">Beneficios para los fabricantes de coches europeos<\/span><span class=\"ez-toc-section-end\"><\/span><\/h2>\n<p><span style=\"font-weight: 400;\">El plan de acci\u00f3n de la UE supone un <\/span><b>impulso europeo a la automoci\u00f3n<\/b><span style=\"font-weight: 400;\">, ofreciendo nuevas oportunidades para los fabricantes europeos, como:\u00a0<\/span><\/p>\n<ul>\n<li style=\"font-weight: 400;\" aria-level=\"1\"><b>Mayor estabilidad en la producci\u00f3n<\/b><span style=\"font-weight: 400;\">: al fomentar la fabricaci\u00f3n local de bater\u00edas y otros componentes esenciales, como hemos explicado anteriormente, los fabricantes europeos podr\u00e1n reducir la dependencia de proveedores externos y minimizar los riesgos de interrupciones en la cadena de suministro.<\/span><\/li>\n<li style=\"font-weight: 400;\" aria-level=\"1\"><b>Incentivos financieros y menor carga regulatoria<\/b><span style=\"font-weight: 400;\">: con la flexibilizaci\u00f3n de las normativas de emisiones y la implementaci\u00f3n de incentivos, las marcas podr\u00e1n adaptar sus modelos sin tener que enfrentarse a sanciones severas. Esto les permitir\u00e1 destinar m\u00e1s recursos a innovaci\u00f3n y desarrollo.\u00a0<\/span><\/li>\n<li style=\"font-weight: 400;\" aria-level=\"1\"><b>Fomento de la competitividad<\/b><span style=\"font-weight: 400;\">: la UE busca fortalecer la industria europea automotriz y, para ello, facilita inversiones en tecnolog\u00eda avanzada y procesos de producci\u00f3n m\u00e1s eficientes. As\u00ed, se han puesto en marcha, por ejemplo, programas de financiamiento dirigidos a la innovaci\u00f3n y l\u00edneas de cr\u00e9dito para la modernizaci\u00f3n de f\u00e1bricas. Adem\u00e1s, se prev\u00e9 un aumento en la<\/span> <b>inversi\u00f3n p\u00fablica en infraestructuras clave<\/b><span style=\"font-weight: 400;\">, como la fabricaci\u00f3n de bater\u00edas y el desarrollo de <\/span><i><span style=\"font-weight: 400;\">software<\/span><\/i><span style=\"font-weight: 400;\"> para la conducci\u00f3n aut\u00f3noma.<\/span><\/li>\n<li style=\"font-weight: 400;\" aria-level=\"1\"><b>Impulso a la digitalizaci\u00f3n y la movilidad conectada<\/b><span style=\"font-weight: 400;\">: se incentivar\u00e1 la implementaci\u00f3n de nuevas tecnolog\u00edas, como inteligencia artificial y an\u00e1lisis de datos en tiempo real, para optimizar la fabricaci\u00f3n y mejorar la experiencia del usuario.<\/span><\/li>\n<\/ul>\n<h2><span class=\"ez-toc-section\" id=\"China_y_Estados_Unidos_la_principal_amenaza_comercial_y_tecnica\"><\/span><span style=\"font-weight: 400;\">China y Estados Unidos, la principal amenaza comercial y t\u00e9cnica<\/span><span class=\"ez-toc-section-end\"><\/span><\/h2>\n<p><span style=\"font-weight: 400;\">China y Estados Unidos representan una dura competencia para la industria automotriz europea, como ya hemos adelantado anteriormente.\u00a0<\/span><\/p>\n<p><span style=\"font-weight: 400;\">Por una parte,<\/span><b> China<\/b><span style=\"font-weight: 400;\"> se ha convertido en el<\/span><b> mayor fabricante y exportador de coches el\u00e9ctricos del mundo<\/b><span style=\"font-weight: 400;\">. Algunas empresas, como BYD y NIO, est\u00e1n ganando terreno en Europa, ofreciendo modelos avanzados a precios m\u00e1s bajos. \u00bfC\u00f3mo lo logran? Gracias a un fuerte respaldo del gobierno chino y su control sobre la producci\u00f3n de bater\u00edas y materiales clave, como el litio y el cobalto. Esto hace que los fabricantes europeos dependan en gran medida de China para producir sus propios veh\u00edculos el\u00e9ctricos, lo que <\/span><b>encarece sus costes y limita su margen de maniobra<\/b><span style=\"font-weight: 400;\">.<\/span><\/p>\n<p><span style=\"font-weight: 400;\">Por otro lado, <\/span><b>Estados Unidos <\/b><span style=\"font-weight: 400;\">ha optado por una estrategia diferente. A trav\u00e9s de aranceles y subsidios, est\u00e1 protegiendo a sus fabricantes y <\/span><b>fomentando la producci\u00f3n nacional de coches el\u00e9ctricos<\/b><span style=\"font-weight: 400;\">. Ciertas marcas, como Tesla y General Motors, lideran el mercado, invirtiendo en <\/span><i><span style=\"font-weight: 400;\">software<\/span><\/i><span style=\"font-weight: 400;\"> para la conducci\u00f3n aut\u00f3noma y la mejora de infraestructuras de carga.\u00a0<\/span><\/p>\n<p><span style=\"font-weight: 400;\">Por \u00faltimo, aunque est\u00e1 reaccionando con inversiones y estrategias para fortalecer su industria, Europa sigue enfrent\u00e1ndose a grandes desaf\u00edos, como los elevados costes de producci\u00f3n y la dependencia de proveedores asi\u00e1ticos. Para mantenerse en la carrera, el continente necesita reforzar su industria, invertir en innovaci\u00f3n y garantizar que la transici\u00f3n a la movilidad el\u00e9ctrica no dependa de terceros pa\u00edses. De ah\u00ed que el <\/span><b>plan de acci\u00f3n de la Uni\u00f3n Europea<\/b><span style=\"font-weight: 400;\"> sea una apuesta clara por la automoci\u00f3n europea.\u00a0<\/span><\/p>\n<p><span style=\"font-weight: 400;\">En conclusi\u00f3n, el futuro de la<\/span><b> automoci\u00f3n en Europa<\/b><span style=\"font-weight: 400;\"> depende de c\u00f3mo se ejecuten las medidas de la Uni\u00f3n Europea expuestas en este art\u00edculo. En <\/span><b>Clicars<\/b><span style=\"font-weight: 400;\">, seguimos atentos a estos cambios y te ofrecemos las mejores opciones del mercado. Si buscas un coche que se adapte a la nueva era de la movilidad, \u00a1<\/span><span style=\"font-weight: 400;\">cont\u00e1ctanos<\/span><span style=\"font-weight: 400;\"> y descubre nuestra oferta hoy mismo!<\/span><\/p>\n","protected":false},"excerpt":{"rendered":"<p>La industria automotriz en Europa no lo est\u00e1 teniendo f\u00e1cil. Encontramos precios disparados, menos modelos&#8230;<\/p>\n","protected":false},"author":2,"featured_media":14291,"comment_status":"closed","ping_status":"closed","sticky":false,"template":"","format":"standard","meta":{"footnotes":""},"categories":[5],"tags":[],"class_list":{"0":"post-14265","1":"post","2":"type-post","3":"status-publish","4":"format-standard","5":"has-post-thumbnail","7":"category-actualidad"},"yoast_head":"<!-- This site is optimized with the Yoast SEO plugin v26.8 - https:\/\/yoast.com\/product\/yoast-seo-wordpress\/ -->\n<title>Automoci\u00f3n en Europa: el plan de la UE para impulsar el sector - Clicars Blog<\/title>\n<meta name=\"description\" content=\"La Uni\u00f3n Europea ha puesto en marcha un plan para reforzar la automoci\u00f3n en Europa. \u00a1Aqu\u00ed te explicamos en qu\u00e9 consiste y c\u00f3mo beneficiar\u00e1 a los fabricantes y conductores europeos!\" \/>\n<meta name=\"robots\" content=\"index, follow, max-snippet:-1, max-image-preview:large, max-video-preview:-1\" \/>\n<link rel=\"canonical\" href=\"https:\/\/www.clicars.com\/blog\/actualidad\/automocion-en-europa-el-plan-de-la-ue-para-impulsar-el-sector\/\" \/>\n<meta property=\"og:locale\" content=\"es_ES\" \/>\n<meta property=\"og:type\" content=\"article\" \/>\n<meta property=\"og:title\" content=\"Automoci\u00f3n en Europa: el plan de la UE para impulsar el sector - Clicars Blog\" \/>\n<meta property=\"og:description\" content=\"La Uni\u00f3n Europea ha puesto en marcha un plan para reforzar la automoci\u00f3n en Europa. \u00a1Aqu\u00ed te explicamos en qu\u00e9 consiste y c\u00f3mo beneficiar\u00e1 a los fabricantes y conductores europeos!\" \/>\n<meta property=\"og:url\" content=\"https:\/\/www.clicars.com\/blog\/actualidad\/automocion-en-europa-el-plan-de-la-ue-para-impulsar-el-sector\/\" \/>\n<meta property=\"og:site_name\" content=\"Clicars\" \/>\n<meta property=\"article:published_time\" content=\"2025-04-02T10:25:08+00:00\" \/>\n<meta property=\"og:image\" content=\"https:\/\/www.clicars.com\/blog\/wp-content\/uploads\/2025\/03\/automocion-en-europa.jpg\" \/>\n\t<meta property=\"og:image:width\" content=\"1200\" \/>\n\t<meta property=\"og:image:height\" content=\"900\" \/>\n\t<meta property=\"og:image:type\" content=\"image\/jpeg\" \/>\n<meta name=\"author\" content=\"Clicars\" \/>\n<meta name=\"twitter:card\" content=\"summary_large_image\" \/>\n<meta name=\"twitter:label1\" content=\"Escrito por\" \/>\n\t<meta name=\"twitter:data1\" content=\"Clicars\" \/>\n\t<meta name=\"twitter:label2\" content=\"Tiempo de lectura\" \/>\n\t<meta name=\"twitter:data2\" content=\"8 minutos\" \/>\n<script type=\"application\/ld+json\" class=\"yoast-schema-graph\">{\"@context\":\"https:\/\/schema.org\",\"@graph\":[{\"@type\":\"Article\",\"@id\":\"https:\/\/www.clicars.com\/blog\/actualidad\/automocion-en-europa-el-plan-de-la-ue-para-impulsar-el-sector\/#article\",\"isPartOf\":{\"@id\":\"https:\/\/www.clicars.com\/blog\/actualidad\/automocion-en-europa-el-plan-de-la-ue-para-impulsar-el-sector\/\"},\"author\":{\"name\":\"Clicars\",\"@id\":\"https:\/\/www.clicars.com\/blog\/#\/schema\/person\/af686c41ba96962c68871392bf2bb62d\"},\"headline\":\"Automoci\u00f3n en Europa: el plan de la UE para impulsar el sector\",\"datePublished\":\"2025-04-02T10:25:08+00:00\",\"mainEntityOfPage\":{\"@id\":\"https:\/\/www.clicars.com\/blog\/actualidad\/automocion-en-europa-el-plan-de-la-ue-para-impulsar-el-sector\/\"},\"wordCount\":1681,\"image\":{\"@id\":\"https:\/\/www.clicars.com\/blog\/actualidad\/automocion-en-europa-el-plan-de-la-ue-para-impulsar-el-sector\/#primaryimage\"},\"thumbnailUrl\":\"https:\/\/www.clicars.com\/blog\/wp-content\/uploads\/2025\/03\/automocion-en-europa.jpg\",\"articleSection\":[\"Actualidad\"],\"inLanguage\":\"es\"},{\"@type\":[\"WebPage\",\"ItemPage\"],\"@id\":\"https:\/\/www.clicars.com\/blog\/actualidad\/automocion-en-europa-el-plan-de-la-ue-para-impulsar-el-sector\/\",\"url\":\"https:\/\/www.clicars.com\/blog\/actualidad\/automocion-en-europa-el-plan-de-la-ue-para-impulsar-el-sector\/\",\"name\":\"Automoci\u00f3n en Europa: el plan de la UE para impulsar el sector - Clicars Blog\",\"isPartOf\":{\"@id\":\"https:\/\/www.clicars.com\/blog\/#website\"},\"primaryImageOfPage\":{\"@id\":\"https:\/\/www.clicars.com\/blog\/actualidad\/automocion-en-europa-el-plan-de-la-ue-para-impulsar-el-sector\/#primaryimage\"},\"image\":{\"@id\":\"https:\/\/www.clicars.com\/blog\/actualidad\/automocion-en-europa-el-plan-de-la-ue-para-impulsar-el-sector\/#primaryimage\"},\"thumbnailUrl\":\"https:\/\/www.clicars.com\/blog\/wp-content\/uploads\/2025\/03\/automocion-en-europa.jpg\",\"datePublished\":\"2025-04-02T10:25:08+00:00\",\"author\":{\"@id\":\"https:\/\/www.clicars.com\/blog\/#\/schema\/person\/af686c41ba96962c68871392bf2bb62d\"},\"description\":\"La Uni\u00f3n Europea ha puesto en marcha un plan para reforzar la automoci\u00f3n en Europa. \u00a1Aqu\u00ed te explicamos en qu\u00e9 consiste y c\u00f3mo beneficiar\u00e1 a los fabricantes y conductores europeos!\",\"breadcrumb\":{\"@id\":\"https:\/\/www.clicars.com\/blog\/actualidad\/automocion-en-europa-el-plan-de-la-ue-para-impulsar-el-sector\/#breadcrumb\"},\"inLanguage\":\"es\",\"potentialAction\":[{\"@type\":\"ReadAction\",\"target\":[\"https:\/\/www.clicars.com\/blog\/actualidad\/automocion-en-europa-el-plan-de-la-ue-para-impulsar-el-sector\/\"]}]},{\"@type\":\"ImageObject\",\"inLanguage\":\"es\",\"@id\":\"https:\/\/www.clicars.com\/blog\/actualidad\/automocion-en-europa-el-plan-de-la-ue-para-impulsar-el-sector\/#primaryimage\",\"url\":\"https:\/\/www.clicars.com\/blog\/wp-content\/uploads\/2025\/03\/automocion-en-europa.jpg\",\"contentUrl\":\"https:\/\/www.clicars.com\/blog\/wp-content\/uploads\/2025\/03\/automocion-en-europa.jpg\",\"width\":1200,\"height\":900,\"caption\":\"automocion en europa\"},{\"@type\":\"BreadcrumbList\",\"@id\":\"https:\/\/www.clicars.com\/blog\/actualidad\/automocion-en-europa-el-plan-de-la-ue-para-impulsar-el-sector\/#breadcrumb\",\"itemListElement\":[{\"@type\":\"ListItem\",\"position\":1,\"name\":\"Portada\",\"item\":\"https:\/\/www.clicars.com\/blog\/\"},{\"@type\":\"ListItem\",\"position\":2,\"name\":\"Automoci\u00f3n en Europa: el plan de la UE para impulsar el sector\"}]},{\"@type\":\"WebSite\",\"@id\":\"https:\/\/www.clicars.com\/blog\/#website\",\"url\":\"https:\/\/www.clicars.com\/blog\/\",\"name\":\"Clicars\",\"description\":\"Compra tu coche de Buena Mano sin moverte de casa\",\"inLanguage\":\"es\"},{\"@type\":\"Person\",\"@id\":\"https:\/\/www.clicars.com\/blog\/#\/schema\/person\/af686c41ba96962c68871392bf2bb62d\",\"name\":\"Clicars\",\"image\":{\"@type\":\"ImageObject\",\"inLanguage\":\"es\",\"@id\":\"https:\/\/www.clicars.com\/blog\/#\/schema\/person\/image\/\",\"url\":\"https:\/\/secure.gravatar.com\/avatar\/3100622b0023049db14165cdba9dadaa9159743b871e83e440a0df9a70f80e56?s=96&d=mm&r=g\",\"contentUrl\":\"https:\/\/secure.gravatar.com\/avatar\/3100622b0023049db14165cdba9dadaa9159743b871e83e440a0df9a70f80e56?s=96&d=mm&r=g\",\"caption\":\"Clicars\"},\"sameAs\":[\"https:\/\/www.clicars.com\"],\"url\":\"https:\/\/www.clicars.com\/blog\/author\/clicars\/\"}]}<\/script>\n<!-- \/ Yoast SEO plugin. -->","yoast_head_json":{"title":"Automoci\u00f3n en Europa: el plan de la UE para impulsar el sector - Clicars Blog","description":"La Uni\u00f3n Europea ha puesto en marcha un plan para reforzar la automoci\u00f3n en Europa. \u00a1Aqu\u00ed te explicamos en qu\u00e9 consiste y c\u00f3mo beneficiar\u00e1 a los fabricantes y conductores europeos!","robots":{"index":"index","follow":"follow","max-snippet":"max-snippet:-1","max-image-preview":"max-image-preview:large","max-video-preview":"max-video-preview:-1"},"canonical":"https:\/\/www.clicars.com\/blog\/actualidad\/automocion-en-europa-el-plan-de-la-ue-para-impulsar-el-sector\/","og_locale":"es_ES","og_type":"article","og_title":"Automoci\u00f3n en Europa: el plan de la UE para impulsar el sector - Clicars Blog","og_description":"La Uni\u00f3n Europea ha puesto en marcha un plan para reforzar la automoci\u00f3n en Europa. \u00a1Aqu\u00ed te explicamos en qu\u00e9 consiste y c\u00f3mo beneficiar\u00e1 a los fabricantes y conductores europeos!","og_url":"https:\/\/www.clicars.com\/blog\/actualidad\/automocion-en-europa-el-plan-de-la-ue-para-impulsar-el-sector\/","og_site_name":"Clicars","article_published_time":"2025-04-02T10:25:08+00:00","og_image":[{"width":1200,"height":900,"url":"https:\/\/www.clicars.com\/blog\/wp-content\/uploads\/2025\/03\/automocion-en-europa.jpg","type":"image\/jpeg"}],"author":"Clicars","twitter_card":"summary_large_image","twitter_misc":{"Escrito por":"Clicars","Tiempo de lectura":"8 minutos"},"schema":{"@context":"https:\/\/schema.org","@graph":[{"@type":"Article","@id":"https:\/\/www.clicars.com\/blog\/actualidad\/automocion-en-europa-el-plan-de-la-ue-para-impulsar-el-sector\/#article","isPartOf":{"@id":"https:\/\/www.clicars.com\/blog\/actualidad\/automocion-en-europa-el-plan-de-la-ue-para-impulsar-el-sector\/"},"author":{"name":"Clicars","@id":"https:\/\/www.clicars.com\/blog\/#\/schema\/person\/af686c41ba96962c68871392bf2bb62d"},"headline":"Automoci\u00f3n en Europa: el plan de la UE para impulsar el sector","datePublished":"2025-04-02T10:25:08+00:00","mainEntityOfPage":{"@id":"https:\/\/www.clicars.com\/blog\/actualidad\/automocion-en-europa-el-plan-de-la-ue-para-impulsar-el-sector\/"},"wordCount":1681,"image":{"@id":"https:\/\/www.clicars.com\/blog\/actualidad\/automocion-en-europa-el-plan-de-la-ue-para-impulsar-el-sector\/#primaryimage"},"thumbnailUrl":"https:\/\/www.clicars.com\/blog\/wp-content\/uploads\/2025\/03\/automocion-en-europa.jpg","articleSection":["Actualidad"],"inLanguage":"es"},{"@type":["WebPage","ItemPage"],"@id":"https:\/\/www.clicars.com\/blog\/actualidad\/automocion-en-europa-el-plan-de-la-ue-para-impulsar-el-sector\/","url":"https:\/\/www.clicars.com\/blog\/actualidad\/automocion-en-europa-el-plan-de-la-ue-para-impulsar-el-sector\/","name":"Automoci\u00f3n en Europa: el plan de la UE para impulsar el sector - Clicars Blog","isPartOf":{"@id":"https:\/\/www.clicars.com\/blog\/#website"},"primaryImageOfPage":{"@id":"https:\/\/www.clicars.com\/blog\/actualidad\/automocion-en-europa-el-plan-de-la-ue-para-impulsar-el-sector\/#primaryimage"},"image":{"@id":"https:\/\/www.clicars.com\/blog\/actualidad\/automocion-en-europa-el-plan-de-la-ue-para-impulsar-el-sector\/#primaryimage"},"thumbnailUrl":"https:\/\/www.clicars.com\/blog\/wp-content\/uploads\/2025\/03\/automocion-en-europa.jpg","datePublished":"2025-04-02T10:25:08+00:00","author":{"@id":"https:\/\/www.clicars.com\/blog\/#\/schema\/person\/af686c41ba96962c68871392bf2bb62d"},"description":"La Uni\u00f3n Europea ha puesto en marcha un plan para reforzar la automoci\u00f3n en Europa. \u00a1Aqu\u00ed te explicamos en qu\u00e9 consiste y c\u00f3mo beneficiar\u00e1 a los fabricantes y conductores europeos!","breadcrumb":{"@id":"https:\/\/www.clicars.com\/blog\/actualidad\/automocion-en-europa-el-plan-de-la-ue-para-impulsar-el-sector\/#breadcrumb"},"inLanguage":"es","potentialAction":[{"@type":"ReadAction","target":["https:\/\/www.clicars.com\/blog\/actualidad\/automocion-en-europa-el-plan-de-la-ue-para-impulsar-el-sector\/"]}]},{"@type":"ImageObject","inLanguage":"es","@id":"https:\/\/www.clicars.com\/blog\/actualidad\/automocion-en-europa-el-plan-de-la-ue-para-impulsar-el-sector\/#primaryimage","url":"https:\/\/www.clicars.com\/blog\/wp-content\/uploads\/2025\/03\/automocion-en-europa.jpg","contentUrl":"https:\/\/www.clicars.com\/blog\/wp-content\/uploads\/2025\/03\/automocion-en-europa.jpg","width":1200,"height":900,"caption":"automocion en europa"},{"@type":"BreadcrumbList","@id":"https:\/\/www.clicars.com\/blog\/actualidad\/automocion-en-europa-el-plan-de-la-ue-para-impulsar-el-sector\/#breadcrumb","itemListElement":[{"@type":"ListItem","position":1,"name":"Portada","item":"https:\/\/www.clicars.com\/blog\/"},{"@type":"ListItem","position":2,"name":"Automoci\u00f3n en Europa: el plan de la UE para impulsar el sector"}]},{"@type":"WebSite","@id":"https:\/\/www.clicars.com\/blog\/#website","url":"https:\/\/www.clicars.com\/blog\/","name":"Clicars","description":"Compra tu coche de Buena Mano sin moverte de casa","inLanguage":"es"},{"@type":"Person","@id":"https:\/\/www.clicars.com\/blog\/#\/schema\/person\/af686c41ba96962c68871392bf2bb62d","name":"Clicars","image":{"@type":"ImageObject","inLanguage":"es","@id":"https:\/\/www.clicars.com\/blog\/#\/schema\/person\/image\/","url":"https:\/\/secure.gravatar.com\/avatar\/3100622b0023049db14165cdba9dadaa9159743b871e83e440a0df9a70f80e56?s=96&d=mm&r=g","contentUrl":"https:\/\/secure.gravatar.com\/avatar\/3100622b0023049db14165cdba9dadaa9159743b871e83e440a0df9a70f80e56?s=96&d=mm&r=g","caption":"Clicars"},"sameAs":["https:\/\/www.clicars.com"],"url":"https:\/\/www.clicars.com\/blog\/author\/clicars\/"}]}},"_links":{"self":[{"href":"https:\/\/www.clicars.com\/blog\/wp-json\/wp\/v2\/posts\/14265","targetHints":{"allow":["GET"]}}],"collection":[{"href":"https:\/\/www.clicars.com\/blog\/wp-json\/wp\/v2\/posts"}],"about":[{"href":"https:\/\/www.clicars.com\/blog\/wp-json\/wp\/v2\/types\/post"}],"author":[{"embeddable":true,"href":"https:\/\/www.clicars.com\/blog\/wp-json\/wp\/v2\/users\/2"}],"replies":[{"embeddable":true,"href":"https:\/\/www.clicars.com\/blog\/wp-json\/wp\/v2\/comments?post=14265"}],"version-history":[{"count":2,"href":"https:\/\/www.clicars.com\/blog\/wp-json\/wp\/v2\/posts\/14265\/revisions"}],"predecessor-version":[{"id":14293,"href":"https:\/\/www.clicars.com\/blog\/wp-json\/wp\/v2\/posts\/14265\/revisions\/14293"}],"wp:featuredmedia":[{"embeddable":true,"href":"https:\/\/www.clicars.com\/blog\/wp-json\/wp\/v2\/media\/14291"}],"wp:attachment":[{"href":"https:\/\/www.clicars.com\/blog\/wp-json\/wp\/v2\/media?parent=14265"}],"wp:term":[{"taxonomy":"category","embeddable":true,"href":"https:\/\/www.clicars.com\/blog\/wp-json\/wp\/v2\/categories?post=14265"},{"taxonomy":"post_tag","embeddable":true,"href":"https:\/\/www.clicars.com\/blog\/wp-json\/wp\/v2\/tags?post=14265"}],"curies":[{"name":"wp","href":"https:\/\/api.w.org\/{rel}","templated":true}]}}