{"id":14294,"date":"2025-04-10T15:43:12","date_gmt":"2025-04-10T13:43:12","guid":{"rendered":"https:\/\/www.clicars.com\/blog\/?p=14294"},"modified":"2025-04-09T15:45:53","modified_gmt":"2025-04-09T13:45:53","slug":"bmw-m5-touring-asi-es-el-safety-car-de-727-cv","status":"publish","type":"post","link":"https:\/\/www.clicars.com\/blog\/actualidad\/bmw-m5-touring-asi-es-el-safety-car-de-727-cv\/","title":{"rendered":"BMW M5 Touring: as\u00ed es el &#8216;safety car&#8217; de 727 CV"},"content":{"rendered":"<div id=\"ez-toc-container\" class=\"ez-toc-v2_0_80 counter-hierarchy ez-toc-counter ez-toc-light-blue ez-toc-container-direction\">\n<p class=\"ez-toc-title\" style=\"cursor:inherit\">\u00cdndice de contenidos<\/p>\n<label for=\"ez-toc-cssicon-toggle-item-69f35d468bbcc\" class=\"ez-toc-cssicon-toggle-label\"><span class=\"ez-toc-cssicon\"><span class=\"eztoc-hide\" style=\"display:none;\">Toggle<\/span><span class=\"ez-toc-icon-toggle-span\"><svg style=\"fill: #999;color:#999\" xmlns=\"http:\/\/www.w3.org\/2000\/svg\" class=\"list-377408\" width=\"20px\" height=\"20px\" viewBox=\"0 0 24 24\" fill=\"none\"><path d=\"M6 6H4v2h2V6zm14 0H8v2h12V6zM4 11h2v2H4v-2zm16 0H8v2h12v-2zM4 16h2v2H4v-2zm16 0H8v2h12v-2z\" fill=\"currentColor\"><\/path><\/svg><svg style=\"fill: #999;color:#999\" class=\"arrow-unsorted-368013\" xmlns=\"http:\/\/www.w3.org\/2000\/svg\" width=\"10px\" height=\"10px\" viewBox=\"0 0 24 24\" version=\"1.2\" baseProfile=\"tiny\"><path d=\"M18.2 9.3l-6.2-6.3-6.2 6.3c-.2.2-.3.4-.3.7s.1.5.3.7c.2.2.4.3.7.3h11c.3 0 .5-.1.7-.3.2-.2.3-.5.3-.7s-.1-.5-.3-.7zM5.8 14.7l6.2 6.3 6.2-6.3c.2-.2.3-.5.3-.7s-.1-.5-.3-.7c-.2-.2-.4-.3-.7-.3h-11c-.3 0-.5.1-.7.3-.2.2-.3.5-.3.7s.1.5.3.7z\"\/><\/svg><\/span><\/span><\/label><input type=\"checkbox\"  id=\"ez-toc-cssicon-toggle-item-69f35d468bbcc\"  aria-label=\"Alternar\" \/><nav><ul class='ez-toc-list ez-toc-list-level-1 ' ><li class='ez-toc-page-1 ez-toc-heading-level-2'><a class=\"ez-toc-link ez-toc-heading-1\" href=\"https:\/\/www.clicars.com\/blog\/actualidad\/bmw-m5-touring-asi-es-el-safety-car-de-727-cv\/#La_carroceria_Touring_llega_a_MotoGP\" >La carrocer\u00eda Touring llega a MotoGP<\/a><\/li><li class='ez-toc-page-1 ez-toc-heading-level-2'><a class=\"ez-toc-link ez-toc-heading-2\" href=\"https:\/\/www.clicars.com\/blog\/actualidad\/bmw-m5-touring-asi-es-el-safety-car-de-727-cv\/#BMW_M5_Touring_un_familiar_rapido_en_extremo\" >BMW M5 Touring: un familiar r\u00e1pido en extremo<\/a><\/li><li class='ez-toc-page-1 ez-toc-heading-level-2'><a class=\"ez-toc-link ez-toc-heading-3\" href=\"https:\/\/www.clicars.com\/blog\/actualidad\/bmw-m5-touring-asi-es-el-safety-car-de-727-cv\/#BMW_no_pierde_detalle\" >BMW no pierde detalle<\/a><\/li><\/ul><\/nav><\/div>\n\n<p>Justo antes de empezar el presente siglo, <strong>BMW\u00a0<\/strong>se convirti\u00f3 en el <strong>coche oficial de MotoGP<\/strong>. La marca b\u00e1vara se ligaba al mundo de las carreras de una manera completamente diferente a la que acostumbraba, pues entonces todav\u00eda<strong> dominaban en la F\u00f3rmula 1<\/strong>. Pero este acuerdo con el Mundial de motociclismo, les abri\u00f3 la puerta de un nuevo mercado en el que siguen presentando sus mejores creaciones. Porque para esta nueva temporada, la firma alemana ha presentado su <strong>BMW M5 Touring como el coche de seguridad\u00a0<\/strong>que cuidar\u00e1 de Marc M\u00e1rquez y compa\u00f1\u00eda sobre el asfalto.<\/p>\n<p>Precisamente el ocho veces campe\u00f3n del mundo es uno de los pilotos que<strong> m\u00e1s BMW ha guardado en su garaje;<\/strong> ya que el Mundial, a final de a\u00f1o, otorga un coche de la marca alemana al piloto que haya logrado mayor n\u00famero de poles durante el curso. El modelo que se entrega cambia de una edici\u00f3n a otra, pero el que acompa\u00f1ar\u00e1 a la parrilla de la categor\u00eda reina a lo largo de todo este 2025 ser\u00e1 permanente. Y una especie de <strong>&#8216;\u00c1ngel de la Guarda&#8217;,<\/strong> que se dejar\u00e1 ver por todos los circuitos del calendario haciendo alarde de lo<strong>s 727 CV de potencia.<\/strong> Porque dentro del marco de la competici\u00f3n, la marca b\u00e1vara sabe que debe ir con todo. Pero,<strong> \u00bfc\u00f3mo es realmente ese BMW M5 Touring?<\/strong> Te lo contamos.<\/p>\n<h2><span class=\"ez-toc-section\" id=\"La_carroceria_Touring_llega_a_MotoGP\"><\/span>La carrocer\u00eda Touring llega a MotoGP<span class=\"ez-toc-section-end\"><\/span><\/h2>\n<p>Despu\u00e9s de 26 temporadas de relaci\u00f3n entre BMW y MotoGP, esta ser\u00e1 la primera en la que<strong> la carrocer\u00eda Touring<\/strong> se deje ver por el Mundial. El coche de seguridad ha apostado por una nueva imagen, pero como no pod\u00eda ser de otra manera, contin\u00faa<strong> acompa\u00f1ado de la sigla M.<\/strong> Pero toda la potencia que esconde esa inicial, la veremos m\u00e1s adelante.<\/p>\n<p>Aunque parezca sorprendente, la introducci\u00f3n de la carrocer\u00eda Touring es sin\u00f3nimo de <strong>un coche familiar;<\/strong> pues esa es la denominaci\u00f3n que ha escogido BMW para este tipo de carrocer\u00edas. Sin embargo, desde la marca b\u00e1vara definen su M5 Touring como <em>\u00abun modelo de altas prestaciones, que es una combinaci\u00f3n excepcional de coche con<strong> prestaciones de deportivo pura sangre y de autom\u00f3vil vers\u00e1til\u00bb<\/strong><\/em><strong>.<\/strong> Dicho de otra manera, los alemanes presntan un familiar<em> \u00abcon la mejor agilidad y el mayor dinamismo del segmento\u00bb<\/em>, para cuidar a los pilotos de MotoGP y no dejar a nadie indiferente. Porque <strong>sus grandes bondades est\u00e1n bajo el cap\u00f3<\/strong>.<\/p>\n<h2><span class=\"ez-toc-section\" id=\"BMW_M5_Touring_un_familiar_rapido_en_extremo\"><\/span>BMW M5 Touring: un familiar r\u00e1pido en extremo<span class=\"ez-toc-section-end\"><\/span><\/h2>\n<p>El hecho de que BMW haya apostado por una carrocer\u00eda familiar para su coche de seguridad<strong>, no le resta nada de emoci\u00f3n<\/strong> a este M5. El nuevo prototipo de la marca b\u00e1vara es el tercer modelo de la gama M que ha incorporado una<strong> propulsi\u00f3n h\u00edbrida<\/strong> y ese detalle, hace que su rendimiento resulte todav\u00eda m\u00e1s impresionante. El coche alem\u00e1n ha sido dotado de un<strong> V8 4.4\u00a0<\/strong>qu<strong>e ofrece 585 CV<\/strong> de potencia, los cuales se complementan por un propulsor el\u00e9ctrico que le otorga <strong>otros 197 CV adicionales.\u00a0<\/strong>Estos \u00faltimos son alimentados por una bater\u00eda de 18,6 kWh netos y en registros totales, las cifras son impactantes.<\/p>\n<p>Para cualquiera que piense en el d\u00eda a d\u00eda, puede ser una buena noticia el hecho de que este BMW pueda hacer m\u00e1s de 60 km en modo el\u00e9ctrico. Pero por norma general, cualquiera que adquiera este coche ser\u00e1 para disfrutar al volante. Y podr\u00e1 hacerlo gracias a una entrega total de <strong>727 CV de potencia y 1.000 m de par<\/strong>. Cifras impresionantes, con resultados a la altura. El M5 Touring es capaz de pasar<strong> de 0 a 100 km\/h en tan solo 3,5 segundos\u00a0<\/strong>y alcanzar los <strong>250 km\/h&#8230;<\/strong> en su versi\u00f3n m\u00e1s discreta. Porque todav\u00eda hay m\u00e1s. Todos aquellos que decidan equipar este coche con <strong>el paquete M Driver <\/strong>(por 2.790 euros adicionales a los 166.726 que cuesta el modelo sin configuraciones especiales), ganar\u00e1n unos kil\u00f3metros; pues la velocidad m\u00e1xima se dispara hasta los <strong>305 km\/h<\/strong>.<\/p>\n<h2><span class=\"ez-toc-section\" id=\"BMW_no_pierde_detalle\"><\/span>BMW no pierde detalle<span class=\"ez-toc-section-end\"><\/span><\/h2>\n<p>BMW ha presentado un modelo al que le resulta<strong> imposible pasar desapercibio<\/strong> en todo aquello que no se ve; pero se siente. Sin embargo, el trabajo de la marca b\u00e1vara tambi\u00e9n ha sido excepcional en los elementos que s\u00ed est\u00e1n al alcance de la vista.<strong> El M5 Touring no pierde detalle<\/strong> y se presenta equipado con todo lo necesario para disfrutar de una experiencia deportiva. Las luces de emergencia, los<strong> asientos bacquet con cinturones de arneses<\/strong> o las<strong> barras antivuelco,<\/strong> son algunos de los infalibles que presenta este modelo en su interior. Pero antes, te habr\u00e1 conquistado en el primer vistazo.<\/p>\n<p>La primera vez que MotoGP puso en escena el M5 Touring fue durante la presentaci\u00f3n oficial de la temporada 2025 en Bangkok. Y ah\u00ed, el modelo de BMW se luci\u00f3 con una decoraci\u00f3n de lo m\u00e1s especial, t\u00edpica del BMW M Hybrid V8. El <strong>rojo, blanco, negro y azul<\/strong> se mezclaban entre s\u00ed, para emular las carrocer\u00edas que compiten en el Campeonato del Mundo de Resistencia FIA (WEC) y la IMSA norteamericana. Todo un acierto que adem\u00e1s, tambi\u00e9n impresiona<em> \u00abpor un dinamismo y agilidad que los hace perfectamente adecuados para los circuitos\u00bb,<\/em> como destac\u00f3 <strong>Alex Mittler,<\/strong> Marketing Manger de BMW M GmbH, antes de arrancar el curso y disfrutar sobre el asfalto. Al fin y al cabo, ese es su hogar.<\/p>\n<figure class=\"ue-c-article__media ue-c-article__media--image\">\n<div class=\"ue-c-article__media-img-container ue-l-article--expand-edge-right-until-tablet ue-l-article--expand-edge-left-until-tablet\"><\/div>\n<\/figure>\n","protected":false},"excerpt":{"rendered":"<p>Justo antes de empezar el presente siglo, BMW\u00a0se convirti\u00f3 en el coche oficial de MotoGP&#8230;.<\/p>\n","protected":false},"author":11,"featured_media":0,"comment_status":"closed","ping_status":"closed","sticky":false,"template":"","format":"standard","meta":{"footnotes":""},"categories":[5],"tags":[],"class_list":{"0":"post-14294","1":"post","2":"type-post","3":"status-publish","4":"format-standard","6":"category-actualidad"},"yoast_head":"<!-- This site is optimized with the Yoast SEO plugin v26.8 - https:\/\/yoast.com\/product\/yoast-seo-wordpress\/ -->\n<title>BMW M5 Touring: as\u00ed es el &#039;safety car&#039; de 727 CV - Clicars<\/title>\n<meta name=\"robots\" content=\"index, follow, max-snippet:-1, max-image-preview:large, max-video-preview:-1\" \/>\n<link rel=\"canonical\" href=\"https:\/\/www.clicars.com\/blog\/actualidad\/bmw-m5-touring-asi-es-el-safety-car-de-727-cv\/\" \/>\n<meta property=\"og:locale\" content=\"es_ES\" \/>\n<meta property=\"og:type\" content=\"article\" \/>\n<meta property=\"og:title\" content=\"BMW M5 Touring: as\u00ed es el &#039;safety car&#039; de 727 CV - Clicars\" \/>\n<meta property=\"og:description\" content=\"Justo antes de empezar el presente siglo, BMW\u00a0se convirti\u00f3 en el coche oficial de MotoGP....\" \/>\n<meta property=\"og:url\" content=\"https:\/\/www.clicars.com\/blog\/actualidad\/bmw-m5-touring-asi-es-el-safety-car-de-727-cv\/\" \/>\n<meta property=\"og:site_name\" content=\"Clicars\" \/>\n<meta property=\"article:published_time\" content=\"2025-04-10T13:43:12+00:00\" \/>\n<meta name=\"author\" content=\"Carmen Ruiz\" \/>\n<meta name=\"twitter:card\" content=\"summary_large_image\" \/>\n<meta name=\"twitter:label1\" content=\"Escrito por\" \/>\n\t<meta name=\"twitter:data1\" content=\"Carmen Ruiz\" \/>\n\t<meta name=\"twitter:label2\" content=\"Tiempo de lectura\" \/>\n\t<meta name=\"twitter:data2\" content=\"5 minutos\" \/>\n<script type=\"application\/ld+json\" class=\"yoast-schema-graph\">{\"@context\":\"https:\/\/schema.org\",\"@graph\":[{\"@type\":\"Article\",\"@id\":\"https:\/\/www.clicars.com\/blog\/actualidad\/bmw-m5-touring-asi-es-el-safety-car-de-727-cv\/#article\",\"isPartOf\":{\"@id\":\"https:\/\/www.clicars.com\/blog\/actualidad\/bmw-m5-touring-asi-es-el-safety-car-de-727-cv\/\"},\"author\":{\"name\":\"Carmen Ruiz\",\"@id\":\"https:\/\/www.clicars.com\/blog\/#\/schema\/person\/479c02bf75aade1cf125545238f39cd8\"},\"headline\":\"BMW M5 Touring: as\u00ed es el &#8216;safety car&#8217; de 727 CV\",\"datePublished\":\"2025-04-10T13:43:12+00:00\",\"mainEntityOfPage\":{\"@id\":\"https:\/\/www.clicars.com\/blog\/actualidad\/bmw-m5-touring-asi-es-el-safety-car-de-727-cv\/\"},\"wordCount\":936,\"articleSection\":[\"Actualidad\"],\"inLanguage\":\"es\"},{\"@type\":[\"WebPage\",\"ItemPage\"],\"@id\":\"https:\/\/www.clicars.com\/blog\/actualidad\/bmw-m5-touring-asi-es-el-safety-car-de-727-cv\/\",\"url\":\"https:\/\/www.clicars.com\/blog\/actualidad\/bmw-m5-touring-asi-es-el-safety-car-de-727-cv\/\",\"name\":\"BMW M5 Touring: as\u00ed es el 'safety car' de 727 CV - Clicars\",\"isPartOf\":{\"@id\":\"https:\/\/www.clicars.com\/blog\/#website\"},\"datePublished\":\"2025-04-10T13:43:12+00:00\",\"author\":{\"@id\":\"https:\/\/www.clicars.com\/blog\/#\/schema\/person\/479c02bf75aade1cf125545238f39cd8\"},\"breadcrumb\":{\"@id\":\"https:\/\/www.clicars.com\/blog\/actualidad\/bmw-m5-touring-asi-es-el-safety-car-de-727-cv\/#breadcrumb\"},\"inLanguage\":\"es\",\"potentialAction\":[{\"@type\":\"ReadAction\",\"target\":[\"https:\/\/www.clicars.com\/blog\/actualidad\/bmw-m5-touring-asi-es-el-safety-car-de-727-cv\/\"]}]},{\"@type\":\"BreadcrumbList\",\"@id\":\"https:\/\/www.clicars.com\/blog\/actualidad\/bmw-m5-touring-asi-es-el-safety-car-de-727-cv\/#breadcrumb\",\"itemListElement\":[{\"@type\":\"ListItem\",\"position\":1,\"name\":\"Portada\",\"item\":\"https:\/\/www.clicars.com\/blog\/\"},{\"@type\":\"ListItem\",\"position\":2,\"name\":\"BMW M5 Touring: as\u00ed es el &#8216;safety car&#8217; de 727 CV\"}]},{\"@type\":\"WebSite\",\"@id\":\"https:\/\/www.clicars.com\/blog\/#website\",\"url\":\"https:\/\/www.clicars.com\/blog\/\",\"name\":\"Clicars\",\"description\":\"Compra tu coche de Buena Mano sin moverte de casa\",\"inLanguage\":\"es\"},{\"@type\":\"Person\",\"@id\":\"https:\/\/www.clicars.com\/blog\/#\/schema\/person\/479c02bf75aade1cf125545238f39cd8\",\"name\":\"Carmen Ruiz\",\"image\":{\"@type\":\"ImageObject\",\"inLanguage\":\"es\",\"@id\":\"https:\/\/www.clicars.com\/blog\/#\/schema\/person\/image\/\",\"url\":\"https:\/\/secure.gravatar.com\/avatar\/a0423e471ced02f73a62b5c5f5b49f4431469fa6c61214e7aca040fb6b5a9d62?s=96&d=mm&r=g\",\"contentUrl\":\"https:\/\/secure.gravatar.com\/avatar\/a0423e471ced02f73a62b5c5f5b49f4431469fa6c61214e7aca040fb6b5a9d62?s=96&d=mm&r=g\",\"caption\":\"Carmen Ruiz\"},\"description\":\"Mayo del 97. Empec\u00e9 a escribir sobre motor en El Mundo unos cuantos a\u00f1os m\u00e1s tarde y aunque sent\u00eda que llegaba tarde, supe que era lo que quer\u00eda hacer toda la vida. Me sub\u00ed a muchos asientos en la zona del conductor y despu\u00e9s de probar unos cuantos coches, hice una parada en AS para pasar al lado de la competici\u00f3n. He invertido mucha parte de mi tiempo en los circuitos, pero tambi\u00e9n he podido ver carreras en el desierto como enviada especial al Dakar. Y aunque en la competici\u00f3n todo es m\u00e1s fren\u00e9tico, he comprobado que la adrenalina de pisar un acelerador para descubrir las bondades, nunca desparace.\",\"sameAs\":[\"https:\/\/es.linkedin.com\/in\/carmen-mar\u00eda-ruiz-mart\u00ednez-3440a1116\"],\"url\":\"https:\/\/www.clicars.com\/blog\/author\/carmen-ruiz\/\"}]}<\/script>\n<!-- \/ Yoast SEO plugin. -->","yoast_head_json":{"title":"BMW M5 Touring: as\u00ed es el 'safety car' de 727 CV - Clicars","robots":{"index":"index","follow":"follow","max-snippet":"max-snippet:-1","max-image-preview":"max-image-preview:large","max-video-preview":"max-video-preview:-1"},"canonical":"https:\/\/www.clicars.com\/blog\/actualidad\/bmw-m5-touring-asi-es-el-safety-car-de-727-cv\/","og_locale":"es_ES","og_type":"article","og_title":"BMW M5 Touring: as\u00ed es el 'safety car' de 727 CV - Clicars","og_description":"Justo antes de empezar el presente siglo, BMW\u00a0se convirti\u00f3 en el coche oficial de MotoGP....","og_url":"https:\/\/www.clicars.com\/blog\/actualidad\/bmw-m5-touring-asi-es-el-safety-car-de-727-cv\/","og_site_name":"Clicars","article_published_time":"2025-04-10T13:43:12+00:00","author":"Carmen Ruiz","twitter_card":"summary_large_image","twitter_misc":{"Escrito por":"Carmen Ruiz","Tiempo de lectura":"5 minutos"},"schema":{"@context":"https:\/\/schema.org","@graph":[{"@type":"Article","@id":"https:\/\/www.clicars.com\/blog\/actualidad\/bmw-m5-touring-asi-es-el-safety-car-de-727-cv\/#article","isPartOf":{"@id":"https:\/\/www.clicars.com\/blog\/actualidad\/bmw-m5-touring-asi-es-el-safety-car-de-727-cv\/"},"author":{"name":"Carmen Ruiz","@id":"https:\/\/www.clicars.com\/blog\/#\/schema\/person\/479c02bf75aade1cf125545238f39cd8"},"headline":"BMW M5 Touring: as\u00ed es el &#8216;safety car&#8217; de 727 CV","datePublished":"2025-04-10T13:43:12+00:00","mainEntityOfPage":{"@id":"https:\/\/www.clicars.com\/blog\/actualidad\/bmw-m5-touring-asi-es-el-safety-car-de-727-cv\/"},"wordCount":936,"articleSection":["Actualidad"],"inLanguage":"es"},{"@type":["WebPage","ItemPage"],"@id":"https:\/\/www.clicars.com\/blog\/actualidad\/bmw-m5-touring-asi-es-el-safety-car-de-727-cv\/","url":"https:\/\/www.clicars.com\/blog\/actualidad\/bmw-m5-touring-asi-es-el-safety-car-de-727-cv\/","name":"BMW M5 Touring: as\u00ed es el 'safety car' de 727 CV - Clicars","isPartOf":{"@id":"https:\/\/www.clicars.com\/blog\/#website"},"datePublished":"2025-04-10T13:43:12+00:00","author":{"@id":"https:\/\/www.clicars.com\/blog\/#\/schema\/person\/479c02bf75aade1cf125545238f39cd8"},"breadcrumb":{"@id":"https:\/\/www.clicars.com\/blog\/actualidad\/bmw-m5-touring-asi-es-el-safety-car-de-727-cv\/#breadcrumb"},"inLanguage":"es","potentialAction":[{"@type":"ReadAction","target":["https:\/\/www.clicars.com\/blog\/actualidad\/bmw-m5-touring-asi-es-el-safety-car-de-727-cv\/"]}]},{"@type":"BreadcrumbList","@id":"https:\/\/www.clicars.com\/blog\/actualidad\/bmw-m5-touring-asi-es-el-safety-car-de-727-cv\/#breadcrumb","itemListElement":[{"@type":"ListItem","position":1,"name":"Portada","item":"https:\/\/www.clicars.com\/blog\/"},{"@type":"ListItem","position":2,"name":"BMW M5 Touring: as\u00ed es el &#8216;safety car&#8217; de 727 CV"}]},{"@type":"WebSite","@id":"https:\/\/www.clicars.com\/blog\/#website","url":"https:\/\/www.clicars.com\/blog\/","name":"Clicars","description":"Compra tu coche de Buena Mano sin moverte de casa","inLanguage":"es"},{"@type":"Person","@id":"https:\/\/www.clicars.com\/blog\/#\/schema\/person\/479c02bf75aade1cf125545238f39cd8","name":"Carmen Ruiz","image":{"@type":"ImageObject","inLanguage":"es","@id":"https:\/\/www.clicars.com\/blog\/#\/schema\/person\/image\/","url":"https:\/\/secure.gravatar.com\/avatar\/a0423e471ced02f73a62b5c5f5b49f4431469fa6c61214e7aca040fb6b5a9d62?s=96&d=mm&r=g","contentUrl":"https:\/\/secure.gravatar.com\/avatar\/a0423e471ced02f73a62b5c5f5b49f4431469fa6c61214e7aca040fb6b5a9d62?s=96&d=mm&r=g","caption":"Carmen Ruiz"},"description":"Mayo del 97. Empec\u00e9 a escribir sobre motor en El Mundo unos cuantos a\u00f1os m\u00e1s tarde y aunque sent\u00eda que llegaba tarde, supe que era lo que quer\u00eda hacer toda la vida. Me sub\u00ed a muchos asientos en la zona del conductor y despu\u00e9s de probar unos cuantos coches, hice una parada en AS para pasar al lado de la competici\u00f3n. He invertido mucha parte de mi tiempo en los circuitos, pero tambi\u00e9n he podido ver carreras en el desierto como enviada especial al Dakar. Y aunque en la competici\u00f3n todo es m\u00e1s fren\u00e9tico, he comprobado que la adrenalina de pisar un acelerador para descubrir las bondades, nunca desparace.","sameAs":["https:\/\/es.linkedin.com\/in\/carmen-mar\u00eda-ruiz-mart\u00ednez-3440a1116"],"url":"https:\/\/www.clicars.com\/blog\/author\/carmen-ruiz\/"}]}},"_links":{"self":[{"href":"https:\/\/www.clicars.com\/blog\/wp-json\/wp\/v2\/posts\/14294","targetHints":{"allow":["GET"]}}],"collection":[{"href":"https:\/\/www.clicars.com\/blog\/wp-json\/wp\/v2\/posts"}],"about":[{"href":"https:\/\/www.clicars.com\/blog\/wp-json\/wp\/v2\/types\/post"}],"author":[{"embeddable":true,"href":"https:\/\/www.clicars.com\/blog\/wp-json\/wp\/v2\/users\/11"}],"replies":[{"embeddable":true,"href":"https:\/\/www.clicars.com\/blog\/wp-json\/wp\/v2\/comments?post=14294"}],"version-history":[{"count":3,"href":"https:\/\/www.clicars.com\/blog\/wp-json\/wp\/v2\/posts\/14294\/revisions"}],"predecessor-version":[{"id":14336,"href":"https:\/\/www.clicars.com\/blog\/wp-json\/wp\/v2\/posts\/14294\/revisions\/14336"}],"wp:attachment":[{"href":"https:\/\/www.clicars.com\/blog\/wp-json\/wp\/v2\/media?parent=14294"}],"wp:term":[{"taxonomy":"category","embeddable":true,"href":"https:\/\/www.clicars.com\/blog\/wp-json\/wp\/v2\/categories?post=14294"},{"taxonomy":"post_tag","embeddable":true,"href":"https:\/\/www.clicars.com\/blog\/wp-json\/wp\/v2\/tags?post=14294"}],"curies":[{"name":"wp","href":"https:\/\/api.w.org\/{rel}","templated":true}]}}