{"id":14311,"date":"2025-05-07T10:00:31","date_gmt":"2025-05-07T08:00:31","guid":{"rendered":"https:\/\/www.clicars.com\/blog\/?p=14311"},"modified":"2025-04-29T08:39:48","modified_gmt":"2025-04-29T06:39:48","slug":"capacidad-maletero-volkswagen-golf","status":"publish","type":"post","link":"https:\/\/www.clicars.com\/blog\/comparativa\/capacidad-maletero-volkswagen-golf\/","title":{"rendered":"Capacidad del maletero del Volkswagen Golf: detalles y comparativas por generaciones"},"content":{"rendered":"<p><span style=\"font-weight: 400;\">El <strong>Volkswagen Golf<\/strong> lleva a\u00f1os siendo el rey indiscutible de los coches compactos, y no es para menos: este icono global sabe c\u00f3mo enamorar a conductores de todo tipo. Hablemos claro, porque la capacidad del maletero <a href=\"https:\/\/www.clicars.com\/coches-segunda-mano-ocasion\/volkswagen\/golf\">Volkswagen Golf<\/a> es un tema que quita el sue\u00f1o a m\u00e1s de uno.\u00a0<\/span><\/p>\n<p><span style=\"font-weight: 400;\">Con un tama\u00f1o que se ajusta a casi la gran mayor\u00eda de las necesidades, el coche demuestra que no hace falta un armario con ruedas para cargar lo esencial. Las dimensiones del maletero Volkswagen Golf son un puzle bien resuelto: <strong>compacto por fuera, generoso por dentro<\/strong>. Y si lo ponemos en una comparativa maletero Golf y competidores, sigue dando guerra frente a sus rivales. Abates los asientos y \u00a1boom!, m\u00e1s de un millar de litros para tus aventuras. Es el colega pr\u00e1ctico que no ocupa todo el garaje, pero te salva en mudanzas improvisadas.<\/span><\/p>\n<div id=\"ez-toc-container\" class=\"ez-toc-v2_0_80 counter-hierarchy ez-toc-counter ez-toc-light-blue ez-toc-container-direction\">\n<p class=\"ez-toc-title\" style=\"cursor:inherit\">\u00cdndice de contenidos<\/p>\n<label for=\"ez-toc-cssicon-toggle-item-69f5dc2caa61a\" class=\"ez-toc-cssicon-toggle-label\"><span class=\"ez-toc-cssicon\"><span class=\"eztoc-hide\" style=\"display:none;\">Toggle<\/span><span class=\"ez-toc-icon-toggle-span\"><svg style=\"fill: #999;color:#999\" xmlns=\"http:\/\/www.w3.org\/2000\/svg\" class=\"list-377408\" width=\"20px\" height=\"20px\" viewBox=\"0 0 24 24\" fill=\"none\"><path d=\"M6 6H4v2h2V6zm14 0H8v2h12V6zM4 11h2v2H4v-2zm16 0H8v2h12v-2zM4 16h2v2H4v-2zm16 0H8v2h12v-2z\" fill=\"currentColor\"><\/path><\/svg><svg style=\"fill: #999;color:#999\" class=\"arrow-unsorted-368013\" xmlns=\"http:\/\/www.w3.org\/2000\/svg\" width=\"10px\" height=\"10px\" viewBox=\"0 0 24 24\" version=\"1.2\" baseProfile=\"tiny\"><path d=\"M18.2 9.3l-6.2-6.3-6.2 6.3c-.2.2-.3.4-.3.7s.1.5.3.7c.2.2.4.3.7.3h11c.3 0 .5-.1.7-.3.2-.2.3-.5.3-.7s-.1-.5-.3-.7zM5.8 14.7l6.2 6.3 6.2-6.3c.2-.2.3-.5.3-.7s-.1-.5-.3-.7c-.2-.2-.4-.3-.7-.3h-11c-.3 0-.5.1-.7.3-.2.2-.3.5-.3.7s.1.5.3.7z\"\/><\/svg><\/span><\/span><\/label><input type=\"checkbox\"  id=\"ez-toc-cssicon-toggle-item-69f5dc2caa61a\"  aria-label=\"Alternar\" \/><nav><ul class='ez-toc-list ez-toc-list-level-1 ' ><li class='ez-toc-page-1 ez-toc-heading-level-2'><a class=\"ez-toc-link ez-toc-heading-1\" href=\"https:\/\/www.clicars.com\/blog\/comparativa\/capacidad-maletero-volkswagen-golf\/#Capacidad_del_maletero_por_generaciones\" >Capacidad del maletero por generaciones<\/a><\/li><li class='ez-toc-page-1 ez-toc-heading-level-2'><a class=\"ez-toc-link ez-toc-heading-2\" href=\"https:\/\/www.clicars.com\/blog\/comparativa\/capacidad-maletero-volkswagen-golf\/#Comparativa_con_competidores\" >Comparativa con competidores<\/a><\/li><li class='ez-toc-page-1 ez-toc-heading-level-2'><a class=\"ez-toc-link ez-toc-heading-3\" href=\"https:\/\/www.clicars.com\/blog\/comparativa\/capacidad-maletero-volkswagen-golf\/#Factores_a_considerar\" >Factores a considerar<\/a><\/li><\/ul><\/nav><\/div>\n\n<h2><span class=\"ez-toc-section\" id=\"Capacidad_del_maletero_por_generaciones\"><\/span><span style=\"font-weight: 400;\">Capacidad del maletero por generaciones<\/span><span class=\"ez-toc-section-end\"><\/span><\/h2>\n<p><span style=\"font-weight: 400;\">Del Volkswagen Golf han surgido multitud de carrocer\u00edas a lo largo de los a\u00f1os. M\u00e1s all\u00e1 de la cl\u00e1sica configuraci\u00f3n de cinco puertas, tambi\u00e9n las hemos tenido de <strong>tres puertas<\/strong> (hasta el \u00faltimo modelo), en formato <strong>familiar<\/strong> (Variant, desde la cuarta generaci\u00f3n), <strong>descapotable<\/strong> (Mk.3, Mk.4 y Mk.6), <strong>monovolumen<\/strong> (Sportsvan, en 2014) e incluso <strong>sed\u00e1n<\/strong> (bajo los nombres \u201cJetta\u201d y \u201cBora\u201d). Nosotros, aqu\u00ed, nos centraremos en el m\u00e1s com\u00fan: cinco puertas.<\/span><\/p>\n<ul>\n<li><span style=\"font-weight: 400;\">Volkswagen Golf Mk.1 (1974-1983): <strong>320 litros<\/strong> (870 l con los asientos abatidos).<\/span><\/li>\n<li><span style=\"font-weight: 400;\">Volkswagen Golf Mk.2 (1983-1992): <strong>345 litros<\/strong> (1.145 l).<\/span><\/li>\n<li><span style=\"font-weight: 400;\">Volkswagen Golf Mk.3 (1991-1998): <strong>320 litros<\/strong> (1.152 l).<\/span><\/li>\n<li><span style=\"font-weight: 400;\">Volkswagen Golf Mk.4 (1997-2006): <strong>330 litros<\/strong> (1.184 l).<\/span><\/li>\n<li><span style=\"font-weight: 400;\">Volkswagen Golf Mk.5 (2003-2010): <strong>350 litros<\/strong> (1.305 l).<\/span><\/li>\n<li><span style=\"font-weight: 400;\">Volkswagen Golf Mk.6 (2008-2013): <strong>350 litros<\/strong> (1.305 l).<\/span><\/li>\n<li><span style=\"font-weight: 400;\">Volkswagen Golf Mk.7 (2012-2020): <strong>380 litros<\/strong> (1.270 l).<\/span><\/li>\n<li><span style=\"font-weight: 400;\">Volkswagen Golf Mk.8 (2019-presente): <strong>381 litros<\/strong> (1.237 l).<\/span><\/li>\n<\/ul>\n<p><span style=\"font-weight: 400;\">Para aquellos que requieren de m\u00e1s espacio de carga, la versi\u00f3n familiar del Golf, conocida como <strong>Variant<\/strong>, ofrece en su octava y actual generaci\u00f3n una capacidad est\u00e1ndar de <strong>611 litros y de 1.642 litros con los asientos traseros abatidos<\/strong>. Esta variante es ideal para familias o usuarios que necesitan un mayor espacio de almacenamiento sin tener por qu\u00e9 sacrificar las caracter\u00edsticas y el rendimiento del Golf.\u00a0<\/span><\/p>\n<p><img loading=\"lazy\" decoding=\"async\" class=\"aligncenter size-full wp-image-14435\" src=\"http:\/\/www.clicars.com\/blog\/wp-content\/uploads\/2025\/04\/maletero-tamano-volkswagen-golf.jpg\" alt=\"maletero tama\u00f1o volkswagen golf\" width=\"1800\" height=\"1200\" srcset=\"https:\/\/www.clicars.com\/blog\/wp-content\/uploads\/2025\/04\/maletero-tamano-volkswagen-golf.jpg 1800w, https:\/\/www.clicars.com\/blog\/wp-content\/uploads\/2025\/04\/maletero-tamano-volkswagen-golf-300x200.jpg 300w, https:\/\/www.clicars.com\/blog\/wp-content\/uploads\/2025\/04\/maletero-tamano-volkswagen-golf-1024x683.jpg 1024w, https:\/\/www.clicars.com\/blog\/wp-content\/uploads\/2025\/04\/maletero-tamano-volkswagen-golf-768x512.jpg 768w, https:\/\/www.clicars.com\/blog\/wp-content\/uploads\/2025\/04\/maletero-tamano-volkswagen-golf-1536x1024.jpg 1536w, https:\/\/www.clicars.com\/blog\/wp-content\/uploads\/2025\/04\/maletero-tamano-volkswagen-golf-900x600.jpg 900w\" sizes=\"auto, (max-width: 1800px) 100vw, 1800px\" \/><\/p>\n<h2><span class=\"ez-toc-section\" id=\"Comparativa_con_competidores\"><\/span><span style=\"font-weight: 400;\">Comparativa con competidores<\/span><span class=\"ez-toc-section-end\"><\/span><\/h2>\n<p><span style=\"font-weight: 400;\">El Volkswagen Golf, ese cl\u00e1sico que nunca pasa de moda, llega a la mesa con un maletero de 381 litros (o 374 en algunas versiones, seg\u00fan el humor de los ingenieros). No est\u00e1 mal para un compacto, pero, \u00bfc\u00f3mo se compara con la pandilla de rivales? Ag\u00e1rrate, que vamos a hacer un r\u00e1pido paseo por el barrio de los maleteros.<\/span><\/p>\n<p><span style=\"font-weight: 400;\">El Ford Focus, con sus <strong>375 litros<\/strong>, intenta darle un codazo al Golf, pero se queda corto por un suspiro. El Peugeot 308, en cambio, saca pecho con <strong>412 litros<\/strong> y dice: \u201c\u00bfQui\u00e9n necesita un SUV?\u201d. El Opel Astra, con <strong>422 litros<\/strong>, tambi\u00e9n se apunta al club de los espaciosos, mientras que el SEAT Le\u00f3n, primo del Golf gracias a la plataforma MQB, empata con <strong>380 litros<\/strong>, como si no quisiera robarle el protagonismo familiar. Luego est\u00e1n los premium: el BMW Serie 1 y el Mercedes-Benz Clase A, ambos con <strong>380 litros<\/strong>, que parecen gritar lujo y espacio, todo en uno.<\/span><\/p>\n<p><span style=\"font-weight: 400;\">Pero la cosa se anima con los outsiders. El Hyundai i30 sube la apuesta a <strong>395 litros<\/strong>, el Honda Civic se dispara a <strong>478 litros<\/strong> (el m\u00e1s grande del segmento), y el Mazda3 se conforma con <strong>351 litros<\/strong>, m\u00e1s discreto que un ninja. Por su parte, el Toyota Corolla, con <strong>361 litros<\/strong>, prefiere ahorrar combustible antes que cargar maletas. As\u00ed que, aunque el Golf no lidera la tabla, su maletero es como ese amigo fiable: no el m\u00e1s grande, pero siempre listo para el viaje. \u00bfY t\u00fa, qu\u00e9 prefieres, litros o estilo?<\/span><\/p>\n<h2><span class=\"ez-toc-section\" id=\"Factores_a_considerar\"><\/span><span style=\"font-weight: 400;\">Factores a considerar<\/span><span class=\"ez-toc-section-end\"><\/span><\/h2>\n<p><span style=\"font-weight: 400;\">El maletero del Volkswagen Golf actual es como ese amigo que siempre tiene un as bajo la manga. Con su capacidad de base, <strong>no es el m\u00e1s cavernoso del barrio, pero juega sus cartas con astucia<\/strong>. La configuraci\u00f3n de los asientos es su truco estrella: abate los traseros y \u00a1zas!, pasas a 1.237 litros, perfecto para esa escapada con la tabla de surf, el carrito del peque o la bicicleta.<\/span><\/p>\n<p><span style=\"font-weight: 400;\">Asimismo, <strong>la forma del maletero<\/strong>, bien cuadradita, es un gui\u00f1o a los amantes del Tetris: aqu\u00ed cabe desde la maleta r\u00edgida hasta la caja de herramientas sin dramas. Y la altura del umbral de carga, m\u00e1s baja que el list\u00f3n de un limbo en una fiesta, hace que meter o sacar las bolsas m\u00e1s pesadas sea pan comido, sin necesidad de herniarte en el intento. No ser\u00e1 el rey del volumen, pero este Golf sabe sacarle partido a cada rinc\u00f3n.<\/span><\/p>\n<p><span style=\"font-weight: 400;\">El Volkswagen Golf se mantiene como un <strong>peso pesado entre los compactos<\/strong>, y su maletero es prueba de ello. No lidera en capacidad frente a titanes como el Honda Civic o el Opel Astra, pero compensa con un dise\u00f1o pr\u00e1ctico que sabe estirarse cuando hace falta. Desde su capacidad inicial decente hasta el espacio extra al tumbar los asientos, pasando por una forma que abraza los bultos y un umbral que no te hace sudar, este coche es el equilibrio perfecto entre estilo y utilidad. Un compa\u00f1ero de carretera que no ocupa medio garaje pero aguanta el ritmo de la vida diaria. El Golf sigue siendo una apuesta segura.\u00a0<\/span><\/p>\n","protected":false},"excerpt":{"rendered":"<p>El Volkswagen Golf lleva a\u00f1os siendo el rey indiscutible de los coches compactos, y no&#8230;<\/p>\n","protected":false},"author":9,"featured_media":14434,"comment_status":"closed","ping_status":"closed","sticky":false,"template":"","format":"standard","meta":{"footnotes":""},"categories":[2],"tags":[],"class_list":{"0":"post-14311","1":"post","2":"type-post","3":"status-publish","4":"format-standard","5":"has-post-thumbnail","7":"category-comparativa"},"yoast_head":"<!-- This site is optimized with the Yoast SEO plugin v26.8 - https:\/\/yoast.com\/product\/yoast-seo-wordpress\/ -->\n<title>Capacidad del maletero del Volkswagen Golf: comparativas - Clicars Blog<\/title>\n<meta name=\"description\" content=\"Hablemos de todos los detalles, porque la capacidad del maletero Volkswagen Golf es un tema que quita el sue\u00f1o a m\u00e1s de uno.\u00a0\" \/>\n<meta name=\"robots\" content=\"index, follow, max-snippet:-1, max-image-preview:large, max-video-preview:-1\" \/>\n<link rel=\"canonical\" href=\"https:\/\/www.clicars.com\/blog\/comparativa\/capacidad-maletero-volkswagen-golf\/\" \/>\n<meta property=\"og:locale\" content=\"es_ES\" \/>\n<meta property=\"og:type\" content=\"article\" \/>\n<meta property=\"og:title\" content=\"Capacidad del maletero del Volkswagen Golf: comparativas - Clicars Blog\" \/>\n<meta property=\"og:description\" content=\"Hablemos de todos los detalles, porque la capacidad del maletero Volkswagen Golf es un tema que quita el sue\u00f1o a m\u00e1s de uno.\u00a0\" \/>\n<meta property=\"og:url\" content=\"https:\/\/www.clicars.com\/blog\/comparativa\/capacidad-maletero-volkswagen-golf\/\" \/>\n<meta property=\"og:site_name\" content=\"Clicars\" \/>\n<meta property=\"article:published_time\" content=\"2025-05-07T08:00:31+00:00\" \/>\n<meta property=\"og:image\" content=\"https:\/\/www.clicars.com\/blog\/wp-content\/uploads\/2025\/04\/maletero-volkswagen-golf-1.jpg\" \/>\n\t<meta property=\"og:image:width\" content=\"1800\" \/>\n\t<meta property=\"og:image:height\" content=\"1200\" \/>\n\t<meta property=\"og:image:type\" content=\"image\/jpeg\" \/>\n<meta name=\"author\" content=\"Luis Bl\u00e1zquez\" \/>\n<meta name=\"twitter:card\" content=\"summary_large_image\" \/>\n<meta name=\"twitter:label1\" content=\"Escrito por\" \/>\n\t<meta name=\"twitter:data1\" content=\"Luis Bl\u00e1zquez\" \/>\n\t<meta name=\"twitter:label2\" content=\"Tiempo de lectura\" \/>\n\t<meta name=\"twitter:data2\" content=\"5 minutos\" \/>\n<script type=\"application\/ld+json\" class=\"yoast-schema-graph\">{\"@context\":\"https:\/\/schema.org\",\"@graph\":[{\"@type\":\"Article\",\"@id\":\"https:\/\/www.clicars.com\/blog\/comparativa\/capacidad-maletero-volkswagen-golf\/#article\",\"isPartOf\":{\"@id\":\"https:\/\/www.clicars.com\/blog\/comparativa\/capacidad-maletero-volkswagen-golf\/\"},\"author\":{\"name\":\"Luis Bl\u00e1zquez\",\"@id\":\"https:\/\/www.clicars.com\/blog\/#\/schema\/person\/c89c17578baf7e98a71929208c7fcc7f\"},\"headline\":\"Capacidad del maletero del Volkswagen Golf: detalles y comparativas por generaciones\",\"datePublished\":\"2025-05-07T08:00:31+00:00\",\"mainEntityOfPage\":{\"@id\":\"https:\/\/www.clicars.com\/blog\/comparativa\/capacidad-maletero-volkswagen-golf\/\"},\"wordCount\":895,\"image\":{\"@id\":\"https:\/\/www.clicars.com\/blog\/comparativa\/capacidad-maletero-volkswagen-golf\/#primaryimage\"},\"thumbnailUrl\":\"https:\/\/www.clicars.com\/blog\/wp-content\/uploads\/2025\/04\/maletero-volkswagen-golf-1.jpg\",\"articleSection\":[\"Comparativa\"],\"inLanguage\":\"es\"},{\"@type\":[\"WebPage\",\"ItemPage\"],\"@id\":\"https:\/\/www.clicars.com\/blog\/comparativa\/capacidad-maletero-volkswagen-golf\/\",\"url\":\"https:\/\/www.clicars.com\/blog\/comparativa\/capacidad-maletero-volkswagen-golf\/\",\"name\":\"Capacidad del maletero del Volkswagen Golf: comparativas - Clicars Blog\",\"isPartOf\":{\"@id\":\"https:\/\/www.clicars.com\/blog\/#website\"},\"primaryImageOfPage\":{\"@id\":\"https:\/\/www.clicars.com\/blog\/comparativa\/capacidad-maletero-volkswagen-golf\/#primaryimage\"},\"image\":{\"@id\":\"https:\/\/www.clicars.com\/blog\/comparativa\/capacidad-maletero-volkswagen-golf\/#primaryimage\"},\"thumbnailUrl\":\"https:\/\/www.clicars.com\/blog\/wp-content\/uploads\/2025\/04\/maletero-volkswagen-golf-1.jpg\",\"datePublished\":\"2025-05-07T08:00:31+00:00\",\"author\":{\"@id\":\"https:\/\/www.clicars.com\/blog\/#\/schema\/person\/c89c17578baf7e98a71929208c7fcc7f\"},\"description\":\"Hablemos de todos los detalles, porque la capacidad del maletero Volkswagen Golf es un tema que quita el sue\u00f1o a m\u00e1s de uno.\u00a0\",\"breadcrumb\":{\"@id\":\"https:\/\/www.clicars.com\/blog\/comparativa\/capacidad-maletero-volkswagen-golf\/#breadcrumb\"},\"inLanguage\":\"es\",\"potentialAction\":[{\"@type\":\"ReadAction\",\"target\":[\"https:\/\/www.clicars.com\/blog\/comparativa\/capacidad-maletero-volkswagen-golf\/\"]}]},{\"@type\":\"ImageObject\",\"inLanguage\":\"es\",\"@id\":\"https:\/\/www.clicars.com\/blog\/comparativa\/capacidad-maletero-volkswagen-golf\/#primaryimage\",\"url\":\"https:\/\/www.clicars.com\/blog\/wp-content\/uploads\/2025\/04\/maletero-volkswagen-golf-1.jpg\",\"contentUrl\":\"https:\/\/www.clicars.com\/blog\/wp-content\/uploads\/2025\/04\/maletero-volkswagen-golf-1.jpg\",\"width\":1800,\"height\":1200},{\"@type\":\"BreadcrumbList\",\"@id\":\"https:\/\/www.clicars.com\/blog\/comparativa\/capacidad-maletero-volkswagen-golf\/#breadcrumb\",\"itemListElement\":[{\"@type\":\"ListItem\",\"position\":1,\"name\":\"Portada\",\"item\":\"https:\/\/www.clicars.com\/blog\/\"},{\"@type\":\"ListItem\",\"position\":2,\"name\":\"Capacidad del maletero del Volkswagen Golf: detalles y comparativas por generaciones\"}]},{\"@type\":\"WebSite\",\"@id\":\"https:\/\/www.clicars.com\/blog\/#website\",\"url\":\"https:\/\/www.clicars.com\/blog\/\",\"name\":\"Clicars\",\"description\":\"Compra tu coche de Buena Mano sin moverte de casa\",\"inLanguage\":\"es\"},{\"@type\":\"Person\",\"@id\":\"https:\/\/www.clicars.com\/blog\/#\/schema\/person\/c89c17578baf7e98a71929208c7fcc7f\",\"name\":\"Luis Bl\u00e1zquez\",\"image\":{\"@type\":\"ImageObject\",\"inLanguage\":\"es\",\"@id\":\"https:\/\/www.clicars.com\/blog\/#\/schema\/person\/image\/\",\"url\":\"https:\/\/secure.gravatar.com\/avatar\/5214422833f62ac5eff4b49b98cf2bb3da6d1c0bd202eb91b732410ef94c8981?s=96&d=mm&r=g\",\"contentUrl\":\"https:\/\/secure.gravatar.com\/avatar\/5214422833f62ac5eff4b49b98cf2bb3da6d1c0bd202eb91b732410ef94c8981?s=96&d=mm&r=g\",\"caption\":\"Luis Bl\u00e1zquez\"},\"description\":\"Apasionado de todo lo que tenga ruedas previamente a tener uso de raz\u00f3n. Por mis venas corre la gasolina que me permite plasmar con palabras cualquier asunto relacionado con el mundo de la automoci\u00f3n. Para algunos dos m\u00e1s dos son cuatro; para m\u00ed, es un coche.\",\"sameAs\":[\"https:\/\/es.linkedin.com\/in\/luis-bl\u00e1zquez-b7b5ba207\"],\"url\":\"https:\/\/www.clicars.com\/blog\/author\/luis-blazquez\/\"}]}<\/script>\n<!-- \/ Yoast SEO plugin. -->","yoast_head_json":{"title":"Capacidad del maletero del Volkswagen Golf: comparativas - Clicars Blog","description":"Hablemos de todos los detalles, porque la capacidad del maletero Volkswagen Golf es un tema que quita el sue\u00f1o a m\u00e1s de uno.\u00a0","robots":{"index":"index","follow":"follow","max-snippet":"max-snippet:-1","max-image-preview":"max-image-preview:large","max-video-preview":"max-video-preview:-1"},"canonical":"https:\/\/www.clicars.com\/blog\/comparativa\/capacidad-maletero-volkswagen-golf\/","og_locale":"es_ES","og_type":"article","og_title":"Capacidad del maletero del Volkswagen Golf: comparativas - Clicars Blog","og_description":"Hablemos de todos los detalles, porque la capacidad del maletero Volkswagen Golf es un tema que quita el sue\u00f1o a m\u00e1s de uno.\u00a0","og_url":"https:\/\/www.clicars.com\/blog\/comparativa\/capacidad-maletero-volkswagen-golf\/","og_site_name":"Clicars","article_published_time":"2025-05-07T08:00:31+00:00","og_image":[{"width":1800,"height":1200,"url":"https:\/\/www.clicars.com\/blog\/wp-content\/uploads\/2025\/04\/maletero-volkswagen-golf-1.jpg","type":"image\/jpeg"}],"author":"Luis Bl\u00e1zquez","twitter_card":"summary_large_image","twitter_misc":{"Escrito por":"Luis Bl\u00e1zquez","Tiempo de lectura":"5 minutos"},"schema":{"@context":"https:\/\/schema.org","@graph":[{"@type":"Article","@id":"https:\/\/www.clicars.com\/blog\/comparativa\/capacidad-maletero-volkswagen-golf\/#article","isPartOf":{"@id":"https:\/\/www.clicars.com\/blog\/comparativa\/capacidad-maletero-volkswagen-golf\/"},"author":{"name":"Luis Bl\u00e1zquez","@id":"https:\/\/www.clicars.com\/blog\/#\/schema\/person\/c89c17578baf7e98a71929208c7fcc7f"},"headline":"Capacidad del maletero del Volkswagen Golf: detalles y comparativas por generaciones","datePublished":"2025-05-07T08:00:31+00:00","mainEntityOfPage":{"@id":"https:\/\/www.clicars.com\/blog\/comparativa\/capacidad-maletero-volkswagen-golf\/"},"wordCount":895,"image":{"@id":"https:\/\/www.clicars.com\/blog\/comparativa\/capacidad-maletero-volkswagen-golf\/#primaryimage"},"thumbnailUrl":"https:\/\/www.clicars.com\/blog\/wp-content\/uploads\/2025\/04\/maletero-volkswagen-golf-1.jpg","articleSection":["Comparativa"],"inLanguage":"es"},{"@type":["WebPage","ItemPage"],"@id":"https:\/\/www.clicars.com\/blog\/comparativa\/capacidad-maletero-volkswagen-golf\/","url":"https:\/\/www.clicars.com\/blog\/comparativa\/capacidad-maletero-volkswagen-golf\/","name":"Capacidad del maletero del Volkswagen Golf: comparativas - Clicars Blog","isPartOf":{"@id":"https:\/\/www.clicars.com\/blog\/#website"},"primaryImageOfPage":{"@id":"https:\/\/www.clicars.com\/blog\/comparativa\/capacidad-maletero-volkswagen-golf\/#primaryimage"},"image":{"@id":"https:\/\/www.clicars.com\/blog\/comparativa\/capacidad-maletero-volkswagen-golf\/#primaryimage"},"thumbnailUrl":"https:\/\/www.clicars.com\/blog\/wp-content\/uploads\/2025\/04\/maletero-volkswagen-golf-1.jpg","datePublished":"2025-05-07T08:00:31+00:00","author":{"@id":"https:\/\/www.clicars.com\/blog\/#\/schema\/person\/c89c17578baf7e98a71929208c7fcc7f"},"description":"Hablemos de todos los detalles, porque la capacidad del maletero Volkswagen Golf es un tema que quita el sue\u00f1o a m\u00e1s de uno.\u00a0","breadcrumb":{"@id":"https:\/\/www.clicars.com\/blog\/comparativa\/capacidad-maletero-volkswagen-golf\/#breadcrumb"},"inLanguage":"es","potentialAction":[{"@type":"ReadAction","target":["https:\/\/www.clicars.com\/blog\/comparativa\/capacidad-maletero-volkswagen-golf\/"]}]},{"@type":"ImageObject","inLanguage":"es","@id":"https:\/\/www.clicars.com\/blog\/comparativa\/capacidad-maletero-volkswagen-golf\/#primaryimage","url":"https:\/\/www.clicars.com\/blog\/wp-content\/uploads\/2025\/04\/maletero-volkswagen-golf-1.jpg","contentUrl":"https:\/\/www.clicars.com\/blog\/wp-content\/uploads\/2025\/04\/maletero-volkswagen-golf-1.jpg","width":1800,"height":1200},{"@type":"BreadcrumbList","@id":"https:\/\/www.clicars.com\/blog\/comparativa\/capacidad-maletero-volkswagen-golf\/#breadcrumb","itemListElement":[{"@type":"ListItem","position":1,"name":"Portada","item":"https:\/\/www.clicars.com\/blog\/"},{"@type":"ListItem","position":2,"name":"Capacidad del maletero del Volkswagen Golf: detalles y comparativas por generaciones"}]},{"@type":"WebSite","@id":"https:\/\/www.clicars.com\/blog\/#website","url":"https:\/\/www.clicars.com\/blog\/","name":"Clicars","description":"Compra tu coche de Buena Mano sin moverte de casa","inLanguage":"es"},{"@type":"Person","@id":"https:\/\/www.clicars.com\/blog\/#\/schema\/person\/c89c17578baf7e98a71929208c7fcc7f","name":"Luis Bl\u00e1zquez","image":{"@type":"ImageObject","inLanguage":"es","@id":"https:\/\/www.clicars.com\/blog\/#\/schema\/person\/image\/","url":"https:\/\/secure.gravatar.com\/avatar\/5214422833f62ac5eff4b49b98cf2bb3da6d1c0bd202eb91b732410ef94c8981?s=96&d=mm&r=g","contentUrl":"https:\/\/secure.gravatar.com\/avatar\/5214422833f62ac5eff4b49b98cf2bb3da6d1c0bd202eb91b732410ef94c8981?s=96&d=mm&r=g","caption":"Luis Bl\u00e1zquez"},"description":"Apasionado de todo lo que tenga ruedas previamente a tener uso de raz\u00f3n. Por mis venas corre la gasolina que me permite plasmar con palabras cualquier asunto relacionado con el mundo de la automoci\u00f3n. Para algunos dos m\u00e1s dos son cuatro; para m\u00ed, es un coche.","sameAs":["https:\/\/es.linkedin.com\/in\/luis-bl\u00e1zquez-b7b5ba207"],"url":"https:\/\/www.clicars.com\/blog\/author\/luis-blazquez\/"}]}},"_links":{"self":[{"href":"https:\/\/www.clicars.com\/blog\/wp-json\/wp\/v2\/posts\/14311","targetHints":{"allow":["GET"]}}],"collection":[{"href":"https:\/\/www.clicars.com\/blog\/wp-json\/wp\/v2\/posts"}],"about":[{"href":"https:\/\/www.clicars.com\/blog\/wp-json\/wp\/v2\/types\/post"}],"author":[{"embeddable":true,"href":"https:\/\/www.clicars.com\/blog\/wp-json\/wp\/v2\/users\/9"}],"replies":[{"embeddable":true,"href":"https:\/\/www.clicars.com\/blog\/wp-json\/wp\/v2\/comments?post=14311"}],"version-history":[{"count":4,"href":"https:\/\/www.clicars.com\/blog\/wp-json\/wp\/v2\/posts\/14311\/revisions"}],"predecessor-version":[{"id":14444,"href":"https:\/\/www.clicars.com\/blog\/wp-json\/wp\/v2\/posts\/14311\/revisions\/14444"}],"wp:featuredmedia":[{"embeddable":true,"href":"https:\/\/www.clicars.com\/blog\/wp-json\/wp\/v2\/media\/14434"}],"wp:attachment":[{"href":"https:\/\/www.clicars.com\/blog\/wp-json\/wp\/v2\/media?parent=14311"}],"wp:term":[{"taxonomy":"category","embeddable":true,"href":"https:\/\/www.clicars.com\/blog\/wp-json\/wp\/v2\/categories?post=14311"},{"taxonomy":"post_tag","embeddable":true,"href":"https:\/\/www.clicars.com\/blog\/wp-json\/wp\/v2\/tags?post=14311"}],"curies":[{"name":"wp","href":"https:\/\/api.w.org\/{rel}","templated":true}]}}