{"id":14313,"date":"2025-05-08T09:25:43","date_gmt":"2025-05-08T07:25:43","guid":{"rendered":"https:\/\/www.clicars.com\/blog\/?p=14313"},"modified":"2025-04-29T08:35:09","modified_gmt":"2025-04-29T06:35:09","slug":"volkswagen-arteon-valoraciones-y-precio-de-segunda-mano","status":"publish","type":"post","link":"https:\/\/www.clicars.com\/blog\/comparativa\/volkswagen-arteon-valoraciones-y-precio-de-segunda-mano\/","title":{"rendered":"Volkswagen Arteon: valoraciones y precio de segunda mano"},"content":{"rendered":"<p><span style=\"font-weight: 400;\">Si est\u00e1s cansado de ver al Volkswagen Passat en cada esquina y buscas m\u00e1s personalidad sin que te haga bostezar, el <strong>Volkswagen Arteon<\/strong> es tu as en la manga en el mercado de segunda mano. Este seductor <em>liftback<\/em>, que lleg\u00f3 en 2017 como el primo guay del Passat, mezcla una elegancia gran turismo con un toque deportivo que dice \u201cm\u00edrame\u201d sin gritarlo.\u00a0<\/span><\/p>\n<p><span style=\"font-weight: 400;\">Con precios que poco a poco bailan a un ritmo de ganga para todo lo que ofrece, el <a href=\"https:\/\/www.clicars.com\/coches-segunda-mano-ocasion\/volkswagen\/arteon\">Arteon<\/a> es esa joya rara para quienes quieren <strong>estilo, espacio y un puntito de exclusividad sin vender un ri\u00f1\u00f3n<\/strong>. Adi\u00f3s a lo com\u00fan, hola a lo diferente. Adem\u00e1s, cuenta con una carrocer\u00eda familiar a\u00fan m\u00e1s pr\u00e1ctica para aquellos que valoran el espacio de carga por encima de todas las cosas, e incluso de una variante de altas prestaciones con m\u00e1s de 300 CV y tracci\u00f3n a las cuatro ruedas que no deja indiferente a nadie.<\/span><\/p>\n<h2><span style=\"font-weight: 400;\">Volkswagen Arteon. Versiones<\/span><\/h2>\n<p><span style=\"font-weight: 400;\">El Volkswagen Arteon lleg\u00f3 como el chico guapo que quer\u00eda eclipsar al resto de las berlinas, y desde entonces ha desplegado un abanico de versiones para todos los gustos. La gama arranc\u00f3 con el Arteon est\u00e1ndar, un cinco puertas que combina elegancia con <strong>motores gasolina y di\u00e9sel<\/strong> \u2014desde el 1.5 TSI de 150 CV para los ahorradores hasta el 2.0 TDI de 190 CV para los que quieren carretera sin dramas\u2014.\u00a0<\/span><\/p>\n<p><span style=\"font-weight: 400;\">M\u00e1s tarde, en 2020, el lavado de cara trajo faros LED m\u00e1s chulos y un interior digitalizado que parec\u00eda sacado de una peli futurista. Para los que quer\u00edan m\u00e1s picante, el <strong>Arteon R<\/strong> entr\u00f3 en escena ese mismo a\u00f1o con un 2.0 TSI de 320 CV, tracci\u00f3n 4Motion y un rugido que hace girar cabezas. No contento con eso, tambi\u00e9n se lanz\u00f3 el Arteon Shooting Brake, la versi\u00f3n familiar para los que necesitan meter el carrito del beb\u00e9 sin renunciar al estilo y con maletero de sobra.\u00a0<\/span><\/p>\n<p><span style=\"font-weight: 400;\">Y para los eco-conscientes, el <strong>eHybrid<\/strong> apareci\u00f3 con su combo gasolina-el\u00e9ctrico de 218 CV, prometiendo silencio el\u00e9ctrico en ciudad y potencia cuando aprietas. En Espa\u00f1a, el Arteon ha sido un men\u00fa variado: del b\u00e1sico al ca\u00f1ero, pasando por el pr\u00e1ctico y el verde. Para qu\u00e9 conformarse con lo de siempre pudiendo tener todo lo que ofrec\u00eda el Passat, pero envuelto en un vestido mucho m\u00e1s atractivo y distintivo.\u00a0<\/span><\/p>\n<h2><span style=\"font-weight: 400;\">Volkswagen Arteon. Alternativas<\/span><\/h2>\n<p><span style=\"font-weight: 400;\">Si el Volkswagen Arteon te hace ojitos pero no termina de convencerte, el mercado tiene un pu\u00f1ado de <strong>alternativas<\/strong> que te pueden sacar de dudas, cada una con su propio rollo. En el segmento de las berlinas de tintes deportivos, el Peugeot 508, por ejemplo, es como ese franc\u00e9s que llega con un dise\u00f1o afilado y precios que no te hacen vender un \u00f3rgano. M\u00e1s espacio y un maletero generoso lo convierten en el amigo pr\u00e1ctico que no renuncia al estilo.<\/span><\/p>\n<p><span style=\"font-weight: 400;\">Luego est\u00e1 el Skoda Superb, el primo listo del grupo, que juega en una liga m\u00e1s familiar pero con un toque algo menos <em>premium<\/em>. Es m\u00e1s grande, m\u00e1s barato y te da <strong>un maletero que parece un trastero<\/strong>, ideal si tu vida incluye ni\u00f1os, perros o mudanzas frecuentes. Si subimos el list\u00f3n al lujo, tanto el BMW Serie 4 Gran Coup\u00e9 como el Audi A5 Sportback entran en la escena con sus credenciales de alta gama, precios m\u00e1s altos y una postura que el Arteon envidia en silencio. Son para quienes quieren que el coche hable por ellos.<\/span><\/p>\n<p><span style=\"font-weight: 400;\">Para los que buscan rarezas, el Kia Stinger sigue siendo <strong>una opci\u00f3n ca\u00f1era aunque ya no se fabrique tampoco<\/strong>: en el mercado de segunda mano lo pillas por menos de 30.000 euros, con tracci\u00f3n trasera y un dise\u00f1o que invita a mirarlo. Y si el bolsillo manda, el Toyota Corolla Sed\u00e1n h\u00edbrido es de lo m\u00e1s sensato del grupo: menos <em>glamour<\/em>, s\u00ed, m\u00e1s ahorro en gasolina. Cada uno tiene su magia; el Arteon es solo un actor m\u00e1s en este culebr\u00f3n automovil\u00edstico.<\/span><\/p>\n<p>&nbsp;<\/p>\n<h2><span style=\"font-weight: 400;\"><img loading=\"lazy\" decoding=\"async\" class=\"aligncenter size-full wp-image-14439\" src=\"http:\/\/www.clicars.com\/blog\/wp-content\/uploads\/2025\/04\/volkswagen-arteon-opiniones-y-precios.jpg\" alt=\"volkswagen arteon opiniones y precios\" width=\"1800\" height=\"1200\" srcset=\"https:\/\/www.clicars.com\/blog\/wp-content\/uploads\/2025\/04\/volkswagen-arteon-opiniones-y-precios.jpg 1800w, https:\/\/www.clicars.com\/blog\/wp-content\/uploads\/2025\/04\/volkswagen-arteon-opiniones-y-precios-300x200.jpg 300w, https:\/\/www.clicars.com\/blog\/wp-content\/uploads\/2025\/04\/volkswagen-arteon-opiniones-y-precios-1024x683.jpg 1024w, https:\/\/www.clicars.com\/blog\/wp-content\/uploads\/2025\/04\/volkswagen-arteon-opiniones-y-precios-768x512.jpg 768w, https:\/\/www.clicars.com\/blog\/wp-content\/uploads\/2025\/04\/volkswagen-arteon-opiniones-y-precios-1536x1024.jpg 1536w, https:\/\/www.clicars.com\/blog\/wp-content\/uploads\/2025\/04\/volkswagen-arteon-opiniones-y-precios-900x600.jpg 900w\" sizes=\"auto, (max-width: 1800px) 100vw, 1800px\" \/>Volkswagen Arteon. Opiniones y valoraciones<\/span><\/h2>\n<p><span style=\"font-weight: 400;\">El Volkswagen Arteon tiene sus fans y detractores, y si rascamos en la web y las pruebas de conducci\u00f3n, sale un retrato tan interesante como una berlina con curvas de estrella de cine. Los usuarios coinciden en que <strong>su dise\u00f1o es un im\u00e1n<\/strong>. Parece un coche caro, pero sin el precio de un BMW. La calidad de construcci\u00f3n es otro aplauso generalizado: materiales s\u00f3lidos, ajustes que no crujen y un habit\u00e1culo que aguanta el trote a largo plazo sin que parezca un mercadillo de segunda mano.\u00a0<\/span><\/p>\n<p><span style=\"font-weight: 400;\">En carretera, <strong>la calidad de rodadura es de matr\u00edcula<\/strong>: silencioso y suave como una alfombra voladora, ideal para devorar kil\u00f3metros sin que te duela la espalda. El espacio interior tambi\u00e9n se lleva flores pudiendo meter hasta el perro y las maletas sin pelearse, aunque los m\u00e1s altos dicen que las plazas traseras no son para maratones. Los consumos, sin ser de r\u00e9cord, son decentes: el TDI de 150 CV ronda los 6 litros reales, y el eHybrid promete ahorro si lo enchufas religiosamente, pero si te olvidas, prep\u00e1rate para un disgusto.\u00a0<\/span><\/p>\n<p><span style=\"font-weight: 400;\">En fiabilidad, el Arteon no es un Lexus, pero <strong>tampoco un dolor de cabeza<\/strong>, aunque las piezas electr\u00f3nicas t\u00e1ctiles, como el climatizador, a veces dan guerra. \u00bfRepuestos y reparaciones? Aqu\u00ed no hay sustos: comparte entra\u00f1as con el Passat y el Golf, as\u00ed que encontrar recambios es tan f\u00e1cil como pedir un caf\u00e9. Eso s\u00ed, el precio de entrada no es para t\u00edmidos, y algunos critican que te venden premium, pero el mantenimiento no es barato. En pocas palabras, el Arteon es un seductor fiable para los que quieren estilo y confort sin hipotecarse.<\/span><\/p>\n<h2><span style=\"font-weight: 400;\">Volkswagen Arteon. Precios en el mercado de segunda mano<\/span><\/h2>\n<p><span style=\"font-weight: 400;\">El Volkswagen Arteon en el mercado de segunda mano es como ese vino que mejora con los a\u00f1os, pero cuyo precio depende de c\u00f3mo lo hayan tratado. Si buscas, te encuentras un abanico que va desde gangas hasta \u201c\u00bfen serio piden eso?\u201d. Por ejemplo, un Arteon 2.0 TDI de 150 CV del 2018, con unos 120.000 km y acabado Elegance, <strong>ronda los 22.000-24.000 euros<\/strong>. No est\u00e1 mal para una berlina que parece sacada de un desfile de moda, \u00bfverdad?<\/span><\/p>\n<p><span style=\"font-weight: 400;\">Si subimos la apuesta, un Arteon R-Line 2.0 TSI de 190 CV del 2020 con 80.000 km <strong>puede escalar a 28.000-30.000 euros<\/strong>, sobre todo si el due\u00f1o presume de \u201cmantenimientos al d\u00eda\u201d y llantas que brillan m\u00e1s que su ego. Pero si eres de los que quieren electrificar la vida, un eHybrid de 2021 con 50.000 km se planta en unos 35.000 euros, ideal para presumir de etiqueta ECO y ahorrar en combustible mientras cargas la bater\u00eda como si fuera tu m\u00f3vil.<\/span><\/p>\n<p><span style=\"font-weight: 400;\">Ahora, para los cazagangas, un Arteon b\u00e1sico 1.5 TSI de 150 CV del 2017 con 150.000 km puede caer <strong>a 18.000-20.000 euros<\/strong>, aunque ojo con el historial: a ese precio, igual te toca rezar por que no sea un devorador de talleres. En resumen, el Arteon de segunda mano te da opciones para todos los bolsillos: desde el \u201cme lo llevo ya\u201d hasta el \u201cvoy a pensarlo mientras miro 20 anuncios m\u00e1s\u201d. <\/span><\/p>\n","protected":false},"excerpt":{"rendered":"<p>Si est\u00e1s cansado de ver al Volkswagen Passat en cada esquina y buscas m\u00e1s personalidad&#8230;<\/p>\n","protected":false},"author":9,"featured_media":14438,"comment_status":"closed","ping_status":"closed","sticky":false,"template":"","format":"standard","meta":{"footnotes":""},"categories":[2],"tags":[],"class_list":{"0":"post-14313","1":"post","2":"type-post","3":"status-publish","4":"format-standard","5":"has-post-thumbnail","7":"category-comparativa"},"yoast_head":"<!-- This site is optimized with the Yoast SEO plugin v26.8 - https:\/\/yoast.com\/product\/yoast-seo-wordpress\/ -->\n<title>Volkswagen Arteon: valoraciones y precio de segunda mano - Clicars Blog<\/title>\n<meta name=\"description\" content=\"Descubre todo sobre el Volkswagen Arteon de segunda mano: precios, versiones, opiniones y alternativas. Gu\u00eda completa para comprar el Arteon usado m\u00e1s adecuado.\" \/>\n<meta name=\"robots\" content=\"index, follow, max-snippet:-1, max-image-preview:large, max-video-preview:-1\" \/>\n<link rel=\"canonical\" href=\"https:\/\/www.clicars.com\/blog\/comparativa\/volkswagen-arteon-valoraciones-y-precio-de-segunda-mano\/\" \/>\n<meta property=\"og:locale\" content=\"es_ES\" \/>\n<meta property=\"og:type\" content=\"article\" \/>\n<meta property=\"og:title\" content=\"Volkswagen Arteon: valoraciones y precio de segunda mano - Clicars Blog\" \/>\n<meta property=\"og:description\" content=\"Descubre todo sobre el Volkswagen Arteon de segunda mano: precios, versiones, opiniones y alternativas. Gu\u00eda completa para comprar el Arteon usado m\u00e1s adecuado.\" \/>\n<meta property=\"og:url\" content=\"https:\/\/www.clicars.com\/blog\/comparativa\/volkswagen-arteon-valoraciones-y-precio-de-segunda-mano\/\" \/>\n<meta property=\"og:site_name\" content=\"Clicars\" \/>\n<meta property=\"article:published_time\" content=\"2025-05-08T07:25:43+00:00\" \/>\n<meta property=\"og:image\" content=\"https:\/\/www.clicars.com\/blog\/wp-content\/uploads\/2025\/04\/volkswagen-arteon-precio.jpg\" \/>\n\t<meta property=\"og:image:width\" content=\"1800\" \/>\n\t<meta property=\"og:image:height\" content=\"1200\" \/>\n\t<meta property=\"og:image:type\" content=\"image\/jpeg\" \/>\n<meta name=\"author\" content=\"Luis Bl\u00e1zquez\" \/>\n<meta name=\"twitter:card\" content=\"summary_large_image\" \/>\n<meta name=\"twitter:label1\" content=\"Escrito por\" \/>\n\t<meta name=\"twitter:data1\" content=\"Luis Bl\u00e1zquez\" \/>\n\t<meta name=\"twitter:label2\" content=\"Tiempo de lectura\" \/>\n\t<meta name=\"twitter:data2\" content=\"6 minutos\" \/>\n<script type=\"application\/ld+json\" class=\"yoast-schema-graph\">{\"@context\":\"https:\/\/schema.org\",\"@graph\":[{\"@type\":\"Article\",\"@id\":\"https:\/\/www.clicars.com\/blog\/comparativa\/volkswagen-arteon-valoraciones-y-precio-de-segunda-mano\/#article\",\"isPartOf\":{\"@id\":\"https:\/\/www.clicars.com\/blog\/comparativa\/volkswagen-arteon-valoraciones-y-precio-de-segunda-mano\/\"},\"author\":{\"name\":\"Luis Bl\u00e1zquez\",\"@id\":\"https:\/\/www.clicars.com\/blog\/#\/schema\/person\/c89c17578baf7e98a71929208c7fcc7f\"},\"headline\":\"Volkswagen Arteon: valoraciones y precio de segunda mano\",\"datePublished\":\"2025-05-08T07:25:43+00:00\",\"mainEntityOfPage\":{\"@id\":\"https:\/\/www.clicars.com\/blog\/comparativa\/volkswagen-arteon-valoraciones-y-precio-de-segunda-mano\/\"},\"wordCount\":1224,\"image\":{\"@id\":\"https:\/\/www.clicars.com\/blog\/comparativa\/volkswagen-arteon-valoraciones-y-precio-de-segunda-mano\/#primaryimage\"},\"thumbnailUrl\":\"https:\/\/www.clicars.com\/blog\/wp-content\/uploads\/2025\/04\/volkswagen-arteon-precio.jpg\",\"articleSection\":[\"Comparativa\"],\"inLanguage\":\"es\"},{\"@type\":[\"WebPage\",\"ItemPage\"],\"@id\":\"https:\/\/www.clicars.com\/blog\/comparativa\/volkswagen-arteon-valoraciones-y-precio-de-segunda-mano\/\",\"url\":\"https:\/\/www.clicars.com\/blog\/comparativa\/volkswagen-arteon-valoraciones-y-precio-de-segunda-mano\/\",\"name\":\"Volkswagen Arteon: valoraciones y precio de segunda mano - Clicars Blog\",\"isPartOf\":{\"@id\":\"https:\/\/www.clicars.com\/blog\/#website\"},\"primaryImageOfPage\":{\"@id\":\"https:\/\/www.clicars.com\/blog\/comparativa\/volkswagen-arteon-valoraciones-y-precio-de-segunda-mano\/#primaryimage\"},\"image\":{\"@id\":\"https:\/\/www.clicars.com\/blog\/comparativa\/volkswagen-arteon-valoraciones-y-precio-de-segunda-mano\/#primaryimage\"},\"thumbnailUrl\":\"https:\/\/www.clicars.com\/blog\/wp-content\/uploads\/2025\/04\/volkswagen-arteon-precio.jpg\",\"datePublished\":\"2025-05-08T07:25:43+00:00\",\"author\":{\"@id\":\"https:\/\/www.clicars.com\/blog\/#\/schema\/person\/c89c17578baf7e98a71929208c7fcc7f\"},\"description\":\"Descubre todo sobre el Volkswagen Arteon de segunda mano: precios, versiones, opiniones y alternativas. Gu\u00eda completa para comprar el Arteon usado m\u00e1s adecuado.\",\"breadcrumb\":{\"@id\":\"https:\/\/www.clicars.com\/blog\/comparativa\/volkswagen-arteon-valoraciones-y-precio-de-segunda-mano\/#breadcrumb\"},\"inLanguage\":\"es\",\"potentialAction\":[{\"@type\":\"ReadAction\",\"target\":[\"https:\/\/www.clicars.com\/blog\/comparativa\/volkswagen-arteon-valoraciones-y-precio-de-segunda-mano\/\"]}]},{\"@type\":\"ImageObject\",\"inLanguage\":\"es\",\"@id\":\"https:\/\/www.clicars.com\/blog\/comparativa\/volkswagen-arteon-valoraciones-y-precio-de-segunda-mano\/#primaryimage\",\"url\":\"https:\/\/www.clicars.com\/blog\/wp-content\/uploads\/2025\/04\/volkswagen-arteon-precio.jpg\",\"contentUrl\":\"https:\/\/www.clicars.com\/blog\/wp-content\/uploads\/2025\/04\/volkswagen-arteon-precio.jpg\",\"width\":1800,\"height\":1200,\"caption\":\"volkswagen arteon precio\"},{\"@type\":\"BreadcrumbList\",\"@id\":\"https:\/\/www.clicars.com\/blog\/comparativa\/volkswagen-arteon-valoraciones-y-precio-de-segunda-mano\/#breadcrumb\",\"itemListElement\":[{\"@type\":\"ListItem\",\"position\":1,\"name\":\"Portada\",\"item\":\"https:\/\/www.clicars.com\/blog\/\"},{\"@type\":\"ListItem\",\"position\":2,\"name\":\"Volkswagen Arteon: valoraciones y precio de segunda mano\"}]},{\"@type\":\"WebSite\",\"@id\":\"https:\/\/www.clicars.com\/blog\/#website\",\"url\":\"https:\/\/www.clicars.com\/blog\/\",\"name\":\"Clicars\",\"description\":\"Compra tu coche de Buena Mano sin moverte de casa\",\"inLanguage\":\"es\"},{\"@type\":\"Person\",\"@id\":\"https:\/\/www.clicars.com\/blog\/#\/schema\/person\/c89c17578baf7e98a71929208c7fcc7f\",\"name\":\"Luis Bl\u00e1zquez\",\"image\":{\"@type\":\"ImageObject\",\"inLanguage\":\"es\",\"@id\":\"https:\/\/www.clicars.com\/blog\/#\/schema\/person\/image\/\",\"url\":\"https:\/\/secure.gravatar.com\/avatar\/5214422833f62ac5eff4b49b98cf2bb3da6d1c0bd202eb91b732410ef94c8981?s=96&d=mm&r=g\",\"contentUrl\":\"https:\/\/secure.gravatar.com\/avatar\/5214422833f62ac5eff4b49b98cf2bb3da6d1c0bd202eb91b732410ef94c8981?s=96&d=mm&r=g\",\"caption\":\"Luis Bl\u00e1zquez\"},\"description\":\"Apasionado de todo lo que tenga ruedas previamente a tener uso de raz\u00f3n. Por mis venas corre la gasolina que me permite plasmar con palabras cualquier asunto relacionado con el mundo de la automoci\u00f3n. Para algunos dos m\u00e1s dos son cuatro; para m\u00ed, es un coche.\",\"sameAs\":[\"https:\/\/es.linkedin.com\/in\/luis-bl\u00e1zquez-b7b5ba207\"],\"url\":\"https:\/\/www.clicars.com\/blog\/author\/luis-blazquez\/\"}]}<\/script>\n<!-- \/ Yoast SEO plugin. -->","yoast_head_json":{"title":"Volkswagen Arteon: valoraciones y precio de segunda mano - Clicars Blog","description":"Descubre todo sobre el Volkswagen Arteon de segunda mano: precios, versiones, opiniones y alternativas. Gu\u00eda completa para comprar el Arteon usado m\u00e1s adecuado.","robots":{"index":"index","follow":"follow","max-snippet":"max-snippet:-1","max-image-preview":"max-image-preview:large","max-video-preview":"max-video-preview:-1"},"canonical":"https:\/\/www.clicars.com\/blog\/comparativa\/volkswagen-arteon-valoraciones-y-precio-de-segunda-mano\/","og_locale":"es_ES","og_type":"article","og_title":"Volkswagen Arteon: valoraciones y precio de segunda mano - Clicars Blog","og_description":"Descubre todo sobre el Volkswagen Arteon de segunda mano: precios, versiones, opiniones y alternativas. Gu\u00eda completa para comprar el Arteon usado m\u00e1s adecuado.","og_url":"https:\/\/www.clicars.com\/blog\/comparativa\/volkswagen-arteon-valoraciones-y-precio-de-segunda-mano\/","og_site_name":"Clicars","article_published_time":"2025-05-08T07:25:43+00:00","og_image":[{"width":1800,"height":1200,"url":"https:\/\/www.clicars.com\/blog\/wp-content\/uploads\/2025\/04\/volkswagen-arteon-precio.jpg","type":"image\/jpeg"}],"author":"Luis Bl\u00e1zquez","twitter_card":"summary_large_image","twitter_misc":{"Escrito por":"Luis Bl\u00e1zquez","Tiempo de lectura":"6 minutos"},"schema":{"@context":"https:\/\/schema.org","@graph":[{"@type":"Article","@id":"https:\/\/www.clicars.com\/blog\/comparativa\/volkswagen-arteon-valoraciones-y-precio-de-segunda-mano\/#article","isPartOf":{"@id":"https:\/\/www.clicars.com\/blog\/comparativa\/volkswagen-arteon-valoraciones-y-precio-de-segunda-mano\/"},"author":{"name":"Luis Bl\u00e1zquez","@id":"https:\/\/www.clicars.com\/blog\/#\/schema\/person\/c89c17578baf7e98a71929208c7fcc7f"},"headline":"Volkswagen Arteon: valoraciones y precio de segunda mano","datePublished":"2025-05-08T07:25:43+00:00","mainEntityOfPage":{"@id":"https:\/\/www.clicars.com\/blog\/comparativa\/volkswagen-arteon-valoraciones-y-precio-de-segunda-mano\/"},"wordCount":1224,"image":{"@id":"https:\/\/www.clicars.com\/blog\/comparativa\/volkswagen-arteon-valoraciones-y-precio-de-segunda-mano\/#primaryimage"},"thumbnailUrl":"https:\/\/www.clicars.com\/blog\/wp-content\/uploads\/2025\/04\/volkswagen-arteon-precio.jpg","articleSection":["Comparativa"],"inLanguage":"es"},{"@type":["WebPage","ItemPage"],"@id":"https:\/\/www.clicars.com\/blog\/comparativa\/volkswagen-arteon-valoraciones-y-precio-de-segunda-mano\/","url":"https:\/\/www.clicars.com\/blog\/comparativa\/volkswagen-arteon-valoraciones-y-precio-de-segunda-mano\/","name":"Volkswagen Arteon: valoraciones y precio de segunda mano - Clicars Blog","isPartOf":{"@id":"https:\/\/www.clicars.com\/blog\/#website"},"primaryImageOfPage":{"@id":"https:\/\/www.clicars.com\/blog\/comparativa\/volkswagen-arteon-valoraciones-y-precio-de-segunda-mano\/#primaryimage"},"image":{"@id":"https:\/\/www.clicars.com\/blog\/comparativa\/volkswagen-arteon-valoraciones-y-precio-de-segunda-mano\/#primaryimage"},"thumbnailUrl":"https:\/\/www.clicars.com\/blog\/wp-content\/uploads\/2025\/04\/volkswagen-arteon-precio.jpg","datePublished":"2025-05-08T07:25:43+00:00","author":{"@id":"https:\/\/www.clicars.com\/blog\/#\/schema\/person\/c89c17578baf7e98a71929208c7fcc7f"},"description":"Descubre todo sobre el Volkswagen Arteon de segunda mano: precios, versiones, opiniones y alternativas. Gu\u00eda completa para comprar el Arteon usado m\u00e1s adecuado.","breadcrumb":{"@id":"https:\/\/www.clicars.com\/blog\/comparativa\/volkswagen-arteon-valoraciones-y-precio-de-segunda-mano\/#breadcrumb"},"inLanguage":"es","potentialAction":[{"@type":"ReadAction","target":["https:\/\/www.clicars.com\/blog\/comparativa\/volkswagen-arteon-valoraciones-y-precio-de-segunda-mano\/"]}]},{"@type":"ImageObject","inLanguage":"es","@id":"https:\/\/www.clicars.com\/blog\/comparativa\/volkswagen-arteon-valoraciones-y-precio-de-segunda-mano\/#primaryimage","url":"https:\/\/www.clicars.com\/blog\/wp-content\/uploads\/2025\/04\/volkswagen-arteon-precio.jpg","contentUrl":"https:\/\/www.clicars.com\/blog\/wp-content\/uploads\/2025\/04\/volkswagen-arteon-precio.jpg","width":1800,"height":1200,"caption":"volkswagen arteon precio"},{"@type":"BreadcrumbList","@id":"https:\/\/www.clicars.com\/blog\/comparativa\/volkswagen-arteon-valoraciones-y-precio-de-segunda-mano\/#breadcrumb","itemListElement":[{"@type":"ListItem","position":1,"name":"Portada","item":"https:\/\/www.clicars.com\/blog\/"},{"@type":"ListItem","position":2,"name":"Volkswagen Arteon: valoraciones y precio de segunda mano"}]},{"@type":"WebSite","@id":"https:\/\/www.clicars.com\/blog\/#website","url":"https:\/\/www.clicars.com\/blog\/","name":"Clicars","description":"Compra tu coche de Buena Mano sin moverte de casa","inLanguage":"es"},{"@type":"Person","@id":"https:\/\/www.clicars.com\/blog\/#\/schema\/person\/c89c17578baf7e98a71929208c7fcc7f","name":"Luis Bl\u00e1zquez","image":{"@type":"ImageObject","inLanguage":"es","@id":"https:\/\/www.clicars.com\/blog\/#\/schema\/person\/image\/","url":"https:\/\/secure.gravatar.com\/avatar\/5214422833f62ac5eff4b49b98cf2bb3da6d1c0bd202eb91b732410ef94c8981?s=96&d=mm&r=g","contentUrl":"https:\/\/secure.gravatar.com\/avatar\/5214422833f62ac5eff4b49b98cf2bb3da6d1c0bd202eb91b732410ef94c8981?s=96&d=mm&r=g","caption":"Luis Bl\u00e1zquez"},"description":"Apasionado de todo lo que tenga ruedas previamente a tener uso de raz\u00f3n. Por mis venas corre la gasolina que me permite plasmar con palabras cualquier asunto relacionado con el mundo de la automoci\u00f3n. Para algunos dos m\u00e1s dos son cuatro; para m\u00ed, es un coche.","sameAs":["https:\/\/es.linkedin.com\/in\/luis-bl\u00e1zquez-b7b5ba207"],"url":"https:\/\/www.clicars.com\/blog\/author\/luis-blazquez\/"}]}},"_links":{"self":[{"href":"https:\/\/www.clicars.com\/blog\/wp-json\/wp\/v2\/posts\/14313","targetHints":{"allow":["GET"]}}],"collection":[{"href":"https:\/\/www.clicars.com\/blog\/wp-json\/wp\/v2\/posts"}],"about":[{"href":"https:\/\/www.clicars.com\/blog\/wp-json\/wp\/v2\/types\/post"}],"author":[{"embeddable":true,"href":"https:\/\/www.clicars.com\/blog\/wp-json\/wp\/v2\/users\/9"}],"replies":[{"embeddable":true,"href":"https:\/\/www.clicars.com\/blog\/wp-json\/wp\/v2\/comments?post=14313"}],"version-history":[{"count":3,"href":"https:\/\/www.clicars.com\/blog\/wp-json\/wp\/v2\/posts\/14313\/revisions"}],"predecessor-version":[{"id":14440,"href":"https:\/\/www.clicars.com\/blog\/wp-json\/wp\/v2\/posts\/14313\/revisions\/14440"}],"wp:featuredmedia":[{"embeddable":true,"href":"https:\/\/www.clicars.com\/blog\/wp-json\/wp\/v2\/media\/14438"}],"wp:attachment":[{"href":"https:\/\/www.clicars.com\/blog\/wp-json\/wp\/v2\/media?parent=14313"}],"wp:term":[{"taxonomy":"category","embeddable":true,"href":"https:\/\/www.clicars.com\/blog\/wp-json\/wp\/v2\/categories?post=14313"},{"taxonomy":"post_tag","embeddable":true,"href":"https:\/\/www.clicars.com\/blog\/wp-json\/wp\/v2\/tags?post=14313"}],"curies":[{"name":"wp","href":"https:\/\/api.w.org\/{rel}","templated":true}]}}