{"id":14314,"date":"2025-04-16T09:42:59","date_gmt":"2025-04-16T07:42:59","guid":{"rendered":"https:\/\/www.clicars.com\/blog\/?p=14314"},"modified":"2025-04-14T13:50:04","modified_gmt":"2025-04-14T11:50:04","slug":"volkswagen-vuelve-a-los-botones-fisicos","status":"publish","type":"post","link":"https:\/\/www.clicars.com\/blog\/actualidad\/volkswagen-vuelve-a-los-botones-fisicos\/","title":{"rendered":"Volkswagen vuelve a los botones f\u00edsicos"},"content":{"rendered":"\n<p><span style=\"font-weight: 400;\"><strong>Volkswagen<\/strong>, finalmente, se ha dado cuenta de lo que pr\u00e1cticamente todos los conductores ya sab\u00edan: meter todas las funciones en una pantalla t\u00e1ctil es una pesadilla. El jefe de dise\u00f1o de la compa\u00f1\u00eda, <strong>Andreas Mindt<\/strong>, ha revelado que los futuros modelos de la firma alemana, empezando por el ID.2, contar\u00e1n con controles f\u00edsicos para las funciones esenciales. Puede parecer l\u00f3gico, pero m\u00e1s vale tarde que nunca.<\/span><\/p>\n<p><span style=\"font-weight: 400;\">A finales de 2022, Volkswagen tom\u00f3 la audaz (y muy impopular) decisi\u00f3n de <strong>prescindir de los botones f\u00edsicos tradicionales<\/strong> y optar por controles t\u00e1ctiles, no solo en la consola central, tambi\u00e9n en el volante. Como era de esperar, esto provoc\u00f3 una avalancha de quejas. Por ello y tras la presentaci\u00f3n del prototipo ID.2all en 2023, Volkswagen admiti\u00f3 su error y prometi\u00f3 revertir el dise\u00f1o t\u00e1ctil. Ahora, Mindt revela los detalles de la correcci\u00f3n de rumbo.<\/span><\/p>\n<p><span style=\"font-weight: 400;\">Mindt ha declarado que <strong>los coches de Volkswagen de la pr\u00f3xima generaci\u00f3n incorporar\u00e1n botones f\u00edsicos para las cinco funciones m\u00e1s importantes<\/strong>: volumen, calefacci\u00f3n de asientos, controles del climatizador y luces de emergencia, justo debajo de la pantalla multimedia. Se acab\u00f3 tener que navegar sin parar por los distintos men\u00fas solo para encender la calefacci\u00f3n. Tambi\u00e9n dej\u00f3 claro que este cambio se aplicar\u00e1 <\/span><i><span style=\"font-weight: 400;\">\u201ca todos los coches que fabriquemos de ahora en adelante. Lo entendimos\u201d<\/span><\/i><span style=\"font-weight: 400;\">.<\/span><\/p>\n<p><span style=\"font-weight: 400;\">En un momento de refrescante franqueza, el jefe de dise\u00f1o de Volkswagen ha admitido tambi\u00e9n abiertamente que la estrategia de su predecesor no fue, lo que se dice, correcta: <\/span><i><span style=\"font-weight: 400;\">\u201cJam\u00e1s volveremos a cometer este error. En el volante, tendremos botones f\u00edsicos. Se acab\u00f3 la especulaci\u00f3n. Hay retroalimentaci\u00f3n, es real, y a la gente le encanta. Sinceramente, es un coche. <strong>No es un tel\u00e9fono m\u00f3vil: es un coche<\/strong>\u201d<\/span><\/i><span style=\"font-weight: 400;\">. Esto \u00faltimo es un hecho que cada vez parece estar m\u00e1s lejos de diferenciarse.<\/span><\/p>\n<p><span style=\"font-weight: 400;\">El primer coche en incorporar este bienvenido cambio, con una fila adicional de botones f\u00edsicos bajo la pantalla de infoentretenimiento ser\u00e1 el <strong>urbano totalmente el\u00e9ctrico ID.2<\/strong>, cuyo lanzamiento est\u00e1 previsto para 2026. La versi\u00f3n de producci\u00f3n del prototipo ID.Every1 de la marca, prevista para 2027, utilizar\u00e1 un dise\u00f1o similar. Olv\u00eddate de esos inc\u00f3modos controles deslizantes t\u00e1ctiles que controlan todo, desde el volumen hasta la temperatura del aire acondicionado.\u00a0<\/span><\/p>\n<p><span style=\"font-weight: 400;\">Sinceramente, si alguna vez has intentado ajustar la calefacci\u00f3n en una pantalla t\u00e1ctil mientras conduces, probablemente entiendas por qu\u00e9 esto era inevitable. Esto significa que <strong>Volkswagen finalmente eliminar\u00e1 los diales deslizantes h\u00e1pticos<\/strong> que se utilizan actualmente para controlar el volumen multimedia, el zoom de navegaci\u00f3n y la temperatura del sistema de climatizaci\u00f3n. Estos se encuentran en varios modelos del Grupo Volkswagen, incluido el Golf renovado.<\/span><\/p>\n<p><span style=\"font-weight: 400;\">Pero a pesar de toda la charla sobre los botones, Mindt dej\u00f3 claro que <strong>la pantalla t\u00e1ctil no desaparecer\u00e1<\/strong>. <\/span><i><span style=\"font-weight: 400;\">\u201cHay muchas funciones que deben ofrecerse en ciertas \u00e1reas, por lo que la pantalla ser\u00e1 grande y se encontrar\u00e1 mucho contenido HMI en las profundidades del sistema\u201d<\/span><\/i><span style=\"font-weight: 400;\">, menciona. <\/span><i><span style=\"font-weight: 400;\">\u201cPero los cinco elementos principales siempre estar\u00e1n en la primera capa f\u00edsica. Eso es muy importante\u201d<\/span><\/i><span style=\"font-weight: 400;\">.<\/span><\/p>\n","protected":false},"excerpt":{"rendered":"<p>Volkswagen, finalmente, se ha dado cuenta de lo que pr\u00e1cticamente todos los conductores ya sab\u00edan:&#8230;<\/p>\n","protected":false},"author":9,"featured_media":14359,"comment_status":"closed","ping_status":"closed","sticky":false,"template":"","format":"standard","meta":{"footnotes":""},"categories":[5],"tags":[],"class_list":{"0":"post-14314","1":"post","2":"type-post","3":"status-publish","4":"format-standard","5":"has-post-thumbnail","7":"category-actualidad"},"yoast_head":"<!-- This site is optimized with the Yoast SEO plugin v26.8 - https:\/\/yoast.com\/product\/yoast-seo-wordpress\/ -->\n<title>Volkswagen vuelve a los botones f\u00edsicos - Clicars Blog<\/title>\n<meta name=\"description\" content=\"Volkswagen, finalmente, se ha dado cuenta de lo que la mayor\u00eda de usuarios quieren: botones f\u00edsicos para los controles de uso m\u00e1s habitual.\" \/>\n<meta name=\"robots\" content=\"index, follow, max-snippet:-1, max-image-preview:large, max-video-preview:-1\" \/>\n<link rel=\"canonical\" href=\"https:\/\/www.clicars.com\/blog\/actualidad\/volkswagen-vuelve-a-los-botones-fisicos\/\" \/>\n<meta property=\"og:locale\" content=\"es_ES\" \/>\n<meta property=\"og:type\" content=\"article\" \/>\n<meta property=\"og:title\" content=\"Volkswagen vuelve a los botones f\u00edsicos - Clicars Blog\" \/>\n<meta property=\"og:description\" content=\"Volkswagen, finalmente, se ha dado cuenta de lo que la mayor\u00eda de usuarios quieren: botones f\u00edsicos para los controles de uso m\u00e1s habitual.\" \/>\n<meta property=\"og:url\" content=\"https:\/\/www.clicars.com\/blog\/actualidad\/volkswagen-vuelve-a-los-botones-fisicos\/\" \/>\n<meta property=\"og:site_name\" content=\"Clicars\" \/>\n<meta property=\"article:published_time\" content=\"2025-04-16T07:42:59+00:00\" \/>\n<meta property=\"og:image\" content=\"https:\/\/www.clicars.com\/blog\/wp-content\/uploads\/2025\/04\/volkswagen-botones-en-los-coches.jpg\" \/>\n\t<meta property=\"og:image:width\" content=\"800\" \/>\n\t<meta property=\"og:image:height\" content=\"600\" \/>\n\t<meta property=\"og:image:type\" content=\"image\/jpeg\" \/>\n<meta name=\"author\" content=\"Luis Bl\u00e1zquez\" \/>\n<meta name=\"twitter:card\" content=\"summary_large_image\" \/>\n<meta name=\"twitter:label1\" content=\"Escrito por\" \/>\n\t<meta name=\"twitter:data1\" content=\"Luis Bl\u00e1zquez\" \/>\n\t<meta name=\"twitter:label2\" content=\"Tiempo de lectura\" \/>\n\t<meta name=\"twitter:data2\" content=\"3 minutos\" \/>\n<script type=\"application\/ld+json\" class=\"yoast-schema-graph\">{\"@context\":\"https:\/\/schema.org\",\"@graph\":[{\"@type\":\"Article\",\"@id\":\"https:\/\/www.clicars.com\/blog\/actualidad\/volkswagen-vuelve-a-los-botones-fisicos\/#article\",\"isPartOf\":{\"@id\":\"https:\/\/www.clicars.com\/blog\/actualidad\/volkswagen-vuelve-a-los-botones-fisicos\/\"},\"author\":{\"name\":\"Luis Bl\u00e1zquez\",\"@id\":\"https:\/\/www.clicars.com\/blog\/#\/schema\/person\/c89c17578baf7e98a71929208c7fcc7f\"},\"headline\":\"Volkswagen vuelve a los botones f\u00edsicos\",\"datePublished\":\"2025-04-16T07:42:59+00:00\",\"mainEntityOfPage\":{\"@id\":\"https:\/\/www.clicars.com\/blog\/actualidad\/volkswagen-vuelve-a-los-botones-fisicos\/\"},\"wordCount\":549,\"image\":{\"@id\":\"https:\/\/www.clicars.com\/blog\/actualidad\/volkswagen-vuelve-a-los-botones-fisicos\/#primaryimage\"},\"thumbnailUrl\":\"https:\/\/www.clicars.com\/blog\/wp-content\/uploads\/2025\/04\/volkswagen-botones-en-los-coches.jpg\",\"articleSection\":[\"Actualidad\"],\"inLanguage\":\"es\"},{\"@type\":[\"WebPage\",\"ItemPage\"],\"@id\":\"https:\/\/www.clicars.com\/blog\/actualidad\/volkswagen-vuelve-a-los-botones-fisicos\/\",\"url\":\"https:\/\/www.clicars.com\/blog\/actualidad\/volkswagen-vuelve-a-los-botones-fisicos\/\",\"name\":\"Volkswagen vuelve a los botones f\u00edsicos - Clicars Blog\",\"isPartOf\":{\"@id\":\"https:\/\/www.clicars.com\/blog\/#website\"},\"primaryImageOfPage\":{\"@id\":\"https:\/\/www.clicars.com\/blog\/actualidad\/volkswagen-vuelve-a-los-botones-fisicos\/#primaryimage\"},\"image\":{\"@id\":\"https:\/\/www.clicars.com\/blog\/actualidad\/volkswagen-vuelve-a-los-botones-fisicos\/#primaryimage\"},\"thumbnailUrl\":\"https:\/\/www.clicars.com\/blog\/wp-content\/uploads\/2025\/04\/volkswagen-botones-en-los-coches.jpg\",\"datePublished\":\"2025-04-16T07:42:59+00:00\",\"author\":{\"@id\":\"https:\/\/www.clicars.com\/blog\/#\/schema\/person\/c89c17578baf7e98a71929208c7fcc7f\"},\"description\":\"Volkswagen, finalmente, se ha dado cuenta de lo que la mayor\u00eda de usuarios quieren: botones f\u00edsicos para los controles de uso m\u00e1s habitual.\",\"breadcrumb\":{\"@id\":\"https:\/\/www.clicars.com\/blog\/actualidad\/volkswagen-vuelve-a-los-botones-fisicos\/#breadcrumb\"},\"inLanguage\":\"es\",\"potentialAction\":[{\"@type\":\"ReadAction\",\"target\":[\"https:\/\/www.clicars.com\/blog\/actualidad\/volkswagen-vuelve-a-los-botones-fisicos\/\"]}]},{\"@type\":\"ImageObject\",\"inLanguage\":\"es\",\"@id\":\"https:\/\/www.clicars.com\/blog\/actualidad\/volkswagen-vuelve-a-los-botones-fisicos\/#primaryimage\",\"url\":\"https:\/\/www.clicars.com\/blog\/wp-content\/uploads\/2025\/04\/volkswagen-botones-en-los-coches.jpg\",\"contentUrl\":\"https:\/\/www.clicars.com\/blog\/wp-content\/uploads\/2025\/04\/volkswagen-botones-en-los-coches.jpg\",\"width\":800,\"height\":600,\"caption\":\"volkswagen botones en los coches\"},{\"@type\":\"BreadcrumbList\",\"@id\":\"https:\/\/www.clicars.com\/blog\/actualidad\/volkswagen-vuelve-a-los-botones-fisicos\/#breadcrumb\",\"itemListElement\":[{\"@type\":\"ListItem\",\"position\":1,\"name\":\"Portada\",\"item\":\"https:\/\/www.clicars.com\/blog\/\"},{\"@type\":\"ListItem\",\"position\":2,\"name\":\"Volkswagen vuelve a los botones f\u00edsicos\"}]},{\"@type\":\"WebSite\",\"@id\":\"https:\/\/www.clicars.com\/blog\/#website\",\"url\":\"https:\/\/www.clicars.com\/blog\/\",\"name\":\"Clicars\",\"description\":\"Compra tu coche de Buena Mano sin moverte de casa\",\"inLanguage\":\"es\"},{\"@type\":\"Person\",\"@id\":\"https:\/\/www.clicars.com\/blog\/#\/schema\/person\/c89c17578baf7e98a71929208c7fcc7f\",\"name\":\"Luis Bl\u00e1zquez\",\"image\":{\"@type\":\"ImageObject\",\"inLanguage\":\"es\",\"@id\":\"https:\/\/www.clicars.com\/blog\/#\/schema\/person\/image\/\",\"url\":\"https:\/\/secure.gravatar.com\/avatar\/5214422833f62ac5eff4b49b98cf2bb3da6d1c0bd202eb91b732410ef94c8981?s=96&d=mm&r=g\",\"contentUrl\":\"https:\/\/secure.gravatar.com\/avatar\/5214422833f62ac5eff4b49b98cf2bb3da6d1c0bd202eb91b732410ef94c8981?s=96&d=mm&r=g\",\"caption\":\"Luis Bl\u00e1zquez\"},\"description\":\"Apasionado de todo lo que tenga ruedas previamente a tener uso de raz\u00f3n. Por mis venas corre la gasolina que me permite plasmar con palabras cualquier asunto relacionado con el mundo de la automoci\u00f3n. Para algunos dos m\u00e1s dos son cuatro; para m\u00ed, es un coche.\",\"sameAs\":[\"https:\/\/es.linkedin.com\/in\/luis-bl\u00e1zquez-b7b5ba207\"],\"url\":\"https:\/\/www.clicars.com\/blog\/author\/luis-blazquez\/\"}]}<\/script>\n<!-- \/ Yoast SEO plugin. -->","yoast_head_json":{"title":"Volkswagen vuelve a los botones f\u00edsicos - Clicars Blog","description":"Volkswagen, finalmente, se ha dado cuenta de lo que la mayor\u00eda de usuarios quieren: botones f\u00edsicos para los controles de uso m\u00e1s habitual.","robots":{"index":"index","follow":"follow","max-snippet":"max-snippet:-1","max-image-preview":"max-image-preview:large","max-video-preview":"max-video-preview:-1"},"canonical":"https:\/\/www.clicars.com\/blog\/actualidad\/volkswagen-vuelve-a-los-botones-fisicos\/","og_locale":"es_ES","og_type":"article","og_title":"Volkswagen vuelve a los botones f\u00edsicos - Clicars Blog","og_description":"Volkswagen, finalmente, se ha dado cuenta de lo que la mayor\u00eda de usuarios quieren: botones f\u00edsicos para los controles de uso m\u00e1s habitual.","og_url":"https:\/\/www.clicars.com\/blog\/actualidad\/volkswagen-vuelve-a-los-botones-fisicos\/","og_site_name":"Clicars","article_published_time":"2025-04-16T07:42:59+00:00","og_image":[{"width":800,"height":600,"url":"https:\/\/www.clicars.com\/blog\/wp-content\/uploads\/2025\/04\/volkswagen-botones-en-los-coches.jpg","type":"image\/jpeg"}],"author":"Luis Bl\u00e1zquez","twitter_card":"summary_large_image","twitter_misc":{"Escrito por":"Luis Bl\u00e1zquez","Tiempo de lectura":"3 minutos"},"schema":{"@context":"https:\/\/schema.org","@graph":[{"@type":"Article","@id":"https:\/\/www.clicars.com\/blog\/actualidad\/volkswagen-vuelve-a-los-botones-fisicos\/#article","isPartOf":{"@id":"https:\/\/www.clicars.com\/blog\/actualidad\/volkswagen-vuelve-a-los-botones-fisicos\/"},"author":{"name":"Luis Bl\u00e1zquez","@id":"https:\/\/www.clicars.com\/blog\/#\/schema\/person\/c89c17578baf7e98a71929208c7fcc7f"},"headline":"Volkswagen vuelve a los botones f\u00edsicos","datePublished":"2025-04-16T07:42:59+00:00","mainEntityOfPage":{"@id":"https:\/\/www.clicars.com\/blog\/actualidad\/volkswagen-vuelve-a-los-botones-fisicos\/"},"wordCount":549,"image":{"@id":"https:\/\/www.clicars.com\/blog\/actualidad\/volkswagen-vuelve-a-los-botones-fisicos\/#primaryimage"},"thumbnailUrl":"https:\/\/www.clicars.com\/blog\/wp-content\/uploads\/2025\/04\/volkswagen-botones-en-los-coches.jpg","articleSection":["Actualidad"],"inLanguage":"es"},{"@type":["WebPage","ItemPage"],"@id":"https:\/\/www.clicars.com\/blog\/actualidad\/volkswagen-vuelve-a-los-botones-fisicos\/","url":"https:\/\/www.clicars.com\/blog\/actualidad\/volkswagen-vuelve-a-los-botones-fisicos\/","name":"Volkswagen vuelve a los botones f\u00edsicos - Clicars Blog","isPartOf":{"@id":"https:\/\/www.clicars.com\/blog\/#website"},"primaryImageOfPage":{"@id":"https:\/\/www.clicars.com\/blog\/actualidad\/volkswagen-vuelve-a-los-botones-fisicos\/#primaryimage"},"image":{"@id":"https:\/\/www.clicars.com\/blog\/actualidad\/volkswagen-vuelve-a-los-botones-fisicos\/#primaryimage"},"thumbnailUrl":"https:\/\/www.clicars.com\/blog\/wp-content\/uploads\/2025\/04\/volkswagen-botones-en-los-coches.jpg","datePublished":"2025-04-16T07:42:59+00:00","author":{"@id":"https:\/\/www.clicars.com\/blog\/#\/schema\/person\/c89c17578baf7e98a71929208c7fcc7f"},"description":"Volkswagen, finalmente, se ha dado cuenta de lo que la mayor\u00eda de usuarios quieren: botones f\u00edsicos para los controles de uso m\u00e1s habitual.","breadcrumb":{"@id":"https:\/\/www.clicars.com\/blog\/actualidad\/volkswagen-vuelve-a-los-botones-fisicos\/#breadcrumb"},"inLanguage":"es","potentialAction":[{"@type":"ReadAction","target":["https:\/\/www.clicars.com\/blog\/actualidad\/volkswagen-vuelve-a-los-botones-fisicos\/"]}]},{"@type":"ImageObject","inLanguage":"es","@id":"https:\/\/www.clicars.com\/blog\/actualidad\/volkswagen-vuelve-a-los-botones-fisicos\/#primaryimage","url":"https:\/\/www.clicars.com\/blog\/wp-content\/uploads\/2025\/04\/volkswagen-botones-en-los-coches.jpg","contentUrl":"https:\/\/www.clicars.com\/blog\/wp-content\/uploads\/2025\/04\/volkswagen-botones-en-los-coches.jpg","width":800,"height":600,"caption":"volkswagen botones en los coches"},{"@type":"BreadcrumbList","@id":"https:\/\/www.clicars.com\/blog\/actualidad\/volkswagen-vuelve-a-los-botones-fisicos\/#breadcrumb","itemListElement":[{"@type":"ListItem","position":1,"name":"Portada","item":"https:\/\/www.clicars.com\/blog\/"},{"@type":"ListItem","position":2,"name":"Volkswagen vuelve a los botones f\u00edsicos"}]},{"@type":"WebSite","@id":"https:\/\/www.clicars.com\/blog\/#website","url":"https:\/\/www.clicars.com\/blog\/","name":"Clicars","description":"Compra tu coche de Buena Mano sin moverte de casa","inLanguage":"es"},{"@type":"Person","@id":"https:\/\/www.clicars.com\/blog\/#\/schema\/person\/c89c17578baf7e98a71929208c7fcc7f","name":"Luis Bl\u00e1zquez","image":{"@type":"ImageObject","inLanguage":"es","@id":"https:\/\/www.clicars.com\/blog\/#\/schema\/person\/image\/","url":"https:\/\/secure.gravatar.com\/avatar\/5214422833f62ac5eff4b49b98cf2bb3da6d1c0bd202eb91b732410ef94c8981?s=96&d=mm&r=g","contentUrl":"https:\/\/secure.gravatar.com\/avatar\/5214422833f62ac5eff4b49b98cf2bb3da6d1c0bd202eb91b732410ef94c8981?s=96&d=mm&r=g","caption":"Luis Bl\u00e1zquez"},"description":"Apasionado de todo lo que tenga ruedas previamente a tener uso de raz\u00f3n. Por mis venas corre la gasolina que me permite plasmar con palabras cualquier asunto relacionado con el mundo de la automoci\u00f3n. Para algunos dos m\u00e1s dos son cuatro; para m\u00ed, es un coche.","sameAs":["https:\/\/es.linkedin.com\/in\/luis-bl\u00e1zquez-b7b5ba207"],"url":"https:\/\/www.clicars.com\/blog\/author\/luis-blazquez\/"}]}},"_links":{"self":[{"href":"https:\/\/www.clicars.com\/blog\/wp-json\/wp\/v2\/posts\/14314","targetHints":{"allow":["GET"]}}],"collection":[{"href":"https:\/\/www.clicars.com\/blog\/wp-json\/wp\/v2\/posts"}],"about":[{"href":"https:\/\/www.clicars.com\/blog\/wp-json\/wp\/v2\/types\/post"}],"author":[{"embeddable":true,"href":"https:\/\/www.clicars.com\/blog\/wp-json\/wp\/v2\/users\/9"}],"replies":[{"embeddable":true,"href":"https:\/\/www.clicars.com\/blog\/wp-json\/wp\/v2\/comments?post=14314"}],"version-history":[{"count":3,"href":"https:\/\/www.clicars.com\/blog\/wp-json\/wp\/v2\/posts\/14314\/revisions"}],"predecessor-version":[{"id":14360,"href":"https:\/\/www.clicars.com\/blog\/wp-json\/wp\/v2\/posts\/14314\/revisions\/14360"}],"wp:featuredmedia":[{"embeddable":true,"href":"https:\/\/www.clicars.com\/blog\/wp-json\/wp\/v2\/media\/14359"}],"wp:attachment":[{"href":"https:\/\/www.clicars.com\/blog\/wp-json\/wp\/v2\/media?parent=14314"}],"wp:term":[{"taxonomy":"category","embeddable":true,"href":"https:\/\/www.clicars.com\/blog\/wp-json\/wp\/v2\/categories?post=14314"},{"taxonomy":"post_tag","embeddable":true,"href":"https:\/\/www.clicars.com\/blog\/wp-json\/wp\/v2\/tags?post=14314"}],"curies":[{"name":"wp","href":"https:\/\/api.w.org\/{rel}","templated":true}]}}