{"id":14405,"date":"2025-04-29T09:21:50","date_gmt":"2025-04-29T07:21:50","guid":{"rendered":"https:\/\/www.clicars.com\/blog\/?p=14405"},"modified":"2025-04-28T10:37:32","modified_gmt":"2025-04-28T08:37:32","slug":"evolucion-de-ventas-del-coche-electrico-en-espana-y-europa-2025","status":"publish","type":"post","link":"https:\/\/www.clicars.com\/blog\/actualidad\/evolucion-de-ventas-del-coche-electrico-en-espana-y-europa-2025\/","title":{"rendered":"Evoluci\u00f3n de ventas del coche el\u00e9ctrico en Espa\u00f1a y Europa\u00a02025"},"content":{"rendered":"<div id=\"ez-toc-container\" class=\"ez-toc-v2_0_80 counter-hierarchy ez-toc-counter ez-toc-light-blue ez-toc-container-direction\">\n<p class=\"ez-toc-title\" style=\"cursor:inherit\">\u00cdndice de contenidos<\/p>\n<label for=\"ez-toc-cssicon-toggle-item-69f2299f199e7\" class=\"ez-toc-cssicon-toggle-label\"><span class=\"ez-toc-cssicon\"><span class=\"eztoc-hide\" style=\"display:none;\">Toggle<\/span><span class=\"ez-toc-icon-toggle-span\"><svg style=\"fill: #999;color:#999\" xmlns=\"http:\/\/www.w3.org\/2000\/svg\" class=\"list-377408\" width=\"20px\" height=\"20px\" viewBox=\"0 0 24 24\" fill=\"none\"><path d=\"M6 6H4v2h2V6zm14 0H8v2h12V6zM4 11h2v2H4v-2zm16 0H8v2h12v-2zM4 16h2v2H4v-2zm16 0H8v2h12v-2z\" fill=\"currentColor\"><\/path><\/svg><svg style=\"fill: #999;color:#999\" class=\"arrow-unsorted-368013\" xmlns=\"http:\/\/www.w3.org\/2000\/svg\" width=\"10px\" height=\"10px\" viewBox=\"0 0 24 24\" version=\"1.2\" baseProfile=\"tiny\"><path d=\"M18.2 9.3l-6.2-6.3-6.2 6.3c-.2.2-.3.4-.3.7s.1.5.3.7c.2.2.4.3.7.3h11c.3 0 .5-.1.7-.3.2-.2.3-.5.3-.7s-.1-.5-.3-.7zM5.8 14.7l6.2 6.3 6.2-6.3c.2-.2.3-.5.3-.7s-.1-.5-.3-.7c-.2-.2-.4-.3-.7-.3h-11c-.3 0-.5.1-.7.3-.2.2-.3.5-.3.7s.1.5.3.7z\"\/><\/svg><\/span><\/span><\/label><input type=\"checkbox\"  id=\"ez-toc-cssicon-toggle-item-69f2299f199e7\"  aria-label=\"Alternar\" \/><nav><ul class='ez-toc-list ez-toc-list-level-1 ' ><li class='ez-toc-page-1 ez-toc-heading-level-2'><a class=\"ez-toc-link ez-toc-heading-1\" href=\"https:\/\/www.clicars.com\/blog\/actualidad\/evolucion-de-ventas-del-coche-electrico-en-espana-y-europa-2025\/#Caracteristicas_del_coche_electrico_%C2%BFes_una_solucion_ecologica\" >Caracter\u00edsticas del coche el\u00e9ctrico: \u00bfes una soluci\u00f3n ecol\u00f3gica?<\/a><\/li><li class='ez-toc-page-1 ez-toc-heading-level-2'><a class=\"ez-toc-link ez-toc-heading-2\" href=\"https:\/\/www.clicars.com\/blog\/actualidad\/evolucion-de-ventas-del-coche-electrico-en-espana-y-europa-2025\/#Ventas_del_coche_electrico_en_Europa\" >Ventas del coche el\u00e9ctrico en Europa<\/a><ul class='ez-toc-list-level-3' ><li class='ez-toc-heading-level-3'><a class=\"ez-toc-link ez-toc-heading-3\" href=\"https:\/\/www.clicars.com\/blog\/actualidad\/evolucion-de-ventas-del-coche-electrico-en-espana-y-europa-2025\/#%C2%BFPor_que_hay_paises_que_venden_mas_coches_electricos_que_otros\" >\u00bfPor qu\u00e9 hay pa\u00edses que venden m\u00e1s coches el\u00e9ctricos que otros?<\/a><\/li><\/ul><\/li><li class='ez-toc-page-1 ez-toc-heading-level-2'><a class=\"ez-toc-link ez-toc-heading-4\" href=\"https:\/\/www.clicars.com\/blog\/actualidad\/evolucion-de-ventas-del-coche-electrico-en-espana-y-europa-2025\/#Datos_de_ventas_en_Espana\" >Datos de ventas en Espa\u00f1a<\/a><\/li><li class='ez-toc-page-1 ez-toc-heading-level-2'><a class=\"ez-toc-link ez-toc-heading-5\" href=\"https:\/\/www.clicars.com\/blog\/actualidad\/evolucion-de-ventas-del-coche-electrico-en-espana-y-europa-2025\/#Que_es_el_Plan_Moves_y_otras_ayudas_al_coche_electrico\" >Qu\u00e9 es el Plan Moves y otras ayudas al coche el\u00e9ctrico<\/a><\/li><\/ul><\/nav><\/div>\n\n<p><span style=\"font-weight: 400;\">Los coches el\u00e9ctricos se han convertido en una de las grandes promesas de la movilidad sostenible y, de hecho, cada vez hay m\u00e1s conductores que plantean adquirirlos. Esto se debe a que cada vez hay una oferta de modelos m\u00e1s amplia y existen distintas <\/span><b>ayudas al coche el\u00e9ctrico <\/b><span style=\"font-weight: 400;\">para incentivar su compra. Sin embargo, \u00bfqu\u00e9 hay realmente detr\u00e1s de esta tendencia? \u00bfRealmente las <\/span><b>ventas de coche el\u00e9ctrico<\/b><span style=\"font-weight: 400;\"> est\u00e1n despegando como se esperaba? En este art\u00edculo analizamos la situaci\u00f3n actual en Espa\u00f1a y Europa. Para ello, revisaremos las cifras reales, las barreras actuales que todav\u00eda frenan su crecimiento y las medidas instauradas, como el <\/span><b>Plan Moves<\/b><span style=\"font-weight: 400;\">. A su vez, nos plantearemos qu\u00e9 puede esperarse del mercado en los pr\u00f3ximos meses.\u00a0<\/span><\/p>\n<h2><span class=\"ez-toc-section\" id=\"Caracteristicas_del_coche_electrico_%C2%BFes_una_solucion_ecologica\"><\/span>Caracter\u00edsticas del coche el\u00e9ctrico: \u00bfes una soluci\u00f3n ecol\u00f3gica?<span class=\"ez-toc-section-end\"><\/span><\/h2>\n<p><span style=\"font-weight: 400;\">Los <\/span><b>veh\u00edculos el\u00e9ctricos<\/b><span style=\"font-weight: 400;\"> destacan por<\/span><b> no emitir gases contaminantes<\/b><span style=\"font-weight: 400;\"> durante la conducci\u00f3n, lo que los convierte en una opci\u00f3n limpia para desplazarse por la ciudad o hacer trayectos largos. A su vez, contribuyen a reducir el ruido, pues son <\/span><b>coches muy silenciosos<\/b><span style=\"font-weight: 400;\">. Estas son solo algunas de las ventajas de este tipo de coche que explican su popularidad.\u00a0<\/span><\/p>\n<p><span style=\"font-weight: 400;\">Adem\u00e1s, su<\/span><b> eficiencia energ\u00e9tica <\/b><span style=\"font-weight: 400;\">es muy superior a la de los motores tradicionales: convierten hasta el 90 % de la energ\u00eda el\u00e9ctrica almacenada en la bater\u00eda para mover el veh\u00edculo. En comparaci\u00f3n, los motores de combusti\u00f3n solo convierten alrededor del 30 % del combustible en movimiento; el resto se pierde principalmente en forma de calor.\u00a0<\/span><\/p>\n<p><span style=\"font-weight: 400;\">Ahora bien, \u00bfson una soluci\u00f3n totalmente ecol\u00f3gica? Aunque en un primer momento se promueven como si lo fueran, lo cierto es que su impacto medioambiental depende de varios factores.\u00a0<\/span><\/p>\n<p><span style=\"font-weight: 400;\">Uno de ellos es la<\/span><b> fuente de electricidad utilizada para recargar las bater\u00edas<\/b><span style=\"font-weight: 400;\">. Si se utiliza energ\u00eda renovable, como solar o e\u00f3lica, el impacto medioambiental se reduce considerablemente y el beneficio es claro. En cambio, si por el contrario se usa energ\u00eda que procede de combustibles f\u00f3siles, como el carb\u00f3n o el gas, esa ventaja se reduce.<\/span><\/p>\n<p><span style=\"font-weight: 400;\">Otro aspecto clave es el <\/span><b>proceso de fabricaci\u00f3n de las bater\u00edas<\/b><span style=\"font-weight: 400;\">, ya que se requiere el uso de ciertos minerales, como litio, cobalto o n\u00edquel, y su extracci\u00f3n, transporte y tratamiento tiene un impacto ambiental relevante. Entre otras cosas, porque es necesario emplear grandes cantidades de agua y energ\u00eda, generan residuos t\u00f3xicos y, en muchos casos, se realizan en pa\u00edses con condiciones laborales precarias o sin una regulaci\u00f3n ambiental estricta.\u00a0<\/span><\/p>\n<p><span style=\"font-weight: 400;\">Por suerte, ya se est\u00e1n desarrollando alternativas que funcionan con tecnolog\u00edas m\u00e1s limpias, como las<\/span><b> bater\u00edas de estado s\u00f3lido<\/b><span style=\"font-weight: 400;\">, que prometen ser m\u00e1s sostenibles, seguras y con mayor autonom\u00eda. Es decir, dejar\u00e1n una menor huella ecol\u00f3gica.\u00a0<\/span><\/p>\n<p><span style=\"font-weight: 400;\">Si hablamos del final del ciclo de vida, <\/span><b>el reciclaje tambi\u00e9n es un reto<\/b><span style=\"font-weight: 400;\">. Aunque existen programas para la reutilizaci\u00f3n de bater\u00edas, a\u00fan queda camino por recorrer para lograr un sistema completamente circular. \u00bfPor qu\u00e9? Porque el proceso de reciclaje actual es costoso, complejo y <\/span><b>no permite recuperar todos los materiales valiosos <\/b><span style=\"font-weight: 400;\">de forma eficiente. Adem\u00e1s, la falta de infraestructuras especializadas y normativas unificadas entre pa\u00edses dificulta la creaci\u00f3n de una cadena de reciclaje efectiva y sostenible.<\/span><\/p>\n<p><img loading=\"lazy\" decoding=\"async\" class=\"aligncenter size-full wp-image-14407\" src=\"http:\/\/www.clicars.com\/blog\/wp-content\/uploads\/2025\/04\/ventas-de-coches-electricos-en-2025.jpg\" alt=\"ventas de coches el\u00e9ctricos en 2025\" width=\"1200\" height=\"900\" srcset=\"https:\/\/www.clicars.com\/blog\/wp-content\/uploads\/2025\/04\/ventas-de-coches-electricos-en-2025.jpg 1200w, https:\/\/www.clicars.com\/blog\/wp-content\/uploads\/2025\/04\/ventas-de-coches-electricos-en-2025-300x225.jpg 300w, https:\/\/www.clicars.com\/blog\/wp-content\/uploads\/2025\/04\/ventas-de-coches-electricos-en-2025-1024x768.jpg 1024w, https:\/\/www.clicars.com\/blog\/wp-content\/uploads\/2025\/04\/ventas-de-coches-electricos-en-2025-768x576.jpg 768w\" sizes=\"auto, (max-width: 1200px) 100vw, 1200px\" \/><\/p>\n<h2><span class=\"ez-toc-section\" id=\"Ventas_del_coche_electrico_en_Europa\"><\/span><span style=\"font-weight: 400;\">Ventas del coche el\u00e9ctrico en Europa<\/span><span class=\"ez-toc-section-end\"><\/span><\/h2>\n<p><span style=\"font-weight: 400;\">Las ventas de coches el\u00e9ctricos en Europa tienen una tendencia positiva y el crecimiento sigue avanzando, pero con importantes diferencias entre pa\u00edses. \u00bfCu\u00e1l es el motivo?\u00a0<\/span><\/p>\n<p><span style=\"font-weight: 400;\">La explicaci\u00f3n est\u00e1 en que no todos los gobiernos han desarrollado el mismo nivel de pol\u00edticas de apoyo. Algunos pa\u00edses cuentan con <\/span><b>pol\u00edticas de incentivos<\/b><span style=\"font-weight: 400;\"> estables y generosas que reducen de forma significativa el precio final del veh\u00edculo. Adem\u00e1s, no todos los pa\u00edses tienen la misma <\/span><b>disponibilidad y calidad en las infraestructuras de carga<\/b><span style=\"font-weight: 400;\"> de estos coches ecol\u00f3gicos, influyendo directamente en la decisi\u00f3n de compra.\u00a0<\/span><\/p>\n<p><span style=\"font-weight: 400;\">Por \u00faltimo, la <\/span><b>confianza del consumidor<\/b><span style=\"font-weight: 400;\"> tambi\u00e9n cambia seg\u00fan el contexto: en algunos pa\u00edses hay m\u00e1s informaci\u00f3n, experiencia previa y campa\u00f1as de concienciaci\u00f3n, con lo que se facilita que haya m\u00e1s personas que se animen a comprar estos veh\u00edculos.\u00a0<\/span><\/p>\n<h3><span class=\"ez-toc-section\" id=\"%C2%BFPor_que_hay_paises_que_venden_mas_coches_electricos_que_otros\"><\/span><span style=\"font-weight: 400;\">\u00bfPor qu\u00e9 hay pa\u00edses que venden m\u00e1s coches el\u00e9ctricos que otros?<\/span><span class=\"ez-toc-section-end\"><\/span><\/h3>\n<p><span style=\"font-weight: 400;\">En el primer trimestre de este a\u00f1o, las matriculaciones el\u00e9ctricas en Europa aumentaron un 28,4 % respecto al mismo periodo del a\u00f1o pasado. Alemania lidera este avance, consolid\u00e1ndose como el motor el\u00e9ctrico europeo, con una subida del 41 %. Le siguen B\u00e9lgica con un 38 % y Pa\u00edses Bajos con un 25 %.<\/span><\/p>\n<p><span style=\"font-weight: 400;\">Sin embargo, no todo son buenas noticias. Por ejemplo, Francia ha experimentado una ca\u00edda del 1,3 % y marcas como Tesla han registrado un descenso de ventas de casi un 50 %, a excepci\u00f3n del Reino Unido, donde sus cifras siguen al alza. \u00bfQu\u00e9 significa esto? Este comportamiento desigual refleja una <\/span><b>falta de coordinaci\u00f3n a nivel europeo<\/b><span style=\"font-weight: 400;\"> en cuanto a subvenciones a la movilidad el\u00e9ctrica e infraestructuras de carga.<\/span><\/p>\n<p><span style=\"font-weight: 400;\">En este contexto, los gobiernos que han mantenido o reforzado sus <\/span><b>incentivos el\u00e9ctricos<\/b><span style=\"font-weight: 400;\"> han visto mejores resultados porque los compradores perciben una mayor seguridad a la hora de invertir en esta tecnolog\u00eda.\u00a0<\/span><\/p>\n<p><span style=\"font-weight: 400;\">No cabe duda de que cuando un pa\u00eds mantiene un <\/span><b>plan estatal para coches ecol\u00f3gicos<\/b><span style=\"font-weight: 400;\"> claro y duradero, se genera confianza y se eliminan incertidumbres sobre el futuro de las ayudas o las posibles restricciones. Esto, sin duda, motiva a m\u00e1s personas a dar el paso para comprar coches el\u00e9ctricos.\u00a0<\/span><\/p>\n<p><span style=\"font-weight: 400;\">De hecho, cuando un comprador ve que las ayudas se mantienen en el tiempo y no dependen de cambios pol\u00edticos o presupuestarios, se siente m\u00e1s seguro a la hora de tomar una decisi\u00f3n. Cuando en un pa\u00eds no se siente esa certeza, muchas personas se quedan en la fase de intenci\u00f3n, sin llegar a concretar la compra. <\/span><span style=\"font-weight: 400;\">Por eso, cuando una pol\u00edtica es estable y continua, supone una gran diferencia entre pensar en comprar un coche el\u00e9ctrico y, realmente, hacerlo.<\/span><\/p>\n<h2><span class=\"ez-toc-section\" id=\"Datos_de_ventas_en_Espana\"><\/span><b>Datos de ventas en Espa\u00f1a<\/b><span class=\"ez-toc-section-end\"><\/span><\/h2>\n<p><span style=\"font-weight: 400;\">En Espa\u00f1a las noticias son m\u00e1s alentadoras. Por ejemplo, marzo de 2025 cerr\u00f3 con 8382 <\/span><b>matriculaciones el\u00e9ctricas<\/b><span style=\"font-weight: 400;\">, lo que supone un incremento del 97,2 % respecto al mismo mes del a\u00f1o anterior. El primer trimestre acumul\u00f3 19 857 unidades, representando un crecimiento del 70 % m\u00e1s que en <\/span><a href=\"https:\/\/www.clicars.com\/blog\/comparativa\/los-coches-mas-vendidos-en-espana-en-2024\/\"><span style=\"font-weight: 400;\">2024<\/span><\/a><span style=\"font-weight: 400;\">.\u00a0<\/span><\/p>\n<p><span style=\"font-weight: 400;\">Estos n\u00fameros reflejan el efecto directo de algunas medidas instauradas en Espa\u00f1a, como el <\/span><b>relanzamiento del programa de incentivos el\u00e9ctricos<\/b><span style=\"font-weight: 400;\">, mejor conocido como <\/span><b>Plan Moves<\/b><span style=\"font-weight: 400;\">. Gracias a ello, muchos conductores se han animado a adquirir su primer coche el\u00e9ctrico. Los modelos m\u00e1s vendidos fueron el Tesla Model 3 (1392), el nuevo Renault 5 (696), el MG4 y el Dacia Spring.<\/span><\/p>\n<p><span style=\"font-weight: 400;\">No obstante, a pesar de estas positivas cifras, la cuota de mercado de coches el\u00e9ctricos puros se sit\u00faa todav\u00eda en el 7,1 %, lo que indica que todav\u00eda hay barreras importantes. Entre ellas, encontramos el precio inicial de los veh\u00edculos, la ausencia de puntos de recarga en ciertas zonas y las dudas sobre la autonom\u00eda que realmente brindan.\u00a0<\/span><\/p>\n<p><span style=\"font-weight: 400;\">Aqu\u00ed es donde soluciones como los coches el\u00e9ctricos reacondicionados marcan la diferencia, pues permiten acceder a modelos con <\/span><b>etiqueta ECO o CERO por un precio mucho m\u00e1s bajo que el de un veh\u00edculo nuevo<\/b><span style=\"font-weight: 400;\">. Esto es ideal para ti, si quieres apostar por la movilidad sostenible sin asumir una inversi\u00f3n tan elevada.\u00a0<\/span><\/p>\n<p><span style=\"font-weight: 400;\">Adem\u00e1s, al tratarse de coches listos para entregar inmediatamente, te evitar\u00e1s los largos plazos de espera que existen, en muchas ocasiones, en modelos nuevos.\u00a0<\/span><\/p>\n<p><span style=\"font-weight: 400;\">En <\/span><a href=\"https:\/\/www.clicars.com\/\"><span style=\"font-weight: 400;\">Clicars <\/span><\/a><span style=\"font-weight: 400;\">ofrecemos una amplia selecci\u00f3n de el\u00e9ctricos reacondicionados, revisados y con garant\u00eda. Adem\u00e1s, muchos de estos modelos pueden acogerse a las mismas <\/span><b>subvenciones de movilidad el\u00e9ctrica<\/b><span style=\"font-weight: 400;\"> que los veh\u00edculos nuevos, multiplicando el ahorro y convirtiendo esta opci\u00f3n en una alternativa inteligente y realista para muchos conductores.<\/span><\/p>\n<h2><span class=\"ez-toc-section\" id=\"Que_es_el_Plan_Moves_y_otras_ayudas_al_coche_electrico\"><\/span><span style=\"font-weight: 400;\">Qu\u00e9 es el Plan Moves y otras ayudas al coche el\u00e9ctrico<\/span><span class=\"ez-toc-section-end\"><\/span><\/h2>\n<p><span style=\"font-weight: 400;\">\u00bfTe imaginas recibir hasta 7000 euros por cambiar de coche? Pues eso es lo que ofrece el <\/span><b>Plan Moves III<\/b><span style=\"font-weight: 400;\">, en vigor hasta el 31 de diciembre de 2025. Este programa de ayudas gubernamentales a la movilidad ha destinado 400 millones de euros para fomentar la movilidad sostenible con el fin de impulsar la compra de veh\u00edculos el\u00e9ctricos y la instalaci\u00f3n de puntos de recarga en hogares y empresas. Las principales medidas son:<\/span><\/p>\n<ul>\n<li style=\"font-weight: 400;\" aria-level=\"1\"><b>Hasta 7000 euros<\/b><span style=\"font-weight: 400;\"> de ayuda directa si se entrega un veh\u00edculo para su retirada definitiva.\u00a0<\/span><\/li>\n<li style=\"font-weight: 400;\" aria-level=\"1\"><b>Hasta 5000 euros <\/b><span style=\"font-weight: 400;\">si se compra un veh\u00edculo el\u00e9ctrico sin entregar otro.\u00a0<\/span><\/li>\n<li style=\"font-weight: 400;\" aria-level=\"1\"><b>Deducci\u00f3n del 15 % del IRPF<\/b><span style=\"font-weight: 400;\"> por la compra de un veh\u00edculo el\u00e9ctrico, aplicable tanto para coches nuevos como para coches reacondicionados. Esta deducci\u00f3n permite recuperar parte de la inversi\u00f3n en la declaraci\u00f3n de la renta.<\/span><\/li>\n<li style=\"font-weight: 400;\" aria-level=\"1\"><b>Subvenciones <\/b><span style=\"font-weight: 400;\">para instalar puntos de recarga, tanto para particulares como para empresas.\u00a0<\/span><\/li>\n<\/ul>\n<p><span style=\"font-weight: 400;\">A esto se suman beneficios como el aparcamiento gratuito en zonas reguladas, exenci\u00f3n del impuesto de matriculaci\u00f3n y ventajas fiscales. Adem\u00e1s, algunas comunidades aut\u00f3nomas, como Madrid, han lanzado sus propias l\u00edneas de apoyo, sumando hasta 2000 euros extra para <\/span><b>fomentar la transici\u00f3n ecol\u00f3gica <\/b><span style=\"font-weight: 400;\">a una movilidad sin emisiones.<\/span><\/p>\n<p><span style=\"font-weight: 400;\">\u00bfC\u00f3mo se solicita? En la mayor\u00eda de los casos, basta con hacer la compra en un concesionario o plataforma adherida, presentar la documentaci\u00f3n y tramitar la ayuda de forma telem\u00e1tica.<\/span><\/p>\n<p><span style=\"font-weight: 400;\">En conclusi\u00f3n, las cifras muestran que el avance de las <\/span><b>ventas de coche el\u00e9ctrico<\/b><span style=\"font-weight: 400;\"> es real, pero el crecimiento no es suficiente para hablar de una revoluci\u00f3n el\u00e9ctrica por los motivos explicados. Por eso, la opci\u00f3n de comprar un veh\u00edculo reacondicionado, como los que disponemos en Clicars, se posiciona como una soluci\u00f3n pr\u00e1ctica para quien no quiere esperar ni arriesgar su presupuesto.\u00a0<\/span><\/p>\n","protected":false},"excerpt":{"rendered":"<p>Los coches el\u00e9ctricos se han convertido en una de las grandes promesas de la movilidad&#8230;<\/p>\n","protected":false},"author":2,"featured_media":14406,"comment_status":"closed","ping_status":"closed","sticky":false,"template":"","format":"standard","meta":{"footnotes":""},"categories":[5],"tags":[],"class_list":{"0":"post-14405","1":"post","2":"type-post","3":"status-publish","4":"format-standard","5":"has-post-thumbnail","7":"category-actualidad"},"yoast_head":"<!-- This site is optimized with the Yoast SEO plugin v26.8 - https:\/\/yoast.com\/product\/yoast-seo-wordpress\/ -->\n<title>Evoluci\u00f3n de ventas del coche el\u00e9ctrico en Espa\u00f1a y Europa\u00a02025 - Clicars Blog<\/title>\n<meta name=\"description\" content=\"Analizamos la evoluci\u00f3n de las ventas de coches el\u00e9ctricos en Espa\u00f1a y Europa en 2025, adem\u00e1s de citar las ayudas disponibles y los desaf\u00edos pendientes\" \/>\n<meta name=\"robots\" content=\"index, follow, max-snippet:-1, max-image-preview:large, max-video-preview:-1\" \/>\n<link rel=\"canonical\" href=\"https:\/\/www.clicars.com\/blog\/actualidad\/evolucion-de-ventas-del-coche-electrico-en-espana-y-europa-2025\/\" \/>\n<meta property=\"og:locale\" content=\"es_ES\" \/>\n<meta property=\"og:type\" content=\"article\" \/>\n<meta property=\"og:title\" content=\"Evoluci\u00f3n de ventas del coche el\u00e9ctrico en Espa\u00f1a y Europa\u00a02025 - Clicars Blog\" \/>\n<meta property=\"og:description\" content=\"Analizamos la evoluci\u00f3n de las ventas de coches el\u00e9ctricos en Espa\u00f1a y Europa en 2025, adem\u00e1s de citar las ayudas disponibles y los desaf\u00edos pendientes\" \/>\n<meta property=\"og:url\" content=\"https:\/\/www.clicars.com\/blog\/actualidad\/evolucion-de-ventas-del-coche-electrico-en-espana-y-europa-2025\/\" \/>\n<meta property=\"og:site_name\" content=\"Clicars\" \/>\n<meta property=\"article:published_time\" content=\"2025-04-29T07:21:50+00:00\" \/>\n<meta property=\"og:image\" content=\"https:\/\/www.clicars.com\/blog\/wp-content\/uploads\/2025\/04\/evolucion-ventas-coche-electrico-en-Espana-y-Europa-2025.jpg\" \/>\n\t<meta property=\"og:image:width\" content=\"1200\" \/>\n\t<meta property=\"og:image:height\" content=\"900\" \/>\n\t<meta property=\"og:image:type\" content=\"image\/jpeg\" \/>\n<meta name=\"author\" content=\"Clicars\" \/>\n<meta name=\"twitter:card\" content=\"summary_large_image\" \/>\n<meta name=\"twitter:label1\" content=\"Escrito por\" \/>\n\t<meta name=\"twitter:data1\" content=\"Clicars\" \/>\n\t<meta name=\"twitter:label2\" content=\"Tiempo de lectura\" \/>\n\t<meta name=\"twitter:data2\" content=\"8 minutos\" \/>\n<script type=\"application\/ld+json\" class=\"yoast-schema-graph\">{\"@context\":\"https:\/\/schema.org\",\"@graph\":[{\"@type\":\"Article\",\"@id\":\"https:\/\/www.clicars.com\/blog\/actualidad\/evolucion-de-ventas-del-coche-electrico-en-espana-y-europa-2025\/#article\",\"isPartOf\":{\"@id\":\"https:\/\/www.clicars.com\/blog\/actualidad\/evolucion-de-ventas-del-coche-electrico-en-espana-y-europa-2025\/\"},\"author\":{\"name\":\"Clicars\",\"@id\":\"https:\/\/www.clicars.com\/blog\/#\/schema\/person\/af686c41ba96962c68871392bf2bb62d\"},\"headline\":\"Evoluci\u00f3n de ventas del coche el\u00e9ctrico en Espa\u00f1a y Europa\u00a02025\",\"datePublished\":\"2025-04-29T07:21:50+00:00\",\"mainEntityOfPage\":{\"@id\":\"https:\/\/www.clicars.com\/blog\/actualidad\/evolucion-de-ventas-del-coche-electrico-en-espana-y-europa-2025\/\"},\"wordCount\":1679,\"image\":{\"@id\":\"https:\/\/www.clicars.com\/blog\/actualidad\/evolucion-de-ventas-del-coche-electrico-en-espana-y-europa-2025\/#primaryimage\"},\"thumbnailUrl\":\"https:\/\/www.clicars.com\/blog\/wp-content\/uploads\/2025\/04\/evolucion-ventas-coche-electrico-en-Espana-y-Europa-2025.jpg\",\"articleSection\":[\"Actualidad\"],\"inLanguage\":\"es\"},{\"@type\":[\"WebPage\",\"ItemPage\"],\"@id\":\"https:\/\/www.clicars.com\/blog\/actualidad\/evolucion-de-ventas-del-coche-electrico-en-espana-y-europa-2025\/\",\"url\":\"https:\/\/www.clicars.com\/blog\/actualidad\/evolucion-de-ventas-del-coche-electrico-en-espana-y-europa-2025\/\",\"name\":\"Evoluci\u00f3n de ventas del coche el\u00e9ctrico en Espa\u00f1a y Europa\u00a02025 - Clicars Blog\",\"isPartOf\":{\"@id\":\"https:\/\/www.clicars.com\/blog\/#website\"},\"primaryImageOfPage\":{\"@id\":\"https:\/\/www.clicars.com\/blog\/actualidad\/evolucion-de-ventas-del-coche-electrico-en-espana-y-europa-2025\/#primaryimage\"},\"image\":{\"@id\":\"https:\/\/www.clicars.com\/blog\/actualidad\/evolucion-de-ventas-del-coche-electrico-en-espana-y-europa-2025\/#primaryimage\"},\"thumbnailUrl\":\"https:\/\/www.clicars.com\/blog\/wp-content\/uploads\/2025\/04\/evolucion-ventas-coche-electrico-en-Espana-y-Europa-2025.jpg\",\"datePublished\":\"2025-04-29T07:21:50+00:00\",\"author\":{\"@id\":\"https:\/\/www.clicars.com\/blog\/#\/schema\/person\/af686c41ba96962c68871392bf2bb62d\"},\"description\":\"Analizamos la evoluci\u00f3n de las ventas de coches el\u00e9ctricos en Espa\u00f1a y Europa en 2025, adem\u00e1s de citar las ayudas disponibles y los desaf\u00edos pendientes\",\"breadcrumb\":{\"@id\":\"https:\/\/www.clicars.com\/blog\/actualidad\/evolucion-de-ventas-del-coche-electrico-en-espana-y-europa-2025\/#breadcrumb\"},\"inLanguage\":\"es\",\"potentialAction\":[{\"@type\":\"ReadAction\",\"target\":[\"https:\/\/www.clicars.com\/blog\/actualidad\/evolucion-de-ventas-del-coche-electrico-en-espana-y-europa-2025\/\"]}]},{\"@type\":\"ImageObject\",\"inLanguage\":\"es\",\"@id\":\"https:\/\/www.clicars.com\/blog\/actualidad\/evolucion-de-ventas-del-coche-electrico-en-espana-y-europa-2025\/#primaryimage\",\"url\":\"https:\/\/www.clicars.com\/blog\/wp-content\/uploads\/2025\/04\/evolucion-ventas-coche-electrico-en-Espana-y-Europa-2025.jpg\",\"contentUrl\":\"https:\/\/www.clicars.com\/blog\/wp-content\/uploads\/2025\/04\/evolucion-ventas-coche-electrico-en-Espana-y-Europa-2025.jpg\",\"width\":1200,\"height\":900,\"caption\":\"evolucion ventas coche el\u00e9ctrico en Espa\u00f1a y Europa 2025\"},{\"@type\":\"BreadcrumbList\",\"@id\":\"https:\/\/www.clicars.com\/blog\/actualidad\/evolucion-de-ventas-del-coche-electrico-en-espana-y-europa-2025\/#breadcrumb\",\"itemListElement\":[{\"@type\":\"ListItem\",\"position\":1,\"name\":\"Portada\",\"item\":\"https:\/\/www.clicars.com\/blog\/\"},{\"@type\":\"ListItem\",\"position\":2,\"name\":\"Evoluci\u00f3n de ventas del coche el\u00e9ctrico en Espa\u00f1a y Europa\u00a02025\"}]},{\"@type\":\"WebSite\",\"@id\":\"https:\/\/www.clicars.com\/blog\/#website\",\"url\":\"https:\/\/www.clicars.com\/blog\/\",\"name\":\"Clicars\",\"description\":\"Compra tu coche de Buena Mano sin moverte de casa\",\"inLanguage\":\"es\"},{\"@type\":\"Person\",\"@id\":\"https:\/\/www.clicars.com\/blog\/#\/schema\/person\/af686c41ba96962c68871392bf2bb62d\",\"name\":\"Clicars\",\"image\":{\"@type\":\"ImageObject\",\"inLanguage\":\"es\",\"@id\":\"https:\/\/www.clicars.com\/blog\/#\/schema\/person\/image\/\",\"url\":\"https:\/\/secure.gravatar.com\/avatar\/3100622b0023049db14165cdba9dadaa9159743b871e83e440a0df9a70f80e56?s=96&d=mm&r=g\",\"contentUrl\":\"https:\/\/secure.gravatar.com\/avatar\/3100622b0023049db14165cdba9dadaa9159743b871e83e440a0df9a70f80e56?s=96&d=mm&r=g\",\"caption\":\"Clicars\"},\"sameAs\":[\"https:\/\/www.clicars.com\"],\"url\":\"https:\/\/www.clicars.com\/blog\/author\/clicars\/\"}]}<\/script>\n<!-- \/ Yoast SEO plugin. -->","yoast_head_json":{"title":"Evoluci\u00f3n de ventas del coche el\u00e9ctrico en Espa\u00f1a y Europa\u00a02025 - Clicars Blog","description":"Analizamos la evoluci\u00f3n de las ventas de coches el\u00e9ctricos en Espa\u00f1a y Europa en 2025, adem\u00e1s de citar las ayudas disponibles y los desaf\u00edos pendientes","robots":{"index":"index","follow":"follow","max-snippet":"max-snippet:-1","max-image-preview":"max-image-preview:large","max-video-preview":"max-video-preview:-1"},"canonical":"https:\/\/www.clicars.com\/blog\/actualidad\/evolucion-de-ventas-del-coche-electrico-en-espana-y-europa-2025\/","og_locale":"es_ES","og_type":"article","og_title":"Evoluci\u00f3n de ventas del coche el\u00e9ctrico en Espa\u00f1a y Europa\u00a02025 - Clicars Blog","og_description":"Analizamos la evoluci\u00f3n de las ventas de coches el\u00e9ctricos en Espa\u00f1a y Europa en 2025, adem\u00e1s de citar las ayudas disponibles y los desaf\u00edos pendientes","og_url":"https:\/\/www.clicars.com\/blog\/actualidad\/evolucion-de-ventas-del-coche-electrico-en-espana-y-europa-2025\/","og_site_name":"Clicars","article_published_time":"2025-04-29T07:21:50+00:00","og_image":[{"width":1200,"height":900,"url":"https:\/\/www.clicars.com\/blog\/wp-content\/uploads\/2025\/04\/evolucion-ventas-coche-electrico-en-Espana-y-Europa-2025.jpg","type":"image\/jpeg"}],"author":"Clicars","twitter_card":"summary_large_image","twitter_misc":{"Escrito por":"Clicars","Tiempo de lectura":"8 minutos"},"schema":{"@context":"https:\/\/schema.org","@graph":[{"@type":"Article","@id":"https:\/\/www.clicars.com\/blog\/actualidad\/evolucion-de-ventas-del-coche-electrico-en-espana-y-europa-2025\/#article","isPartOf":{"@id":"https:\/\/www.clicars.com\/blog\/actualidad\/evolucion-de-ventas-del-coche-electrico-en-espana-y-europa-2025\/"},"author":{"name":"Clicars","@id":"https:\/\/www.clicars.com\/blog\/#\/schema\/person\/af686c41ba96962c68871392bf2bb62d"},"headline":"Evoluci\u00f3n de ventas del coche el\u00e9ctrico en Espa\u00f1a y Europa\u00a02025","datePublished":"2025-04-29T07:21:50+00:00","mainEntityOfPage":{"@id":"https:\/\/www.clicars.com\/blog\/actualidad\/evolucion-de-ventas-del-coche-electrico-en-espana-y-europa-2025\/"},"wordCount":1679,"image":{"@id":"https:\/\/www.clicars.com\/blog\/actualidad\/evolucion-de-ventas-del-coche-electrico-en-espana-y-europa-2025\/#primaryimage"},"thumbnailUrl":"https:\/\/www.clicars.com\/blog\/wp-content\/uploads\/2025\/04\/evolucion-ventas-coche-electrico-en-Espana-y-Europa-2025.jpg","articleSection":["Actualidad"],"inLanguage":"es"},{"@type":["WebPage","ItemPage"],"@id":"https:\/\/www.clicars.com\/blog\/actualidad\/evolucion-de-ventas-del-coche-electrico-en-espana-y-europa-2025\/","url":"https:\/\/www.clicars.com\/blog\/actualidad\/evolucion-de-ventas-del-coche-electrico-en-espana-y-europa-2025\/","name":"Evoluci\u00f3n de ventas del coche el\u00e9ctrico en Espa\u00f1a y Europa\u00a02025 - Clicars Blog","isPartOf":{"@id":"https:\/\/www.clicars.com\/blog\/#website"},"primaryImageOfPage":{"@id":"https:\/\/www.clicars.com\/blog\/actualidad\/evolucion-de-ventas-del-coche-electrico-en-espana-y-europa-2025\/#primaryimage"},"image":{"@id":"https:\/\/www.clicars.com\/blog\/actualidad\/evolucion-de-ventas-del-coche-electrico-en-espana-y-europa-2025\/#primaryimage"},"thumbnailUrl":"https:\/\/www.clicars.com\/blog\/wp-content\/uploads\/2025\/04\/evolucion-ventas-coche-electrico-en-Espana-y-Europa-2025.jpg","datePublished":"2025-04-29T07:21:50+00:00","author":{"@id":"https:\/\/www.clicars.com\/blog\/#\/schema\/person\/af686c41ba96962c68871392bf2bb62d"},"description":"Analizamos la evoluci\u00f3n de las ventas de coches el\u00e9ctricos en Espa\u00f1a y Europa en 2025, adem\u00e1s de citar las ayudas disponibles y los desaf\u00edos pendientes","breadcrumb":{"@id":"https:\/\/www.clicars.com\/blog\/actualidad\/evolucion-de-ventas-del-coche-electrico-en-espana-y-europa-2025\/#breadcrumb"},"inLanguage":"es","potentialAction":[{"@type":"ReadAction","target":["https:\/\/www.clicars.com\/blog\/actualidad\/evolucion-de-ventas-del-coche-electrico-en-espana-y-europa-2025\/"]}]},{"@type":"ImageObject","inLanguage":"es","@id":"https:\/\/www.clicars.com\/blog\/actualidad\/evolucion-de-ventas-del-coche-electrico-en-espana-y-europa-2025\/#primaryimage","url":"https:\/\/www.clicars.com\/blog\/wp-content\/uploads\/2025\/04\/evolucion-ventas-coche-electrico-en-Espana-y-Europa-2025.jpg","contentUrl":"https:\/\/www.clicars.com\/blog\/wp-content\/uploads\/2025\/04\/evolucion-ventas-coche-electrico-en-Espana-y-Europa-2025.jpg","width":1200,"height":900,"caption":"evolucion ventas coche el\u00e9ctrico en Espa\u00f1a y Europa 2025"},{"@type":"BreadcrumbList","@id":"https:\/\/www.clicars.com\/blog\/actualidad\/evolucion-de-ventas-del-coche-electrico-en-espana-y-europa-2025\/#breadcrumb","itemListElement":[{"@type":"ListItem","position":1,"name":"Portada","item":"https:\/\/www.clicars.com\/blog\/"},{"@type":"ListItem","position":2,"name":"Evoluci\u00f3n de ventas del coche el\u00e9ctrico en Espa\u00f1a y Europa\u00a02025"}]},{"@type":"WebSite","@id":"https:\/\/www.clicars.com\/blog\/#website","url":"https:\/\/www.clicars.com\/blog\/","name":"Clicars","description":"Compra tu coche de Buena Mano sin moverte de casa","inLanguage":"es"},{"@type":"Person","@id":"https:\/\/www.clicars.com\/blog\/#\/schema\/person\/af686c41ba96962c68871392bf2bb62d","name":"Clicars","image":{"@type":"ImageObject","inLanguage":"es","@id":"https:\/\/www.clicars.com\/blog\/#\/schema\/person\/image\/","url":"https:\/\/secure.gravatar.com\/avatar\/3100622b0023049db14165cdba9dadaa9159743b871e83e440a0df9a70f80e56?s=96&d=mm&r=g","contentUrl":"https:\/\/secure.gravatar.com\/avatar\/3100622b0023049db14165cdba9dadaa9159743b871e83e440a0df9a70f80e56?s=96&d=mm&r=g","caption":"Clicars"},"sameAs":["https:\/\/www.clicars.com"],"url":"https:\/\/www.clicars.com\/blog\/author\/clicars\/"}]}},"_links":{"self":[{"href":"https:\/\/www.clicars.com\/blog\/wp-json\/wp\/v2\/posts\/14405","targetHints":{"allow":["GET"]}}],"collection":[{"href":"https:\/\/www.clicars.com\/blog\/wp-json\/wp\/v2\/posts"}],"about":[{"href":"https:\/\/www.clicars.com\/blog\/wp-json\/wp\/v2\/types\/post"}],"author":[{"embeddable":true,"href":"https:\/\/www.clicars.com\/blog\/wp-json\/wp\/v2\/users\/2"}],"replies":[{"embeddable":true,"href":"https:\/\/www.clicars.com\/blog\/wp-json\/wp\/v2\/comments?post=14405"}],"version-history":[{"count":1,"href":"https:\/\/www.clicars.com\/blog\/wp-json\/wp\/v2\/posts\/14405\/revisions"}],"predecessor-version":[{"id":14408,"href":"https:\/\/www.clicars.com\/blog\/wp-json\/wp\/v2\/posts\/14405\/revisions\/14408"}],"wp:featuredmedia":[{"embeddable":true,"href":"https:\/\/www.clicars.com\/blog\/wp-json\/wp\/v2\/media\/14406"}],"wp:attachment":[{"href":"https:\/\/www.clicars.com\/blog\/wp-json\/wp\/v2\/media?parent=14405"}],"wp:term":[{"taxonomy":"category","embeddable":true,"href":"https:\/\/www.clicars.com\/blog\/wp-json\/wp\/v2\/categories?post=14405"},{"taxonomy":"post_tag","embeddable":true,"href":"https:\/\/www.clicars.com\/blog\/wp-json\/wp\/v2\/tags?post=14405"}],"curies":[{"name":"wp","href":"https:\/\/api.w.org\/{rel}","templated":true}]}}