{"id":14418,"date":"2025-05-02T09:13:53","date_gmt":"2025-05-02T07:13:53","guid":{"rendered":"https:\/\/www.clicars.com\/blog\/?p=14418"},"modified":"2025-04-28T11:37:03","modified_gmt":"2025-04-28T09:37:03","slug":"que-modelos-de-coches-van-a-desaparecer-en-2025","status":"publish","type":"post","link":"https:\/\/www.clicars.com\/blog\/comparativa\/que-modelos-de-coches-van-a-desaparecer-en-2025\/","title":{"rendered":"\u00bfQu\u00e9 modelos de coches van a desaparecer en 2025?"},"content":{"rendered":"<div id=\"ez-toc-container\" class=\"ez-toc-v2_0_80 counter-hierarchy ez-toc-counter ez-toc-light-blue ez-toc-container-direction\">\n<p class=\"ez-toc-title\" style=\"cursor:inherit\">\u00cdndice de contenidos<\/p>\n<label for=\"ez-toc-cssicon-toggle-item-69f4c2febcffc\" class=\"ez-toc-cssicon-toggle-label\"><span class=\"ez-toc-cssicon\"><span class=\"eztoc-hide\" style=\"display:none;\">Toggle<\/span><span class=\"ez-toc-icon-toggle-span\"><svg style=\"fill: #999;color:#999\" xmlns=\"http:\/\/www.w3.org\/2000\/svg\" class=\"list-377408\" width=\"20px\" height=\"20px\" viewBox=\"0 0 24 24\" fill=\"none\"><path d=\"M6 6H4v2h2V6zm14 0H8v2h12V6zM4 11h2v2H4v-2zm16 0H8v2h12v-2zM4 16h2v2H4v-2zm16 0H8v2h12v-2z\" fill=\"currentColor\"><\/path><\/svg><svg style=\"fill: #999;color:#999\" class=\"arrow-unsorted-368013\" xmlns=\"http:\/\/www.w3.org\/2000\/svg\" width=\"10px\" height=\"10px\" viewBox=\"0 0 24 24\" version=\"1.2\" baseProfile=\"tiny\"><path d=\"M18.2 9.3l-6.2-6.3-6.2 6.3c-.2.2-.3.4-.3.7s.1.5.3.7c.2.2.4.3.7.3h11c.3 0 .5-.1.7-.3.2-.2.3-.5.3-.7s-.1-.5-.3-.7zM5.8 14.7l6.2 6.3 6.2-6.3c.2-.2.3-.5.3-.7s-.1-.5-.3-.7c-.2-.2-.4-.3-.7-.3h-11c-.3 0-.5.1-.7.3-.2.2-.3.5-.3.7s.1.5.3.7z\"\/><\/svg><\/span><\/span><\/label><input type=\"checkbox\"  id=\"ez-toc-cssicon-toggle-item-69f4c2febcffc\"  aria-label=\"Alternar\" \/><nav><ul class='ez-toc-list ez-toc-list-level-1 ' ><li class='ez-toc-page-1 ez-toc-heading-level-2'><a class=\"ez-toc-link ez-toc-heading-1\" href=\"https:\/\/www.clicars.com\/blog\/comparativa\/que-modelos-de-coches-van-a-desaparecer-en-2025\/#El_ciclo_de_vida_de_los_modelos_de_coches\" >El ciclo de vida de los modelos de coches<\/a><\/li><li class='ez-toc-page-1 ez-toc-heading-level-2'><a class=\"ez-toc-link ez-toc-heading-2\" href=\"https:\/\/www.clicars.com\/blog\/comparativa\/que-modelos-de-coches-van-a-desaparecer-en-2025\/#Lanzamiento_y_desaparicion_de_vehiculos_una_constante_en_el_mercado\" >Lanzamiento y desaparici\u00f3n de veh\u00edculos, una constante en el mercado<\/a><\/li><li class='ez-toc-page-1 ez-toc-heading-level-2'><a class=\"ez-toc-link ez-toc-heading-3\" href=\"https:\/\/www.clicars.com\/blog\/comparativa\/que-modelos-de-coches-van-a-desaparecer-en-2025\/#%C2%BFQue_coches_van_a_desaparecer_en_2025\" >\u00bfQu\u00e9 coches van a desaparecer en 2025?<\/a><ul class='ez-toc-list-level-3' ><li class='ez-toc-heading-level-3'><a class=\"ez-toc-link ez-toc-heading-4\" href=\"https:\/\/www.clicars.com\/blog\/comparativa\/que-modelos-de-coches-van-a-desaparecer-en-2025\/#Gama_Quadrifoglio_de_Alfa_Romeo\" >Gama Quadrifoglio de Alfa Romeo<\/a><\/li><li class='ez-toc-page-1 ez-toc-heading-level-3'><a class=\"ez-toc-link ez-toc-heading-5\" href=\"https:\/\/www.clicars.com\/blog\/comparativa\/que-modelos-de-coches-van-a-desaparecer-en-2025\/#Ford_Focus\" >Ford Focus<\/a><\/li><li class='ez-toc-page-1 ez-toc-heading-level-3'><a class=\"ez-toc-link ez-toc-heading-6\" href=\"https:\/\/www.clicars.com\/blog\/comparativa\/que-modelos-de-coches-van-a-desaparecer-en-2025\/#Mercedes_Clase_A\" >Mercedes Clase A<\/a><\/li><li class='ez-toc-page-1 ez-toc-heading-level-3'><a class=\"ez-toc-link ez-toc-heading-7\" href=\"https:\/\/www.clicars.com\/blog\/comparativa\/que-modelos-de-coches-van-a-desaparecer-en-2025\/#Fiat_Tipo\" >Fiat Tipo<\/a><\/li><li class='ez-toc-page-1 ez-toc-heading-level-3'><a class=\"ez-toc-link ez-toc-heading-8\" href=\"https:\/\/www.clicars.com\/blog\/comparativa\/que-modelos-de-coches-van-a-desaparecer-en-2025\/#Jeep_Renegade\" >Jeep Renegade<\/a><\/li><\/ul><\/li><li class='ez-toc-page-1 ez-toc-heading-level-2'><a class=\"ez-toc-link ez-toc-heading-9\" href=\"https:\/\/www.clicars.com\/blog\/comparativa\/que-modelos-de-coches-van-a-desaparecer-en-2025\/#%C2%BFQuieres_comprar_los_mejores_coches_usados_reacondicionados\" >\u00bfQuieres comprar los mejores coches usados reacondicionados?<\/a><\/li><\/ul><\/nav><\/div>\n\n<p><span style=\"font-weight: 400;\">Que los <\/span><b>modelos de coches<\/b><span style=\"font-weight: 400;\"> vayan cambiando es algo normal. Cada cierto tiempo, las marcas retiran algunos de sus veh\u00edculos del mercado. Ya sea por renovar uno en concreto o porque ya no funciona, se deja de fabricar. Para conocer a fondo este mecanismo y su funcionamiento, no dejes de leer.<\/span><\/p>\n<h2><span class=\"ez-toc-section\" id=\"El_ciclo_de_vida_de_los_modelos_de_coches\"><\/span><span style=\"font-weight: 400;\">El ciclo de vida de los modelos de coches<\/span><span class=\"ez-toc-section-end\"><\/span><\/h2>\n<p><span style=\"font-weight: 400;\">El desarrollo de todo modelo de coche sigue un <\/span><b>ciclo de vida estructurado<\/b><span style=\"font-weight: 400;\">. Este abarca desde su concepci\u00f3n inicial o concepto hasta la retirada final del mercado. A lo largo del proceso, se van tomando decisiones estrat\u00e9gicas, avances tecnol\u00f3gicas y cambios en las preferencias del consumidor. As\u00ed, el veh\u00edculo va adapt\u00e1ndose poco a poco.<\/span><\/p>\n<p><span style=\"font-weight: 400;\">Todo el proceso arranca con la fase de concepto. En ella los fabricantes analizan las tendencias del mercado, las necesidades del p\u00fablico y las oportunidades que ofrece la tecnolog\u00eda. A partir de la informaci\u00f3n recabada, primero se <\/span><b>elaboran bocetos del futuro coche y luego prototipos<\/b><span style=\"font-weight: 400;\">. Adem\u00e1s, se realizan simulaciones que ir\u00e1n definiendo las l\u00edneas generales del modelo final.<\/span><\/p>\n<p><span style=\"font-weight: 400;\">Una vez concluye la fase anterior, llegas a la de desarrollo, que incluye labores de ingenier\u00eda, dise\u00f1o detallado, pruebas de seguridad y ajustes a las normativas internacionales. Ten en cuenta que esta es una etapa larga, ya que <\/span><b>dura entre tres y cinco a\u00f1os<\/b><span style=\"font-weight: 400;\">. Este rango variar\u00e1 en funci\u00f3n de la complejidad del modelo o las caracter\u00edsticas que la marca quiera a\u00f1adir.<\/span><\/p>\n<p><span style=\"font-weight: 400;\">Con el coche listo para su producci\u00f3n, comienza la fase de introducci\u00f3n al mercado. Se trata del <\/span><b>momento en el que se lanza el modelo<\/b><span style=\"font-weight: 400;\">, algo que va precedido de una campa\u00f1a de <\/span><i><span style=\"font-weight: 400;\">marketing<\/span><\/i><span style=\"font-weight: 400;\">. Las ventas empiezan siendo moderadas, pero crecen si el veh\u00edculo gana reconocimiento por parte de los compradores y la cr\u00edtica.<\/span><\/p>\n<p><span style=\"font-weight: 400;\">Al igual que otros productos, se da una fase de crecimiento, en la que <\/span><b>el modelo se establece y las ventas crecen<\/b><span style=\"font-weight: 400;\">. Tras esto llega la madurez, que coincide con el punto m\u00e1ximo de ventas. Entre medias, es posible que se hagan actualizaciones o versiones especiales del coche, sobre todo si el p\u00fablico se muestra interesado.<\/span><\/p>\n<p><span style=\"font-weight: 400;\">Al final, se produce un declive en las ventas del veh\u00edculo. \u00bfPor qu\u00e9 ocurre esto? Las ventajas tecnol\u00f3gicas se van perdiendo y <\/span><b>surgen otros modelos m\u00e1s competitivos<\/b><span style=\"font-weight: 400;\">. Ahora es cuando el fabricante decide cesar la producci\u00f3n, lanzar una nueva generaci\u00f3n o sustituir el coche por otro nuevo, lo que cierra el ciclo de vida del anterior.<\/span><\/p>\n<h2><span class=\"ez-toc-section\" id=\"Lanzamiento_y_desaparicion_de_vehiculos_una_constante_en_el_mercado\"><\/span><span style=\"font-weight: 400;\">Lanzamiento y desaparici\u00f3n de veh\u00edculos, una constante en el mercado<\/span><span class=\"ez-toc-section-end\"><\/span><\/h2>\n<p><span style=\"font-weight: 400;\">Una de las din\u00e1micas m\u00e1s importantes del sector del autom\u00f3vil es el lanzamiento y desaparici\u00f3n de veh\u00edculos. Es algo que <\/span><b>ocurre de manera constante<\/b><span style=\"font-weight: 400;\"> y que se da por una amplia variedad de factores. Los vaivenes de la econom\u00eda, los avances tecnol\u00f3gicos o el comportamiento de los consumidores son algunos que puedes encontrar.<\/span><\/p>\n<p><span style=\"font-weight: 400;\">Cada nuevo modelo es una <\/span><b>apuesta de la marca que lo fabrica<\/b><span style=\"font-weight: 400;\">, una que no se realiza al azar. Se efect\u00faan detallados estudios de mercados y proyecciones de rentabilidad para evaluar el potencial del veh\u00edculo. Tambi\u00e9n se tienen en cuenta aspectos como las exigencias medioambientales, las expectativas del consumidor o los \u00faltimos cambios normativos.\u00a0<\/span><\/p>\n<p><span style=\"font-weight: 400;\">Ten en cuenta que un lanzamiento no es solo una renovaci\u00f3n o un mero juego de azar, pues <\/span><b>se trata de intento de posicionamiento<\/b><span style=\"font-weight: 400;\">. Tambi\u00e9n puede ser una forma de fortalecer la cuota de mercado que ya se tiene. Por ejemplo, un fabricante que no cuenta con un SUV estudia a los compradores y descubre que a\u00fan existe margen para adentrarse en ese territorio. As\u00ed, inicia todo el proceso que culminar\u00e1 con un nuevo coche, que quiz\u00e1s ayude a que la empresa crezca.<\/span><\/p>\n<p><span style=\"font-weight: 400;\">La otra cara de la moneda es la retirada de un modelo, que marca el final de su ciclo de vida. Llegado este punto, <\/span><b>el coche deja de ser rentable<\/b><span style=\"font-weight: 400;\">, ya sea porque las ventas han bajado, no tiene el favor del comprador o no se ajusta a las nuevas normativas. Sea cual sea el caso, al fabricante no le queda otra opci\u00f3n que retirar el veh\u00edculo de su cat\u00e1logo.<\/span><\/p>\n<p><span style=\"font-weight: 400;\">Pero no creas que el final de un modelo es una tragedia, ya que es <\/span><b>el comienzo de otro<\/b><span style=\"font-weight: 400;\">. El fabricante no se va a quedar de brazos cruzados, de hecho no lo ha estado. Antes de que un coche en cuesti\u00f3n deje el cat\u00e1logo, su sustituto lleva varios a\u00f1os en alguna etapa de su propio ciclo de vida.<\/span><\/p>\n<h2><span class=\"ez-toc-section\" id=\"%C2%BFQue_coches_van_a_desaparecer_en_2025\"><\/span><span style=\"font-weight: 400;\">\u00bfQu\u00e9 coches van a desaparecer en 2025?<\/span><span class=\"ez-toc-section-end\"><\/span><\/h2>\n<p><span style=\"font-weight: 400;\">A lo largo del 2025 desaparecer\u00e1n diferentes modelos de coche. Algunos llevan en el mercado varias d\u00e9cadas y, por todo tipo de razones, los fabricantes han decidido retirarlos. Pese a que esto <\/span><b>no implica su final estricto<\/b><span style=\"font-weight: 400;\">, pues seguir\u00e1s vi\u00e9ndolos circular por las calles, por ejemplo, su producci\u00f3n se dar\u00e1 por concluida.<\/span><\/p>\n<h3><span class=\"ez-toc-section\" id=\"Gama_Quadrifoglio_de_Alfa_Romeo\"><\/span><span style=\"font-weight: 400;\">Gama Quadrifoglio de Alfa Romeo<\/span><span class=\"ez-toc-section-end\"><\/span><\/h3>\n<p><span style=\"font-weight: 400;\">Alfa Romeao ha anunciado su intenci\u00f3n de retirar los modelos Quadrifoglio, el Giulia y el Stelvio. La decisi\u00f3n forma parte del <\/span><b>plan de transici\u00f3n a la electrificaci\u00f3n<\/b><span style=\"font-weight: 400;\"> que est\u00e1 siguiendo la marca italiana. De este modo, la producci\u00f3n de estos veh\u00edculos termin\u00f3 en junio del 2024, pero no van a desaparecer del todo.<\/span><\/p>\n<p><span style=\"font-weight: 400;\">El fabricante tiene previsto <\/span><b>devolver el nombre Quadrifoglio a futuros modelos el\u00e9ctricos<\/b><span style=\"font-weight: 400;\"> de alto rendimiento. Por tanto, los veh\u00edculos que realmente desaparecen son los que tienen motores de combusti\u00f3n. De hecho, ya no est\u00e1n disponibles en el configurador en l\u00ednea que ofrece Alfa Romeo a sus compradores.<\/span><\/p>\n<h3><span class=\"ez-toc-section\" id=\"Ford_Focus\"><\/span><span style=\"font-weight: 400;\">Ford Focus<\/span><span class=\"ez-toc-section-end\"><\/span><\/h3>\n<p><span style=\"font-weight: 400;\">Pese a que es uno de los compactos m\u00e1s emblem\u00e1ticos de las \u00faltimas d\u00e9cadas, su producci\u00f3n cesar\u00e1 en noviembre de 2025. <\/span><b>Apareci\u00f3 en el mercado en 1998<\/b><span style=\"font-weight: 400;\"> para sustituir al Escort con un dise\u00f1o m\u00e1s innovador y una conducci\u00f3n din\u00e1mica. Sin embargo, tras tanto tiempo, se pone fin el veh\u00edculo dentro de la estrategia global de Ford, que busca reorientar su actividad a sus coches m\u00e1s rentables y electrificarse.<\/span><\/p>\n<p><span style=\"font-weight: 400;\">Adem\u00e1s, <\/span><b>no existe un sustituto directo para el <\/b><a href=\"https:\/\/www.clicars.com\/coches-segunda-mano-ocasion\/ford\/focus\"><b>Focus<\/b><\/a><span style=\"font-weight: 400;\">, lo que implica que la marca ha decidido abandonar por completo el modelo y el propio segmento de los compactos convencionales. Eso s\u00ed, a\u00fan se aceptan pedidos, pero una vez concluya la producci\u00f3n a finales de 2025, solo estar\u00e1n disponibles las unidades que queden en <\/span><i><span style=\"font-weight: 400;\">stock<\/span><\/i><span style=\"font-weight: 400;\">.<\/span><\/p>\n<p><img loading=\"lazy\" decoding=\"async\" class=\"aligncenter size-full wp-image-14420\" src=\"http:\/\/www.clicars.com\/blog\/wp-content\/uploads\/2025\/04\/ford-focus-2025.jpg\" alt=\"ford focus 2025\" width=\"1800\" height=\"1200\" srcset=\"https:\/\/www.clicars.com\/blog\/wp-content\/uploads\/2025\/04\/ford-focus-2025.jpg 1800w, https:\/\/www.clicars.com\/blog\/wp-content\/uploads\/2025\/04\/ford-focus-2025-300x200.jpg 300w, https:\/\/www.clicars.com\/blog\/wp-content\/uploads\/2025\/04\/ford-focus-2025-1024x683.jpg 1024w, https:\/\/www.clicars.com\/blog\/wp-content\/uploads\/2025\/04\/ford-focus-2025-768x512.jpg 768w, https:\/\/www.clicars.com\/blog\/wp-content\/uploads\/2025\/04\/ford-focus-2025-1536x1024.jpg 1536w, https:\/\/www.clicars.com\/blog\/wp-content\/uploads\/2025\/04\/ford-focus-2025-900x600.jpg 900w\" sizes=\"auto, (max-width: 1800px) 100vw, 1800px\" \/><\/p>\n<h3><span class=\"ez-toc-section\" id=\"Mercedes_Clase_A\"><\/span><span style=\"font-weight: 400;\">Mercedes Clase A<\/span><span class=\"ez-toc-section-end\"><\/span><\/h3>\n<p><span style=\"font-weight: 400;\">Otro modelo muy conocido que deja de fabricarse este a\u00f1o y sin planes de sucesi\u00f3n. La decisi\u00f3n, al igual que ocurr\u00eda con Ford, se enmarca dentro de una <\/span><b>estrategia de simplificaci\u00f3n<\/b><span style=\"font-weight: 400;\">. Mercedes quiere reducir de siete a cuatro sus modelos del segmento de compactos. As\u00ed, podr\u00e1 enfocarse en los veh\u00edculos de mayor rentabilidad y demanda global.\u00a0<\/span><\/p>\n<p><span style=\"font-weight: 400;\">Aunque el <a href=\"https:\/\/www.clicars.com\/coches-segunda-mano-ocasion\/mercedes\/clase-a\">Clase A<\/a> es popular en Europa, no ha causado la misma sensaci\u00f3n en mercados como el americano o el chino. Esto ha llevado a que <\/span><b>el margen de beneficio que arroja no sea alto<\/b><span style=\"font-weight: 400;\">, sobre todo si lo comparas con otros modelos m\u00e1s grandes y lujosos.<\/span><\/p>\n<p><img loading=\"lazy\" decoding=\"async\" class=\"aligncenter size-full wp-image-14421\" src=\"http:\/\/www.clicars.com\/blog\/wp-content\/uploads\/2025\/04\/mercedes-clase-a-2025.jpg\" alt=\"mercedes clase a 2025\" width=\"1800\" height=\"1200\" srcset=\"https:\/\/www.clicars.com\/blog\/wp-content\/uploads\/2025\/04\/mercedes-clase-a-2025.jpg 1800w, https:\/\/www.clicars.com\/blog\/wp-content\/uploads\/2025\/04\/mercedes-clase-a-2025-300x200.jpg 300w, https:\/\/www.clicars.com\/blog\/wp-content\/uploads\/2025\/04\/mercedes-clase-a-2025-1024x683.jpg 1024w, https:\/\/www.clicars.com\/blog\/wp-content\/uploads\/2025\/04\/mercedes-clase-a-2025-768x512.jpg 768w, https:\/\/www.clicars.com\/blog\/wp-content\/uploads\/2025\/04\/mercedes-clase-a-2025-1536x1024.jpg 1536w, https:\/\/www.clicars.com\/blog\/wp-content\/uploads\/2025\/04\/mercedes-clase-a-2025-900x600.jpg 900w\" sizes=\"auto, (max-width: 1800px) 100vw, 1800px\" \/><\/p>\n<h3><span class=\"ez-toc-section\" id=\"Fiat_Tipo\"><\/span><span style=\"font-weight: 400;\">Fiat Tipo<\/span><span class=\"ez-toc-section-end\"><\/span><\/h3>\n<p><span style=\"font-weight: 400;\">El <a href=\"https:\/\/www.clicars.com\/coches-segunda-mano-ocasion\/fiat\/tipo\">Fiat Tipo<\/a>, que debut\u00f3 en 2015 como un compacto econ\u00f3mico y vers\u00e1til, concluir\u00e1 su producci\u00f3n en 2025. Este modelo, conocido tambi\u00e9n como Egea en algunos mercados, ha sido una <\/span><b>opci\u00f3n popular en Europa por su relaci\u00f3n calidad-precio<\/b><span style=\"font-weight: 400;\"> y su dise\u00f1o funcional.<\/span><\/p>\n<p><span style=\"font-weight: 400;\">La decisi\u00f3n de Fiat responde a una <\/span><b>estrategia de renovaci\u00f3n de la gama<\/b><span style=\"font-weight: 400;\">. El Tipo ser\u00e1 reemplazado por un nuevo <\/span><a href=\"https:\/\/www.clicars.com\/blog\/comparativa\/comprar-un-suv-en-2025-los-mejores-modelos-y-tendencias\/\"><span style=\"font-weight: 400;\">SUV<\/span><\/a><span style=\"font-weight: 400;\">, que tomar\u00e1 su relevo en el mercado. Este, que se desarrollar\u00e1 sobre la plataforma CMP del Grupo Stellantis, ofrecer\u00e1 versiones electrificas y estar\u00e1 dise\u00f1ado para adaptarse a las demandas actuales de los consumidores. Se espera que el modelo se presente en 2025 y se comercialice en diversos mercados.<\/span><\/p>\n<p><img loading=\"lazy\" decoding=\"async\" class=\"aligncenter size-full wp-image-14422\" src=\"http:\/\/www.clicars.com\/blog\/wp-content\/uploads\/2025\/04\/fiat-tipo-2025.jpg\" alt=\"fiat tipo 2025\" width=\"1800\" height=\"1200\" srcset=\"https:\/\/www.clicars.com\/blog\/wp-content\/uploads\/2025\/04\/fiat-tipo-2025.jpg 1800w, https:\/\/www.clicars.com\/blog\/wp-content\/uploads\/2025\/04\/fiat-tipo-2025-300x200.jpg 300w, https:\/\/www.clicars.com\/blog\/wp-content\/uploads\/2025\/04\/fiat-tipo-2025-1024x683.jpg 1024w, https:\/\/www.clicars.com\/blog\/wp-content\/uploads\/2025\/04\/fiat-tipo-2025-768x512.jpg 768w, https:\/\/www.clicars.com\/blog\/wp-content\/uploads\/2025\/04\/fiat-tipo-2025-1536x1024.jpg 1536w, https:\/\/www.clicars.com\/blog\/wp-content\/uploads\/2025\/04\/fiat-tipo-2025-900x600.jpg 900w\" sizes=\"auto, (max-width: 1800px) 100vw, 1800px\" \/><\/p>\n<h3><span class=\"ez-toc-section\" id=\"Jeep_Renegade\"><\/span><span style=\"font-weight: 400;\">Jeep Renegade<\/span><span class=\"ez-toc-section-end\"><\/span><\/h3>\n<p><span style=\"font-weight: 400;\">Lanzado en 2014, el <\/span><a href=\"https:\/\/www.clicars.com\/coches-segunda-mano-ocasion\/jeep\/renegade\"><span style=\"font-weight: 400;\">Renegade<\/span><\/a><span style=\"font-weight: 400;\"> destac\u00f3 por su <\/span><b>dise\u00f1o distintivo y capacidades todoterreno<\/b><span style=\"font-weight: 400;\">, algo que lo consolid\u00f3 como una opci\u00f3n popular en Europa y Am\u00e9rica Latina. La decisi\u00f3n de retirarlo responde a la evoluci\u00f3n de las preferencias del mercado y a la transici\u00f3n hacia la electrificaci\u00f3n, que como ves es una fuerte tendencia entre los fabricantes.<\/span><\/p>\n<p><span style=\"font-weight: 400;\">En la planta donde se produce el modelo, en Melfi, se <\/span><b>prepara al recepci\u00f3n de los nuevos modelos el\u00e9ctricos<\/b><span style=\"font-weight: 400;\">, entre los que est\u00e1 el sucesor del Renegade. Este ser\u00e1 el\u00e9ctrico por completo y estar\u00e1 disponible para el mercado europeo.<\/span><\/p>\n<p><img loading=\"lazy\" decoding=\"async\" class=\"aligncenter size-full wp-image-14423\" src=\"http:\/\/www.clicars.com\/blog\/wp-content\/uploads\/2025\/04\/jeep-renegade-2025.jpg\" alt=\"jeep renegade 2025\" width=\"1800\" height=\"1200\" srcset=\"https:\/\/www.clicars.com\/blog\/wp-content\/uploads\/2025\/04\/jeep-renegade-2025.jpg 1800w, https:\/\/www.clicars.com\/blog\/wp-content\/uploads\/2025\/04\/jeep-renegade-2025-300x200.jpg 300w, https:\/\/www.clicars.com\/blog\/wp-content\/uploads\/2025\/04\/jeep-renegade-2025-1024x683.jpg 1024w, https:\/\/www.clicars.com\/blog\/wp-content\/uploads\/2025\/04\/jeep-renegade-2025-768x512.jpg 768w, https:\/\/www.clicars.com\/blog\/wp-content\/uploads\/2025\/04\/jeep-renegade-2025-1536x1024.jpg 1536w, https:\/\/www.clicars.com\/blog\/wp-content\/uploads\/2025\/04\/jeep-renegade-2025-900x600.jpg 900w\" sizes=\"auto, (max-width: 1800px) 100vw, 1800px\" \/><\/p>\n<h2><span class=\"ez-toc-section\" id=\"%C2%BFQuieres_comprar_los_mejores_coches_usados_reacondicionados\"><\/span><span style=\"font-weight: 400;\">\u00bfQuieres comprar los mejores coches usados reacondicionados?<\/span><span class=\"ez-toc-section-end\"><\/span><\/h2>\n<p><span style=\"font-weight: 400;\">Aunque los fabricantes los dejen de fabricar, los coches no desaparecen. Estos contin\u00faan circulando y capturando el inter\u00e9s del p\u00fablico, en especial dentro de los circuitos de segunda mano. En Clicar te ofrecemos un <\/span><b>extenso cat\u00e1logos de veh\u00edculos usados reacondicionados<\/b><span style=\"font-weight: 400;\">, que nuestros expertos comprueban con todo detalle.<\/span><\/p>\n<p><span style=\"font-weight: 400;\">Sometemos a cada veh\u00edculo a un exhaustivo an\u00e1lisis compuesto por <\/span><a href=\"https:\/\/www.clicars.com\/coches-reacondicionados\"><b>320 puntos de control<\/b><\/a><span style=\"font-weight: 400;\"> y de m\u00e1s de una hora de extensi\u00f3n. Asimismo, utilizamos una m\u00e1quina de diagn\u00f3stico y efectuamos diferentes pruebas din\u00e1micas. Gracias a ellas, podemos detectar aver\u00edas, ruidos y vibraciones que, de otro modo, se dejar\u00edan pasar. Todo para que puedas adquirir justo el coche que necesitas para una <\/span><b>renovaci\u00f3n de flota<\/b><span style=\"font-weight: 400;\">, por ejemplo.<\/span><\/p>\n<p><span style=\"font-weight: 400;\">Como has podido ver, existen diferentes <\/span><b>modelos de coches<\/b><span style=\"font-weight: 400;\"> que dejan de fabricarse en el 2025. La b\u00fasqueda de una mayor rentabilidad o la transici\u00f3n a la movilidad el\u00e9ctrica son algunas de las causas detr\u00e1s de que dejen de producirse. Sin embargo, al <\/span><b>comprar coches en Clicars<\/b><span style=\"font-weight: 400;\">, consigues un producto en las mejores condiciones y listo para usar. \u00a1No dudes en buscar el tuyo!<\/span><\/p>\n","protected":false},"excerpt":{"rendered":"<p>Que los modelos de coches vayan cambiando es algo normal. Cada cierto tiempo, las marcas&#8230;<\/p>\n","protected":false},"author":2,"featured_media":14419,"comment_status":"closed","ping_status":"closed","sticky":false,"template":"","format":"standard","meta":{"footnotes":""},"categories":[2],"tags":[],"class_list":{"0":"post-14418","1":"post","2":"type-post","3":"status-publish","4":"format-standard","5":"has-post-thumbnail","7":"category-comparativa"},"yoast_head":"<!-- This site is optimized with the Yoast SEO plugin v26.8 - https:\/\/yoast.com\/product\/yoast-seo-wordpress\/ -->\n<title>\u00bfQu\u00e9 modelos de coches van a desaparecer en 2025? - Clicars Blog<\/title>\n<meta name=\"description\" content=\"Existen varios modelos de coches que desaparecer\u00e1n en el 2025. En esta entrada descubrir\u00e1s algunos de los m\u00e1s destacados\" \/>\n<meta name=\"robots\" content=\"index, follow, max-snippet:-1, max-image-preview:large, max-video-preview:-1\" \/>\n<link rel=\"canonical\" href=\"https:\/\/www.clicars.com\/blog\/comparativa\/que-modelos-de-coches-van-a-desaparecer-en-2025\/\" \/>\n<meta property=\"og:locale\" content=\"es_ES\" \/>\n<meta property=\"og:type\" content=\"article\" \/>\n<meta property=\"og:title\" content=\"\u00bfQu\u00e9 modelos de coches van a desaparecer en 2025? - Clicars Blog\" \/>\n<meta property=\"og:description\" content=\"Existen varios modelos de coches que desaparecer\u00e1n en el 2025. En esta entrada descubrir\u00e1s algunos de los m\u00e1s destacados\" \/>\n<meta property=\"og:url\" content=\"https:\/\/www.clicars.com\/blog\/comparativa\/que-modelos-de-coches-van-a-desaparecer-en-2025\/\" \/>\n<meta property=\"og:site_name\" content=\"Clicars\" \/>\n<meta property=\"article:published_time\" content=\"2025-05-02T07:13:53+00:00\" \/>\n<meta property=\"og:image\" content=\"https:\/\/www.clicars.com\/blog\/wp-content\/uploads\/2025\/04\/modelos-de-coche-que-van-a-desparecer-en-2025.jpg\" \/>\n\t<meta property=\"og:image:width\" content=\"1200\" \/>\n\t<meta property=\"og:image:height\" content=\"900\" \/>\n\t<meta property=\"og:image:type\" content=\"image\/jpeg\" \/>\n<meta name=\"author\" content=\"Clicars\" \/>\n<meta name=\"twitter:card\" content=\"summary_large_image\" \/>\n<meta name=\"twitter:label1\" content=\"Escrito por\" \/>\n\t<meta name=\"twitter:data1\" content=\"Clicars\" \/>\n\t<meta name=\"twitter:label2\" content=\"Tiempo de lectura\" \/>\n\t<meta name=\"twitter:data2\" content=\"8 minutos\" \/>\n<script type=\"application\/ld+json\" class=\"yoast-schema-graph\">{\"@context\":\"https:\/\/schema.org\",\"@graph\":[{\"@type\":\"Article\",\"@id\":\"https:\/\/www.clicars.com\/blog\/comparativa\/que-modelos-de-coches-van-a-desaparecer-en-2025\/#article\",\"isPartOf\":{\"@id\":\"https:\/\/www.clicars.com\/blog\/comparativa\/que-modelos-de-coches-van-a-desaparecer-en-2025\/\"},\"author\":{\"name\":\"Clicars\",\"@id\":\"https:\/\/www.clicars.com\/blog\/#\/schema\/person\/af686c41ba96962c68871392bf2bb62d\"},\"headline\":\"\u00bfQu\u00e9 modelos de coches van a desaparecer en 2025?\",\"datePublished\":\"2025-05-02T07:13:53+00:00\",\"mainEntityOfPage\":{\"@id\":\"https:\/\/www.clicars.com\/blog\/comparativa\/que-modelos-de-coches-van-a-desaparecer-en-2025\/\"},\"wordCount\":1646,\"image\":{\"@id\":\"https:\/\/www.clicars.com\/blog\/comparativa\/que-modelos-de-coches-van-a-desaparecer-en-2025\/#primaryimage\"},\"thumbnailUrl\":\"https:\/\/www.clicars.com\/blog\/wp-content\/uploads\/2025\/04\/modelos-de-coche-que-van-a-desparecer-en-2025.jpg\",\"articleSection\":[\"Comparativa\"],\"inLanguage\":\"es\"},{\"@type\":[\"WebPage\",\"ItemPage\"],\"@id\":\"https:\/\/www.clicars.com\/blog\/comparativa\/que-modelos-de-coches-van-a-desaparecer-en-2025\/\",\"url\":\"https:\/\/www.clicars.com\/blog\/comparativa\/que-modelos-de-coches-van-a-desaparecer-en-2025\/\",\"name\":\"\u00bfQu\u00e9 modelos de coches van a desaparecer en 2025? - Clicars Blog\",\"isPartOf\":{\"@id\":\"https:\/\/www.clicars.com\/blog\/#website\"},\"primaryImageOfPage\":{\"@id\":\"https:\/\/www.clicars.com\/blog\/comparativa\/que-modelos-de-coches-van-a-desaparecer-en-2025\/#primaryimage\"},\"image\":{\"@id\":\"https:\/\/www.clicars.com\/blog\/comparativa\/que-modelos-de-coches-van-a-desaparecer-en-2025\/#primaryimage\"},\"thumbnailUrl\":\"https:\/\/www.clicars.com\/blog\/wp-content\/uploads\/2025\/04\/modelos-de-coche-que-van-a-desparecer-en-2025.jpg\",\"datePublished\":\"2025-05-02T07:13:53+00:00\",\"author\":{\"@id\":\"https:\/\/www.clicars.com\/blog\/#\/schema\/person\/af686c41ba96962c68871392bf2bb62d\"},\"description\":\"Existen varios modelos de coches que desaparecer\u00e1n en el 2025. En esta entrada descubrir\u00e1s algunos de los m\u00e1s destacados\",\"breadcrumb\":{\"@id\":\"https:\/\/www.clicars.com\/blog\/comparativa\/que-modelos-de-coches-van-a-desaparecer-en-2025\/#breadcrumb\"},\"inLanguage\":\"es\",\"potentialAction\":[{\"@type\":\"ReadAction\",\"target\":[\"https:\/\/www.clicars.com\/blog\/comparativa\/que-modelos-de-coches-van-a-desaparecer-en-2025\/\"]}]},{\"@type\":\"ImageObject\",\"inLanguage\":\"es\",\"@id\":\"https:\/\/www.clicars.com\/blog\/comparativa\/que-modelos-de-coches-van-a-desaparecer-en-2025\/#primaryimage\",\"url\":\"https:\/\/www.clicars.com\/blog\/wp-content\/uploads\/2025\/04\/modelos-de-coche-que-van-a-desparecer-en-2025.jpg\",\"contentUrl\":\"https:\/\/www.clicars.com\/blog\/wp-content\/uploads\/2025\/04\/modelos-de-coche-que-van-a-desparecer-en-2025.jpg\",\"width\":1200,\"height\":900,\"caption\":\"modelos de coche que van a desparecer en 2025\"},{\"@type\":\"BreadcrumbList\",\"@id\":\"https:\/\/www.clicars.com\/blog\/comparativa\/que-modelos-de-coches-van-a-desaparecer-en-2025\/#breadcrumb\",\"itemListElement\":[{\"@type\":\"ListItem\",\"position\":1,\"name\":\"Portada\",\"item\":\"https:\/\/www.clicars.com\/blog\/\"},{\"@type\":\"ListItem\",\"position\":2,\"name\":\"\u00bfQu\u00e9 modelos de coches van a desaparecer en 2025?\"}]},{\"@type\":\"WebSite\",\"@id\":\"https:\/\/www.clicars.com\/blog\/#website\",\"url\":\"https:\/\/www.clicars.com\/blog\/\",\"name\":\"Clicars\",\"description\":\"Compra tu coche de Buena Mano sin moverte de casa\",\"inLanguage\":\"es\"},{\"@type\":\"Person\",\"@id\":\"https:\/\/www.clicars.com\/blog\/#\/schema\/person\/af686c41ba96962c68871392bf2bb62d\",\"name\":\"Clicars\",\"image\":{\"@type\":\"ImageObject\",\"inLanguage\":\"es\",\"@id\":\"https:\/\/www.clicars.com\/blog\/#\/schema\/person\/image\/\",\"url\":\"https:\/\/secure.gravatar.com\/avatar\/3100622b0023049db14165cdba9dadaa9159743b871e83e440a0df9a70f80e56?s=96&d=mm&r=g\",\"contentUrl\":\"https:\/\/secure.gravatar.com\/avatar\/3100622b0023049db14165cdba9dadaa9159743b871e83e440a0df9a70f80e56?s=96&d=mm&r=g\",\"caption\":\"Clicars\"},\"sameAs\":[\"https:\/\/www.clicars.com\"],\"url\":\"https:\/\/www.clicars.com\/blog\/author\/clicars\/\"}]}<\/script>\n<!-- \/ Yoast SEO plugin. -->","yoast_head_json":{"title":"\u00bfQu\u00e9 modelos de coches van a desaparecer en 2025? - Clicars Blog","description":"Existen varios modelos de coches que desaparecer\u00e1n en el 2025. En esta entrada descubrir\u00e1s algunos de los m\u00e1s destacados","robots":{"index":"index","follow":"follow","max-snippet":"max-snippet:-1","max-image-preview":"max-image-preview:large","max-video-preview":"max-video-preview:-1"},"canonical":"https:\/\/www.clicars.com\/blog\/comparativa\/que-modelos-de-coches-van-a-desaparecer-en-2025\/","og_locale":"es_ES","og_type":"article","og_title":"\u00bfQu\u00e9 modelos de coches van a desaparecer en 2025? - Clicars Blog","og_description":"Existen varios modelos de coches que desaparecer\u00e1n en el 2025. En esta entrada descubrir\u00e1s algunos de los m\u00e1s destacados","og_url":"https:\/\/www.clicars.com\/blog\/comparativa\/que-modelos-de-coches-van-a-desaparecer-en-2025\/","og_site_name":"Clicars","article_published_time":"2025-05-02T07:13:53+00:00","og_image":[{"width":1200,"height":900,"url":"https:\/\/www.clicars.com\/blog\/wp-content\/uploads\/2025\/04\/modelos-de-coche-que-van-a-desparecer-en-2025.jpg","type":"image\/jpeg"}],"author":"Clicars","twitter_card":"summary_large_image","twitter_misc":{"Escrito por":"Clicars","Tiempo de lectura":"8 minutos"},"schema":{"@context":"https:\/\/schema.org","@graph":[{"@type":"Article","@id":"https:\/\/www.clicars.com\/blog\/comparativa\/que-modelos-de-coches-van-a-desaparecer-en-2025\/#article","isPartOf":{"@id":"https:\/\/www.clicars.com\/blog\/comparativa\/que-modelos-de-coches-van-a-desaparecer-en-2025\/"},"author":{"name":"Clicars","@id":"https:\/\/www.clicars.com\/blog\/#\/schema\/person\/af686c41ba96962c68871392bf2bb62d"},"headline":"\u00bfQu\u00e9 modelos de coches van a desaparecer en 2025?","datePublished":"2025-05-02T07:13:53+00:00","mainEntityOfPage":{"@id":"https:\/\/www.clicars.com\/blog\/comparativa\/que-modelos-de-coches-van-a-desaparecer-en-2025\/"},"wordCount":1646,"image":{"@id":"https:\/\/www.clicars.com\/blog\/comparativa\/que-modelos-de-coches-van-a-desaparecer-en-2025\/#primaryimage"},"thumbnailUrl":"https:\/\/www.clicars.com\/blog\/wp-content\/uploads\/2025\/04\/modelos-de-coche-que-van-a-desparecer-en-2025.jpg","articleSection":["Comparativa"],"inLanguage":"es"},{"@type":["WebPage","ItemPage"],"@id":"https:\/\/www.clicars.com\/blog\/comparativa\/que-modelos-de-coches-van-a-desaparecer-en-2025\/","url":"https:\/\/www.clicars.com\/blog\/comparativa\/que-modelos-de-coches-van-a-desaparecer-en-2025\/","name":"\u00bfQu\u00e9 modelos de coches van a desaparecer en 2025? - Clicars Blog","isPartOf":{"@id":"https:\/\/www.clicars.com\/blog\/#website"},"primaryImageOfPage":{"@id":"https:\/\/www.clicars.com\/blog\/comparativa\/que-modelos-de-coches-van-a-desaparecer-en-2025\/#primaryimage"},"image":{"@id":"https:\/\/www.clicars.com\/blog\/comparativa\/que-modelos-de-coches-van-a-desaparecer-en-2025\/#primaryimage"},"thumbnailUrl":"https:\/\/www.clicars.com\/blog\/wp-content\/uploads\/2025\/04\/modelos-de-coche-que-van-a-desparecer-en-2025.jpg","datePublished":"2025-05-02T07:13:53+00:00","author":{"@id":"https:\/\/www.clicars.com\/blog\/#\/schema\/person\/af686c41ba96962c68871392bf2bb62d"},"description":"Existen varios modelos de coches que desaparecer\u00e1n en el 2025. En esta entrada descubrir\u00e1s algunos de los m\u00e1s destacados","breadcrumb":{"@id":"https:\/\/www.clicars.com\/blog\/comparativa\/que-modelos-de-coches-van-a-desaparecer-en-2025\/#breadcrumb"},"inLanguage":"es","potentialAction":[{"@type":"ReadAction","target":["https:\/\/www.clicars.com\/blog\/comparativa\/que-modelos-de-coches-van-a-desaparecer-en-2025\/"]}]},{"@type":"ImageObject","inLanguage":"es","@id":"https:\/\/www.clicars.com\/blog\/comparativa\/que-modelos-de-coches-van-a-desaparecer-en-2025\/#primaryimage","url":"https:\/\/www.clicars.com\/blog\/wp-content\/uploads\/2025\/04\/modelos-de-coche-que-van-a-desparecer-en-2025.jpg","contentUrl":"https:\/\/www.clicars.com\/blog\/wp-content\/uploads\/2025\/04\/modelos-de-coche-que-van-a-desparecer-en-2025.jpg","width":1200,"height":900,"caption":"modelos de coche que van a desparecer en 2025"},{"@type":"BreadcrumbList","@id":"https:\/\/www.clicars.com\/blog\/comparativa\/que-modelos-de-coches-van-a-desaparecer-en-2025\/#breadcrumb","itemListElement":[{"@type":"ListItem","position":1,"name":"Portada","item":"https:\/\/www.clicars.com\/blog\/"},{"@type":"ListItem","position":2,"name":"\u00bfQu\u00e9 modelos de coches van a desaparecer en 2025?"}]},{"@type":"WebSite","@id":"https:\/\/www.clicars.com\/blog\/#website","url":"https:\/\/www.clicars.com\/blog\/","name":"Clicars","description":"Compra tu coche de Buena Mano sin moverte de casa","inLanguage":"es"},{"@type":"Person","@id":"https:\/\/www.clicars.com\/blog\/#\/schema\/person\/af686c41ba96962c68871392bf2bb62d","name":"Clicars","image":{"@type":"ImageObject","inLanguage":"es","@id":"https:\/\/www.clicars.com\/blog\/#\/schema\/person\/image\/","url":"https:\/\/secure.gravatar.com\/avatar\/3100622b0023049db14165cdba9dadaa9159743b871e83e440a0df9a70f80e56?s=96&d=mm&r=g","contentUrl":"https:\/\/secure.gravatar.com\/avatar\/3100622b0023049db14165cdba9dadaa9159743b871e83e440a0df9a70f80e56?s=96&d=mm&r=g","caption":"Clicars"},"sameAs":["https:\/\/www.clicars.com"],"url":"https:\/\/www.clicars.com\/blog\/author\/clicars\/"}]}},"_links":{"self":[{"href":"https:\/\/www.clicars.com\/blog\/wp-json\/wp\/v2\/posts\/14418","targetHints":{"allow":["GET"]}}],"collection":[{"href":"https:\/\/www.clicars.com\/blog\/wp-json\/wp\/v2\/posts"}],"about":[{"href":"https:\/\/www.clicars.com\/blog\/wp-json\/wp\/v2\/types\/post"}],"author":[{"embeddable":true,"href":"https:\/\/www.clicars.com\/blog\/wp-json\/wp\/v2\/users\/2"}],"replies":[{"embeddable":true,"href":"https:\/\/www.clicars.com\/blog\/wp-json\/wp\/v2\/comments?post=14418"}],"version-history":[{"count":1,"href":"https:\/\/www.clicars.com\/blog\/wp-json\/wp\/v2\/posts\/14418\/revisions"}],"predecessor-version":[{"id":14424,"href":"https:\/\/www.clicars.com\/blog\/wp-json\/wp\/v2\/posts\/14418\/revisions\/14424"}],"wp:featuredmedia":[{"embeddable":true,"href":"https:\/\/www.clicars.com\/blog\/wp-json\/wp\/v2\/media\/14419"}],"wp:attachment":[{"href":"https:\/\/www.clicars.com\/blog\/wp-json\/wp\/v2\/media?parent=14418"}],"wp:term":[{"taxonomy":"category","embeddable":true,"href":"https:\/\/www.clicars.com\/blog\/wp-json\/wp\/v2\/categories?post=14418"},{"taxonomy":"post_tag","embeddable":true,"href":"https:\/\/www.clicars.com\/blog\/wp-json\/wp\/v2\/tags?post=14418"}],"curies":[{"name":"wp","href":"https:\/\/api.w.org\/{rel}","templated":true}]}}