{"id":14751,"date":"2025-07-04T14:23:54","date_gmt":"2025-07-04T12:23:54","guid":{"rendered":"https:\/\/www.clicars.com\/blog\/?p=14751"},"modified":"2025-07-04T14:23:54","modified_gmt":"2025-07-04T12:23:54","slug":"rebajas-de-coches-en-julio-de-2025","status":"publish","type":"post","link":"https:\/\/www.clicars.com\/blog\/actualidad\/rebajas-de-coches-en-julio-de-2025\/","title":{"rendered":"Rebajas de coches en julio de 2025: modelos con descuentos irresistibles\u00a0"},"content":{"rendered":"<div id=\"ez-toc-container\" class=\"ez-toc-v2_0_80 counter-hierarchy ez-toc-counter ez-toc-light-blue ez-toc-container-direction\">\n<p class=\"ez-toc-title\" style=\"cursor:inherit\">\u00cdndice de contenidos<\/p>\n<label for=\"ez-toc-cssicon-toggle-item-69f3823a2fbce\" class=\"ez-toc-cssicon-toggle-label\"><span class=\"ez-toc-cssicon\"><span class=\"eztoc-hide\" style=\"display:none;\">Toggle<\/span><span class=\"ez-toc-icon-toggle-span\"><svg style=\"fill: #999;color:#999\" xmlns=\"http:\/\/www.w3.org\/2000\/svg\" class=\"list-377408\" width=\"20px\" height=\"20px\" viewBox=\"0 0 24 24\" fill=\"none\"><path d=\"M6 6H4v2h2V6zm14 0H8v2h12V6zM4 11h2v2H4v-2zm16 0H8v2h12v-2zM4 16h2v2H4v-2zm16 0H8v2h12v-2z\" fill=\"currentColor\"><\/path><\/svg><svg style=\"fill: #999;color:#999\" class=\"arrow-unsorted-368013\" xmlns=\"http:\/\/www.w3.org\/2000\/svg\" width=\"10px\" height=\"10px\" viewBox=\"0 0 24 24\" version=\"1.2\" baseProfile=\"tiny\"><path d=\"M18.2 9.3l-6.2-6.3-6.2 6.3c-.2.2-.3.4-.3.7s.1.5.3.7c.2.2.4.3.7.3h11c.3 0 .5-.1.7-.3.2-.2.3-.5.3-.7s-.1-.5-.3-.7zM5.8 14.7l6.2 6.3 6.2-6.3c.2-.2.3-.5.3-.7s-.1-.5-.3-.7c-.2-.2-.4-.3-.7-.3h-11c-.3 0-.5.1-.7.3-.2.2-.3.5-.3.7s.1.5.3.7z\"\/><\/svg><\/span><\/span><\/label><input type=\"checkbox\"  id=\"ez-toc-cssicon-toggle-item-69f3823a2fbce\"  aria-label=\"Alternar\" \/><nav><ul class='ez-toc-list ez-toc-list-level-1 ' ><li class='ez-toc-page-1 ez-toc-heading-level-2'><a class=\"ez-toc-link ez-toc-heading-1\" href=\"https:\/\/www.clicars.com\/blog\/actualidad\/rebajas-de-coches-en-julio-de-2025\/#%C2%BFPor_que_julio_es_el_mejor_mes_para_comprar_coche\" >\u00bfPor qu\u00e9 julio es el mejor mes para comprar coche?<\/a><\/li><li class='ez-toc-page-1 ez-toc-heading-level-2'><a class=\"ez-toc-link ez-toc-heading-2\" href=\"https:\/\/www.clicars.com\/blog\/actualidad\/rebajas-de-coches-en-julio-de-2025\/#Modelos_destacados_en_oferta_este_julio_2025\" >Modelos destacados en oferta este julio 2025<\/a><ul class='ez-toc-list-level-3' ><li class='ez-toc-heading-level-3'><a class=\"ez-toc-link ez-toc-heading-3\" href=\"https:\/\/www.clicars.com\/blog\/actualidad\/rebajas-de-coches-en-julio-de-2025\/#2008_12_PureTech_S_S_Allure_100\" >2008 1.2 PureTech S&amp;S Allure 100<\/a><\/li><li class='ez-toc-page-1 ez-toc-heading-level-3'><a class=\"ez-toc-link ez-toc-heading-4\" href=\"https:\/\/www.clicars.com\/blog\/actualidad\/rebajas-de-coches-en-julio-de-2025\/#C3_Aircross_PureTech_S_S_Plus_110\" >C3 Aircross PureTech S&amp;S Plus 110<\/a><\/li><li class='ez-toc-page-1 ez-toc-heading-level-3'><a class=\"ez-toc-link ez-toc-heading-5\" href=\"https:\/\/www.clicars.com\/blog\/actualidad\/rebajas-de-coches-en-julio-de-2025\/#Arkana_16_E-Tech_Esprit_Alpine_103_kW\" >Arkana 1.6 E-Tech Esprit Alpine 103 kW<\/a><\/li><li class='ez-toc-page-1 ez-toc-heading-level-3'><a class=\"ez-toc-link ez-toc-heading-6\" href=\"https:\/\/www.clicars.com\/blog\/actualidad\/rebajas-de-coches-en-julio-de-2025\/#Arkana_16_E-Tech_Techno_105_kW\" >Arkana 1.6 E-Tech Techno 105 kW<\/a><\/li><li class='ez-toc-page-1 ez-toc-heading-level-3'><a class=\"ez-toc-link ez-toc-heading-7\" href=\"https:\/\/www.clicars.com\/blog\/actualidad\/rebajas-de-coches-en-julio-de-2025\/#Austral_12_E-Tech_Hibrido_Techno_146_kW\" >Austral 1.2 E-Tech H\u00edbrido Techno 146 kW<\/a><\/li><li class='ez-toc-page-1 ez-toc-heading-level-3'><a class=\"ez-toc-link ez-toc-heading-8\" href=\"https:\/\/www.clicars.com\/blog\/actualidad\/rebajas-de-coches-en-julio-de-2025\/#Rav4_25_hibrido_4WD_Business\" >Rav4 2.5 h\u00edbrido 4WD Business<\/a><\/li><li class='ez-toc-page-1 ez-toc-heading-level-3'><a class=\"ez-toc-link ez-toc-heading-9\" href=\"https:\/\/www.clicars.com\/blog\/actualidad\/rebajas-de-coches-en-julio-de-2025\/#MG_eHS_15_T-GDI_de_lujo\" >MG eHS 1.5 T-GDI de lujo<\/a><\/li><li class='ez-toc-page-1 ez-toc-heading-level-3'><a class=\"ez-toc-link ez-toc-heading-10\" href=\"https:\/\/www.clicars.com\/blog\/actualidad\/rebajas-de-coches-en-julio-de-2025\/#3008_Hibrido_136_Allure_Pack_eDCS6\" >3008 H\u00edbrido 136 Allure Pack eDCS6<\/a><\/li><li class='ez-toc-page-1 ez-toc-heading-level-3'><a class=\"ez-toc-link ez-toc-heading-11\" href=\"https:\/\/www.clicars.com\/blog\/actualidad\/rebajas-de-coches-en-julio-de-2025\/#Austral_13_TCe_Mild_Hybrid_Techno_CVT_116_kW\" >Austral 1.3 TCe Mild Hybrid Techno CVT 116 kW<\/a><\/li><\/ul><\/li><li class='ez-toc-page-1 ez-toc-heading-level-2'><a class=\"ez-toc-link ez-toc-heading-12\" href=\"https:\/\/www.clicars.com\/blog\/actualidad\/rebajas-de-coches-en-julio-de-2025\/#Consejos_para_aprovechar_las_rebajas\" >Consejos para aprovechar las rebajas<\/a><ul class='ez-toc-list-level-3' ><li class='ez-toc-heading-level-3'><a class=\"ez-toc-link ez-toc-heading-13\" href=\"https:\/\/www.clicars.com\/blog\/actualidad\/rebajas-de-coches-en-julio-de-2025\/#Compara_precio_nuevo_vs_reacondicionado\" >Compara precio nuevo vs. reacondicionado<\/a><\/li><li class='ez-toc-page-1 ez-toc-heading-level-3'><a class=\"ez-toc-link ez-toc-heading-14\" href=\"https:\/\/www.clicars.com\/blog\/actualidad\/rebajas-de-coches-en-julio-de-2025\/#Comprueba_disponibilidad_y_fechas_de_entrega\" >Comprueba disponibilidad y fechas de entrega<\/a><\/li><li class='ez-toc-page-1 ez-toc-heading-level-3'><a class=\"ez-toc-link ez-toc-heading-15\" href=\"https:\/\/www.clicars.com\/blog\/actualidad\/rebajas-de-coches-en-julio-de-2025\/#Lee_bien_la_letra_pequena\" >Lee bien la letra peque\u00f1a<\/a><\/li><\/ul><\/li><li class='ez-toc-page-1 ez-toc-heading-level-2'><a class=\"ez-toc-link ez-toc-heading-16\" href=\"https:\/\/www.clicars.com\/blog\/actualidad\/rebajas-de-coches-en-julio-de-2025\/#Por_que_comprar_en_Clicars_en_estas_rebajas\" >Por qu\u00e9 comprar en Clicars en estas rebajas<\/a><\/li><\/ul><\/nav><\/div>\n\n<p><span style=\"font-weight: 400;\">\u00bfQuieres estrenar coche este verano con un descuentazo que te deje con la boca abierta? Las <\/span><b>rebajas de coches en julio 2025<\/b><span style=\"font-weight: 400;\"> de nuestra empresa, <\/span><a href=\"https:\/\/www.clicars.com\/\"><span style=\"font-weight: 400;\">Clicars<\/span><\/a><span style=\"font-weight: 400;\">, ya est\u00e1n aqu\u00ed, y este a\u00f1o vienen cargadas de oportunidades \u00fanicas para hacerte con un coche que lo tenga todo, desde tecnolog\u00eda hasta seguridad y bajo consumo, y con un precio que no volver\u00e1s a ver en bastantes meses. En este art\u00edculo te vamos a contar por qu\u00e9 julio es un mes tan especial para comprar coche, qu\u00e9 <\/span><b>ofertas de coches h\u00edbridos<\/b><span style=\"font-weight: 400;\"> y SUV puedes aprovechar, y por qu\u00e9 hay ciertos modelos que destacan frente a otros. Adem\u00e1s, te explicaremos c\u00f3mo beneficiarte de los <\/span><a href=\"https:\/\/www.clicars.com\/coches-segunda-mano-ocasion?campaigns%5B%5D=553\"><span style=\"font-weight: 400;\">descuentos de hasta 10 000\u202f\u20ac<\/span><\/a><span style=\"font-weight: 400;\"> que ponemos a tu disposici\u00f3n.\u00a0<\/span><\/p>\n<h2><span class=\"ez-toc-section\" id=\"%C2%BFPor_que_julio_es_el_mejor_mes_para_comprar_coche\"><\/span><span style=\"font-weight: 400;\">\u00bfPor qu\u00e9 julio es el mejor mes para comprar coche?<\/span><span class=\"ez-toc-section-end\"><\/span><\/h2>\n<p><span style=\"font-weight: 400;\">Cuando llega el verano, muchos concesionarios y portales de venta de coches se llenan de descuentos que parecen irreales\u2026 pero no lo son. Julio marca el inicio de las <\/span><b>rebajas de coches en julio de 2025<\/b><span style=\"font-weight: 400;\"> y coincide con el <\/span><b>cierre de semestre para muchas marcas<\/b><span style=\"font-weight: 400;\">, que quieren alcanzar objetivos de ventas. Este contexto hace que los <\/span><b>precios bajen<\/b><span style=\"font-weight: 400;\">, que aparezcan promociones especiales y que los compradores puedan acceder a condiciones \u00fanicas que no ver\u00e1n el resto del a\u00f1o.<\/span><\/p>\n<p><span style=\"font-weight: 400;\">Adem\u00e1s, hay un factor que muchos pasan por alto: el calor y las vacaciones hacen que mucha gente retrase la compra de coche, y los concesionarios lo saben. Por eso, para incentivar las ventas, se lanzan<\/span><b> ofertas exclusivas<\/b><span style=\"font-weight: 400;\"> que premian a los que s\u00ed deciden aprovechar el momento. Esto se traduce en un mercado lleno de oportunidades para quienes buscan <\/span><b>comprar coche SUV barato<\/b><span style=\"font-weight: 400;\"> o hacerse con un h\u00edbrido seminuevo a precio de chollo.<\/span><\/p>\n<p><span style=\"font-weight: 400;\">\u00a1Y ojo! En julio, las matriculaciones de coches suelen dispararse porque muchos conductores quieren estrenar veh\u00edculo antes de irse de vacaciones. Esto hace que muchos concesionarios y portales de venta de coches nos veamos obligados a lanzar <\/span><b>mejores descuentos y condiciones especiales para destacar entre la competencia<\/b><span style=\"font-weight: 400;\">. Esto tambi\u00e9n se convierte en una ventaja para ti al poder conseguir <\/span><b>precios m\u00e1s bajos, extras incluidos o financiaciones m\u00e1s ventajosas<\/b><span style=\"font-weight: 400;\">. Como puedes comprobar, si esperabas el momento perfecto para cambiar de coche, \u00a1<\/span><b>julio es tu oportunidad de oro!<\/b><\/p>\n<h2><span class=\"ez-toc-section\" id=\"Modelos_destacados_en_oferta_este_julio_2025\"><\/span><span style=\"font-weight: 400;\">Modelos destacados en oferta este julio 2025<\/span><span class=\"ez-toc-section-end\"><\/span><\/h2>\n<p><span style=\"font-weight: 400;\">\u00bfEst\u00e1s listo para encontrar el coche de tus sue\u00f1os con una rebaja que te deje con ganas de arrancar el motor ya mismo? Aqu\u00ed te presentamos algunos de los modelos m\u00e1s interesantes que puedes conseguir en las <\/span><b>rebajas de coches en julio de 2025<\/b><span style=\"font-weight: 400;\">, con descuentos realmente interesantes.<\/span><\/p>\n<h3><span class=\"ez-toc-section\" id=\"2008_12_PureTech_S_S_Allure_100\"><\/span><a href=\"https:\/\/www.clicars.com\/coches-segunda-mano-ocasion\/peugeot\/2008\/gasolina?powerMax=100\"><span style=\"font-weight: 400;\">2008 1.2 PureTech S&amp;S Allure 100<\/span><\/a><span class=\"ez-toc-section-end\"><\/span><\/h3>\n<p><span style=\"font-weight: 400;\">El Peugeot 2008 es un SUV compacto que enamora por su dise\u00f1o moderno, lleno de \u00e1ngulos y detalles cromados que le dan un toque deportivo y elegante. Presenta un motor 1.2 PureTech de 100 CV, y ofrece un <\/span><b>consumo medio de apenas 5,4 l\/100 km<\/b><span style=\"font-weight: 400;\">, haciendo que sea perfecto para el d\u00eda a d\u00eda. Adem\u00e1s, incluye pantalla t\u00e1ctil de 10\u201d, control de crucero adaptativo y sensores de aparcamiento.\u00a0<\/span><\/p>\n<h3><span class=\"ez-toc-section\" id=\"C3_Aircross_PureTech_S_S_Plus_110\"><\/span><span style=\"font-weight: 400;\"><img loading=\"lazy\" decoding=\"async\" class=\"aligncenter size-full wp-image-14752\" src=\"http:\/\/www.clicars.com\/blog\/wp-content\/uploads\/2025\/07\/peugeot-allure-2008.jpg\" alt=\"peugeot allure 2008\" width=\"1800\" height=\"1200\" srcset=\"https:\/\/www.clicars.com\/blog\/wp-content\/uploads\/2025\/07\/peugeot-allure-2008.jpg 1800w, https:\/\/www.clicars.com\/blog\/wp-content\/uploads\/2025\/07\/peugeot-allure-2008-300x200.jpg 300w, https:\/\/www.clicars.com\/blog\/wp-content\/uploads\/2025\/07\/peugeot-allure-2008-1024x683.jpg 1024w, https:\/\/www.clicars.com\/blog\/wp-content\/uploads\/2025\/07\/peugeot-allure-2008-768x512.jpg 768w, https:\/\/www.clicars.com\/blog\/wp-content\/uploads\/2025\/07\/peugeot-allure-2008-1536x1024.jpg 1536w, https:\/\/www.clicars.com\/blog\/wp-content\/uploads\/2025\/07\/peugeot-allure-2008-900x600.jpg 900w\" sizes=\"auto, (max-width: 1800px) 100vw, 1800px\" \/><a href=\"https:\/\/www.clicars.com\/coches-segunda-mano-ocasion\/citroen\/c3-aircross\">C3 Aircross PureTech S&amp;S Plus 110<\/a><\/span><span class=\"ez-toc-section-end\"><\/span><\/h3>\n<p><span style=\"font-weight: 400;\">Si buscas un SUV urbano con espacio de sobra, este Citro\u00ebn C3 Aircross te va a encantar. Tiene asientos modulables, un maletero de hasta 520 litros y un motor PureTech de 110 CV \u00e1gil en ciudad y solvente en carretera. Su altura al suelo facilita la conducci\u00f3n en zonas rurales o con baches, y su dise\u00f1o juvenil te har\u00e1 destacar all\u00ed donde vayas con \u00e9l.\u00a0<\/span><\/p>\n<h3><span class=\"ez-toc-section\" id=\"Arkana_16_E-Tech_Esprit_Alpine_103_kW\"><\/span><span style=\"font-weight: 400;\"><img loading=\"lazy\" decoding=\"async\" class=\"aligncenter size-full wp-image-14753\" src=\"http:\/\/www.clicars.com\/blog\/wp-content\/uploads\/2025\/07\/c3-aircross-plus.jpg\" alt=\"c3 aircross plus\" width=\"1800\" height=\"1200\" srcset=\"https:\/\/www.clicars.com\/blog\/wp-content\/uploads\/2025\/07\/c3-aircross-plus.jpg 1800w, https:\/\/www.clicars.com\/blog\/wp-content\/uploads\/2025\/07\/c3-aircross-plus-300x200.jpg 300w, https:\/\/www.clicars.com\/blog\/wp-content\/uploads\/2025\/07\/c3-aircross-plus-1024x683.jpg 1024w, https:\/\/www.clicars.com\/blog\/wp-content\/uploads\/2025\/07\/c3-aircross-plus-768x512.jpg 768w, https:\/\/www.clicars.com\/blog\/wp-content\/uploads\/2025\/07\/c3-aircross-plus-1536x1024.jpg 1536w, https:\/\/www.clicars.com\/blog\/wp-content\/uploads\/2025\/07\/c3-aircross-plus-900x600.jpg 900w\" sizes=\"auto, (max-width: 1800px) 100vw, 1800px\" \/><a href=\"https:\/\/www.clicars.com\/coches-segunda-mano-ocasion\/renault\/arkana\">Arkana 1.6 E-Tech Esprit Alpine 103 kW<\/a><\/span><span class=\"ez-toc-section-end\"><\/span><\/h3>\n<p><span style=\"font-weight: 400;\">Este Renault Arkana destaca por su espectacular dise\u00f1o coup\u00e9-SUV, un concepto que hasta hace poco solo se ve\u00eda en marcas <\/span><i><span style=\"font-weight: 400;\">premium<\/span><\/i><span style=\"font-weight: 400;\">. Su mec\u00e1nica h\u00edbrida permite un consumo medio de 4,8 l\/100 km y su interior, con detalles \u201cEsprit Alpine\u201d, ofrece asientos deportivos, instrumentaci\u00f3n digital muy intuitiva y pr\u00e1ctica y una experiencia de conducci\u00f3n emocionante.\u00a0<\/span><\/p>\n<h3><span class=\"ez-toc-section\" id=\"Arkana_16_E-Tech_Techno_105_kW\"><\/span><span style=\"font-weight: 400;\"><img loading=\"lazy\" decoding=\"async\" class=\"aligncenter size-full wp-image-14756\" src=\"http:\/\/www.clicars.com\/blog\/wp-content\/uploads\/2025\/07\/70840c81ddc6ce5f6f67e42e606ed811-25443699-ebdd99a62f0c0c32166891228d5f83f7222588b8-vehicle-gallery-large.jpg\" alt=\"arkana\" width=\"1800\" height=\"1200\" srcset=\"https:\/\/www.clicars.com\/blog\/wp-content\/uploads\/2025\/07\/70840c81ddc6ce5f6f67e42e606ed811-25443699-ebdd99a62f0c0c32166891228d5f83f7222588b8-vehicle-gallery-large.jpg 1800w, https:\/\/www.clicars.com\/blog\/wp-content\/uploads\/2025\/07\/70840c81ddc6ce5f6f67e42e606ed811-25443699-ebdd99a62f0c0c32166891228d5f83f7222588b8-vehicle-gallery-large-300x200.jpg 300w, https:\/\/www.clicars.com\/blog\/wp-content\/uploads\/2025\/07\/70840c81ddc6ce5f6f67e42e606ed811-25443699-ebdd99a62f0c0c32166891228d5f83f7222588b8-vehicle-gallery-large-1024x683.jpg 1024w, https:\/\/www.clicars.com\/blog\/wp-content\/uploads\/2025\/07\/70840c81ddc6ce5f6f67e42e606ed811-25443699-ebdd99a62f0c0c32166891228d5f83f7222588b8-vehicle-gallery-large-768x512.jpg 768w, https:\/\/www.clicars.com\/blog\/wp-content\/uploads\/2025\/07\/70840c81ddc6ce5f6f67e42e606ed811-25443699-ebdd99a62f0c0c32166891228d5f83f7222588b8-vehicle-gallery-large-1536x1024.jpg 1536w, https:\/\/www.clicars.com\/blog\/wp-content\/uploads\/2025\/07\/70840c81ddc6ce5f6f67e42e606ed811-25443699-ebdd99a62f0c0c32166891228d5f83f7222588b8-vehicle-gallery-large-900x600.jpg 900w\" sizes=\"auto, (max-width: 1800px) 100vw, 1800px\" \/><a href=\"https:\/\/www.clicars.com\/coches-segunda-mano-ocasion\/renault\/arkana\">Arkana 1.6 E-Tech Techno 105 kW<\/a><\/span><span class=\"ez-toc-section-end\"><\/span><\/h3>\n<p><span style=\"font-weight: 400;\">La versi\u00f3n Techno del Arkana ofrece un toque m\u00e1s tecnol\u00f3gico con un sistema multimedia Easy Link de 9,3\u201d, c\u00e1mara de 360\u00ba, cargador inal\u00e1mbrico y asistentes de conducci\u00f3n avanzados, como frenada autom\u00e1tica de emergencia y mantenimiento de carril. Este SUV coup\u00e9 tiene 143 CV, perfectos para asegurar potencia en todos los trayectos, pero con un consumo bajo gracias a su sistema h\u00edbrido.<\/span><\/p>\n<h3><span class=\"ez-toc-section\" id=\"Austral_12_E-Tech_Hibrido_Techno_146_kW\"><\/span><span style=\"font-weight: 400;\"><img loading=\"lazy\" decoding=\"async\" class=\"aligncenter size-full wp-image-14757\" src=\"http:\/\/www.clicars.com\/blog\/wp-content\/uploads\/2025\/07\/rechno-renault-arkana.jpg\" alt=\"techno renault arkana\" width=\"1800\" height=\"1200\" srcset=\"https:\/\/www.clicars.com\/blog\/wp-content\/uploads\/2025\/07\/rechno-renault-arkana.jpg 1800w, https:\/\/www.clicars.com\/blog\/wp-content\/uploads\/2025\/07\/rechno-renault-arkana-300x200.jpg 300w, https:\/\/www.clicars.com\/blog\/wp-content\/uploads\/2025\/07\/rechno-renault-arkana-1024x683.jpg 1024w, https:\/\/www.clicars.com\/blog\/wp-content\/uploads\/2025\/07\/rechno-renault-arkana-768x512.jpg 768w, https:\/\/www.clicars.com\/blog\/wp-content\/uploads\/2025\/07\/rechno-renault-arkana-1536x1024.jpg 1536w, https:\/\/www.clicars.com\/blog\/wp-content\/uploads\/2025\/07\/rechno-renault-arkana-900x600.jpg 900w\" sizes=\"auto, (max-width: 1800px) 100vw, 1800px\" \/><a href=\"https:\/\/www.clicars.com\/coches-segunda-mano-ocasion\/renault\/austral\">Austral 1.2 E-Tech H\u00edbrido Techno 146 kW<\/a><\/span><span class=\"ez-toc-section-end\"><\/span><\/h3>\n<p><span style=\"font-weight: 400;\">El Renault Austral es uno de los SUV h\u00edbridos m\u00e1s esperados. Su motor de 200 CV combinados ofrece un rendimiento \u00e1gil y emocionante, con consumo medio de solo 4,7 l\/100 km. El acabado Techno incluye iluminaci\u00f3n LED adaptativa, instrumentaci\u00f3n de 12\u201d y Head-Up Display, para conducir con toda la informaci\u00f3n sin apartar la vista de la carretera.<\/span><\/p>\n<p><span style=\"font-weight: 400;\"><img loading=\"lazy\" decoding=\"async\" class=\"aligncenter size-full wp-image-14758\" src=\"http:\/\/www.clicars.com\/blog\/wp-content\/uploads\/2025\/07\/renault-austral-techno.jpg\" alt=\"renault austral techno\" width=\"1800\" height=\"1200\" srcset=\"https:\/\/www.clicars.com\/blog\/wp-content\/uploads\/2025\/07\/renault-austral-techno.jpg 1800w, https:\/\/www.clicars.com\/blog\/wp-content\/uploads\/2025\/07\/renault-austral-techno-300x200.jpg 300w, https:\/\/www.clicars.com\/blog\/wp-content\/uploads\/2025\/07\/renault-austral-techno-1024x683.jpg 1024w, https:\/\/www.clicars.com\/blog\/wp-content\/uploads\/2025\/07\/renault-austral-techno-768x512.jpg 768w, https:\/\/www.clicars.com\/blog\/wp-content\/uploads\/2025\/07\/renault-austral-techno-1536x1024.jpg 1536w, https:\/\/www.clicars.com\/blog\/wp-content\/uploads\/2025\/07\/renault-austral-techno-900x600.jpg 900w\" sizes=\"auto, (max-width: 1800px) 100vw, 1800px\" \/>\u00a0<\/span><\/p>\n<h3><span class=\"ez-toc-section\" id=\"Rav4_25_hibrido_4WD_Business\"><\/span><a href=\"https:\/\/www.clicars.com\/coches-segunda-mano-ocasion\/toyota\/rav4\"><span style=\"font-weight: 400;\">Rav4 2.5 h\u00edbrido 4WD Business<\/span><\/a><span class=\"ez-toc-section-end\"><\/span><\/h3>\n<p><span style=\"font-weight: 400;\">Este coche es un cl\u00e1sico entre los h\u00edbridos. El Toyota Rav4 combina tracci\u00f3n total, 218 CV y un maletero de 580 litros, perfecto tanto para ir a trabajar como hacer una escapada a la monta\u00f1a en familia. Su consumo medio ronda los 5,5 l\/100 km y trae de serie Toyota Safety Sense, es decir, asistentes como detecci\u00f3n de peatones y control de crucero inteligente.\u00a0<\/span><\/p>\n<h3><span class=\"ez-toc-section\" id=\"MG_eHS_15_T-GDI_de_lujo\"><\/span><span style=\"font-weight: 400;\"><img loading=\"lazy\" decoding=\"async\" class=\"aligncenter size-full wp-image-14759\" src=\"http:\/\/www.clicars.com\/blog\/wp-content\/uploads\/2025\/07\/toyota-rav4.jpg\" alt=\"toyota rav4\" width=\"1800\" height=\"1200\" srcset=\"https:\/\/www.clicars.com\/blog\/wp-content\/uploads\/2025\/07\/toyota-rav4.jpg 1800w, https:\/\/www.clicars.com\/blog\/wp-content\/uploads\/2025\/07\/toyota-rav4-300x200.jpg 300w, https:\/\/www.clicars.com\/blog\/wp-content\/uploads\/2025\/07\/toyota-rav4-1024x683.jpg 1024w, https:\/\/www.clicars.com\/blog\/wp-content\/uploads\/2025\/07\/toyota-rav4-768x512.jpg 768w, https:\/\/www.clicars.com\/blog\/wp-content\/uploads\/2025\/07\/toyota-rav4-1536x1024.jpg 1536w, https:\/\/www.clicars.com\/blog\/wp-content\/uploads\/2025\/07\/toyota-rav4-900x600.jpg 900w\" sizes=\"auto, (max-width: 1800px) 100vw, 1800px\" \/><a href=\"https:\/\/www.clicars.com\/coches-segunda-mano-ocasion\/mg\/hs\">MG eHS 1.5 T-GDI de lujo<\/a><\/span><span class=\"ez-toc-section-end\"><\/span><\/h3>\n<p><span style=\"font-weight: 400;\">El MG eHS es un h\u00edbrido enchufable que te permite recorrer hasta 52 km en modo el\u00e9ctrico. Con sus 258 CV combinados y etiqueta CERO, podr\u00e1s acceder a cualquier ciudad sin restricciones. Su acabado de lujo incluye techo panor\u00e1mico, asientos de cuero calefactados, cuadro digital y un sistema multimedia de 10,1\u201d. Sus caracter\u00edsticas hacen que sea el veh\u00edculo perfecto para familias que quieren espacio, tecnolog\u00eda y eficiencia.<\/span><\/p>\n<h3><span class=\"ez-toc-section\" id=\"3008_Hibrido_136_Allure_Pack_eDCS6\"><\/span><span style=\"font-weight: 400;\"><img loading=\"lazy\" decoding=\"async\" class=\"aligncenter size-full wp-image-14760\" src=\"http:\/\/www.clicars.com\/blog\/wp-content\/uploads\/2025\/07\/mg-ehs.jpg\" alt=\"mg ehs\" width=\"1800\" height=\"1200\" srcset=\"https:\/\/www.clicars.com\/blog\/wp-content\/uploads\/2025\/07\/mg-ehs.jpg 1800w, https:\/\/www.clicars.com\/blog\/wp-content\/uploads\/2025\/07\/mg-ehs-300x200.jpg 300w, https:\/\/www.clicars.com\/blog\/wp-content\/uploads\/2025\/07\/mg-ehs-1024x683.jpg 1024w, https:\/\/www.clicars.com\/blog\/wp-content\/uploads\/2025\/07\/mg-ehs-768x512.jpg 768w, https:\/\/www.clicars.com\/blog\/wp-content\/uploads\/2025\/07\/mg-ehs-1536x1024.jpg 1536w, https:\/\/www.clicars.com\/blog\/wp-content\/uploads\/2025\/07\/mg-ehs-900x600.jpg 900w\" sizes=\"auto, (max-width: 1800px) 100vw, 1800px\" \/><a href=\"https:\/\/www.clicars.com\/coches-segunda-mano-ocasion\/peugeot\/3008\">3008 H\u00edbrido 136 Allure Pack eDCS6<\/a><\/span><span class=\"ez-toc-section-end\"><\/span><\/h3>\n<p><span style=\"font-weight: 400;\">El Peugeot 3008 h\u00edbrido combina estilo sofisticado con eficiencia. Presenta un motor de 136 CV, caja autom\u00e1tica eDCS6 y etiqueta ECO. Adem\u00e1s, incorpora el acabado Allure Pack, que a\u00f1ade asientos AGR ergon\u00f3micos, navegador 3D y c\u00e1mara trasera. Cabe se\u00f1alar que su dise\u00f1o interior i-Cockpit es uno de los m\u00e1s atractivos del mercado.<\/span><\/p>\n<h3><span class=\"ez-toc-section\" id=\"Austral_13_TCe_Mild_Hybrid_Techno_CVT_116_kW\"><\/span><span style=\"font-weight: 400;\"><img loading=\"lazy\" decoding=\"async\" class=\"aligncenter size-full wp-image-14761\" src=\"http:\/\/www.clicars.com\/blog\/wp-content\/uploads\/2025\/07\/peugeot-3008-allure.jpg\" alt=\"peugeot 3008 allure\" width=\"1800\" height=\"1200\" srcset=\"https:\/\/www.clicars.com\/blog\/wp-content\/uploads\/2025\/07\/peugeot-3008-allure.jpg 1800w, https:\/\/www.clicars.com\/blog\/wp-content\/uploads\/2025\/07\/peugeot-3008-allure-300x200.jpg 300w, https:\/\/www.clicars.com\/blog\/wp-content\/uploads\/2025\/07\/peugeot-3008-allure-1024x683.jpg 1024w, https:\/\/www.clicars.com\/blog\/wp-content\/uploads\/2025\/07\/peugeot-3008-allure-768x512.jpg 768w, https:\/\/www.clicars.com\/blog\/wp-content\/uploads\/2025\/07\/peugeot-3008-allure-1536x1024.jpg 1536w, https:\/\/www.clicars.com\/blog\/wp-content\/uploads\/2025\/07\/peugeot-3008-allure-900x600.jpg 900w\" sizes=\"auto, (max-width: 1800px) 100vw, 1800px\" \/><a href=\"https:\/\/www.clicars.com\/coches-segunda-mano-ocasion\/renault\/austral\">Austral 1.3 TCe Mild Hybrid Techno CVT 116 kW<\/a><\/span><span class=\"ez-toc-section-end\"><\/span><\/h3>\n<p><span style=\"font-weight: 400;\">Si prefieres un <\/span><i><span style=\"font-weight: 400;\">mild hybrid<\/span><\/i><span style=\"font-weight: 400;\">, este Austral ofrece etiqueta ECO y un motor de 140 CV con caja autom\u00e1tica CVT para que obtengas la m\u00e1xima suavidad. Con un consumo medio de 6 l\/100 km, es ideal para uso mixto. A su vez, el acabado Techno incluye pantalla t\u00e1ctil vertical de 9\u201d, asistentes de conducci\u00f3n y conectividad completa.\u00a0<\/span><\/p>\n<p><span style=\"font-weight: 400;\"><img loading=\"lazy\" decoding=\"async\" class=\"aligncenter size-full wp-image-14762\" src=\"http:\/\/www.clicars.com\/blog\/wp-content\/uploads\/2025\/07\/austral-techno-mild-hybrid.jpg\" alt=\"austral techno mild hybrid\" width=\"1800\" height=\"1200\" srcset=\"https:\/\/www.clicars.com\/blog\/wp-content\/uploads\/2025\/07\/austral-techno-mild-hybrid.jpg 1800w, https:\/\/www.clicars.com\/blog\/wp-content\/uploads\/2025\/07\/austral-techno-mild-hybrid-300x200.jpg 300w, https:\/\/www.clicars.com\/blog\/wp-content\/uploads\/2025\/07\/austral-techno-mild-hybrid-1024x683.jpg 1024w, https:\/\/www.clicars.com\/blog\/wp-content\/uploads\/2025\/07\/austral-techno-mild-hybrid-768x512.jpg 768w, https:\/\/www.clicars.com\/blog\/wp-content\/uploads\/2025\/07\/austral-techno-mild-hybrid-1536x1024.jpg 1536w, https:\/\/www.clicars.com\/blog\/wp-content\/uploads\/2025\/07\/austral-techno-mild-hybrid-900x600.jpg 900w\" sizes=\"auto, (max-width: 1800px) 100vw, 1800px\" \/>Con estos modelos en oferta, las <\/span><b>rebajas de coches en julio de 2025<\/b><span style=\"font-weight: 400;\"> te dan la oportunidad de estrenar coche h\u00edbrido o SUV con condiciones que no volver\u00e1n a repetirse pronto.\u00a0<\/span><\/p>\n<h2><span class=\"ez-toc-section\" id=\"Consejos_para_aprovechar_las_rebajas\"><\/span><span style=\"font-weight: 400;\">Consejos para aprovechar las rebajas<\/span><span class=\"ez-toc-section-end\"><\/span><\/h2>\n<p><span style=\"font-weight: 400;\">Ahora que ya sabes qu\u00e9 modelos est\u00e1n en oferta en las <\/span><b>rebajas de coches en julio de 2025<\/b><span style=\"font-weight: 400;\">, es el momento de que aprendas a sacarles el m\u00e1ximo partido para que no pagues m\u00e1s de lo necesario.\u00a0<\/span><\/p>\n<h3><span class=\"ez-toc-section\" id=\"Compara_precio_nuevo_vs_reacondicionado\"><\/span><span style=\"font-weight: 400;\">Compara precio nuevo vs. reacondicionado<\/span><span class=\"ez-toc-section-end\"><\/span><\/h3>\n<p><span style=\"font-weight: 400;\">Antes de decidirte, compara el <\/span><b>coste del mismo modelo nuevo con el de un coche seminuevo reacondicionado<\/b><span style=\"font-weight: 400;\">. Muchas veces puedes ahorrar miles de euros comprando un <\/span><span style=\"font-weight: 400;\">veh\u00edculo con pocos kil\u00f3metros <\/span><span style=\"font-weight: 400;\">y garant\u00edas completas.<\/span><\/p>\n<h3><span class=\"ez-toc-section\" id=\"Comprueba_disponibilidad_y_fechas_de_entrega\"><\/span><span style=\"font-weight: 400;\">Comprueba disponibilidad y fechas de entrega<\/span><span class=\"ez-toc-section-end\"><\/span><\/h3>\n<p><span style=\"font-weight: 400;\">Las rebajas suelen tener unidades limitadas. Pregunta siempre por la disponibilidad real y el tiempo de entrega porque en muchos casos, los coches en <\/span><i><span style=\"font-weight: 400;\">stock<\/span><\/i><span style=\"font-weight: 400;\"> est\u00e1n listos para entregar en d\u00edas, pero otros pueden tardar semanas si deben traerlos de otro concesionario.<\/span><\/p>\n<h3><span class=\"ez-toc-section\" id=\"Lee_bien_la_letra_pequena\"><\/span><span style=\"font-weight: 400;\">Lee bien la letra peque\u00f1a<\/span><span class=\"ez-toc-section-end\"><\/span><\/h3>\n<p><span style=\"font-weight: 400;\">Aseg\u00farate de que el descuento anunciado incluye<\/span><b> impuestos, gastos de matriculaci\u00f3n y otros conceptos<\/b><span style=\"font-weight: 400;\">. Un precio final cerrado y claro es la mejor garant\u00eda de que no habr\u00e1 sorpresas.<\/span><\/p>\n<h2><span class=\"ez-toc-section\" id=\"Por_que_comprar_en_Clicars_en_estas_rebajas\"><\/span><span style=\"font-weight: 400;\">Por qu\u00e9 comprar en Clicars en estas rebajas<\/span><span class=\"ez-toc-section-end\"><\/span><\/h2>\n<p><span style=\"font-weight: 400;\">En nuestra empresa, adem\u00e1s de poder aprovechar rebajas de coches en julio, tambi\u00e9n tendr\u00e1s la oportunidad de disfrutar de otras ventajas que marcan la diferencia:\u00a0<\/span><\/p>\n<ul>\n<li style=\"font-weight: 400;\" aria-level=\"1\"><span style=\"font-weight: 400;\">Todos los veh\u00edculos pasan por <\/span><b>m\u00e1s de 320 puntos de control<\/b><span style=\"font-weight: 400;\"> para asegurar su calidad, con garant\u00eda de hasta 3 a\u00f1os para que compres con total tranquilidad.<\/span><\/li>\n<li style=\"font-weight: 400;\" aria-level=\"1\"><span style=\"font-weight: 400;\">Puedes gestionar la <\/span><b>compra 100 % <\/b><b><i>online<\/i><\/b><span style=\"font-weight: 400;\">, con fotos reales y un asesor personal que te acompa\u00f1ar\u00e1 en todo momento para resolver dudas y explicarte cada detalle del coche.<\/span><\/li>\n<li style=\"font-weight: 400;\" aria-level=\"1\"><span style=\"font-weight: 400;\">La entrega se realizar\u00e1 en tu casa o en la direcci\u00f3n que nos facilites en pocos d\u00edas, para que no tengas que preocuparte de nada. \u00a1Incluso puedes devolver el coche en 15 d\u00edas si no te convence!<\/span><\/li>\n<li style=\"font-weight: 400;\" aria-level=\"1\"><span style=\"font-weight: 400;\">En caso de que prefieras acudir a un centro f\u00edsico para ver primero el coche, debes saber que en Clicars disponemos de una amplia red de establecimientos repartidos por toda Espa\u00f1a.\u00a0<\/span><\/li>\n<li style=\"font-weight: 400;\" aria-level=\"1\"><span style=\"font-weight: 400;\">Por supuesto, disfrutar de descuentos de hasta 10 000\u202f\u20ac en muchos modelos, con un <\/span><i><span style=\"font-weight: 400;\">stock <\/span><\/i><span style=\"font-weight: 400;\">de m\u00e1s de 2000 coches reacondicionados esperando due\u00f1o.<\/span><\/li>\n<\/ul>\n<p><span style=\"font-weight: 400;\">En conclusi\u00f3n, como ves, las <\/span><b>rebajas de coches en julio de 2025<\/b><span style=\"font-weight: 400;\"> son el momento ideal para hacer realidad ese cambio de coche que llevas tiempo queriendo y tener la oportunidad \u00fanica de ahorrar en la compra. No olvides que en Clicars podr\u00e1s encontrar ofertas exclusivas y todas las facilidades para que el proceso sea c\u00f3modo, seguro y r\u00e1pido. \u00a1Cont\u00e1ctanos ahora!<\/span><\/p>\n","protected":false},"excerpt":{"rendered":"<p>\u00bfQuieres estrenar coche este verano con un descuentazo que te deje con la boca abierta?&#8230;<\/p>\n","protected":false},"author":2,"featured_media":14763,"comment_status":"closed","ping_status":"closed","sticky":false,"template":"","format":"standard","meta":{"footnotes":""},"categories":[5],"tags":[],"class_list":{"0":"post-14751","1":"post","2":"type-post","3":"status-publish","4":"format-standard","5":"has-post-thumbnail","7":"category-actualidad"},"yoast_head":"<!-- This site is optimized with the Yoast SEO plugin v26.8 - https:\/\/yoast.com\/product\/yoast-seo-wordpress\/ -->\n<title>Rebajas de coches en julio de 2025\u00a0- Clicars Blog<\/title>\n<meta name=\"description\" content=\"Descubre las mejores rebajas de coches en julio de 2025 con SUV e h\u00edbridos. \u00a1Lee este art\u00edculo ahora!\" \/>\n<meta name=\"robots\" content=\"index, follow, max-snippet:-1, max-image-preview:large, max-video-preview:-1\" \/>\n<link rel=\"canonical\" href=\"https:\/\/www.clicars.com\/blog\/actualidad\/rebajas-de-coches-en-julio-de-2025\/\" \/>\n<meta property=\"og:locale\" content=\"es_ES\" \/>\n<meta property=\"og:type\" content=\"article\" \/>\n<meta property=\"og:title\" content=\"Rebajas de coches en julio de 2025\u00a0- Clicars Blog\" \/>\n<meta property=\"og:description\" content=\"Descubre las mejores rebajas de coches en julio de 2025 con SUV e h\u00edbridos. \u00a1Lee este art\u00edculo ahora!\" \/>\n<meta property=\"og:url\" content=\"https:\/\/www.clicars.com\/blog\/actualidad\/rebajas-de-coches-en-julio-de-2025\/\" \/>\n<meta property=\"og:site_name\" content=\"Clicars\" \/>\n<meta property=\"article:published_time\" content=\"2025-07-04T12:23:54+00:00\" \/>\n<meta property=\"og:image\" content=\"http:\/\/www.clicars.com\/blog\/wp-content\/uploads\/2025\/07\/gallery-mobile-900x600-condi.webp\" \/>\n\t<meta property=\"og:image:width\" content=\"901\" \/>\n\t<meta property=\"og:image:height\" content=\"600\" \/>\n\t<meta property=\"og:image:type\" content=\"image\/webp\" \/>\n<meta name=\"author\" content=\"Clicars\" \/>\n<meta name=\"twitter:card\" content=\"summary_large_image\" \/>\n<meta name=\"twitter:label1\" content=\"Escrito por\" \/>\n\t<meta name=\"twitter:data1\" content=\"Clicars\" \/>\n\t<meta name=\"twitter:label2\" content=\"Tiempo de lectura\" \/>\n\t<meta name=\"twitter:data2\" content=\"9 minutos\" \/>\n<script type=\"application\/ld+json\" class=\"yoast-schema-graph\">{\"@context\":\"https:\/\/schema.org\",\"@graph\":[{\"@type\":\"Article\",\"@id\":\"https:\/\/www.clicars.com\/blog\/actualidad\/rebajas-de-coches-en-julio-de-2025\/#article\",\"isPartOf\":{\"@id\":\"https:\/\/www.clicars.com\/blog\/actualidad\/rebajas-de-coches-en-julio-de-2025\/\"},\"author\":{\"name\":\"Clicars\",\"@id\":\"https:\/\/www.clicars.com\/blog\/#\/schema\/person\/af686c41ba96962c68871392bf2bb62d\"},\"headline\":\"Rebajas de coches en julio de 2025: modelos con descuentos irresistibles\u00a0\",\"datePublished\":\"2025-07-04T12:23:54+00:00\",\"mainEntityOfPage\":{\"@id\":\"https:\/\/www.clicars.com\/blog\/actualidad\/rebajas-de-coches-en-julio-de-2025\/\"},\"wordCount\":1529,\"image\":{\"@id\":\"https:\/\/www.clicars.com\/blog\/actualidad\/rebajas-de-coches-en-julio-de-2025\/#primaryimage\"},\"thumbnailUrl\":\"https:\/\/www.clicars.com\/blog\/wp-content\/uploads\/2025\/07\/gallery-mobile-900x600-condi.webp\",\"articleSection\":[\"Actualidad\"],\"inLanguage\":\"es\"},{\"@type\":[\"WebPage\",\"ItemPage\"],\"@id\":\"https:\/\/www.clicars.com\/blog\/actualidad\/rebajas-de-coches-en-julio-de-2025\/\",\"url\":\"https:\/\/www.clicars.com\/blog\/actualidad\/rebajas-de-coches-en-julio-de-2025\/\",\"name\":\"Rebajas de coches en julio de 2025\u00a0- Clicars Blog\",\"isPartOf\":{\"@id\":\"https:\/\/www.clicars.com\/blog\/#website\"},\"primaryImageOfPage\":{\"@id\":\"https:\/\/www.clicars.com\/blog\/actualidad\/rebajas-de-coches-en-julio-de-2025\/#primaryimage\"},\"image\":{\"@id\":\"https:\/\/www.clicars.com\/blog\/actualidad\/rebajas-de-coches-en-julio-de-2025\/#primaryimage\"},\"thumbnailUrl\":\"https:\/\/www.clicars.com\/blog\/wp-content\/uploads\/2025\/07\/gallery-mobile-900x600-condi.webp\",\"datePublished\":\"2025-07-04T12:23:54+00:00\",\"author\":{\"@id\":\"https:\/\/www.clicars.com\/blog\/#\/schema\/person\/af686c41ba96962c68871392bf2bb62d\"},\"description\":\"Descubre las mejores rebajas de coches en julio de 2025 con SUV e h\u00edbridos. \u00a1Lee este art\u00edculo ahora!\",\"breadcrumb\":{\"@id\":\"https:\/\/www.clicars.com\/blog\/actualidad\/rebajas-de-coches-en-julio-de-2025\/#breadcrumb\"},\"inLanguage\":\"es\",\"potentialAction\":[{\"@type\":\"ReadAction\",\"target\":[\"https:\/\/www.clicars.com\/blog\/actualidad\/rebajas-de-coches-en-julio-de-2025\/\"]}]},{\"@type\":\"ImageObject\",\"inLanguage\":\"es\",\"@id\":\"https:\/\/www.clicars.com\/blog\/actualidad\/rebajas-de-coches-en-julio-de-2025\/#primaryimage\",\"url\":\"https:\/\/www.clicars.com\/blog\/wp-content\/uploads\/2025\/07\/gallery-mobile-900x600-condi.webp\",\"contentUrl\":\"https:\/\/www.clicars.com\/blog\/wp-content\/uploads\/2025\/07\/gallery-mobile-900x600-condi.webp\",\"width\":901,\"height\":600},{\"@type\":\"BreadcrumbList\",\"@id\":\"https:\/\/www.clicars.com\/blog\/actualidad\/rebajas-de-coches-en-julio-de-2025\/#breadcrumb\",\"itemListElement\":[{\"@type\":\"ListItem\",\"position\":1,\"name\":\"Portada\",\"item\":\"https:\/\/www.clicars.com\/blog\/\"},{\"@type\":\"ListItem\",\"position\":2,\"name\":\"Rebajas de coches en julio de 2025: modelos con descuentos irresistibles\u00a0\"}]},{\"@type\":\"WebSite\",\"@id\":\"https:\/\/www.clicars.com\/blog\/#website\",\"url\":\"https:\/\/www.clicars.com\/blog\/\",\"name\":\"Clicars\",\"description\":\"Compra tu coche de Buena Mano sin moverte de casa\",\"inLanguage\":\"es\"},{\"@type\":\"Person\",\"@id\":\"https:\/\/www.clicars.com\/blog\/#\/schema\/person\/af686c41ba96962c68871392bf2bb62d\",\"name\":\"Clicars\",\"image\":{\"@type\":\"ImageObject\",\"inLanguage\":\"es\",\"@id\":\"https:\/\/www.clicars.com\/blog\/#\/schema\/person\/image\/\",\"url\":\"https:\/\/secure.gravatar.com\/avatar\/3100622b0023049db14165cdba9dadaa9159743b871e83e440a0df9a70f80e56?s=96&d=mm&r=g\",\"contentUrl\":\"https:\/\/secure.gravatar.com\/avatar\/3100622b0023049db14165cdba9dadaa9159743b871e83e440a0df9a70f80e56?s=96&d=mm&r=g\",\"caption\":\"Clicars\"},\"sameAs\":[\"https:\/\/www.clicars.com\"],\"url\":\"https:\/\/www.clicars.com\/blog\/author\/clicars\/\"}]}<\/script>\n<!-- \/ Yoast SEO plugin. -->","yoast_head_json":{"title":"Rebajas de coches en julio de 2025\u00a0- Clicars Blog","description":"Descubre las mejores rebajas de coches en julio de 2025 con SUV e h\u00edbridos. \u00a1Lee este art\u00edculo ahora!","robots":{"index":"index","follow":"follow","max-snippet":"max-snippet:-1","max-image-preview":"max-image-preview:large","max-video-preview":"max-video-preview:-1"},"canonical":"https:\/\/www.clicars.com\/blog\/actualidad\/rebajas-de-coches-en-julio-de-2025\/","og_locale":"es_ES","og_type":"article","og_title":"Rebajas de coches en julio de 2025\u00a0- Clicars Blog","og_description":"Descubre las mejores rebajas de coches en julio de 2025 con SUV e h\u00edbridos. \u00a1Lee este art\u00edculo ahora!","og_url":"https:\/\/www.clicars.com\/blog\/actualidad\/rebajas-de-coches-en-julio-de-2025\/","og_site_name":"Clicars","article_published_time":"2025-07-04T12:23:54+00:00","og_image":[{"width":901,"height":600,"url":"http:\/\/www.clicars.com\/blog\/wp-content\/uploads\/2025\/07\/gallery-mobile-900x600-condi.webp","type":"image\/webp"}],"author":"Clicars","twitter_card":"summary_large_image","twitter_misc":{"Escrito por":"Clicars","Tiempo de lectura":"9 minutos"},"schema":{"@context":"https:\/\/schema.org","@graph":[{"@type":"Article","@id":"https:\/\/www.clicars.com\/blog\/actualidad\/rebajas-de-coches-en-julio-de-2025\/#article","isPartOf":{"@id":"https:\/\/www.clicars.com\/blog\/actualidad\/rebajas-de-coches-en-julio-de-2025\/"},"author":{"name":"Clicars","@id":"https:\/\/www.clicars.com\/blog\/#\/schema\/person\/af686c41ba96962c68871392bf2bb62d"},"headline":"Rebajas de coches en julio de 2025: modelos con descuentos irresistibles\u00a0","datePublished":"2025-07-04T12:23:54+00:00","mainEntityOfPage":{"@id":"https:\/\/www.clicars.com\/blog\/actualidad\/rebajas-de-coches-en-julio-de-2025\/"},"wordCount":1529,"image":{"@id":"https:\/\/www.clicars.com\/blog\/actualidad\/rebajas-de-coches-en-julio-de-2025\/#primaryimage"},"thumbnailUrl":"https:\/\/www.clicars.com\/blog\/wp-content\/uploads\/2025\/07\/gallery-mobile-900x600-condi.webp","articleSection":["Actualidad"],"inLanguage":"es"},{"@type":["WebPage","ItemPage"],"@id":"https:\/\/www.clicars.com\/blog\/actualidad\/rebajas-de-coches-en-julio-de-2025\/","url":"https:\/\/www.clicars.com\/blog\/actualidad\/rebajas-de-coches-en-julio-de-2025\/","name":"Rebajas de coches en julio de 2025\u00a0- Clicars Blog","isPartOf":{"@id":"https:\/\/www.clicars.com\/blog\/#website"},"primaryImageOfPage":{"@id":"https:\/\/www.clicars.com\/blog\/actualidad\/rebajas-de-coches-en-julio-de-2025\/#primaryimage"},"image":{"@id":"https:\/\/www.clicars.com\/blog\/actualidad\/rebajas-de-coches-en-julio-de-2025\/#primaryimage"},"thumbnailUrl":"https:\/\/www.clicars.com\/blog\/wp-content\/uploads\/2025\/07\/gallery-mobile-900x600-condi.webp","datePublished":"2025-07-04T12:23:54+00:00","author":{"@id":"https:\/\/www.clicars.com\/blog\/#\/schema\/person\/af686c41ba96962c68871392bf2bb62d"},"description":"Descubre las mejores rebajas de coches en julio de 2025 con SUV e h\u00edbridos. \u00a1Lee este art\u00edculo ahora!","breadcrumb":{"@id":"https:\/\/www.clicars.com\/blog\/actualidad\/rebajas-de-coches-en-julio-de-2025\/#breadcrumb"},"inLanguage":"es","potentialAction":[{"@type":"ReadAction","target":["https:\/\/www.clicars.com\/blog\/actualidad\/rebajas-de-coches-en-julio-de-2025\/"]}]},{"@type":"ImageObject","inLanguage":"es","@id":"https:\/\/www.clicars.com\/blog\/actualidad\/rebajas-de-coches-en-julio-de-2025\/#primaryimage","url":"https:\/\/www.clicars.com\/blog\/wp-content\/uploads\/2025\/07\/gallery-mobile-900x600-condi.webp","contentUrl":"https:\/\/www.clicars.com\/blog\/wp-content\/uploads\/2025\/07\/gallery-mobile-900x600-condi.webp","width":901,"height":600},{"@type":"BreadcrumbList","@id":"https:\/\/www.clicars.com\/blog\/actualidad\/rebajas-de-coches-en-julio-de-2025\/#breadcrumb","itemListElement":[{"@type":"ListItem","position":1,"name":"Portada","item":"https:\/\/www.clicars.com\/blog\/"},{"@type":"ListItem","position":2,"name":"Rebajas de coches en julio de 2025: modelos con descuentos irresistibles\u00a0"}]},{"@type":"WebSite","@id":"https:\/\/www.clicars.com\/blog\/#website","url":"https:\/\/www.clicars.com\/blog\/","name":"Clicars","description":"Compra tu coche de Buena Mano sin moverte de casa","inLanguage":"es"},{"@type":"Person","@id":"https:\/\/www.clicars.com\/blog\/#\/schema\/person\/af686c41ba96962c68871392bf2bb62d","name":"Clicars","image":{"@type":"ImageObject","inLanguage":"es","@id":"https:\/\/www.clicars.com\/blog\/#\/schema\/person\/image\/","url":"https:\/\/secure.gravatar.com\/avatar\/3100622b0023049db14165cdba9dadaa9159743b871e83e440a0df9a70f80e56?s=96&d=mm&r=g","contentUrl":"https:\/\/secure.gravatar.com\/avatar\/3100622b0023049db14165cdba9dadaa9159743b871e83e440a0df9a70f80e56?s=96&d=mm&r=g","caption":"Clicars"},"sameAs":["https:\/\/www.clicars.com"],"url":"https:\/\/www.clicars.com\/blog\/author\/clicars\/"}]}},"_links":{"self":[{"href":"https:\/\/www.clicars.com\/blog\/wp-json\/wp\/v2\/posts\/14751","targetHints":{"allow":["GET"]}}],"collection":[{"href":"https:\/\/www.clicars.com\/blog\/wp-json\/wp\/v2\/posts"}],"about":[{"href":"https:\/\/www.clicars.com\/blog\/wp-json\/wp\/v2\/types\/post"}],"author":[{"embeddable":true,"href":"https:\/\/www.clicars.com\/blog\/wp-json\/wp\/v2\/users\/2"}],"replies":[{"embeddable":true,"href":"https:\/\/www.clicars.com\/blog\/wp-json\/wp\/v2\/comments?post=14751"}],"version-history":[{"count":1,"href":"https:\/\/www.clicars.com\/blog\/wp-json\/wp\/v2\/posts\/14751\/revisions"}],"predecessor-version":[{"id":14764,"href":"https:\/\/www.clicars.com\/blog\/wp-json\/wp\/v2\/posts\/14751\/revisions\/14764"}],"wp:featuredmedia":[{"embeddable":true,"href":"https:\/\/www.clicars.com\/blog\/wp-json\/wp\/v2\/media\/14763"}],"wp:attachment":[{"href":"https:\/\/www.clicars.com\/blog\/wp-json\/wp\/v2\/media?parent=14751"}],"wp:term":[{"taxonomy":"category","embeddable":true,"href":"https:\/\/www.clicars.com\/blog\/wp-json\/wp\/v2\/categories?post=14751"},{"taxonomy":"post_tag","embeddable":true,"href":"https:\/\/www.clicars.com\/blog\/wp-json\/wp\/v2\/tags?post=14751"}],"curies":[{"name":"wp","href":"https:\/\/api.w.org\/{rel}","templated":true}]}}