{"id":14804,"date":"2025-07-18T12:29:19","date_gmt":"2025-07-18T10:29:19","guid":{"rendered":"https:\/\/www.clicars.com\/blog\/?p=14804"},"modified":"2025-07-18T12:29:19","modified_gmt":"2025-07-18T10:29:19","slug":"cupra-raval-el-urbano-electrico-que-sobresale-en-2025","status":"publish","type":"post","link":"https:\/\/www.clicars.com\/blog\/actualidad\/cupra-raval-el-urbano-electrico-que-sobresale-en-2025\/","title":{"rendered":"Cupra Raval: el urbano el\u00e9ctrico que sobresale en 2025"},"content":{"rendered":"<div id=\"ez-toc-container\" class=\"ez-toc-v2_0_80 counter-hierarchy ez-toc-counter ez-toc-light-blue ez-toc-container-direction\">\n<p class=\"ez-toc-title\" style=\"cursor:inherit\">\u00cdndice de contenidos<\/p>\n<label for=\"ez-toc-cssicon-toggle-item-69f4279058726\" class=\"ez-toc-cssicon-toggle-label\"><span class=\"ez-toc-cssicon\"><span class=\"eztoc-hide\" style=\"display:none;\">Toggle<\/span><span class=\"ez-toc-icon-toggle-span\"><svg style=\"fill: #999;color:#999\" xmlns=\"http:\/\/www.w3.org\/2000\/svg\" class=\"list-377408\" width=\"20px\" height=\"20px\" viewBox=\"0 0 24 24\" fill=\"none\"><path d=\"M6 6H4v2h2V6zm14 0H8v2h12V6zM4 11h2v2H4v-2zm16 0H8v2h12v-2zM4 16h2v2H4v-2zm16 0H8v2h12v-2z\" fill=\"currentColor\"><\/path><\/svg><svg style=\"fill: #999;color:#999\" class=\"arrow-unsorted-368013\" xmlns=\"http:\/\/www.w3.org\/2000\/svg\" width=\"10px\" height=\"10px\" viewBox=\"0 0 24 24\" version=\"1.2\" baseProfile=\"tiny\"><path d=\"M18.2 9.3l-6.2-6.3-6.2 6.3c-.2.2-.3.4-.3.7s.1.5.3.7c.2.2.4.3.7.3h11c.3 0 .5-.1.7-.3.2-.2.3-.5.3-.7s-.1-.5-.3-.7zM5.8 14.7l6.2 6.3 6.2-6.3c.2-.2.3-.5.3-.7s-.1-.5-.3-.7c-.2-.2-.4-.3-.7-.3h-11c-.3 0-.5.1-.7.3-.2.2-.3.5-.3.7s.1.5.3.7z\"\/><\/svg><\/span><\/span><\/label><input type=\"checkbox\"  id=\"ez-toc-cssicon-toggle-item-69f4279058726\"  aria-label=\"Alternar\" \/><nav><ul class='ez-toc-list ez-toc-list-level-1 ' ><li class='ez-toc-page-1 ez-toc-heading-level-2'><a class=\"ez-toc-link ez-toc-heading-1\" href=\"https:\/\/www.clicars.com\/blog\/actualidad\/cupra-raval-el-urbano-electrico-que-sobresale-en-2025\/#%C2%BFQue_aporta_el_Cupra_Raval_al_mercado_automovilistico_actual\" >\u00bfQu\u00e9 aporta el Cupra Raval al mercado automovil\u00edstico actual?<\/a><\/li><li class='ez-toc-page-1 ez-toc-heading-level-2'><a class=\"ez-toc-link ez-toc-heading-2\" href=\"https:\/\/www.clicars.com\/blog\/actualidad\/cupra-raval-el-urbano-electrico-que-sobresale-en-2025\/#Plataforma_y_motores_de_este_automovil\" >Plataforma y motores de este autom\u00f3vil<\/a><\/li><li class='ez-toc-page-1 ez-toc-heading-level-2'><a class=\"ez-toc-link ez-toc-heading-3\" href=\"https:\/\/www.clicars.com\/blog\/actualidad\/cupra-raval-el-urbano-electrico-que-sobresale-en-2025\/#Equipamiento_y_diseno_de_este_modelo\" >Equipamiento y dise\u00f1o de este modelo<\/a><ul class='ez-toc-list-level-3' ><li class='ez-toc-heading-level-3'><a class=\"ez-toc-link ez-toc-heading-4\" href=\"https:\/\/www.clicars.com\/blog\/actualidad\/cupra-raval-el-urbano-electrico-que-sobresale-en-2025\/#Equipamiento_tecnologico\" >Equipamiento tecnol\u00f3gico<\/a><\/li><li class='ez-toc-page-1 ez-toc-heading-level-3'><a class=\"ez-toc-link ez-toc-heading-5\" href=\"https:\/\/www.clicars.com\/blog\/actualidad\/cupra-raval-el-urbano-electrico-que-sobresale-en-2025\/#Diseno_del_modelo\" >Dise\u00f1o del modelo<\/a><\/li><\/ul><\/li><li class='ez-toc-page-1 ez-toc-heading-level-2'><a class=\"ez-toc-link ez-toc-heading-6\" href=\"https:\/\/www.clicars.com\/blog\/actualidad\/cupra-raval-el-urbano-electrico-que-sobresale-en-2025\/#Fechas_de_lanzamiento_y_precios\" >Fechas de lanzamiento y precios<\/a><\/li><li class='ez-toc-page-1 ez-toc-heading-level-2'><a class=\"ez-toc-link ez-toc-heading-7\" href=\"https:\/\/www.clicars.com\/blog\/actualidad\/cupra-raval-el-urbano-electrico-que-sobresale-en-2025\/#%C2%BFDonde_comprar_coches_urbanos_electricos\" >\u00bfD\u00f3nde comprar coches urbanos el\u00e9ctricos?<\/a><\/li><\/ul><\/nav><\/div>\n\n<p><span style=\"font-weight: 400;\">El <\/span><b>Cupra Raval<\/b><span style=\"font-weight: 400;\"> es un modelo sorprendente. La marca espa\u00f1ola apuesta por un dise\u00f1o moderno, din\u00e1mico y rompedor para su nuevo el\u00e9ctrico. Pese a que empezar\u00e1 a fabricarse a partir de 2025, ya se conocen todos los detalles de este autom\u00f3vil. Esto es lo que debes tener en cuenta.<\/span><\/p>\n<h2><span class=\"ez-toc-section\" id=\"%C2%BFQue_aporta_el_Cupra_Raval_al_mercado_automovilistico_actual\"><\/span><span style=\"font-weight: 900;\">\u00bfQu\u00e9 aporta el Cupra Raval al mercado automovil\u00edstico actual?<\/span><span class=\"ez-toc-section-end\"><\/span><\/h2>\n<p><span style=\"font-weight: 400;\">Este coche representa una <\/span><b>apuesta estrat\u00e9gica en la transici\u00f3n hacia una movilidad el\u00e9ctrica urbana<\/b><span style=\"font-weight: 400;\">. Cuenta con diferentes innovaciones clave que van m\u00e1s all\u00e1 de prestaciones, equipamiento o est\u00e9tica. Para empezar, el Raval es un modelo completamente el\u00e9ctrico que da acceso a tecnolog\u00eda dentro del segmento a un mayor n\u00famero de compradores.<\/span><\/p>\n<p><span style=\"font-weight: 400;\">El fabricante aspira a que este Cupra se posicione como <\/span><b>uno de los m\u00e1s asequibles<\/b><span style=\"font-weight: 400;\">, lo que da la posibilidad de que m\u00e1s usuarios adquieran un veh\u00edculo el\u00e9ctrico. Adem\u00e1s, el coche se ensamblar\u00e1 por completo en la planta de Martorell, en Barcelona, toda una apuesta por el trabajo local. Tambi\u00e9n se busca una integraci\u00f3n industrial al incorporar a la producci\u00f3n una l\u00ednea de bater\u00edas con capacidad para fabricar 1400 sistemas diarios.<\/span><\/p>\n<p><span style=\"font-weight: 400;\">Junto con lo anterior, el Raval aprovecha la plataforma MEB Entry del Grupo Volkswagen, que conocer\u00e1s en detalle m\u00e1s adelante. Pero, por el momento, qu\u00e9date con que es una <\/span><b>arquitectura modular optimizada para los el\u00e9ctricos compactos<\/b><span style=\"font-weight: 400;\">. Para simplificar la fabricaci\u00f3n, se han incorporado novedosas t\u00e9cnicas, como impresi\u00f3n y tejidos 3D o el uso de dise\u00f1os param\u00e9tricos. Todo para lograr un veh\u00edculo ligero que deje pocos residuos al final de su vida \u00fatil.<\/span><\/p>\n<p><span style=\"font-weight: 400;\">Otro punto importante a destacar es el compromiso del fabricante con la sostenibilidad. Raval incluir\u00e1 pol\u00edmeros reciclados, biopl\u00e1sticos derivados del c\u00e1\u00f1amo, lino y materiales marinos reutilizados. Esto contribuir\u00e1 a <\/span><b>reducir su huella de carbono<\/b><span style=\"font-weight: 400;\">, pero tambi\u00e9n el consumo de agua y electricidad durante el proceso de fabricaci\u00f3n. As\u00ed, el modelo se convierte en un pionero de la econom\u00eda circular dentro del segmento urbano.<\/span><\/p>\n<p><span style=\"font-weight: 400;\">En t\u00e9rminos de estrategia de marca, el lanzamiento del Raval consolida el compromiso el\u00e9ctrico de Cupra y SEAT. La planta de Martorell est\u00e1 destinada a producir hasta 300\u202f000 BEV\/a\u00f1o, y este modelo inicia esa senda con fuerza. Ten en cuenta que un impulso as\u00ed es esencial en el contexto actual, donde la adopci\u00f3n lenta de el\u00e9ctricos <\/span><b>requiere modelos competitivos<\/b><span style=\"font-weight: 400;\"> tanto en precio como en producci\u00f3n.<\/span><\/p>\n<h2><span class=\"ez-toc-section\" id=\"Plataforma_y_motores_de_este_automovil\"><\/span><span style=\"font-weight: 900;\"><img loading=\"lazy\" decoding=\"async\" class=\"aligncenter size-full wp-image-14807\" src=\"http:\/\/www.clicars.com\/blog\/wp-content\/uploads\/2025\/07\/cupra-raval.jpg\" alt=\"cupra raval\" width=\"1200\" height=\"900\" srcset=\"https:\/\/www.clicars.com\/blog\/wp-content\/uploads\/2025\/07\/cupra-raval.jpg 1200w, https:\/\/www.clicars.com\/blog\/wp-content\/uploads\/2025\/07\/cupra-raval-300x225.jpg 300w, https:\/\/www.clicars.com\/blog\/wp-content\/uploads\/2025\/07\/cupra-raval-1024x768.jpg 1024w, https:\/\/www.clicars.com\/blog\/wp-content\/uploads\/2025\/07\/cupra-raval-768x576.jpg 768w\" sizes=\"auto, (max-width: 1200px) 100vw, 1200px\" \/>Plataforma y motores de este autom\u00f3vil<\/span><span class=\"ez-toc-section-end\"><\/span><\/h2>\n<p><span style=\"font-weight: 400;\">La plataforma que se usa para fabricar el Raval es la MEB Entry, tambi\u00e9n conocida como MEB Small, desarrollada por el Grupo Volkswagen como una <\/span><b>evoluci\u00f3n de la arquitectura modular MEB<\/b><span style=\"font-weight: 400;\">. Esta versi\u00f3n se ha optimizado para veh\u00edculos el\u00e9ctricos urbanos de tracci\u00f3n delantera, lo que permite:<\/span><\/p>\n<ul>\n<li style=\"font-weight: 400;\" aria-level=\"1\"><span style=\"font-weight: 400;\">Reducir costes de desarrollo y producci\u00f3n al compartir componentes entre diferentes modelos.<\/span><\/li>\n<li style=\"font-weight: 400;\" aria-level=\"1\"><span style=\"font-weight: 400;\">Incrementar la eficiencia energ\u00e9tica mediante la supresi\u00f3n de trenes de rodaje traseros, que eran muy complejos. De este modo, es posible <\/span><b>ajustar mejor el espacio interior<\/b><span style=\"font-weight: 400;\"> a las necesidades del fabricante y a las expectativas del futuro comprador.<\/span><\/li>\n<li style=\"font-weight: 400;\" aria-level=\"1\"><span style=\"font-weight: 400;\">Es compatible con una <\/span><b>fabricaci\u00f3n ligera y sostenible<\/b><span style=\"font-weight: 400;\">, algo que se consigue mediante la integraci\u00f3n de procesos como impresi\u00f3n 3D y tejidos 3D param\u00e9tricos.<\/span><\/li>\n<li style=\"font-weight: 400;\" aria-level=\"1\"><span style=\"font-weight: 400;\">Permite acoger empaquetados de bater\u00eda m\u00e1s eficientes al distribuirlas en un chasis optimizado para el segmento B.<\/span><\/li>\n<\/ul>\n<p><span style=\"font-weight: 400;\">En cuanto a las opciones de motorizaci\u00f3n, tienes a tu alcance diferentes configuraciones, todas ellas el\u00e9ctricas. La idea es que <\/span><b>se mantengan alineadas con la modularidad de la plataforma<\/b><span style=\"font-weight: 400;\">. Estas son las alternativas disponibles:<\/span><\/p>\n<ul>\n<li style=\"font-weight: 400;\" aria-level=\"1\"><b>Versi\u00f3n est\u00e1ndar o Range<\/b><span style=\"font-weight: 400;\">. Es un motor el\u00e9ctrico de tracci\u00f3n delantera con una potencia de 226 CV capaz de acelerar de 0 a 100 en 6,9 segundos. La autonom\u00eda que confiere al veh\u00edculo alcanza los 440 kil\u00f3metros si usas la configuraci\u00f3n de mayor alcance.<\/span><\/li>\n<li style=\"font-weight: 400;\" aria-level=\"1\"><b>Versi\u00f3n de acceso<\/b><span style=\"font-weight: 400;\">. La motorizaci\u00f3n sigue la misma arquitectura que la anterior opci\u00f3n, pero se sacrifica la potencia. Aunque los valores de rendimiento no est\u00e1n confirmamos porque se usar\u00e1n diferentes tama\u00f1os de bater\u00eda, es posible que sea menor a 226 CV. Esto hace que la autonom\u00eda se reduzca, tanto que se podr\u00eda situar en torno a los 300 kil\u00f3metros<\/span><\/li>\n<li style=\"font-weight: 400;\" aria-level=\"1\"><b>Versi\u00f3n deportiva<\/b><span style=\"font-weight: 400;\">. Es el tope de gama de este veh\u00edculo con unos sorprendentes 340 CV, lo que da la posibilidad de lograr aceleraciones mayores que con los otros motores. As\u00ed, se puede pasar de 0 a 100 en menos 6,5 segundos.<\/span><\/li>\n<\/ul>\n<p><span style=\"font-weight: 400;\">El objetivo que busca la marca al utilizar la plataforma MEB y las diferentes variantes de motor es <\/span><b>garantizar una buena eficiencia<\/b><span style=\"font-weight: 400;\">. Al conseguirla, puede ofrecer un veh\u00edculo a un coste reducido en el que no tienen por qu\u00e9 sacrificar prestaciones. Podr\u00e1s utilizarlo para desplazarte con comodidad por la ciudad o sacarle partido como a un deportivo. Sin duda, unos cimientos s\u00f3lidos para competir dentro del segmento B el\u00e9ctrico.<\/span><\/p>\n<h2><span class=\"ez-toc-section\" id=\"Equipamiento_y_diseno_de_este_modelo\"><\/span><span style=\"font-weight: 900;\">Equipamiento y dise\u00f1o de este modelo<\/span><span class=\"ez-toc-section-end\"><\/span><\/h2>\n<p><span style=\"font-weight: 400;\">El equipamiento y el dise\u00f1o del Raval son dos de los aspectos que m\u00e1s se han trabajado. El objetivo es <\/span><b>incorporar a bordo los \u00faltimos avances tecnol\u00f3gicos<\/b><span style=\"font-weight: 400;\"> y conseguir un aspecto moderno y deportivo.<\/span><\/p>\n<h3><span class=\"ez-toc-section\" id=\"Equipamiento_tecnologico\"><\/span><span style=\"font-weight: 900;\">Equipamiento tecnol\u00f3gico<\/span><span class=\"ez-toc-section-end\"><\/span><\/h3>\n<p><span style=\"font-weight: 400;\">El primer aspecto a destacar es el cuadro de instrumentos, que es totalmente <\/span><b>digital con pantallas OLED curvadas<\/b><span style=\"font-weight: 400;\">. Adem\u00e1s, se ha montado una pantalla central flotante orientada al conductor junto a una secundaria m\u00e1s discreta. De esta manera, el piloto tiene a su alcance toda la informaci\u00f3n que necesita.<\/span><\/p>\n<p><span style=\"font-weight: 400;\">Por descontado, el sistema multimedia ofrece <\/span><b>conectividad completa y soporte para asistencia remota<\/b><span style=\"font-weight: 400;\">. Ambas funciones son esenciales en la actualidad. Por un lado, permaneces conectado a la red en todo momento no solo para informarte, sino para poder comunicarte sin trabas. Por el otro lado, en caso de que sufras alg\u00fan percance, no tendr\u00e1s mayores obst\u00e1culos para solicitar apoyo.<\/span><\/p>\n<p><span style=\"font-weight: 400;\">Pese a la incorporaci\u00f3n de pantallas digitales, los de Cupra no se han olvidado los controles f\u00edsicos. Se mantiene una <\/span><b>fila de botones para funciones clave<\/b><span style=\"font-weight: 400;\">, como la climatizaci\u00f3n o alternar entre los diferentes modos de conducci\u00f3n, lo que favorece la ergonom\u00eda y la respuesta r\u00e1pida por parte del conductor.<\/span><\/p>\n<p><span style=\"font-weight: 400;\">Sin embargo, de entre todos los componentes del equipamiento, el volante es el m\u00e1s peculiar. Para acercarse a un p\u00fablico joven, se incorporado <\/span><b>botones compactos que imitan a los del mando de una consola<\/b><span style=\"font-weight: 400;\">. Te espera la t\u00edpica cruceta de movimiento y los cuatro botones en formaci\u00f3n romboidal para ejecutar acciones. Eso s\u00ed, no sirven para jugar a un videojuego, ya que te permiten arrancar el coche o seleccionar sus modos de conducci\u00f3n con facilidad.<\/span><\/p>\n<h3><span class=\"ez-toc-section\" id=\"Diseno_del_modelo\"><\/span><span style=\"font-weight: 900;\"><img loading=\"lazy\" decoding=\"async\" class=\"aligncenter size-full wp-image-14808\" src=\"http:\/\/www.clicars.com\/blog\/wp-content\/uploads\/2025\/07\/lanzamiento-cupra-raval.jpg\" alt=\"lanzamiento cupra raval\" width=\"1200\" height=\"900\" srcset=\"https:\/\/www.clicars.com\/blog\/wp-content\/uploads\/2025\/07\/lanzamiento-cupra-raval.jpg 1200w, https:\/\/www.clicars.com\/blog\/wp-content\/uploads\/2025\/07\/lanzamiento-cupra-raval-300x225.jpg 300w, https:\/\/www.clicars.com\/blog\/wp-content\/uploads\/2025\/07\/lanzamiento-cupra-raval-1024x768.jpg 1024w, https:\/\/www.clicars.com\/blog\/wp-content\/uploads\/2025\/07\/lanzamiento-cupra-raval-768x576.jpg 768w\" sizes=\"auto, (max-width: 1200px) 100vw, 1200px\" \/>Dise\u00f1o del modelo<\/span><span class=\"ez-toc-section-end\"><\/span><\/h3>\n<p><span style=\"font-weight: 400;\">El dise\u00f1o exterior se ha orientado a transmitir un <\/span><b>tono deportivo y agresivo<\/b><span style=\"font-weight: 400;\">. La firma lum\u00ednica triangular en faros y pilotos LED define la identidad visual del veh\u00edculo, que se hace muy reconocible tanto de d\u00eda como de noche. Asimismo, las l\u00edneas de tensi\u00f3n laterales aportan un toque de dinamismo y presencia imponente que no pasa desapercibido.<\/span><\/p>\n<p><span style=\"font-weight: 400;\">Se ha optado por colocar manetas retr\u00e1ctiles enrasadas, techo flotante, retrovisores de peque\u00f1o tama\u00f1o y unos <\/span><b>difusores de fibra de carbono<\/b><span style=\"font-weight: 400;\"> contribuyen a redondear un perfil moderno y funcional. Tambi\u00e9n hay que destacar que el logotipo de Cupra se ilumina al arrancar, lo que suma un toque tecnol\u00f3gico y futurista.<\/span><\/p>\n<p><span style=\"font-weight: 400;\">Pero no hay que olvidarse del interior, un punto fundamental del buen dise\u00f1o de un veh\u00edculo. <\/span><b>El minimalismo es la nota dominante<\/b><span style=\"font-weight: 400;\"> para potenciar las funcionalidades del coche. Las superficies son limpias, las salidas de aire discretas y la interfaz se ha orientado al conductor para que pueda acceder a ella sin trabas.<\/span><\/p>\n<p><span style=\"font-weight: 400;\">El uso de <\/span><b>materiales reciclados y sostenibles<\/b><span style=\"font-weight: 400;\"> es otro punto fuerte del veh\u00edculo. Recuerda que se han usado tejidos impresos 3D, biopl\u00e1sticos de c\u00e1\u00f1amo, lino y materiales derivados de pl\u00e1sticos marinos reutilizados. De este modo, Cupra alinea el modelo con los objetivos que busca alcanzar en cuanto a econom\u00eda circular.<\/span><\/p>\n<h2><span class=\"ez-toc-section\" id=\"Fechas_de_lanzamiento_y_precios\"><\/span><span style=\"font-weight: 900;\">Fechas de lanzamiento y precios<\/span><span class=\"ez-toc-section-end\"><\/span><\/h2>\n<p><span style=\"font-weight: 400;\">El debut del modelo se ha programado para septiembre de 2025 en el Sal\u00f3n del Autom\u00f3vil de M\u00fanich. En el evento <\/span><b>se presentar\u00e1 la versi\u00f3n de producci\u00f3n<\/b><span style=\"font-weight: 400;\">, que es la derivada del prototipo: el UrbanRebel. Luego, las primeras unidades de preproducci\u00f3n comenzar\u00e1n a salir de la f\u00e1brica de Martorell a finales de 2025. Tras esto, llegar\u00e1 la fabricaci\u00f3n en serie, justo para el arranque de las ventas en Europa, que empezar\u00e1n en la primera mitad de 2026.<\/span><\/p>\n<p><span style=\"font-weight: 400;\">El precio de partida se estima que se situar\u00e1 en torno a los <\/span><b>25 000 euros antes de ayudas<\/b><span style=\"font-weight: 400;\">, como el plan <\/span><a href=\"https:\/\/www.clicars.com\/blog\/actualidad\/cambio-de-coche-en-2024-que-necesitas-saber\/\"><span style=\"font-weight: 400;\">MOVES<\/span><\/a><span style=\"font-weight: 400;\">. Esta cantidad se mantendr\u00e1 m\u00e1s o menos estable en los diferentes mercados en los que estar\u00e1 disponible el veh\u00edculo. Por ejemplo, se cree que en el Reino Unido el coste ser\u00e1 de 25 000 libras.<\/span><\/p>\n<h2><span class=\"ez-toc-section\" id=\"%C2%BFDonde_comprar_coches_urbanos_electricos\"><\/span><span style=\"font-weight: 900;\">\u00bfD\u00f3nde comprar coches urbanos el\u00e9ctricos?<\/span><span class=\"ez-toc-section-end\"><\/span><\/h2>\n<p><span style=\"font-weight: 400;\">A la hora de comprar coches urbanos el\u00e9ctricos, en Clicars te ofrecemos un <\/span><b>extenso cat\u00e1logo<\/b><span style=\"font-weight: 400;\">. Contamos con modelos de las principales marcas, entre las que destaca <\/span><a href=\"https:\/\/www.clicars.com\/coches-segunda-mano-ocasion\/cupra\"><span style=\"font-weight: 400;\">Cupra<\/span><\/a><span style=\"font-weight: 400;\">. Podr\u00e1s adquirir un veh\u00edculo de segunda mano o km 0 a un precio competitivo y con una calidad garantizada.<\/span><\/p>\n<p><span style=\"font-weight: 400;\">Ya sea para dejar atr\u00e1s tu antiguo coche o para pasarte a la movilidad el\u00e9ctrica, <\/span><b>tenemos justo el modelo que estabas buscando<\/b><span style=\"font-weight: 400;\">. Tan solo tienes que visitar la p\u00e1gina web y navegar entre las diferentes opciones para encontrar el que m\u00e1s se ajusta a tus necesidades.<\/span><\/p>\n<p><span style=\"font-weight: 400;\">En definitiva, el nuevo <\/span><b>Cupra Raval<\/b><span style=\"font-weight: 400;\"> es un el\u00e9ctrico de sobresaliente. Pese a que a\u00fan que da un tiempo para poder <\/span><b>comprar un Cupra Raval<\/b><span style=\"font-weight: 400;\">, sus prestaciones y equipamiento lo hacen destacar en el mercado. Y recuerda que en <\/span><a href=\"https:\/\/www.clicars.com\/\"><span style=\"font-weight: 400;\">Clicars<\/span><\/a><span style=\"font-weight: 400;\"> te ofrecemos los mejores modelos de segunda mano. \u00a1Cuenta con nosotros!<\/span><\/p>\n","protected":false},"excerpt":{"rendered":"<p>El Cupra Raval es un modelo sorprendente. La marca espa\u00f1ola apuesta por un dise\u00f1o moderno,&#8230;<\/p>\n","protected":false},"author":2,"featured_media":14806,"comment_status":"closed","ping_status":"closed","sticky":false,"template":"","format":"standard","meta":{"footnotes":""},"categories":[5],"tags":[],"class_list":{"0":"post-14804","1":"post","2":"type-post","3":"status-publish","4":"format-standard","5":"has-post-thumbnail","7":"category-actualidad"},"yoast_head":"<!-- This site is optimized with the Yoast SEO plugin v26.8 - https:\/\/yoast.com\/product\/yoast-seo-wordpress\/ -->\n<title>Cupra Raval: el urbano el\u00e9ctrico que sobresale en 2025 - Clicars Blog<\/title>\n<meta name=\"description\" content=\"El nuevo Cupra Raval es un modelo de coche que te va a sorprender. En esta entrada descubrir\u00e1s todas sus caracter\u00edsticas y sus fant\u00e1sticas prestaciones\" \/>\n<meta name=\"robots\" content=\"index, follow, max-snippet:-1, max-image-preview:large, max-video-preview:-1\" \/>\n<link rel=\"canonical\" href=\"https:\/\/www.clicars.com\/blog\/actualidad\/cupra-raval-el-urbano-electrico-que-sobresale-en-2025\/\" \/>\n<meta property=\"og:locale\" content=\"es_ES\" \/>\n<meta property=\"og:type\" content=\"article\" \/>\n<meta property=\"og:title\" content=\"Cupra Raval: el urbano el\u00e9ctrico que sobresale en 2025 - Clicars Blog\" \/>\n<meta property=\"og:description\" content=\"El nuevo Cupra Raval es un modelo de coche que te va a sorprender. En esta entrada descubrir\u00e1s todas sus caracter\u00edsticas y sus fant\u00e1sticas prestaciones\" \/>\n<meta property=\"og:url\" content=\"https:\/\/www.clicars.com\/blog\/actualidad\/cupra-raval-el-urbano-electrico-que-sobresale-en-2025\/\" \/>\n<meta property=\"og:site_name\" content=\"Clicars\" \/>\n<meta property=\"article:published_time\" content=\"2025-07-18T10:29:19+00:00\" \/>\n<meta property=\"og:image\" content=\"http:\/\/www.clicars.com\/blog\/wp-content\/uploads\/2025\/07\/cupra-raval-electrico-urbano.jpg\" \/>\n\t<meta property=\"og:image:width\" content=\"1200\" \/>\n\t<meta property=\"og:image:height\" content=\"900\" \/>\n\t<meta property=\"og:image:type\" content=\"image\/jpeg\" \/>\n<meta name=\"author\" content=\"Clicars\" \/>\n<meta name=\"twitter:card\" content=\"summary_large_image\" \/>\n<meta name=\"twitter:label1\" content=\"Escrito por\" \/>\n\t<meta name=\"twitter:data1\" content=\"Clicars\" \/>\n\t<meta name=\"twitter:label2\" content=\"Tiempo de lectura\" \/>\n\t<meta name=\"twitter:data2\" content=\"8 minutos\" \/>\n<script type=\"application\/ld+json\" class=\"yoast-schema-graph\">{\"@context\":\"https:\/\/schema.org\",\"@graph\":[{\"@type\":\"Article\",\"@id\":\"https:\/\/www.clicars.com\/blog\/actualidad\/cupra-raval-el-urbano-electrico-que-sobresale-en-2025\/#article\",\"isPartOf\":{\"@id\":\"https:\/\/www.clicars.com\/blog\/actualidad\/cupra-raval-el-urbano-electrico-que-sobresale-en-2025\/\"},\"author\":{\"name\":\"Clicars\",\"@id\":\"https:\/\/www.clicars.com\/blog\/#\/schema\/person\/af686c41ba96962c68871392bf2bb62d\"},\"headline\":\"Cupra Raval: el urbano el\u00e9ctrico que sobresale en 2025\",\"datePublished\":\"2025-07-18T10:29:19+00:00\",\"mainEntityOfPage\":{\"@id\":\"https:\/\/www.clicars.com\/blog\/actualidad\/cupra-raval-el-urbano-electrico-que-sobresale-en-2025\/\"},\"wordCount\":1688,\"image\":{\"@id\":\"https:\/\/www.clicars.com\/blog\/actualidad\/cupra-raval-el-urbano-electrico-que-sobresale-en-2025\/#primaryimage\"},\"thumbnailUrl\":\"https:\/\/www.clicars.com\/blog\/wp-content\/uploads\/2025\/07\/cupra-raval-electrico-urbano.jpg\",\"articleSection\":[\"Actualidad\"],\"inLanguage\":\"es\"},{\"@type\":[\"WebPage\",\"ItemPage\"],\"@id\":\"https:\/\/www.clicars.com\/blog\/actualidad\/cupra-raval-el-urbano-electrico-que-sobresale-en-2025\/\",\"url\":\"https:\/\/www.clicars.com\/blog\/actualidad\/cupra-raval-el-urbano-electrico-que-sobresale-en-2025\/\",\"name\":\"Cupra Raval: el urbano el\u00e9ctrico que sobresale en 2025 - Clicars Blog\",\"isPartOf\":{\"@id\":\"https:\/\/www.clicars.com\/blog\/#website\"},\"primaryImageOfPage\":{\"@id\":\"https:\/\/www.clicars.com\/blog\/actualidad\/cupra-raval-el-urbano-electrico-que-sobresale-en-2025\/#primaryimage\"},\"image\":{\"@id\":\"https:\/\/www.clicars.com\/blog\/actualidad\/cupra-raval-el-urbano-electrico-que-sobresale-en-2025\/#primaryimage\"},\"thumbnailUrl\":\"https:\/\/www.clicars.com\/blog\/wp-content\/uploads\/2025\/07\/cupra-raval-electrico-urbano.jpg\",\"datePublished\":\"2025-07-18T10:29:19+00:00\",\"author\":{\"@id\":\"https:\/\/www.clicars.com\/blog\/#\/schema\/person\/af686c41ba96962c68871392bf2bb62d\"},\"description\":\"El nuevo Cupra Raval es un modelo de coche que te va a sorprender. En esta entrada descubrir\u00e1s todas sus caracter\u00edsticas y sus fant\u00e1sticas prestaciones\",\"breadcrumb\":{\"@id\":\"https:\/\/www.clicars.com\/blog\/actualidad\/cupra-raval-el-urbano-electrico-que-sobresale-en-2025\/#breadcrumb\"},\"inLanguage\":\"es\",\"potentialAction\":[{\"@type\":\"ReadAction\",\"target\":[\"https:\/\/www.clicars.com\/blog\/actualidad\/cupra-raval-el-urbano-electrico-que-sobresale-en-2025\/\"]}]},{\"@type\":\"ImageObject\",\"inLanguage\":\"es\",\"@id\":\"https:\/\/www.clicars.com\/blog\/actualidad\/cupra-raval-el-urbano-electrico-que-sobresale-en-2025\/#primaryimage\",\"url\":\"https:\/\/www.clicars.com\/blog\/wp-content\/uploads\/2025\/07\/cupra-raval-electrico-urbano.jpg\",\"contentUrl\":\"https:\/\/www.clicars.com\/blog\/wp-content\/uploads\/2025\/07\/cupra-raval-electrico-urbano.jpg\",\"width\":1200,\"height\":900,\"caption\":\"cupra raval electrico urbano\"},{\"@type\":\"BreadcrumbList\",\"@id\":\"https:\/\/www.clicars.com\/blog\/actualidad\/cupra-raval-el-urbano-electrico-que-sobresale-en-2025\/#breadcrumb\",\"itemListElement\":[{\"@type\":\"ListItem\",\"position\":1,\"name\":\"Portada\",\"item\":\"https:\/\/www.clicars.com\/blog\/\"},{\"@type\":\"ListItem\",\"position\":2,\"name\":\"Cupra Raval: el urbano el\u00e9ctrico que sobresale en 2025\"}]},{\"@type\":\"WebSite\",\"@id\":\"https:\/\/www.clicars.com\/blog\/#website\",\"url\":\"https:\/\/www.clicars.com\/blog\/\",\"name\":\"Clicars\",\"description\":\"Compra tu coche de Buena Mano sin moverte de casa\",\"inLanguage\":\"es\"},{\"@type\":\"Person\",\"@id\":\"https:\/\/www.clicars.com\/blog\/#\/schema\/person\/af686c41ba96962c68871392bf2bb62d\",\"name\":\"Clicars\",\"image\":{\"@type\":\"ImageObject\",\"inLanguage\":\"es\",\"@id\":\"https:\/\/www.clicars.com\/blog\/#\/schema\/person\/image\/\",\"url\":\"https:\/\/secure.gravatar.com\/avatar\/3100622b0023049db14165cdba9dadaa9159743b871e83e440a0df9a70f80e56?s=96&d=mm&r=g\",\"contentUrl\":\"https:\/\/secure.gravatar.com\/avatar\/3100622b0023049db14165cdba9dadaa9159743b871e83e440a0df9a70f80e56?s=96&d=mm&r=g\",\"caption\":\"Clicars\"},\"sameAs\":[\"https:\/\/www.clicars.com\"],\"url\":\"https:\/\/www.clicars.com\/blog\/author\/clicars\/\"}]}<\/script>\n<!-- \/ Yoast SEO plugin. -->","yoast_head_json":{"title":"Cupra Raval: el urbano el\u00e9ctrico que sobresale en 2025 - Clicars Blog","description":"El nuevo Cupra Raval es un modelo de coche que te va a sorprender. En esta entrada descubrir\u00e1s todas sus caracter\u00edsticas y sus fant\u00e1sticas prestaciones","robots":{"index":"index","follow":"follow","max-snippet":"max-snippet:-1","max-image-preview":"max-image-preview:large","max-video-preview":"max-video-preview:-1"},"canonical":"https:\/\/www.clicars.com\/blog\/actualidad\/cupra-raval-el-urbano-electrico-que-sobresale-en-2025\/","og_locale":"es_ES","og_type":"article","og_title":"Cupra Raval: el urbano el\u00e9ctrico que sobresale en 2025 - Clicars Blog","og_description":"El nuevo Cupra Raval es un modelo de coche que te va a sorprender. En esta entrada descubrir\u00e1s todas sus caracter\u00edsticas y sus fant\u00e1sticas prestaciones","og_url":"https:\/\/www.clicars.com\/blog\/actualidad\/cupra-raval-el-urbano-electrico-que-sobresale-en-2025\/","og_site_name":"Clicars","article_published_time":"2025-07-18T10:29:19+00:00","og_image":[{"width":1200,"height":900,"url":"http:\/\/www.clicars.com\/blog\/wp-content\/uploads\/2025\/07\/cupra-raval-electrico-urbano.jpg","type":"image\/jpeg"}],"author":"Clicars","twitter_card":"summary_large_image","twitter_misc":{"Escrito por":"Clicars","Tiempo de lectura":"8 minutos"},"schema":{"@context":"https:\/\/schema.org","@graph":[{"@type":"Article","@id":"https:\/\/www.clicars.com\/blog\/actualidad\/cupra-raval-el-urbano-electrico-que-sobresale-en-2025\/#article","isPartOf":{"@id":"https:\/\/www.clicars.com\/blog\/actualidad\/cupra-raval-el-urbano-electrico-que-sobresale-en-2025\/"},"author":{"name":"Clicars","@id":"https:\/\/www.clicars.com\/blog\/#\/schema\/person\/af686c41ba96962c68871392bf2bb62d"},"headline":"Cupra Raval: el urbano el\u00e9ctrico que sobresale en 2025","datePublished":"2025-07-18T10:29:19+00:00","mainEntityOfPage":{"@id":"https:\/\/www.clicars.com\/blog\/actualidad\/cupra-raval-el-urbano-electrico-que-sobresale-en-2025\/"},"wordCount":1688,"image":{"@id":"https:\/\/www.clicars.com\/blog\/actualidad\/cupra-raval-el-urbano-electrico-que-sobresale-en-2025\/#primaryimage"},"thumbnailUrl":"https:\/\/www.clicars.com\/blog\/wp-content\/uploads\/2025\/07\/cupra-raval-electrico-urbano.jpg","articleSection":["Actualidad"],"inLanguage":"es"},{"@type":["WebPage","ItemPage"],"@id":"https:\/\/www.clicars.com\/blog\/actualidad\/cupra-raval-el-urbano-electrico-que-sobresale-en-2025\/","url":"https:\/\/www.clicars.com\/blog\/actualidad\/cupra-raval-el-urbano-electrico-que-sobresale-en-2025\/","name":"Cupra Raval: el urbano el\u00e9ctrico que sobresale en 2025 - Clicars Blog","isPartOf":{"@id":"https:\/\/www.clicars.com\/blog\/#website"},"primaryImageOfPage":{"@id":"https:\/\/www.clicars.com\/blog\/actualidad\/cupra-raval-el-urbano-electrico-que-sobresale-en-2025\/#primaryimage"},"image":{"@id":"https:\/\/www.clicars.com\/blog\/actualidad\/cupra-raval-el-urbano-electrico-que-sobresale-en-2025\/#primaryimage"},"thumbnailUrl":"https:\/\/www.clicars.com\/blog\/wp-content\/uploads\/2025\/07\/cupra-raval-electrico-urbano.jpg","datePublished":"2025-07-18T10:29:19+00:00","author":{"@id":"https:\/\/www.clicars.com\/blog\/#\/schema\/person\/af686c41ba96962c68871392bf2bb62d"},"description":"El nuevo Cupra Raval es un modelo de coche que te va a sorprender. En esta entrada descubrir\u00e1s todas sus caracter\u00edsticas y sus fant\u00e1sticas prestaciones","breadcrumb":{"@id":"https:\/\/www.clicars.com\/blog\/actualidad\/cupra-raval-el-urbano-electrico-que-sobresale-en-2025\/#breadcrumb"},"inLanguage":"es","potentialAction":[{"@type":"ReadAction","target":["https:\/\/www.clicars.com\/blog\/actualidad\/cupra-raval-el-urbano-electrico-que-sobresale-en-2025\/"]}]},{"@type":"ImageObject","inLanguage":"es","@id":"https:\/\/www.clicars.com\/blog\/actualidad\/cupra-raval-el-urbano-electrico-que-sobresale-en-2025\/#primaryimage","url":"https:\/\/www.clicars.com\/blog\/wp-content\/uploads\/2025\/07\/cupra-raval-electrico-urbano.jpg","contentUrl":"https:\/\/www.clicars.com\/blog\/wp-content\/uploads\/2025\/07\/cupra-raval-electrico-urbano.jpg","width":1200,"height":900,"caption":"cupra raval electrico urbano"},{"@type":"BreadcrumbList","@id":"https:\/\/www.clicars.com\/blog\/actualidad\/cupra-raval-el-urbano-electrico-que-sobresale-en-2025\/#breadcrumb","itemListElement":[{"@type":"ListItem","position":1,"name":"Portada","item":"https:\/\/www.clicars.com\/blog\/"},{"@type":"ListItem","position":2,"name":"Cupra Raval: el urbano el\u00e9ctrico que sobresale en 2025"}]},{"@type":"WebSite","@id":"https:\/\/www.clicars.com\/blog\/#website","url":"https:\/\/www.clicars.com\/blog\/","name":"Clicars","description":"Compra tu coche de Buena Mano sin moverte de casa","inLanguage":"es"},{"@type":"Person","@id":"https:\/\/www.clicars.com\/blog\/#\/schema\/person\/af686c41ba96962c68871392bf2bb62d","name":"Clicars","image":{"@type":"ImageObject","inLanguage":"es","@id":"https:\/\/www.clicars.com\/blog\/#\/schema\/person\/image\/","url":"https:\/\/secure.gravatar.com\/avatar\/3100622b0023049db14165cdba9dadaa9159743b871e83e440a0df9a70f80e56?s=96&d=mm&r=g","contentUrl":"https:\/\/secure.gravatar.com\/avatar\/3100622b0023049db14165cdba9dadaa9159743b871e83e440a0df9a70f80e56?s=96&d=mm&r=g","caption":"Clicars"},"sameAs":["https:\/\/www.clicars.com"],"url":"https:\/\/www.clicars.com\/blog\/author\/clicars\/"}]}},"_links":{"self":[{"href":"https:\/\/www.clicars.com\/blog\/wp-json\/wp\/v2\/posts\/14804","targetHints":{"allow":["GET"]}}],"collection":[{"href":"https:\/\/www.clicars.com\/blog\/wp-json\/wp\/v2\/posts"}],"about":[{"href":"https:\/\/www.clicars.com\/blog\/wp-json\/wp\/v2\/types\/post"}],"author":[{"embeddable":true,"href":"https:\/\/www.clicars.com\/blog\/wp-json\/wp\/v2\/users\/2"}],"replies":[{"embeddable":true,"href":"https:\/\/www.clicars.com\/blog\/wp-json\/wp\/v2\/comments?post=14804"}],"version-history":[{"count":1,"href":"https:\/\/www.clicars.com\/blog\/wp-json\/wp\/v2\/posts\/14804\/revisions"}],"predecessor-version":[{"id":14809,"href":"https:\/\/www.clicars.com\/blog\/wp-json\/wp\/v2\/posts\/14804\/revisions\/14809"}],"wp:featuredmedia":[{"embeddable":true,"href":"https:\/\/www.clicars.com\/blog\/wp-json\/wp\/v2\/media\/14806"}],"wp:attachment":[{"href":"https:\/\/www.clicars.com\/blog\/wp-json\/wp\/v2\/media?parent=14804"}],"wp:term":[{"taxonomy":"category","embeddable":true,"href":"https:\/\/www.clicars.com\/blog\/wp-json\/wp\/v2\/categories?post=14804"},{"taxonomy":"post_tag","embeddable":true,"href":"https:\/\/www.clicars.com\/blog\/wp-json\/wp\/v2\/tags?post=14804"}],"curies":[{"name":"wp","href":"https:\/\/api.w.org\/{rel}","templated":true}]}}