{"id":14993,"date":"2026-01-08T12:10:43","date_gmt":"2026-01-08T10:10:43","guid":{"rendered":"https:\/\/www.clicars.com\/blog\/?p=14993"},"modified":"2025-12-23T10:26:09","modified_gmt":"2025-12-23T08:26:09","slug":"interior-maletero-del-hyundai-tucson","status":"publish","type":"post","link":"https:\/\/www.clicars.com\/blog\/comparativa\/interior-maletero-del-hyundai-tucson\/","title":{"rendered":"Interior del Hyundai Tucson, en detalle"},"content":{"rendered":"<div id=\"ez-toc-container\" class=\"ez-toc-v2_0_80 counter-hierarchy ez-toc-counter ez-toc-light-blue ez-toc-container-direction\">\n<p class=\"ez-toc-title\" style=\"cursor:inherit\">\u00cdndice de contenidos<\/p>\n<label for=\"ez-toc-cssicon-toggle-item-69ef8d7fc3298\" class=\"ez-toc-cssicon-toggle-label\"><span class=\"ez-toc-cssicon\"><span class=\"eztoc-hide\" style=\"display:none;\">Toggle<\/span><span class=\"ez-toc-icon-toggle-span\"><svg style=\"fill: #999;color:#999\" xmlns=\"http:\/\/www.w3.org\/2000\/svg\" class=\"list-377408\" width=\"20px\" height=\"20px\" viewBox=\"0 0 24 24\" fill=\"none\"><path d=\"M6 6H4v2h2V6zm14 0H8v2h12V6zM4 11h2v2H4v-2zm16 0H8v2h12v-2zM4 16h2v2H4v-2zm16 0H8v2h12v-2z\" fill=\"currentColor\"><\/path><\/svg><svg style=\"fill: #999;color:#999\" class=\"arrow-unsorted-368013\" xmlns=\"http:\/\/www.w3.org\/2000\/svg\" width=\"10px\" height=\"10px\" viewBox=\"0 0 24 24\" version=\"1.2\" baseProfile=\"tiny\"><path d=\"M18.2 9.3l-6.2-6.3-6.2 6.3c-.2.2-.3.4-.3.7s.1.5.3.7c.2.2.4.3.7.3h11c.3 0 .5-.1.7-.3.2-.2.3-.5.3-.7s-.1-.5-.3-.7zM5.8 14.7l6.2 6.3 6.2-6.3c.2-.2.3-.5.3-.7s-.1-.5-.3-.7c-.2-.2-.4-.3-.7-.3h-11c-.3 0-.5.1-.7.3-.2.2-.3.5-.3.7s.1.5.3.7z\"\/><\/svg><\/span><\/span><\/label><input type=\"checkbox\"  id=\"ez-toc-cssicon-toggle-item-69ef8d7fc3298\"  aria-label=\"Alternar\" \/><nav><ul class='ez-toc-list ez-toc-list-level-1 ' ><li class='ez-toc-page-1 ez-toc-heading-level-2'><a class=\"ez-toc-link ez-toc-heading-1\" href=\"https:\/\/www.clicars.com\/blog\/comparativa\/interior-maletero-del-hyundai-tucson\/#El_diseno_interior_del_Hyundai_Tucson\" >El dise\u00f1o interior del Hyundai Tucson<\/a><ul class='ez-toc-list-level-3' ><li class='ez-toc-heading-level-3'><a class=\"ez-toc-link ez-toc-heading-2\" href=\"https:\/\/www.clicars.com\/blog\/comparativa\/interior-maletero-del-hyundai-tucson\/#La_revolucion_tecnologica_de_sus_pantallas_246_pulgadas_de_innovacion\" >La revoluci\u00f3n tecnol\u00f3gica de sus pantallas: 24,6 pulgadas de innovaci\u00f3n<\/a><\/li><li class='ez-toc-page-1 ez-toc-heading-level-3'><a class=\"ez-toc-link ez-toc-heading-3\" href=\"https:\/\/www.clicars.com\/blog\/comparativa\/interior-maletero-del-hyundai-tucson\/#Iluminacion_ambiental\" >Iluminaci\u00f3n ambiental<\/a><\/li><li class='ez-toc-page-1 ez-toc-heading-level-3'><a class=\"ez-toc-link ez-toc-heading-4\" href=\"https:\/\/www.clicars.com\/blog\/comparativa\/interior-maletero-del-hyundai-tucson\/#Calidad_y_detalles_que_marcan_la_diferencia\" >Calidad y detalles que marcan la diferencia<\/a><\/li><\/ul><\/li><li class='ez-toc-page-1 ez-toc-heading-level-2'><a class=\"ez-toc-link ez-toc-heading-5\" href=\"https:\/\/www.clicars.com\/blog\/comparativa\/interior-maletero-del-hyundai-tucson\/#Confort_y_amplitud_por_que_el_Tucson_es_el_SUV_familiar_por_excelencia\" >Confort y amplitud: por qu\u00e9 el Tucson es el SUV familiar por excelencia<\/a><ul class='ez-toc-list-level-3' ><li class='ez-toc-heading-level-3'><a class=\"ez-toc-link ez-toc-heading-6\" href=\"https:\/\/www.clicars.com\/blog\/comparativa\/interior-maletero-del-hyundai-tucson\/#Confort_climatico_y_asientos_premium\" >Confort clim\u00e1tico y asientos premium<\/a><\/li><li class='ez-toc-page-1 ez-toc-heading-level-3'><a class=\"ez-toc-link ez-toc-heading-7\" href=\"https:\/\/www.clicars.com\/blog\/comparativa\/interior-maletero-del-hyundai-tucson\/#El_conductor_es_el_que_mas_horas_pasa_en_el_coche_y_por_eso_el_puesto_de_conduccion_esta_pensado_para_que_te_sientas_a_gusto_desde_el_primer_minuto_y_tengas_una_excelente_visibilidad_para_controlar_la_carretera_Sin_embargo_eso_no_es_todo_%C2%BFSabias_que_en_los_acabados_mas_equipados_como_el_Style_o_el_Signature_puedes_tener_asientos_delanteros_y_tambien_traseros_calefactados_y_ventilados_Imaginate_en_verano_sentir_como_te_llega_un_golpe_de_aire_fresco_por_la_espalda_o_en_invierno_una_sensacion_de_calor_que_te_atrape_en_el_asiento\" >El conductor es el que m\u00e1s horas pasa en el coche, y por eso el puesto de conducci\u00f3n est\u00e1 pensado para que te sientas a gusto desde el primer minuto y tengas una excelente visibilidad para controlar la carretera. Sin embargo, eso no es todo. \u00bfSab\u00edas que en los acabados m\u00e1s equipados, como el Style o el Signature, puedes tener asientos delanteros (y tambi\u00e9n traseros) calefactados y ventilados? Imag\u00ednate en verano, sentir c\u00f3mo te llega un golpe de aire fresco por la espalda o en invierno una sensaci\u00f3n de calor que te atrape en el asiento.\u00a0<\/a><\/li><li class='ez-toc-page-1 ez-toc-heading-level-3'><a class=\"ez-toc-link ez-toc-heading-8\" href=\"https:\/\/www.clicars.com\/blog\/comparativa\/interior-maletero-del-hyundai-tucson\/#Ademas_el_Tucson_permite_mantener_a_todos_los_pasajeros_a_gusto_gracias_al_climatizador_de_tres_zonas_un_lujo_que_asegura_que_cada_uno_de_ellos_viaje_a_su_temperatura_ideal_independientemente_de_la_de_los_demas\" >Adem\u00e1s, el Tucson permite mantener a todos los pasajeros a gusto gracias al climatizador de tres zonas, un lujo que asegura que cada uno de ellos viaje a su temperatura ideal, independientemente de la de los dem\u00e1s.\u00a0<\/a><\/li><li class='ez-toc-page-1 ez-toc-heading-level-3'><a class=\"ez-toc-link ez-toc-heading-9\" href=\"https:\/\/www.clicars.com\/blog\/comparativa\/interior-maletero-del-hyundai-tucson\/#Las_plazas_traseras\" >Las plazas traseras<\/a><\/li><\/ul><\/li><li class='ez-toc-page-1 ez-toc-heading-level-2'><a class=\"ez-toc-link ez-toc-heading-10\" href=\"https:\/\/www.clicars.com\/blog\/comparativa\/interior-maletero-del-hyundai-tucson\/#Capacidad_del_maletero_del_Hyundai_Tucson\" >Capacidad del maletero del Hyundai Tucson<\/a><ul class='ez-toc-list-level-3' ><li class='ez-toc-heading-level-3'><a class=\"ez-toc-link ez-toc-heading-11\" href=\"https:\/\/www.clicars.com\/blog\/comparativa\/interior-maletero-del-hyundai-tucson\/#Analisis_de_litros_en_funcion_del_modelo\" >An\u00e1lisis de litros en funci\u00f3n del modelo<\/a><\/li><li class='ez-toc-page-1 ez-toc-heading-level-3'><a class=\"ez-toc-link ez-toc-heading-12\" href=\"https:\/\/www.clicars.com\/blog\/comparativa\/interior-maletero-del-hyundai-tucson\/#La_versatilidad_del_habitaculo_1799_litros_y_una_carga_inteligente\" >La versatilidad del habit\u00e1culo: 1.799 litros y una carga inteligente<\/a><\/li><\/ul><\/li><\/ul><\/nav><\/div>\n\n<p><span style=\"font-weight: 400;\">Elegir un SUV familiar es una de las decisiones m\u00e1s importantes, pero si el <\/span><b>Hyundai Tucson<\/b><span style=\"font-weight: 400;\"> est\u00e1 en tu lista de favoritos, es porque vas por buen camino. Este coche presenta un dise\u00f1o exterior vanguardista que salta a la vista, pero, \u00bfes tan amplio y avanzado como prometen? Desde<\/span><span style=\"font-weight: 400;\"> Clicars<\/span><span style=\"font-weight: 400;\"> hemos preparado esta gu\u00eda definitiva para que conozcas al mil\u00edmetro el <\/span><b>interior y maletero del Hyundai Tucson<\/b><span style=\"font-weight: 400;\">. As\u00ed, podr\u00e1s descubrir por qu\u00e9 su dise\u00f1o y capacidad lo convierten en el compa\u00f1ero perfecto para tu d\u00eda a d\u00eda y escapadas.\u00a0<\/span><\/p>\n<h2><span class=\"ez-toc-section\" id=\"El_diseno_interior_del_Hyundai_Tucson\"><\/span><span style=\"font-weight: 400;\">El dise\u00f1o interior del Hyundai Tucson<\/span><span class=\"ez-toc-section-end\"><\/span><\/h2>\n<p><span style=\"font-weight: 400;\">La marca coreana ha dado un salto enorme en cuanto a t\u00e9rminos de dise\u00f1o interior y calidad con este modelo de coche. As\u00ed, encontrar\u00e1s un habit\u00e1culo moderno y, sobre todo, muy pr\u00e1ctico.\u00a0<\/span><\/p>\n<p><span style=\"font-weight: 400;\">Cabe resaltar que las l\u00edneas horizontales que van desde el salpicadero hasta los paneles de las puertas<\/span><b> aumentan estrat\u00e9gicamente la sensaci\u00f3n de amplitud<\/b><span style=\"font-weight: 400;\">, clave de su \u00e9xito visual, pero, \u00bfqu\u00e9 significa esto en la pr\u00e1ctica? Pues que cuando dirijas la mirada de un lado a otro del coche, estas l\u00edneas gu\u00eda har\u00e1n que el habit\u00e1culo parezca mucho m\u00e1s ancho y espacioso de lo que realmente es.\u00a0<\/span><\/p>\n<h3><span class=\"ez-toc-section\" id=\"La_revolucion_tecnologica_de_sus_pantallas_246_pulgadas_de_innovacion\"><\/span><span style=\"font-weight: 400;\">La revoluci\u00f3n tecnol\u00f3gica de sus pantallas: 24,6 pulgadas de innovaci\u00f3n<\/span><span class=\"ez-toc-section-end\"><\/span><\/h3>\n<p><span style=\"font-weight: 400;\">Una de las grandes protagonistas de la cabina del Tucson es, sin duda, la tecnolog\u00eda. Hyundai ha apostado fuerte en este modelo por la digitalizaci\u00f3n, integrando una <\/span><b>doble pantalla curva de 12,3 pulgadas<\/b><span style=\"font-weight: 400;\"> que se presenta de forma elegante bajo una \u00fanica superficie. Estamos hablando, en total, de <\/span><b>24,6 pulgadas<\/b><span style=\"font-weight: 400;\"> de informaci\u00f3n y entretenimiento que se sirven con una \u00f3ptima visibilidad y manejo totalmente intuitivo.<\/span><\/p>\n<p><span style=\"font-weight: 400;\">La primera pantalla, situada detr\u00e1s del nuevo <\/span><b>volante de tres radios<\/b><span style=\"font-weight: 400;\">, act\u00faa como panel de instrumentos digital. El volante, que recibe ese nombre por tener <\/span><b>tres brazos que unen el centro con el aro<\/b><span style=\"font-weight: 400;\"> (el dise\u00f1o cl\u00e1sico, deportivo y ergon\u00f3mico), es totalmente configurable y te muestra la informaci\u00f3n de conducci\u00f3n con claridad. La segunda, situada en el centro del salpicadero, podr\u00edamos decir que es el cerebro del sistema de infoentretenimiento. Es importante que tengas claro que esta tecnolog\u00eda a bordo <\/span><b>no solo es moderna, sino tambi\u00e9n funcional<\/b><span style=\"font-weight: 400;\">.<\/span><\/p>\n<h3><span class=\"ez-toc-section\" id=\"Iluminacion_ambiental\"><\/span><span style=\"font-weight: 400;\"><img loading=\"lazy\" decoding=\"async\" class=\"aligncenter size-full wp-image-14994\" src=\"http:\/\/www.clicars.com\/blog\/wp-content\/uploads\/2025\/12\/interior-salpicadero-hyundai-tucson.jpg\" alt=\"interior salpicadero hyundai tucson\" width=\"900\" height=\"600\" srcset=\"https:\/\/www.clicars.com\/blog\/wp-content\/uploads\/2025\/12\/interior-salpicadero-hyundai-tucson.jpg 900w, https:\/\/www.clicars.com\/blog\/wp-content\/uploads\/2025\/12\/interior-salpicadero-hyundai-tucson-300x200.jpg 300w, https:\/\/www.clicars.com\/blog\/wp-content\/uploads\/2025\/12\/interior-salpicadero-hyundai-tucson-768x512.jpg 768w\" sizes=\"auto, (max-width: 900px) 100vw, 900px\" \/>Iluminaci\u00f3n ambiental<\/span><span class=\"ez-toc-section-end\"><\/span><\/h3>\n<p><span style=\"font-weight: 400;\">Otro punto a destacar en el dise\u00f1o interior del Hyundai Tucson es la iluminaci\u00f3n ambiental, pues incorpora luces ocultas param\u00e9tricas. Esto significa que la luz no es un simple ne\u00f3n, sino que est\u00e1 <\/span><b>integrada de forma invisible en las l\u00edneas del dise\u00f1o<\/b><span style=\"font-weight: 400;\"> (en el salpicadero y los paneles de la puerta), haciendo que las l\u00edneas horizontales de las que hablamos antes, destaquen a\u00fan m\u00e1s por la noche. Adem\u00e1s, se pueden <\/span><b>personalizar en color<\/b><span style=\"font-weight: 400;\">, creando la atm\u00f3sfera perfecta para cada viaje.\u00a0\u00a0<\/span><\/p>\n<h3><span class=\"ez-toc-section\" id=\"Calidad_y_detalles_que_marcan_la_diferencia\"><\/span><span style=\"font-weight: 400;\">Calidad y detalles que marcan la diferencia<\/span><span class=\"ez-toc-section-end\"><\/span><\/h3>\n<p><span style=\"font-weight: 400;\">Entre otros detalles a destacar, se encuentra el nuevo volante que, adem\u00e1s de tener un dise\u00f1o deportivo, tiene una <\/span><b>posici\u00f3n ergon\u00f3mica de los mandos<\/b><span style=\"font-weight: 400;\"> para mayor confort. Adem\u00e1s, para que no te l\u00edes con cables, el Tucson incorpora un <\/span><b>sistema de carga inal\u00e1mbrica de alta velocidad <\/b><span style=\"font-weight: 400;\">en la consola central. Lo mejor de todo es que este cargador tiene una funci\u00f3n de enfriamiento para que tu m\u00f3vil no se sobrecaliente.\u00a0<\/span><\/p>\n<p><span style=\"font-weight: 400;\">A su vez, el reposabrazos central est\u00e1 perfectamente colocado para ofrecer el <\/span><b>m\u00e1ximo confort durante la conducci\u00f3n<\/b><span style=\"font-weight: 400;\"> y proporcionar un acceso directo a la base de carga inal\u00e1mbrica y a los portavasos de la consola.<\/span><\/p>\n<p><span style=\"font-weight: 400;\">Otra caracter\u00edstica que te encantar\u00e1 es la <\/span><b>protecci\u00f3n de los umbrales de las puertas<\/b><span style=\"font-weight: 400;\">. Cuando sales del coche en d\u00edas de lluvia o en zonas de campo, <\/span><b>la parte baja de las puertas cubre el umbral<\/b><span style=\"font-weight: 400;\">. Esto es crucial, por ejemplo, al salir del coche en d\u00edas de lluvia o en zonas de campo, pues ser\u00e1 mucho m\u00e1s dif\u00edcil que te manches la ropa o las piernas con suciedad al entrar o salir.\u00a0<\/span><\/p>\n<h2><span class=\"ez-toc-section\" id=\"Confort_y_amplitud_por_que_el_Tucson_es_el_SUV_familiar_por_excelencia\"><\/span><span style=\"font-weight: 400;\">Confort y amplitud: por qu\u00e9 el Tucson es el SUV familiar por excelencia<\/span><span class=\"ez-toc-section-end\"><\/span><\/h2>\n<p><span style=\"font-weight: 400;\">Cuando hablamos de un SUV familiar, la palabra clave no es potencia, sino confort y amplitud, y aqu\u00ed es donde este coche brilla con luz propia. Con sus <\/span><b>4,50 metros de largo<\/b><span style=\"font-weight: 400;\">, ofrece un espacio interior que se sit\u00faa en la \u00e9lite de su segmento. Esto hace que los cinco ocupantes puedan viajar realmente a gusto y tengan un <\/span><b>hueco \u00f3ptimo para moverse<\/b><span style=\"font-weight: 400;\">.\u00a0<\/span><\/p>\n<h3><span class=\"ez-toc-section\" id=\"Confort_climatico_y_asientos_premium\"><\/span><span style=\"font-weight: 400;\">Confort clim\u00e1tico y asientos <\/span><i><span style=\"font-weight: 400;\">premium<\/span><\/i><span class=\"ez-toc-section-end\"><\/span><\/h3>\n<h3><span class=\"ez-toc-section\" id=\"El_conductor_es_el_que_mas_horas_pasa_en_el_coche_y_por_eso_el_puesto_de_conduccion_esta_pensado_para_que_te_sientas_a_gusto_desde_el_primer_minuto_y_tengas_una_excelente_visibilidad_para_controlar_la_carretera_Sin_embargo_eso_no_es_todo_%C2%BFSabias_que_en_los_acabados_mas_equipados_como_el_Style_o_el_Signature_puedes_tener_asientos_delanteros_y_tambien_traseros_calefactados_y_ventilados_Imaginate_en_verano_sentir_como_te_llega_un_golpe_de_aire_fresco_por_la_espalda_o_en_invierno_una_sensacion_de_calor_que_te_atrape_en_el_asiento\"><\/span><span style=\"font-weight: 400;\">El conductor es el que m\u00e1s horas pasa en el coche, y por eso el puesto de conducci\u00f3n est\u00e1 pensado para que te sientas a gusto desde el primer minuto y tengas una excelente visibilidad para controlar la carretera. Sin embargo, eso no es todo. \u00bfSab\u00edas que en los acabados m\u00e1s equipados, como el <\/span><b>Style<\/b><span style=\"font-weight: 400;\"> o el <\/span><b>Signature<\/b><span style=\"font-weight: 400;\">, puedes tener <\/span><b>asientos delanteros (y tambi\u00e9n traseros) calefactados y ventilados<\/b><span style=\"font-weight: 400;\">? Imag\u00ednate en verano, sentir c\u00f3mo te llega un golpe de aire fresco por la espalda o en invierno una sensaci\u00f3n de calor que te atrape en el asiento.\u00a0<\/span><span class=\"ez-toc-section-end\"><\/span><\/h3>\n<h3><span class=\"ez-toc-section\" id=\"Ademas_el_Tucson_permite_mantener_a_todos_los_pasajeros_a_gusto_gracias_al_climatizador_de_tres_zonas_un_lujo_que_asegura_que_cada_uno_de_ellos_viaje_a_su_temperatura_ideal_independientemente_de_la_de_los_demas\"><\/span><span style=\"font-weight: 400;\">Adem\u00e1s, el Tucson permite mantener a todos los pasajeros a gusto gracias al <\/span><b>climatizador de tres zonas<\/b><span style=\"font-weight: 400;\">, un lujo que asegura que cada uno de ellos viaje a su temperatura ideal, independientemente de la de los dem\u00e1s.\u00a0<\/span><span class=\"ez-toc-section-end\"><\/span><\/h3>\n<h3><span class=\"ez-toc-section\" id=\"Las_plazas_traseras\"><\/span><span style=\"font-weight: 400;\"><img loading=\"lazy\" decoding=\"async\" class=\"aligncenter size-full wp-image-14995\" src=\"http:\/\/www.clicars.com\/blog\/wp-content\/uploads\/2025\/12\/asientos-hyundai-tucson.jpg\" alt=\"asientos hyundai tucson\" width=\"900\" height=\"600\" srcset=\"https:\/\/www.clicars.com\/blog\/wp-content\/uploads\/2025\/12\/asientos-hyundai-tucson.jpg 900w, https:\/\/www.clicars.com\/blog\/wp-content\/uploads\/2025\/12\/asientos-hyundai-tucson-300x200.jpg 300w, https:\/\/www.clicars.com\/blog\/wp-content\/uploads\/2025\/12\/asientos-hyundai-tucson-768x512.jpg 768w\" sizes=\"auto, (max-width: 900px) 100vw, 900px\" \/>Las plazas traseras<\/span><span class=\"ez-toc-section-end\"><\/span><\/h3>\n<p><span style=\"font-weight: 400;\">Aqu\u00ed est\u00e1 la prueba de fuego de cualquier coche familiar: las plazas traseras, y el Tucson las supera con matr\u00edcula de honor.<\/span><\/p>\n<p><span style=\"font-weight: 400;\">El espacio para las piernas en la segunda fila es <\/span><b>uno de los m\u00e1s generosos de su categor\u00eda<\/b><span style=\"font-weight: 400;\">. Aunque se suban personas que midan 1,80 metros, podr\u00e1n viajar con holgura sin que las rodillas rocen el respaldo del asiento de delante.\u00a0<\/span><\/p>\n<p><span style=\"font-weight: 400;\">Adem\u00e1s, para garantizar el m\u00e1ximo confort del pasajero central, el <\/span><b>t\u00fanel de transmisi\u00f3n es muy discreto<\/b><span style=\"font-weight: 400;\">. Esto significa que el suelo es casi plano en esta zona, dejando mucho m\u00e1s espacio para que el <\/span><b>ocupante del medio pueda estirar sus piernas sin ir inc\u00f3modo<\/b><span style=\"font-weight: 400;\">.<\/span><\/p>\n<p><span style=\"font-weight: 400;\">Por otra parte, la parte trasera tambi\u00e9n destaca por tener<\/span><b> asientos reclinables<\/b><span style=\"font-weight: 400;\">, pudiendo ajustar el \u00e1ngulo de forma personalizada en funci\u00f3n de las necesidades, y <\/span><b>salidas de toma USB-C<\/b><span style=\"font-weight: 400;\">.\u00a0\u00a0\u00a0<\/span><\/p>\n<h2><span class=\"ez-toc-section\" id=\"Capacidad_del_maletero_del_Hyundai_Tucson\"><\/span><span style=\"font-weight: 400;\"><img loading=\"lazy\" decoding=\"async\" class=\"aligncenter size-full wp-image-14996\" src=\"http:\/\/www.clicars.com\/blog\/wp-content\/uploads\/2025\/12\/asientos-traseros-hyundai-tucson.jpg\" alt=\"asientos traseros hyundai tucson\" width=\"900\" height=\"600\" srcset=\"https:\/\/www.clicars.com\/blog\/wp-content\/uploads\/2025\/12\/asientos-traseros-hyundai-tucson.jpg 900w, https:\/\/www.clicars.com\/blog\/wp-content\/uploads\/2025\/12\/asientos-traseros-hyundai-tucson-300x200.jpg 300w, https:\/\/www.clicars.com\/blog\/wp-content\/uploads\/2025\/12\/asientos-traseros-hyundai-tucson-768x512.jpg 768w\" sizes=\"auto, (max-width: 900px) 100vw, 900px\" \/>Capacidad del maletero del Hyundai Tucson<\/span><span class=\"ez-toc-section-end\"><\/span><\/h2>\n<p><span style=\"font-weight: 400;\">\u00bfTiene el coche suficiente volumen de carga para la compra semanal, las maletas de vacaciones, la sillita del beb\u00e9 y el material deportivo? La respuesta es un rotundo s\u00ed, y es que la capacidad del maletero de este coche es, sin exagerar, uno de sus <\/span><b>mayores argumentos de venta<\/b><span style=\"font-weight: 400;\">.\u00a0<\/span><\/p>\n<h3><span class=\"ez-toc-section\" id=\"Analisis_de_litros_en_funcion_del_modelo\"><\/span><span style=\"font-weight: 400;\">An\u00e1lisis de litros en funci\u00f3n del modelo<\/span><span class=\"ez-toc-section-end\"><\/span><\/h3>\n<p><span style=\"font-weight: 400;\">La capacidad del maletero puede <\/span><b>variar ligeramente dependiendo de la versi\u00f3n que elijas<\/b><span style=\"font-weight: 400;\">, ya que la colocaci\u00f3n de las bater\u00edas en las variantes electrificadas puede restar alg\u00fan litro de maletero. Aqu\u00ed te hacemos un desglose por modelos de la capacidad del maletero con los asientos en su posici\u00f3n normal:<\/span><\/p>\n<ul>\n<li style=\"font-weight: 400;\" aria-level=\"1\"><b>Motorizaciones de gasolina y di\u00e9sel<\/b><span style=\"font-weight: 400;\">: en las versiones convencionales, el volumen de carga es espectacular, puesto que llega hasta los 620 litros. Esta cifra est\u00e1 muy por encima de la competencia y te garantiza espacio para unas 4 o 5 maletas grandes sin problemas.<\/span><\/li>\n<li style=\"font-weight: 400;\" aria-level=\"1\"><b>Versiones microh\u00edbridas (MHE<\/b><span style=\"font-weight: 400;\">V): en los modelos h\u00edbridos ligeros, el espacio se mantiene casi intacto, oscilando entre 546 y 616 litros dependiendo de la configuraci\u00f3n.\u00a0<\/span><\/li>\n<li style=\"font-weight: 400;\" aria-level=\"1\"><b>Versiones h\u00edbridas enchufables (PHEV)<\/b><span style=\"font-weight: 400;\">: en la versi\u00f3n con etiqueta CERO, el espacio se reduce un poco m\u00e1s debido a la bater\u00eda, pero sigue siendo excelente: 558 litros.<\/span><\/li>\n<\/ul>\n<p><span style=\"font-weight: 400;\">\u00bfTe has fijado en estos n\u00fameros? En el peor de los casos, sigues teniendo un<\/span><b> maletero grande y muy aprovechable<\/b><span style=\"font-weight: 400;\">.\u00a0<\/span><\/p>\n<h3><span class=\"ez-toc-section\" id=\"La_versatilidad_del_habitaculo_1799_litros_y_una_carga_inteligente\"><\/span><span style=\"font-weight: 400;\"><img loading=\"lazy\" decoding=\"async\" class=\"aligncenter size-full wp-image-14997\" src=\"http:\/\/www.clicars.com\/blog\/wp-content\/uploads\/2025\/12\/maletero-hyundai-tucson.jpg\" alt=\"maletero hyundai tucson\" width=\"900\" height=\"600\" srcset=\"https:\/\/www.clicars.com\/blog\/wp-content\/uploads\/2025\/12\/maletero-hyundai-tucson.jpg 900w, https:\/\/www.clicars.com\/blog\/wp-content\/uploads\/2025\/12\/maletero-hyundai-tucson-300x200.jpg 300w, https:\/\/www.clicars.com\/blog\/wp-content\/uploads\/2025\/12\/maletero-hyundai-tucson-768x512.jpg 768w\" sizes=\"auto, (max-width: 900px) 100vw, 900px\" \/>La versatilidad del habit\u00e1culo: 1.799 litros y una carga inteligente<\/span><span class=\"ez-toc-section-end\"><\/span><\/h3>\n<p><span style=\"font-weight: 400;\">\u00bfNecesitas transportar un mueble, unas tablas de <\/span><i><span style=\"font-weight: 400;\">surf <\/span><\/i><span style=\"font-weight: 400;\">o una bicicleta? Gracias al sistema de asientos abatibles en remoto (a trav\u00e9s de unas palancas situadas en las paredes del propio ba\u00fal), podr\u00e1s<\/span><b> plegar los respaldos traseros sin esfuerzo<\/b><span style=\"font-weight: 400;\">.\u00a0<\/span><\/p>\n<p><span style=\"font-weight: 400;\">El <\/span><b>Tucson<\/b><span style=\"font-weight: 400;\"> no solo impresiona por su volumen, sino por su <\/span><b>versatilidad<\/b><span style=\"font-weight: 400;\">. Para ayudarte en el d\u00eda a d\u00eda, la <\/span><b>banqueta trasera (el conjunto de asientos de la fila de atr\u00e1s)<\/b><span style=\"font-weight: 400;\"> tiene una divisi\u00f3n muy pr\u00e1ctica: 40:20:40.<\/span><\/p>\n<p><span style=\"font-weight: 400;\">\u00bfQu\u00e9 significa esto en la pr\u00e1ctica?<\/span><\/p>\n<ul>\n<li style=\"font-weight: 400;\" aria-level=\"1\"><b>Puedes Capacidad M\u00e1xima:<\/b><span style=\"font-weight: 400;\"> Si no llevas pasajeros y necesitas el m\u00e1ximo espacio, puedes abatir la banqueta trasera por completo para alcanzar una capacidad espectacular de <\/span><b>1.799 litros<\/b><span style=\"font-weight: 400;\">. Esto te da la flexibilidad de transportar objetos voluminosos para una mudanza o unas vacaciones con mucho equipaje.<\/span><\/li>\n<\/ul>\n<p><span style=\"font-weight: 400;\">Adem\u00e1s, pensando en tu comodidad, el maletero cuenta con un <\/span><b>port\u00f3n trasero inteligente<\/b><span style=\"font-weight: 400;\"> que se abre autom\u00e1ticamente al detectar la llave cerca, perfecto si tienes las manos ocupadas con la compra.<\/span><\/p>\n<p><span style=\"font-weight: 400;\">La banqueta trasera (el conjunto de asientos de la fila de atr\u00e1s) se divide en una pr\u00e1ctica proporci\u00f3n 40:20:40. \u00bfQu\u00e9 significa esto? Pues que podr\u00e1s:\u00a0<\/span><\/p>\n<ul>\n<li style=\"font-weight: 400;\" aria-level=\"1\"><span style=\"font-weight: 400;\">Abatir <\/span><b>solo el asiento central (el 20 %):<\/b><span style=\"font-weight: 400;\"> esto te permitir\u00e1 llevar a <\/span><b>dos pasajeros c\u00f3modamente atr\u00e1s<\/b><span style=\"font-weight: 400;\"> (en el 40 % de la izquierda y el 40 % de la derecha) y, al mismo tiempo, introducir por el centro objetos largos, como una estanter\u00eda.\u00a0<\/span><\/li>\n<li style=\"font-weight: 400;\" aria-level=\"1\"><b>Abatir todo para alcanzar una capacidad m\u00e1xima de 1799 litros<\/b><span style=\"font-weight: 400;\">. \u00a1De este modo, es como si tu SUV se convirtiera en una peque\u00f1a furgoneta!<\/span><\/li>\n<\/ul>\n<p><span style=\"font-weight: 400;\">Como la marca piensa en todo, el Tucson cuenta con <\/span><b>port\u00f3n trasero inteligente<\/b><span style=\"font-weight: 400;\">. As\u00ed, si tienes las manos ocupadas con bolsas o maletas, se abrir\u00e1 autom\u00e1ticamente cuando detecte la llave inteligente cerca durante unos segundos.\u00a0<\/span><\/p>\n<p><span style=\"font-weight: 400;\">En resumen, ahora que hemos hecho un recorrido por cada aspecto a destacar del <\/span><b>interior y maletero del Hyundai Tucson<\/b><span style=\"font-weight: 400;\">, esperamos que hayas llegado a la conclusi\u00f3n de que este coche lo tiene todo: estilo, tecnolog\u00eda y espacio, una combinaci\u00f3n ganadora. Si te ha conquistado y has decidido que este SUV ser\u00e1 tu compa\u00f1ero perfecto en la carretera, te animamos a entrar en nuestra web para descubrir la <\/span><a href=\"https:\/\/www.clicars.com\/coches-segunda-mano-ocasion\/hyundai\/tucson\"><span style=\"font-weight: 400;\">Hyundai Tucson de segunda mano<\/span><\/a><span style=\"font-weight: 400;\">\u00a0que tenemos disponibles.\u00a0<\/span><\/p>\n","protected":false},"excerpt":{"rendered":"<p>Elegir un SUV familiar es una de las decisiones m\u00e1s importantes, pero si el Hyundai&#8230;<\/p>\n","protected":false},"author":2,"featured_media":14998,"comment_status":"closed","ping_status":"closed","sticky":false,"template":"","format":"standard","meta":{"footnotes":""},"categories":[2],"tags":[],"class_list":{"0":"post-14993","1":"post","2":"type-post","3":"status-publish","4":"format-standard","5":"has-post-thumbnail","7":"category-comparativa"},"yoast_head":"<!-- This site is optimized with the Yoast SEO plugin v26.8 - https:\/\/yoast.com\/product\/yoast-seo-wordpress\/ -->\n<title>Interior y maletero del Hyundai Tucson - Clicars Blog<\/title>\n<meta name=\"description\" content=\"Detalles del interior y maletero del Hyundai Tucson. Te contamos todo sobre esta nueva generaci\u00f3n que introduce grandes cambios la modelo.\" \/>\n<meta name=\"robots\" content=\"index, follow, max-snippet:-1, max-image-preview:large, max-video-preview:-1\" \/>\n<link rel=\"canonical\" href=\"https:\/\/www.clicars.com\/blog\/comparativa\/interior-maletero-del-hyundai-tucson\/\" \/>\n<meta property=\"og:locale\" content=\"es_ES\" \/>\n<meta property=\"og:type\" content=\"article\" \/>\n<meta property=\"og:title\" content=\"Interior y maletero del Hyundai Tucson - Clicars Blog\" \/>\n<meta property=\"og:description\" content=\"Detalles del interior y maletero del Hyundai Tucson. Te contamos todo sobre esta nueva generaci\u00f3n que introduce grandes cambios la modelo.\" \/>\n<meta property=\"og:url\" content=\"https:\/\/www.clicars.com\/blog\/comparativa\/interior-maletero-del-hyundai-tucson\/\" \/>\n<meta property=\"og:site_name\" content=\"Clicars\" \/>\n<meta property=\"article:published_time\" content=\"2026-01-08T10:10:43+00:00\" \/>\n<meta property=\"og:image\" content=\"https:\/\/www.clicars.com\/blog\/wp-content\/uploads\/2025\/12\/hyundai-tucson-interior-y-maletero.jpg\" \/>\n\t<meta property=\"og:image:width\" content=\"900\" \/>\n\t<meta property=\"og:image:height\" content=\"600\" \/>\n\t<meta property=\"og:image:type\" content=\"image\/jpeg\" \/>\n<meta name=\"author\" content=\"Clicars\" \/>\n<meta name=\"twitter:card\" content=\"summary_large_image\" \/>\n<meta name=\"twitter:label1\" content=\"Escrito por\" \/>\n\t<meta name=\"twitter:data1\" content=\"Clicars\" \/>\n\t<meta name=\"twitter:label2\" content=\"Tiempo de lectura\" \/>\n\t<meta name=\"twitter:data2\" content=\"9 minutos\" \/>\n<script type=\"application\/ld+json\" class=\"yoast-schema-graph\">{\"@context\":\"https:\/\/schema.org\",\"@graph\":[{\"@type\":\"Article\",\"@id\":\"https:\/\/www.clicars.com\/blog\/comparativa\/interior-maletero-del-hyundai-tucson\/#article\",\"isPartOf\":{\"@id\":\"https:\/\/www.clicars.com\/blog\/comparativa\/interior-maletero-del-hyundai-tucson\/\"},\"author\":{\"name\":\"Clicars\",\"@id\":\"https:\/\/www.clicars.com\/blog\/#\/schema\/person\/af686c41ba96962c68871392bf2bb62d\"},\"headline\":\"Interior del Hyundai Tucson, en detalle\",\"datePublished\":\"2026-01-08T10:10:43+00:00\",\"mainEntityOfPage\":{\"@id\":\"https:\/\/www.clicars.com\/blog\/comparativa\/interior-maletero-del-hyundai-tucson\/\"},\"wordCount\":1698,\"image\":{\"@id\":\"https:\/\/www.clicars.com\/blog\/comparativa\/interior-maletero-del-hyundai-tucson\/#primaryimage\"},\"thumbnailUrl\":\"https:\/\/www.clicars.com\/blog\/wp-content\/uploads\/2025\/12\/hyundai-tucson-interior-y-maletero.jpg\",\"articleSection\":[\"Comparativa\"],\"inLanguage\":\"es\"},{\"@type\":[\"WebPage\",\"ItemPage\"],\"@id\":\"https:\/\/www.clicars.com\/blog\/comparativa\/interior-maletero-del-hyundai-tucson\/\",\"url\":\"https:\/\/www.clicars.com\/blog\/comparativa\/interior-maletero-del-hyundai-tucson\/\",\"name\":\"Interior y maletero del Hyundai Tucson - Clicars Blog\",\"isPartOf\":{\"@id\":\"https:\/\/www.clicars.com\/blog\/#website\"},\"primaryImageOfPage\":{\"@id\":\"https:\/\/www.clicars.com\/blog\/comparativa\/interior-maletero-del-hyundai-tucson\/#primaryimage\"},\"image\":{\"@id\":\"https:\/\/www.clicars.com\/blog\/comparativa\/interior-maletero-del-hyundai-tucson\/#primaryimage\"},\"thumbnailUrl\":\"https:\/\/www.clicars.com\/blog\/wp-content\/uploads\/2025\/12\/hyundai-tucson-interior-y-maletero.jpg\",\"datePublished\":\"2026-01-08T10:10:43+00:00\",\"author\":{\"@id\":\"https:\/\/www.clicars.com\/blog\/#\/schema\/person\/af686c41ba96962c68871392bf2bb62d\"},\"description\":\"Detalles del interior y maletero del Hyundai Tucson. Te contamos todo sobre esta nueva generaci\u00f3n que introduce grandes cambios la modelo.\",\"breadcrumb\":{\"@id\":\"https:\/\/www.clicars.com\/blog\/comparativa\/interior-maletero-del-hyundai-tucson\/#breadcrumb\"},\"inLanguage\":\"es\",\"potentialAction\":[{\"@type\":\"ReadAction\",\"target\":[\"https:\/\/www.clicars.com\/blog\/comparativa\/interior-maletero-del-hyundai-tucson\/\"]}]},{\"@type\":\"ImageObject\",\"inLanguage\":\"es\",\"@id\":\"https:\/\/www.clicars.com\/blog\/comparativa\/interior-maletero-del-hyundai-tucson\/#primaryimage\",\"url\":\"https:\/\/www.clicars.com\/blog\/wp-content\/uploads\/2025\/12\/hyundai-tucson-interior-y-maletero.jpg\",\"contentUrl\":\"https:\/\/www.clicars.com\/blog\/wp-content\/uploads\/2025\/12\/hyundai-tucson-interior-y-maletero.jpg\",\"width\":900,\"height\":600,\"caption\":\"hyundai tucson interior y maletero\"},{\"@type\":\"BreadcrumbList\",\"@id\":\"https:\/\/www.clicars.com\/blog\/comparativa\/interior-maletero-del-hyundai-tucson\/#breadcrumb\",\"itemListElement\":[{\"@type\":\"ListItem\",\"position\":1,\"name\":\"Portada\",\"item\":\"https:\/\/www.clicars.com\/blog\/\"},{\"@type\":\"ListItem\",\"position\":2,\"name\":\"Interior del Hyundai Tucson, en detalle\"}]},{\"@type\":\"WebSite\",\"@id\":\"https:\/\/www.clicars.com\/blog\/#website\",\"url\":\"https:\/\/www.clicars.com\/blog\/\",\"name\":\"Clicars\",\"description\":\"Compra tu coche de Buena Mano sin moverte de casa\",\"inLanguage\":\"es\"},{\"@type\":\"Person\",\"@id\":\"https:\/\/www.clicars.com\/blog\/#\/schema\/person\/af686c41ba96962c68871392bf2bb62d\",\"name\":\"Clicars\",\"image\":{\"@type\":\"ImageObject\",\"inLanguage\":\"es\",\"@id\":\"https:\/\/www.clicars.com\/blog\/#\/schema\/person\/image\/\",\"url\":\"https:\/\/secure.gravatar.com\/avatar\/3100622b0023049db14165cdba9dadaa9159743b871e83e440a0df9a70f80e56?s=96&d=mm&r=g\",\"contentUrl\":\"https:\/\/secure.gravatar.com\/avatar\/3100622b0023049db14165cdba9dadaa9159743b871e83e440a0df9a70f80e56?s=96&d=mm&r=g\",\"caption\":\"Clicars\"},\"sameAs\":[\"https:\/\/www.clicars.com\"],\"url\":\"https:\/\/www.clicars.com\/blog\/author\/clicars\/\"}]}<\/script>\n<!-- \/ Yoast SEO plugin. -->","yoast_head_json":{"title":"Interior y maletero del Hyundai Tucson - Clicars Blog","description":"Detalles del interior y maletero del Hyundai Tucson. Te contamos todo sobre esta nueva generaci\u00f3n que introduce grandes cambios la modelo.","robots":{"index":"index","follow":"follow","max-snippet":"max-snippet:-1","max-image-preview":"max-image-preview:large","max-video-preview":"max-video-preview:-1"},"canonical":"https:\/\/www.clicars.com\/blog\/comparativa\/interior-maletero-del-hyundai-tucson\/","og_locale":"es_ES","og_type":"article","og_title":"Interior y maletero del Hyundai Tucson - Clicars Blog","og_description":"Detalles del interior y maletero del Hyundai Tucson. Te contamos todo sobre esta nueva generaci\u00f3n que introduce grandes cambios la modelo.","og_url":"https:\/\/www.clicars.com\/blog\/comparativa\/interior-maletero-del-hyundai-tucson\/","og_site_name":"Clicars","article_published_time":"2026-01-08T10:10:43+00:00","og_image":[{"width":900,"height":600,"url":"https:\/\/www.clicars.com\/blog\/wp-content\/uploads\/2025\/12\/hyundai-tucson-interior-y-maletero.jpg","type":"image\/jpeg"}],"author":"Clicars","twitter_card":"summary_large_image","twitter_misc":{"Escrito por":"Clicars","Tiempo de lectura":"9 minutos"},"schema":{"@context":"https:\/\/schema.org","@graph":[{"@type":"Article","@id":"https:\/\/www.clicars.com\/blog\/comparativa\/interior-maletero-del-hyundai-tucson\/#article","isPartOf":{"@id":"https:\/\/www.clicars.com\/blog\/comparativa\/interior-maletero-del-hyundai-tucson\/"},"author":{"name":"Clicars","@id":"https:\/\/www.clicars.com\/blog\/#\/schema\/person\/af686c41ba96962c68871392bf2bb62d"},"headline":"Interior del Hyundai Tucson, en detalle","datePublished":"2026-01-08T10:10:43+00:00","mainEntityOfPage":{"@id":"https:\/\/www.clicars.com\/blog\/comparativa\/interior-maletero-del-hyundai-tucson\/"},"wordCount":1698,"image":{"@id":"https:\/\/www.clicars.com\/blog\/comparativa\/interior-maletero-del-hyundai-tucson\/#primaryimage"},"thumbnailUrl":"https:\/\/www.clicars.com\/blog\/wp-content\/uploads\/2025\/12\/hyundai-tucson-interior-y-maletero.jpg","articleSection":["Comparativa"],"inLanguage":"es"},{"@type":["WebPage","ItemPage"],"@id":"https:\/\/www.clicars.com\/blog\/comparativa\/interior-maletero-del-hyundai-tucson\/","url":"https:\/\/www.clicars.com\/blog\/comparativa\/interior-maletero-del-hyundai-tucson\/","name":"Interior y maletero del Hyundai Tucson - Clicars Blog","isPartOf":{"@id":"https:\/\/www.clicars.com\/blog\/#website"},"primaryImageOfPage":{"@id":"https:\/\/www.clicars.com\/blog\/comparativa\/interior-maletero-del-hyundai-tucson\/#primaryimage"},"image":{"@id":"https:\/\/www.clicars.com\/blog\/comparativa\/interior-maletero-del-hyundai-tucson\/#primaryimage"},"thumbnailUrl":"https:\/\/www.clicars.com\/blog\/wp-content\/uploads\/2025\/12\/hyundai-tucson-interior-y-maletero.jpg","datePublished":"2026-01-08T10:10:43+00:00","author":{"@id":"https:\/\/www.clicars.com\/blog\/#\/schema\/person\/af686c41ba96962c68871392bf2bb62d"},"description":"Detalles del interior y maletero del Hyundai Tucson. Te contamos todo sobre esta nueva generaci\u00f3n que introduce grandes cambios la modelo.","breadcrumb":{"@id":"https:\/\/www.clicars.com\/blog\/comparativa\/interior-maletero-del-hyundai-tucson\/#breadcrumb"},"inLanguage":"es","potentialAction":[{"@type":"ReadAction","target":["https:\/\/www.clicars.com\/blog\/comparativa\/interior-maletero-del-hyundai-tucson\/"]}]},{"@type":"ImageObject","inLanguage":"es","@id":"https:\/\/www.clicars.com\/blog\/comparativa\/interior-maletero-del-hyundai-tucson\/#primaryimage","url":"https:\/\/www.clicars.com\/blog\/wp-content\/uploads\/2025\/12\/hyundai-tucson-interior-y-maletero.jpg","contentUrl":"https:\/\/www.clicars.com\/blog\/wp-content\/uploads\/2025\/12\/hyundai-tucson-interior-y-maletero.jpg","width":900,"height":600,"caption":"hyundai tucson interior y maletero"},{"@type":"BreadcrumbList","@id":"https:\/\/www.clicars.com\/blog\/comparativa\/interior-maletero-del-hyundai-tucson\/#breadcrumb","itemListElement":[{"@type":"ListItem","position":1,"name":"Portada","item":"https:\/\/www.clicars.com\/blog\/"},{"@type":"ListItem","position":2,"name":"Interior del Hyundai Tucson, en detalle"}]},{"@type":"WebSite","@id":"https:\/\/www.clicars.com\/blog\/#website","url":"https:\/\/www.clicars.com\/blog\/","name":"Clicars","description":"Compra tu coche de Buena Mano sin moverte de casa","inLanguage":"es"},{"@type":"Person","@id":"https:\/\/www.clicars.com\/blog\/#\/schema\/person\/af686c41ba96962c68871392bf2bb62d","name":"Clicars","image":{"@type":"ImageObject","inLanguage":"es","@id":"https:\/\/www.clicars.com\/blog\/#\/schema\/person\/image\/","url":"https:\/\/secure.gravatar.com\/avatar\/3100622b0023049db14165cdba9dadaa9159743b871e83e440a0df9a70f80e56?s=96&d=mm&r=g","contentUrl":"https:\/\/secure.gravatar.com\/avatar\/3100622b0023049db14165cdba9dadaa9159743b871e83e440a0df9a70f80e56?s=96&d=mm&r=g","caption":"Clicars"},"sameAs":["https:\/\/www.clicars.com"],"url":"https:\/\/www.clicars.com\/blog\/author\/clicars\/"}]}},"_links":{"self":[{"href":"https:\/\/www.clicars.com\/blog\/wp-json\/wp\/v2\/posts\/14993","targetHints":{"allow":["GET"]}}],"collection":[{"href":"https:\/\/www.clicars.com\/blog\/wp-json\/wp\/v2\/posts"}],"about":[{"href":"https:\/\/www.clicars.com\/blog\/wp-json\/wp\/v2\/types\/post"}],"author":[{"embeddable":true,"href":"https:\/\/www.clicars.com\/blog\/wp-json\/wp\/v2\/users\/2"}],"replies":[{"embeddable":true,"href":"https:\/\/www.clicars.com\/blog\/wp-json\/wp\/v2\/comments?post=14993"}],"version-history":[{"count":1,"href":"https:\/\/www.clicars.com\/blog\/wp-json\/wp\/v2\/posts\/14993\/revisions"}],"predecessor-version":[{"id":14999,"href":"https:\/\/www.clicars.com\/blog\/wp-json\/wp\/v2\/posts\/14993\/revisions\/14999"}],"wp:featuredmedia":[{"embeddable":true,"href":"https:\/\/www.clicars.com\/blog\/wp-json\/wp\/v2\/media\/14998"}],"wp:attachment":[{"href":"https:\/\/www.clicars.com\/blog\/wp-json\/wp\/v2\/media?parent=14993"}],"wp:term":[{"taxonomy":"category","embeddable":true,"href":"https:\/\/www.clicars.com\/blog\/wp-json\/wp\/v2\/categories?post=14993"},{"taxonomy":"post_tag","embeddable":true,"href":"https:\/\/www.clicars.com\/blog\/wp-json\/wp\/v2\/tags?post=14993"}],"curies":[{"name":"wp","href":"https:\/\/api.w.org\/{rel}","templated":true}]}}