{"id":6364,"date":"2022-11-29T12:37:17","date_gmt":"2022-11-29T10:37:17","guid":{"rendered":"https:\/\/www.clicars.com\/blog\/?p=6364"},"modified":"2024-02-01T13:46:11","modified_gmt":"2024-02-01T11:46:11","slug":"coches-adaptados-discapacidad","status":"publish","type":"post","link":"https:\/\/www.clicars.com\/blog\/actualidad\/coches-adaptados-discapacidad\/","title":{"rendered":"Coches adaptados para personas con discapacidad"},"content":{"rendered":"<p>La devoci\u00f3n por la automoci\u00f3n no es cuesti\u00f3n de sexos, edades o condiciones f\u00edsicas, sino, m\u00e1s bien, de saber apreciar todas y cada una de las vibraciones, sonidos y sensaciones que se experimentan dentro de un autom\u00f3vil.<\/p>\n<p>Para algunos, conducir no es m\u00e1s que una necesidad para cubrir desplazamientos y, para otros, es el momento en el que los problemas desaparecen, la adrenalina se dispara y la sonrisa aparece, con m\u00e1s fuerza y brillo, en la cara. Sea como sea, todos debemos tener la posibilidad de conducir o vivir nuestra propia experiencia en el coche y, por ello, las marcas han desarrollado <strong>coches adaptados a las limitaciones f\u00edsicas<\/strong> de los diferentes conductores, aprovech\u00e1ndose de la grand\u00edsima <a href=\"https:\/\/www.clicars.com\/blog\/actualidad\/ayuda-tecnologia-conduccion\/\">ayuda de la tecnolog\u00eda en la conducci\u00f3n<\/a>.<\/p>\n<p>En Espa\u00f1a hay <strong>m\u00e1s de un mill\u00f3n de personas que tienen movilidad reducida<\/strong>, por lo que es necesario que sus veh\u00edculos est\u00e9n debidamente adaptados a sus necesidades. Si quieres saber cu\u00e1les son las opciones disponibles, \u00a1has aparcado en el sitio correcto! Te los explicamos a continuaci\u00f3n.<\/p>\n<div id=\"ez-toc-container\" class=\"ez-toc-v2_0_80 counter-hierarchy ez-toc-counter ez-toc-light-blue ez-toc-container-direction\">\n<p class=\"ez-toc-title\" style=\"cursor:inherit\">\u00cdndice de contenidos<\/p>\n<label for=\"ez-toc-cssicon-toggle-item-69ee47a85756a\" class=\"ez-toc-cssicon-toggle-label\"><span class=\"ez-toc-cssicon\"><span class=\"eztoc-hide\" style=\"display:none;\">Toggle<\/span><span class=\"ez-toc-icon-toggle-span\"><svg style=\"fill: #999;color:#999\" xmlns=\"http:\/\/www.w3.org\/2000\/svg\" class=\"list-377408\" width=\"20px\" height=\"20px\" viewBox=\"0 0 24 24\" fill=\"none\"><path d=\"M6 6H4v2h2V6zm14 0H8v2h12V6zM4 11h2v2H4v-2zm16 0H8v2h12v-2zM4 16h2v2H4v-2zm16 0H8v2h12v-2z\" fill=\"currentColor\"><\/path><\/svg><svg style=\"fill: #999;color:#999\" class=\"arrow-unsorted-368013\" xmlns=\"http:\/\/www.w3.org\/2000\/svg\" width=\"10px\" height=\"10px\" viewBox=\"0 0 24 24\" version=\"1.2\" baseProfile=\"tiny\"><path d=\"M18.2 9.3l-6.2-6.3-6.2 6.3c-.2.2-.3.4-.3.7s.1.5.3.7c.2.2.4.3.7.3h11c.3 0 .5-.1.7-.3.2-.2.3-.5.3-.7s-.1-.5-.3-.7zM5.8 14.7l6.2 6.3 6.2-6.3c.2-.2.3-.5.3-.7s-.1-.5-.3-.7c-.2-.2-.4-.3-.7-.3h-11c-.3 0-.5.1-.7.3-.2.2-.3.5-.3.7s.1.5.3.7z\"\/><\/svg><\/span><\/span><\/label><input type=\"checkbox\"  id=\"ez-toc-cssicon-toggle-item-69ee47a85756a\"  aria-label=\"Alternar\" \/><nav><ul class='ez-toc-list ez-toc-list-level-1 ' ><li class='ez-toc-page-1 ez-toc-heading-level-2'><a class=\"ez-toc-link ez-toc-heading-1\" href=\"https:\/\/www.clicars.com\/blog\/actualidad\/coches-adaptados-discapacidad\/#Un_amplio_abanico_de_posibilidades\" >Un amplio abanico de posibilidades<\/a><ul class='ez-toc-list-level-3' ><li class='ez-toc-heading-level-3'><a class=\"ez-toc-link ez-toc-heading-2\" href=\"https:\/\/www.clicars.com\/blog\/actualidad\/coches-adaptados-discapacidad\/#Los_asientos\" >Los asientos<\/a><\/li><li class='ez-toc-page-1 ez-toc-heading-level-3'><a class=\"ez-toc-link ez-toc-heading-3\" href=\"https:\/\/www.clicars.com\/blog\/actualidad\/coches-adaptados-discapacidad\/#Brazos_articulados\" >Brazos articulados<\/a><\/li><li class='ez-toc-page-1 ez-toc-heading-level-3'><a class=\"ez-toc-link ez-toc-heading-4\" href=\"https:\/\/www.clicars.com\/blog\/actualidad\/coches-adaptados-discapacidad\/#Las_rampas_o_suelos_rebajados\" >Las rampas o suelos rebajados<\/a><\/li><\/ul><\/li><li class='ez-toc-page-1 ez-toc-heading-level-2'><a class=\"ez-toc-link ez-toc-heading-5\" href=\"https:\/\/www.clicars.com\/blog\/actualidad\/coches-adaptados-discapacidad\/#Los_mejores_modelos\" >Los mejores modelos<\/a><ul class='ez-toc-list-level-3' ><li class='ez-toc-heading-level-3'><a class=\"ez-toc-link ez-toc-heading-6\" href=\"https:\/\/www.clicars.com\/blog\/actualidad\/coches-adaptados-discapacidad\/#Citroen_Berlingo\" >Citro\u00ebn Berlingo<\/a><\/li><li class='ez-toc-page-1 ez-toc-heading-level-3'><a class=\"ez-toc-link ez-toc-heading-7\" href=\"https:\/\/www.clicars.com\/blog\/actualidad\/coches-adaptados-discapacidad\/#Volkswagen_Caddy\" >Volkswagen Caddy<\/a><\/li><li class='ez-toc-page-1 ez-toc-heading-level-3'><a class=\"ez-toc-link ez-toc-heading-8\" href=\"https:\/\/www.clicars.com\/blog\/actualidad\/coches-adaptados-discapacidad\/#Ford_Tourneo\" >Ford Tourneo<\/a><\/li><\/ul><\/li><li class='ez-toc-page-1 ez-toc-heading-level-2'><a class=\"ez-toc-link ez-toc-heading-9\" href=\"https:\/\/www.clicars.com\/blog\/actualidad\/coches-adaptados-discapacidad\/#Planes_de_ayuda\" >Planes de ayuda<\/a><\/li><\/ul><\/nav><\/div>\n\n<h2><span class=\"ez-toc-section\" id=\"Un_amplio_abanico_de_posibilidades\"><\/span>Un amplio abanico de posibilidades<span class=\"ez-toc-section-end\"><\/span><\/h2>\n<p>Se pueden encontrar <strong>muchas opciones<\/strong> entre las que poder escoger dentro del abanico de <strong>coches adaptados para personas con discapacidad<\/strong>. Evidentemente, se puede escoger entre modelos de <strong>tama\u00f1o medio o grande<\/strong> sin necesidad de tener que ir a parar siempre a grandes furgonetas si no es eso lo que se quiere, y <strong>acondicionarlos<\/strong> con todas las ayudas que se crean convenientes.<\/p>\n<p>Para escoger el tipo de coche que se quiere adaptar, es imprescindible tener en cuenta, principalmente, lo que necesitamos y, en base a ello, la <strong>altura<\/strong> en la que se encuentra el asiento del conductor, el <strong>volante<\/strong> y el <strong>cambio de marchas.<\/strong><\/p>\n<h3><span class=\"ez-toc-section\" id=\"Los_asientos\"><\/span>Los asientos<span class=\"ez-toc-section-end\"><\/span><\/h3>\n<p>En el caso de que fuera necesario una ayuda en el acceso al veh\u00edculo, los <strong>asientos giratorios, manuales o autom\u00e1ticos<\/strong>, son la mejor soluci\u00f3n. Lo \u00fanico que hay que tener en cuenta es d\u00f3nde se quieren montar, si las dimensiones de las puertas son suficientes y si la altura del asiento lo permite. Si las medidas lo permiten, la instalaci\u00f3n de los asientos ser\u00e1 factible.<\/p>\n<h3><span class=\"ez-toc-section\" id=\"Brazos_articulados\"><\/span>Brazos articulados<span class=\"ez-toc-section-end\"><\/span><\/h3>\n<p>Para guardar la silla de ruedas, debemos contemplar si necesitamos ayuda o no. En el caso de necesitarla, existen unos <strong>brazos extensibles<\/strong> que se pueden instalar en el interior del veh\u00edculo y que realizar\u00e1n la funci\u00f3n de un modo muy f\u00e1cil y pr\u00e1ctico.<\/p>\n<h3><span class=\"ez-toc-section\" id=\"Las_rampas_o_suelos_rebajados\"><\/span>Las rampas o suelos rebajados<span class=\"ez-toc-section-end\"><\/span><\/h3>\n<p>Es posible que no seamos nosotros quienes tengamos la movilidad reducida, pero que necesitemos un<strong> coche adaptado<\/strong> para transportar a nuestros acompa\u00f1antes, que s\u00ed la tienen. En ese caso,<strong> rebajar el suelo trasero<\/strong> del veh\u00edculo o<strong> incluir rampas<\/strong>, har\u00e1 que el veh\u00edculo tenga el espacio suficiente para que la persona pueda entrar y salir del coche sin bajarse de la silla de ruedas.<\/p>\n<h2><span class=\"ez-toc-section\" id=\"Los_mejores_modelos\"><\/span>Los mejores modelos<span class=\"ez-toc-section-end\"><\/span><\/h2>\n<p>Algunos de los mejores coches del mercado para adaptarlo a las personas con movilidad reducida son:<\/p>\n<h3><span class=\"ez-toc-section\" id=\"Citroen_Berlingo\"><\/span>Citro\u00ebn Berlingo<span class=\"ez-toc-section-end\"><\/span><\/h3>\n<p>El precio de un <a href=\"https:\/\/www.clicars.com\/coches-segunda-mano-ocasion\/citroen\/berlingo\">Citro\u00ebn Berlingo<\/a> es realmente accesible y su predisposici\u00f3n a admitir cualquier tipo de adaptaci\u00f3n es fascinante. <strong>Permite rebajar los suelos<\/strong> dejando un espacio suficiente para transportar a 2+3 pasajero o 2+1 silla de ruedas.<\/p>\n<p><img loading=\"lazy\" decoding=\"async\" class=\"aligncenter wp-image-10635 size-full\" src=\"https:\/\/www.clicars.com\/blog\/wp-content\/uploads\/2021\/05\/citroen-berlingo-adaptado-discapacitados.jpg\" alt=\"citroen berlingo adaptado discapacitados\" width=\"900\" height=\"600\" srcset=\"https:\/\/www.clicars.com\/blog\/wp-content\/uploads\/2021\/05\/citroen-berlingo-adaptado-discapacitados.jpg 900w, https:\/\/www.clicars.com\/blog\/wp-content\/uploads\/2021\/05\/citroen-berlingo-adaptado-discapacitados-300x200.jpg 300w, https:\/\/www.clicars.com\/blog\/wp-content\/uploads\/2021\/05\/citroen-berlingo-adaptado-discapacitados-768x512.jpg 768w\" sizes=\"auto, (max-width: 900px) 100vw, 900px\" \/><\/p>\n<h3><span class=\"ez-toc-section\" id=\"Volkswagen_Caddy\"><\/span>Volkswagen Caddy<span class=\"ez-toc-section-end\"><\/span><\/h3>\n<p><a href=\"https:\/\/www.clicars.com\/coches-segunda-mano-ocasion\/volkswagen\/caddy\">Volkswagen Caddy<\/a> es otro gran veh\u00edculo con el que disfrutar y, adem\u00e1s, adaptarlo a las necesidades de movilidad reducida, ya que cuenta con miles de posibilidades.<\/p>\n<p><img loading=\"lazy\" decoding=\"async\" class=\"aligncenter wp-image-10636 size-full\" src=\"https:\/\/www.clicars.com\/blog\/wp-content\/uploads\/2021\/05\/volkswagen-caddy-para-minusvalidos.jpg\" alt=\"volkswagen caddy para minusvalidos\" width=\"900\" height=\"600\" srcset=\"https:\/\/www.clicars.com\/blog\/wp-content\/uploads\/2021\/05\/volkswagen-caddy-para-minusvalidos.jpg 900w, https:\/\/www.clicars.com\/blog\/wp-content\/uploads\/2021\/05\/volkswagen-caddy-para-minusvalidos-300x200.jpg 300w, https:\/\/www.clicars.com\/blog\/wp-content\/uploads\/2021\/05\/volkswagen-caddy-para-minusvalidos-768x512.jpg 768w\" sizes=\"auto, (max-width: 900px) 100vw, 900px\" \/><\/p>\n<h3><span class=\"ez-toc-section\" id=\"Ford_Tourneo\"><\/span>Ford Tourneo<span class=\"ez-toc-section-end\"><\/span><\/h3>\n<p>Este <a href=\"https:\/\/www.clicars.com\/coches-segunda-mano-ocasion\/ford\/tourneo-connect\">Ford Tourneo<\/a> es otro de los m\u00e1s vendidos para convertir en un <strong>coche adaptado<\/strong>. Su adaptabilidad es realmente asombrosa, permitiendo, en su versi\u00f3n m\u00e1s larga, viajar en diferentes combinaciones; 2+3+2 \u00f3 2+3+1 silla de ruedas.<\/p>\n<p><img loading=\"lazy\" decoding=\"async\" class=\"aligncenter wp-image-10637 size-full\" src=\"https:\/\/www.clicars.com\/blog\/wp-content\/uploads\/2021\/05\/ford-tourneo-coche-discapacitados.jpg\" alt=\"ford tourneo coche discapacitados\" width=\"900\" height=\"600\" srcset=\"https:\/\/www.clicars.com\/blog\/wp-content\/uploads\/2021\/05\/ford-tourneo-coche-discapacitados.jpg 900w, https:\/\/www.clicars.com\/blog\/wp-content\/uploads\/2021\/05\/ford-tourneo-coche-discapacitados-300x200.jpg 300w, https:\/\/www.clicars.com\/blog\/wp-content\/uploads\/2021\/05\/ford-tourneo-coche-discapacitados-768x512.jpg 768w\" sizes=\"auto, (max-width: 900px) 100vw, 900px\" \/><\/p>\n<h2><span class=\"ez-toc-section\" id=\"Planes_de_ayuda\"><\/span>Planes de ayuda<span class=\"ez-toc-section-end\"><\/span><\/h2>\n<p>En este enlace podr\u00e1s encontrar todos los descuentos que existen a la hora de que una persona con discapacidad compre un coche:<\/p>\n<blockquote><p><a href=\"https:\/\/www.clicars.com\/blog\/actualidad\/descuento-vehiculos-discapacidad\/\">Descuentos para personas con discapacidad al comprar un coche<\/a><\/p><\/blockquote>\n<p>La marca Ford, junto a Illunion, perteneciente a la ONCE, crearon en 2014 un Plan llamado <strong>Adapta<\/strong>, que permite a todos los conductores con discapacidad o movilidad reducida, <strong>probar los veh\u00edculos de la casa Ford con adaptaciones<\/strong>. Si \u00e9stos decidieran comprar los veh\u00edculos, adem\u00e1s, tambi\u00e9n dispondr\u00edan de <strong>asesoramiento especializado<\/strong> para cada caso en concreto.<\/p>\n<p>Otro programa de ayuda muy eficiente es el<strong> Fiat Autonomy<\/strong>, creado en 1994, que pone a disposici\u00f3n de los clientes un asesoramiento especializado en <strong>adaptaci\u00f3n de los veh\u00edculos de su compa\u00f1\u00eda<\/strong>.<\/p>\n","protected":false},"excerpt":{"rendered":"<p>La devoci\u00f3n por la automoci\u00f3n no es cuesti\u00f3n de sexos, edades o condiciones f\u00edsicas, sino,&#8230;<\/p>\n","protected":false},"author":2,"featured_media":6367,"comment_status":"closed","ping_status":"closed","sticky":false,"template":"","format":"standard","meta":{"footnotes":""},"categories":[5],"tags":[],"class_list":{"0":"post-6364","1":"post","2":"type-post","3":"status-publish","4":"format-standard","5":"has-post-thumbnail","7":"category-actualidad"},"yoast_head":"<!-- This site is optimized with the Yoast SEO plugin v26.8 - https:\/\/yoast.com\/product\/yoast-seo-wordpress\/ -->\n<title>Coches adaptados para personas con discapacidad - Clicars blog<\/title>\n<meta name=\"description\" content=\"Conducir no deber\u00eda ser un problema para personas con discapacidad. Existen muchas soluciones y ayudas. Te las contamos.\" \/>\n<meta name=\"robots\" content=\"index, follow, max-snippet:-1, max-image-preview:large, max-video-preview:-1\" \/>\n<link rel=\"canonical\" href=\"https:\/\/www.clicars.com\/blog\/actualidad\/coches-adaptados-discapacidad\/\" \/>\n<meta property=\"og:locale\" content=\"es_ES\" \/>\n<meta property=\"og:type\" content=\"article\" \/>\n<meta property=\"og:title\" content=\"Coches adaptados para personas con discapacidad - Clicars blog\" \/>\n<meta property=\"og:description\" content=\"Conducir no deber\u00eda ser un problema para personas con discapacidad. Existen muchas soluciones y ayudas. Te las contamos.\" \/>\n<meta property=\"og:url\" content=\"https:\/\/www.clicars.com\/blog\/actualidad\/coches-adaptados-discapacidad\/\" \/>\n<meta property=\"og:site_name\" content=\"Clicars\" \/>\n<meta property=\"article:published_time\" content=\"2022-11-29T10:37:17+00:00\" \/>\n<meta property=\"article:modified_time\" content=\"2024-02-01T11:46:11+00:00\" \/>\n<meta property=\"og:image\" content=\"https:\/\/www.clicars.com\/blog\/wp-content\/uploads\/2019\/09\/54.jpg\" \/>\n\t<meta property=\"og:image:width\" content=\"1800\" \/>\n\t<meta property=\"og:image:height\" content=\"1200\" \/>\n\t<meta property=\"og:image:type\" content=\"image\/jpeg\" \/>\n<meta name=\"author\" content=\"Clicars\" \/>\n<meta name=\"twitter:card\" content=\"summary_large_image\" \/>\n<meta name=\"twitter:label1\" content=\"Escrito por\" \/>\n\t<meta name=\"twitter:data1\" content=\"Clicars\" \/>\n\t<meta name=\"twitter:label2\" content=\"Tiempo de lectura\" \/>\n\t<meta name=\"twitter:data2\" content=\"4 minutos\" \/>\n<script type=\"application\/ld+json\" class=\"yoast-schema-graph\">{\"@context\":\"https:\/\/schema.org\",\"@graph\":[{\"@type\":\"Article\",\"@id\":\"https:\/\/www.clicars.com\/blog\/actualidad\/coches-adaptados-discapacidad\/#article\",\"isPartOf\":{\"@id\":\"https:\/\/www.clicars.com\/blog\/actualidad\/coches-adaptados-discapacidad\/\"},\"author\":{\"name\":\"Clicars\",\"@id\":\"https:\/\/www.clicars.com\/blog\/#\/schema\/person\/af686c41ba96962c68871392bf2bb62d\"},\"headline\":\"Coches adaptados para personas con discapacidad\",\"datePublished\":\"2022-11-29T10:37:17+00:00\",\"dateModified\":\"2024-02-01T11:46:11+00:00\",\"mainEntityOfPage\":{\"@id\":\"https:\/\/www.clicars.com\/blog\/actualidad\/coches-adaptados-discapacidad\/\"},\"wordCount\":754,\"image\":{\"@id\":\"https:\/\/www.clicars.com\/blog\/actualidad\/coches-adaptados-discapacidad\/#primaryimage\"},\"thumbnailUrl\":\"https:\/\/www.clicars.com\/blog\/wp-content\/uploads\/2019\/09\/54.jpg\",\"articleSection\":[\"Actualidad\"],\"inLanguage\":\"es\"},{\"@type\":[\"WebPage\",\"ItemPage\"],\"@id\":\"https:\/\/www.clicars.com\/blog\/actualidad\/coches-adaptados-discapacidad\/\",\"url\":\"https:\/\/www.clicars.com\/blog\/actualidad\/coches-adaptados-discapacidad\/\",\"name\":\"Coches adaptados para personas con discapacidad - Clicars blog\",\"isPartOf\":{\"@id\":\"https:\/\/www.clicars.com\/blog\/#website\"},\"primaryImageOfPage\":{\"@id\":\"https:\/\/www.clicars.com\/blog\/actualidad\/coches-adaptados-discapacidad\/#primaryimage\"},\"image\":{\"@id\":\"https:\/\/www.clicars.com\/blog\/actualidad\/coches-adaptados-discapacidad\/#primaryimage\"},\"thumbnailUrl\":\"https:\/\/www.clicars.com\/blog\/wp-content\/uploads\/2019\/09\/54.jpg\",\"datePublished\":\"2022-11-29T10:37:17+00:00\",\"dateModified\":\"2024-02-01T11:46:11+00:00\",\"author\":{\"@id\":\"https:\/\/www.clicars.com\/blog\/#\/schema\/person\/af686c41ba96962c68871392bf2bb62d\"},\"description\":\"Conducir no deber\u00eda ser un problema para personas con discapacidad. Existen muchas soluciones y ayudas. Te las contamos.\",\"breadcrumb\":{\"@id\":\"https:\/\/www.clicars.com\/blog\/actualidad\/coches-adaptados-discapacidad\/#breadcrumb\"},\"inLanguage\":\"es\",\"potentialAction\":[{\"@type\":\"ReadAction\",\"target\":[\"https:\/\/www.clicars.com\/blog\/actualidad\/coches-adaptados-discapacidad\/\"]}]},{\"@type\":\"ImageObject\",\"inLanguage\":\"es\",\"@id\":\"https:\/\/www.clicars.com\/blog\/actualidad\/coches-adaptados-discapacidad\/#primaryimage\",\"url\":\"https:\/\/www.clicars.com\/blog\/wp-content\/uploads\/2019\/09\/54.jpg\",\"contentUrl\":\"https:\/\/www.clicars.com\/blog\/wp-content\/uploads\/2019\/09\/54.jpg\",\"width\":1800,\"height\":1200},{\"@type\":\"BreadcrumbList\",\"@id\":\"https:\/\/www.clicars.com\/blog\/actualidad\/coches-adaptados-discapacidad\/#breadcrumb\",\"itemListElement\":[{\"@type\":\"ListItem\",\"position\":1,\"name\":\"Portada\",\"item\":\"https:\/\/www.clicars.com\/blog\/\"},{\"@type\":\"ListItem\",\"position\":2,\"name\":\"Coches adaptados para personas con discapacidad\"}]},{\"@type\":\"WebSite\",\"@id\":\"https:\/\/www.clicars.com\/blog\/#website\",\"url\":\"https:\/\/www.clicars.com\/blog\/\",\"name\":\"Clicars\",\"description\":\"Compra tu coche de Buena Mano sin moverte de casa\",\"inLanguage\":\"es\"},{\"@type\":\"Person\",\"@id\":\"https:\/\/www.clicars.com\/blog\/#\/schema\/person\/af686c41ba96962c68871392bf2bb62d\",\"name\":\"Clicars\",\"image\":{\"@type\":\"ImageObject\",\"inLanguage\":\"es\",\"@id\":\"https:\/\/www.clicars.com\/blog\/#\/schema\/person\/image\/\",\"url\":\"https:\/\/secure.gravatar.com\/avatar\/3100622b0023049db14165cdba9dadaa9159743b871e83e440a0df9a70f80e56?s=96&d=mm&r=g\",\"contentUrl\":\"https:\/\/secure.gravatar.com\/avatar\/3100622b0023049db14165cdba9dadaa9159743b871e83e440a0df9a70f80e56?s=96&d=mm&r=g\",\"caption\":\"Clicars\"},\"sameAs\":[\"https:\/\/www.clicars.com\"],\"url\":\"https:\/\/www.clicars.com\/blog\/author\/clicars\/\"}]}<\/script>\n<!-- \/ Yoast SEO plugin. -->","yoast_head_json":{"title":"Coches adaptados para personas con discapacidad - Clicars blog","description":"Conducir no deber\u00eda ser un problema para personas con discapacidad. Existen muchas soluciones y ayudas. Te las contamos.","robots":{"index":"index","follow":"follow","max-snippet":"max-snippet:-1","max-image-preview":"max-image-preview:large","max-video-preview":"max-video-preview:-1"},"canonical":"https:\/\/www.clicars.com\/blog\/actualidad\/coches-adaptados-discapacidad\/","og_locale":"es_ES","og_type":"article","og_title":"Coches adaptados para personas con discapacidad - Clicars blog","og_description":"Conducir no deber\u00eda ser un problema para personas con discapacidad. Existen muchas soluciones y ayudas. Te las contamos.","og_url":"https:\/\/www.clicars.com\/blog\/actualidad\/coches-adaptados-discapacidad\/","og_site_name":"Clicars","article_published_time":"2022-11-29T10:37:17+00:00","article_modified_time":"2024-02-01T11:46:11+00:00","og_image":[{"width":1800,"height":1200,"url":"https:\/\/www.clicars.com\/blog\/wp-content\/uploads\/2019\/09\/54.jpg","type":"image\/jpeg"}],"author":"Clicars","twitter_card":"summary_large_image","twitter_misc":{"Escrito por":"Clicars","Tiempo de lectura":"4 minutos"},"schema":{"@context":"https:\/\/schema.org","@graph":[{"@type":"Article","@id":"https:\/\/www.clicars.com\/blog\/actualidad\/coches-adaptados-discapacidad\/#article","isPartOf":{"@id":"https:\/\/www.clicars.com\/blog\/actualidad\/coches-adaptados-discapacidad\/"},"author":{"name":"Clicars","@id":"https:\/\/www.clicars.com\/blog\/#\/schema\/person\/af686c41ba96962c68871392bf2bb62d"},"headline":"Coches adaptados para personas con discapacidad","datePublished":"2022-11-29T10:37:17+00:00","dateModified":"2024-02-01T11:46:11+00:00","mainEntityOfPage":{"@id":"https:\/\/www.clicars.com\/blog\/actualidad\/coches-adaptados-discapacidad\/"},"wordCount":754,"image":{"@id":"https:\/\/www.clicars.com\/blog\/actualidad\/coches-adaptados-discapacidad\/#primaryimage"},"thumbnailUrl":"https:\/\/www.clicars.com\/blog\/wp-content\/uploads\/2019\/09\/54.jpg","articleSection":["Actualidad"],"inLanguage":"es"},{"@type":["WebPage","ItemPage"],"@id":"https:\/\/www.clicars.com\/blog\/actualidad\/coches-adaptados-discapacidad\/","url":"https:\/\/www.clicars.com\/blog\/actualidad\/coches-adaptados-discapacidad\/","name":"Coches adaptados para personas con discapacidad - Clicars blog","isPartOf":{"@id":"https:\/\/www.clicars.com\/blog\/#website"},"primaryImageOfPage":{"@id":"https:\/\/www.clicars.com\/blog\/actualidad\/coches-adaptados-discapacidad\/#primaryimage"},"image":{"@id":"https:\/\/www.clicars.com\/blog\/actualidad\/coches-adaptados-discapacidad\/#primaryimage"},"thumbnailUrl":"https:\/\/www.clicars.com\/blog\/wp-content\/uploads\/2019\/09\/54.jpg","datePublished":"2022-11-29T10:37:17+00:00","dateModified":"2024-02-01T11:46:11+00:00","author":{"@id":"https:\/\/www.clicars.com\/blog\/#\/schema\/person\/af686c41ba96962c68871392bf2bb62d"},"description":"Conducir no deber\u00eda ser un problema para personas con discapacidad. Existen muchas soluciones y ayudas. Te las contamos.","breadcrumb":{"@id":"https:\/\/www.clicars.com\/blog\/actualidad\/coches-adaptados-discapacidad\/#breadcrumb"},"inLanguage":"es","potentialAction":[{"@type":"ReadAction","target":["https:\/\/www.clicars.com\/blog\/actualidad\/coches-adaptados-discapacidad\/"]}]},{"@type":"ImageObject","inLanguage":"es","@id":"https:\/\/www.clicars.com\/blog\/actualidad\/coches-adaptados-discapacidad\/#primaryimage","url":"https:\/\/www.clicars.com\/blog\/wp-content\/uploads\/2019\/09\/54.jpg","contentUrl":"https:\/\/www.clicars.com\/blog\/wp-content\/uploads\/2019\/09\/54.jpg","width":1800,"height":1200},{"@type":"BreadcrumbList","@id":"https:\/\/www.clicars.com\/blog\/actualidad\/coches-adaptados-discapacidad\/#breadcrumb","itemListElement":[{"@type":"ListItem","position":1,"name":"Portada","item":"https:\/\/www.clicars.com\/blog\/"},{"@type":"ListItem","position":2,"name":"Coches adaptados para personas con discapacidad"}]},{"@type":"WebSite","@id":"https:\/\/www.clicars.com\/blog\/#website","url":"https:\/\/www.clicars.com\/blog\/","name":"Clicars","description":"Compra tu coche de Buena Mano sin moverte de casa","inLanguage":"es"},{"@type":"Person","@id":"https:\/\/www.clicars.com\/blog\/#\/schema\/person\/af686c41ba96962c68871392bf2bb62d","name":"Clicars","image":{"@type":"ImageObject","inLanguage":"es","@id":"https:\/\/www.clicars.com\/blog\/#\/schema\/person\/image\/","url":"https:\/\/secure.gravatar.com\/avatar\/3100622b0023049db14165cdba9dadaa9159743b871e83e440a0df9a70f80e56?s=96&d=mm&r=g","contentUrl":"https:\/\/secure.gravatar.com\/avatar\/3100622b0023049db14165cdba9dadaa9159743b871e83e440a0df9a70f80e56?s=96&d=mm&r=g","caption":"Clicars"},"sameAs":["https:\/\/www.clicars.com"],"url":"https:\/\/www.clicars.com\/blog\/author\/clicars\/"}]}},"_links":{"self":[{"href":"https:\/\/www.clicars.com\/blog\/wp-json\/wp\/v2\/posts\/6364","targetHints":{"allow":["GET"]}}],"collection":[{"href":"https:\/\/www.clicars.com\/blog\/wp-json\/wp\/v2\/posts"}],"about":[{"href":"https:\/\/www.clicars.com\/blog\/wp-json\/wp\/v2\/types\/post"}],"author":[{"embeddable":true,"href":"https:\/\/www.clicars.com\/blog\/wp-json\/wp\/v2\/users\/2"}],"replies":[{"embeddable":true,"href":"https:\/\/www.clicars.com\/blog\/wp-json\/wp\/v2\/comments?post=6364"}],"version-history":[{"count":8,"href":"https:\/\/www.clicars.com\/blog\/wp-json\/wp\/v2\/posts\/6364\/revisions"}],"predecessor-version":[{"id":12622,"href":"https:\/\/www.clicars.com\/blog\/wp-json\/wp\/v2\/posts\/6364\/revisions\/12622"}],"wp:featuredmedia":[{"embeddable":true,"href":"https:\/\/www.clicars.com\/blog\/wp-json\/wp\/v2\/media\/6367"}],"wp:attachment":[{"href":"https:\/\/www.clicars.com\/blog\/wp-json\/wp\/v2\/media?parent=6364"}],"wp:term":[{"taxonomy":"category","embeddable":true,"href":"https:\/\/www.clicars.com\/blog\/wp-json\/wp\/v2\/categories?post=6364"},{"taxonomy":"post_tag","embeddable":true,"href":"https:\/\/www.clicars.com\/blog\/wp-json\/wp\/v2\/tags?post=6364"}],"curies":[{"name":"wp","href":"https:\/\/api.w.org\/{rel}","templated":true}]}}