{"id":6513,"date":"2022-01-07T17:33:03","date_gmt":"2022-01-07T15:33:03","guid":{"rendered":"https:\/\/www.clicars.com\/blog\/?p=6513"},"modified":"2022-11-22T14:50:01","modified_gmt":"2022-11-22T12:50:01","slug":"nueva-normativa-para-ciclistas-dgt","status":"publish","type":"post","link":"https:\/\/www.clicars.com\/blog\/actualidad\/nueva-normativa-para-ciclistas-dgt\/","title":{"rendered":"Nueva normativa para ciclistas de la DGT: \u00bfc\u00f3mo adelantar?, \u00bfqu\u00e9 multas hay?"},"content":{"rendered":"<p><span style=\"font-weight: 400;\">Circules en coche o vayas en bicicleta, este post te interesa, porque recientemente la DGT ha cambiado la normativa para los ciclistas y su convivencia con el resto del tr\u00e1fico.\u00a0<\/span><\/p>\n<h2><b>\u00bfCu\u00e1ndo entra en vigor una nueva Ley de Tr\u00e1fico?<\/b><\/h2>\n<p><span style=\"font-weight: 400;\"><img loading=\"lazy\" decoding=\"async\" class=\"alignleft size-full wp-image-8526\" src=\"https:\/\/www.clicars.com\/blog\/wp-content\/uploads\/2021\/11\/i-exclamation.png\" alt=\"\" width=\"19\" height=\"60\" \/>Lo primero que debes saber es que desde el 21 de marzo de 2022 est\u00e1 en vigor una nueva Ley de Tr\u00e1fico y Seguridad Vial. Una de las medidas m\u00e1s sensibles afecta a los adelantamientos a ciclistas.\u00a0<\/span><\/p>\n<p><span style=\"font-weight: 400;\">La nueva normativa de la DGT, que afecta a los ciclistas, fue aprobada el pasado 2 de diciembre y publicada en el BOE el martes 21 de ese mismo mes.<\/span><\/p>\n<p><span style=\"font-weight: 400;\">\u00bfPor qu\u00e9 se produce un cambio? Porque la DGT quiere proteger a los conductores de veh\u00edculos m\u00e1s vulnerables, como son los ciclistas, pero tambi\u00e9n los motoristas.\u00a0<\/span><\/p>\n<p><span style=\"font-weight: 400;\">En el a\u00f1o 2021 murieron 31 ciclistas en accidentes, la mayor\u00eda de ellos fueron atropellados en carreteras convencionales y en fin de semana.<\/span><\/p>\n<p><span style=\"font-weight: 400;\">Tambi\u00e9n es importante que conozcas esta otra novedad normativa:<\/span><\/p>\n<ul>\n<li style=\"font-weight: 400;\" aria-level=\"1\"><a href=\"https:\/\/www.clicars.com\/blog\/actualidad\/normativa-patinetetes-electricos-dgt\/\"><b>Normativa patinetes el\u00e9ctricos DGT: c\u00f3mo y d\u00f3nde pueden circular<\/b><\/a><\/li>\n<\/ul>\n<h2><b>\u00bfC\u00f3mo hay que adelantar a los ciclistas?<\/b><\/h2>\n<p><span style=\"font-weight: 400;\">Si vas en tu coche y te encuentras con un ciclista o grupo de ciclistas, debes adelantarlos sin ponerlos en peligro. Es decir, manteniendo <\/span><b>una separaci\u00f3n m\u00ednima de 1,5 metros<\/b><span style=\"font-weight: 400;\">.\u00a0<\/span><\/p>\n<p><span style=\"font-weight: 400;\">Adem\u00e1s, la nueva normativa de la DGT sobre ciclistas obliga a cambiar completamente de carril para adelantar a un ciclista en v\u00edas de dos carriles por sentido.\u00a0<\/span><\/p>\n<p><span style=\"font-weight: 400;\">Es decir, en cualquier carretera convencional que, sin ser una autov\u00eda, tenga m\u00e1s de un carril por sentido, ya sean estos para cambio de velocidad o aceleraci\u00f3n y deceleraci\u00f3n, as\u00ed como carriles para veh\u00edculos pesados o de rampa.\u00a0<\/span><\/p>\n<p><img loading=\"lazy\" decoding=\"async\" class=\"alignnone size-full wp-image-6515\" src=\"https:\/\/www.clicars.com\/blog\/wp-content\/uploads\/2019\/09\/8-1.jpg\" alt=\"normativa bicis dgt\" width=\"1800\" height=\"1200\" srcset=\"https:\/\/www.clicars.com\/blog\/wp-content\/uploads\/2019\/09\/8-1.jpg 1800w, https:\/\/www.clicars.com\/blog\/wp-content\/uploads\/2019\/09\/8-1-300x200.jpg 300w, https:\/\/www.clicars.com\/blog\/wp-content\/uploads\/2019\/09\/8-1-1024x683.jpg 1024w, https:\/\/www.clicars.com\/blog\/wp-content\/uploads\/2019\/09\/8-1-768x512.jpg 768w, https:\/\/www.clicars.com\/blog\/wp-content\/uploads\/2019\/09\/8-1-1536x1024.jpg 1536w, https:\/\/www.clicars.com\/blog\/wp-content\/uploads\/2019\/09\/8-1-900x600.jpg 900w\" sizes=\"auto, (max-width: 1800px) 100vw, 1800px\" \/><\/p>\n<h2><b>\u00bfCu\u00e1l es la multa por no mantener la separaci\u00f3n?<\/b><\/h2>\n<p><span style=\"font-weight: 400;\">El conductor que adelante a un ciclista o grupo de ciclistas sin seguir la nueva normativa de la DGT ser\u00e1 sancionado con una multa de 200 euros, al considerarse una infracci\u00f3n grave.\u00a0<\/span><\/p>\n<p><span style=\"font-weight: 400;\">Tambi\u00e9n perder\u00e1 <\/span><b>seis puntos <\/b><span style=\"font-weight: 400;\">del permiso del carn\u00e9 de conducir, a diferencia de los cuatro que estipulaba la antigua normativa de la DGT.<\/span><\/p>\n<p><span style=\"font-weight: 400;\">Si tienes alguna multa pendiente, te recomendamos que leas este post:<\/span><\/p>\n<ul>\n<li style=\"font-weight: 400;\" aria-level=\"1\"><a href=\"https:\/\/www.clicars.com\/blog\/actualidad\/multa-trafico\/\"><b>Qu\u00e9 ocurre si no pago una multa<\/b><\/a><\/li>\n<\/ul>\n<h2><b>Multa por aparcar en el carril bici<\/b><\/h2>\n<p><span style=\"font-weight: 400;\">La nueva normativa de la DGT para ciclistas tambi\u00e9n establece una nueva multa para aquellos conductores que paren o aparquen en el carril bici, algo sancionado con <\/span><b>200 euros<\/b><span style=\"font-weight: 400;\">.<\/span><\/p>\n<h2><b>\u00bfCu\u00e1les son las normas para los ciclistas?<\/b><\/h2>\n<p><span style=\"font-weight: 400;\">Los ciclistas tambi\u00e9n tienen que respetar sus propias normas. Algunas obligaciones importantes son:<\/span><\/p>\n<ul>\n<li style=\"font-weight: 400;\" aria-level=\"1\"><span style=\"font-weight: 400;\">Se\u00f1alizar y respetar las se\u00f1ales de tr\u00e1fico<\/span><\/li>\n<li style=\"font-weight: 400;\" aria-level=\"1\"><span style=\"font-weight: 400;\">Usar el casco siempre en v\u00eda interurbana<\/span><\/li>\n<li style=\"font-weight: 400;\" aria-level=\"1\"><span style=\"font-weight: 400;\">No usar auriculares mientras se circula y tampoco el m\u00f3vil<\/span><\/li>\n<li style=\"font-weight: 400;\" aria-level=\"1\"><span style=\"font-weight: 400;\">No sobrepasar la tasa m\u00e1xima de alcohol permitida, que es la misma que para los conductores en general (0,5 g\/l alcohol en sangre o 0,25 mg\/l en aire espirado)<\/span><\/li>\n<li style=\"font-weight: 400;\" aria-level=\"1\"><span style=\"font-weight: 400;\">Los ciclistas no pueden circular por aceras y zonas peatones a no ser que est\u00e9 expresamente se\u00f1alizado<\/span><\/li>\n<li style=\"font-weight: 400;\" aria-level=\"1\"><span style=\"font-weight: 400;\">Deben usar luces y prendas reflectantes siempre que circulen de noche<\/span><\/li>\n<li style=\"font-weight: 400;\" aria-level=\"1\"><span style=\"font-weight: 400;\">Los ciclistas deben usar el arc\u00e9n de la derecha si existe y es practicable<\/span><\/li>\n<li style=\"font-weight: 400;\" aria-level=\"1\"><span style=\"font-weight: 400;\">Los ciclistas no pueden circular por autov\u00edas<\/span><\/li>\n<\/ul>\n[sc_fs_multi_faq headline-0=\u00bbh2&#8243; question-0=\u00bb\u00bfCu\u00e1l es la separaci\u00f3n para adelantar a los ciclistas con el coche?\u00bb answer-0=\u00bbLa separaci\u00f3n m\u00ednima para realizar un adelantamiento a un ciclista con el coche es de 1,5 metros. \u00bb image-0=\u00bb\u00bb headline-1=\u00bbh2&#8243; question-1=\u00bb\u00bfCu\u00e1l es la multa por aparcara en el carril bici?\u00bb answer-1=\u00bb La multa por aparcar en el carril bici es de 200 euros.\u00bb image-1=\u00bb\u00bb count=\u00bb2&#8243; html=\u00bbtrue\u00bb css_class=\u00bb\u00bb]\n","protected":false},"excerpt":{"rendered":"<p>Circules en coche o vayas en bicicleta, este post te interesa, porque recientemente la DGT&#8230;<\/p>\n","protected":false},"author":2,"featured_media":6514,"comment_status":"closed","ping_status":"closed","sticky":false,"template":"","format":"standard","meta":{"footnotes":""},"categories":[5],"tags":[],"class_list":{"0":"post-6513","1":"post","2":"type-post","3":"status-publish","4":"format-standard","5":"has-post-thumbnail","7":"category-actualidad"},"yoast_head":"<!-- This site is optimized with the Yoast SEO plugin v26.8 - https:\/\/yoast.com\/product\/yoast-seo-wordpress\/ -->\n<title>Nueva normativa para ciclistas de la DGT - Clicars blog<\/title>\n<meta name=\"description\" content=\"No s\u00f3lo los ciclistas deben estar al tanto de la nueva normativa de la DGT, sino tambi\u00e9n los conductores. Evita las multas y conduce seguro.\" \/>\n<meta name=\"robots\" content=\"index, follow, max-snippet:-1, max-image-preview:large, max-video-preview:-1\" \/>\n<link rel=\"canonical\" href=\"https:\/\/www.clicars.com\/blog\/actualidad\/nueva-normativa-para-ciclistas-dgt\/\" \/>\n<meta property=\"og:locale\" content=\"es_ES\" \/>\n<meta property=\"og:type\" content=\"article\" \/>\n<meta property=\"og:title\" content=\"Nueva normativa para ciclistas de la DGT - Clicars blog\" \/>\n<meta property=\"og:description\" content=\"No s\u00f3lo los ciclistas deben estar al tanto de la nueva normativa de la DGT, sino tambi\u00e9n los conductores. Evita las multas y conduce seguro.\" \/>\n<meta property=\"og:url\" content=\"https:\/\/www.clicars.com\/blog\/actualidad\/nueva-normativa-para-ciclistas-dgt\/\" \/>\n<meta property=\"og:site_name\" content=\"Clicars\" \/>\n<meta property=\"article:published_time\" content=\"2022-01-07T15:33:03+00:00\" \/>\n<meta property=\"article:modified_time\" content=\"2022-11-22T12:50:01+00:00\" \/>\n<meta property=\"og:image\" content=\"https:\/\/www.clicars.com\/blog\/wp-content\/uploads\/2019\/09\/SEAT-1.jpg\" \/>\n\t<meta property=\"og:image:width\" content=\"1800\" \/>\n\t<meta property=\"og:image:height\" content=\"1200\" \/>\n\t<meta property=\"og:image:type\" content=\"image\/jpeg\" \/>\n<meta name=\"author\" content=\"Clicars\" \/>\n<meta name=\"twitter:card\" content=\"summary_large_image\" \/>\n<meta name=\"twitter:label1\" content=\"Escrito por\" \/>\n\t<meta name=\"twitter:data1\" content=\"Clicars\" \/>\n\t<meta name=\"twitter:label2\" content=\"Tiempo de lectura\" \/>\n\t<meta name=\"twitter:data2\" content=\"4 minutos\" \/>\n<script type=\"application\/ld+json\" class=\"yoast-schema-graph\">{\"@context\":\"https:\/\/schema.org\",\"@graph\":[{\"@type\":\"Article\",\"@id\":\"https:\/\/www.clicars.com\/blog\/actualidad\/nueva-normativa-para-ciclistas-dgt\/#article\",\"isPartOf\":{\"@id\":\"https:\/\/www.clicars.com\/blog\/actualidad\/nueva-normativa-para-ciclistas-dgt\/\"},\"author\":{\"name\":\"Clicars\",\"@id\":\"https:\/\/www.clicars.com\/blog\/#\/schema\/person\/af686c41ba96962c68871392bf2bb62d\"},\"headline\":\"Nueva normativa para ciclistas de la DGT: \u00bfc\u00f3mo adelantar?, \u00bfqu\u00e9 multas hay?\",\"datePublished\":\"2022-01-07T15:33:03+00:00\",\"dateModified\":\"2022-11-22T12:50:01+00:00\",\"mainEntityOfPage\":{\"@id\":\"https:\/\/www.clicars.com\/blog\/actualidad\/nueva-normativa-para-ciclistas-dgt\/\"},\"wordCount\":632,\"image\":{\"@id\":\"https:\/\/www.clicars.com\/blog\/actualidad\/nueva-normativa-para-ciclistas-dgt\/#primaryimage\"},\"thumbnailUrl\":\"https:\/\/www.clicars.com\/blog\/wp-content\/uploads\/2019\/09\/SEAT-1.jpg\",\"articleSection\":[\"Actualidad\"],\"inLanguage\":\"es\"},{\"@type\":[\"WebPage\",\"ItemPage\"],\"@id\":\"https:\/\/www.clicars.com\/blog\/actualidad\/nueva-normativa-para-ciclistas-dgt\/\",\"url\":\"https:\/\/www.clicars.com\/blog\/actualidad\/nueva-normativa-para-ciclistas-dgt\/\",\"name\":\"Nueva normativa para ciclistas de la DGT - Clicars blog\",\"isPartOf\":{\"@id\":\"https:\/\/www.clicars.com\/blog\/#website\"},\"primaryImageOfPage\":{\"@id\":\"https:\/\/www.clicars.com\/blog\/actualidad\/nueva-normativa-para-ciclistas-dgt\/#primaryimage\"},\"image\":{\"@id\":\"https:\/\/www.clicars.com\/blog\/actualidad\/nueva-normativa-para-ciclistas-dgt\/#primaryimage\"},\"thumbnailUrl\":\"https:\/\/www.clicars.com\/blog\/wp-content\/uploads\/2019\/09\/SEAT-1.jpg\",\"datePublished\":\"2022-01-07T15:33:03+00:00\",\"dateModified\":\"2022-11-22T12:50:01+00:00\",\"author\":{\"@id\":\"https:\/\/www.clicars.com\/blog\/#\/schema\/person\/af686c41ba96962c68871392bf2bb62d\"},\"description\":\"No s\u00f3lo los ciclistas deben estar al tanto de la nueva normativa de la DGT, sino tambi\u00e9n los conductores. Evita las multas y conduce seguro.\",\"breadcrumb\":{\"@id\":\"https:\/\/www.clicars.com\/blog\/actualidad\/nueva-normativa-para-ciclistas-dgt\/#breadcrumb\"},\"inLanguage\":\"es\",\"potentialAction\":[{\"@type\":\"ReadAction\",\"target\":[\"https:\/\/www.clicars.com\/blog\/actualidad\/nueva-normativa-para-ciclistas-dgt\/\"]}]},{\"@type\":\"ImageObject\",\"inLanguage\":\"es\",\"@id\":\"https:\/\/www.clicars.com\/blog\/actualidad\/nueva-normativa-para-ciclistas-dgt\/#primaryimage\",\"url\":\"https:\/\/www.clicars.com\/blog\/wp-content\/uploads\/2019\/09\/SEAT-1.jpg\",\"contentUrl\":\"https:\/\/www.clicars.com\/blog\/wp-content\/uploads\/2019\/09\/SEAT-1.jpg\",\"width\":1800,\"height\":1200,\"caption\":\"Nueva normativa para ciclistas dgt\"},{\"@type\":\"BreadcrumbList\",\"@id\":\"https:\/\/www.clicars.com\/blog\/actualidad\/nueva-normativa-para-ciclistas-dgt\/#breadcrumb\",\"itemListElement\":[{\"@type\":\"ListItem\",\"position\":1,\"name\":\"Portada\",\"item\":\"https:\/\/www.clicars.com\/blog\/\"},{\"@type\":\"ListItem\",\"position\":2,\"name\":\"Nueva normativa para ciclistas de la DGT: \u00bfc\u00f3mo adelantar?, \u00bfqu\u00e9 multas hay?\"}]},{\"@type\":\"WebSite\",\"@id\":\"https:\/\/www.clicars.com\/blog\/#website\",\"url\":\"https:\/\/www.clicars.com\/blog\/\",\"name\":\"Clicars\",\"description\":\"Compra tu coche de Buena Mano sin moverte de casa\",\"inLanguage\":\"es\"},{\"@type\":\"Person\",\"@id\":\"https:\/\/www.clicars.com\/blog\/#\/schema\/person\/af686c41ba96962c68871392bf2bb62d\",\"name\":\"Clicars\",\"image\":{\"@type\":\"ImageObject\",\"inLanguage\":\"es\",\"@id\":\"https:\/\/www.clicars.com\/blog\/#\/schema\/person\/image\/\",\"url\":\"https:\/\/secure.gravatar.com\/avatar\/3100622b0023049db14165cdba9dadaa9159743b871e83e440a0df9a70f80e56?s=96&d=mm&r=g\",\"contentUrl\":\"https:\/\/secure.gravatar.com\/avatar\/3100622b0023049db14165cdba9dadaa9159743b871e83e440a0df9a70f80e56?s=96&d=mm&r=g\",\"caption\":\"Clicars\"},\"sameAs\":[\"https:\/\/www.clicars.com\"],\"url\":\"https:\/\/www.clicars.com\/blog\/author\/clicars\/\"}]}<\/script>\n<!-- \/ Yoast SEO plugin. -->","yoast_head_json":{"title":"Nueva normativa para ciclistas de la DGT - Clicars blog","description":"No s\u00f3lo los ciclistas deben estar al tanto de la nueva normativa de la DGT, sino tambi\u00e9n los conductores. Evita las multas y conduce seguro.","robots":{"index":"index","follow":"follow","max-snippet":"max-snippet:-1","max-image-preview":"max-image-preview:large","max-video-preview":"max-video-preview:-1"},"canonical":"https:\/\/www.clicars.com\/blog\/actualidad\/nueva-normativa-para-ciclistas-dgt\/","og_locale":"es_ES","og_type":"article","og_title":"Nueva normativa para ciclistas de la DGT - Clicars blog","og_description":"No s\u00f3lo los ciclistas deben estar al tanto de la nueva normativa de la DGT, sino tambi\u00e9n los conductores. Evita las multas y conduce seguro.","og_url":"https:\/\/www.clicars.com\/blog\/actualidad\/nueva-normativa-para-ciclistas-dgt\/","og_site_name":"Clicars","article_published_time":"2022-01-07T15:33:03+00:00","article_modified_time":"2022-11-22T12:50:01+00:00","og_image":[{"width":1800,"height":1200,"url":"https:\/\/www.clicars.com\/blog\/wp-content\/uploads\/2019\/09\/SEAT-1.jpg","type":"image\/jpeg"}],"author":"Clicars","twitter_card":"summary_large_image","twitter_misc":{"Escrito por":"Clicars","Tiempo de lectura":"4 minutos"},"schema":{"@context":"https:\/\/schema.org","@graph":[{"@type":"Article","@id":"https:\/\/www.clicars.com\/blog\/actualidad\/nueva-normativa-para-ciclistas-dgt\/#article","isPartOf":{"@id":"https:\/\/www.clicars.com\/blog\/actualidad\/nueva-normativa-para-ciclistas-dgt\/"},"author":{"name":"Clicars","@id":"https:\/\/www.clicars.com\/blog\/#\/schema\/person\/af686c41ba96962c68871392bf2bb62d"},"headline":"Nueva normativa para ciclistas de la DGT: \u00bfc\u00f3mo adelantar?, \u00bfqu\u00e9 multas hay?","datePublished":"2022-01-07T15:33:03+00:00","dateModified":"2022-11-22T12:50:01+00:00","mainEntityOfPage":{"@id":"https:\/\/www.clicars.com\/blog\/actualidad\/nueva-normativa-para-ciclistas-dgt\/"},"wordCount":632,"image":{"@id":"https:\/\/www.clicars.com\/blog\/actualidad\/nueva-normativa-para-ciclistas-dgt\/#primaryimage"},"thumbnailUrl":"https:\/\/www.clicars.com\/blog\/wp-content\/uploads\/2019\/09\/SEAT-1.jpg","articleSection":["Actualidad"],"inLanguage":"es"},{"@type":["WebPage","ItemPage"],"@id":"https:\/\/www.clicars.com\/blog\/actualidad\/nueva-normativa-para-ciclistas-dgt\/","url":"https:\/\/www.clicars.com\/blog\/actualidad\/nueva-normativa-para-ciclistas-dgt\/","name":"Nueva normativa para ciclistas de la DGT - Clicars blog","isPartOf":{"@id":"https:\/\/www.clicars.com\/blog\/#website"},"primaryImageOfPage":{"@id":"https:\/\/www.clicars.com\/blog\/actualidad\/nueva-normativa-para-ciclistas-dgt\/#primaryimage"},"image":{"@id":"https:\/\/www.clicars.com\/blog\/actualidad\/nueva-normativa-para-ciclistas-dgt\/#primaryimage"},"thumbnailUrl":"https:\/\/www.clicars.com\/blog\/wp-content\/uploads\/2019\/09\/SEAT-1.jpg","datePublished":"2022-01-07T15:33:03+00:00","dateModified":"2022-11-22T12:50:01+00:00","author":{"@id":"https:\/\/www.clicars.com\/blog\/#\/schema\/person\/af686c41ba96962c68871392bf2bb62d"},"description":"No s\u00f3lo los ciclistas deben estar al tanto de la nueva normativa de la DGT, sino tambi\u00e9n los conductores. Evita las multas y conduce seguro.","breadcrumb":{"@id":"https:\/\/www.clicars.com\/blog\/actualidad\/nueva-normativa-para-ciclistas-dgt\/#breadcrumb"},"inLanguage":"es","potentialAction":[{"@type":"ReadAction","target":["https:\/\/www.clicars.com\/blog\/actualidad\/nueva-normativa-para-ciclistas-dgt\/"]}]},{"@type":"ImageObject","inLanguage":"es","@id":"https:\/\/www.clicars.com\/blog\/actualidad\/nueva-normativa-para-ciclistas-dgt\/#primaryimage","url":"https:\/\/www.clicars.com\/blog\/wp-content\/uploads\/2019\/09\/SEAT-1.jpg","contentUrl":"https:\/\/www.clicars.com\/blog\/wp-content\/uploads\/2019\/09\/SEAT-1.jpg","width":1800,"height":1200,"caption":"Nueva normativa para ciclistas dgt"},{"@type":"BreadcrumbList","@id":"https:\/\/www.clicars.com\/blog\/actualidad\/nueva-normativa-para-ciclistas-dgt\/#breadcrumb","itemListElement":[{"@type":"ListItem","position":1,"name":"Portada","item":"https:\/\/www.clicars.com\/blog\/"},{"@type":"ListItem","position":2,"name":"Nueva normativa para ciclistas de la DGT: \u00bfc\u00f3mo adelantar?, \u00bfqu\u00e9 multas hay?"}]},{"@type":"WebSite","@id":"https:\/\/www.clicars.com\/blog\/#website","url":"https:\/\/www.clicars.com\/blog\/","name":"Clicars","description":"Compra tu coche de Buena Mano sin moverte de casa","inLanguage":"es"},{"@type":"Person","@id":"https:\/\/www.clicars.com\/blog\/#\/schema\/person\/af686c41ba96962c68871392bf2bb62d","name":"Clicars","image":{"@type":"ImageObject","inLanguage":"es","@id":"https:\/\/www.clicars.com\/blog\/#\/schema\/person\/image\/","url":"https:\/\/secure.gravatar.com\/avatar\/3100622b0023049db14165cdba9dadaa9159743b871e83e440a0df9a70f80e56?s=96&d=mm&r=g","contentUrl":"https:\/\/secure.gravatar.com\/avatar\/3100622b0023049db14165cdba9dadaa9159743b871e83e440a0df9a70f80e56?s=96&d=mm&r=g","caption":"Clicars"},"sameAs":["https:\/\/www.clicars.com"],"url":"https:\/\/www.clicars.com\/blog\/author\/clicars\/"}]}},"_links":{"self":[{"href":"https:\/\/www.clicars.com\/blog\/wp-json\/wp\/v2\/posts\/6513","targetHints":{"allow":["GET"]}}],"collection":[{"href":"https:\/\/www.clicars.com\/blog\/wp-json\/wp\/v2\/posts"}],"about":[{"href":"https:\/\/www.clicars.com\/blog\/wp-json\/wp\/v2\/types\/post"}],"author":[{"embeddable":true,"href":"https:\/\/www.clicars.com\/blog\/wp-json\/wp\/v2\/users\/2"}],"replies":[{"embeddable":true,"href":"https:\/\/www.clicars.com\/blog\/wp-json\/wp\/v2\/comments?post=6513"}],"version-history":[{"count":6,"href":"https:\/\/www.clicars.com\/blog\/wp-json\/wp\/v2\/posts\/6513\/revisions"}],"predecessor-version":[{"id":10477,"href":"https:\/\/www.clicars.com\/blog\/wp-json\/wp\/v2\/posts\/6513\/revisions\/10477"}],"wp:featuredmedia":[{"embeddable":true,"href":"https:\/\/www.clicars.com\/blog\/wp-json\/wp\/v2\/media\/6514"}],"wp:attachment":[{"href":"https:\/\/www.clicars.com\/blog\/wp-json\/wp\/v2\/media?parent=6513"}],"wp:term":[{"taxonomy":"category","embeddable":true,"href":"https:\/\/www.clicars.com\/blog\/wp-json\/wp\/v2\/categories?post=6513"},{"taxonomy":"post_tag","embeddable":true,"href":"https:\/\/www.clicars.com\/blog\/wp-json\/wp\/v2\/tags?post=6513"}],"curies":[{"name":"wp","href":"https:\/\/api.w.org\/{rel}","templated":true}]}}