{"id":6624,"date":"2019-09-13T12:59:17","date_gmt":"2019-09-13T10:59:17","guid":{"rendered":"https:\/\/www.clicars.com\/blog\/?p=6624"},"modified":"2022-10-31T18:36:26","modified_gmt":"2022-10-31T16:36:26","slug":"mejores-ferias-de-ocasion","status":"publish","type":"post","link":"https:\/\/www.clicars.com\/blog\/actualidad\/mejores-ferias-de-ocasion\/","title":{"rendered":"Las cinco mejores ferias de ocasi\u00f3n"},"content":{"rendered":"<p><span style=\"font-weight: 400;\">En Espa\u00f1a son muchas las <\/span><b>ferias de ocasi\u00f3n<\/b><span style=\"font-weight: 400;\"> que se celebran a lo largo del a\u00f1o, pero vamos a conocer cu\u00e1les son las <\/span><b>cinco mejores ferias de ocasi\u00f3n<\/b><span style=\"font-weight: 400;\">. Est\u00e1n repartidas por toda la pen\u00ednsula y se pueden convertir en tu mejor aliado si est\u00e1s buscando un coche de segunda mano.<\/span><\/p>\n<p><span style=\"font-weight: 400;\">Vamos a conocer las <\/span><b>ferias de ocasi\u00f3n m\u00e1s importantes de Espa\u00f1a<\/b><span style=\"font-weight: 400;\">, pero debes saber que no es imprescindible que te desplaces hasta ellas ya que desde el sof\u00e1 de tu casa puedes conocer todo el stock de los modelos disponibles en Clicars, a golpe de clic desde la web.<\/span><\/p>\n<h2><span style=\"font-weight: 400;\">Firauto<\/span><\/h2>\n<p><b>Firauto <\/b><span style=\"font-weight: 400;\">es una de las cinco mejores ferias de ocasi\u00f3n de Espa\u00f1a. Se celebra en Alicante y acuden concesionarios de autom\u00f3viles, aseguradoras, entidades financieras e incluso empresas distribuidoras de recambios y accesorios con el objetivo de mostrar sus servicios y productos.\u00a0<\/span><\/p>\n<p><span style=\"font-weight: 400;\">En esta feria alicantina podr\u00e1s encontrar coches nuevos, coches de ocasi\u00f3n, veh\u00edculos industriales y todo tipo de equipamiento para conductores. Est\u00e1 organizada por la instituci\u00f3n ferial IFA y est\u00e1 abierta al p\u00fablico en general. Se celebra anualmente entre el <\/span><b>13 y el 15 de mayo.<\/b><span style=\"font-weight: 400;\">\u00a0<\/span><\/p>\n<p><img loading=\"lazy\" decoding=\"async\" class=\"aligncenter size-full wp-image-10149\" src=\"https:\/\/www.clicars.com\/blog\/wp-content\/uploads\/2019\/09\/volkswagen-arteon-1-scaled.webp\" alt=\"Volkswagen arteon\" width=\"2560\" height=\"1707\" srcset=\"https:\/\/www.clicars.com\/blog\/wp-content\/uploads\/2019\/09\/volkswagen-arteon-1-scaled.webp 2560w, https:\/\/www.clicars.com\/blog\/wp-content\/uploads\/2019\/09\/volkswagen-arteon-1-300x200.webp 300w, https:\/\/www.clicars.com\/blog\/wp-content\/uploads\/2019\/09\/volkswagen-arteon-1-1024x683.webp 1024w, https:\/\/www.clicars.com\/blog\/wp-content\/uploads\/2019\/09\/volkswagen-arteon-1-768x512.webp 768w, https:\/\/www.clicars.com\/blog\/wp-content\/uploads\/2019\/09\/volkswagen-arteon-1-1536x1024.webp 1536w, https:\/\/www.clicars.com\/blog\/wp-content\/uploads\/2019\/09\/volkswagen-arteon-1-2048x1365.webp 2048w, https:\/\/www.clicars.com\/blog\/wp-content\/uploads\/2019\/09\/volkswagen-arteon-1-900x600.webp 900w\" sizes=\"auto, (max-width: 2560px) 100vw, 2560px\" \/><\/p>\n<h2><span style=\"font-weight: 400;\">Stock Car<\/span><\/h2>\n<p><b>Stock Car<\/b><span style=\"font-weight: 400;\"> tambi\u00e9n es una de las cinco mejores ferias de ocasi\u00f3n que se celebran en Espa\u00f1a. Esta feria es el punto de encuentro de turismos, coches deportivos y coches todoterrenos. Este sal\u00f3n, tal y como indican sus organizadores, \u201cnace con la voluntad de dar salida comercial al stock de veh\u00edculos nuevos y seminuevos de los concesionarios de autom\u00f3viles de Zaragoza\u201d.\u00a0<\/span><\/p>\n<p><span style=\"font-weight: 400;\">Esta feria est\u00e1 abierta a todos los profesionales del sector y al p\u00fablico en general. Se celebra en Zaragoza de forma anual entre el <\/span><b>19 y el 22 de mayo<\/b><span style=\"font-weight: 400;\"> y acuden concesionarios, aseguradoras, recambios y accesorios.\u00a0<\/span><\/p>\n<h2><span style=\"font-weight: 400;\">Sal\u00f3n del Veh\u00edculo de Ocasi\u00f3n<\/span><\/h2>\n<p><span style=\"font-weight: 400;\">El Sal\u00f3n del Veh\u00edculo de Ocasi\u00f3n acoge turismos, veh\u00edculos comerciales, todoterrenos, recambios y accesorios relacionados con el mundo de la automoci\u00f3n. Est\u00e1 abierto al p\u00fablico en general y su objetivo es dar a conocer las novedades del sector y que se pueda adquirir un veh\u00edculo acorde a sus necesidades.\u00a0<\/span><\/p>\n<p><span style=\"font-weight: 400;\">Se celebra en <a href=\"https:\/\/www.clicars.com\/coches-segunda-mano-ocasion\/madrid\">Madrid<\/a>, concretamente en Ifema Feria de Madrid entre el <\/span><b>27 de mayo y el 5 de junio<\/b><span style=\"font-weight: 400;\">, de forma anual.<\/span><\/p>\n<p><img loading=\"lazy\" decoding=\"async\" class=\"aligncenter size-full wp-image-10150\" src=\"https:\/\/www.clicars.com\/blog\/wp-content\/uploads\/2019\/09\/cuando-comprar-un-coche-de-segunda-mano.webp\" alt=\"bmw serie 1\" width=\"2265\" height=\"1511\" srcset=\"https:\/\/www.clicars.com\/blog\/wp-content\/uploads\/2019\/09\/cuando-comprar-un-coche-de-segunda-mano.webp 2265w, https:\/\/www.clicars.com\/blog\/wp-content\/uploads\/2019\/09\/cuando-comprar-un-coche-de-segunda-mano-300x200.webp 300w, https:\/\/www.clicars.com\/blog\/wp-content\/uploads\/2019\/09\/cuando-comprar-un-coche-de-segunda-mano-1024x683.webp 1024w, https:\/\/www.clicars.com\/blog\/wp-content\/uploads\/2019\/09\/cuando-comprar-un-coche-de-segunda-mano-768x512.webp 768w, https:\/\/www.clicars.com\/blog\/wp-content\/uploads\/2019\/09\/cuando-comprar-un-coche-de-segunda-mano-1536x1025.webp 1536w, https:\/\/www.clicars.com\/blog\/wp-content\/uploads\/2019\/09\/cuando-comprar-un-coche-de-segunda-mano-2048x1366.webp 2048w, https:\/\/www.clicars.com\/blog\/wp-content\/uploads\/2019\/09\/cuando-comprar-un-coche-de-segunda-mano-900x600.webp 900w\" sizes=\"auto, (max-width: 2265px) 100vw, 2265px\" \/><\/p>\n<h2><span style=\"font-weight: 400;\">Feria del Autom\u00f3vil, Veh\u00edculo de Ocasi\u00f3n y Comercial<\/span><\/h2>\n<p><span style=\"font-weight: 400;\">La <\/span><b>Feria del Autom\u00f3vil, Veh\u00edculo de Ocasi\u00f3n y Comercial de Valencia<\/b><span style=\"font-weight: 400;\"> re\u00fane una gran cantidad de veh\u00edculos de ocasi\u00f3n, seminuevos, renting e incluso kil\u00f3metro cero. Es una propuesta muy interesante ya que ofrece suculentos descuentos a sus visitantes, as\u00ed como promociones y financiaciones con condiciones excepcionales.\u00a0<\/span><\/p>\n<p><span style=\"font-weight: 400;\">Ocupa m\u00e1s de 16.653 metros cuadrados de exposici\u00f3n, se celebra de forma anual entre el <\/span><b>2 y el 4 de diciembre<\/b><span style=\"font-weight: 400;\"> en la Feria de Valencia.\u00a0<\/span><\/p>\n<h2><span style=\"font-weight: 400;\">Ocasi\u00f3n \u2013 El Sal\u00f3n del Veh\u00edculo Garantizado<\/span><\/h2>\n<p><span style=\"font-weight: 400;\">El <\/span><b>Sal\u00f3n del Veh\u00edculo Garantizado<\/b><span style=\"font-weight: 400;\"> tambi\u00e9n forma parte de las cinco mejores ferias de ocasi\u00f3n. All\u00ed podr\u00e1s encontrar una amplia gama de veh\u00edculos de ocasi\u00f3n para todos los gustos, necesidades e incluso bolsillos. Se dar\u00e1n cita concesionarios oficiales, empresas de compra-venta, entre otros expositores.\u00a0<\/span><\/p>\n<p><span style=\"font-weight: 400;\">Se celebra de forma anual entre el <\/span><b>26 de noviembre y el 4 de diciembre<\/b><span style=\"font-weight: 400;\"> en <em>Fira<\/em> Barcelona-Montjuic, <a href=\"https:\/\/www.clicars.com\/coches-segunda-mano-ocasion\/barcelona\">Barcelona<\/a>.\u00a0<\/span><\/p>\n<p><img loading=\"lazy\" decoding=\"async\" class=\"aligncenter size-full wp-image-10148\" src=\"https:\/\/www.clicars.com\/blog\/wp-content\/uploads\/2019\/09\/entrega-marino-scaled.webp\" alt=\"entrega clicars\" width=\"2560\" height=\"1920\" srcset=\"https:\/\/www.clicars.com\/blog\/wp-content\/uploads\/2019\/09\/entrega-marino-scaled.webp 2560w, https:\/\/www.clicars.com\/blog\/wp-content\/uploads\/2019\/09\/entrega-marino-300x225.webp 300w, https:\/\/www.clicars.com\/blog\/wp-content\/uploads\/2019\/09\/entrega-marino-1024x768.webp 1024w, https:\/\/www.clicars.com\/blog\/wp-content\/uploads\/2019\/09\/entrega-marino-768x576.webp 768w, https:\/\/www.clicars.com\/blog\/wp-content\/uploads\/2019\/09\/entrega-marino-1536x1152.webp 1536w, https:\/\/www.clicars.com\/blog\/wp-content\/uploads\/2019\/09\/entrega-marino-2048x1536.webp 2048w\" sizes=\"auto, (max-width: 2560px) 100vw, 2560px\" \/><\/p>\n<p><span style=\"font-weight: 400;\">Aunque las ferias de ocasi\u00f3n son muy interesantes, recuerda que puedes elegir tu pr\u00f3ximo coche a cualquier hora y desde cualquier lugar gracias a <\/span><b>Clicars.<\/b><span style=\"font-weight: 400;\"> Podr\u00e1s elegir tu pr\u00f3ximo <\/span><a href=\"https:\/\/www.clicars.com\/coches-segunda-mano-ocasion\"><span style=\"font-weight: 400;\">coche de ocasi\u00f3n<\/span><\/a><span style=\"font-weight: 400;\"> al mejor precio durante todo el a\u00f1o. \u00a1Te esperamos!<\/span><\/p>\n<p>&nbsp;<\/p>\n[sibwp_form id=12]\n","protected":false},"excerpt":{"rendered":"<p>En Espa\u00f1a son muchas las ferias de ocasi\u00f3n que se celebran a lo largo del&#8230;<\/p>\n","protected":false},"author":2,"featured_media":6625,"comment_status":"closed","ping_status":"closed","sticky":false,"template":"","format":"standard","meta":{"footnotes":""},"categories":[5],"tags":[],"class_list":{"0":"post-6624","1":"post","2":"type-post","3":"status-publish","4":"format-standard","5":"has-post-thumbnail","7":"category-actualidad"},"yoast_head":"<!-- This site is optimized with the Yoast SEO plugin v26.8 - https:\/\/yoast.com\/product\/yoast-seo-wordpress\/ -->\n<title>Las 5 mejores ferias de coches de ocasi\u00f3n - Clicars Blog<\/title>\n<meta name=\"description\" content=\"Las 5 mejores ferias de coches de ocasi\u00f3n recogidas en este post. Si buscas oportunidades de coches a buen precio, este es tu post.\" \/>\n<meta name=\"robots\" content=\"index, follow, max-snippet:-1, max-image-preview:large, max-video-preview:-1\" \/>\n<link rel=\"canonical\" href=\"https:\/\/www.clicars.com\/blog\/actualidad\/mejores-ferias-de-ocasion\/\" \/>\n<meta property=\"og:locale\" content=\"es_ES\" \/>\n<meta property=\"og:type\" content=\"article\" \/>\n<meta property=\"og:title\" content=\"Las 5 mejores ferias de coches de ocasi\u00f3n - Clicars Blog\" \/>\n<meta property=\"og:description\" content=\"Las 5 mejores ferias de coches de ocasi\u00f3n recogidas en este post. Si buscas oportunidades de coches a buen precio, este es tu post.\" \/>\n<meta property=\"og:url\" content=\"https:\/\/www.clicars.com\/blog\/actualidad\/mejores-ferias-de-ocasion\/\" \/>\n<meta property=\"og:site_name\" content=\"Clicars\" \/>\n<meta property=\"article:published_time\" content=\"2019-09-13T10:59:17+00:00\" \/>\n<meta property=\"article:modified_time\" content=\"2022-10-31T16:36:26+00:00\" \/>\n<meta property=\"og:image\" content=\"https:\/\/www.clicars.com\/blog\/wp-content\/uploads\/2019\/09\/MG_1086-1-1.jpg\" \/>\n\t<meta property=\"og:image:width\" content=\"1800\" \/>\n\t<meta property=\"og:image:height\" content=\"1200\" \/>\n\t<meta property=\"og:image:type\" content=\"image\/jpeg\" \/>\n<meta name=\"author\" content=\"Clicars\" \/>\n<meta name=\"twitter:card\" content=\"summary_large_image\" \/>\n<meta name=\"twitter:label1\" content=\"Escrito por\" \/>\n\t<meta name=\"twitter:data1\" content=\"Clicars\" \/>\n\t<meta name=\"twitter:label2\" content=\"Tiempo de lectura\" \/>\n\t<meta name=\"twitter:data2\" content=\"4 minutos\" \/>\n<script type=\"application\/ld+json\" class=\"yoast-schema-graph\">{\"@context\":\"https:\/\/schema.org\",\"@graph\":[{\"@type\":\"Article\",\"@id\":\"https:\/\/www.clicars.com\/blog\/actualidad\/mejores-ferias-de-ocasion\/#article\",\"isPartOf\":{\"@id\":\"https:\/\/www.clicars.com\/blog\/actualidad\/mejores-ferias-de-ocasion\/\"},\"author\":{\"name\":\"Clicars\",\"@id\":\"https:\/\/www.clicars.com\/blog\/#\/schema\/person\/af686c41ba96962c68871392bf2bb62d\"},\"headline\":\"Las cinco mejores ferias de ocasi\u00f3n\",\"datePublished\":\"2019-09-13T10:59:17+00:00\",\"dateModified\":\"2022-10-31T16:36:26+00:00\",\"mainEntityOfPage\":{\"@id\":\"https:\/\/www.clicars.com\/blog\/actualidad\/mejores-ferias-de-ocasion\/\"},\"wordCount\":618,\"image\":{\"@id\":\"https:\/\/www.clicars.com\/blog\/actualidad\/mejores-ferias-de-ocasion\/#primaryimage\"},\"thumbnailUrl\":\"https:\/\/www.clicars.com\/blog\/wp-content\/uploads\/2019\/09\/MG_1086-1-1.jpg\",\"articleSection\":[\"Actualidad\"],\"inLanguage\":\"es\"},{\"@type\":[\"WebPage\",\"ItemPage\"],\"@id\":\"https:\/\/www.clicars.com\/blog\/actualidad\/mejores-ferias-de-ocasion\/\",\"url\":\"https:\/\/www.clicars.com\/blog\/actualidad\/mejores-ferias-de-ocasion\/\",\"name\":\"Las 5 mejores ferias de coches de ocasi\u00f3n - Clicars Blog\",\"isPartOf\":{\"@id\":\"https:\/\/www.clicars.com\/blog\/#website\"},\"primaryImageOfPage\":{\"@id\":\"https:\/\/www.clicars.com\/blog\/actualidad\/mejores-ferias-de-ocasion\/#primaryimage\"},\"image\":{\"@id\":\"https:\/\/www.clicars.com\/blog\/actualidad\/mejores-ferias-de-ocasion\/#primaryimage\"},\"thumbnailUrl\":\"https:\/\/www.clicars.com\/blog\/wp-content\/uploads\/2019\/09\/MG_1086-1-1.jpg\",\"datePublished\":\"2019-09-13T10:59:17+00:00\",\"dateModified\":\"2022-10-31T16:36:26+00:00\",\"author\":{\"@id\":\"https:\/\/www.clicars.com\/blog\/#\/schema\/person\/af686c41ba96962c68871392bf2bb62d\"},\"description\":\"Las 5 mejores ferias de coches de ocasi\u00f3n recogidas en este post. Si buscas oportunidades de coches a buen precio, este es tu post.\",\"breadcrumb\":{\"@id\":\"https:\/\/www.clicars.com\/blog\/actualidad\/mejores-ferias-de-ocasion\/#breadcrumb\"},\"inLanguage\":\"es\",\"potentialAction\":[{\"@type\":\"ReadAction\",\"target\":[\"https:\/\/www.clicars.com\/blog\/actualidad\/mejores-ferias-de-ocasion\/\"]}]},{\"@type\":\"ImageObject\",\"inLanguage\":\"es\",\"@id\":\"https:\/\/www.clicars.com\/blog\/actualidad\/mejores-ferias-de-ocasion\/#primaryimage\",\"url\":\"https:\/\/www.clicars.com\/blog\/wp-content\/uploads\/2019\/09\/MG_1086-1-1.jpg\",\"contentUrl\":\"https:\/\/www.clicars.com\/blog\/wp-content\/uploads\/2019\/09\/MG_1086-1-1.jpg\",\"width\":1800,\"height\":1200,\"caption\":\"Feria del coche de ocasion\"},{\"@type\":\"BreadcrumbList\",\"@id\":\"https:\/\/www.clicars.com\/blog\/actualidad\/mejores-ferias-de-ocasion\/#breadcrumb\",\"itemListElement\":[{\"@type\":\"ListItem\",\"position\":1,\"name\":\"Portada\",\"item\":\"https:\/\/www.clicars.com\/blog\/\"},{\"@type\":\"ListItem\",\"position\":2,\"name\":\"Las cinco mejores ferias de ocasi\u00f3n\"}]},{\"@type\":\"WebSite\",\"@id\":\"https:\/\/www.clicars.com\/blog\/#website\",\"url\":\"https:\/\/www.clicars.com\/blog\/\",\"name\":\"Clicars\",\"description\":\"Compra tu coche de Buena Mano sin moverte de casa\",\"inLanguage\":\"es\"},{\"@type\":\"Person\",\"@id\":\"https:\/\/www.clicars.com\/blog\/#\/schema\/person\/af686c41ba96962c68871392bf2bb62d\",\"name\":\"Clicars\",\"image\":{\"@type\":\"ImageObject\",\"inLanguage\":\"es\",\"@id\":\"https:\/\/www.clicars.com\/blog\/#\/schema\/person\/image\/\",\"url\":\"https:\/\/secure.gravatar.com\/avatar\/3100622b0023049db14165cdba9dadaa9159743b871e83e440a0df9a70f80e56?s=96&d=mm&r=g\",\"contentUrl\":\"https:\/\/secure.gravatar.com\/avatar\/3100622b0023049db14165cdba9dadaa9159743b871e83e440a0df9a70f80e56?s=96&d=mm&r=g\",\"caption\":\"Clicars\"},\"sameAs\":[\"https:\/\/www.clicars.com\"],\"url\":\"https:\/\/www.clicars.com\/blog\/author\/clicars\/\"}]}<\/script>\n<!-- \/ Yoast SEO plugin. -->","yoast_head_json":{"title":"Las 5 mejores ferias de coches de ocasi\u00f3n - Clicars Blog","description":"Las 5 mejores ferias de coches de ocasi\u00f3n recogidas en este post. Si buscas oportunidades de coches a buen precio, este es tu post.","robots":{"index":"index","follow":"follow","max-snippet":"max-snippet:-1","max-image-preview":"max-image-preview:large","max-video-preview":"max-video-preview:-1"},"canonical":"https:\/\/www.clicars.com\/blog\/actualidad\/mejores-ferias-de-ocasion\/","og_locale":"es_ES","og_type":"article","og_title":"Las 5 mejores ferias de coches de ocasi\u00f3n - Clicars Blog","og_description":"Las 5 mejores ferias de coches de ocasi\u00f3n recogidas en este post. Si buscas oportunidades de coches a buen precio, este es tu post.","og_url":"https:\/\/www.clicars.com\/blog\/actualidad\/mejores-ferias-de-ocasion\/","og_site_name":"Clicars","article_published_time":"2019-09-13T10:59:17+00:00","article_modified_time":"2022-10-31T16:36:26+00:00","og_image":[{"width":1800,"height":1200,"url":"https:\/\/www.clicars.com\/blog\/wp-content\/uploads\/2019\/09\/MG_1086-1-1.jpg","type":"image\/jpeg"}],"author":"Clicars","twitter_card":"summary_large_image","twitter_misc":{"Escrito por":"Clicars","Tiempo de lectura":"4 minutos"},"schema":{"@context":"https:\/\/schema.org","@graph":[{"@type":"Article","@id":"https:\/\/www.clicars.com\/blog\/actualidad\/mejores-ferias-de-ocasion\/#article","isPartOf":{"@id":"https:\/\/www.clicars.com\/blog\/actualidad\/mejores-ferias-de-ocasion\/"},"author":{"name":"Clicars","@id":"https:\/\/www.clicars.com\/blog\/#\/schema\/person\/af686c41ba96962c68871392bf2bb62d"},"headline":"Las cinco mejores ferias de ocasi\u00f3n","datePublished":"2019-09-13T10:59:17+00:00","dateModified":"2022-10-31T16:36:26+00:00","mainEntityOfPage":{"@id":"https:\/\/www.clicars.com\/blog\/actualidad\/mejores-ferias-de-ocasion\/"},"wordCount":618,"image":{"@id":"https:\/\/www.clicars.com\/blog\/actualidad\/mejores-ferias-de-ocasion\/#primaryimage"},"thumbnailUrl":"https:\/\/www.clicars.com\/blog\/wp-content\/uploads\/2019\/09\/MG_1086-1-1.jpg","articleSection":["Actualidad"],"inLanguage":"es"},{"@type":["WebPage","ItemPage"],"@id":"https:\/\/www.clicars.com\/blog\/actualidad\/mejores-ferias-de-ocasion\/","url":"https:\/\/www.clicars.com\/blog\/actualidad\/mejores-ferias-de-ocasion\/","name":"Las 5 mejores ferias de coches de ocasi\u00f3n - Clicars Blog","isPartOf":{"@id":"https:\/\/www.clicars.com\/blog\/#website"},"primaryImageOfPage":{"@id":"https:\/\/www.clicars.com\/blog\/actualidad\/mejores-ferias-de-ocasion\/#primaryimage"},"image":{"@id":"https:\/\/www.clicars.com\/blog\/actualidad\/mejores-ferias-de-ocasion\/#primaryimage"},"thumbnailUrl":"https:\/\/www.clicars.com\/blog\/wp-content\/uploads\/2019\/09\/MG_1086-1-1.jpg","datePublished":"2019-09-13T10:59:17+00:00","dateModified":"2022-10-31T16:36:26+00:00","author":{"@id":"https:\/\/www.clicars.com\/blog\/#\/schema\/person\/af686c41ba96962c68871392bf2bb62d"},"description":"Las 5 mejores ferias de coches de ocasi\u00f3n recogidas en este post. Si buscas oportunidades de coches a buen precio, este es tu post.","breadcrumb":{"@id":"https:\/\/www.clicars.com\/blog\/actualidad\/mejores-ferias-de-ocasion\/#breadcrumb"},"inLanguage":"es","potentialAction":[{"@type":"ReadAction","target":["https:\/\/www.clicars.com\/blog\/actualidad\/mejores-ferias-de-ocasion\/"]}]},{"@type":"ImageObject","inLanguage":"es","@id":"https:\/\/www.clicars.com\/blog\/actualidad\/mejores-ferias-de-ocasion\/#primaryimage","url":"https:\/\/www.clicars.com\/blog\/wp-content\/uploads\/2019\/09\/MG_1086-1-1.jpg","contentUrl":"https:\/\/www.clicars.com\/blog\/wp-content\/uploads\/2019\/09\/MG_1086-1-1.jpg","width":1800,"height":1200,"caption":"Feria del coche de ocasion"},{"@type":"BreadcrumbList","@id":"https:\/\/www.clicars.com\/blog\/actualidad\/mejores-ferias-de-ocasion\/#breadcrumb","itemListElement":[{"@type":"ListItem","position":1,"name":"Portada","item":"https:\/\/www.clicars.com\/blog\/"},{"@type":"ListItem","position":2,"name":"Las cinco mejores ferias de ocasi\u00f3n"}]},{"@type":"WebSite","@id":"https:\/\/www.clicars.com\/blog\/#website","url":"https:\/\/www.clicars.com\/blog\/","name":"Clicars","description":"Compra tu coche de Buena Mano sin moverte de casa","inLanguage":"es"},{"@type":"Person","@id":"https:\/\/www.clicars.com\/blog\/#\/schema\/person\/af686c41ba96962c68871392bf2bb62d","name":"Clicars","image":{"@type":"ImageObject","inLanguage":"es","@id":"https:\/\/www.clicars.com\/blog\/#\/schema\/person\/image\/","url":"https:\/\/secure.gravatar.com\/avatar\/3100622b0023049db14165cdba9dadaa9159743b871e83e440a0df9a70f80e56?s=96&d=mm&r=g","contentUrl":"https:\/\/secure.gravatar.com\/avatar\/3100622b0023049db14165cdba9dadaa9159743b871e83e440a0df9a70f80e56?s=96&d=mm&r=g","caption":"Clicars"},"sameAs":["https:\/\/www.clicars.com"],"url":"https:\/\/www.clicars.com\/blog\/author\/clicars\/"}]}},"_links":{"self":[{"href":"https:\/\/www.clicars.com\/blog\/wp-json\/wp\/v2\/posts\/6624","targetHints":{"allow":["GET"]}}],"collection":[{"href":"https:\/\/www.clicars.com\/blog\/wp-json\/wp\/v2\/posts"}],"about":[{"href":"https:\/\/www.clicars.com\/blog\/wp-json\/wp\/v2\/types\/post"}],"author":[{"embeddable":true,"href":"https:\/\/www.clicars.com\/blog\/wp-json\/wp\/v2\/users\/2"}],"replies":[{"embeddable":true,"href":"https:\/\/www.clicars.com\/blog\/wp-json\/wp\/v2\/comments?post=6624"}],"version-history":[{"count":6,"href":"https:\/\/www.clicars.com\/blog\/wp-json\/wp\/v2\/posts\/6624\/revisions"}],"predecessor-version":[{"id":10356,"href":"https:\/\/www.clicars.com\/blog\/wp-json\/wp\/v2\/posts\/6624\/revisions\/10356"}],"wp:featuredmedia":[{"embeddable":true,"href":"https:\/\/www.clicars.com\/blog\/wp-json\/wp\/v2\/media\/6625"}],"wp:attachment":[{"href":"https:\/\/www.clicars.com\/blog\/wp-json\/wp\/v2\/media?parent=6624"}],"wp:term":[{"taxonomy":"category","embeddable":true,"href":"https:\/\/www.clicars.com\/blog\/wp-json\/wp\/v2\/categories?post=6624"},{"taxonomy":"post_tag","embeddable":true,"href":"https:\/\/www.clicars.com\/blog\/wp-json\/wp\/v2\/tags?post=6624"}],"curies":[{"name":"wp","href":"https:\/\/api.w.org\/{rel}","templated":true}]}}