{"id":6646,"date":"2019-09-16T11:51:31","date_gmt":"2019-09-16T09:51:31","guid":{"rendered":"https:\/\/www.clicars.com\/blog\/?p=6646"},"modified":"2025-04-29T17:08:07","modified_gmt":"2025-04-29T15:08:07","slug":"vehiculos-oficiales","status":"publish","type":"post","link":"https:\/\/www.clicars.com\/blog\/actualidad\/vehiculos-oficiales\/","title":{"rendered":"Los veh\u00edculos m\u00e1s utilizados por el Gobierno"},"content":{"rendered":"<p>Los coches oficiales han sido siempre un motivo de controversia, debido a que son muchas las opiniones que se versan en torno a sus usos, sus emisiones y sus precios.<\/p>\n<p>En total, el Gobierno Espa\u00f1ol dispone de <strong>una flota de 35 veh\u00edculos oficiales<\/strong>, completamente <strong>blindados<\/strong>, para llevar a cabo los desplazamientos de los miembros, incluidos los del Presidente. Seg\u00fan el Parque M\u00f3vil del Estado, <strong>15 de ellos disponen de un sistema de propulsi\u00f3n h\u00edbrido<\/strong>.<\/p>\n<p>\u00bfSabes cu\u00e1les son las marcas y modelos que m\u00e1s utilizan? Pues sigue leyendo y te lo contamos. \u00a1Arrancamos motores!<\/p>\n<h2>Las marcas favoritas<\/h2>\n<h3>Audi A8<\/h3>\n<p>El <strong>Audi A8<\/strong> es uno de los principales <strong>veh\u00edculos del Gobierno<\/strong> que se utilizan para garantizar la seguridad en los desplazamientos del <strong>Presidente<\/strong>.<\/p>\n<p>Para ser m\u00e1s precisos, tiene a su disposici\u00f3n 3 de ellos y todos con un <strong>motor de gasolina<\/strong>. Cada uno pertenece a un a\u00f1o diferente (2005, 2007 y 2017) y est\u00e1n <strong>completamente blindados<\/strong> para favorecer la protecci\u00f3n de los ocupantes.<\/p>\n<p>El Audi A8 es una <strong>berlina de lujo<\/strong>, perteneciente al segmento F y que ha ido mejorando en cuatro generaciones. Este modelo est\u00e1 dotado con la<strong> \u00faltima tecnolog\u00eda<\/strong> de Audi, tiene un espacio <strong>interior muy espacioso<\/strong> y cuenta con unos <strong>acabados y ajustes de gran calidad<\/strong>. Adem\u00e1s, el confort que ofrece es excelente.<\/p>\n<p><img loading=\"lazy\" decoding=\"async\" class=\"alignnone wp-image-6650 size-full\" src=\"https:\/\/www.clicars.com\/blog\/wp-content\/uploads\/2019\/09\/MG_7117-2-min.jpg\" alt=\"Vehiculos oficiales\" width=\"4000\" height=\"2667\" \/><\/p>\n<p>Los <strong>acabados<\/strong> del interior son de<strong> madera, cuero y aluminio<\/strong>. Y los asientos posteriores est\u00e1n dise\u00f1ados para garantizar la comodidad de una limusina. Desde ellos, se puede acceder a un <strong>centro de control<\/strong> que permite, a los ocupantes, gestionar el sistema multimedia y la climatizaci\u00f3n, e incluso para poder regular la posici\u00f3n de los asientos.<\/p>\n<p>El Audi A8 est\u00e1 disponible en 2 motorizaciones:<strong> di\u00e9sel y gasolina<\/strong> y todos ellos cuentan con <strong>tracci\u00f3n total quattro<\/strong> y una caja de cambios de <strong>transmisi\u00f3n autom\u00e1tica tiptronic<\/strong>.<\/p>\n<p>Los veh\u00edculos de gasolina tienen una mec\u00e1nica de V6 TFSI de <strong>340 caballos<\/strong>, y son capaces de acelerar de 0 a 100 en 5\u20196 segundos.<\/p>\n<p>Sin lugar a duda, el Audi A8 es todo un lujo de <strong>comodidad y seguridad<\/strong>.<\/p>\n<h3>Ford Mondeo<\/h3>\n<p>Cada uno de los ministros del Gobierno Espa\u00f1ol tienen asignados dos <strong>veh\u00edculos oficiales<\/strong>: un <strong>Peugeot 607<\/strong>, del que hablaremos a continuaci\u00f3n, y un <strong>Ford Mondeo<\/strong> con sistema de <strong>propulsi\u00f3n h\u00edbrido<\/strong>. Casi todos los Ford fueron matriculados en el 2018.<\/p>\n<p>El Ford Mondeo, en su versi\u00f3n h\u00edbrida, es una <strong>berlina muy eficaz<\/strong>, segura y que, adem\u00e1s, ofrece un <strong>consumo muy bajo<\/strong>.<\/p>\n<p>Cuenta con<strong> 187 CV<\/strong> combinados, es decir, su <strong>motor de gasolina<\/strong> tiene una potencia de 140 CV y su <strong>motor el\u00e9ctrico<\/strong> dispone de 88 KW, lo que equivale a 120 CV de potencia.<\/p>\n<p>El Ford Mondeo Hybrid est\u00e1 catalogado como una de las <strong>mejores berlinas h\u00edbridas<\/strong> del mercado actual. Tiene unas cualidades din\u00e1micas realmente buenas y una <strong>tecnolog\u00eda muy innovadora<\/strong>. Su sistema de propulsi\u00f3n h\u00edbrido se basa en las <strong>bater\u00edas auto recargables<\/strong>, que ofrecen una eficiencia y rendimiento con muy bajas emisiones.<\/p>\n<p>Es un veh\u00edculo realmente fascinante capaz de circular hasta <strong>135 km en su funci\u00f3n el\u00e9ctrica<\/strong>.<\/p>\n<h3>Peugeot 607<\/h3>\n<p>El otro <strong>veh\u00edculo del Gobierno<\/strong> con el que cuentan los ministros es el <strong>Peugeot 607<\/strong>. Todos ellos, evidentemente, <strong>completamente blindados y de gasolina<\/strong>. Las matriculaciones son del 2001, 2003, 2004, 2006 y 2009.<\/p>\n<p>Este modelo pertenece al segmento E y cuenta con un <strong>motor delantero, tracci\u00f3n delantera<\/strong>, 5 plazas y una carrocer\u00eda de sed\u00e1n con cuatro puertas. Como hemos dicho, todos son con motor gasolina y, seg\u00fan el modelo, de 2 litros con 136 CV, 2\u20192 litros y 133 o 170 CV o bien, un 2\u20197 litros y 204 CV.<\/p>\n<p>Pese a sus a\u00f1os, m\u00e1s de 10 en todos los casos, son <strong>veh\u00edculos muy seguros<\/strong> que, adem\u00e1s, ofrecen una comodidad interior francamente destacable, como se espera de los <strong>coches oficiales<\/strong>.<\/p>\n","protected":false},"excerpt":{"rendered":"<p>Los coches oficiales han sido siempre un motivo de controversia, debido a que son muchas&#8230;<\/p>\n","protected":false},"author":2,"featured_media":6649,"comment_status":"closed","ping_status":"closed","sticky":false,"template":"","format":"standard","meta":{"footnotes":""},"categories":[5],"tags":[],"class_list":{"0":"post-6646","1":"post","2":"type-post","3":"status-publish","4":"format-standard","5":"has-post-thumbnail","7":"category-actualidad"},"yoast_head":"<!-- This site is optimized with the Yoast SEO plugin v26.8 - https:\/\/yoast.com\/product\/yoast-seo-wordpress\/ -->\n<title>Los veh\u00edculos m\u00e1s utilizados por el Gobierno - Clicars Blog<\/title>\n<meta name=\"description\" content=\"En este art\u00edculo te mostramos los veh\u00edculos m\u00e1s utilizados por los oficiales de los distintos partidos pol\u00edticos.\" \/>\n<meta name=\"robots\" content=\"index, follow, max-snippet:-1, max-image-preview:large, max-video-preview:-1\" \/>\n<link rel=\"canonical\" href=\"https:\/\/www.clicars.com\/blog\/actualidad\/vehiculos-oficiales\/\" \/>\n<meta property=\"og:locale\" content=\"es_ES\" \/>\n<meta property=\"og:type\" content=\"article\" \/>\n<meta property=\"og:title\" content=\"Los veh\u00edculos m\u00e1s utilizados por el Gobierno - Clicars Blog\" \/>\n<meta property=\"og:description\" content=\"En este art\u00edculo te mostramos los veh\u00edculos m\u00e1s utilizados por los oficiales de los distintos partidos pol\u00edticos.\" \/>\n<meta property=\"og:url\" content=\"https:\/\/www.clicars.com\/blog\/actualidad\/vehiculos-oficiales\/\" \/>\n<meta property=\"og:site_name\" content=\"Clicars\" \/>\n<meta property=\"article:published_time\" content=\"2019-09-16T09:51:31+00:00\" \/>\n<meta property=\"article:modified_time\" content=\"2025-04-29T15:08:07+00:00\" \/>\n<meta property=\"og:image\" content=\"http:\/\/www.clicars.com\/blog\/wp-content\/uploads\/2019\/09\/MG_7161-min-scaled.jpg\" \/>\n\t<meta property=\"og:image:width\" content=\"2560\" \/>\n\t<meta property=\"og:image:height\" content=\"1707\" \/>\n\t<meta property=\"og:image:type\" content=\"image\/jpeg\" \/>\n<meta name=\"author\" content=\"Clicars\" \/>\n<meta name=\"twitter:card\" content=\"summary_large_image\" \/>\n<meta name=\"twitter:label1\" content=\"Escrito por\" \/>\n\t<meta name=\"twitter:data1\" content=\"Clicars\" \/>\n\t<meta name=\"twitter:label2\" content=\"Tiempo de lectura\" \/>\n\t<meta name=\"twitter:data2\" content=\"4 minutos\" \/>\n<script type=\"application\/ld+json\" class=\"yoast-schema-graph\">{\"@context\":\"https:\/\/schema.org\",\"@graph\":[{\"@type\":\"Article\",\"@id\":\"https:\/\/www.clicars.com\/blog\/actualidad\/vehiculos-oficiales\/#article\",\"isPartOf\":{\"@id\":\"https:\/\/www.clicars.com\/blog\/actualidad\/vehiculos-oficiales\/\"},\"author\":{\"name\":\"Clicars\",\"@id\":\"https:\/\/www.clicars.com\/blog\/#\/schema\/person\/af686c41ba96962c68871392bf2bb62d\"},\"headline\":\"Los veh\u00edculos m\u00e1s utilizados por el Gobierno\",\"datePublished\":\"2019-09-16T09:51:31+00:00\",\"dateModified\":\"2025-04-29T15:08:07+00:00\",\"mainEntityOfPage\":{\"@id\":\"https:\/\/www.clicars.com\/blog\/actualidad\/vehiculos-oficiales\/\"},\"wordCount\":646,\"image\":{\"@id\":\"https:\/\/www.clicars.com\/blog\/actualidad\/vehiculos-oficiales\/#primaryimage\"},\"thumbnailUrl\":\"https:\/\/www.clicars.com\/blog\/wp-content\/uploads\/2019\/09\/MG_7161-min-scaled.jpg\",\"articleSection\":[\"Actualidad\"],\"inLanguage\":\"es\"},{\"@type\":[\"WebPage\",\"ItemPage\"],\"@id\":\"https:\/\/www.clicars.com\/blog\/actualidad\/vehiculos-oficiales\/\",\"url\":\"https:\/\/www.clicars.com\/blog\/actualidad\/vehiculos-oficiales\/\",\"name\":\"Los veh\u00edculos m\u00e1s utilizados por el Gobierno - Clicars Blog\",\"isPartOf\":{\"@id\":\"https:\/\/www.clicars.com\/blog\/#website\"},\"primaryImageOfPage\":{\"@id\":\"https:\/\/www.clicars.com\/blog\/actualidad\/vehiculos-oficiales\/#primaryimage\"},\"image\":{\"@id\":\"https:\/\/www.clicars.com\/blog\/actualidad\/vehiculos-oficiales\/#primaryimage\"},\"thumbnailUrl\":\"https:\/\/www.clicars.com\/blog\/wp-content\/uploads\/2019\/09\/MG_7161-min-scaled.jpg\",\"datePublished\":\"2019-09-16T09:51:31+00:00\",\"dateModified\":\"2025-04-29T15:08:07+00:00\",\"author\":{\"@id\":\"https:\/\/www.clicars.com\/blog\/#\/schema\/person\/af686c41ba96962c68871392bf2bb62d\"},\"description\":\"En este art\u00edculo te mostramos los veh\u00edculos m\u00e1s utilizados por los oficiales de los distintos partidos pol\u00edticos.\",\"breadcrumb\":{\"@id\":\"https:\/\/www.clicars.com\/blog\/actualidad\/vehiculos-oficiales\/#breadcrumb\"},\"inLanguage\":\"es\",\"potentialAction\":[{\"@type\":\"ReadAction\",\"target\":[\"https:\/\/www.clicars.com\/blog\/actualidad\/vehiculos-oficiales\/\"]}]},{\"@type\":\"ImageObject\",\"inLanguage\":\"es\",\"@id\":\"https:\/\/www.clicars.com\/blog\/actualidad\/vehiculos-oficiales\/#primaryimage\",\"url\":\"https:\/\/www.clicars.com\/blog\/wp-content\/uploads\/2019\/09\/MG_7161-min-scaled.jpg\",\"contentUrl\":\"https:\/\/www.clicars.com\/blog\/wp-content\/uploads\/2019\/09\/MG_7161-min-scaled.jpg\",\"width\":2560,\"height\":1707,\"caption\":\"Vehiculos de gobierno\"},{\"@type\":\"BreadcrumbList\",\"@id\":\"https:\/\/www.clicars.com\/blog\/actualidad\/vehiculos-oficiales\/#breadcrumb\",\"itemListElement\":[{\"@type\":\"ListItem\",\"position\":1,\"name\":\"Portada\",\"item\":\"https:\/\/www.clicars.com\/blog\/\"},{\"@type\":\"ListItem\",\"position\":2,\"name\":\"Los veh\u00edculos m\u00e1s utilizados por el Gobierno\"}]},{\"@type\":\"WebSite\",\"@id\":\"https:\/\/www.clicars.com\/blog\/#website\",\"url\":\"https:\/\/www.clicars.com\/blog\/\",\"name\":\"Clicars\",\"description\":\"Compra tu coche de Buena Mano sin moverte de casa\",\"inLanguage\":\"es\"},{\"@type\":\"Person\",\"@id\":\"https:\/\/www.clicars.com\/blog\/#\/schema\/person\/af686c41ba96962c68871392bf2bb62d\",\"name\":\"Clicars\",\"image\":{\"@type\":\"ImageObject\",\"inLanguage\":\"es\",\"@id\":\"https:\/\/www.clicars.com\/blog\/#\/schema\/person\/image\/\",\"url\":\"https:\/\/secure.gravatar.com\/avatar\/3100622b0023049db14165cdba9dadaa9159743b871e83e440a0df9a70f80e56?s=96&d=mm&r=g\",\"contentUrl\":\"https:\/\/secure.gravatar.com\/avatar\/3100622b0023049db14165cdba9dadaa9159743b871e83e440a0df9a70f80e56?s=96&d=mm&r=g\",\"caption\":\"Clicars\"},\"sameAs\":[\"https:\/\/www.clicars.com\"],\"url\":\"https:\/\/www.clicars.com\/blog\/author\/clicars\/\"}]}<\/script>\n<!-- \/ Yoast SEO plugin. -->","yoast_head_json":{"title":"Los veh\u00edculos m\u00e1s utilizados por el Gobierno - Clicars Blog","description":"En este art\u00edculo te mostramos los veh\u00edculos m\u00e1s utilizados por los oficiales de los distintos partidos pol\u00edticos.","robots":{"index":"index","follow":"follow","max-snippet":"max-snippet:-1","max-image-preview":"max-image-preview:large","max-video-preview":"max-video-preview:-1"},"canonical":"https:\/\/www.clicars.com\/blog\/actualidad\/vehiculos-oficiales\/","og_locale":"es_ES","og_type":"article","og_title":"Los veh\u00edculos m\u00e1s utilizados por el Gobierno - Clicars Blog","og_description":"En este art\u00edculo te mostramos los veh\u00edculos m\u00e1s utilizados por los oficiales de los distintos partidos pol\u00edticos.","og_url":"https:\/\/www.clicars.com\/blog\/actualidad\/vehiculos-oficiales\/","og_site_name":"Clicars","article_published_time":"2019-09-16T09:51:31+00:00","article_modified_time":"2025-04-29T15:08:07+00:00","og_image":[{"width":2560,"height":1707,"url":"http:\/\/www.clicars.com\/blog\/wp-content\/uploads\/2019\/09\/MG_7161-min-scaled.jpg","type":"image\/jpeg"}],"author":"Clicars","twitter_card":"summary_large_image","twitter_misc":{"Escrito por":"Clicars","Tiempo de lectura":"4 minutos"},"schema":{"@context":"https:\/\/schema.org","@graph":[{"@type":"Article","@id":"https:\/\/www.clicars.com\/blog\/actualidad\/vehiculos-oficiales\/#article","isPartOf":{"@id":"https:\/\/www.clicars.com\/blog\/actualidad\/vehiculos-oficiales\/"},"author":{"name":"Clicars","@id":"https:\/\/www.clicars.com\/blog\/#\/schema\/person\/af686c41ba96962c68871392bf2bb62d"},"headline":"Los veh\u00edculos m\u00e1s utilizados por el Gobierno","datePublished":"2019-09-16T09:51:31+00:00","dateModified":"2025-04-29T15:08:07+00:00","mainEntityOfPage":{"@id":"https:\/\/www.clicars.com\/blog\/actualidad\/vehiculos-oficiales\/"},"wordCount":646,"image":{"@id":"https:\/\/www.clicars.com\/blog\/actualidad\/vehiculos-oficiales\/#primaryimage"},"thumbnailUrl":"https:\/\/www.clicars.com\/blog\/wp-content\/uploads\/2019\/09\/MG_7161-min-scaled.jpg","articleSection":["Actualidad"],"inLanguage":"es"},{"@type":["WebPage","ItemPage"],"@id":"https:\/\/www.clicars.com\/blog\/actualidad\/vehiculos-oficiales\/","url":"https:\/\/www.clicars.com\/blog\/actualidad\/vehiculos-oficiales\/","name":"Los veh\u00edculos m\u00e1s utilizados por el Gobierno - Clicars Blog","isPartOf":{"@id":"https:\/\/www.clicars.com\/blog\/#website"},"primaryImageOfPage":{"@id":"https:\/\/www.clicars.com\/blog\/actualidad\/vehiculos-oficiales\/#primaryimage"},"image":{"@id":"https:\/\/www.clicars.com\/blog\/actualidad\/vehiculos-oficiales\/#primaryimage"},"thumbnailUrl":"https:\/\/www.clicars.com\/blog\/wp-content\/uploads\/2019\/09\/MG_7161-min-scaled.jpg","datePublished":"2019-09-16T09:51:31+00:00","dateModified":"2025-04-29T15:08:07+00:00","author":{"@id":"https:\/\/www.clicars.com\/blog\/#\/schema\/person\/af686c41ba96962c68871392bf2bb62d"},"description":"En este art\u00edculo te mostramos los veh\u00edculos m\u00e1s utilizados por los oficiales de los distintos partidos pol\u00edticos.","breadcrumb":{"@id":"https:\/\/www.clicars.com\/blog\/actualidad\/vehiculos-oficiales\/#breadcrumb"},"inLanguage":"es","potentialAction":[{"@type":"ReadAction","target":["https:\/\/www.clicars.com\/blog\/actualidad\/vehiculos-oficiales\/"]}]},{"@type":"ImageObject","inLanguage":"es","@id":"https:\/\/www.clicars.com\/blog\/actualidad\/vehiculos-oficiales\/#primaryimage","url":"https:\/\/www.clicars.com\/blog\/wp-content\/uploads\/2019\/09\/MG_7161-min-scaled.jpg","contentUrl":"https:\/\/www.clicars.com\/blog\/wp-content\/uploads\/2019\/09\/MG_7161-min-scaled.jpg","width":2560,"height":1707,"caption":"Vehiculos de gobierno"},{"@type":"BreadcrumbList","@id":"https:\/\/www.clicars.com\/blog\/actualidad\/vehiculos-oficiales\/#breadcrumb","itemListElement":[{"@type":"ListItem","position":1,"name":"Portada","item":"https:\/\/www.clicars.com\/blog\/"},{"@type":"ListItem","position":2,"name":"Los veh\u00edculos m\u00e1s utilizados por el Gobierno"}]},{"@type":"WebSite","@id":"https:\/\/www.clicars.com\/blog\/#website","url":"https:\/\/www.clicars.com\/blog\/","name":"Clicars","description":"Compra tu coche de Buena Mano sin moverte de casa","inLanguage":"es"},{"@type":"Person","@id":"https:\/\/www.clicars.com\/blog\/#\/schema\/person\/af686c41ba96962c68871392bf2bb62d","name":"Clicars","image":{"@type":"ImageObject","inLanguage":"es","@id":"https:\/\/www.clicars.com\/blog\/#\/schema\/person\/image\/","url":"https:\/\/secure.gravatar.com\/avatar\/3100622b0023049db14165cdba9dadaa9159743b871e83e440a0df9a70f80e56?s=96&d=mm&r=g","contentUrl":"https:\/\/secure.gravatar.com\/avatar\/3100622b0023049db14165cdba9dadaa9159743b871e83e440a0df9a70f80e56?s=96&d=mm&r=g","caption":"Clicars"},"sameAs":["https:\/\/www.clicars.com"],"url":"https:\/\/www.clicars.com\/blog\/author\/clicars\/"}]}},"_links":{"self":[{"href":"https:\/\/www.clicars.com\/blog\/wp-json\/wp\/v2\/posts\/6646","targetHints":{"allow":["GET"]}}],"collection":[{"href":"https:\/\/www.clicars.com\/blog\/wp-json\/wp\/v2\/posts"}],"about":[{"href":"https:\/\/www.clicars.com\/blog\/wp-json\/wp\/v2\/types\/post"}],"author":[{"embeddable":true,"href":"https:\/\/www.clicars.com\/blog\/wp-json\/wp\/v2\/users\/2"}],"replies":[{"embeddable":true,"href":"https:\/\/www.clicars.com\/blog\/wp-json\/wp\/v2\/comments?post=6646"}],"version-history":[{"count":4,"href":"https:\/\/www.clicars.com\/blog\/wp-json\/wp\/v2\/posts\/6646\/revisions"}],"predecessor-version":[{"id":14456,"href":"https:\/\/www.clicars.com\/blog\/wp-json\/wp\/v2\/posts\/6646\/revisions\/14456"}],"wp:featuredmedia":[{"embeddable":true,"href":"https:\/\/www.clicars.com\/blog\/wp-json\/wp\/v2\/media\/6649"}],"wp:attachment":[{"href":"https:\/\/www.clicars.com\/blog\/wp-json\/wp\/v2\/media?parent=6646"}],"wp:term":[{"taxonomy":"category","embeddable":true,"href":"https:\/\/www.clicars.com\/blog\/wp-json\/wp\/v2\/categories?post=6646"},{"taxonomy":"post_tag","embeddable":true,"href":"https:\/\/www.clicars.com\/blog\/wp-json\/wp\/v2\/tags?post=6646"}],"curies":[{"name":"wp","href":"https:\/\/api.w.org\/{rel}","templated":true}]}}