{"id":6704,"date":"2021-04-28T13:31:12","date_gmt":"2021-04-28T11:31:12","guid":{"rendered":"https:\/\/www.clicars.com\/blog\/?p=6704"},"modified":"2022-11-22T18:47:29","modified_gmt":"2022-11-22T16:47:29","slug":"duracion-bateria-coches-electricos","status":"publish","type":"post","link":"https:\/\/www.clicars.com\/blog\/actualidad\/duracion-bateria-coches-electricos\/","title":{"rendered":"Cu\u00e1l es la duraci\u00f3n de la bater\u00eda de un coche el\u00e9ctrico"},"content":{"rendered":"<p>Los coches el\u00e9ctricos <strong>son el futuro<\/strong> de la automoci\u00f3n. Los expertos parecen tenerlo claro y las marcas que fabrican los veh\u00edculos, tambi\u00e9n.<\/p>\n<p>Es innegable que los beneficios que aportan son muy positivos; <strong>ventajas fiscales, consumo reducido<\/strong>, respeto al medio ambiente\u2026 pero \u00bfsabes todo lo que hay que saber? \u00bf<strong>Cu\u00e1nto dura una bater\u00eda de un <a href=\"https:\/\/www.clicars.com\/coches-segunda-mano-ocasion\/electrico?utm_source=blog&amp;utm_medium=blog&amp;utm_campaign=pbateria\">coche el\u00e9ctrico<\/a><\/strong>? \u00bfCu\u00e1nto tarda en cargar?&#8230;<\/p>\n<div id=\"ez-toc-container\" class=\"ez-toc-v2_0_80 counter-hierarchy ez-toc-counter ez-toc-light-blue ez-toc-container-direction\">\n<p class=\"ez-toc-title\" style=\"cursor:inherit\">\u00cdndice de contenidos<\/p>\n<label for=\"ez-toc-cssicon-toggle-item-69f30342beb41\" class=\"ez-toc-cssicon-toggle-label\"><span class=\"ez-toc-cssicon\"><span class=\"eztoc-hide\" style=\"display:none;\">Toggle<\/span><span class=\"ez-toc-icon-toggle-span\"><svg style=\"fill: #999;color:#999\" xmlns=\"http:\/\/www.w3.org\/2000\/svg\" class=\"list-377408\" width=\"20px\" height=\"20px\" viewBox=\"0 0 24 24\" fill=\"none\"><path d=\"M6 6H4v2h2V6zm14 0H8v2h12V6zM4 11h2v2H4v-2zm16 0H8v2h12v-2zM4 16h2v2H4v-2zm16 0H8v2h12v-2z\" fill=\"currentColor\"><\/path><\/svg><svg style=\"fill: #999;color:#999\" class=\"arrow-unsorted-368013\" xmlns=\"http:\/\/www.w3.org\/2000\/svg\" width=\"10px\" height=\"10px\" viewBox=\"0 0 24 24\" version=\"1.2\" baseProfile=\"tiny\"><path d=\"M18.2 9.3l-6.2-6.3-6.2 6.3c-.2.2-.3.4-.3.7s.1.5.3.7c.2.2.4.3.7.3h11c.3 0 .5-.1.7-.3.2-.2.3-.5.3-.7s-.1-.5-.3-.7zM5.8 14.7l6.2 6.3 6.2-6.3c.2-.2.3-.5.3-.7s-.1-.5-.3-.7c-.2-.2-.4-.3-.7-.3h-11c-.3 0-.5.1-.7.3-.2.2-.3.5-.3.7s.1.5.3.7z\"\/><\/svg><\/span><\/span><\/label><input type=\"checkbox\"  id=\"ez-toc-cssicon-toggle-item-69f30342beb41\"  aria-label=\"Alternar\" \/><nav><ul class='ez-toc-list ez-toc-list-level-1 ' ><li class='ez-toc-page-1 ez-toc-heading-level-2'><a class=\"ez-toc-link ez-toc-heading-1\" href=\"https:\/\/www.clicars.com\/blog\/actualidad\/duracion-bateria-coches-electricos\/#%C2%BFQue_es_la_bateria_del_coche_electrico\" >\u00bfQu\u00e9 es la bater\u00eda del coche el\u00e9ctrico?<\/a><\/li><li class='ez-toc-page-1 ez-toc-heading-level-2'><a class=\"ez-toc-link ez-toc-heading-2\" href=\"https:\/\/www.clicars.com\/blog\/actualidad\/duracion-bateria-coches-electricos\/#%C2%BFCual_es_su_tiempo_de_vida\" >\u00bfCu\u00e1l es su tiempo de vida?<\/a><\/li><li class='ez-toc-page-1 ez-toc-heading-level-2'><a class=\"ez-toc-link ez-toc-heading-3\" href=\"https:\/\/www.clicars.com\/blog\/actualidad\/duracion-bateria-coches-electricos\/#%C2%BFCual_es_su_nivel_de_autonomia\" >\u00bfCu\u00e1l es su nivel de autonom\u00eda?<\/a><\/li><li class='ez-toc-page-1 ez-toc-heading-level-2'><a class=\"ez-toc-link ez-toc-heading-4\" href=\"https:\/\/www.clicars.com\/blog\/actualidad\/duracion-bateria-coches-electricos\/#%C2%BFComo_se_carga_y_cuanto_tarda\" >\u00bfC\u00f3mo se carga y cu\u00e1nto tarda?<\/a><\/li><li class='ez-toc-page-1 ez-toc-heading-level-2'><a class=\"ez-toc-link ez-toc-heading-5\" href=\"https:\/\/www.clicars.com\/blog\/actualidad\/duracion-bateria-coches-electricos\/#%C2%BFCuanto_cuesta\" >\u00bfCu\u00e1nto cuesta?<\/a><\/li><li class='ez-toc-page-1 ez-toc-heading-level-2'><a class=\"ez-toc-link ez-toc-heading-6\" href=\"https:\/\/www.clicars.com\/blog\/actualidad\/duracion-bateria-coches-electricos\/#Compra_tu_coche_electrico_al_mejor_precio\" >Compra tu coche el\u00e9ctrico al mejor precio<\/a><\/li><\/ul><\/nav><\/div>\n\n<p>Pues sigue leyendo porque desde <a href=\"https:\/\/www.clicars.com\/coches-segunda-mano-ocasion?utm_source=blog&amp;utm_medium=blog&amp;utm_campaign=pbateria\"><strong>Clicars<\/strong><\/a> te lo explicamos todo. Ya lo sabes, siempre estamos conduciendo hacia el futuro\u2026<\/p>\n<h2><span class=\"ez-toc-section\" id=\"%C2%BFQue_es_la_bateria_del_coche_electrico\"><\/span>\u00bfQu\u00e9 es la bater\u00eda del coche el\u00e9ctrico?<span class=\"ez-toc-section-end\"><\/span><\/h2>\n<p>Es el coraz\u00f3n de nuestro veh\u00edculo, la encargada de <strong>acumular y suministrar la corriente el\u00e9ctrica<\/strong> que se necesita para poder circular con normalidad.<\/p>\n<p>Su principal funci\u00f3n es la de <strong>proporcionar<\/strong> la suficiente <strong>energ\u00eda<\/strong> como para que el motor pueda arrancar y, posteriormente, se va <strong>recargando a trav\u00e9s del alternador<\/strong>. Adem\u00e1s, tambi\u00e9n ofrece soporte al resto de componentes el\u00e9ctricos de nuestro coche.<\/p>\n<h2><span class=\"ez-toc-section\" id=\"%C2%BFCual_es_su_tiempo_de_vida\"><\/span>\u00bfCu\u00e1l es su tiempo de vida?<span class=\"ez-toc-section-end\"><\/span><\/h2>\n<p>Todo depende del uso y el trato que se le d\u00e9. Un <strong>mantenimiento \u00f3ptimo<\/strong> de nuestro coche, como hemos dicho en otras ocasiones, puede alargar la vida de nuestro veh\u00edculo y, por supuesto, de nuestra bater\u00eda tambi\u00e9n.<\/p>\n<p>Estar pendientes de todos los indicadores, nos ayudar\u00e1 a saber cu\u00e1l es su estado y, as\u00ed, poder tomar las medidas necesarias. Pero, por norma general, el tiempo medio de <strong>vida de una bater\u00eda de coche el\u00e9ctrico<\/strong> est\u00e1 alrededor de los 3.000 ciclos de carga completos, o <strong>aproximadamente los 8 a\u00f1os de vida \u00fatil<\/strong> si se recarga diariamente. De todos modos, las compa\u00f1\u00edas no recomiendan dejar que lleguen a su punto m\u00e1ximo, puesto que, como pasa con cualquier aparato el\u00e9ctrico, <strong>poco a poco se va desgastando<\/strong> y perdiendo potencia y usabilidad.<\/p>\n<h2><span class=\"ez-toc-section\" id=\"%C2%BFCual_es_su_nivel_de_autonomia\"><\/span>\u00bfCu\u00e1l es su nivel de autonom\u00eda?<span class=\"ez-toc-section-end\"><\/span><\/h2>\n<p>Pues seg\u00fan el modelo podr\u00e1 variar. Pero la gran mayor\u00eda de coches el\u00e9ctricos que hay hoy en d\u00eda en el mercado, tienen una <strong>autonom\u00eda de 200 km con una sola carga<\/strong>. L\u00f3gicamente, estas cifras est\u00e1n calculadas en base a una conducci\u00f3n perfecta, en la que la velocidad se haya mantenido durante toda la conducci\u00f3n y no se hayan experimentados cambios bruscos. Por ese motivo, se recomienda tener muy presente que la <strong>autonom\u00eda real<\/strong> ser\u00e1 siempre un <strong>poco menor<\/strong>.<\/p>\n<h2><span class=\"ez-toc-section\" id=\"%C2%BFComo_se_carga_y_cuanto_tarda\"><\/span>\u00bfC\u00f3mo se carga y cu\u00e1nto tarda?<span class=\"ez-toc-section-end\"><\/span><\/h2>\n<p>El modo de <a href=\"https:\/\/www.clicars.com\/blog\/actualidad\/cuanto-cuesta-cargar-un-coche-electrico\/\">carga de una bater\u00eda de coche el\u00e9ctrico<\/a> es exactamente el mismo que el de cualquier dispositivo el\u00e9ctrico. Un <strong>enchufe y una toma de corriente<\/strong> denominada punto de recarga, que se puede instalar en los garajes privados o que est\u00e1n disponibles en ciertas zonas espec\u00edficas.<\/p>\n<p>El<strong> tiempo de carga de una bater\u00eda de coche el\u00e9ctrico<\/strong> puede variar, pero para que est\u00e9 completa, unas <strong>6 u 8 horas<\/strong>. Puesto que el tiempo es largo, se han creado ciertos puntos de carga r\u00e1pida, que consiguen recargar la bater\u00eda en un 80% y en, m\u00e1s o menos, 30 minutos.<\/p>\n<h2><span class=\"ez-toc-section\" id=\"%C2%BFCuanto_cuesta\"><\/span>\u00bfCu\u00e1nto cuesta?<span class=\"ez-toc-section-end\"><\/span><\/h2>\n<p>El <strong>coste de la bater\u00eda de un coche el\u00e9ctrico<\/strong> es, no hay que negarlo, muy elevado. Como hemos dicho, es el coraz\u00f3n del veh\u00edculo y, sin \u00e9l, no puede funcionar. El cambio de bater\u00eda puede suponer un desembolso de <strong>m\u00e1s de 5.000 euros<\/strong>, por lo que puede suponer un gran inconveniente.<\/p>\n<p>Muchos <strong>fabricantes<\/strong>, para fomentar la venta de los coches el\u00e9ctricos, <strong>ofrecen garant\u00edas adicionales<\/strong> y exclusivas para las bater\u00edas. Pero lo fundamental es mantener siempre un <strong>correcto mantenimiento y un uso muy cuidado<\/strong>.<\/p>\n<h2><span class=\"ez-toc-section\" id=\"Compra_tu_coche_electrico_al_mejor_precio\"><\/span>Compra tu coche el\u00e9ctrico al mejor precio<span class=\"ez-toc-section-end\"><\/span><\/h2>\n<p>En Clicars, puedes encontrar <a href=\"https:\/\/www.clicars.com\/coches-segunda-mano-ocasion\/electrico\">coches el\u00e9ctricos de segunda mano<\/a> revisados y reacondicionados, con 15 d\u00edas o 1.000 kil\u00f3metros de prueba.<\/p>\n","protected":false},"excerpt":{"rendered":"<p>Los coches el\u00e9ctricos son el futuro de la automoci\u00f3n. Los expertos parecen tenerlo claro y&#8230;<\/p>\n","protected":false},"author":2,"featured_media":8472,"comment_status":"closed","ping_status":"closed","sticky":false,"template":"","format":"standard","meta":{"footnotes":""},"categories":[5],"tags":[],"class_list":{"0":"post-6704","1":"post","2":"type-post","3":"status-publish","4":"format-standard","5":"has-post-thumbnail","7":"category-actualidad"},"yoast_head":"<!-- This site is optimized with the Yoast SEO plugin v26.8 - https:\/\/yoast.com\/product\/yoast-seo-wordpress\/ -->\n<title>Cu\u00e1l es la duraci\u00f3n de la bater\u00eda de un coche el\u00e9ctrico - Clicars Blog<\/title>\n<meta name=\"description\" content=\"\u00bfCu\u00e1nto tiempo tarda en cargarse un coche el\u00e9ctrico? \u27a4 Te contamos todo lo que tienes que saber sobre la duraci\u00f3n de la bateria de los coches el\u00e9ctricos.\" \/>\n<meta name=\"robots\" content=\"index, follow, max-snippet:-1, max-image-preview:large, max-video-preview:-1\" \/>\n<link rel=\"canonical\" href=\"https:\/\/www.clicars.com\/blog\/actualidad\/duracion-bateria-coches-electricos\/\" \/>\n<meta property=\"og:locale\" content=\"es_ES\" \/>\n<meta property=\"og:type\" content=\"article\" \/>\n<meta property=\"og:title\" content=\"Cu\u00e1l es la duraci\u00f3n de la bater\u00eda de un coche el\u00e9ctrico - Clicars Blog\" \/>\n<meta property=\"og:description\" content=\"\u00bfCu\u00e1nto tiempo tarda en cargarse un coche el\u00e9ctrico? \u27a4 Te contamos todo lo que tienes que saber sobre la duraci\u00f3n de la bateria de los coches el\u00e9ctricos.\" \/>\n<meta property=\"og:url\" content=\"https:\/\/www.clicars.com\/blog\/actualidad\/duracion-bateria-coches-electricos\/\" \/>\n<meta property=\"og:site_name\" content=\"Clicars\" \/>\n<meta property=\"article:published_time\" content=\"2021-04-28T11:31:12+00:00\" \/>\n<meta property=\"article:modified_time\" content=\"2022-11-22T16:47:29+00:00\" \/>\n<meta property=\"og:image\" content=\"https:\/\/www.clicars.com\/blog\/wp-content\/uploads\/2021\/04\/trsero-bmw-120d-1-min-1.jpg\" \/>\n\t<meta property=\"og:image:width\" content=\"1024\" \/>\n\t<meta property=\"og:image:height\" content=\"683\" \/>\n\t<meta property=\"og:image:type\" content=\"image\/jpeg\" \/>\n<meta name=\"author\" content=\"Clicars\" \/>\n<meta name=\"twitter:card\" content=\"summary_large_image\" \/>\n<meta name=\"twitter:label1\" content=\"Escrito por\" \/>\n\t<meta name=\"twitter:data1\" content=\"Clicars\" \/>\n\t<meta name=\"twitter:label2\" content=\"Tiempo de lectura\" \/>\n\t<meta name=\"twitter:data2\" content=\"3 minutos\" \/>\n<script type=\"application\/ld+json\" class=\"yoast-schema-graph\">{\"@context\":\"https:\/\/schema.org\",\"@graph\":[{\"@type\":\"Article\",\"@id\":\"https:\/\/www.clicars.com\/blog\/actualidad\/duracion-bateria-coches-electricos\/#article\",\"isPartOf\":{\"@id\":\"https:\/\/www.clicars.com\/blog\/actualidad\/duracion-bateria-coches-electricos\/\"},\"author\":{\"name\":\"Clicars\",\"@id\":\"https:\/\/www.clicars.com\/blog\/#\/schema\/person\/af686c41ba96962c68871392bf2bb62d\"},\"headline\":\"Cu\u00e1l es la duraci\u00f3n de la bater\u00eda de un coche el\u00e9ctrico\",\"datePublished\":\"2021-04-28T11:31:12+00:00\",\"dateModified\":\"2022-11-22T16:47:29+00:00\",\"mainEntityOfPage\":{\"@id\":\"https:\/\/www.clicars.com\/blog\/actualidad\/duracion-bateria-coches-electricos\/\"},\"wordCount\":654,\"image\":{\"@id\":\"https:\/\/www.clicars.com\/blog\/actualidad\/duracion-bateria-coches-electricos\/#primaryimage\"},\"thumbnailUrl\":\"https:\/\/www.clicars.com\/blog\/wp-content\/uploads\/2021\/04\/trsero-bmw-120d-1-min-1.jpg\",\"articleSection\":[\"Actualidad\"],\"inLanguage\":\"es\"},{\"@type\":[\"WebPage\",\"ItemPage\"],\"@id\":\"https:\/\/www.clicars.com\/blog\/actualidad\/duracion-bateria-coches-electricos\/\",\"url\":\"https:\/\/www.clicars.com\/blog\/actualidad\/duracion-bateria-coches-electricos\/\",\"name\":\"Cu\u00e1l es la duraci\u00f3n de la bater\u00eda de un coche el\u00e9ctrico - Clicars Blog\",\"isPartOf\":{\"@id\":\"https:\/\/www.clicars.com\/blog\/#website\"},\"primaryImageOfPage\":{\"@id\":\"https:\/\/www.clicars.com\/blog\/actualidad\/duracion-bateria-coches-electricos\/#primaryimage\"},\"image\":{\"@id\":\"https:\/\/www.clicars.com\/blog\/actualidad\/duracion-bateria-coches-electricos\/#primaryimage\"},\"thumbnailUrl\":\"https:\/\/www.clicars.com\/blog\/wp-content\/uploads\/2021\/04\/trsero-bmw-120d-1-min-1.jpg\",\"datePublished\":\"2021-04-28T11:31:12+00:00\",\"dateModified\":\"2022-11-22T16:47:29+00:00\",\"author\":{\"@id\":\"https:\/\/www.clicars.com\/blog\/#\/schema\/person\/af686c41ba96962c68871392bf2bb62d\"},\"description\":\"\u00bfCu\u00e1nto tiempo tarda en cargarse un coche el\u00e9ctrico? \u27a4 Te contamos todo lo que tienes que saber sobre la duraci\u00f3n de la bateria de los coches el\u00e9ctricos.\",\"breadcrumb\":{\"@id\":\"https:\/\/www.clicars.com\/blog\/actualidad\/duracion-bateria-coches-electricos\/#breadcrumb\"},\"inLanguage\":\"es\",\"potentialAction\":[{\"@type\":\"ReadAction\",\"target\":[\"https:\/\/www.clicars.com\/blog\/actualidad\/duracion-bateria-coches-electricos\/\"]}]},{\"@type\":\"ImageObject\",\"inLanguage\":\"es\",\"@id\":\"https:\/\/www.clicars.com\/blog\/actualidad\/duracion-bateria-coches-electricos\/#primaryimage\",\"url\":\"https:\/\/www.clicars.com\/blog\/wp-content\/uploads\/2021\/04\/trsero-bmw-120d-1-min-1.jpg\",\"contentUrl\":\"https:\/\/www.clicars.com\/blog\/wp-content\/uploads\/2021\/04\/trsero-bmw-120d-1-min-1.jpg\",\"width\":1024,\"height\":683,\"caption\":\"Duraci\u00f3n bater\u00eda coche electrico\"},{\"@type\":\"BreadcrumbList\",\"@id\":\"https:\/\/www.clicars.com\/blog\/actualidad\/duracion-bateria-coches-electricos\/#breadcrumb\",\"itemListElement\":[{\"@type\":\"ListItem\",\"position\":1,\"name\":\"Portada\",\"item\":\"https:\/\/www.clicars.com\/blog\/\"},{\"@type\":\"ListItem\",\"position\":2,\"name\":\"Cu\u00e1l es la duraci\u00f3n de la bater\u00eda de un coche el\u00e9ctrico\"}]},{\"@type\":\"WebSite\",\"@id\":\"https:\/\/www.clicars.com\/blog\/#website\",\"url\":\"https:\/\/www.clicars.com\/blog\/\",\"name\":\"Clicars\",\"description\":\"Compra tu coche de Buena Mano sin moverte de casa\",\"inLanguage\":\"es\"},{\"@type\":\"Person\",\"@id\":\"https:\/\/www.clicars.com\/blog\/#\/schema\/person\/af686c41ba96962c68871392bf2bb62d\",\"name\":\"Clicars\",\"image\":{\"@type\":\"ImageObject\",\"inLanguage\":\"es\",\"@id\":\"https:\/\/www.clicars.com\/blog\/#\/schema\/person\/image\/\",\"url\":\"https:\/\/secure.gravatar.com\/avatar\/3100622b0023049db14165cdba9dadaa9159743b871e83e440a0df9a70f80e56?s=96&d=mm&r=g\",\"contentUrl\":\"https:\/\/secure.gravatar.com\/avatar\/3100622b0023049db14165cdba9dadaa9159743b871e83e440a0df9a70f80e56?s=96&d=mm&r=g\",\"caption\":\"Clicars\"},\"sameAs\":[\"https:\/\/www.clicars.com\"],\"url\":\"https:\/\/www.clicars.com\/blog\/author\/clicars\/\"}]}<\/script>\n<!-- \/ Yoast SEO plugin. -->","yoast_head_json":{"title":"Cu\u00e1l es la duraci\u00f3n de la bater\u00eda de un coche el\u00e9ctrico - Clicars Blog","description":"\u00bfCu\u00e1nto tiempo tarda en cargarse un coche el\u00e9ctrico? \u27a4 Te contamos todo lo que tienes que saber sobre la duraci\u00f3n de la bateria de los coches el\u00e9ctricos.","robots":{"index":"index","follow":"follow","max-snippet":"max-snippet:-1","max-image-preview":"max-image-preview:large","max-video-preview":"max-video-preview:-1"},"canonical":"https:\/\/www.clicars.com\/blog\/actualidad\/duracion-bateria-coches-electricos\/","og_locale":"es_ES","og_type":"article","og_title":"Cu\u00e1l es la duraci\u00f3n de la bater\u00eda de un coche el\u00e9ctrico - Clicars Blog","og_description":"\u00bfCu\u00e1nto tiempo tarda en cargarse un coche el\u00e9ctrico? \u27a4 Te contamos todo lo que tienes que saber sobre la duraci\u00f3n de la bateria de los coches el\u00e9ctricos.","og_url":"https:\/\/www.clicars.com\/blog\/actualidad\/duracion-bateria-coches-electricos\/","og_site_name":"Clicars","article_published_time":"2021-04-28T11:31:12+00:00","article_modified_time":"2022-11-22T16:47:29+00:00","og_image":[{"width":1024,"height":683,"url":"https:\/\/www.clicars.com\/blog\/wp-content\/uploads\/2021\/04\/trsero-bmw-120d-1-min-1.jpg","type":"image\/jpeg"}],"author":"Clicars","twitter_card":"summary_large_image","twitter_misc":{"Escrito por":"Clicars","Tiempo de lectura":"3 minutos"},"schema":{"@context":"https:\/\/schema.org","@graph":[{"@type":"Article","@id":"https:\/\/www.clicars.com\/blog\/actualidad\/duracion-bateria-coches-electricos\/#article","isPartOf":{"@id":"https:\/\/www.clicars.com\/blog\/actualidad\/duracion-bateria-coches-electricos\/"},"author":{"name":"Clicars","@id":"https:\/\/www.clicars.com\/blog\/#\/schema\/person\/af686c41ba96962c68871392bf2bb62d"},"headline":"Cu\u00e1l es la duraci\u00f3n de la bater\u00eda de un coche el\u00e9ctrico","datePublished":"2021-04-28T11:31:12+00:00","dateModified":"2022-11-22T16:47:29+00:00","mainEntityOfPage":{"@id":"https:\/\/www.clicars.com\/blog\/actualidad\/duracion-bateria-coches-electricos\/"},"wordCount":654,"image":{"@id":"https:\/\/www.clicars.com\/blog\/actualidad\/duracion-bateria-coches-electricos\/#primaryimage"},"thumbnailUrl":"https:\/\/www.clicars.com\/blog\/wp-content\/uploads\/2021\/04\/trsero-bmw-120d-1-min-1.jpg","articleSection":["Actualidad"],"inLanguage":"es"},{"@type":["WebPage","ItemPage"],"@id":"https:\/\/www.clicars.com\/blog\/actualidad\/duracion-bateria-coches-electricos\/","url":"https:\/\/www.clicars.com\/blog\/actualidad\/duracion-bateria-coches-electricos\/","name":"Cu\u00e1l es la duraci\u00f3n de la bater\u00eda de un coche el\u00e9ctrico - Clicars Blog","isPartOf":{"@id":"https:\/\/www.clicars.com\/blog\/#website"},"primaryImageOfPage":{"@id":"https:\/\/www.clicars.com\/blog\/actualidad\/duracion-bateria-coches-electricos\/#primaryimage"},"image":{"@id":"https:\/\/www.clicars.com\/blog\/actualidad\/duracion-bateria-coches-electricos\/#primaryimage"},"thumbnailUrl":"https:\/\/www.clicars.com\/blog\/wp-content\/uploads\/2021\/04\/trsero-bmw-120d-1-min-1.jpg","datePublished":"2021-04-28T11:31:12+00:00","dateModified":"2022-11-22T16:47:29+00:00","author":{"@id":"https:\/\/www.clicars.com\/blog\/#\/schema\/person\/af686c41ba96962c68871392bf2bb62d"},"description":"\u00bfCu\u00e1nto tiempo tarda en cargarse un coche el\u00e9ctrico? \u27a4 Te contamos todo lo que tienes que saber sobre la duraci\u00f3n de la bateria de los coches el\u00e9ctricos.","breadcrumb":{"@id":"https:\/\/www.clicars.com\/blog\/actualidad\/duracion-bateria-coches-electricos\/#breadcrumb"},"inLanguage":"es","potentialAction":[{"@type":"ReadAction","target":["https:\/\/www.clicars.com\/blog\/actualidad\/duracion-bateria-coches-electricos\/"]}]},{"@type":"ImageObject","inLanguage":"es","@id":"https:\/\/www.clicars.com\/blog\/actualidad\/duracion-bateria-coches-electricos\/#primaryimage","url":"https:\/\/www.clicars.com\/blog\/wp-content\/uploads\/2021\/04\/trsero-bmw-120d-1-min-1.jpg","contentUrl":"https:\/\/www.clicars.com\/blog\/wp-content\/uploads\/2021\/04\/trsero-bmw-120d-1-min-1.jpg","width":1024,"height":683,"caption":"Duraci\u00f3n bater\u00eda coche electrico"},{"@type":"BreadcrumbList","@id":"https:\/\/www.clicars.com\/blog\/actualidad\/duracion-bateria-coches-electricos\/#breadcrumb","itemListElement":[{"@type":"ListItem","position":1,"name":"Portada","item":"https:\/\/www.clicars.com\/blog\/"},{"@type":"ListItem","position":2,"name":"Cu\u00e1l es la duraci\u00f3n de la bater\u00eda de un coche el\u00e9ctrico"}]},{"@type":"WebSite","@id":"https:\/\/www.clicars.com\/blog\/#website","url":"https:\/\/www.clicars.com\/blog\/","name":"Clicars","description":"Compra tu coche de Buena Mano sin moverte de casa","inLanguage":"es"},{"@type":"Person","@id":"https:\/\/www.clicars.com\/blog\/#\/schema\/person\/af686c41ba96962c68871392bf2bb62d","name":"Clicars","image":{"@type":"ImageObject","inLanguage":"es","@id":"https:\/\/www.clicars.com\/blog\/#\/schema\/person\/image\/","url":"https:\/\/secure.gravatar.com\/avatar\/3100622b0023049db14165cdba9dadaa9159743b871e83e440a0df9a70f80e56?s=96&d=mm&r=g","contentUrl":"https:\/\/secure.gravatar.com\/avatar\/3100622b0023049db14165cdba9dadaa9159743b871e83e440a0df9a70f80e56?s=96&d=mm&r=g","caption":"Clicars"},"sameAs":["https:\/\/www.clicars.com"],"url":"https:\/\/www.clicars.com\/blog\/author\/clicars\/"}]}},"_links":{"self":[{"href":"https:\/\/www.clicars.com\/blog\/wp-json\/wp\/v2\/posts\/6704","targetHints":{"allow":["GET"]}}],"collection":[{"href":"https:\/\/www.clicars.com\/blog\/wp-json\/wp\/v2\/posts"}],"about":[{"href":"https:\/\/www.clicars.com\/blog\/wp-json\/wp\/v2\/types\/post"}],"author":[{"embeddable":true,"href":"https:\/\/www.clicars.com\/blog\/wp-json\/wp\/v2\/users\/2"}],"replies":[{"embeddable":true,"href":"https:\/\/www.clicars.com\/blog\/wp-json\/wp\/v2\/comments?post=6704"}],"version-history":[{"count":5,"href":"https:\/\/www.clicars.com\/blog\/wp-json\/wp\/v2\/posts\/6704\/revisions"}],"predecessor-version":[{"id":10504,"href":"https:\/\/www.clicars.com\/blog\/wp-json\/wp\/v2\/posts\/6704\/revisions\/10504"}],"wp:featuredmedia":[{"embeddable":true,"href":"https:\/\/www.clicars.com\/blog\/wp-json\/wp\/v2\/media\/8472"}],"wp:attachment":[{"href":"https:\/\/www.clicars.com\/blog\/wp-json\/wp\/v2\/media?parent=6704"}],"wp:term":[{"taxonomy":"category","embeddable":true,"href":"https:\/\/www.clicars.com\/blog\/wp-json\/wp\/v2\/categories?post=6704"},{"taxonomy":"post_tag","embeddable":true,"href":"https:\/\/www.clicars.com\/blog\/wp-json\/wp\/v2\/tags?post=6704"}],"curies":[{"name":"wp","href":"https:\/\/api.w.org\/{rel}","templated":true}]}}