{"id":6755,"date":"2019-10-07T12:18:13","date_gmt":"2019-10-07T10:18:13","guid":{"rendered":"https:\/\/www.clicars.com\/blog\/?p=6755"},"modified":"2023-02-07T16:16:02","modified_gmt":"2023-02-07T14:16:02","slug":"multa-pegatina-itv","status":"publish","type":"post","link":"https:\/\/www.clicars.com\/blog\/actualidad\/multa-pegatina-itv\/","title":{"rendered":"\u00bfMe pueden multar por no llevar la pegatina de la ITV?"},"content":{"rendered":"<p>Llevar a cabo las <strong>revisiones<\/strong> pertinentes <strong>en nuestros veh\u00edculos<\/strong>, es <strong>fundamental para nuestra seguridad<\/strong> y la del resto de conductores que est\u00e1n en circulaci\u00f3n.<\/p>\n<p>Existen ciertas dudas de si es obligatorio, o no, llevar la <strong>pegatina ITV<\/strong> en nuestro coche y, desde Clicars, queremos resolverlas para evitar que tengas cualquier tipo de problema.<\/p>\n<p>Quiz\u00e1s te hayas preguntado alguna vez, \u201c\u00bfme pueden multar si no la llevo?\u201d. Pues la respuesta es, rotundamente, un S\u00cd.<\/p>\n<p>En este art\u00edculo vamos a explicarte todo lo referente a la <strong>pegatina de la ITV<\/strong>, as\u00ed que \u00a1arrancamos motores!<\/p>\n<h2>\u00bfQu\u00e9 es?<\/h2>\n<p>Lo primero que debes tener claro es que la<strong> pegatina ITV es obligatoria<\/strong>, y es la que nos entregan tras superar, sin incidencias, las pruebas de la ITV (Inspecci\u00f3n t\u00e9cnica de Veh\u00edculos). Por lo tanto, esta pegatina es la certificaci\u00f3n que acredita que el centro certificado que nos ha hecho la revisi\u00f3n ha dado por apto nuestro veh\u00edculo para seguir en circulaci\u00f3n.<\/p>\n<h2>\u00bfD\u00f3nde hay que poner la pegatina de la ITV?<\/h2>\n<p>La ley es muy estricta en este sentido y, si no se cumple tal cual se describe, puede ser motivo de sanci\u00f3n. La <a href=\"https:\/\/www.clicars.com\/blog\/actualidad\/pegatinas-coches\/\">pegatina para el coche de la DGT<\/a>, o <strong>V-19<\/strong>, que es el nombre t\u00e9cnico que se le da, tiene una regulaci\u00f3n muy espec\u00edfica recogida en el Real Decreto 2822\/1998.<\/p>\n<p>En su anexo XI, hace clara referencia a c\u00f3mo y <strong>d\u00f3nde debe colocarse la pegatina de la ITV<\/strong>.<\/p>\n<p>En primer lugar, hay que tener muy claro que es obligatoria, y que <strong>cada veh\u00edculo s\u00f3lo puede llevar una<\/strong>. Por lo tanto, cuando se renueve la inspecci\u00f3n, la anterior deber\u00e1 retirarse.<\/p>\n<p><img loading=\"lazy\" decoding=\"async\" class=\"alignnone wp-image-6757 size-full\" title=\"Pegatina de ITV | Clicars\" src=\"https:\/\/www.clicars.com\/blog\/wp-content\/uploads\/2019\/10\/FORD-6-1.jpg\" alt=\"Pegatina de ITV | Clicars\" width=\"1800\" height=\"1200\" srcset=\"https:\/\/www.clicars.com\/blog\/wp-content\/uploads\/2019\/10\/FORD-6-1.jpg 1800w, https:\/\/www.clicars.com\/blog\/wp-content\/uploads\/2019\/10\/FORD-6-1-300x200.jpg 300w, https:\/\/www.clicars.com\/blog\/wp-content\/uploads\/2019\/10\/FORD-6-1-1024x683.jpg 1024w, https:\/\/www.clicars.com\/blog\/wp-content\/uploads\/2019\/10\/FORD-6-1-768x512.jpg 768w, https:\/\/www.clicars.com\/blog\/wp-content\/uploads\/2019\/10\/FORD-6-1-1536x1024.jpg 1536w, https:\/\/www.clicars.com\/blog\/wp-content\/uploads\/2019\/10\/FORD-6-1-900x600.jpg 900w\" sizes=\"auto, (max-width: 1800px) 100vw, 1800px\" \/><\/p>\n<p>Si el coche tiene parabrisas, la pegatina se tendr\u00e1 que enganchar en el \u00e1ngulo superior derecho del parabrisas y, siempre, por su cara interior. Por lo tanto,<strong> la parte impresa es autoadhesiva<\/strong>. En el resto de veh\u00edculos, se colocar\u00e1 en un sitio bien visible y, la cara sin imprimir, ser\u00e1 la autoadhesiva.<\/p>\n<p>El proceso de colocaci\u00f3n deber\u00e1 llevarlo a cabo los empleados de los centros certificados para la ITV, ya que depende de ellos asegurarse de que todo est\u00e1 seg\u00fan lo descrito por la normativa.<\/p>\n<h2>\u00bfQu\u00e9 pasa si no la llevo?<\/h2>\n<p><strong>Si no llevas tu pegatina ITV<\/strong>, est\u00e1s incumpliendo la ley y, por lo tanto, <strong>podr\u00e1n sancionarte<\/strong>. Si no la llevas es porque se ha <strong>caducado<\/strong> y no has acudido a pasar la ITV y, por tanto, los agentes podr\u00e1n multarte con un importe de <strong>200 euros<\/strong> (que se quedar\u00edan en 100 si lo pagas antes de los 10 d\u00edas).<\/p>\n<p><strong>Si la llevaras en un lugar que no le corresponde<\/strong>, se considerar\u00eda que es una infracci\u00f3n leve, por lo que no te retirar\u00edan ning\u00fan punto del carnet, pero te sancionar\u00edan con una multa de hasta <strong>100 euros<\/strong>.<\/p>\n<p>Pero si, <strong>por alg\u00fan motivo justificado<\/strong> como podr\u00eda ser un cambio de parabrisas, no llevaras la etiqueta, la normativa no regula la opci\u00f3n de poder <strong>solicitar un duplicado.<\/strong> Por lo tanto, es conveniente llevar el documento sellado de la ITV y la justificaci\u00f3n del cambio de parabrisas. As\u00ed, se podr\u00e1 ense\u00f1ar a los agentes en caso de que te lo requieran.<\/p>\n<p>Tambi\u00e9n te puede interesar:<\/p>\n<ul>\n<li><a href=\"https:\/\/www.clicars.com\/blog\/actualidad\/multa-cristales-tintados\/\">Estas son las multas por llevar los cristales tintados o en mal estado<\/a><\/li>\n<li><a href=\"https:\/\/www.clicars.com\/coches-segunda-mano-ocasion\">\u00bfD\u00f3nde comprar mi coche de segunda mano?<\/a><\/li>\n<li><a href=\"https:\/\/www.clicars.com\/blog\/actualidad\/cuantos-puntos-perder-por-infraccion\/\">Cu\u00e1ntos puntos puedes perder si cometes una infracci\u00f3n<\/a><\/li>\n<\/ul>\n","protected":false},"excerpt":{"rendered":"<p>Llevar a cabo las revisiones pertinentes en nuestros veh\u00edculos, es fundamental para nuestra seguridad y&#8230;<\/p>\n","protected":false},"author":2,"featured_media":6756,"comment_status":"closed","ping_status":"closed","sticky":false,"template":"","format":"standard","meta":{"footnotes":""},"categories":[5],"tags":[],"class_list":{"0":"post-6755","1":"post","2":"type-post","3":"status-publish","4":"format-standard","5":"has-post-thumbnail","7":"category-actualidad"},"yoast_head":"<!-- This site is optimized with the Yoast SEO plugin v26.8 - https:\/\/yoast.com\/product\/yoast-seo-wordpress\/ -->\n<title>\u00bfMe pueden multar por no llevar la pegatina de la ITV? - Clicars blog<\/title>\n<meta name=\"description\" content=\"Todo lo que debes saber sobre la pegatina de la ITV. D\u00f3nde colocarla, multas por no llevarla, obligatoriedad de llevarla.\" \/>\n<meta name=\"robots\" content=\"index, follow, max-snippet:-1, max-image-preview:large, max-video-preview:-1\" \/>\n<link rel=\"canonical\" href=\"https:\/\/www.clicars.com\/blog\/actualidad\/multa-pegatina-itv\/\" \/>\n<meta property=\"og:locale\" content=\"es_ES\" \/>\n<meta property=\"og:type\" content=\"article\" \/>\n<meta property=\"og:title\" content=\"\u00bfMe pueden multar por no llevar la pegatina de la ITV? - Clicars blog\" \/>\n<meta property=\"og:description\" content=\"Todo lo que debes saber sobre la pegatina de la ITV. D\u00f3nde colocarla, multas por no llevarla, obligatoriedad de llevarla.\" \/>\n<meta property=\"og:url\" content=\"https:\/\/www.clicars.com\/blog\/actualidad\/multa-pegatina-itv\/\" \/>\n<meta property=\"og:site_name\" content=\"Clicars\" \/>\n<meta property=\"article:published_time\" content=\"2019-10-07T10:18:13+00:00\" \/>\n<meta property=\"article:modified_time\" content=\"2023-02-07T14:16:02+00:00\" \/>\n<meta property=\"og:image\" content=\"https:\/\/www.clicars.com\/blog\/wp-content\/uploads\/2019\/10\/clicars-4-1-1.jpg\" \/>\n\t<meta property=\"og:image:width\" content=\"1800\" \/>\n\t<meta property=\"og:image:height\" content=\"1200\" \/>\n\t<meta property=\"og:image:type\" content=\"image\/jpeg\" \/>\n<meta name=\"author\" content=\"Clicars\" \/>\n<meta name=\"twitter:card\" content=\"summary_large_image\" \/>\n<meta name=\"twitter:label1\" content=\"Escrito por\" \/>\n\t<meta name=\"twitter:data1\" content=\"Clicars\" \/>\n\t<meta name=\"twitter:label2\" content=\"Tiempo de lectura\" \/>\n\t<meta name=\"twitter:data2\" content=\"3 minutos\" \/>\n<script type=\"application\/ld+json\" class=\"yoast-schema-graph\">{\"@context\":\"https:\/\/schema.org\",\"@graph\":[{\"@type\":\"Article\",\"@id\":\"https:\/\/www.clicars.com\/blog\/actualidad\/multa-pegatina-itv\/#article\",\"isPartOf\":{\"@id\":\"https:\/\/www.clicars.com\/blog\/actualidad\/multa-pegatina-itv\/\"},\"author\":{\"name\":\"Clicars\",\"@id\":\"https:\/\/www.clicars.com\/blog\/#\/schema\/person\/af686c41ba96962c68871392bf2bb62d\"},\"headline\":\"\u00bfMe pueden multar por no llevar la pegatina de la ITV?\",\"datePublished\":\"2019-10-07T10:18:13+00:00\",\"dateModified\":\"2023-02-07T14:16:02+00:00\",\"mainEntityOfPage\":{\"@id\":\"https:\/\/www.clicars.com\/blog\/actualidad\/multa-pegatina-itv\/\"},\"wordCount\":596,\"image\":{\"@id\":\"https:\/\/www.clicars.com\/blog\/actualidad\/multa-pegatina-itv\/#primaryimage\"},\"thumbnailUrl\":\"https:\/\/www.clicars.com\/blog\/wp-content\/uploads\/2019\/10\/clicars-4-1-1.jpg\",\"articleSection\":[\"Actualidad\"],\"inLanguage\":\"es\"},{\"@type\":[\"WebPage\",\"ItemPage\"],\"@id\":\"https:\/\/www.clicars.com\/blog\/actualidad\/multa-pegatina-itv\/\",\"url\":\"https:\/\/www.clicars.com\/blog\/actualidad\/multa-pegatina-itv\/\",\"name\":\"\u00bfMe pueden multar por no llevar la pegatina de la ITV? - Clicars blog\",\"isPartOf\":{\"@id\":\"https:\/\/www.clicars.com\/blog\/#website\"},\"primaryImageOfPage\":{\"@id\":\"https:\/\/www.clicars.com\/blog\/actualidad\/multa-pegatina-itv\/#primaryimage\"},\"image\":{\"@id\":\"https:\/\/www.clicars.com\/blog\/actualidad\/multa-pegatina-itv\/#primaryimage\"},\"thumbnailUrl\":\"https:\/\/www.clicars.com\/blog\/wp-content\/uploads\/2019\/10\/clicars-4-1-1.jpg\",\"datePublished\":\"2019-10-07T10:18:13+00:00\",\"dateModified\":\"2023-02-07T14:16:02+00:00\",\"author\":{\"@id\":\"https:\/\/www.clicars.com\/blog\/#\/schema\/person\/af686c41ba96962c68871392bf2bb62d\"},\"description\":\"Todo lo que debes saber sobre la pegatina de la ITV. D\u00f3nde colocarla, multas por no llevarla, obligatoriedad de llevarla.\",\"breadcrumb\":{\"@id\":\"https:\/\/www.clicars.com\/blog\/actualidad\/multa-pegatina-itv\/#breadcrumb\"},\"inLanguage\":\"es\",\"potentialAction\":[{\"@type\":\"ReadAction\",\"target\":[\"https:\/\/www.clicars.com\/blog\/actualidad\/multa-pegatina-itv\/\"]}]},{\"@type\":\"ImageObject\",\"inLanguage\":\"es\",\"@id\":\"https:\/\/www.clicars.com\/blog\/actualidad\/multa-pegatina-itv\/#primaryimage\",\"url\":\"https:\/\/www.clicars.com\/blog\/wp-content\/uploads\/2019\/10\/clicars-4-1-1.jpg\",\"contentUrl\":\"https:\/\/www.clicars.com\/blog\/wp-content\/uploads\/2019\/10\/clicars-4-1-1.jpg\",\"width\":1800,\"height\":1200,\"caption\":\"Pegatina ITV obligatoria\"},{\"@type\":\"BreadcrumbList\",\"@id\":\"https:\/\/www.clicars.com\/blog\/actualidad\/multa-pegatina-itv\/#breadcrumb\",\"itemListElement\":[{\"@type\":\"ListItem\",\"position\":1,\"name\":\"Portada\",\"item\":\"https:\/\/www.clicars.com\/blog\/\"},{\"@type\":\"ListItem\",\"position\":2,\"name\":\"\u00bfMe pueden multar por no llevar la pegatina de la ITV?\"}]},{\"@type\":\"WebSite\",\"@id\":\"https:\/\/www.clicars.com\/blog\/#website\",\"url\":\"https:\/\/www.clicars.com\/blog\/\",\"name\":\"Clicars\",\"description\":\"Compra tu coche de Buena Mano sin moverte de casa\",\"inLanguage\":\"es\"},{\"@type\":\"Person\",\"@id\":\"https:\/\/www.clicars.com\/blog\/#\/schema\/person\/af686c41ba96962c68871392bf2bb62d\",\"name\":\"Clicars\",\"image\":{\"@type\":\"ImageObject\",\"inLanguage\":\"es\",\"@id\":\"https:\/\/www.clicars.com\/blog\/#\/schema\/person\/image\/\",\"url\":\"https:\/\/secure.gravatar.com\/avatar\/3100622b0023049db14165cdba9dadaa9159743b871e83e440a0df9a70f80e56?s=96&d=mm&r=g\",\"contentUrl\":\"https:\/\/secure.gravatar.com\/avatar\/3100622b0023049db14165cdba9dadaa9159743b871e83e440a0df9a70f80e56?s=96&d=mm&r=g\",\"caption\":\"Clicars\"},\"sameAs\":[\"https:\/\/www.clicars.com\"],\"url\":\"https:\/\/www.clicars.com\/blog\/author\/clicars\/\"}]}<\/script>\n<!-- \/ Yoast SEO plugin. -->","yoast_head_json":{"title":"\u00bfMe pueden multar por no llevar la pegatina de la ITV? - Clicars blog","description":"Todo lo que debes saber sobre la pegatina de la ITV. D\u00f3nde colocarla, multas por no llevarla, obligatoriedad de llevarla.","robots":{"index":"index","follow":"follow","max-snippet":"max-snippet:-1","max-image-preview":"max-image-preview:large","max-video-preview":"max-video-preview:-1"},"canonical":"https:\/\/www.clicars.com\/blog\/actualidad\/multa-pegatina-itv\/","og_locale":"es_ES","og_type":"article","og_title":"\u00bfMe pueden multar por no llevar la pegatina de la ITV? - Clicars blog","og_description":"Todo lo que debes saber sobre la pegatina de la ITV. D\u00f3nde colocarla, multas por no llevarla, obligatoriedad de llevarla.","og_url":"https:\/\/www.clicars.com\/blog\/actualidad\/multa-pegatina-itv\/","og_site_name":"Clicars","article_published_time":"2019-10-07T10:18:13+00:00","article_modified_time":"2023-02-07T14:16:02+00:00","og_image":[{"width":1800,"height":1200,"url":"https:\/\/www.clicars.com\/blog\/wp-content\/uploads\/2019\/10\/clicars-4-1-1.jpg","type":"image\/jpeg"}],"author":"Clicars","twitter_card":"summary_large_image","twitter_misc":{"Escrito por":"Clicars","Tiempo de lectura":"3 minutos"},"schema":{"@context":"https:\/\/schema.org","@graph":[{"@type":"Article","@id":"https:\/\/www.clicars.com\/blog\/actualidad\/multa-pegatina-itv\/#article","isPartOf":{"@id":"https:\/\/www.clicars.com\/blog\/actualidad\/multa-pegatina-itv\/"},"author":{"name":"Clicars","@id":"https:\/\/www.clicars.com\/blog\/#\/schema\/person\/af686c41ba96962c68871392bf2bb62d"},"headline":"\u00bfMe pueden multar por no llevar la pegatina de la ITV?","datePublished":"2019-10-07T10:18:13+00:00","dateModified":"2023-02-07T14:16:02+00:00","mainEntityOfPage":{"@id":"https:\/\/www.clicars.com\/blog\/actualidad\/multa-pegatina-itv\/"},"wordCount":596,"image":{"@id":"https:\/\/www.clicars.com\/blog\/actualidad\/multa-pegatina-itv\/#primaryimage"},"thumbnailUrl":"https:\/\/www.clicars.com\/blog\/wp-content\/uploads\/2019\/10\/clicars-4-1-1.jpg","articleSection":["Actualidad"],"inLanguage":"es"},{"@type":["WebPage","ItemPage"],"@id":"https:\/\/www.clicars.com\/blog\/actualidad\/multa-pegatina-itv\/","url":"https:\/\/www.clicars.com\/blog\/actualidad\/multa-pegatina-itv\/","name":"\u00bfMe pueden multar por no llevar la pegatina de la ITV? - Clicars blog","isPartOf":{"@id":"https:\/\/www.clicars.com\/blog\/#website"},"primaryImageOfPage":{"@id":"https:\/\/www.clicars.com\/blog\/actualidad\/multa-pegatina-itv\/#primaryimage"},"image":{"@id":"https:\/\/www.clicars.com\/blog\/actualidad\/multa-pegatina-itv\/#primaryimage"},"thumbnailUrl":"https:\/\/www.clicars.com\/blog\/wp-content\/uploads\/2019\/10\/clicars-4-1-1.jpg","datePublished":"2019-10-07T10:18:13+00:00","dateModified":"2023-02-07T14:16:02+00:00","author":{"@id":"https:\/\/www.clicars.com\/blog\/#\/schema\/person\/af686c41ba96962c68871392bf2bb62d"},"description":"Todo lo que debes saber sobre la pegatina de la ITV. D\u00f3nde colocarla, multas por no llevarla, obligatoriedad de llevarla.","breadcrumb":{"@id":"https:\/\/www.clicars.com\/blog\/actualidad\/multa-pegatina-itv\/#breadcrumb"},"inLanguage":"es","potentialAction":[{"@type":"ReadAction","target":["https:\/\/www.clicars.com\/blog\/actualidad\/multa-pegatina-itv\/"]}]},{"@type":"ImageObject","inLanguage":"es","@id":"https:\/\/www.clicars.com\/blog\/actualidad\/multa-pegatina-itv\/#primaryimage","url":"https:\/\/www.clicars.com\/blog\/wp-content\/uploads\/2019\/10\/clicars-4-1-1.jpg","contentUrl":"https:\/\/www.clicars.com\/blog\/wp-content\/uploads\/2019\/10\/clicars-4-1-1.jpg","width":1800,"height":1200,"caption":"Pegatina ITV obligatoria"},{"@type":"BreadcrumbList","@id":"https:\/\/www.clicars.com\/blog\/actualidad\/multa-pegatina-itv\/#breadcrumb","itemListElement":[{"@type":"ListItem","position":1,"name":"Portada","item":"https:\/\/www.clicars.com\/blog\/"},{"@type":"ListItem","position":2,"name":"\u00bfMe pueden multar por no llevar la pegatina de la ITV?"}]},{"@type":"WebSite","@id":"https:\/\/www.clicars.com\/blog\/#website","url":"https:\/\/www.clicars.com\/blog\/","name":"Clicars","description":"Compra tu coche de Buena Mano sin moverte de casa","inLanguage":"es"},{"@type":"Person","@id":"https:\/\/www.clicars.com\/blog\/#\/schema\/person\/af686c41ba96962c68871392bf2bb62d","name":"Clicars","image":{"@type":"ImageObject","inLanguage":"es","@id":"https:\/\/www.clicars.com\/blog\/#\/schema\/person\/image\/","url":"https:\/\/secure.gravatar.com\/avatar\/3100622b0023049db14165cdba9dadaa9159743b871e83e440a0df9a70f80e56?s=96&d=mm&r=g","contentUrl":"https:\/\/secure.gravatar.com\/avatar\/3100622b0023049db14165cdba9dadaa9159743b871e83e440a0df9a70f80e56?s=96&d=mm&r=g","caption":"Clicars"},"sameAs":["https:\/\/www.clicars.com"],"url":"https:\/\/www.clicars.com\/blog\/author\/clicars\/"}]}},"_links":{"self":[{"href":"https:\/\/www.clicars.com\/blog\/wp-json\/wp\/v2\/posts\/6755","targetHints":{"allow":["GET"]}}],"collection":[{"href":"https:\/\/www.clicars.com\/blog\/wp-json\/wp\/v2\/posts"}],"about":[{"href":"https:\/\/www.clicars.com\/blog\/wp-json\/wp\/v2\/types\/post"}],"author":[{"embeddable":true,"href":"https:\/\/www.clicars.com\/blog\/wp-json\/wp\/v2\/users\/2"}],"replies":[{"embeddable":true,"href":"https:\/\/www.clicars.com\/blog\/wp-json\/wp\/v2\/comments?post=6755"}],"version-history":[{"count":5,"href":"https:\/\/www.clicars.com\/blog\/wp-json\/wp\/v2\/posts\/6755\/revisions"}],"predecessor-version":[{"id":11142,"href":"https:\/\/www.clicars.com\/blog\/wp-json\/wp\/v2\/posts\/6755\/revisions\/11142"}],"wp:featuredmedia":[{"embeddable":true,"href":"https:\/\/www.clicars.com\/blog\/wp-json\/wp\/v2\/media\/6756"}],"wp:attachment":[{"href":"https:\/\/www.clicars.com\/blog\/wp-json\/wp\/v2\/media?parent=6755"}],"wp:term":[{"taxonomy":"category","embeddable":true,"href":"https:\/\/www.clicars.com\/blog\/wp-json\/wp\/v2\/categories?post=6755"},{"taxonomy":"post_tag","embeddable":true,"href":"https:\/\/www.clicars.com\/blog\/wp-json\/wp\/v2\/tags?post=6755"}],"curies":[{"name":"wp","href":"https:\/\/api.w.org\/{rel}","templated":true}]}}