{"id":6874,"date":"2019-11-19T18:32:57","date_gmt":"2019-11-19T16:32:57","guid":{"rendered":"https:\/\/www.clicars.com\/blog\/?p=6874"},"modified":"2024-01-24T09:47:31","modified_gmt":"2024-01-24T07:47:31","slug":"black-friday-coches-de-segunda-mano","status":"publish","type":"post","link":"https:\/\/www.clicars.com\/blog\/actualidad\/black-friday-coches-de-segunda-mano\/","title":{"rendered":"Black Friday: Llegan los s\u00faper descuentos en los Black Days"},"content":{"rendered":"<p><span style=\"font-weight: 400;\">Se acerca el 29 de noviembre y llega <\/span><b>Black Friday<\/b><span style=\"font-weight: 400;\"> con importantes rebajas para los compradores. Por lo que nos gustar\u00eda compartir la iniciativa que ponemos en marcha en <\/span><span style=\"font-weight: 400;\">Clicars.com<\/span><span style=\"font-weight: 400;\">, l\u00edderes en Europa en venta de veh\u00edculos online.\u00a0<\/span><\/p>\n<p>\u00bfQuieres ver los descuentos de <a href=\"https:\/\/www.clicars.com\/black-friday-coches-segunda-mano\">Black Friday en coches de segunda mano<\/a> de este a\u00f1o? \u00a1Echa un vistazo a este <a href=\"https:\/\/www.clicars.com\/blog\/actualidad\/black-friday-coches-segunda-mano\/\">post<\/a>!<\/p>\n<h2><b>Hasta 6.000 \u20ac de descuento en coches de segunda mano hasta el 1 de diciembre\u00a0<\/b><\/h2>\n<p><span style=\"font-weight: 400;\">En Clicars ponemos en marcha los <\/span><b>Black Days Clicars<\/b><span style=\"font-weight: 400;\">, corre a por los s\u00faper descuentos. El a\u00f1o pasado, ya llevamos a cabo la iniciativa <a href=\"https:\/\/www.clicars.com\/blog\/actualidad\/black-friday-en-coches-de-segunda-mano\/\">Black Friday: precios de derribo<\/a>. Este a\u00f1o, desde el <\/span><b>21 de noviembre hasta el 1 de diciembre podremos conseguir descuentos de hasta 6.000\u20ac<\/b><span style=\"font-weight: 400;\"> de media en coches Clicars segunda mano y kil\u00f3metro 0.\u00a0<\/span><\/p>\n<p><span style=\"font-weight: 400;\">El modelo h\u00edbrido de nuestra compa\u00f1\u00eda, online e in situ, posibilita a los compradores de toda la pen\u00ednsula acceder a los descuentos exclusivos de estos Black Days, acudiendo a nuestras instalaciones o a trav\u00e9s de nuestra web <\/span><span style=\"font-weight: 400;\">www.clicars.com<\/span><span style=\"font-weight: 400;\">. En nuestro centro neur\u00e1lgico situado al sur de <a href=\"https:\/\/www.clicars.com\/coches-segunda-mano-ocasion\/madrid\">Madrid<\/a>, se puede encontrar la exposici\u00f3n m\u00e1s extensa del mercado con <\/span><b>m\u00e1s de 450 coches y 35 marcas disponibles.<\/b><\/p>\n<p><span style=\"font-weight: 400;\"><img loading=\"lazy\" decoding=\"async\" class=\"alignnone size-full wp-image-6877\" src=\"https:\/\/www.clicars.com\/blog\/wp-content\/uploads\/2019\/11\/3-CAPTUR.jpg\" alt=\"\" width=\"1800\" height=\"1200\" srcset=\"https:\/\/www.clicars.com\/blog\/wp-content\/uploads\/2019\/11\/3-CAPTUR.jpg 1800w, https:\/\/www.clicars.com\/blog\/wp-content\/uploads\/2019\/11\/3-CAPTUR-300x200.jpg 300w, https:\/\/www.clicars.com\/blog\/wp-content\/uploads\/2019\/11\/3-CAPTUR-1024x683.jpg 1024w, https:\/\/www.clicars.com\/blog\/wp-content\/uploads\/2019\/11\/3-CAPTUR-768x512.jpg 768w, https:\/\/www.clicars.com\/blog\/wp-content\/uploads\/2019\/11\/3-CAPTUR-1536x1024.jpg 1536w, https:\/\/www.clicars.com\/blog\/wp-content\/uploads\/2019\/11\/3-CAPTUR-900x600.jpg 900w\" sizes=\"auto, (max-width: 1800px) 100vw, 1800px\" \/> Adem\u00e1s, en Clicars ponemos a disposici\u00f3n del cliente todas las facilidades tambi\u00e9n en nuestra versi\u00f3n online, a trav\u00e9s de una experiencia digital completa en la que el cliente puede ver el veh\u00edculo, con un precio fijado sin sorpresas, avalado con la certificaci\u00f3n m\u00e1s completa del mercado en 320 puntos y la pol\u00edtica de devoluci\u00f3n m\u00e1s amplia con 15 d\u00edas de prueba o 1.000 kil\u00f3metros. entregamos el coche en el lugar que el cliente le indique y durante todo el proceso sus asesores le acompa\u00f1an en la compra para ofrecer la mejor experiencia.\u00a0<\/span><\/p>\n<p><span style=\"font-weight: 400;\">Todos los <\/span><b>veh\u00edculos cuentan con pocos a\u00f1os y kil\u00f3metros, sin da\u00f1os estructurales y con un historial de mantenimiento riguroso y actualizado.<\/b><span style=\"font-weight: 400;\"> Adem\u00e1s, pasan un proceso riguroso de reacondicionamiento gracias a nuestra f\u00e1brica de reacondicionamiento.<\/span><\/p>\n<p><span style=\"font-weight: 400;\">Esta experiencia \u00fanica de la mano de la digitalizaci\u00f3n y la tecnolog\u00eda m\u00e1s puntera, ha sido una de las claves para conseguir<a href=\"https:\/\/www.clicars.com\/blog\/actualidad\/clicars-alcanza-rentabilidad\/\"> vender m\u00e1s de 4.000 coches y alcanzar 75M de euros de facturaci\u00f3n<\/a> acumulada en nuestros primeros a\u00f1os de vida, ofreciendo un proceso seguro y aportando una revoluci\u00f3n del sector basado en la transparencia, sencillez y confianza, de serie.<\/span><\/p>\n","protected":false},"excerpt":{"rendered":"<p>Se acerca el 29 de noviembre y llega Black Friday con importantes rebajas para los&#8230;<\/p>\n","protected":false},"author":2,"featured_media":6876,"comment_status":"closed","ping_status":"closed","sticky":false,"template":"","format":"standard","meta":{"footnotes":""},"categories":[5],"tags":[],"class_list":{"0":"post-6874","1":"post","2":"type-post","3":"status-publish","4":"format-standard","5":"has-post-thumbnail","7":"category-actualidad"},"yoast_head":"<!-- This site is optimized with the Yoast SEO plugin v26.8 - https:\/\/yoast.com\/product\/yoast-seo-wordpress\/ -->\n<title>Black Friday: coches de segunda mano - Clicars Blog<\/title>\n<meta name=\"description\" content=\"Llega el viernes negro, el conocido Black Friday y con \u00e9l, las mejores ofertas de Clicars. Consigue hasta 6.000 euros de descuento en coches de segunda mano y km0.\" \/>\n<meta name=\"robots\" content=\"index, follow, max-snippet:-1, max-image-preview:large, max-video-preview:-1\" \/>\n<link rel=\"canonical\" href=\"https:\/\/www.clicars.com\/blog\/actualidad\/black-friday-coches-de-segunda-mano\/\" \/>\n<meta property=\"og:locale\" content=\"es_ES\" \/>\n<meta property=\"og:type\" content=\"article\" \/>\n<meta property=\"og:title\" content=\"Black Friday: coches de segunda mano - Clicars Blog\" \/>\n<meta property=\"og:description\" content=\"Llega el viernes negro, el conocido Black Friday y con \u00e9l, las mejores ofertas de Clicars. Consigue hasta 6.000 euros de descuento en coches de segunda mano y km0.\" \/>\n<meta property=\"og:url\" content=\"https:\/\/www.clicars.com\/blog\/actualidad\/black-friday-coches-de-segunda-mano\/\" \/>\n<meta property=\"og:site_name\" content=\"Clicars\" \/>\n<meta property=\"article:published_time\" content=\"2019-11-19T16:32:57+00:00\" \/>\n<meta property=\"article:modified_time\" content=\"2024-01-24T07:47:31+00:00\" \/>\n<meta property=\"og:image\" content=\"https:\/\/www.clicars.com\/blog\/wp-content\/uploads\/2019\/11\/1-CAPTUR.jpg\" \/>\n\t<meta property=\"og:image:width\" content=\"1800\" \/>\n\t<meta property=\"og:image:height\" content=\"1200\" \/>\n\t<meta property=\"og:image:type\" content=\"image\/jpeg\" \/>\n<meta name=\"author\" content=\"Clicars\" \/>\n<meta name=\"twitter:card\" content=\"summary_large_image\" \/>\n<meta name=\"twitter:label1\" content=\"Escrito por\" \/>\n\t<meta name=\"twitter:data1\" content=\"Clicars\" \/>\n\t<meta name=\"twitter:label2\" content=\"Tiempo de lectura\" \/>\n\t<meta name=\"twitter:data2\" content=\"2 minutos\" \/>\n<script type=\"application\/ld+json\" class=\"yoast-schema-graph\">{\"@context\":\"https:\/\/schema.org\",\"@graph\":[{\"@type\":\"Article\",\"@id\":\"https:\/\/www.clicars.com\/blog\/actualidad\/black-friday-coches-de-segunda-mano\/#article\",\"isPartOf\":{\"@id\":\"https:\/\/www.clicars.com\/blog\/actualidad\/black-friday-coches-de-segunda-mano\/\"},\"author\":{\"name\":\"Clicars\",\"@id\":\"https:\/\/www.clicars.com\/blog\/#\/schema\/person\/af686c41ba96962c68871392bf2bb62d\"},\"headline\":\"Black Friday: Llegan los s\u00faper descuentos en los Black Days\",\"datePublished\":\"2019-11-19T16:32:57+00:00\",\"dateModified\":\"2024-01-24T07:47:31+00:00\",\"mainEntityOfPage\":{\"@id\":\"https:\/\/www.clicars.com\/blog\/actualidad\/black-friday-coches-de-segunda-mano\/\"},\"wordCount\":425,\"image\":{\"@id\":\"https:\/\/www.clicars.com\/blog\/actualidad\/black-friday-coches-de-segunda-mano\/#primaryimage\"},\"thumbnailUrl\":\"https:\/\/www.clicars.com\/blog\/wp-content\/uploads\/2019\/11\/1-CAPTUR.jpg\",\"articleSection\":[\"Actualidad\"],\"inLanguage\":\"es\"},{\"@type\":[\"WebPage\",\"ItemPage\"],\"@id\":\"https:\/\/www.clicars.com\/blog\/actualidad\/black-friday-coches-de-segunda-mano\/\",\"url\":\"https:\/\/www.clicars.com\/blog\/actualidad\/black-friday-coches-de-segunda-mano\/\",\"name\":\"Black Friday: coches de segunda mano - Clicars Blog\",\"isPartOf\":{\"@id\":\"https:\/\/www.clicars.com\/blog\/#website\"},\"primaryImageOfPage\":{\"@id\":\"https:\/\/www.clicars.com\/blog\/actualidad\/black-friday-coches-de-segunda-mano\/#primaryimage\"},\"image\":{\"@id\":\"https:\/\/www.clicars.com\/blog\/actualidad\/black-friday-coches-de-segunda-mano\/#primaryimage\"},\"thumbnailUrl\":\"https:\/\/www.clicars.com\/blog\/wp-content\/uploads\/2019\/11\/1-CAPTUR.jpg\",\"datePublished\":\"2019-11-19T16:32:57+00:00\",\"dateModified\":\"2024-01-24T07:47:31+00:00\",\"author\":{\"@id\":\"https:\/\/www.clicars.com\/blog\/#\/schema\/person\/af686c41ba96962c68871392bf2bb62d\"},\"description\":\"Llega el viernes negro, el conocido Black Friday y con \u00e9l, las mejores ofertas de Clicars. Consigue hasta 6.000 euros de descuento en coches de segunda mano y km0.\",\"breadcrumb\":{\"@id\":\"https:\/\/www.clicars.com\/blog\/actualidad\/black-friday-coches-de-segunda-mano\/#breadcrumb\"},\"inLanguage\":\"es\",\"potentialAction\":[{\"@type\":\"ReadAction\",\"target\":[\"https:\/\/www.clicars.com\/blog\/actualidad\/black-friday-coches-de-segunda-mano\/\"]}]},{\"@type\":\"ImageObject\",\"inLanguage\":\"es\",\"@id\":\"https:\/\/www.clicars.com\/blog\/actualidad\/black-friday-coches-de-segunda-mano\/#primaryimage\",\"url\":\"https:\/\/www.clicars.com\/blog\/wp-content\/uploads\/2019\/11\/1-CAPTUR.jpg\",\"contentUrl\":\"https:\/\/www.clicars.com\/blog\/wp-content\/uploads\/2019\/11\/1-CAPTUR.jpg\",\"width\":1800,\"height\":1200,\"caption\":\"black friday segunda mano\"},{\"@type\":\"BreadcrumbList\",\"@id\":\"https:\/\/www.clicars.com\/blog\/actualidad\/black-friday-coches-de-segunda-mano\/#breadcrumb\",\"itemListElement\":[{\"@type\":\"ListItem\",\"position\":1,\"name\":\"Portada\",\"item\":\"https:\/\/www.clicars.com\/blog\/\"},{\"@type\":\"ListItem\",\"position\":2,\"name\":\"Black Friday: Llegan los s\u00faper descuentos en los Black Days\"}]},{\"@type\":\"WebSite\",\"@id\":\"https:\/\/www.clicars.com\/blog\/#website\",\"url\":\"https:\/\/www.clicars.com\/blog\/\",\"name\":\"Clicars\",\"description\":\"Compra tu coche de Buena Mano sin moverte de casa\",\"inLanguage\":\"es\"},{\"@type\":\"Person\",\"@id\":\"https:\/\/www.clicars.com\/blog\/#\/schema\/person\/af686c41ba96962c68871392bf2bb62d\",\"name\":\"Clicars\",\"image\":{\"@type\":\"ImageObject\",\"inLanguage\":\"es\",\"@id\":\"https:\/\/www.clicars.com\/blog\/#\/schema\/person\/image\/\",\"url\":\"https:\/\/secure.gravatar.com\/avatar\/3100622b0023049db14165cdba9dadaa9159743b871e83e440a0df9a70f80e56?s=96&d=mm&r=g\",\"contentUrl\":\"https:\/\/secure.gravatar.com\/avatar\/3100622b0023049db14165cdba9dadaa9159743b871e83e440a0df9a70f80e56?s=96&d=mm&r=g\",\"caption\":\"Clicars\"},\"sameAs\":[\"https:\/\/www.clicars.com\"],\"url\":\"https:\/\/www.clicars.com\/blog\/author\/clicars\/\"}]}<\/script>\n<!-- \/ Yoast SEO plugin. -->","yoast_head_json":{"title":"Black Friday: coches de segunda mano - Clicars Blog","description":"Llega el viernes negro, el conocido Black Friday y con \u00e9l, las mejores ofertas de Clicars. Consigue hasta 6.000 euros de descuento en coches de segunda mano y km0.","robots":{"index":"index","follow":"follow","max-snippet":"max-snippet:-1","max-image-preview":"max-image-preview:large","max-video-preview":"max-video-preview:-1"},"canonical":"https:\/\/www.clicars.com\/blog\/actualidad\/black-friday-coches-de-segunda-mano\/","og_locale":"es_ES","og_type":"article","og_title":"Black Friday: coches de segunda mano - Clicars Blog","og_description":"Llega el viernes negro, el conocido Black Friday y con \u00e9l, las mejores ofertas de Clicars. Consigue hasta 6.000 euros de descuento en coches de segunda mano y km0.","og_url":"https:\/\/www.clicars.com\/blog\/actualidad\/black-friday-coches-de-segunda-mano\/","og_site_name":"Clicars","article_published_time":"2019-11-19T16:32:57+00:00","article_modified_time":"2024-01-24T07:47:31+00:00","og_image":[{"width":1800,"height":1200,"url":"https:\/\/www.clicars.com\/blog\/wp-content\/uploads\/2019\/11\/1-CAPTUR.jpg","type":"image\/jpeg"}],"author":"Clicars","twitter_card":"summary_large_image","twitter_misc":{"Escrito por":"Clicars","Tiempo de lectura":"2 minutos"},"schema":{"@context":"https:\/\/schema.org","@graph":[{"@type":"Article","@id":"https:\/\/www.clicars.com\/blog\/actualidad\/black-friday-coches-de-segunda-mano\/#article","isPartOf":{"@id":"https:\/\/www.clicars.com\/blog\/actualidad\/black-friday-coches-de-segunda-mano\/"},"author":{"name":"Clicars","@id":"https:\/\/www.clicars.com\/blog\/#\/schema\/person\/af686c41ba96962c68871392bf2bb62d"},"headline":"Black Friday: Llegan los s\u00faper descuentos en los Black Days","datePublished":"2019-11-19T16:32:57+00:00","dateModified":"2024-01-24T07:47:31+00:00","mainEntityOfPage":{"@id":"https:\/\/www.clicars.com\/blog\/actualidad\/black-friday-coches-de-segunda-mano\/"},"wordCount":425,"image":{"@id":"https:\/\/www.clicars.com\/blog\/actualidad\/black-friday-coches-de-segunda-mano\/#primaryimage"},"thumbnailUrl":"https:\/\/www.clicars.com\/blog\/wp-content\/uploads\/2019\/11\/1-CAPTUR.jpg","articleSection":["Actualidad"],"inLanguage":"es"},{"@type":["WebPage","ItemPage"],"@id":"https:\/\/www.clicars.com\/blog\/actualidad\/black-friday-coches-de-segunda-mano\/","url":"https:\/\/www.clicars.com\/blog\/actualidad\/black-friday-coches-de-segunda-mano\/","name":"Black Friday: coches de segunda mano - Clicars Blog","isPartOf":{"@id":"https:\/\/www.clicars.com\/blog\/#website"},"primaryImageOfPage":{"@id":"https:\/\/www.clicars.com\/blog\/actualidad\/black-friday-coches-de-segunda-mano\/#primaryimage"},"image":{"@id":"https:\/\/www.clicars.com\/blog\/actualidad\/black-friday-coches-de-segunda-mano\/#primaryimage"},"thumbnailUrl":"https:\/\/www.clicars.com\/blog\/wp-content\/uploads\/2019\/11\/1-CAPTUR.jpg","datePublished":"2019-11-19T16:32:57+00:00","dateModified":"2024-01-24T07:47:31+00:00","author":{"@id":"https:\/\/www.clicars.com\/blog\/#\/schema\/person\/af686c41ba96962c68871392bf2bb62d"},"description":"Llega el viernes negro, el conocido Black Friday y con \u00e9l, las mejores ofertas de Clicars. Consigue hasta 6.000 euros de descuento en coches de segunda mano y km0.","breadcrumb":{"@id":"https:\/\/www.clicars.com\/blog\/actualidad\/black-friday-coches-de-segunda-mano\/#breadcrumb"},"inLanguage":"es","potentialAction":[{"@type":"ReadAction","target":["https:\/\/www.clicars.com\/blog\/actualidad\/black-friday-coches-de-segunda-mano\/"]}]},{"@type":"ImageObject","inLanguage":"es","@id":"https:\/\/www.clicars.com\/blog\/actualidad\/black-friday-coches-de-segunda-mano\/#primaryimage","url":"https:\/\/www.clicars.com\/blog\/wp-content\/uploads\/2019\/11\/1-CAPTUR.jpg","contentUrl":"https:\/\/www.clicars.com\/blog\/wp-content\/uploads\/2019\/11\/1-CAPTUR.jpg","width":1800,"height":1200,"caption":"black friday segunda mano"},{"@type":"BreadcrumbList","@id":"https:\/\/www.clicars.com\/blog\/actualidad\/black-friday-coches-de-segunda-mano\/#breadcrumb","itemListElement":[{"@type":"ListItem","position":1,"name":"Portada","item":"https:\/\/www.clicars.com\/blog\/"},{"@type":"ListItem","position":2,"name":"Black Friday: Llegan los s\u00faper descuentos en los Black Days"}]},{"@type":"WebSite","@id":"https:\/\/www.clicars.com\/blog\/#website","url":"https:\/\/www.clicars.com\/blog\/","name":"Clicars","description":"Compra tu coche de Buena Mano sin moverte de casa","inLanguage":"es"},{"@type":"Person","@id":"https:\/\/www.clicars.com\/blog\/#\/schema\/person\/af686c41ba96962c68871392bf2bb62d","name":"Clicars","image":{"@type":"ImageObject","inLanguage":"es","@id":"https:\/\/www.clicars.com\/blog\/#\/schema\/person\/image\/","url":"https:\/\/secure.gravatar.com\/avatar\/3100622b0023049db14165cdba9dadaa9159743b871e83e440a0df9a70f80e56?s=96&d=mm&r=g","contentUrl":"https:\/\/secure.gravatar.com\/avatar\/3100622b0023049db14165cdba9dadaa9159743b871e83e440a0df9a70f80e56?s=96&d=mm&r=g","caption":"Clicars"},"sameAs":["https:\/\/www.clicars.com"],"url":"https:\/\/www.clicars.com\/blog\/author\/clicars\/"}]}},"_links":{"self":[{"href":"https:\/\/www.clicars.com\/blog\/wp-json\/wp\/v2\/posts\/6874","targetHints":{"allow":["GET"]}}],"collection":[{"href":"https:\/\/www.clicars.com\/blog\/wp-json\/wp\/v2\/posts"}],"about":[{"href":"https:\/\/www.clicars.com\/blog\/wp-json\/wp\/v2\/types\/post"}],"author":[{"embeddable":true,"href":"https:\/\/www.clicars.com\/blog\/wp-json\/wp\/v2\/users\/2"}],"replies":[{"embeddable":true,"href":"https:\/\/www.clicars.com\/blog\/wp-json\/wp\/v2\/comments?post=6874"}],"version-history":[{"count":8,"href":"https:\/\/www.clicars.com\/blog\/wp-json\/wp\/v2\/posts\/6874\/revisions"}],"predecessor-version":[{"id":12567,"href":"https:\/\/www.clicars.com\/blog\/wp-json\/wp\/v2\/posts\/6874\/revisions\/12567"}],"wp:featuredmedia":[{"embeddable":true,"href":"https:\/\/www.clicars.com\/blog\/wp-json\/wp\/v2\/media\/6876"}],"wp:attachment":[{"href":"https:\/\/www.clicars.com\/blog\/wp-json\/wp\/v2\/media?parent=6874"}],"wp:term":[{"taxonomy":"category","embeddable":true,"href":"https:\/\/www.clicars.com\/blog\/wp-json\/wp\/v2\/categories?post=6874"},{"taxonomy":"post_tag","embeddable":true,"href":"https:\/\/www.clicars.com\/blog\/wp-json\/wp\/v2\/tags?post=6874"}],"curies":[{"name":"wp","href":"https:\/\/api.w.org\/{rel}","templated":true}]}}