{"id":6887,"date":"2019-11-26T17:53:41","date_gmt":"2019-11-26T15:53:41","guid":{"rendered":"https:\/\/www.clicars.com\/blog\/?p=6887"},"modified":"2023-02-07T16:11:36","modified_gmt":"2023-02-07T14:11:36","slug":"pablo-fernandez-ii-brainfoodmadrid","status":"publish","type":"post","link":"https:\/\/www.clicars.com\/blog\/actualidad\/pablo-fernandez-ii-brainfoodmadrid\/","title":{"rendered":"Pablo Fern\u00e1ndez, invitado de la II edici\u00f3n de #BrainfoodMadrid"},"content":{"rendered":"<p>El emprendedor Endeavor\u00a0<a href=\"https:\/\/www.linkedin.com\/in\/pablofernandezalvarez\/\">Pablo Fern\u00e1ndez<\/a>, co-fundador y co-CEO de\u00a0<a href=\"https:\/\/www.clicars.com\/?utm_source=organic&amp;utm_medium=blog&amp;utm_campaign=BrainFood\" target=\"_blank\" rel=\"noopener noreferrer\">Clicars<\/a>, fue el ponente invitado a\u00a0la\u00a0segunda\u00a0edici\u00f3n de\u00a0<strong><a href=\"https:\/\/www.facebook.com\/pg\/endeavorspain\/photos\/?tab=album&amp;album_id=2462789510600140\" target=\"_blank\" rel=\"noopener noreferrer\">Brainfood Madrid<\/a><\/strong>. Durante una interesante conversaci\u00f3n,\u00a0Fern\u00e1ndez charl\u00f3 con los asistentes sobre su historia como emprendedor, su visi\u00f3n como inversor y su pasi\u00f3n por la nataci\u00f3n.<\/p>\n<p>Brainfood, iniciativa creada por\u00a0<a href=\"https:\/\/www.ie.edu\/exponential-learning\/\" target=\"_blank\" rel=\"noopener noreferrer\">IE Exponential Learning<\/a>\u00a0y\u00a0<a href=\"https:\/\/endeavor.org.es\/\" target=\"_blank\" rel=\"noopener noreferrer\">Endeavor Espa\u00f1a<\/a>\u00a0para dar a conocer emprendedores y compa\u00f1\u00edas disruptivas, tuvo lugar el pasado 13 de noviembre en el\u00a0IE\u00a0Paper Pavilion.<\/p>\n<p>La bienvenida\u00a0a la conversaci\u00f3n\u00a0corri\u00f3 a cargo de\u00a0<a href=\"https:\/\/www.linkedin.com\/in\/rmesquita2019\/?originalSubdomain=es\" target=\"_blank\" rel=\"noopener noreferrer\">Ricardo Mesquita<\/a>, jefe de Aprendizaje Inmersivo en\u00a0IE Exponential Learning; mientras que\u00a0<a href=\"https:\/\/endeavor.org.es\/patronato-equipo-mentores\/?type=team\" target=\"_blank\" rel=\"noopener noreferrer\">Antonio Iglesias<\/a>, director general de Endeavor Espa\u00f1a, fue el encargado de entrevistar a Pablo Fern\u00e1ndez.<\/p>\n<h2><strong>La historia de Pablo\u00a0<\/strong><\/h2>\n<p>La conversaci\u00f3n arranc\u00f3 con un repaso de la historia personal y la carrera del emprendedor.\u00a0Pablo coment\u00f3 que se uni\u00f3 a BCG justo despu\u00e9s de licenciarse en Relaciones Internacionales en la Universidad Complutense.\u00a0Tras su paso por BCG\u00a0se sum\u00f3 al Banco Santander, donde r\u00e1pidamente se convirti\u00f3 en el vicepresidente ejecutivo m\u00e1s joven por su responsabilidad en Santander EE.UU. Pablo acab\u00f3 dejando el banco para fundar\u00a0<a href=\"https:\/\/www.clicars.com\/\" target=\"_blank\" rel=\"noopener noreferrer\">Clicars<\/a>,\u00a0 revolucionando la compraventa de <a href=\"https:\/\/www.clicars.com\/coches-segunda-mano-ocasion?utm_source=organic&amp;utm_medium=blog&amp;utm_campaign=BrainFood\">coches de segunda mano<\/a>, reposicionando el concepto a coches de Buena Mano.<\/p>\n<ul>\n<li>\u00bfQuieres saber m\u00e1s sobre nosotros? Conoce <a href=\"https:\/\/www.clicars.com\/blog\/actualidad\/instalaciones-clicars\/\">nuestras instalaciones<\/a> y nuestra f\u00e1brica de reacondicionamiento<\/li>\n<li>\u00c9chale un vistazo a <a href=\"https:\/\/www.clicars.com\/blog\/comparativa\/mejor-concesionario-madrid\/\">nuestro concesionario<\/a> con la mayor exposici\u00f3n de veh\u00edculos del mercado<\/li>\n<\/ul>\n<blockquote><p><em>\u201cCuando le cont\u00e9 a mis padres que iba a dejar el Banco Santander para crear una empresa de compraventa de coches su reacci\u00f3n fue que no pod\u00edan creerlo\u201d<\/em><\/p><\/blockquote>\n<p>Clicars fue su segundo proyecto emprendedor, ya que en la universidad hab\u00eda fundado Becasfacil, una web de becas que llegar\u00eda a ser la m\u00e1s grande de Espa\u00f1a. Hoy, Pablo recuerda ese proyecto como una etapa de muchos aprendizajes.<\/p>\n<blockquote><p><em>\u201cEn mi primera empresa tuve que invertir todo lo que ten\u00eda y arriesgar bastante. En Clicars ten\u00eda m\u00e1s experiencia y mejores contactos, as\u00ed que fuimos capaces de levantar capital desde el principio y eso nos coloc\u00f3 en una posici\u00f3n diferente. Sin embargo, algo que no cambi\u00f3 es nuestra obsesi\u00f3n por ser responsables con el dinero\u201d<\/em><\/p><\/blockquote>\n<h2><strong><img loading=\"lazy\" decoding=\"async\" class=\"alignnone size-full wp-image-6889\" src=\"https:\/\/www.clicars.com\/blog\/wp-content\/uploads\/2019\/11\/IMG_9206-1-min.jpg\" alt=\"Pablo Fern\u00e1ndez en BrainFood\" width=\"5184\" height=\"3456\" \/>La nataci\u00f3n, m\u00e1s que una afici\u00f3n<\/strong><\/h2>\n<p>Adem\u00e1s de\u00a0haber obtenido su MBA en\u00a0Harvard y de tener una trayectoria profesional exitosa, Pablo es un veterano nadador en aguas abiertas. Cuenta, entre otros m\u00e9ritos, con el\u00a0<a href=\"https:\/\/www.marca.com\/natacion\/2019\/08\/05\/5d481f1ae2704edf388b45f4.html\" target=\"_blank\" rel=\"noopener noreferrer\"><strong>r\u00e9cord Guinness mundial de los 100 km de nataci\u00f3n en aguas abiertas m\u00e1s r\u00e1pidos de la historia<\/strong><\/a>. A eso se suman otros como que Pablo fue la primera persona en haber cruzado a nado el r\u00edo Congo, el tramo desde Nicaragua hasta El Salvador, desde Senegal hasta Gambia, y desde las Islas V\u00edrgenes hasta Puerto Rico. Sin embargo, la experiencia que recuerda con m\u00e1s cari\u00f1o es haber nadado sin protecci\u00f3n con tiburones en Sud\u00e1frica.<\/p>\n<blockquote><p>\u201cNadar es como escalar una empresa. Si piensas en que vas a nadar 100 kil\u00f3metros pierdes la motivaci\u00f3n porque el objetivo parece demasiado dif\u00edcil y lejano. Solo si piensas brazada a brazada puedes conseguirlo. Con una empresa es igual: si piensas en c\u00f3mo llegar de cero a un exit, es demasiado complejo. As\u00ed que hay que ir paso a paso\u201d<\/p><\/blockquote>\n<h2><strong>Pasi\u00f3n por el emprendimiento<\/strong><\/h2>\n<p>Pablo, que se defini\u00f3 a s\u00ed mismo como\u00a0como un\u00a0emprendedor que sigue sus pasiones,\u00a0abord\u00f3 durante la conversaci\u00f3n otras \u00e1reas como\u00a0su visi\u00f3n de negocio, su aproximaci\u00f3n a la inversi\u00f3n desde ambos lados de la barrera;\u00a0y tambi\u00e9n comparti\u00f3 algunos consejos para futuros emprendedores.<\/p>\n<p>Sobre el futuro de la industria del autom\u00f3vil, Pablo se\u00f1al\u00f3 que las directrices est\u00e1n claras, pero que lo dif\u00edcil ser\u00e1 aprovechar la oportunidad.<\/p>\n<blockquote><p>\u201c<strong>Es muy f\u00e1cil detectar una tendencia. Lo complicado es adivinar cuando esa tendencia se convertir\u00e1 en una realidad<\/strong> y tendr\u00e1 un impacto en la vida de las personas y el mercado. Por ejemplo, todos decimos que el coche el\u00e9ctrico es el futuro, pero \u00bfcu\u00e1ndo comienza ese futuro?\u201d<\/p><\/blockquote>\n<p>Entre los consejos que Pablo comparti\u00f3 con los futuros emprendedores en la sala estuvieron\u00a0que\u00a0<strong>busquen un buen co-fundador\u00a0<\/strong>para\u00a0embarcarse en la misma experiencia, que consigan experiencia profesional antes de lanzarse a emprender y\u00a0que tengan una\u00a0clara mentalidad de negocio y rentabilidad. Sin embargo, por encima de todo, Pablo les aconsej\u00f3 que fueran humildes:<\/p>\n<blockquote><p>\u201cSirve poco hablar solo sobre los \u00e9xitos de cada uno, necesitamos tambi\u00e9n abordar los errores y los fracasos para entender el contexto de alguien como emprendedor y como persona\u201d<\/p><\/blockquote>\n<p>&nbsp;<\/p>\n","protected":false},"excerpt":{"rendered":"<p>El emprendedor Endeavor\u00a0Pablo Fern\u00e1ndez, co-fundador y co-CEO de\u00a0Clicars, fue el ponente invitado a\u00a0la\u00a0segunda\u00a0edici\u00f3n de\u00a0Brainfood Madrid&#8230;.<\/p>\n","protected":false},"author":2,"featured_media":6888,"comment_status":"closed","ping_status":"closed","sticky":false,"template":"","format":"standard","meta":{"footnotes":""},"categories":[5],"tags":[],"class_list":{"0":"post-6887","1":"post","2":"type-post","3":"status-publish","4":"format-standard","5":"has-post-thumbnail","7":"category-actualidad"},"yoast_head":"<!-- This site is optimized with the Yoast SEO plugin v26.8 - https:\/\/yoast.com\/product\/yoast-seo-wordpress\/ -->\n<title>Pablo Fern\u00e1ndez en la II edici\u00f3n de Brain Food - Clicars Blog<\/title>\n<meta name=\"description\" content=\"Pablo Fern\u00e1ndez estuvo en la II edici\u00f3n de Brain Food contando todo sobre su faceta de emprendedor y deportiva, \u00bfquieres saber m\u00e1s sobre nuestro cofundador?\" \/>\n<meta name=\"robots\" content=\"index, follow, max-snippet:-1, max-image-preview:large, max-video-preview:-1\" \/>\n<link rel=\"canonical\" href=\"https:\/\/www.clicars.com\/blog\/actualidad\/pablo-fernandez-ii-brainfoodmadrid\/\" \/>\n<meta property=\"og:locale\" content=\"es_ES\" \/>\n<meta property=\"og:type\" content=\"article\" \/>\n<meta property=\"og:title\" content=\"Pablo Fern\u00e1ndez en la II edici\u00f3n de Brain Food - Clicars Blog\" \/>\n<meta property=\"og:description\" content=\"Pablo Fern\u00e1ndez estuvo en la II edici\u00f3n de Brain Food contando todo sobre su faceta de emprendedor y deportiva, \u00bfquieres saber m\u00e1s sobre nuestro cofundador?\" \/>\n<meta property=\"og:url\" content=\"https:\/\/www.clicars.com\/blog\/actualidad\/pablo-fernandez-ii-brainfoodmadrid\/\" \/>\n<meta property=\"og:site_name\" content=\"Clicars\" \/>\n<meta property=\"article:published_time\" content=\"2019-11-26T15:53:41+00:00\" \/>\n<meta property=\"article:modified_time\" content=\"2023-02-07T14:11:36+00:00\" \/>\n<meta property=\"og:image\" content=\"https:\/\/www.clicars.com\/blog\/wp-content\/uploads\/2019\/11\/IMG_9217-1-min-scaled.jpg\" \/>\n\t<meta property=\"og:image:width\" content=\"2560\" \/>\n\t<meta property=\"og:image:height\" content=\"1822\" \/>\n\t<meta property=\"og:image:type\" content=\"image\/jpeg\" \/>\n<meta name=\"author\" content=\"Clicars\" \/>\n<meta name=\"twitter:card\" content=\"summary_large_image\" \/>\n<meta name=\"twitter:label1\" content=\"Escrito por\" \/>\n\t<meta name=\"twitter:data1\" content=\"Clicars\" \/>\n\t<meta name=\"twitter:label2\" content=\"Tiempo de lectura\" \/>\n\t<meta name=\"twitter:data2\" content=\"4 minutos\" \/>\n<script type=\"application\/ld+json\" class=\"yoast-schema-graph\">{\"@context\":\"https:\/\/schema.org\",\"@graph\":[{\"@type\":\"Article\",\"@id\":\"https:\/\/www.clicars.com\/blog\/actualidad\/pablo-fernandez-ii-brainfoodmadrid\/#article\",\"isPartOf\":{\"@id\":\"https:\/\/www.clicars.com\/blog\/actualidad\/pablo-fernandez-ii-brainfoodmadrid\/\"},\"author\":{\"name\":\"Clicars\",\"@id\":\"https:\/\/www.clicars.com\/blog\/#\/schema\/person\/af686c41ba96962c68871392bf2bb62d\"},\"headline\":\"Pablo Fern\u00e1ndez, invitado de la II edici\u00f3n de #BrainfoodMadrid\",\"datePublished\":\"2019-11-26T15:53:41+00:00\",\"dateModified\":\"2023-02-07T14:11:36+00:00\",\"mainEntityOfPage\":{\"@id\":\"https:\/\/www.clicars.com\/blog\/actualidad\/pablo-fernandez-ii-brainfoodmadrid\/\"},\"wordCount\":793,\"image\":{\"@id\":\"https:\/\/www.clicars.com\/blog\/actualidad\/pablo-fernandez-ii-brainfoodmadrid\/#primaryimage\"},\"thumbnailUrl\":\"https:\/\/www.clicars.com\/blog\/wp-content\/uploads\/2019\/11\/IMG_9217-1-min-scaled.jpg\",\"articleSection\":[\"Actualidad\"],\"inLanguage\":\"es\"},{\"@type\":[\"WebPage\",\"ItemPage\"],\"@id\":\"https:\/\/www.clicars.com\/blog\/actualidad\/pablo-fernandez-ii-brainfoodmadrid\/\",\"url\":\"https:\/\/www.clicars.com\/blog\/actualidad\/pablo-fernandez-ii-brainfoodmadrid\/\",\"name\":\"Pablo Fern\u00e1ndez en la II edici\u00f3n de Brain Food - Clicars Blog\",\"isPartOf\":{\"@id\":\"https:\/\/www.clicars.com\/blog\/#website\"},\"primaryImageOfPage\":{\"@id\":\"https:\/\/www.clicars.com\/blog\/actualidad\/pablo-fernandez-ii-brainfoodmadrid\/#primaryimage\"},\"image\":{\"@id\":\"https:\/\/www.clicars.com\/blog\/actualidad\/pablo-fernandez-ii-brainfoodmadrid\/#primaryimage\"},\"thumbnailUrl\":\"https:\/\/www.clicars.com\/blog\/wp-content\/uploads\/2019\/11\/IMG_9217-1-min-scaled.jpg\",\"datePublished\":\"2019-11-26T15:53:41+00:00\",\"dateModified\":\"2023-02-07T14:11:36+00:00\",\"author\":{\"@id\":\"https:\/\/www.clicars.com\/blog\/#\/schema\/person\/af686c41ba96962c68871392bf2bb62d\"},\"description\":\"Pablo Fern\u00e1ndez estuvo en la II edici\u00f3n de Brain Food contando todo sobre su faceta de emprendedor y deportiva, \u00bfquieres saber m\u00e1s sobre nuestro cofundador?\",\"breadcrumb\":{\"@id\":\"https:\/\/www.clicars.com\/blog\/actualidad\/pablo-fernandez-ii-brainfoodmadrid\/#breadcrumb\"},\"inLanguage\":\"es\",\"potentialAction\":[{\"@type\":\"ReadAction\",\"target\":[\"https:\/\/www.clicars.com\/blog\/actualidad\/pablo-fernandez-ii-brainfoodmadrid\/\"]}]},{\"@type\":\"ImageObject\",\"inLanguage\":\"es\",\"@id\":\"https:\/\/www.clicars.com\/blog\/actualidad\/pablo-fernandez-ii-brainfoodmadrid\/#primaryimage\",\"url\":\"https:\/\/www.clicars.com\/blog\/wp-content\/uploads\/2019\/11\/IMG_9217-1-min-scaled.jpg\",\"contentUrl\":\"https:\/\/www.clicars.com\/blog\/wp-content\/uploads\/2019\/11\/IMG_9217-1-min-scaled.jpg\",\"width\":2560,\"height\":1822,\"caption\":\"Pablo Fernandez\"},{\"@type\":\"BreadcrumbList\",\"@id\":\"https:\/\/www.clicars.com\/blog\/actualidad\/pablo-fernandez-ii-brainfoodmadrid\/#breadcrumb\",\"itemListElement\":[{\"@type\":\"ListItem\",\"position\":1,\"name\":\"Portada\",\"item\":\"https:\/\/www.clicars.com\/blog\/\"},{\"@type\":\"ListItem\",\"position\":2,\"name\":\"Pablo Fern\u00e1ndez, invitado de la II edici\u00f3n de #BrainfoodMadrid\"}]},{\"@type\":\"WebSite\",\"@id\":\"https:\/\/www.clicars.com\/blog\/#website\",\"url\":\"https:\/\/www.clicars.com\/blog\/\",\"name\":\"Clicars\",\"description\":\"Compra tu coche de Buena Mano sin moverte de casa\",\"inLanguage\":\"es\"},{\"@type\":\"Person\",\"@id\":\"https:\/\/www.clicars.com\/blog\/#\/schema\/person\/af686c41ba96962c68871392bf2bb62d\",\"name\":\"Clicars\",\"image\":{\"@type\":\"ImageObject\",\"inLanguage\":\"es\",\"@id\":\"https:\/\/www.clicars.com\/blog\/#\/schema\/person\/image\/\",\"url\":\"https:\/\/secure.gravatar.com\/avatar\/3100622b0023049db14165cdba9dadaa9159743b871e83e440a0df9a70f80e56?s=96&d=mm&r=g\",\"contentUrl\":\"https:\/\/secure.gravatar.com\/avatar\/3100622b0023049db14165cdba9dadaa9159743b871e83e440a0df9a70f80e56?s=96&d=mm&r=g\",\"caption\":\"Clicars\"},\"sameAs\":[\"https:\/\/www.clicars.com\"],\"url\":\"https:\/\/www.clicars.com\/blog\/author\/clicars\/\"}]}<\/script>\n<!-- \/ Yoast SEO plugin. -->","yoast_head_json":{"title":"Pablo Fern\u00e1ndez en la II edici\u00f3n de Brain Food - Clicars Blog","description":"Pablo Fern\u00e1ndez estuvo en la II edici\u00f3n de Brain Food contando todo sobre su faceta de emprendedor y deportiva, \u00bfquieres saber m\u00e1s sobre nuestro cofundador?","robots":{"index":"index","follow":"follow","max-snippet":"max-snippet:-1","max-image-preview":"max-image-preview:large","max-video-preview":"max-video-preview:-1"},"canonical":"https:\/\/www.clicars.com\/blog\/actualidad\/pablo-fernandez-ii-brainfoodmadrid\/","og_locale":"es_ES","og_type":"article","og_title":"Pablo Fern\u00e1ndez en la II edici\u00f3n de Brain Food - Clicars Blog","og_description":"Pablo Fern\u00e1ndez estuvo en la II edici\u00f3n de Brain Food contando todo sobre su faceta de emprendedor y deportiva, \u00bfquieres saber m\u00e1s sobre nuestro cofundador?","og_url":"https:\/\/www.clicars.com\/blog\/actualidad\/pablo-fernandez-ii-brainfoodmadrid\/","og_site_name":"Clicars","article_published_time":"2019-11-26T15:53:41+00:00","article_modified_time":"2023-02-07T14:11:36+00:00","og_image":[{"width":2560,"height":1822,"url":"https:\/\/www.clicars.com\/blog\/wp-content\/uploads\/2019\/11\/IMG_9217-1-min-scaled.jpg","type":"image\/jpeg"}],"author":"Clicars","twitter_card":"summary_large_image","twitter_misc":{"Escrito por":"Clicars","Tiempo de lectura":"4 minutos"},"schema":{"@context":"https:\/\/schema.org","@graph":[{"@type":"Article","@id":"https:\/\/www.clicars.com\/blog\/actualidad\/pablo-fernandez-ii-brainfoodmadrid\/#article","isPartOf":{"@id":"https:\/\/www.clicars.com\/blog\/actualidad\/pablo-fernandez-ii-brainfoodmadrid\/"},"author":{"name":"Clicars","@id":"https:\/\/www.clicars.com\/blog\/#\/schema\/person\/af686c41ba96962c68871392bf2bb62d"},"headline":"Pablo Fern\u00e1ndez, invitado de la II edici\u00f3n de #BrainfoodMadrid","datePublished":"2019-11-26T15:53:41+00:00","dateModified":"2023-02-07T14:11:36+00:00","mainEntityOfPage":{"@id":"https:\/\/www.clicars.com\/blog\/actualidad\/pablo-fernandez-ii-brainfoodmadrid\/"},"wordCount":793,"image":{"@id":"https:\/\/www.clicars.com\/blog\/actualidad\/pablo-fernandez-ii-brainfoodmadrid\/#primaryimage"},"thumbnailUrl":"https:\/\/www.clicars.com\/blog\/wp-content\/uploads\/2019\/11\/IMG_9217-1-min-scaled.jpg","articleSection":["Actualidad"],"inLanguage":"es"},{"@type":["WebPage","ItemPage"],"@id":"https:\/\/www.clicars.com\/blog\/actualidad\/pablo-fernandez-ii-brainfoodmadrid\/","url":"https:\/\/www.clicars.com\/blog\/actualidad\/pablo-fernandez-ii-brainfoodmadrid\/","name":"Pablo Fern\u00e1ndez en la II edici\u00f3n de Brain Food - Clicars Blog","isPartOf":{"@id":"https:\/\/www.clicars.com\/blog\/#website"},"primaryImageOfPage":{"@id":"https:\/\/www.clicars.com\/blog\/actualidad\/pablo-fernandez-ii-brainfoodmadrid\/#primaryimage"},"image":{"@id":"https:\/\/www.clicars.com\/blog\/actualidad\/pablo-fernandez-ii-brainfoodmadrid\/#primaryimage"},"thumbnailUrl":"https:\/\/www.clicars.com\/blog\/wp-content\/uploads\/2019\/11\/IMG_9217-1-min-scaled.jpg","datePublished":"2019-11-26T15:53:41+00:00","dateModified":"2023-02-07T14:11:36+00:00","author":{"@id":"https:\/\/www.clicars.com\/blog\/#\/schema\/person\/af686c41ba96962c68871392bf2bb62d"},"description":"Pablo Fern\u00e1ndez estuvo en la II edici\u00f3n de Brain Food contando todo sobre su faceta de emprendedor y deportiva, \u00bfquieres saber m\u00e1s sobre nuestro cofundador?","breadcrumb":{"@id":"https:\/\/www.clicars.com\/blog\/actualidad\/pablo-fernandez-ii-brainfoodmadrid\/#breadcrumb"},"inLanguage":"es","potentialAction":[{"@type":"ReadAction","target":["https:\/\/www.clicars.com\/blog\/actualidad\/pablo-fernandez-ii-brainfoodmadrid\/"]}]},{"@type":"ImageObject","inLanguage":"es","@id":"https:\/\/www.clicars.com\/blog\/actualidad\/pablo-fernandez-ii-brainfoodmadrid\/#primaryimage","url":"https:\/\/www.clicars.com\/blog\/wp-content\/uploads\/2019\/11\/IMG_9217-1-min-scaled.jpg","contentUrl":"https:\/\/www.clicars.com\/blog\/wp-content\/uploads\/2019\/11\/IMG_9217-1-min-scaled.jpg","width":2560,"height":1822,"caption":"Pablo Fernandez"},{"@type":"BreadcrumbList","@id":"https:\/\/www.clicars.com\/blog\/actualidad\/pablo-fernandez-ii-brainfoodmadrid\/#breadcrumb","itemListElement":[{"@type":"ListItem","position":1,"name":"Portada","item":"https:\/\/www.clicars.com\/blog\/"},{"@type":"ListItem","position":2,"name":"Pablo Fern\u00e1ndez, invitado de la II edici\u00f3n de #BrainfoodMadrid"}]},{"@type":"WebSite","@id":"https:\/\/www.clicars.com\/blog\/#website","url":"https:\/\/www.clicars.com\/blog\/","name":"Clicars","description":"Compra tu coche de Buena Mano sin moverte de casa","inLanguage":"es"},{"@type":"Person","@id":"https:\/\/www.clicars.com\/blog\/#\/schema\/person\/af686c41ba96962c68871392bf2bb62d","name":"Clicars","image":{"@type":"ImageObject","inLanguage":"es","@id":"https:\/\/www.clicars.com\/blog\/#\/schema\/person\/image\/","url":"https:\/\/secure.gravatar.com\/avatar\/3100622b0023049db14165cdba9dadaa9159743b871e83e440a0df9a70f80e56?s=96&d=mm&r=g","contentUrl":"https:\/\/secure.gravatar.com\/avatar\/3100622b0023049db14165cdba9dadaa9159743b871e83e440a0df9a70f80e56?s=96&d=mm&r=g","caption":"Clicars"},"sameAs":["https:\/\/www.clicars.com"],"url":"https:\/\/www.clicars.com\/blog\/author\/clicars\/"}]}},"_links":{"self":[{"href":"https:\/\/www.clicars.com\/blog\/wp-json\/wp\/v2\/posts\/6887","targetHints":{"allow":["GET"]}}],"collection":[{"href":"https:\/\/www.clicars.com\/blog\/wp-json\/wp\/v2\/posts"}],"about":[{"href":"https:\/\/www.clicars.com\/blog\/wp-json\/wp\/v2\/types\/post"}],"author":[{"embeddable":true,"href":"https:\/\/www.clicars.com\/blog\/wp-json\/wp\/v2\/users\/2"}],"replies":[{"embeddable":true,"href":"https:\/\/www.clicars.com\/blog\/wp-json\/wp\/v2\/comments?post=6887"}],"version-history":[{"count":7,"href":"https:\/\/www.clicars.com\/blog\/wp-json\/wp\/v2\/posts\/6887\/revisions"}],"predecessor-version":[{"id":10359,"href":"https:\/\/www.clicars.com\/blog\/wp-json\/wp\/v2\/posts\/6887\/revisions\/10359"}],"wp:featuredmedia":[{"embeddable":true,"href":"https:\/\/www.clicars.com\/blog\/wp-json\/wp\/v2\/media\/6888"}],"wp:attachment":[{"href":"https:\/\/www.clicars.com\/blog\/wp-json\/wp\/v2\/media?parent=6887"}],"wp:term":[{"taxonomy":"category","embeddable":true,"href":"https:\/\/www.clicars.com\/blog\/wp-json\/wp\/v2\/categories?post=6887"},{"taxonomy":"post_tag","embeddable":true,"href":"https:\/\/www.clicars.com\/blog\/wp-json\/wp\/v2\/tags?post=6887"}],"curies":[{"name":"wp","href":"https:\/\/api.w.org\/{rel}","templated":true}]}}