{"id":6976,"date":"2020-01-03T12:01:13","date_gmt":"2020-01-03T10:01:13","guid":{"rendered":"https:\/\/www.clicars.com\/blog\/?p=6976"},"modified":"2023-02-07T16:09:44","modified_gmt":"2023-02-07T14:09:44","slug":"utilidad-chalecos-reflectantes","status":"publish","type":"post","link":"https:\/\/www.clicars.com\/blog\/actualidad\/utilidad-chalecos-reflectantes\/","title":{"rendered":"\u00bfSon \u00fatiles los chalecos reflectantes?"},"content":{"rendered":"<p>La DGT est\u00e1 intentando, continuamente, elevar la seguridad de los conductores en carretera, por ello, han creado normativas que regulan los elementos que son obligatorios llevar en nuestro veh\u00edculo. Los dos tri\u00e1ngulos de se\u00f1alizaci\u00f3n son uno de ellos y, tambi\u00e9n, los <strong>chalecos reflectantes<\/strong> de alta visibilidad.<\/p>\n<p>La seguridad al volante tambi\u00e9n es nuestra prioridad y, por ello, desde <a href=\"https:\/\/www.clicars.com\/?utm_source=blog&amp;utm_medium=blog&amp;utm_campaign=pchalecos\">Clicars<\/a> vamos a explicarte porqu\u00e9 es tan \u00fatil llevarlos a bordo.<\/p>\n<h2>\u00bfQu\u00e9 son?<\/h2>\n<p>Los <strong>chalecos reflectantes<\/strong> son una parte esencial de la <a href=\"https:\/\/www.clicars.com\/blog\/actualidad\/seguridad-activa-pasiva-coche\/\">seguridad pasiva<\/a>, ya que nos ayudan a evitar m\u00e1s complicaciones tras sucederse un accidente o una aver\u00eda y, por tanto, aumentan la seguridad de los implicados.<\/p>\n<p>Su dise\u00f1o est\u00e1 enfocado a elevar la visibilidad de quienes lo lleven, hasta en 150 metros de distancia, sea en plena noche o con luz diurna. Deben ser en color rojo, amarillo o naranja y tienen que tener, al menos, dos bandas reflectantes horizontales de unos 5 cent\u00edmetros.<\/p>\n<p>Deben estar, adem\u00e1s, homologados y certificados seg\u00fan la normativa europea EN-471 para uso en veh\u00edculos de turismo e industriales.<\/p>\n<p><img loading=\"lazy\" decoding=\"async\" class=\"alignnone wp-image-6978 size-full\" src=\"https:\/\/www.clicars.com\/blog\/wp-content\/uploads\/2020\/01\/IMG_3296.jpg\" alt=\"chalecos reflectantes personalizados\" width=\"800\" height=\"1200\" srcset=\"https:\/\/www.clicars.com\/blog\/wp-content\/uploads\/2020\/01\/IMG_3296.jpg 800w, https:\/\/www.clicars.com\/blog\/wp-content\/uploads\/2020\/01\/IMG_3296-200x300.jpg 200w, https:\/\/www.clicars.com\/blog\/wp-content\/uploads\/2020\/01\/IMG_3296-683x1024.jpg 683w, https:\/\/www.clicars.com\/blog\/wp-content\/uploads\/2020\/01\/IMG_3296-768x1152.jpg 768w\" sizes=\"auto, (max-width: 800px) 100vw, 800px\" \/><\/p>\n<h2>\u00bfCu\u00e1ndo hay que usarlos?<\/h2>\n<p>El uso del <strong>chaleco reflectante<\/strong> es obligatorio cuando se est\u00e9 fuera del veh\u00edculo, ya sea en la calzada o en el arc\u00e9n de las v\u00edas interurbanas y sin importar el motivo por el que se haya abandonado el interior del veh\u00edculo (a causa de una aver\u00eda o accidente). En el caso, por ejemplo, de que debamos abandonar el coche para poner las cadenas en invierno, tambi\u00e9n ser\u00eda obligatorio llevar puesto el chaleco reflectante. Por lo tanto, como hemos dicho, sea por el motivo que sea, si abandonamos el interior del veh\u00edculo, debemos hacerlo con \u00e9l puesto.<\/p>\n<p>Su obligatoriedad est\u00e1 recogida en el Reglamento de Circulaci\u00f3n del 23 de enero de 2004 y si no se lleva a cabo debidamente su uso, el conductor se expone a una sanci\u00f3n econ\u00f3mica de hasta 200 euros (aunque sin retirada de puntos del carnet de conducir).<\/p>\n<h2>\u00bfCu\u00e1ntos hay que llevar?<\/h2>\n<p>La normativa regula que cualquier persona que abandone el veh\u00edculo averiado o accidentado debe llevar un <strong>chaleco reflectante<\/strong> homologado, sin importar el n\u00famero de plazas que tenga nuestro coche. Por ello, es aconsejable llevar uno por cada ocupante, ya que si no es as\u00ed, en caso de ser necesario, las personas que no cuenten con uno deber\u00e1n permanecer en el interior. La \u00fanica excepci\u00f3n a la norma es que el coche en el que se encuentren est\u00e9 humeando, en llamas, o que la climatolog\u00eda a la que se enfrentan los pasajeros sea extrema, en cuyo caso no se tendr\u00e1 en cuenta la falta del uso del chaleco.<\/p>\n<h2>\u00bfD\u00f3nde guardarlos?<\/h2>\n<p>Teniendo en cuenta que es obligatorio llevarlo puesto al abandonar el veh\u00edculo, es recomendable llevar, al menos el <strong>chaleco reflectante<\/strong> del conductor, a mano y que sea f\u00e1cil poder acceder a \u00e9l. La guantera, el bolsillo de la parte trasera del asiento, la parte inferior o el hueco de las puertas ser\u00eda el lugar ideal. El maletero o el hueco de la rueda de repuesto es una mala opci\u00f3n, ya que hay que recordar que es obligatorio llevarlo en cuanto se baja del coche.<\/p>\n","protected":false},"excerpt":{"rendered":"<p>La DGT est\u00e1 intentando, continuamente, elevar la seguridad de los conductores en carretera, por ello,&#8230;<\/p>\n","protected":false},"author":2,"featured_media":6977,"comment_status":"closed","ping_status":"closed","sticky":false,"template":"","format":"standard","meta":{"footnotes":""},"categories":[5],"tags":[],"class_list":{"0":"post-6976","1":"post","2":"type-post","3":"status-publish","4":"format-standard","5":"has-post-thumbnail","7":"category-actualidad"},"yoast_head":"<!-- This site is optimized with the Yoast SEO plugin v26.8 - https:\/\/yoast.com\/product\/yoast-seo-wordpress\/ -->\n<title>\u00bfSon \u00fatiles los chalecos reflectantes? - Clicars Blog<\/title>\n<meta name=\"description\" content=\"Desde Clicars te contamos la importancia de llevar un chaleco ante aver\u00eda o accidente\" \/>\n<meta name=\"robots\" content=\"index, follow, max-snippet:-1, max-image-preview:large, max-video-preview:-1\" \/>\n<link rel=\"canonical\" href=\"https:\/\/www.clicars.com\/blog\/actualidad\/utilidad-chalecos-reflectantes\/\" \/>\n<meta property=\"og:locale\" content=\"es_ES\" \/>\n<meta property=\"og:type\" content=\"article\" \/>\n<meta property=\"og:title\" content=\"\u00bfSon \u00fatiles los chalecos reflectantes? - Clicars Blog\" \/>\n<meta property=\"og:description\" content=\"Desde Clicars te contamos la importancia de llevar un chaleco ante aver\u00eda o accidente\" \/>\n<meta property=\"og:url\" content=\"https:\/\/www.clicars.com\/blog\/actualidad\/utilidad-chalecos-reflectantes\/\" \/>\n<meta property=\"og:site_name\" content=\"Clicars\" \/>\n<meta property=\"article:published_time\" content=\"2020-01-03T10:01:13+00:00\" \/>\n<meta property=\"article:modified_time\" content=\"2023-02-07T14:09:44+00:00\" \/>\n<meta property=\"og:image\" content=\"https:\/\/www.clicars.com\/blog\/wp-content\/uploads\/2020\/01\/IMG_2907.jpg\" \/>\n\t<meta property=\"og:image:width\" content=\"1800\" \/>\n\t<meta property=\"og:image:height\" content=\"1200\" \/>\n\t<meta property=\"og:image:type\" content=\"image\/jpeg\" \/>\n<meta name=\"author\" content=\"Clicars\" \/>\n<meta name=\"twitter:card\" content=\"summary_large_image\" \/>\n<meta name=\"twitter:label1\" content=\"Escrito por\" \/>\n\t<meta name=\"twitter:data1\" content=\"Clicars\" \/>\n\t<meta name=\"twitter:label2\" content=\"Tiempo de lectura\" \/>\n\t<meta name=\"twitter:data2\" content=\"3 minutos\" \/>\n<script type=\"application\/ld+json\" class=\"yoast-schema-graph\">{\"@context\":\"https:\/\/schema.org\",\"@graph\":[{\"@type\":\"Article\",\"@id\":\"https:\/\/www.clicars.com\/blog\/actualidad\/utilidad-chalecos-reflectantes\/#article\",\"isPartOf\":{\"@id\":\"https:\/\/www.clicars.com\/blog\/actualidad\/utilidad-chalecos-reflectantes\/\"},\"author\":{\"name\":\"Clicars\",\"@id\":\"https:\/\/www.clicars.com\/blog\/#\/schema\/person\/af686c41ba96962c68871392bf2bb62d\"},\"headline\":\"\u00bfSon \u00fatiles los chalecos reflectantes?\",\"datePublished\":\"2020-01-03T10:01:13+00:00\",\"dateModified\":\"2023-02-07T14:09:44+00:00\",\"mainEntityOfPage\":{\"@id\":\"https:\/\/www.clicars.com\/blog\/actualidad\/utilidad-chalecos-reflectantes\/\"},\"wordCount\":552,\"image\":{\"@id\":\"https:\/\/www.clicars.com\/blog\/actualidad\/utilidad-chalecos-reflectantes\/#primaryimage\"},\"thumbnailUrl\":\"https:\/\/www.clicars.com\/blog\/wp-content\/uploads\/2020\/01\/IMG_2907.jpg\",\"articleSection\":[\"Actualidad\"],\"inLanguage\":\"es\"},{\"@type\":[\"WebPage\",\"ItemPage\"],\"@id\":\"https:\/\/www.clicars.com\/blog\/actualidad\/utilidad-chalecos-reflectantes\/\",\"url\":\"https:\/\/www.clicars.com\/blog\/actualidad\/utilidad-chalecos-reflectantes\/\",\"name\":\"\u00bfSon \u00fatiles los chalecos reflectantes? - Clicars Blog\",\"isPartOf\":{\"@id\":\"https:\/\/www.clicars.com\/blog\/#website\"},\"primaryImageOfPage\":{\"@id\":\"https:\/\/www.clicars.com\/blog\/actualidad\/utilidad-chalecos-reflectantes\/#primaryimage\"},\"image\":{\"@id\":\"https:\/\/www.clicars.com\/blog\/actualidad\/utilidad-chalecos-reflectantes\/#primaryimage\"},\"thumbnailUrl\":\"https:\/\/www.clicars.com\/blog\/wp-content\/uploads\/2020\/01\/IMG_2907.jpg\",\"datePublished\":\"2020-01-03T10:01:13+00:00\",\"dateModified\":\"2023-02-07T14:09:44+00:00\",\"author\":{\"@id\":\"https:\/\/www.clicars.com\/blog\/#\/schema\/person\/af686c41ba96962c68871392bf2bb62d\"},\"description\":\"Desde Clicars te contamos la importancia de llevar un chaleco ante aver\u00eda o accidente\",\"breadcrumb\":{\"@id\":\"https:\/\/www.clicars.com\/blog\/actualidad\/utilidad-chalecos-reflectantes\/#breadcrumb\"},\"inLanguage\":\"es\",\"potentialAction\":[{\"@type\":\"ReadAction\",\"target\":[\"https:\/\/www.clicars.com\/blog\/actualidad\/utilidad-chalecos-reflectantes\/\"]}]},{\"@type\":\"ImageObject\",\"inLanguage\":\"es\",\"@id\":\"https:\/\/www.clicars.com\/blog\/actualidad\/utilidad-chalecos-reflectantes\/#primaryimage\",\"url\":\"https:\/\/www.clicars.com\/blog\/wp-content\/uploads\/2020\/01\/IMG_2907.jpg\",\"contentUrl\":\"https:\/\/www.clicars.com\/blog\/wp-content\/uploads\/2020\/01\/IMG_2907.jpg\",\"width\":1800,\"height\":1200,\"caption\":\"chalecos reflectantes\"},{\"@type\":\"BreadcrumbList\",\"@id\":\"https:\/\/www.clicars.com\/blog\/actualidad\/utilidad-chalecos-reflectantes\/#breadcrumb\",\"itemListElement\":[{\"@type\":\"ListItem\",\"position\":1,\"name\":\"Portada\",\"item\":\"https:\/\/www.clicars.com\/blog\/\"},{\"@type\":\"ListItem\",\"position\":2,\"name\":\"\u00bfSon \u00fatiles los chalecos reflectantes?\"}]},{\"@type\":\"WebSite\",\"@id\":\"https:\/\/www.clicars.com\/blog\/#website\",\"url\":\"https:\/\/www.clicars.com\/blog\/\",\"name\":\"Clicars\",\"description\":\"Compra tu coche de Buena Mano sin moverte de casa\",\"inLanguage\":\"es\"},{\"@type\":\"Person\",\"@id\":\"https:\/\/www.clicars.com\/blog\/#\/schema\/person\/af686c41ba96962c68871392bf2bb62d\",\"name\":\"Clicars\",\"image\":{\"@type\":\"ImageObject\",\"inLanguage\":\"es\",\"@id\":\"https:\/\/www.clicars.com\/blog\/#\/schema\/person\/image\/\",\"url\":\"https:\/\/secure.gravatar.com\/avatar\/3100622b0023049db14165cdba9dadaa9159743b871e83e440a0df9a70f80e56?s=96&d=mm&r=g\",\"contentUrl\":\"https:\/\/secure.gravatar.com\/avatar\/3100622b0023049db14165cdba9dadaa9159743b871e83e440a0df9a70f80e56?s=96&d=mm&r=g\",\"caption\":\"Clicars\"},\"sameAs\":[\"https:\/\/www.clicars.com\"],\"url\":\"https:\/\/www.clicars.com\/blog\/author\/clicars\/\"}]}<\/script>\n<!-- \/ Yoast SEO plugin. -->","yoast_head_json":{"title":"\u00bfSon \u00fatiles los chalecos reflectantes? - Clicars Blog","description":"Desde Clicars te contamos la importancia de llevar un chaleco ante aver\u00eda o accidente","robots":{"index":"index","follow":"follow","max-snippet":"max-snippet:-1","max-image-preview":"max-image-preview:large","max-video-preview":"max-video-preview:-1"},"canonical":"https:\/\/www.clicars.com\/blog\/actualidad\/utilidad-chalecos-reflectantes\/","og_locale":"es_ES","og_type":"article","og_title":"\u00bfSon \u00fatiles los chalecos reflectantes? - Clicars Blog","og_description":"Desde Clicars te contamos la importancia de llevar un chaleco ante aver\u00eda o accidente","og_url":"https:\/\/www.clicars.com\/blog\/actualidad\/utilidad-chalecos-reflectantes\/","og_site_name":"Clicars","article_published_time":"2020-01-03T10:01:13+00:00","article_modified_time":"2023-02-07T14:09:44+00:00","og_image":[{"width":1800,"height":1200,"url":"https:\/\/www.clicars.com\/blog\/wp-content\/uploads\/2020\/01\/IMG_2907.jpg","type":"image\/jpeg"}],"author":"Clicars","twitter_card":"summary_large_image","twitter_misc":{"Escrito por":"Clicars","Tiempo de lectura":"3 minutos"},"schema":{"@context":"https:\/\/schema.org","@graph":[{"@type":"Article","@id":"https:\/\/www.clicars.com\/blog\/actualidad\/utilidad-chalecos-reflectantes\/#article","isPartOf":{"@id":"https:\/\/www.clicars.com\/blog\/actualidad\/utilidad-chalecos-reflectantes\/"},"author":{"name":"Clicars","@id":"https:\/\/www.clicars.com\/blog\/#\/schema\/person\/af686c41ba96962c68871392bf2bb62d"},"headline":"\u00bfSon \u00fatiles los chalecos reflectantes?","datePublished":"2020-01-03T10:01:13+00:00","dateModified":"2023-02-07T14:09:44+00:00","mainEntityOfPage":{"@id":"https:\/\/www.clicars.com\/blog\/actualidad\/utilidad-chalecos-reflectantes\/"},"wordCount":552,"image":{"@id":"https:\/\/www.clicars.com\/blog\/actualidad\/utilidad-chalecos-reflectantes\/#primaryimage"},"thumbnailUrl":"https:\/\/www.clicars.com\/blog\/wp-content\/uploads\/2020\/01\/IMG_2907.jpg","articleSection":["Actualidad"],"inLanguage":"es"},{"@type":["WebPage","ItemPage"],"@id":"https:\/\/www.clicars.com\/blog\/actualidad\/utilidad-chalecos-reflectantes\/","url":"https:\/\/www.clicars.com\/blog\/actualidad\/utilidad-chalecos-reflectantes\/","name":"\u00bfSon \u00fatiles los chalecos reflectantes? - Clicars Blog","isPartOf":{"@id":"https:\/\/www.clicars.com\/blog\/#website"},"primaryImageOfPage":{"@id":"https:\/\/www.clicars.com\/blog\/actualidad\/utilidad-chalecos-reflectantes\/#primaryimage"},"image":{"@id":"https:\/\/www.clicars.com\/blog\/actualidad\/utilidad-chalecos-reflectantes\/#primaryimage"},"thumbnailUrl":"https:\/\/www.clicars.com\/blog\/wp-content\/uploads\/2020\/01\/IMG_2907.jpg","datePublished":"2020-01-03T10:01:13+00:00","dateModified":"2023-02-07T14:09:44+00:00","author":{"@id":"https:\/\/www.clicars.com\/blog\/#\/schema\/person\/af686c41ba96962c68871392bf2bb62d"},"description":"Desde Clicars te contamos la importancia de llevar un chaleco ante aver\u00eda o accidente","breadcrumb":{"@id":"https:\/\/www.clicars.com\/blog\/actualidad\/utilidad-chalecos-reflectantes\/#breadcrumb"},"inLanguage":"es","potentialAction":[{"@type":"ReadAction","target":["https:\/\/www.clicars.com\/blog\/actualidad\/utilidad-chalecos-reflectantes\/"]}]},{"@type":"ImageObject","inLanguage":"es","@id":"https:\/\/www.clicars.com\/blog\/actualidad\/utilidad-chalecos-reflectantes\/#primaryimage","url":"https:\/\/www.clicars.com\/blog\/wp-content\/uploads\/2020\/01\/IMG_2907.jpg","contentUrl":"https:\/\/www.clicars.com\/blog\/wp-content\/uploads\/2020\/01\/IMG_2907.jpg","width":1800,"height":1200,"caption":"chalecos reflectantes"},{"@type":"BreadcrumbList","@id":"https:\/\/www.clicars.com\/blog\/actualidad\/utilidad-chalecos-reflectantes\/#breadcrumb","itemListElement":[{"@type":"ListItem","position":1,"name":"Portada","item":"https:\/\/www.clicars.com\/blog\/"},{"@type":"ListItem","position":2,"name":"\u00bfSon \u00fatiles los chalecos reflectantes?"}]},{"@type":"WebSite","@id":"https:\/\/www.clicars.com\/blog\/#website","url":"https:\/\/www.clicars.com\/blog\/","name":"Clicars","description":"Compra tu coche de Buena Mano sin moverte de casa","inLanguage":"es"},{"@type":"Person","@id":"https:\/\/www.clicars.com\/blog\/#\/schema\/person\/af686c41ba96962c68871392bf2bb62d","name":"Clicars","image":{"@type":"ImageObject","inLanguage":"es","@id":"https:\/\/www.clicars.com\/blog\/#\/schema\/person\/image\/","url":"https:\/\/secure.gravatar.com\/avatar\/3100622b0023049db14165cdba9dadaa9159743b871e83e440a0df9a70f80e56?s=96&d=mm&r=g","contentUrl":"https:\/\/secure.gravatar.com\/avatar\/3100622b0023049db14165cdba9dadaa9159743b871e83e440a0df9a70f80e56?s=96&d=mm&r=g","caption":"Clicars"},"sameAs":["https:\/\/www.clicars.com"],"url":"https:\/\/www.clicars.com\/blog\/author\/clicars\/"}]}},"_links":{"self":[{"href":"https:\/\/www.clicars.com\/blog\/wp-json\/wp\/v2\/posts\/6976","targetHints":{"allow":["GET"]}}],"collection":[{"href":"https:\/\/www.clicars.com\/blog\/wp-json\/wp\/v2\/posts"}],"about":[{"href":"https:\/\/www.clicars.com\/blog\/wp-json\/wp\/v2\/types\/post"}],"author":[{"embeddable":true,"href":"https:\/\/www.clicars.com\/blog\/wp-json\/wp\/v2\/users\/2"}],"replies":[{"embeddable":true,"href":"https:\/\/www.clicars.com\/blog\/wp-json\/wp\/v2\/comments?post=6976"}],"version-history":[{"count":2,"href":"https:\/\/www.clicars.com\/blog\/wp-json\/wp\/v2\/posts\/6976\/revisions"}],"predecessor-version":[{"id":11128,"href":"https:\/\/www.clicars.com\/blog\/wp-json\/wp\/v2\/posts\/6976\/revisions\/11128"}],"wp:featuredmedia":[{"embeddable":true,"href":"https:\/\/www.clicars.com\/blog\/wp-json\/wp\/v2\/media\/6977"}],"wp:attachment":[{"href":"https:\/\/www.clicars.com\/blog\/wp-json\/wp\/v2\/media?parent=6976"}],"wp:term":[{"taxonomy":"category","embeddable":true,"href":"https:\/\/www.clicars.com\/blog\/wp-json\/wp\/v2\/categories?post=6976"},{"taxonomy":"post_tag","embeddable":true,"href":"https:\/\/www.clicars.com\/blog\/wp-json\/wp\/v2\/tags?post=6976"}],"curies":[{"name":"wp","href":"https:\/\/api.w.org\/{rel}","templated":true}]}}