{"id":7414,"date":"2021-11-18T09:39:58","date_gmt":"2021-11-18T07:39:58","guid":{"rendered":"https:\/\/www.clicars.com\/blog\/?p=7414"},"modified":"2023-02-07T14:43:44","modified_gmt":"2023-02-07T12:43:44","slug":"black-friday-coches-segunda-mano","status":"publish","type":"post","link":"https:\/\/www.clicars.com\/blog\/actualidad\/black-friday-coches-segunda-mano\/","title":{"rendered":"Black Friday en coches de segunda mano en Clicars"},"content":{"rendered":"<ul>\n<li>Con un stock de m\u00e1s de 2.000 coches seminuevos reacondicionados, ofreceremos a partir del 17 de noviembre descuentos excepcionales para garantizar el mejor precio a la hora de comprar un coche de buena mano<\/li>\n<\/ul>\n<p>&nbsp;<\/p>\n<ul>\n<li>Nos hemos convertido en el ecommerce que m\u00e1s crece en Espa\u00f1a, prevemos grandes ofertas este Black Friday, dominado por el auge de las compras online y la venta de coches seminuevos como alternativa a los retrasos en la entrega de veh\u00edculos nuevos<\/li>\n<\/ul>\n<p>&nbsp;<\/p>\n<p><span style=\"font-weight: 400;\">En Clicars arrancamos esta campa\u00f1a de Black Friday con descuentos de hasta 8.000 euros en coches de segunda mano totalmente reacondicionados, entregas a partir de 48 horas y un periodo de devoluci\u00f3n de 15 d\u00edas \u00f3 1.000 kil\u00f3metros. Con un stock de <strong>m\u00e1s de 2.000 coches con el mejor precio garantizado<\/strong>, nuestro objetivo es convertirnos en la alternativa para la compra y entrega de coches en uno de los momentos m\u00e1s delicados para el sector del veh\u00edculo nuevo, debido a la escasez por la crisis de los semiconductores y las huelgas del transporte.<\/span><\/p>\n<p><span style=\"font-weight: 400;\">Las promociones de<a href=\"https:\/\/www.clicars.com\/black-friday-coches-segunda-mano\"> Black Friday en coches de segunda mano<\/a> estar\u00e1n activas desde el <strong>17 de noviembre<\/strong> y se extender\u00e1n hasta el 28 de noviembre de 2021. Los usuarios podr\u00e1n descubrir estos descuentos a trav\u00e9s de la nuestra web <strong>Clicars.com<\/strong><\/span><span style=\"font-weight: 400;\"> o visitando nuestra exposici\u00f3n de <strong>coches multimarca en Avenida Laboral 10 en Villaverde Bajo (Madrid)<\/strong>, donde podr\u00e1s llevarte puesto su nuevo veh\u00edculo e incluso tasar y vender tu coche antiguo para utilizar como moneda de pago y <strong>sumar a su descuento de Black Friday<\/strong>.<\/span><\/p>\n<p><span style=\"font-weight: 400;\">Las ventajas de nuestro modelo online, que te permite comprar un coche con el m\u00f3vil o el ordenador y recibirlo a partir de 48 horas con una pol\u00edtica de <strong>devoluci\u00f3n de 15 d\u00edas \u00f3 1.000 kil\u00f3metros<\/strong> como si se tratara de una camiseta o la compra del s\u00faper, han adquirido mayor relevancia con los nuevos h\u00e1bitos online adquiridos tras la pandemia y en periodos de compra, cada vez m\u00e1s digitales, como Black Friday. Este disruptivo modelo de compraventa de coches online que se basa en los valores de transparencia, sencillez y confianza para poner al cliente siempre en el centro de la estrategia, nos ha llevado a convertirnos, en solo 5 a\u00f1os y medio de vida, en el ecommerce que m\u00e1s crece de Espa\u00f1a y en el l\u00edder indiscutible de venta de coches seminuevos.<\/span><\/p>\n<p><span style=\"font-weight: 400;\">A trav\u00e9s de nuestra web, ofrecemos un extenso cat\u00e1logo de m\u00e1s de 2.000 veh\u00edculos -desde familiares, cup\u00e9s y berlinas a hasta monovol\u00famenes y 4&#215;4\/SUV, incluidos h\u00edbridos y el\u00e9ctricos- para que los clientes puedan reservar un coche por s\u00ed mismos de la forma m\u00e1s sencilla. Tambi\u00e9n, incluimos fotos ampliables en alta resoluci\u00f3n, para apreciar, de forma transparente, cualquier peque\u00f1o desperfecto, adem\u00e1s de una ficha detallada con las caracter\u00edsticas del coche para que el cliente tenga la confianza de que encuentra el mejor precio final garantizado y con una pol\u00edtica devoluci\u00f3n 15 d\u00edas o 1.000 kil\u00f3metros que rompe las barreras del <\/span><i><span style=\"font-weight: 400;\">e-commerce<\/span><\/i><span style=\"font-weight: 400;\"> y la venta tradicional de coches.\u00a0<\/span><\/p>\n<p><span style=\"font-weight: 400;\">Adem\u00e1s, durante estas dos semanas de promociones, seguimos ofreciendo la experiencia m\u00e1s segura del mercado. Todos los veh\u00edculos adheridos a este Black Friday cuentan con pocos a\u00f1os y kil\u00f3metros, no presentan da\u00f1os estructurales e incluyen un historial de mantenimiento riguroso y actualizado. Adem\u00e1s, todos ellos han sido sometidos al exigente y completo proceso de reacondicionamiento en su f\u00e1brica de m\u00e1s de 40.000 m2 -el m\u00e1s completo del mercado, ya que revisa y optimiza 250 puntos del autom\u00f3vil-, lo que garantiza que todos los coches a la venta en la plataforma, sean \u2018de buena mano\u2019.\u00a0<\/span><\/p>\n","protected":false},"excerpt":{"rendered":"<p>Con un stock de m\u00e1s de 2.000 coches seminuevos reacondicionados, ofreceremos a partir del 17&#8230;<\/p>\n","protected":false},"author":2,"featured_media":7416,"comment_status":"closed","ping_status":"closed","sticky":false,"template":"","format":"standard","meta":{"footnotes":""},"categories":[5],"tags":[],"class_list":{"0":"post-7414","1":"post","2":"type-post","3":"status-publish","4":"format-standard","5":"has-post-thumbnail","7":"category-actualidad"},"yoast_head":"<!-- This site is optimized with the Yoast SEO plugin v26.8 - https:\/\/yoast.com\/product\/yoast-seo-wordpress\/ -->\n<title>Black Friday en coches de segunda mano en Clicars - Clicars Blog<\/title>\n<meta name=\"description\" content=\"Llega el Black Friday y en Clicars nos gusta celebrarlo con descuentos. Ofertas Black Friday en Coches de Segunda Mano\" \/>\n<meta name=\"robots\" content=\"index, follow, max-snippet:-1, max-image-preview:large, max-video-preview:-1\" \/>\n<link rel=\"canonical\" href=\"https:\/\/www.clicars.com\/blog\/actualidad\/black-friday-coches-segunda-mano\/\" \/>\n<meta property=\"og:locale\" content=\"es_ES\" \/>\n<meta property=\"og:type\" content=\"article\" \/>\n<meta property=\"og:title\" content=\"Black Friday en coches de segunda mano en Clicars - Clicars Blog\" \/>\n<meta property=\"og:description\" content=\"Llega el Black Friday y en Clicars nos gusta celebrarlo con descuentos. Ofertas Black Friday en Coches de Segunda Mano\" \/>\n<meta property=\"og:url\" content=\"https:\/\/www.clicars.com\/blog\/actualidad\/black-friday-coches-segunda-mano\/\" \/>\n<meta property=\"og:site_name\" content=\"Clicars\" \/>\n<meta property=\"article:published_time\" content=\"2021-11-18T07:39:58+00:00\" \/>\n<meta property=\"article:modified_time\" content=\"2023-02-07T12:43:44+00:00\" \/>\n<meta property=\"og:image\" content=\"https:\/\/www.clicars.com\/blog\/wp-content\/uploads\/2020\/11\/IMG_9883-min-scaled.jpg\" \/>\n\t<meta property=\"og:image:width\" content=\"2560\" \/>\n\t<meta property=\"og:image:height\" content=\"1707\" \/>\n\t<meta property=\"og:image:type\" content=\"image\/jpeg\" \/>\n<meta name=\"author\" content=\"Clicars\" \/>\n<meta name=\"twitter:card\" content=\"summary_large_image\" \/>\n<meta name=\"twitter:label1\" content=\"Escrito por\" \/>\n\t<meta name=\"twitter:data1\" content=\"Clicars\" \/>\n\t<meta name=\"twitter:label2\" content=\"Tiempo de lectura\" \/>\n\t<meta name=\"twitter:data2\" content=\"3 minutos\" \/>\n<script type=\"application\/ld+json\" class=\"yoast-schema-graph\">{\"@context\":\"https:\/\/schema.org\",\"@graph\":[{\"@type\":\"Article\",\"@id\":\"https:\/\/www.clicars.com\/blog\/actualidad\/black-friday-coches-segunda-mano\/#article\",\"isPartOf\":{\"@id\":\"https:\/\/www.clicars.com\/blog\/actualidad\/black-friday-coches-segunda-mano\/\"},\"author\":{\"name\":\"Clicars\",\"@id\":\"https:\/\/www.clicars.com\/blog\/#\/schema\/person\/af686c41ba96962c68871392bf2bb62d\"},\"headline\":\"Black Friday en coches de segunda mano en Clicars\",\"datePublished\":\"2021-11-18T07:39:58+00:00\",\"dateModified\":\"2023-02-07T12:43:44+00:00\",\"mainEntityOfPage\":{\"@id\":\"https:\/\/www.clicars.com\/blog\/actualidad\/black-friday-coches-segunda-mano\/\"},\"wordCount\":637,\"image\":{\"@id\":\"https:\/\/www.clicars.com\/blog\/actualidad\/black-friday-coches-segunda-mano\/#primaryimage\"},\"thumbnailUrl\":\"https:\/\/www.clicars.com\/blog\/wp-content\/uploads\/2020\/11\/IMG_9883-min-scaled.jpg\",\"articleSection\":[\"Actualidad\"],\"inLanguage\":\"es\"},{\"@type\":[\"WebPage\",\"ItemPage\"],\"@id\":\"https:\/\/www.clicars.com\/blog\/actualidad\/black-friday-coches-segunda-mano\/\",\"url\":\"https:\/\/www.clicars.com\/blog\/actualidad\/black-friday-coches-segunda-mano\/\",\"name\":\"Black Friday en coches de segunda mano en Clicars - Clicars Blog\",\"isPartOf\":{\"@id\":\"https:\/\/www.clicars.com\/blog\/#website\"},\"primaryImageOfPage\":{\"@id\":\"https:\/\/www.clicars.com\/blog\/actualidad\/black-friday-coches-segunda-mano\/#primaryimage\"},\"image\":{\"@id\":\"https:\/\/www.clicars.com\/blog\/actualidad\/black-friday-coches-segunda-mano\/#primaryimage\"},\"thumbnailUrl\":\"https:\/\/www.clicars.com\/blog\/wp-content\/uploads\/2020\/11\/IMG_9883-min-scaled.jpg\",\"datePublished\":\"2021-11-18T07:39:58+00:00\",\"dateModified\":\"2023-02-07T12:43:44+00:00\",\"author\":{\"@id\":\"https:\/\/www.clicars.com\/blog\/#\/schema\/person\/af686c41ba96962c68871392bf2bb62d\"},\"description\":\"Llega el Black Friday y en Clicars nos gusta celebrarlo con descuentos. Ofertas Black Friday en Coches de Segunda Mano\",\"breadcrumb\":{\"@id\":\"https:\/\/www.clicars.com\/blog\/actualidad\/black-friday-coches-segunda-mano\/#breadcrumb\"},\"inLanguage\":\"es\",\"potentialAction\":[{\"@type\":\"ReadAction\",\"target\":[\"https:\/\/www.clicars.com\/blog\/actualidad\/black-friday-coches-segunda-mano\/\"]}]},{\"@type\":\"ImageObject\",\"inLanguage\":\"es\",\"@id\":\"https:\/\/www.clicars.com\/blog\/actualidad\/black-friday-coches-segunda-mano\/#primaryimage\",\"url\":\"https:\/\/www.clicars.com\/blog\/wp-content\/uploads\/2020\/11\/IMG_9883-min-scaled.jpg\",\"contentUrl\":\"https:\/\/www.clicars.com\/blog\/wp-content\/uploads\/2020\/11\/IMG_9883-min-scaled.jpg\",\"width\":2560,\"height\":1707,\"caption\":\"black friday coches segunda mano\"},{\"@type\":\"BreadcrumbList\",\"@id\":\"https:\/\/www.clicars.com\/blog\/actualidad\/black-friday-coches-segunda-mano\/#breadcrumb\",\"itemListElement\":[{\"@type\":\"ListItem\",\"position\":1,\"name\":\"Portada\",\"item\":\"https:\/\/www.clicars.com\/blog\/\"},{\"@type\":\"ListItem\",\"position\":2,\"name\":\"Black Friday en coches de segunda mano en Clicars\"}]},{\"@type\":\"WebSite\",\"@id\":\"https:\/\/www.clicars.com\/blog\/#website\",\"url\":\"https:\/\/www.clicars.com\/blog\/\",\"name\":\"Clicars\",\"description\":\"Compra tu coche de Buena Mano sin moverte de casa\",\"inLanguage\":\"es\"},{\"@type\":\"Person\",\"@id\":\"https:\/\/www.clicars.com\/blog\/#\/schema\/person\/af686c41ba96962c68871392bf2bb62d\",\"name\":\"Clicars\",\"image\":{\"@type\":\"ImageObject\",\"inLanguage\":\"es\",\"@id\":\"https:\/\/www.clicars.com\/blog\/#\/schema\/person\/image\/\",\"url\":\"https:\/\/secure.gravatar.com\/avatar\/3100622b0023049db14165cdba9dadaa9159743b871e83e440a0df9a70f80e56?s=96&d=mm&r=g\",\"contentUrl\":\"https:\/\/secure.gravatar.com\/avatar\/3100622b0023049db14165cdba9dadaa9159743b871e83e440a0df9a70f80e56?s=96&d=mm&r=g\",\"caption\":\"Clicars\"},\"sameAs\":[\"https:\/\/www.clicars.com\"],\"url\":\"https:\/\/www.clicars.com\/blog\/author\/clicars\/\"}]}<\/script>\n<!-- \/ Yoast SEO plugin. -->","yoast_head_json":{"title":"Black Friday en coches de segunda mano en Clicars - Clicars Blog","description":"Llega el Black Friday y en Clicars nos gusta celebrarlo con descuentos. Ofertas Black Friday en Coches de Segunda Mano","robots":{"index":"index","follow":"follow","max-snippet":"max-snippet:-1","max-image-preview":"max-image-preview:large","max-video-preview":"max-video-preview:-1"},"canonical":"https:\/\/www.clicars.com\/blog\/actualidad\/black-friday-coches-segunda-mano\/","og_locale":"es_ES","og_type":"article","og_title":"Black Friday en coches de segunda mano en Clicars - Clicars Blog","og_description":"Llega el Black Friday y en Clicars nos gusta celebrarlo con descuentos. Ofertas Black Friday en Coches de Segunda Mano","og_url":"https:\/\/www.clicars.com\/blog\/actualidad\/black-friday-coches-segunda-mano\/","og_site_name":"Clicars","article_published_time":"2021-11-18T07:39:58+00:00","article_modified_time":"2023-02-07T12:43:44+00:00","og_image":[{"width":2560,"height":1707,"url":"https:\/\/www.clicars.com\/blog\/wp-content\/uploads\/2020\/11\/IMG_9883-min-scaled.jpg","type":"image\/jpeg"}],"author":"Clicars","twitter_card":"summary_large_image","twitter_misc":{"Escrito por":"Clicars","Tiempo de lectura":"3 minutos"},"schema":{"@context":"https:\/\/schema.org","@graph":[{"@type":"Article","@id":"https:\/\/www.clicars.com\/blog\/actualidad\/black-friday-coches-segunda-mano\/#article","isPartOf":{"@id":"https:\/\/www.clicars.com\/blog\/actualidad\/black-friday-coches-segunda-mano\/"},"author":{"name":"Clicars","@id":"https:\/\/www.clicars.com\/blog\/#\/schema\/person\/af686c41ba96962c68871392bf2bb62d"},"headline":"Black Friday en coches de segunda mano en Clicars","datePublished":"2021-11-18T07:39:58+00:00","dateModified":"2023-02-07T12:43:44+00:00","mainEntityOfPage":{"@id":"https:\/\/www.clicars.com\/blog\/actualidad\/black-friday-coches-segunda-mano\/"},"wordCount":637,"image":{"@id":"https:\/\/www.clicars.com\/blog\/actualidad\/black-friday-coches-segunda-mano\/#primaryimage"},"thumbnailUrl":"https:\/\/www.clicars.com\/blog\/wp-content\/uploads\/2020\/11\/IMG_9883-min-scaled.jpg","articleSection":["Actualidad"],"inLanguage":"es"},{"@type":["WebPage","ItemPage"],"@id":"https:\/\/www.clicars.com\/blog\/actualidad\/black-friday-coches-segunda-mano\/","url":"https:\/\/www.clicars.com\/blog\/actualidad\/black-friday-coches-segunda-mano\/","name":"Black Friday en coches de segunda mano en Clicars - Clicars Blog","isPartOf":{"@id":"https:\/\/www.clicars.com\/blog\/#website"},"primaryImageOfPage":{"@id":"https:\/\/www.clicars.com\/blog\/actualidad\/black-friday-coches-segunda-mano\/#primaryimage"},"image":{"@id":"https:\/\/www.clicars.com\/blog\/actualidad\/black-friday-coches-segunda-mano\/#primaryimage"},"thumbnailUrl":"https:\/\/www.clicars.com\/blog\/wp-content\/uploads\/2020\/11\/IMG_9883-min-scaled.jpg","datePublished":"2021-11-18T07:39:58+00:00","dateModified":"2023-02-07T12:43:44+00:00","author":{"@id":"https:\/\/www.clicars.com\/blog\/#\/schema\/person\/af686c41ba96962c68871392bf2bb62d"},"description":"Llega el Black Friday y en Clicars nos gusta celebrarlo con descuentos. Ofertas Black Friday en Coches de Segunda Mano","breadcrumb":{"@id":"https:\/\/www.clicars.com\/blog\/actualidad\/black-friday-coches-segunda-mano\/#breadcrumb"},"inLanguage":"es","potentialAction":[{"@type":"ReadAction","target":["https:\/\/www.clicars.com\/blog\/actualidad\/black-friday-coches-segunda-mano\/"]}]},{"@type":"ImageObject","inLanguage":"es","@id":"https:\/\/www.clicars.com\/blog\/actualidad\/black-friday-coches-segunda-mano\/#primaryimage","url":"https:\/\/www.clicars.com\/blog\/wp-content\/uploads\/2020\/11\/IMG_9883-min-scaled.jpg","contentUrl":"https:\/\/www.clicars.com\/blog\/wp-content\/uploads\/2020\/11\/IMG_9883-min-scaled.jpg","width":2560,"height":1707,"caption":"black friday coches segunda mano"},{"@type":"BreadcrumbList","@id":"https:\/\/www.clicars.com\/blog\/actualidad\/black-friday-coches-segunda-mano\/#breadcrumb","itemListElement":[{"@type":"ListItem","position":1,"name":"Portada","item":"https:\/\/www.clicars.com\/blog\/"},{"@type":"ListItem","position":2,"name":"Black Friday en coches de segunda mano en Clicars"}]},{"@type":"WebSite","@id":"https:\/\/www.clicars.com\/blog\/#website","url":"https:\/\/www.clicars.com\/blog\/","name":"Clicars","description":"Compra tu coche de Buena Mano sin moverte de casa","inLanguage":"es"},{"@type":"Person","@id":"https:\/\/www.clicars.com\/blog\/#\/schema\/person\/af686c41ba96962c68871392bf2bb62d","name":"Clicars","image":{"@type":"ImageObject","inLanguage":"es","@id":"https:\/\/www.clicars.com\/blog\/#\/schema\/person\/image\/","url":"https:\/\/secure.gravatar.com\/avatar\/3100622b0023049db14165cdba9dadaa9159743b871e83e440a0df9a70f80e56?s=96&d=mm&r=g","contentUrl":"https:\/\/secure.gravatar.com\/avatar\/3100622b0023049db14165cdba9dadaa9159743b871e83e440a0df9a70f80e56?s=96&d=mm&r=g","caption":"Clicars"},"sameAs":["https:\/\/www.clicars.com"],"url":"https:\/\/www.clicars.com\/blog\/author\/clicars\/"}]}},"_links":{"self":[{"href":"https:\/\/www.clicars.com\/blog\/wp-json\/wp\/v2\/posts\/7414","targetHints":{"allow":["GET"]}}],"collection":[{"href":"https:\/\/www.clicars.com\/blog\/wp-json\/wp\/v2\/posts"}],"about":[{"href":"https:\/\/www.clicars.com\/blog\/wp-json\/wp\/v2\/types\/post"}],"author":[{"embeddable":true,"href":"https:\/\/www.clicars.com\/blog\/wp-json\/wp\/v2\/users\/2"}],"replies":[{"embeddable":true,"href":"https:\/\/www.clicars.com\/blog\/wp-json\/wp\/v2\/comments?post=7414"}],"version-history":[{"count":4,"href":"https:\/\/www.clicars.com\/blog\/wp-json\/wp\/v2\/posts\/7414\/revisions"}],"predecessor-version":[{"id":11098,"href":"https:\/\/www.clicars.com\/blog\/wp-json\/wp\/v2\/posts\/7414\/revisions\/11098"}],"wp:featuredmedia":[{"embeddable":true,"href":"https:\/\/www.clicars.com\/blog\/wp-json\/wp\/v2\/media\/7416"}],"wp:attachment":[{"href":"https:\/\/www.clicars.com\/blog\/wp-json\/wp\/v2\/media?parent=7414"}],"wp:term":[{"taxonomy":"category","embeddable":true,"href":"https:\/\/www.clicars.com\/blog\/wp-json\/wp\/v2\/categories?post=7414"},{"taxonomy":"post_tag","embeddable":true,"href":"https:\/\/www.clicars.com\/blog\/wp-json\/wp\/v2\/tags?post=7414"}],"curies":[{"name":"wp","href":"https:\/\/api.w.org\/{rel}","templated":true}]}}