{"id":8081,"date":"2021-08-16T17:40:38","date_gmt":"2021-08-16T15:40:38","guid":{"rendered":"https:\/\/www.clicars.com\/blog\/?p=8081"},"modified":"2022-10-31T18:22:38","modified_gmt":"2022-10-31T16:22:38","slug":"clicars-neutraliza-huella-plastico","status":"publish","type":"post","link":"https:\/\/www.clicars.com\/blog\/actualidad\/clicars-neutraliza-huella-plastico\/","title":{"rendered":"En Clicars empezaremos a neutralizar nuestra huella de pl\u00e1stico"},"content":{"rendered":"<p><b>En <a href=\"https:\/\/www.clicars.com\/?utm_source=blog&amp;utm_medium=blog&amp;utm_campaign=pnpgravitywave\">Clicars<\/a><\/b><span style=\"font-weight: 400;\">, la primera empresa espa\u00f1ola 100% digital, l\u00edder en la venta de coches seminuevos y de segunda mano, estamos comprometidos a favor de la reducci\u00f3n de la contaminaci\u00f3n por residuos pl\u00e1sticos, convirti\u00e9ndonos en una de las primeras compa\u00f1\u00edas del sector de la automoci\u00f3n que neutralizamos nuestra huella de pl\u00e1stico generada durante el \u00faltimo a\u00f1o. La medici\u00f3n de la huella de pl\u00e1stico se ha realizado a trav\u00e9s de <\/span><a href=\"https:\/\/www.thegravitywave.com\/\"><b>Gravity Wave<\/b><\/a><span style=\"font-weight: 400;\">, empresa especializada en la limpieza de pl\u00e1stico del mar Mediterr\u00e1neo y en involucrar a empresas, entidades y particulares en la compensaci\u00f3n y reducci\u00f3n de su huella de pl\u00e1stico.\u00a0<\/span><\/p>\n<blockquote><p><span style=\"font-weight: 400;\">\u201cDesde que creamos Clicars siempre tuvimos muy claro que quer\u00edamos devolver a la sociedad parte de lo que nos hab\u00eda dado, por eso, nos comprometimos a una gesti\u00f3n \u00e9tica y responsable de la empresa con el medio ambiente\u201d analiza<\/span><b> Pablo Fern\u00e1ndez<\/b><span style=\"font-weight: 400;\">, <\/span><b>cofundador y CEO de Clicars<\/b><span style=\"font-weight: 400;\">. \u201cPor ello, desde Clicars queremos mostrar en esta ocasi\u00f3n nuestro compromiso con el medioambiente, ayudando a reducir el impacto que suponen las millones de toneladas de pl\u00e1stico que cada a\u00f1o acaban contaminando nuestros mares y oc\u00e9anos\u201d.<\/span><\/p><\/blockquote>\n<p><span style=\"font-weight: 400;\">En las \u00faltimas semanas, en Clicars hemos estado midiendo nuestra huella de pl\u00e1stico (la cantidad de pl\u00e1stico residual que genera de media cada a\u00f1o nuestra actividad) y, tras la obtenci\u00f3n de los resultados, pondremos en marcha un plan estrat\u00e9gico con una serie de acciones necesarias para compensar esta huella de pl\u00e1stico y convertirnos en una empresa con certificaci\u00f3n \u201c<\/span><i><span style=\"font-weight: 400;\">Plastic Neutral<\/span><\/i><span style=\"font-weight: 400;\">\u201d. Estas actividades consistir\u00e1n principalmente en jornadas de voluntariado con los empleados para la limpieza de pl\u00e1sticos de r\u00edos de la<a href=\"https:\/\/www.clicars.com\/coches-segunda-mano-ocasion\/madrid\"> Comunidad de Madrid<\/a>; mayor refuerzo e implicaci\u00f3n de los trabajadores en las pol\u00edticas de reciclaje en las instalaciones de la compa\u00f1\u00eda; inversi\u00f3n en mobiliario y material de oficina fabricado con pl\u00e1stico reciclado y compensaci\u00f3n econ\u00f3mica a pescadores tradicionales por cada kilo de basura marina recogida en el mar Mediterr\u00e1neo.\u00a0<\/span><\/p>\n<p><img loading=\"lazy\" decoding=\"async\" class=\"aligncenter size-full wp-image-8083\" src=\"https:\/\/www.clicars.com\/blog\/wp-content\/uploads\/2021\/08\/merceds-blanco-jpg.jpg\" alt=\"\" width=\"3588\" height=\"2070\" \/><\/p>\n<p><span style=\"font-weight: 400;\">Y es que el pl\u00e1stico se ha convertido ya en el residuo m\u00e1s abundante que hay en el mar.<\/span><span style=\"font-weight: 400;\"> Cada a\u00f1o, m\u00e1s de ocho millones de toneladas de pl\u00e1stico acaban en el mar, el equivalente a un cami\u00f3n de basura cada minuto, una cantidad que podr\u00eda crecer hasta los 17,5 millones de toneladas anuales en 2025. Incluso el Foro Econ\u00f3mico Mundial vaticina que en 2050 podr\u00edamos tener m\u00e1s toneladas de pl\u00e1stico que de peces en los oc\u00e9anos.\u00a0<\/span><\/p>\n<blockquote><p><span style=\"font-weight: 400;\">\u201cDe todas las toneladas anuales de pl\u00e1stico que tiramos en todo el mundo, solo se llega a reciclar un 9%, lo que significa que el resto termina acumulado en vertederos, mares y oc\u00e9anos\u201d, explica <\/span><b>Carlos Rivera<\/b><span style=\"font-weight: 400;\">, <\/span><b>CEO y cofundador de Clicars<\/b><span style=\"font-weight: 400;\">. \u201cPor eso, desde Clicars queremos apostar firmemente por esta iniciativa a favor del medioambiente y empezar a aportar nuestro granito de arena de forma progresiva, involucrando en este reto a todos los empleados de Clicars\u201d.<\/span><\/p><\/blockquote>\n<p><span style=\"font-weight: 400;\">Este compromiso de Clicars por reducir nuestro impacto medioambiental va un paso m\u00e1s all\u00e1 y nos hemos enfocado de un modo integral y continuo. Por ello, la trabajaremos el pr\u00f3ximo a\u00f1o para reducir en un 25% el uso de residuos pl\u00e1sticos, y neutralizar el resto, adem\u00e1s de disminuir nuestra huella de carbono.<\/span><\/p>\n<p><b>Arrancamos la iniciativa tras el triple r\u00e9cord conseguido por Pablo Fern\u00e1ndez, CEO y cofundador de Clicars en aguas de Florida\u00a0<\/b><\/p>\n<p><span style=\"font-weight: 400;\">El\u00a0<\/span><b>emprendedor espa\u00f1ol<\/b><span style=\"font-weight: 400;\">\u00a0<\/span><a href=\"https:\/\/eur02.safelinks.protection.outlook.com\/?url=https%3A%2F%2Fwww.pablofernandez.com%2F&amp;data=04%7C01%7Cayague%40noho.es%7C281af15cadb64f16015008d94db912e9%7Cb90ffb629d6347d5b200e1fcb79fd1a4%7C0%7C0%7C637626279572409453%7CUnknown%7CTWFpbGZsb3d8eyJWIjoiMC4wLjAwMDAiLCJQIjoiV2luMzIiLCJBTiI6Ik1haWwiLCJXVCI6Mn0%3D%7C1000&amp;sdata=Ue7621ENnrJgJONmOpvMGPJbLec%2F%2FEnUmr6uohPSNI4%3D&amp;reserved=0\"><span style=\"font-weight: 400;\">Pablo Fern\u00e1ndez<\/span><\/a><span style=\"font-weight: 400;\">, cofundador y CEO de Clicars, ha logrado una vez m\u00e1s el r\u00e9cord Guinness tras 26h 38min nadando sin descanso. Acaba de superar un\u00a0<\/span><b>R\u00e9cord Guinness que lleva imbatido 15 a\u00f1os<\/b><span style=\"font-weight: 400;\">:\u00a0<\/span><b>la mayor distancia de la historia nadada en el Oc\u00e9ano en solitario y sin parar (225km)<\/b><span style=\"font-weight: 400;\">. Ha conseguido superar esta marca en 24h,<\/span><b>\u00a0la mitad del tiempo que le llev\u00f3 a<\/b><span style=\"font-weight: 400;\">l\u00a0<\/span><b>anterior nadador que lo ostentaba<\/b><span style=\"font-weight: 400;\">, el croata Veljko Rogosic que nad\u00f3 a trav\u00e9s del Mar Adri\u00e1tico en agosto de 2006 desde Grado a Riccione (Italia) y que le llev\u00f3 50h10m.Adem\u00e1s, ha instaurado un<\/span><b> nuevo R\u00e9cord Guinness que sit\u00faa la distancia en 250km y 26h 38min.\u00a0<\/b><\/p>\n<p><span style=\"font-weight: 400;\">Asimismo, durante el desarrollo de este reto\u00a0<\/span><b>ha logrado otros dos R\u00e9cord Guinness<\/b><span style=\"font-weight: 400;\">. Por un lado,\u00a0<\/span><b>la distancia m\u00e1s larga nadada en 24h en aguas abiertas<\/b><span style=\"font-weight: 400;\">\u00a0y, por otro,\u00a0 mejorar en una hora y cuarto la marca (11h08min) que ostentaba \u00e9l mismo desde 2019 (12h21min) de\u00a0<\/span><b>los 100km m\u00e1s r\u00e1pidos en aguas abiertas<\/b><span style=\"font-weight: 400;\">. De hecho, hasta el d\u00eda de hoy, solo 10 personas en la historia hab\u00edan nadado m\u00e1s de 100 kil\u00f3metros en solitario en aguas abiertas, pero nadie lo hab\u00eda hecho tan r\u00e1pido como Pablo, que ha superado en varias horas el r\u00e9cord establecido hace 40 a\u00f1os por Diana Nyad en 1979.<\/span><\/p>\n<p><span style=\"font-weight: 400;\">Asimismo, el nadador ha convertido cada brazada en un gesto por el planeta, se compromete a contribuir a la recogida de una tonelada de pl\u00e1stico del mar por cada uno de los kil\u00f3metros recorridos: 250km. Para ello, se est\u00e1n captando fondos a trav\u00e9s de la plataforma sostenible que \u00e9l mismo ha fundado,\u00a0<\/span><a href=\"https:\/\/eur02.safelinks.protection.outlook.com\/?url=https%3A%2F%2Fes.oceans.club%2F&amp;data=04%7C01%7Cayague%40noho.es%7C281af15cadb64f16015008d94db912e9%7Cb90ffb629d6347d5b200e1fcb79fd1a4%7C0%7C0%7C637626279572419410%7CUnknown%7CTWFpbGZsb3d8eyJWIjoiMC4wLjAwMDAiLCJQIjoiV2luMzIiLCJBTiI6Ik1haWwiLCJXVCI6Mn0%3D%7C1000&amp;sdata=kw%2BL00uZZWDPEYY1pcYgiXkxc0ojz94Mq9k%2F3kjcc9I%3D&amp;reserved=0\"><span style=\"font-weight: 400;\">Oceans.club<\/span><\/a><span style=\"font-weight: 400;\">, y a trav\u00e9s de un clic cualquiera puede retirar pl\u00e1stico del Oc\u00e9anos y zonas costeras. Concretamente, ya son m\u00e1s de 55.000 \u20ac los que han sido donados para esta causa.<\/span><\/p>\n<p><strong>\u00a1Bravo Pablo!<\/strong><\/p>\n","protected":false},"excerpt":{"rendered":"<p>En Clicars, la primera empresa espa\u00f1ola 100% digital, l\u00edder en la venta de coches seminuevos&#8230;<\/p>\n","protected":false},"author":2,"featured_media":8082,"comment_status":"closed","ping_status":"closed","sticky":false,"template":"","format":"standard","meta":{"footnotes":""},"categories":[5],"tags":[],"class_list":{"0":"post-8081","1":"post","2":"type-post","3":"status-publish","4":"format-standard","5":"has-post-thumbnail","7":"category-actualidad"},"yoast_head":"<!-- This site is optimized with the Yoast SEO plugin v26.8 - https:\/\/yoast.com\/product\/yoast-seo-wordpress\/ -->\n<title>Clicars neutraliza su huella de pl\u00e1stico - Clicars Blog<\/title>\n<meta name=\"description\" content=\"En Clicars estamos concienciados por el medio ambiente, y vamos a neutralizar nuestra huella de pl\u00e1stico. Siendo la primera empresa del sector en hacerlo\" \/>\n<meta name=\"robots\" content=\"index, follow, max-snippet:-1, max-image-preview:large, max-video-preview:-1\" \/>\n<link rel=\"canonical\" href=\"https:\/\/www.clicars.com\/blog\/actualidad\/clicars-neutraliza-huella-plastico\/\" \/>\n<meta property=\"og:locale\" content=\"es_ES\" \/>\n<meta property=\"og:type\" content=\"article\" \/>\n<meta property=\"og:title\" content=\"Clicars neutraliza su huella de pl\u00e1stico - Clicars Blog\" \/>\n<meta property=\"og:description\" content=\"En Clicars estamos concienciados por el medio ambiente, y vamos a neutralizar nuestra huella de pl\u00e1stico. Siendo la primera empresa del sector en hacerlo\" \/>\n<meta property=\"og:url\" content=\"https:\/\/www.clicars.com\/blog\/actualidad\/clicars-neutraliza-huella-plastico\/\" \/>\n<meta property=\"og:site_name\" content=\"Clicars\" \/>\n<meta property=\"article:published_time\" content=\"2021-08-16T15:40:38+00:00\" \/>\n<meta property=\"article:modified_time\" content=\"2022-10-31T16:22:38+00:00\" \/>\n<meta property=\"og:image\" content=\"https:\/\/www.clicars.com\/blog\/wp-content\/uploads\/2021\/08\/mercedes-blaco-rueda-scaled.jpg\" \/>\n\t<meta property=\"og:image:width\" content=\"2560\" \/>\n\t<meta property=\"og:image:height\" content=\"2412\" \/>\n\t<meta property=\"og:image:type\" content=\"image\/jpeg\" \/>\n<meta name=\"author\" content=\"Clicars\" \/>\n<meta name=\"twitter:card\" content=\"summary_large_image\" \/>\n<meta name=\"twitter:label1\" content=\"Escrito por\" \/>\n\t<meta name=\"twitter:data1\" content=\"Clicars\" \/>\n\t<meta name=\"twitter:label2\" content=\"Tiempo de lectura\" \/>\n\t<meta name=\"twitter:data2\" content=\"4 minutos\" \/>\n<script type=\"application\/ld+json\" class=\"yoast-schema-graph\">{\"@context\":\"https:\/\/schema.org\",\"@graph\":[{\"@type\":\"Article\",\"@id\":\"https:\/\/www.clicars.com\/blog\/actualidad\/clicars-neutraliza-huella-plastico\/#article\",\"isPartOf\":{\"@id\":\"https:\/\/www.clicars.com\/blog\/actualidad\/clicars-neutraliza-huella-plastico\/\"},\"author\":{\"name\":\"Clicars\",\"@id\":\"https:\/\/www.clicars.com\/blog\/#\/schema\/person\/af686c41ba96962c68871392bf2bb62d\"},\"headline\":\"En Clicars empezaremos a neutralizar nuestra huella de pl\u00e1stico\",\"datePublished\":\"2021-08-16T15:40:38+00:00\",\"dateModified\":\"2022-10-31T16:22:38+00:00\",\"mainEntityOfPage\":{\"@id\":\"https:\/\/www.clicars.com\/blog\/actualidad\/clicars-neutraliza-huella-plastico\/\"},\"wordCount\":931,\"image\":{\"@id\":\"https:\/\/www.clicars.com\/blog\/actualidad\/clicars-neutraliza-huella-plastico\/#primaryimage\"},\"thumbnailUrl\":\"https:\/\/www.clicars.com\/blog\/wp-content\/uploads\/2021\/08\/mercedes-blaco-rueda-scaled.jpg\",\"articleSection\":[\"Actualidad\"],\"inLanguage\":\"es\"},{\"@type\":[\"WebPage\",\"ItemPage\"],\"@id\":\"https:\/\/www.clicars.com\/blog\/actualidad\/clicars-neutraliza-huella-plastico\/\",\"url\":\"https:\/\/www.clicars.com\/blog\/actualidad\/clicars-neutraliza-huella-plastico\/\",\"name\":\"Clicars neutraliza su huella de pl\u00e1stico - Clicars Blog\",\"isPartOf\":{\"@id\":\"https:\/\/www.clicars.com\/blog\/#website\"},\"primaryImageOfPage\":{\"@id\":\"https:\/\/www.clicars.com\/blog\/actualidad\/clicars-neutraliza-huella-plastico\/#primaryimage\"},\"image\":{\"@id\":\"https:\/\/www.clicars.com\/blog\/actualidad\/clicars-neutraliza-huella-plastico\/#primaryimage\"},\"thumbnailUrl\":\"https:\/\/www.clicars.com\/blog\/wp-content\/uploads\/2021\/08\/mercedes-blaco-rueda-scaled.jpg\",\"datePublished\":\"2021-08-16T15:40:38+00:00\",\"dateModified\":\"2022-10-31T16:22:38+00:00\",\"author\":{\"@id\":\"https:\/\/www.clicars.com\/blog\/#\/schema\/person\/af686c41ba96962c68871392bf2bb62d\"},\"description\":\"En Clicars estamos concienciados por el medio ambiente, y vamos a neutralizar nuestra huella de pl\u00e1stico. Siendo la primera empresa del sector en hacerlo\",\"breadcrumb\":{\"@id\":\"https:\/\/www.clicars.com\/blog\/actualidad\/clicars-neutraliza-huella-plastico\/#breadcrumb\"},\"inLanguage\":\"es\",\"potentialAction\":[{\"@type\":\"ReadAction\",\"target\":[\"https:\/\/www.clicars.com\/blog\/actualidad\/clicars-neutraliza-huella-plastico\/\"]}]},{\"@type\":\"ImageObject\",\"inLanguage\":\"es\",\"@id\":\"https:\/\/www.clicars.com\/blog\/actualidad\/clicars-neutraliza-huella-plastico\/#primaryimage\",\"url\":\"https:\/\/www.clicars.com\/blog\/wp-content\/uploads\/2021\/08\/mercedes-blaco-rueda-scaled.jpg\",\"contentUrl\":\"https:\/\/www.clicars.com\/blog\/wp-content\/uploads\/2021\/08\/mercedes-blaco-rueda-scaled.jpg\",\"width\":2560,\"height\":2412,\"caption\":\"clicars medio ambiente\"},{\"@type\":\"BreadcrumbList\",\"@id\":\"https:\/\/www.clicars.com\/blog\/actualidad\/clicars-neutraliza-huella-plastico\/#breadcrumb\",\"itemListElement\":[{\"@type\":\"ListItem\",\"position\":1,\"name\":\"Portada\",\"item\":\"https:\/\/www.clicars.com\/blog\/\"},{\"@type\":\"ListItem\",\"position\":2,\"name\":\"En Clicars empezaremos a neutralizar nuestra huella de pl\u00e1stico\"}]},{\"@type\":\"WebSite\",\"@id\":\"https:\/\/www.clicars.com\/blog\/#website\",\"url\":\"https:\/\/www.clicars.com\/blog\/\",\"name\":\"Clicars\",\"description\":\"Compra tu coche de Buena Mano sin moverte de casa\",\"inLanguage\":\"es\"},{\"@type\":\"Person\",\"@id\":\"https:\/\/www.clicars.com\/blog\/#\/schema\/person\/af686c41ba96962c68871392bf2bb62d\",\"name\":\"Clicars\",\"image\":{\"@type\":\"ImageObject\",\"inLanguage\":\"es\",\"@id\":\"https:\/\/www.clicars.com\/blog\/#\/schema\/person\/image\/\",\"url\":\"https:\/\/secure.gravatar.com\/avatar\/3100622b0023049db14165cdba9dadaa9159743b871e83e440a0df9a70f80e56?s=96&d=mm&r=g\",\"contentUrl\":\"https:\/\/secure.gravatar.com\/avatar\/3100622b0023049db14165cdba9dadaa9159743b871e83e440a0df9a70f80e56?s=96&d=mm&r=g\",\"caption\":\"Clicars\"},\"sameAs\":[\"https:\/\/www.clicars.com\"],\"url\":\"https:\/\/www.clicars.com\/blog\/author\/clicars\/\"}]}<\/script>\n<!-- \/ Yoast SEO plugin. -->","yoast_head_json":{"title":"Clicars neutraliza su huella de pl\u00e1stico - Clicars Blog","description":"En Clicars estamos concienciados por el medio ambiente, y vamos a neutralizar nuestra huella de pl\u00e1stico. Siendo la primera empresa del sector en hacerlo","robots":{"index":"index","follow":"follow","max-snippet":"max-snippet:-1","max-image-preview":"max-image-preview:large","max-video-preview":"max-video-preview:-1"},"canonical":"https:\/\/www.clicars.com\/blog\/actualidad\/clicars-neutraliza-huella-plastico\/","og_locale":"es_ES","og_type":"article","og_title":"Clicars neutraliza su huella de pl\u00e1stico - Clicars Blog","og_description":"En Clicars estamos concienciados por el medio ambiente, y vamos a neutralizar nuestra huella de pl\u00e1stico. Siendo la primera empresa del sector en hacerlo","og_url":"https:\/\/www.clicars.com\/blog\/actualidad\/clicars-neutraliza-huella-plastico\/","og_site_name":"Clicars","article_published_time":"2021-08-16T15:40:38+00:00","article_modified_time":"2022-10-31T16:22:38+00:00","og_image":[{"width":2560,"height":2412,"url":"https:\/\/www.clicars.com\/blog\/wp-content\/uploads\/2021\/08\/mercedes-blaco-rueda-scaled.jpg","type":"image\/jpeg"}],"author":"Clicars","twitter_card":"summary_large_image","twitter_misc":{"Escrito por":"Clicars","Tiempo de lectura":"4 minutos"},"schema":{"@context":"https:\/\/schema.org","@graph":[{"@type":"Article","@id":"https:\/\/www.clicars.com\/blog\/actualidad\/clicars-neutraliza-huella-plastico\/#article","isPartOf":{"@id":"https:\/\/www.clicars.com\/blog\/actualidad\/clicars-neutraliza-huella-plastico\/"},"author":{"name":"Clicars","@id":"https:\/\/www.clicars.com\/blog\/#\/schema\/person\/af686c41ba96962c68871392bf2bb62d"},"headline":"En Clicars empezaremos a neutralizar nuestra huella de pl\u00e1stico","datePublished":"2021-08-16T15:40:38+00:00","dateModified":"2022-10-31T16:22:38+00:00","mainEntityOfPage":{"@id":"https:\/\/www.clicars.com\/blog\/actualidad\/clicars-neutraliza-huella-plastico\/"},"wordCount":931,"image":{"@id":"https:\/\/www.clicars.com\/blog\/actualidad\/clicars-neutraliza-huella-plastico\/#primaryimage"},"thumbnailUrl":"https:\/\/www.clicars.com\/blog\/wp-content\/uploads\/2021\/08\/mercedes-blaco-rueda-scaled.jpg","articleSection":["Actualidad"],"inLanguage":"es"},{"@type":["WebPage","ItemPage"],"@id":"https:\/\/www.clicars.com\/blog\/actualidad\/clicars-neutraliza-huella-plastico\/","url":"https:\/\/www.clicars.com\/blog\/actualidad\/clicars-neutraliza-huella-plastico\/","name":"Clicars neutraliza su huella de pl\u00e1stico - Clicars Blog","isPartOf":{"@id":"https:\/\/www.clicars.com\/blog\/#website"},"primaryImageOfPage":{"@id":"https:\/\/www.clicars.com\/blog\/actualidad\/clicars-neutraliza-huella-plastico\/#primaryimage"},"image":{"@id":"https:\/\/www.clicars.com\/blog\/actualidad\/clicars-neutraliza-huella-plastico\/#primaryimage"},"thumbnailUrl":"https:\/\/www.clicars.com\/blog\/wp-content\/uploads\/2021\/08\/mercedes-blaco-rueda-scaled.jpg","datePublished":"2021-08-16T15:40:38+00:00","dateModified":"2022-10-31T16:22:38+00:00","author":{"@id":"https:\/\/www.clicars.com\/blog\/#\/schema\/person\/af686c41ba96962c68871392bf2bb62d"},"description":"En Clicars estamos concienciados por el medio ambiente, y vamos a neutralizar nuestra huella de pl\u00e1stico. Siendo la primera empresa del sector en hacerlo","breadcrumb":{"@id":"https:\/\/www.clicars.com\/blog\/actualidad\/clicars-neutraliza-huella-plastico\/#breadcrumb"},"inLanguage":"es","potentialAction":[{"@type":"ReadAction","target":["https:\/\/www.clicars.com\/blog\/actualidad\/clicars-neutraliza-huella-plastico\/"]}]},{"@type":"ImageObject","inLanguage":"es","@id":"https:\/\/www.clicars.com\/blog\/actualidad\/clicars-neutraliza-huella-plastico\/#primaryimage","url":"https:\/\/www.clicars.com\/blog\/wp-content\/uploads\/2021\/08\/mercedes-blaco-rueda-scaled.jpg","contentUrl":"https:\/\/www.clicars.com\/blog\/wp-content\/uploads\/2021\/08\/mercedes-blaco-rueda-scaled.jpg","width":2560,"height":2412,"caption":"clicars medio ambiente"},{"@type":"BreadcrumbList","@id":"https:\/\/www.clicars.com\/blog\/actualidad\/clicars-neutraliza-huella-plastico\/#breadcrumb","itemListElement":[{"@type":"ListItem","position":1,"name":"Portada","item":"https:\/\/www.clicars.com\/blog\/"},{"@type":"ListItem","position":2,"name":"En Clicars empezaremos a neutralizar nuestra huella de pl\u00e1stico"}]},{"@type":"WebSite","@id":"https:\/\/www.clicars.com\/blog\/#website","url":"https:\/\/www.clicars.com\/blog\/","name":"Clicars","description":"Compra tu coche de Buena Mano sin moverte de casa","inLanguage":"es"},{"@type":"Person","@id":"https:\/\/www.clicars.com\/blog\/#\/schema\/person\/af686c41ba96962c68871392bf2bb62d","name":"Clicars","image":{"@type":"ImageObject","inLanguage":"es","@id":"https:\/\/www.clicars.com\/blog\/#\/schema\/person\/image\/","url":"https:\/\/secure.gravatar.com\/avatar\/3100622b0023049db14165cdba9dadaa9159743b871e83e440a0df9a70f80e56?s=96&d=mm&r=g","contentUrl":"https:\/\/secure.gravatar.com\/avatar\/3100622b0023049db14165cdba9dadaa9159743b871e83e440a0df9a70f80e56?s=96&d=mm&r=g","caption":"Clicars"},"sameAs":["https:\/\/www.clicars.com"],"url":"https:\/\/www.clicars.com\/blog\/author\/clicars\/"}]}},"_links":{"self":[{"href":"https:\/\/www.clicars.com\/blog\/wp-json\/wp\/v2\/posts\/8081","targetHints":{"allow":["GET"]}}],"collection":[{"href":"https:\/\/www.clicars.com\/blog\/wp-json\/wp\/v2\/posts"}],"about":[{"href":"https:\/\/www.clicars.com\/blog\/wp-json\/wp\/v2\/types\/post"}],"author":[{"embeddable":true,"href":"https:\/\/www.clicars.com\/blog\/wp-json\/wp\/v2\/users\/2"}],"replies":[{"embeddable":true,"href":"https:\/\/www.clicars.com\/blog\/wp-json\/wp\/v2\/comments?post=8081"}],"version-history":[{"count":2,"href":"https:\/\/www.clicars.com\/blog\/wp-json\/wp\/v2\/posts\/8081\/revisions"}],"predecessor-version":[{"id":10350,"href":"https:\/\/www.clicars.com\/blog\/wp-json\/wp\/v2\/posts\/8081\/revisions\/10350"}],"wp:featuredmedia":[{"embeddable":true,"href":"https:\/\/www.clicars.com\/blog\/wp-json\/wp\/v2\/media\/8082"}],"wp:attachment":[{"href":"https:\/\/www.clicars.com\/blog\/wp-json\/wp\/v2\/media?parent=8081"}],"wp:term":[{"taxonomy":"category","embeddable":true,"href":"https:\/\/www.clicars.com\/blog\/wp-json\/wp\/v2\/categories?post=8081"},{"taxonomy":"post_tag","embeddable":true,"href":"https:\/\/www.clicars.com\/blog\/wp-json\/wp\/v2\/tags?post=8081"}],"curies":[{"name":"wp","href":"https:\/\/api.w.org\/{rel}","templated":true}]}}