{"id":8449,"date":"2021-11-08T17:51:06","date_gmt":"2021-11-08T15:51:06","guid":{"rendered":"https:\/\/www.clicars.com\/blog\/?p=8449"},"modified":"2021-11-08T17:51:06","modified_gmt":"2021-11-08T15:51:06","slug":"medidas-peugeot-2008","status":"publish","type":"post","link":"https:\/\/www.clicars.com\/blog\/comparativa\/medidas-peugeot-2008\/","title":{"rendered":"\u00bfCu\u00e1les son las medidas del Peugeot 2008?"},"content":{"rendered":"<p>\u00bfCu\u00e1ndo mide el <a href=\"https:\/\/www.clicars.com\/coches-segunda-mano-ocasion\/peugeot\/2008\">Peugeot 2008<\/a>? Si est\u00e1s pensando en <strong>comprarte el SUV de la marca francesa<\/strong>, seguramente una de las primeras dudas que tengas es sobre sus medidas. El Peugeot 2008 tiene las siguientes dimensiones:<\/p>\n<blockquote><p>El Peugeot 2008 mide <strong>4,3 metros de longitud<\/strong><br \/>\nEl Peugeot 2008 mide <strong>1,77 metros de anchura<\/strong><br \/>\nEl Peugeot 2008 mide <strong>1,55 metros de altura<\/strong><br \/>\nEl Peugeot 2008 tiene una distancia entre ejes de <strong>2,61 metros<\/strong><\/p><\/blockquote>\n<p>Las medidas del Peugeot 2008 nuevo hay que ponerlas en contexto con su interior, que es <strong>mucho m\u00e1s espacioso<\/strong> de lo que parece a primera vista, desde el exterior. A pesar de ser un SUV compacto, los ocupantes de las <strong>plazas traseras del Peugeot 2008 2021 viajan con comodidad<\/strong> y tienen espacio suficiente para las piernas. Tampoco existe un problema de altura y el acceso a este coche es f\u00e1cil.<\/p>\n<p>El Peugeot 2008 tiene una variante el\u00e9ctrica denominada <strong>Peugeot e-2008<\/strong>, que tiene las mismas medidas que el Peugeot 2008 de combusti\u00f3n. Otras medidas que pueden interesarte del Peugeot 2008 son las siguientes:<\/p>\n<ul>\n<li>El Peugeot 2008 tiene una altura libre al suelo de 16,5 cent\u00edmetros, que le permiten superar determinados obst\u00e1culos o evitar roces con los bordillos.<\/li>\n<li>El Peugeot 2008 tiene un di\u00e1metro de giro entre bordillos de 10,8 metros<\/li>\n<li>El Peugeot 2008 pesa 1.205 kilos<\/li>\n<\/ul>\n<p><img loading=\"lazy\" decoding=\"async\" class=\"alignnone wp-image-8451 size-large\" src=\"https:\/\/www.clicars.com\/blog\/wp-content\/uploads\/2021\/11\/medidas-peugeot-2008-faro-1024x683.jpg\" alt=\"que medidas tiene peugeot 2008\" width=\"1024\" height=\"683\" srcset=\"https:\/\/www.clicars.com\/blog\/wp-content\/uploads\/2021\/11\/medidas-peugeot-2008-faro-1024x683.jpg 1024w, https:\/\/www.clicars.com\/blog\/wp-content\/uploads\/2021\/11\/medidas-peugeot-2008-faro-300x200.jpg 300w, https:\/\/www.clicars.com\/blog\/wp-content\/uploads\/2021\/11\/medidas-peugeot-2008-faro-768x512.jpg 768w, https:\/\/www.clicars.com\/blog\/wp-content\/uploads\/2021\/11\/medidas-peugeot-2008-faro-1536x1024.jpg 1536w, https:\/\/www.clicars.com\/blog\/wp-content\/uploads\/2021\/11\/medidas-peugeot-2008-faro-2048x1365.jpg 2048w, https:\/\/www.clicars.com\/blog\/wp-content\/uploads\/2021\/11\/medidas-peugeot-2008-faro-900x600.jpg 900w\" sizes=\"auto, (max-width: 1024px) 100vw, 1024px\" \/><\/p>\n<h2>\u00bfC\u00f3mo es el Peugeot 2008 en comparaci\u00f3n a otros coches del mismo segmento?<\/h2>\n<p>Para entender mejor las dimensiones del Peugeot 2008, lo mejor es ponerlas en <strong>comparaci\u00f3n con alg\u00fan coche de su mismo segmento<\/strong>.<\/p>\n<ul>\n<li>El Renault Captur mide 4,22 metros de largo, 1,78 metros de ancho y 1,57 metros de alto<\/li>\n<li>El Renault Mokka mide 4,15 metros de largo, 1,79 de ancho y 1,53 metros de alto<\/li>\n<li>El Ford EcoSport mide 4 metros de largo, 1,76 metros de ancho y 1,65 metros de alto<\/li>\n<li>El Nissan Juke mide 4,21 metros de largo, 1,82 metros de ancho y 1,58 metros de alto<\/li>\n<li>El Fiat 500X mide 4,24 metros de largo, 1,78 metros de ancho y 1,59 metros de alto<\/li>\n<li>El Suzuki Vitara mide 4,17 metros de largo, 1,77 metros de ancho y 1,61 metros de alto<\/li>\n<li>El Mazda CX-3 mide 4,27 metros de largo, 1,76 metros de ancho y 1,53 metros de alto<\/li>\n<\/ul>\n<h2>\u00bfCu\u00e1ndo mide el maletero del Peugeot 2008?<\/h2>\n<p>Las medidas del maletero del Peugeot 2008 son otro elemento que tienen en cuenta muchos conductores. El maletero del Peugeot 2008 tiene un <strong>volumen de 405 litros<\/strong> que puede subir hasta los 1194 litros si se abaten los asientos de la segunda fila.<\/p>\n<h2>Compra tu Peugeot 2008 de segunda mano y ocasi\u00f3n en Clicars<\/h2>\n<p>En Clicars disponemos de un importante stock de Peugeot 2008, con diferentes niveles de acabado y motores. Desc\u00fabrelos todos en nuestro concesionario online, donde encontrar\u00e1s los mejores precios para el SUV franc\u00e9s, una opci\u00f3n excepcional para tus recorridos en ciudad. E incluso fuera de ella.<\/p>\n","protected":false},"excerpt":{"rendered":"<p>\u00bfCu\u00e1ndo mide el Peugeot 2008? Si est\u00e1s pensando en comprarte el SUV de la marca&#8230;<\/p>\n","protected":false},"author":2,"featured_media":8450,"comment_status":"closed","ping_status":"closed","sticky":false,"template":"","format":"standard","meta":{"footnotes":""},"categories":[2],"tags":[],"class_list":{"0":"post-8449","1":"post","2":"type-post","3":"status-publish","4":"format-standard","5":"has-post-thumbnail","7":"category-comparativa"},"yoast_head":"<!-- This site is optimized with the Yoast SEO plugin v26.8 - https:\/\/yoast.com\/product\/yoast-seo-wordpress\/ -->\n<title>\u00bfCu\u00e1les son las medidas del Peugeot 2008? - Clicars Blog<\/title>\n<meta name=\"description\" content=\"Hoy te contamos el cent\u00edmetro a cent\u00edmetro las medidas del Pegueot 2008. \u00bfQuieres comprobar que cabe en tu garaje? ;) \u00a1Pues cons\u00faltalo aqu\u00ed!\" \/>\n<meta name=\"robots\" content=\"index, follow, max-snippet:-1, max-image-preview:large, max-video-preview:-1\" \/>\n<link rel=\"canonical\" href=\"https:\/\/www.clicars.com\/blog\/comparativa\/medidas-peugeot-2008\/\" \/>\n<meta property=\"og:locale\" content=\"es_ES\" \/>\n<meta property=\"og:type\" content=\"article\" \/>\n<meta property=\"og:title\" content=\"\u00bfCu\u00e1les son las medidas del Peugeot 2008? - Clicars Blog\" \/>\n<meta property=\"og:description\" content=\"Hoy te contamos el cent\u00edmetro a cent\u00edmetro las medidas del Pegueot 2008. \u00bfQuieres comprobar que cabe en tu garaje? ;) \u00a1Pues cons\u00faltalo aqu\u00ed!\" \/>\n<meta property=\"og:url\" content=\"https:\/\/www.clicars.com\/blog\/comparativa\/medidas-peugeot-2008\/\" \/>\n<meta property=\"og:site_name\" content=\"Clicars\" \/>\n<meta property=\"article:published_time\" content=\"2021-11-08T15:51:06+00:00\" \/>\n<meta property=\"og:image\" content=\"https:\/\/www.clicars.com\/blog\/wp-content\/uploads\/2021\/11\/peugeot-2008-medidas-scaled.jpg\" \/>\n\t<meta property=\"og:image:width\" content=\"2560\" \/>\n\t<meta property=\"og:image:height\" content=\"1707\" \/>\n\t<meta property=\"og:image:type\" content=\"image\/jpeg\" \/>\n<meta name=\"author\" content=\"Clicars\" \/>\n<meta name=\"twitter:card\" content=\"summary_large_image\" \/>\n<meta name=\"twitter:label1\" content=\"Escrito por\" \/>\n\t<meta name=\"twitter:data1\" content=\"Clicars\" \/>\n\t<meta name=\"twitter:label2\" content=\"Tiempo de lectura\" \/>\n\t<meta name=\"twitter:data2\" content=\"2 minutos\" \/>\n<script type=\"application\/ld+json\" class=\"yoast-schema-graph\">{\"@context\":\"https:\/\/schema.org\",\"@graph\":[{\"@type\":\"Article\",\"@id\":\"https:\/\/www.clicars.com\/blog\/comparativa\/medidas-peugeot-2008\/#article\",\"isPartOf\":{\"@id\":\"https:\/\/www.clicars.com\/blog\/comparativa\/medidas-peugeot-2008\/\"},\"author\":{\"name\":\"Clicars\",\"@id\":\"https:\/\/www.clicars.com\/blog\/#\/schema\/person\/af686c41ba96962c68871392bf2bb62d\"},\"headline\":\"\u00bfCu\u00e1les son las medidas del Peugeot 2008?\",\"datePublished\":\"2021-11-08T15:51:06+00:00\",\"mainEntityOfPage\":{\"@id\":\"https:\/\/www.clicars.com\/blog\/comparativa\/medidas-peugeot-2008\/\"},\"wordCount\":447,\"image\":{\"@id\":\"https:\/\/www.clicars.com\/blog\/comparativa\/medidas-peugeot-2008\/#primaryimage\"},\"thumbnailUrl\":\"https:\/\/www.clicars.com\/blog\/wp-content\/uploads\/2021\/11\/peugeot-2008-medidas-scaled.jpg\",\"articleSection\":[\"Comparativa\"],\"inLanguage\":\"es\"},{\"@type\":[\"WebPage\",\"ItemPage\"],\"@id\":\"https:\/\/www.clicars.com\/blog\/comparativa\/medidas-peugeot-2008\/\",\"url\":\"https:\/\/www.clicars.com\/blog\/comparativa\/medidas-peugeot-2008\/\",\"name\":\"\u00bfCu\u00e1les son las medidas del Peugeot 2008? - Clicars Blog\",\"isPartOf\":{\"@id\":\"https:\/\/www.clicars.com\/blog\/#website\"},\"primaryImageOfPage\":{\"@id\":\"https:\/\/www.clicars.com\/blog\/comparativa\/medidas-peugeot-2008\/#primaryimage\"},\"image\":{\"@id\":\"https:\/\/www.clicars.com\/blog\/comparativa\/medidas-peugeot-2008\/#primaryimage\"},\"thumbnailUrl\":\"https:\/\/www.clicars.com\/blog\/wp-content\/uploads\/2021\/11\/peugeot-2008-medidas-scaled.jpg\",\"datePublished\":\"2021-11-08T15:51:06+00:00\",\"author\":{\"@id\":\"https:\/\/www.clicars.com\/blog\/#\/schema\/person\/af686c41ba96962c68871392bf2bb62d\"},\"description\":\"Hoy te contamos el cent\u00edmetro a cent\u00edmetro las medidas del Pegueot 2008. \u00bfQuieres comprobar que cabe en tu garaje? ;) \u00a1Pues cons\u00faltalo aqu\u00ed!\",\"breadcrumb\":{\"@id\":\"https:\/\/www.clicars.com\/blog\/comparativa\/medidas-peugeot-2008\/#breadcrumb\"},\"inLanguage\":\"es\",\"potentialAction\":[{\"@type\":\"ReadAction\",\"target\":[\"https:\/\/www.clicars.com\/blog\/comparativa\/medidas-peugeot-2008\/\"]}]},{\"@type\":\"ImageObject\",\"inLanguage\":\"es\",\"@id\":\"https:\/\/www.clicars.com\/blog\/comparativa\/medidas-peugeot-2008\/#primaryimage\",\"url\":\"https:\/\/www.clicars.com\/blog\/wp-content\/uploads\/2021\/11\/peugeot-2008-medidas-scaled.jpg\",\"contentUrl\":\"https:\/\/www.clicars.com\/blog\/wp-content\/uploads\/2021\/11\/peugeot-2008-medidas-scaled.jpg\",\"width\":2560,\"height\":1707,\"caption\":\"medidas peugeot 2008\"},{\"@type\":\"BreadcrumbList\",\"@id\":\"https:\/\/www.clicars.com\/blog\/comparativa\/medidas-peugeot-2008\/#breadcrumb\",\"itemListElement\":[{\"@type\":\"ListItem\",\"position\":1,\"name\":\"Portada\",\"item\":\"https:\/\/www.clicars.com\/blog\/\"},{\"@type\":\"ListItem\",\"position\":2,\"name\":\"\u00bfCu\u00e1les son las medidas del Peugeot 2008?\"}]},{\"@type\":\"WebSite\",\"@id\":\"https:\/\/www.clicars.com\/blog\/#website\",\"url\":\"https:\/\/www.clicars.com\/blog\/\",\"name\":\"Clicars\",\"description\":\"Compra tu coche de Buena Mano sin moverte de casa\",\"inLanguage\":\"es\"},{\"@type\":\"Person\",\"@id\":\"https:\/\/www.clicars.com\/blog\/#\/schema\/person\/af686c41ba96962c68871392bf2bb62d\",\"name\":\"Clicars\",\"image\":{\"@type\":\"ImageObject\",\"inLanguage\":\"es\",\"@id\":\"https:\/\/www.clicars.com\/blog\/#\/schema\/person\/image\/\",\"url\":\"https:\/\/secure.gravatar.com\/avatar\/3100622b0023049db14165cdba9dadaa9159743b871e83e440a0df9a70f80e56?s=96&d=mm&r=g\",\"contentUrl\":\"https:\/\/secure.gravatar.com\/avatar\/3100622b0023049db14165cdba9dadaa9159743b871e83e440a0df9a70f80e56?s=96&d=mm&r=g\",\"caption\":\"Clicars\"},\"sameAs\":[\"https:\/\/www.clicars.com\"],\"url\":\"https:\/\/www.clicars.com\/blog\/author\/clicars\/\"}]}<\/script>\n<!-- \/ Yoast SEO plugin. -->","yoast_head_json":{"title":"\u00bfCu\u00e1les son las medidas del Peugeot 2008? - Clicars Blog","description":"Hoy te contamos el cent\u00edmetro a cent\u00edmetro las medidas del Pegueot 2008. \u00bfQuieres comprobar que cabe en tu garaje? ;) \u00a1Pues cons\u00faltalo aqu\u00ed!","robots":{"index":"index","follow":"follow","max-snippet":"max-snippet:-1","max-image-preview":"max-image-preview:large","max-video-preview":"max-video-preview:-1"},"canonical":"https:\/\/www.clicars.com\/blog\/comparativa\/medidas-peugeot-2008\/","og_locale":"es_ES","og_type":"article","og_title":"\u00bfCu\u00e1les son las medidas del Peugeot 2008? - Clicars Blog","og_description":"Hoy te contamos el cent\u00edmetro a cent\u00edmetro las medidas del Pegueot 2008. \u00bfQuieres comprobar que cabe en tu garaje? ;) \u00a1Pues cons\u00faltalo aqu\u00ed!","og_url":"https:\/\/www.clicars.com\/blog\/comparativa\/medidas-peugeot-2008\/","og_site_name":"Clicars","article_published_time":"2021-11-08T15:51:06+00:00","og_image":[{"width":2560,"height":1707,"url":"https:\/\/www.clicars.com\/blog\/wp-content\/uploads\/2021\/11\/peugeot-2008-medidas-scaled.jpg","type":"image\/jpeg"}],"author":"Clicars","twitter_card":"summary_large_image","twitter_misc":{"Escrito por":"Clicars","Tiempo de lectura":"2 minutos"},"schema":{"@context":"https:\/\/schema.org","@graph":[{"@type":"Article","@id":"https:\/\/www.clicars.com\/blog\/comparativa\/medidas-peugeot-2008\/#article","isPartOf":{"@id":"https:\/\/www.clicars.com\/blog\/comparativa\/medidas-peugeot-2008\/"},"author":{"name":"Clicars","@id":"https:\/\/www.clicars.com\/blog\/#\/schema\/person\/af686c41ba96962c68871392bf2bb62d"},"headline":"\u00bfCu\u00e1les son las medidas del Peugeot 2008?","datePublished":"2021-11-08T15:51:06+00:00","mainEntityOfPage":{"@id":"https:\/\/www.clicars.com\/blog\/comparativa\/medidas-peugeot-2008\/"},"wordCount":447,"image":{"@id":"https:\/\/www.clicars.com\/blog\/comparativa\/medidas-peugeot-2008\/#primaryimage"},"thumbnailUrl":"https:\/\/www.clicars.com\/blog\/wp-content\/uploads\/2021\/11\/peugeot-2008-medidas-scaled.jpg","articleSection":["Comparativa"],"inLanguage":"es"},{"@type":["WebPage","ItemPage"],"@id":"https:\/\/www.clicars.com\/blog\/comparativa\/medidas-peugeot-2008\/","url":"https:\/\/www.clicars.com\/blog\/comparativa\/medidas-peugeot-2008\/","name":"\u00bfCu\u00e1les son las medidas del Peugeot 2008? - Clicars Blog","isPartOf":{"@id":"https:\/\/www.clicars.com\/blog\/#website"},"primaryImageOfPage":{"@id":"https:\/\/www.clicars.com\/blog\/comparativa\/medidas-peugeot-2008\/#primaryimage"},"image":{"@id":"https:\/\/www.clicars.com\/blog\/comparativa\/medidas-peugeot-2008\/#primaryimage"},"thumbnailUrl":"https:\/\/www.clicars.com\/blog\/wp-content\/uploads\/2021\/11\/peugeot-2008-medidas-scaled.jpg","datePublished":"2021-11-08T15:51:06+00:00","author":{"@id":"https:\/\/www.clicars.com\/blog\/#\/schema\/person\/af686c41ba96962c68871392bf2bb62d"},"description":"Hoy te contamos el cent\u00edmetro a cent\u00edmetro las medidas del Pegueot 2008. \u00bfQuieres comprobar que cabe en tu garaje? ;) \u00a1Pues cons\u00faltalo aqu\u00ed!","breadcrumb":{"@id":"https:\/\/www.clicars.com\/blog\/comparativa\/medidas-peugeot-2008\/#breadcrumb"},"inLanguage":"es","potentialAction":[{"@type":"ReadAction","target":["https:\/\/www.clicars.com\/blog\/comparativa\/medidas-peugeot-2008\/"]}]},{"@type":"ImageObject","inLanguage":"es","@id":"https:\/\/www.clicars.com\/blog\/comparativa\/medidas-peugeot-2008\/#primaryimage","url":"https:\/\/www.clicars.com\/blog\/wp-content\/uploads\/2021\/11\/peugeot-2008-medidas-scaled.jpg","contentUrl":"https:\/\/www.clicars.com\/blog\/wp-content\/uploads\/2021\/11\/peugeot-2008-medidas-scaled.jpg","width":2560,"height":1707,"caption":"medidas peugeot 2008"},{"@type":"BreadcrumbList","@id":"https:\/\/www.clicars.com\/blog\/comparativa\/medidas-peugeot-2008\/#breadcrumb","itemListElement":[{"@type":"ListItem","position":1,"name":"Portada","item":"https:\/\/www.clicars.com\/blog\/"},{"@type":"ListItem","position":2,"name":"\u00bfCu\u00e1les son las medidas del Peugeot 2008?"}]},{"@type":"WebSite","@id":"https:\/\/www.clicars.com\/blog\/#website","url":"https:\/\/www.clicars.com\/blog\/","name":"Clicars","description":"Compra tu coche de Buena Mano sin moverte de casa","inLanguage":"es"},{"@type":"Person","@id":"https:\/\/www.clicars.com\/blog\/#\/schema\/person\/af686c41ba96962c68871392bf2bb62d","name":"Clicars","image":{"@type":"ImageObject","inLanguage":"es","@id":"https:\/\/www.clicars.com\/blog\/#\/schema\/person\/image\/","url":"https:\/\/secure.gravatar.com\/avatar\/3100622b0023049db14165cdba9dadaa9159743b871e83e440a0df9a70f80e56?s=96&d=mm&r=g","contentUrl":"https:\/\/secure.gravatar.com\/avatar\/3100622b0023049db14165cdba9dadaa9159743b871e83e440a0df9a70f80e56?s=96&d=mm&r=g","caption":"Clicars"},"sameAs":["https:\/\/www.clicars.com"],"url":"https:\/\/www.clicars.com\/blog\/author\/clicars\/"}]}},"_links":{"self":[{"href":"https:\/\/www.clicars.com\/blog\/wp-json\/wp\/v2\/posts\/8449","targetHints":{"allow":["GET"]}}],"collection":[{"href":"https:\/\/www.clicars.com\/blog\/wp-json\/wp\/v2\/posts"}],"about":[{"href":"https:\/\/www.clicars.com\/blog\/wp-json\/wp\/v2\/types\/post"}],"author":[{"embeddable":true,"href":"https:\/\/www.clicars.com\/blog\/wp-json\/wp\/v2\/users\/2"}],"replies":[{"embeddable":true,"href":"https:\/\/www.clicars.com\/blog\/wp-json\/wp\/v2\/comments?post=8449"}],"version-history":[{"count":1,"href":"https:\/\/www.clicars.com\/blog\/wp-json\/wp\/v2\/posts\/8449\/revisions"}],"predecessor-version":[{"id":8452,"href":"https:\/\/www.clicars.com\/blog\/wp-json\/wp\/v2\/posts\/8449\/revisions\/8452"}],"wp:featuredmedia":[{"embeddable":true,"href":"https:\/\/www.clicars.com\/blog\/wp-json\/wp\/v2\/media\/8450"}],"wp:attachment":[{"href":"https:\/\/www.clicars.com\/blog\/wp-json\/wp\/v2\/media?parent=8449"}],"wp:term":[{"taxonomy":"category","embeddable":true,"href":"https:\/\/www.clicars.com\/blog\/wp-json\/wp\/v2\/categories?post=8449"},{"taxonomy":"post_tag","embeddable":true,"href":"https:\/\/www.clicars.com\/blog\/wp-json\/wp\/v2\/tags?post=8449"}],"curies":[{"name":"wp","href":"https:\/\/api.w.org\/{rel}","templated":true}]}}