{"id":8481,"date":"2021-11-17T18:22:31","date_gmt":"2021-11-17T16:22:31","guid":{"rendered":"https:\/\/www.clicars.com\/blog\/?p=8481"},"modified":"2022-11-30T18:58:57","modified_gmt":"2022-11-30T16:58:57","slug":"de-donde-es-marca-seat","status":"publish","type":"post","link":"https:\/\/www.clicars.com\/blog\/curiosidades\/de-donde-es-marca-seat\/","title":{"rendered":"\u00bfDe d\u00f3nde es la marca SEAT?"},"content":{"rendered":"<p>La marca de coches SEAT fue la responsable de motorizar a la sociedad espa\u00f1ola en la segunda mitad del siglo XX. Pero, \u00bfde d\u00f3nde es SEAT? Esta pregunta no tiene truco y tampoco una respuesta tan clara seg\u00fan el criterio que tengamos en cuenta. <strong>SEAT es una marca con sede<\/strong>, y una parte importante de su producci\u00f3n, <strong>en Espa\u00f1a<\/strong>. <strong>Sin embargo, desde 1986<\/strong>, esta ense\u00f1a <strong>pertenece al alem\u00e1n Grupo Volkswagen<\/strong>. Esta circunstancia nos lleva a considerar y plantearnos el car\u00e1cter nacional de la marca SEAT en un contexto econ\u00f3mico globalizado como el actual.<\/p>\n<div id=\"ez-toc-container\" class=\"ez-toc-v2_0_80 counter-hierarchy ez-toc-counter ez-toc-light-blue ez-toc-container-direction\">\n<p class=\"ez-toc-title\" style=\"cursor:inherit\">\u00cdndice de contenidos<\/p>\n<label for=\"ez-toc-cssicon-toggle-item-69f3039fdd914\" class=\"ez-toc-cssicon-toggle-label\"><span class=\"ez-toc-cssicon\"><span class=\"eztoc-hide\" style=\"display:none;\">Toggle<\/span><span class=\"ez-toc-icon-toggle-span\"><svg style=\"fill: #999;color:#999\" xmlns=\"http:\/\/www.w3.org\/2000\/svg\" class=\"list-377408\" width=\"20px\" height=\"20px\" viewBox=\"0 0 24 24\" fill=\"none\"><path d=\"M6 6H4v2h2V6zm14 0H8v2h12V6zM4 11h2v2H4v-2zm16 0H8v2h12v-2zM4 16h2v2H4v-2zm16 0H8v2h12v-2z\" fill=\"currentColor\"><\/path><\/svg><svg style=\"fill: #999;color:#999\" class=\"arrow-unsorted-368013\" xmlns=\"http:\/\/www.w3.org\/2000\/svg\" width=\"10px\" height=\"10px\" viewBox=\"0 0 24 24\" version=\"1.2\" baseProfile=\"tiny\"><path d=\"M18.2 9.3l-6.2-6.3-6.2 6.3c-.2.2-.3.4-.3.7s.1.5.3.7c.2.2.4.3.7.3h11c.3 0 .5-.1.7-.3.2-.2.3-.5.3-.7s-.1-.5-.3-.7zM5.8 14.7l6.2 6.3 6.2-6.3c.2-.2.3-.5.3-.7s-.1-.5-.3-.7c-.2-.2-.4-.3-.7-.3h-11c-.3 0-.5.1-.7.3-.2.2-.3.5-.3.7s.1.5.3.7z\"\/><\/svg><\/span><\/span><\/label><input type=\"checkbox\"  id=\"ez-toc-cssicon-toggle-item-69f3039fdd914\"  aria-label=\"Alternar\" \/><nav><ul class='ez-toc-list ez-toc-list-level-1 ' ><li class='ez-toc-page-1 ez-toc-heading-level-2'><a class=\"ez-toc-link ez-toc-heading-1\" href=\"https:\/\/www.clicars.com\/blog\/curiosidades\/de-donde-es-marca-seat\/#SEAT_es_una_marca_espanola\" >SEAT es una marca espa\u00f1ola<\/a><\/li><li class='ez-toc-page-1 ez-toc-heading-level-2'><a class=\"ez-toc-link ez-toc-heading-2\" href=\"https:\/\/www.clicars.com\/blog\/curiosidades\/de-donde-es-marca-seat\/#SEAT_es_una_marca_global\" >SEAT es una marca global<\/a><\/li><li class='ez-toc-page-1 ez-toc-heading-level-2'><a class=\"ez-toc-link ez-toc-heading-3\" href=\"https:\/\/www.clicars.com\/blog\/curiosidades\/de-donde-es-marca-seat\/#SEAT_es_una_marca_alemana\" >SEAT es una marca alemana<\/a><\/li><li class='ez-toc-page-1 ez-toc-heading-level-2'><a class=\"ez-toc-link ez-toc-heading-4\" href=\"https:\/\/www.clicars.com\/blog\/curiosidades\/de-donde-es-marca-seat\/#%C2%BFDonde_fabrica_SEAT_sus_modelos\" >\u00bfD\u00f3nde fabrica SEAT sus modelos?<\/a><\/li><li class='ez-toc-page-1 ez-toc-heading-level-2'><a class=\"ez-toc-link ez-toc-heading-5\" href=\"https:\/\/www.clicars.com\/blog\/curiosidades\/de-donde-es-marca-seat\/#%C2%BFQue_coches_fabrica_SEAT_Martorell\" >\u00bfQu\u00e9 coches fabrica SEAT Martorell?<\/a><\/li><li class='ez-toc-page-1 ez-toc-heading-level-2'><a class=\"ez-toc-link ez-toc-heading-6\" href=\"https:\/\/www.clicars.com\/blog\/curiosidades\/de-donde-es-marca-seat\/#%C2%BFSe_fabrican_modelos_de_SEAT_fuera_de_Espana\" >\u00bfSe fabrican modelos de SEAT fuera de Espa\u00f1a?<\/a><\/li><\/ul><\/nav><\/div>\n\n<h2><span class=\"ez-toc-section\" id=\"SEAT_es_una_marca_espanola\"><\/span>SEAT es una marca espa\u00f1ola<span class=\"ez-toc-section-end\"><\/span><\/h2>\n<p>La consideraci\u00f3n de SEAT\u00a0como una marca espa\u00f1ola sigue siendo mayoritaria, sobre todo en nuestro pa\u00eds. <strong>Los modelos de SEAT<\/strong>, tanto nuevos como de segunda mano y ocasi\u00f3n, <strong>siguen estando entre los preferidos por los conductores nacionales<\/strong>. As\u00ed lo demuestran los datos m\u00e1s recientes de ventas, donde <strong>el <a href=\"https:\/\/www.clicars.com\/coches-segunda-mano-ocasion\/seat\/arona\">SEAT Arona<\/a><\/strong>, el SUV urbano de la marca, aparece en el <strong>primer lugar<\/strong>. Pero no es el \u00fanico coche de SEAT que est\u00e1 entre <strong>los preferidos<\/strong>: el utilitario <a href=\"https:\/\/www.clicars.com\/coches-segunda-mano-ocasion\/seat\/ibiza\">SEAT Ibiza<\/a> y el compacto <a href=\"https:\/\/www.clicars.com\/coches-segunda-mano-ocasion\/seat\/leon\">SEAT Le\u00f3n<\/a> figuran igualmente entre los que m\u00e1s unidades han entregado.<\/p>\n<p>Y <strong>esto lleva siendo de este modo desde hace d\u00e9cadas<\/strong>. Otros modelos hist\u00f3ricos como el SEAT 600, el SEAT 850 o el SEAT 127 consiguieron dejar una honda impronta en los conductores de nuestro pa\u00eds. En los que aprendieron a conducir varias generaciones, las mismas que crecieron a trav\u00e9s de los kilom\u00e9tricos viajes por la geograf\u00eda espa\u00f1ola. <strong>Esto ha generado una<\/strong> evidente <strong>vinculaci\u00f3n emocional<\/strong> que empez\u00f3 a construirse desde la propia fundaci\u00f3n de la Sociedad Espa\u00f1ola de Autom\u00f3viles de Turismo, el significado de SEAT.<\/p>\n<h2><span class=\"ez-toc-section\" id=\"SEAT_es_una_marca_global\"><\/span><img loading=\"lazy\" decoding=\"async\" class=\"alignnone wp-image-8491 size-large\" src=\"https:\/\/www.clicars.com\/blog\/wp-content\/uploads\/2021\/11\/8-1-1024x683.jpg\" alt=\"\u00bfDe d\u00f3nde es la marca Seat?\" width=\"1024\" height=\"683\" srcset=\"https:\/\/www.clicars.com\/blog\/wp-content\/uploads\/2021\/11\/8-1-1024x683.jpg 1024w, https:\/\/www.clicars.com\/blog\/wp-content\/uploads\/2021\/11\/8-1-300x200.jpg 300w, https:\/\/www.clicars.com\/blog\/wp-content\/uploads\/2021\/11\/8-1-768x512.jpg 768w, https:\/\/www.clicars.com\/blog\/wp-content\/uploads\/2021\/11\/8-1-1536x1024.jpg 1536w, https:\/\/www.clicars.com\/blog\/wp-content\/uploads\/2021\/11\/8-1-900x600.jpg 900w, https:\/\/www.clicars.com\/blog\/wp-content\/uploads\/2021\/11\/8-1.jpg 1800w\" sizes=\"auto, (max-width: 1024px) 100vw, 1024px\" \/>SEAT es una marca global<span class=\"ez-toc-section-end\"><\/span><\/h2>\n<p>Hablar de SEAT como una marca global responde a una \u00f3ptica que se utiliza para hablar de la mayor\u00eda de grandes marcas. Es una multinacional, por lo que nos podemos referir a ella como una<strong> empresa con sede en Espa\u00f1a, pero que opera en todo el mundo<\/strong>. Tiene f\u00e1bricas y una red de puntos de venta en todo el globo, de ah\u00ed que restringirla a un car\u00e1cter local ser\u00eda simplificar demasiado la compleja estructura corporativa del fabricante.<\/p>\n<h2><span class=\"ez-toc-section\" id=\"SEAT_es_una_marca_alemana\"><\/span>SEAT es una marca alemana<span class=\"ez-toc-section-end\"><\/span><\/h2>\n<p>SEAT, \u00bfuna marca alemana? A priori, la afirmaci\u00f3n puede resultar chocante, sin embargo, desde 1986, el accionista mayoritario de la ense\u00f1a es el Grupo Volkswagen, de capital alem\u00e1n y con sede en Wolfsburgo, por lo que <strong>a efectos de pura fiscalidad, SEAT es una marca perteneciente a un conglomerado germano<\/strong>.<\/p>\n<h2><span class=\"ez-toc-section\" id=\"%C2%BFDonde_fabrica_SEAT_sus_modelos\"><\/span>\u00bfD\u00f3nde fabrica SEAT sus modelos?<span class=\"ez-toc-section-end\"><\/span><\/h2>\n<p><strong>La principal conclusi\u00f3n sobre el debate de si SEAT es una marca espa\u00f1ola o no reside<\/strong>, al final, <strong>en el aporte de riqueza que hace en el tejido local<\/strong>. Por esta misma raz\u00f3n, las ciudades en las que existen f\u00e1bricas de veh\u00edculos tienden a considerar estos centros productivos y sus marcas como propias. As\u00ed, Vigo ve a Citro\u00ebn como algo m\u00e1s que una marca francesa por la f\u00e1brica de Bala\u00eddos. Lo mismo sucede con Volkswagen y Navarra, donde est\u00e1 instalada una planta del grupo alem\u00e1n; o con Opel y Figueruelas, municipio zaragozano que produce desde hace d\u00e9cadas modelos de la ense\u00f1a germana y ahora de otros fabricantes de Stellantis.<\/p>\n<p><strong>En el caso de SEAT<\/strong>, <strong>la factor\u00eda m\u00e1s importante<\/strong> de la marca <strong>est\u00e1 ubicada en Martorell<\/strong>, una localidad situada a apenas 34 kil\u00f3metros de <a href=\"https:\/\/www.clicars.com\/coches-segunda-mano-ocasion\/barcelona\">Barcelona<\/a>. Esta planta es una de las m\u00e1s productivas del Grupo Volkswagen y <strong>de ella salen<\/strong>, aproximadamente, <strong>2.100 coches al d\u00eda<\/strong>.<\/p>\n<h2><span class=\"ez-toc-section\" id=\"%C2%BFQue_coches_fabrica_SEAT_Martorell\"><\/span>\u00bfQu\u00e9 coches fabrica SEAT Martorell?<span class=\"ez-toc-section-end\"><\/span><\/h2>\n<p>Actualmente, SEAT produce en la f\u00e1brica que tiene en Martorell los siguientes <strong>modelos<\/strong>:<\/p>\n<ul>\n<li>SEAT Arona<\/li>\n<li>SEAT Ibiza<\/li>\n<li>SEAT Le\u00f3n<\/li>\n<li>Cupra Formentor<\/li>\n<li>Audi A1<\/li>\n<\/ul>\n<p>Como puedes comprobar, no solo se ensamblan en la f\u00e1brica espa\u00f1ola modelos de SEAT, tambi\u00e9n de otra marca del Grupo Volkswagen como Audi, lo que reafirma el car\u00e1cter global de la marca. Adem\u00e1s, en este centro productivo se manufactura el Cupra Formentor, un coche de otra ense\u00f1a sobre la que se podr\u00eda establecer un debate similar al de SEAT. <strong>Cupra es una marca deportiva salida del seno de la propia SEAT<\/strong>\u00a0y que igualmente tiene su sede en Martorell.<\/p>\n<h2><img loading=\"lazy\" decoding=\"async\" class=\"alignnone wp-image-8490 size-large\" src=\"https:\/\/www.clicars.com\/blog\/wp-content\/uploads\/2021\/11\/MG_4992-min-1024x683.jpg\" alt=\"Seat arona marca espa\u00f1ola\" width=\"1024\" height=\"683\" srcset=\"https:\/\/www.clicars.com\/blog\/wp-content\/uploads\/2021\/11\/MG_4992-min-1024x683.jpg 1024w, https:\/\/www.clicars.com\/blog\/wp-content\/uploads\/2021\/11\/MG_4992-min-300x200.jpg 300w, https:\/\/www.clicars.com\/blog\/wp-content\/uploads\/2021\/11\/MG_4992-min-768x512.jpg 768w, https:\/\/www.clicars.com\/blog\/wp-content\/uploads\/2021\/11\/MG_4992-min-1536x1024.jpg 1536w, https:\/\/www.clicars.com\/blog\/wp-content\/uploads\/2021\/11\/MG_4992-min-2048x1365.jpg 2048w, https:\/\/www.clicars.com\/blog\/wp-content\/uploads\/2021\/11\/MG_4992-min-900x600.jpg 900w\" sizes=\"auto, (max-width: 1024px) 100vw, 1024px\" \/><\/h2>\n<h2><span class=\"ez-toc-section\" id=\"%C2%BFSe_fabrican_modelos_de_SEAT_fuera_de_Espana\"><\/span>\u00bfSe fabrican modelos de SEAT fuera de Espa\u00f1a?<span class=\"ez-toc-section-end\"><\/span><\/h2>\n<p>S\u00ed, se fabrican coches de SEAT fuera de Espa\u00f1a y el volumen ha aumentado en los \u00faltimos a\u00f1os. En el camino hacia la electrificaci\u00f3n, algunos centros productivos se han especializado en determinados tipos de coches, por lo que los sistemas de producci\u00f3n o las plataformas sobre las que se construyen los veh\u00edculos importan m\u00e1s que nada a la hora de adjudicar modelos.<\/p>\n<p>Estos son los <strong>coches de SEAT que se producen fuera de Martorell.<\/strong><\/p>\n<ul>\n<li>SEAT Mii Electric: el urbano, ahora <strong>convertido en coche el\u00e9ctrico<\/strong>, <strong>se produce en Bratislava<\/strong> (Eslovaquia), junto a otros modelos \u2018gemlos\u2019 del Grupo Volkswagen como el Skoda Citgo o el Volkswagen e-up!<\/li>\n<li>SEAT Ateca: el <strong>SUV compacto<\/strong> de la marca se ensambla <strong>en<\/strong> la planta de <strong>Kvasiny<\/strong> (Rep\u00fablica Checa), donde tambi\u00e9n se fabrica, por ejemplo, el Skoda Karoq.<\/li>\n<li>SEAT Tarraco: <strong>el todocamino grande de la marca<\/strong> se produce <strong>en Wolfsburgo<\/strong>, epicentro de la marca Volkswagen, donde tambi\u00e9n se produce, entre otros modelos, el Volkswagen Tiguan Allspace.<\/li>\n<li>SEAT Alhambra:<strong> el monovolumen<\/strong> se hace <strong>en la f\u00e1brica portuguesa de Palmela<\/strong>, junto con su equivalente de Volkswagen, el Sharan.<\/li>\n<\/ul>\n<p>Por tanto,<strong> podemos concluir que SEAT<\/strong>, pese a formar parte de una multinacional con sede en Alemania, <strong>es una marca espa\u00f1ola porque esa es la percepci\u00f3n general que tiene el consumidor<\/strong>, quien con sus decisiones acaba decantando los procesos de compra.<\/p>\n<blockquote><p>\u00bfBuscas un SEAT? Puedes encontrar los mejores modelos SEAT de segunda mano y ocasi\u00f3n en <a href=\"https:\/\/www.clicars.com\/\">nuestra web.<\/a><\/p><\/blockquote>\n","protected":false},"excerpt":{"rendered":"<p>La marca de coches SEAT fue la responsable de motorizar a la sociedad espa\u00f1ola en&#8230;<\/p>\n","protected":false},"author":2,"featured_media":8485,"comment_status":"closed","ping_status":"closed","sticky":false,"template":"","format":"standard","meta":{"footnotes":""},"categories":[4],"tags":[],"class_list":{"0":"post-8481","1":"post","2":"type-post","3":"status-publish","4":"format-standard","5":"has-post-thumbnail","7":"category-curiosidades"},"yoast_head":"<!-- This site is optimized with the Yoast SEO plugin v26.8 - https:\/\/yoast.com\/product\/yoast-seo-wordpress\/ -->\n<title>\u00bfDe d\u00f3nde es la marca Seat? - Clicars Blog<\/title>\n<meta name=\"description\" content=\"Te explicamos de d\u00f3nde es la marca Seat, y otros datos en relaci\u00f3n a su sede y los modelos que fabrican: seat arona, ibiza, le\u00f3n, ateca...\" \/>\n<meta name=\"robots\" content=\"index, follow, max-snippet:-1, max-image-preview:large, max-video-preview:-1\" \/>\n<link rel=\"canonical\" href=\"https:\/\/www.clicars.com\/blog\/curiosidades\/de-donde-es-marca-seat\/\" \/>\n<meta property=\"og:locale\" content=\"es_ES\" \/>\n<meta property=\"og:type\" content=\"article\" \/>\n<meta property=\"og:title\" content=\"\u00bfDe d\u00f3nde es la marca Seat? - Clicars Blog\" \/>\n<meta property=\"og:description\" content=\"Te explicamos de d\u00f3nde es la marca Seat, y otros datos en relaci\u00f3n a su sede y los modelos que fabrican: seat arona, ibiza, le\u00f3n, ateca...\" \/>\n<meta property=\"og:url\" content=\"https:\/\/www.clicars.com\/blog\/curiosidades\/de-donde-es-marca-seat\/\" \/>\n<meta property=\"og:site_name\" content=\"Clicars\" \/>\n<meta property=\"article:published_time\" content=\"2021-11-17T16:22:31+00:00\" \/>\n<meta property=\"article:modified_time\" content=\"2022-11-30T16:58:57+00:00\" \/>\n<meta property=\"og:image\" content=\"https:\/\/www.clicars.com\/blog\/wp-content\/uploads\/2021\/11\/4-1-e1637164448926.jpg\" \/>\n\t<meta property=\"og:image:width\" content=\"1024\" \/>\n\t<meta property=\"og:image:height\" content=\"683\" \/>\n\t<meta property=\"og:image:type\" content=\"image\/jpeg\" \/>\n<meta name=\"author\" content=\"Clicars\" \/>\n<meta name=\"twitter:card\" content=\"summary_large_image\" \/>\n<meta name=\"twitter:label1\" content=\"Escrito por\" \/>\n\t<meta name=\"twitter:data1\" content=\"Clicars\" \/>\n\t<meta name=\"twitter:label2\" content=\"Tiempo de lectura\" \/>\n\t<meta name=\"twitter:data2\" content=\"5 minutos\" \/>\n<script type=\"application\/ld+json\" class=\"yoast-schema-graph\">{\"@context\":\"https:\/\/schema.org\",\"@graph\":[{\"@type\":\"Article\",\"@id\":\"https:\/\/www.clicars.com\/blog\/curiosidades\/de-donde-es-marca-seat\/#article\",\"isPartOf\":{\"@id\":\"https:\/\/www.clicars.com\/blog\/curiosidades\/de-donde-es-marca-seat\/\"},\"author\":{\"name\":\"Clicars\",\"@id\":\"https:\/\/www.clicars.com\/blog\/#\/schema\/person\/af686c41ba96962c68871392bf2bb62d\"},\"headline\":\"\u00bfDe d\u00f3nde es la marca SEAT?\",\"datePublished\":\"2021-11-17T16:22:31+00:00\",\"dateModified\":\"2022-11-30T16:58:57+00:00\",\"mainEntityOfPage\":{\"@id\":\"https:\/\/www.clicars.com\/blog\/curiosidades\/de-donde-es-marca-seat\/\"},\"wordCount\":1001,\"image\":{\"@id\":\"https:\/\/www.clicars.com\/blog\/curiosidades\/de-donde-es-marca-seat\/#primaryimage\"},\"thumbnailUrl\":\"https:\/\/www.clicars.com\/blog\/wp-content\/uploads\/2021\/11\/4-1-e1637164448926.jpg\",\"articleSection\":[\"Curiosidades\"],\"inLanguage\":\"es\"},{\"@type\":[\"WebPage\",\"ItemPage\"],\"@id\":\"https:\/\/www.clicars.com\/blog\/curiosidades\/de-donde-es-marca-seat\/\",\"url\":\"https:\/\/www.clicars.com\/blog\/curiosidades\/de-donde-es-marca-seat\/\",\"name\":\"\u00bfDe d\u00f3nde es la marca Seat? - Clicars Blog\",\"isPartOf\":{\"@id\":\"https:\/\/www.clicars.com\/blog\/#website\"},\"primaryImageOfPage\":{\"@id\":\"https:\/\/www.clicars.com\/blog\/curiosidades\/de-donde-es-marca-seat\/#primaryimage\"},\"image\":{\"@id\":\"https:\/\/www.clicars.com\/blog\/curiosidades\/de-donde-es-marca-seat\/#primaryimage\"},\"thumbnailUrl\":\"https:\/\/www.clicars.com\/blog\/wp-content\/uploads\/2021\/11\/4-1-e1637164448926.jpg\",\"datePublished\":\"2021-11-17T16:22:31+00:00\",\"dateModified\":\"2022-11-30T16:58:57+00:00\",\"author\":{\"@id\":\"https:\/\/www.clicars.com\/blog\/#\/schema\/person\/af686c41ba96962c68871392bf2bb62d\"},\"description\":\"Te explicamos de d\u00f3nde es la marca Seat, y otros datos en relaci\u00f3n a su sede y los modelos que fabrican: seat arona, ibiza, le\u00f3n, ateca...\",\"breadcrumb\":{\"@id\":\"https:\/\/www.clicars.com\/blog\/curiosidades\/de-donde-es-marca-seat\/#breadcrumb\"},\"inLanguage\":\"es\",\"potentialAction\":[{\"@type\":\"ReadAction\",\"target\":[\"https:\/\/www.clicars.com\/blog\/curiosidades\/de-donde-es-marca-seat\/\"]}]},{\"@type\":\"ImageObject\",\"inLanguage\":\"es\",\"@id\":\"https:\/\/www.clicars.com\/blog\/curiosidades\/de-donde-es-marca-seat\/#primaryimage\",\"url\":\"https:\/\/www.clicars.com\/blog\/wp-content\/uploads\/2021\/11\/4-1-e1637164448926.jpg\",\"contentUrl\":\"https:\/\/www.clicars.com\/blog\/wp-content\/uploads\/2021\/11\/4-1-e1637164448926.jpg\",\"width\":1024,\"height\":683,\"caption\":\"de donde es seat\"},{\"@type\":\"BreadcrumbList\",\"@id\":\"https:\/\/www.clicars.com\/blog\/curiosidades\/de-donde-es-marca-seat\/#breadcrumb\",\"itemListElement\":[{\"@type\":\"ListItem\",\"position\":1,\"name\":\"Portada\",\"item\":\"https:\/\/www.clicars.com\/blog\/\"},{\"@type\":\"ListItem\",\"position\":2,\"name\":\"\u00bfDe d\u00f3nde es la marca SEAT?\"}]},{\"@type\":\"WebSite\",\"@id\":\"https:\/\/www.clicars.com\/blog\/#website\",\"url\":\"https:\/\/www.clicars.com\/blog\/\",\"name\":\"Clicars\",\"description\":\"Compra tu coche de Buena Mano sin moverte de casa\",\"inLanguage\":\"es\"},{\"@type\":\"Person\",\"@id\":\"https:\/\/www.clicars.com\/blog\/#\/schema\/person\/af686c41ba96962c68871392bf2bb62d\",\"name\":\"Clicars\",\"image\":{\"@type\":\"ImageObject\",\"inLanguage\":\"es\",\"@id\":\"https:\/\/www.clicars.com\/blog\/#\/schema\/person\/image\/\",\"url\":\"https:\/\/secure.gravatar.com\/avatar\/3100622b0023049db14165cdba9dadaa9159743b871e83e440a0df9a70f80e56?s=96&d=mm&r=g\",\"contentUrl\":\"https:\/\/secure.gravatar.com\/avatar\/3100622b0023049db14165cdba9dadaa9159743b871e83e440a0df9a70f80e56?s=96&d=mm&r=g\",\"caption\":\"Clicars\"},\"sameAs\":[\"https:\/\/www.clicars.com\"],\"url\":\"https:\/\/www.clicars.com\/blog\/author\/clicars\/\"}]}<\/script>\n<!-- \/ Yoast SEO plugin. -->","yoast_head_json":{"title":"\u00bfDe d\u00f3nde es la marca Seat? - Clicars Blog","description":"Te explicamos de d\u00f3nde es la marca Seat, y otros datos en relaci\u00f3n a su sede y los modelos que fabrican: seat arona, ibiza, le\u00f3n, ateca...","robots":{"index":"index","follow":"follow","max-snippet":"max-snippet:-1","max-image-preview":"max-image-preview:large","max-video-preview":"max-video-preview:-1"},"canonical":"https:\/\/www.clicars.com\/blog\/curiosidades\/de-donde-es-marca-seat\/","og_locale":"es_ES","og_type":"article","og_title":"\u00bfDe d\u00f3nde es la marca Seat? - Clicars Blog","og_description":"Te explicamos de d\u00f3nde es la marca Seat, y otros datos en relaci\u00f3n a su sede y los modelos que fabrican: seat arona, ibiza, le\u00f3n, ateca...","og_url":"https:\/\/www.clicars.com\/blog\/curiosidades\/de-donde-es-marca-seat\/","og_site_name":"Clicars","article_published_time":"2021-11-17T16:22:31+00:00","article_modified_time":"2022-11-30T16:58:57+00:00","og_image":[{"width":1024,"height":683,"url":"https:\/\/www.clicars.com\/blog\/wp-content\/uploads\/2021\/11\/4-1-e1637164448926.jpg","type":"image\/jpeg"}],"author":"Clicars","twitter_card":"summary_large_image","twitter_misc":{"Escrito por":"Clicars","Tiempo de lectura":"5 minutos"},"schema":{"@context":"https:\/\/schema.org","@graph":[{"@type":"Article","@id":"https:\/\/www.clicars.com\/blog\/curiosidades\/de-donde-es-marca-seat\/#article","isPartOf":{"@id":"https:\/\/www.clicars.com\/blog\/curiosidades\/de-donde-es-marca-seat\/"},"author":{"name":"Clicars","@id":"https:\/\/www.clicars.com\/blog\/#\/schema\/person\/af686c41ba96962c68871392bf2bb62d"},"headline":"\u00bfDe d\u00f3nde es la marca SEAT?","datePublished":"2021-11-17T16:22:31+00:00","dateModified":"2022-11-30T16:58:57+00:00","mainEntityOfPage":{"@id":"https:\/\/www.clicars.com\/blog\/curiosidades\/de-donde-es-marca-seat\/"},"wordCount":1001,"image":{"@id":"https:\/\/www.clicars.com\/blog\/curiosidades\/de-donde-es-marca-seat\/#primaryimage"},"thumbnailUrl":"https:\/\/www.clicars.com\/blog\/wp-content\/uploads\/2021\/11\/4-1-e1637164448926.jpg","articleSection":["Curiosidades"],"inLanguage":"es"},{"@type":["WebPage","ItemPage"],"@id":"https:\/\/www.clicars.com\/blog\/curiosidades\/de-donde-es-marca-seat\/","url":"https:\/\/www.clicars.com\/blog\/curiosidades\/de-donde-es-marca-seat\/","name":"\u00bfDe d\u00f3nde es la marca Seat? - Clicars Blog","isPartOf":{"@id":"https:\/\/www.clicars.com\/blog\/#website"},"primaryImageOfPage":{"@id":"https:\/\/www.clicars.com\/blog\/curiosidades\/de-donde-es-marca-seat\/#primaryimage"},"image":{"@id":"https:\/\/www.clicars.com\/blog\/curiosidades\/de-donde-es-marca-seat\/#primaryimage"},"thumbnailUrl":"https:\/\/www.clicars.com\/blog\/wp-content\/uploads\/2021\/11\/4-1-e1637164448926.jpg","datePublished":"2021-11-17T16:22:31+00:00","dateModified":"2022-11-30T16:58:57+00:00","author":{"@id":"https:\/\/www.clicars.com\/blog\/#\/schema\/person\/af686c41ba96962c68871392bf2bb62d"},"description":"Te explicamos de d\u00f3nde es la marca Seat, y otros datos en relaci\u00f3n a su sede y los modelos que fabrican: seat arona, ibiza, le\u00f3n, ateca...","breadcrumb":{"@id":"https:\/\/www.clicars.com\/blog\/curiosidades\/de-donde-es-marca-seat\/#breadcrumb"},"inLanguage":"es","potentialAction":[{"@type":"ReadAction","target":["https:\/\/www.clicars.com\/blog\/curiosidades\/de-donde-es-marca-seat\/"]}]},{"@type":"ImageObject","inLanguage":"es","@id":"https:\/\/www.clicars.com\/blog\/curiosidades\/de-donde-es-marca-seat\/#primaryimage","url":"https:\/\/www.clicars.com\/blog\/wp-content\/uploads\/2021\/11\/4-1-e1637164448926.jpg","contentUrl":"https:\/\/www.clicars.com\/blog\/wp-content\/uploads\/2021\/11\/4-1-e1637164448926.jpg","width":1024,"height":683,"caption":"de donde es seat"},{"@type":"BreadcrumbList","@id":"https:\/\/www.clicars.com\/blog\/curiosidades\/de-donde-es-marca-seat\/#breadcrumb","itemListElement":[{"@type":"ListItem","position":1,"name":"Portada","item":"https:\/\/www.clicars.com\/blog\/"},{"@type":"ListItem","position":2,"name":"\u00bfDe d\u00f3nde es la marca SEAT?"}]},{"@type":"WebSite","@id":"https:\/\/www.clicars.com\/blog\/#website","url":"https:\/\/www.clicars.com\/blog\/","name":"Clicars","description":"Compra tu coche de Buena Mano sin moverte de casa","inLanguage":"es"},{"@type":"Person","@id":"https:\/\/www.clicars.com\/blog\/#\/schema\/person\/af686c41ba96962c68871392bf2bb62d","name":"Clicars","image":{"@type":"ImageObject","inLanguage":"es","@id":"https:\/\/www.clicars.com\/blog\/#\/schema\/person\/image\/","url":"https:\/\/secure.gravatar.com\/avatar\/3100622b0023049db14165cdba9dadaa9159743b871e83e440a0df9a70f80e56?s=96&d=mm&r=g","contentUrl":"https:\/\/secure.gravatar.com\/avatar\/3100622b0023049db14165cdba9dadaa9159743b871e83e440a0df9a70f80e56?s=96&d=mm&r=g","caption":"Clicars"},"sameAs":["https:\/\/www.clicars.com"],"url":"https:\/\/www.clicars.com\/blog\/author\/clicars\/"}]}},"_links":{"self":[{"href":"https:\/\/www.clicars.com\/blog\/wp-json\/wp\/v2\/posts\/8481","targetHints":{"allow":["GET"]}}],"collection":[{"href":"https:\/\/www.clicars.com\/blog\/wp-json\/wp\/v2\/posts"}],"about":[{"href":"https:\/\/www.clicars.com\/blog\/wp-json\/wp\/v2\/types\/post"}],"author":[{"embeddable":true,"href":"https:\/\/www.clicars.com\/blog\/wp-json\/wp\/v2\/users\/2"}],"replies":[{"embeddable":true,"href":"https:\/\/www.clicars.com\/blog\/wp-json\/wp\/v2\/comments?post=8481"}],"version-history":[{"count":11,"href":"https:\/\/www.clicars.com\/blog\/wp-json\/wp\/v2\/posts\/8481\/revisions"}],"predecessor-version":[{"id":10656,"href":"https:\/\/www.clicars.com\/blog\/wp-json\/wp\/v2\/posts\/8481\/revisions\/10656"}],"wp:featuredmedia":[{"embeddable":true,"href":"https:\/\/www.clicars.com\/blog\/wp-json\/wp\/v2\/media\/8485"}],"wp:attachment":[{"href":"https:\/\/www.clicars.com\/blog\/wp-json\/wp\/v2\/media?parent=8481"}],"wp:term":[{"taxonomy":"category","embeddable":true,"href":"https:\/\/www.clicars.com\/blog\/wp-json\/wp\/v2\/categories?post=8481"},{"taxonomy":"post_tag","embeddable":true,"href":"https:\/\/www.clicars.com\/blog\/wp-json\/wp\/v2\/tags?post=8481"}],"curies":[{"name":"wp","href":"https:\/\/api.w.org\/{rel}","templated":true}]}}