{"id":8518,"date":"2021-11-24T18:09:09","date_gmt":"2021-11-24T16:09:09","guid":{"rendered":"https:\/\/www.clicars.com\/blog\/?p=8518"},"modified":"2023-10-06T10:30:10","modified_gmt":"2023-10-06T08:30:10","slug":"ciclo-wltp","status":"publish","type":"post","link":"https:\/\/www.clicars.com\/blog\/actualidad\/ciclo-wltp\/","title":{"rendered":"Ciclo WLTP de emisiones en un coche: qu\u00e9 es y cu\u00e1l es su normativa"},"content":{"rendered":"<p>Si has consultado la ficha t\u00e9cnica de alg\u00fan coche \u00faltimamente habr\u00e1s visto un apartado llamado <strong>\u201cemisiones y consumos seg\u00fan el ciclo WLTP\u201d<\/strong>. En este post te contaremos <strong>qu\u00e9 significan estas cuatro letras<\/strong>, que sirven para determinar cu\u00e1ntos gases expulsa un coche nuevo o de segunda mano y ocasi\u00f3n, as\u00ed como lo que gasta en cualquier recorrido.<\/p>\n<h2>\u00bfQu\u00e9 es el protocolo WLTP?<\/h2>\n<p>&nbsp;<\/p>\n<p><strong>El ciclo WLTP es un protocolo internacional que determina los consumos y emisiones para su homologaci\u00f3n<\/strong>. Sustituy\u00f3 al anterior protocolo NEDC el 1 de enero de 2019 y es m\u00e1s restrictivo que este.<\/p>\n<p>Como sabr\u00e1s, los l\u00edmites de emisiones que marcan las instituciones son cada vez m\u00e1s estrictos para hacer frente a la contaminaci\u00f3n. Antes, los coches se homologaban en laboratorio con el m\u00ednimo equipamiento posible y ahora tienen que pasar pruebas con tr\u00e1fico real.<\/p>\n<h2>\u00bfQu\u00e9 es el consumo WLTP?<\/h2>\n<p><strong>El consumo WLTP es el consumo que homologa cada coche<\/strong>. Es decir, el que <strong>aparece en la ficha t\u00e9cnica y que se mide en litros a los 100 kil\u00f3metros<\/strong>. Eso s\u00ed, el consumo real depender\u00e1 de la destreza y los h\u00e1bitos del conductor.<\/p>\n<p><img loading=\"lazy\" decoding=\"async\" class=\"alignleft wp-image-8541 size-large\" src=\"https:\/\/www.clicars.com\/blog\/wp-content\/uploads\/2021\/11\/Copia-de-_MG_9939-2-1-1024x683.jpg\" alt=\"normativa wltp\" width=\"1024\" height=\"683\" srcset=\"https:\/\/www.clicars.com\/blog\/wp-content\/uploads\/2021\/11\/Copia-de-_MG_9939-2-1-1024x683.jpg 1024w, https:\/\/www.clicars.com\/blog\/wp-content\/uploads\/2021\/11\/Copia-de-_MG_9939-2-1-300x200.jpg 300w, https:\/\/www.clicars.com\/blog\/wp-content\/uploads\/2021\/11\/Copia-de-_MG_9939-2-1-768x512.jpg 768w, https:\/\/www.clicars.com\/blog\/wp-content\/uploads\/2021\/11\/Copia-de-_MG_9939-2-1-1536x1024.jpg 1536w, https:\/\/www.clicars.com\/blog\/wp-content\/uploads\/2021\/11\/Copia-de-_MG_9939-2-1-2048x1365.jpg 2048w, https:\/\/www.clicars.com\/blog\/wp-content\/uploads\/2021\/11\/Copia-de-_MG_9939-2-1-900x600.jpg 900w\" sizes=\"auto, (max-width: 1024px) 100vw, 1024px\" \/><\/p>\n<p>El paso del ciclo NEDC al WLTP provoc\u00f3 la subida de los consumos homologados. Esto se debi\u00f3, como en el caso de las emisiones, a las condiciones m\u00e1s realistas que aplica este protocolo.<\/p>\n<blockquote><p>Como por ejemplo:<\/p>\n<ul>\n<li>Kia Stinger con motor gasolina de 2.0 litros ten\u00eda un consumo NEDC de 6,3 litros a los 100 y en WLTP subi\u00f3 a los 7,3 litros a los 100 kil\u00f3metros<\/li>\n<li>Un Peugeot 508 con motor di\u00e9sel BlueHDi de 2.0 litros ten\u00eda un consumo NEDC de 4,2 litros frente a los 5 litros a los 100 kil\u00f3metros del WLTP<\/li>\n<\/ul>\n<\/blockquote>\n<p>En conclusi\u00f3n, el <strong>ciclo WLTP es un sistema de medici\u00f3n de emisiones y consumos que afecta a todos los coches que se venden en el mercado<\/strong>. Un protocolo realista que aparece indicado en las fichas de los veh\u00edculos de modo m\u00e1s f\u00e1cil y cre\u00edble.<\/p>\n<h2>\u00bfPor qu\u00e9 se implanta el protocolo WLTP?<\/h2>\n<p>Como te hemos dicho, el ciclo WLTP mide de modo m\u00e1s realista las emisiones de un coche. En su d\u00eda, la Comisi\u00f3n Europea lo justific\u00f3 del siguiente modo:<\/p>\n<ol>\n<li><strong>Rendimiento<\/strong>: es un ciclo m\u00e1s realista con los ciclos de conducci\u00f3n<\/li>\n<li><strong>Procedimiento<\/strong>: el an\u00e1lisis que se hace de cada veh\u00edculo es m\u00e1s estricto<\/li>\n<li><strong>Completo<\/strong>: tiene en cuenta el equipamiento opcional de un coche y su influencia en el consumo o emisiones<\/li>\n<li><strong>Precisi\u00f3n<\/strong>: el WLTP considera mediciones en todos los par\u00e1metros del coche<\/li>\n<\/ol>\n<p>El ciclo WLTP de emisiones y consumos tiene en cuenta estos par\u00e1metros:<\/p>\n<ul>\n<li><strong>Aerodin\u00e1mica<\/strong>: los coches con mayor resistencia al aire consumen m\u00e1s combustible<\/li>\n<li><strong>Resistencia a la rodadura<\/strong>: los neum\u00e1ticos, como \u00fanico elemento en contacto con el asfalto, afectan directamente al consumo y las emisiones<\/li>\n<li><strong>Peso<\/strong>: un mayor n\u00famero de kilos requiere m\u00e1s energ\u00eda para ser movido<\/li>\n<\/ul>\n<h2>\u00bfAfecta el WLTP al impuesto de matriculaci\u00f3n?<\/h2>\n<p>&nbsp;<\/p>\n<p>Cuando se implant\u00f3, algunos coches que ya estaban en el mercado sufrieron cambios porque la tabla con la que se calcula esa tasa se vio afectada. Recordamos que <strong>el impuesto de matriculaci\u00f3n es un gravamen que se paga al comprar un coche nuevo o un usado que se matricule por primera vez en Espa\u00f1a<\/strong>.<\/p>\n<p>Con los l\u00edmites m\u00e1s estrictos del ciclo WLTP, un 20% de coches pasaron de estar exentos del impuesto a tener que pagar un 4,75%. Tras una petici\u00f3n de fabricantes y distribuidores, el Gobierno decidi\u00f3 congelar este a\u00f1o la subida del impuesto hasta finales de 2021, tal y como te contamos en <a href=\"https:\/\/www.clicars.com\/blog\/actualidad\/nuevo-impuesto-de-matriculacion\/\">este post<\/a>.<\/p>\n<p>La moratoria termina el 1 de enero de 2022 y los tramos del impuesto cambiar\u00e1n. Los coches nuevos se encarecer\u00e1n, porque los l\u00edmites m\u00e1s estrictos tendr\u00e1n especial incidencia en el grupo que antes no pagaba y ahora, al superar los 121 g\/km de l\u00edmite, se encontrar\u00e1 en el tramo del 4,75%<\/p>\n<hr \/>\n<p>As\u00ed, a partir del pr\u00f3ximo a\u00f1o, la tabla del impuesto de matriculaci\u00f3n seg\u00fan el ciclo WLTP queda as\u00ed:<\/p>\n<ul>\n<li>Hasta 120 g\/km: 0,00%<\/li>\n<li>Entre 121 y 159 g\/km: 4,75%<\/li>\n<li>Entre 160 y 199 g\/km: 9,75%<\/li>\n<li>Por encima de 200 g\/km: 14,75%<\/li>\n<\/ul>\n<hr \/>\n<p style=\"padding-left: 40px;\">\n","protected":false},"excerpt":{"rendered":"<p>Si has consultado la ficha t\u00e9cnica de alg\u00fan coche \u00faltimamente habr\u00e1s visto un apartado llamado&#8230;<\/p>\n","protected":false},"author":2,"featured_media":8540,"comment_status":"closed","ping_status":"closed","sticky":false,"template":"","format":"standard","meta":{"footnotes":""},"categories":[5],"tags":[],"class_list":{"0":"post-8518","1":"post","2":"type-post","3":"status-publish","4":"format-standard","5":"has-post-thumbnail","7":"category-actualidad"},"yoast_head":"<!-- This site is optimized with the Yoast SEO plugin v26.8 - https:\/\/yoast.com\/product\/yoast-seo-wordpress\/ -->\n<title>Ciclo WLTP de emisiones en un coche: qu\u00e9 es y normativa - Clicars Blog<\/title>\n<meta name=\"description\" content=\"\u00bfQuieres saber qu\u00e9 es el ciclo WLTP? Te explicamos su certificado y la normativa vigente. \u00bfAfecta al impuesto de matriculaci\u00f3n? \u00a1SI!\" \/>\n<meta name=\"robots\" content=\"index, follow, max-snippet:-1, max-image-preview:large, max-video-preview:-1\" \/>\n<link rel=\"canonical\" href=\"https:\/\/www.clicars.com\/blog\/actualidad\/ciclo-wltp\/\" \/>\n<meta property=\"og:locale\" content=\"es_ES\" \/>\n<meta property=\"og:type\" content=\"article\" \/>\n<meta property=\"og:title\" content=\"Ciclo WLTP de emisiones en un coche: qu\u00e9 es y normativa - Clicars Blog\" \/>\n<meta property=\"og:description\" content=\"\u00bfQuieres saber qu\u00e9 es el ciclo WLTP? Te explicamos su certificado y la normativa vigente. \u00bfAfecta al impuesto de matriculaci\u00f3n? \u00a1SI!\" \/>\n<meta property=\"og:url\" content=\"https:\/\/www.clicars.com\/blog\/actualidad\/ciclo-wltp\/\" \/>\n<meta property=\"og:site_name\" content=\"Clicars\" \/>\n<meta property=\"article:published_time\" content=\"2021-11-24T16:09:09+00:00\" \/>\n<meta property=\"article:modified_time\" content=\"2023-10-06T08:30:10+00:00\" \/>\n<meta property=\"og:image\" content=\"https:\/\/www.clicars.com\/blog\/wp-content\/uploads\/2021\/11\/MG_7156-2-scaled.jpg\" \/>\n\t<meta property=\"og:image:width\" content=\"2560\" \/>\n\t<meta property=\"og:image:height\" content=\"1707\" \/>\n\t<meta property=\"og:image:type\" content=\"image\/jpeg\" \/>\n<meta name=\"author\" content=\"Clicars\" \/>\n<meta name=\"twitter:card\" content=\"summary_large_image\" \/>\n<meta name=\"twitter:label1\" content=\"Escrito por\" \/>\n\t<meta name=\"twitter:data1\" content=\"Clicars\" \/>\n\t<meta name=\"twitter:label2\" content=\"Tiempo de lectura\" \/>\n\t<meta name=\"twitter:data2\" content=\"4 minutos\" \/>\n<script type=\"application\/ld+json\" class=\"yoast-schema-graph\">{\"@context\":\"https:\/\/schema.org\",\"@graph\":[{\"@type\":\"Article\",\"@id\":\"https:\/\/www.clicars.com\/blog\/actualidad\/ciclo-wltp\/#article\",\"isPartOf\":{\"@id\":\"https:\/\/www.clicars.com\/blog\/actualidad\/ciclo-wltp\/\"},\"author\":{\"name\":\"Clicars\",\"@id\":\"https:\/\/www.clicars.com\/blog\/#\/schema\/person\/af686c41ba96962c68871392bf2bb62d\"},\"headline\":\"Ciclo WLTP de emisiones en un coche: qu\u00e9 es y cu\u00e1l es su normativa\",\"datePublished\":\"2021-11-24T16:09:09+00:00\",\"dateModified\":\"2023-10-06T08:30:10+00:00\",\"mainEntityOfPage\":{\"@id\":\"https:\/\/www.clicars.com\/blog\/actualidad\/ciclo-wltp\/\"},\"wordCount\":725,\"image\":{\"@id\":\"https:\/\/www.clicars.com\/blog\/actualidad\/ciclo-wltp\/#primaryimage\"},\"thumbnailUrl\":\"https:\/\/www.clicars.com\/blog\/wp-content\/uploads\/2021\/11\/MG_7156-2-scaled.jpg\",\"articleSection\":[\"Actualidad\"],\"inLanguage\":\"es\"},{\"@type\":[\"WebPage\",\"ItemPage\"],\"@id\":\"https:\/\/www.clicars.com\/blog\/actualidad\/ciclo-wltp\/\",\"url\":\"https:\/\/www.clicars.com\/blog\/actualidad\/ciclo-wltp\/\",\"name\":\"Ciclo WLTP de emisiones en un coche: qu\u00e9 es y normativa - Clicars Blog\",\"isPartOf\":{\"@id\":\"https:\/\/www.clicars.com\/blog\/#website\"},\"primaryImageOfPage\":{\"@id\":\"https:\/\/www.clicars.com\/blog\/actualidad\/ciclo-wltp\/#primaryimage\"},\"image\":{\"@id\":\"https:\/\/www.clicars.com\/blog\/actualidad\/ciclo-wltp\/#primaryimage\"},\"thumbnailUrl\":\"https:\/\/www.clicars.com\/blog\/wp-content\/uploads\/2021\/11\/MG_7156-2-scaled.jpg\",\"datePublished\":\"2021-11-24T16:09:09+00:00\",\"dateModified\":\"2023-10-06T08:30:10+00:00\",\"author\":{\"@id\":\"https:\/\/www.clicars.com\/blog\/#\/schema\/person\/af686c41ba96962c68871392bf2bb62d\"},\"description\":\"\u00bfQuieres saber qu\u00e9 es el ciclo WLTP? Te explicamos su certificado y la normativa vigente. \u00bfAfecta al impuesto de matriculaci\u00f3n? \u00a1SI!\",\"breadcrumb\":{\"@id\":\"https:\/\/www.clicars.com\/blog\/actualidad\/ciclo-wltp\/#breadcrumb\"},\"inLanguage\":\"es\",\"potentialAction\":[{\"@type\":\"ReadAction\",\"target\":[\"https:\/\/www.clicars.com\/blog\/actualidad\/ciclo-wltp\/\"]}]},{\"@type\":\"ImageObject\",\"inLanguage\":\"es\",\"@id\":\"https:\/\/www.clicars.com\/blog\/actualidad\/ciclo-wltp\/#primaryimage\",\"url\":\"https:\/\/www.clicars.com\/blog\/wp-content\/uploads\/2021\/11\/MG_7156-2-scaled.jpg\",\"contentUrl\":\"https:\/\/www.clicars.com\/blog\/wp-content\/uploads\/2021\/11\/MG_7156-2-scaled.jpg\",\"width\":2560,\"height\":1707},{\"@type\":\"BreadcrumbList\",\"@id\":\"https:\/\/www.clicars.com\/blog\/actualidad\/ciclo-wltp\/#breadcrumb\",\"itemListElement\":[{\"@type\":\"ListItem\",\"position\":1,\"name\":\"Portada\",\"item\":\"https:\/\/www.clicars.com\/blog\/\"},{\"@type\":\"ListItem\",\"position\":2,\"name\":\"Ciclo WLTP de emisiones en un coche: qu\u00e9 es y cu\u00e1l es su normativa\"}]},{\"@type\":\"WebSite\",\"@id\":\"https:\/\/www.clicars.com\/blog\/#website\",\"url\":\"https:\/\/www.clicars.com\/blog\/\",\"name\":\"Clicars\",\"description\":\"Compra tu coche de Buena Mano sin moverte de casa\",\"inLanguage\":\"es\"},{\"@type\":\"Person\",\"@id\":\"https:\/\/www.clicars.com\/blog\/#\/schema\/person\/af686c41ba96962c68871392bf2bb62d\",\"name\":\"Clicars\",\"image\":{\"@type\":\"ImageObject\",\"inLanguage\":\"es\",\"@id\":\"https:\/\/www.clicars.com\/blog\/#\/schema\/person\/image\/\",\"url\":\"https:\/\/secure.gravatar.com\/avatar\/3100622b0023049db14165cdba9dadaa9159743b871e83e440a0df9a70f80e56?s=96&d=mm&r=g\",\"contentUrl\":\"https:\/\/secure.gravatar.com\/avatar\/3100622b0023049db14165cdba9dadaa9159743b871e83e440a0df9a70f80e56?s=96&d=mm&r=g\",\"caption\":\"Clicars\"},\"sameAs\":[\"https:\/\/www.clicars.com\"],\"url\":\"https:\/\/www.clicars.com\/blog\/author\/clicars\/\"}]}<\/script>\n<!-- \/ Yoast SEO plugin. -->","yoast_head_json":{"title":"Ciclo WLTP de emisiones en un coche: qu\u00e9 es y normativa - Clicars Blog","description":"\u00bfQuieres saber qu\u00e9 es el ciclo WLTP? Te explicamos su certificado y la normativa vigente. \u00bfAfecta al impuesto de matriculaci\u00f3n? \u00a1SI!","robots":{"index":"index","follow":"follow","max-snippet":"max-snippet:-1","max-image-preview":"max-image-preview:large","max-video-preview":"max-video-preview:-1"},"canonical":"https:\/\/www.clicars.com\/blog\/actualidad\/ciclo-wltp\/","og_locale":"es_ES","og_type":"article","og_title":"Ciclo WLTP de emisiones en un coche: qu\u00e9 es y normativa - Clicars Blog","og_description":"\u00bfQuieres saber qu\u00e9 es el ciclo WLTP? Te explicamos su certificado y la normativa vigente. \u00bfAfecta al impuesto de matriculaci\u00f3n? \u00a1SI!","og_url":"https:\/\/www.clicars.com\/blog\/actualidad\/ciclo-wltp\/","og_site_name":"Clicars","article_published_time":"2021-11-24T16:09:09+00:00","article_modified_time":"2023-10-06T08:30:10+00:00","og_image":[{"width":2560,"height":1707,"url":"https:\/\/www.clicars.com\/blog\/wp-content\/uploads\/2021\/11\/MG_7156-2-scaled.jpg","type":"image\/jpeg"}],"author":"Clicars","twitter_card":"summary_large_image","twitter_misc":{"Escrito por":"Clicars","Tiempo de lectura":"4 minutos"},"schema":{"@context":"https:\/\/schema.org","@graph":[{"@type":"Article","@id":"https:\/\/www.clicars.com\/blog\/actualidad\/ciclo-wltp\/#article","isPartOf":{"@id":"https:\/\/www.clicars.com\/blog\/actualidad\/ciclo-wltp\/"},"author":{"name":"Clicars","@id":"https:\/\/www.clicars.com\/blog\/#\/schema\/person\/af686c41ba96962c68871392bf2bb62d"},"headline":"Ciclo WLTP de emisiones en un coche: qu\u00e9 es y cu\u00e1l es su normativa","datePublished":"2021-11-24T16:09:09+00:00","dateModified":"2023-10-06T08:30:10+00:00","mainEntityOfPage":{"@id":"https:\/\/www.clicars.com\/blog\/actualidad\/ciclo-wltp\/"},"wordCount":725,"image":{"@id":"https:\/\/www.clicars.com\/blog\/actualidad\/ciclo-wltp\/#primaryimage"},"thumbnailUrl":"https:\/\/www.clicars.com\/blog\/wp-content\/uploads\/2021\/11\/MG_7156-2-scaled.jpg","articleSection":["Actualidad"],"inLanguage":"es"},{"@type":["WebPage","ItemPage"],"@id":"https:\/\/www.clicars.com\/blog\/actualidad\/ciclo-wltp\/","url":"https:\/\/www.clicars.com\/blog\/actualidad\/ciclo-wltp\/","name":"Ciclo WLTP de emisiones en un coche: qu\u00e9 es y normativa - Clicars Blog","isPartOf":{"@id":"https:\/\/www.clicars.com\/blog\/#website"},"primaryImageOfPage":{"@id":"https:\/\/www.clicars.com\/blog\/actualidad\/ciclo-wltp\/#primaryimage"},"image":{"@id":"https:\/\/www.clicars.com\/blog\/actualidad\/ciclo-wltp\/#primaryimage"},"thumbnailUrl":"https:\/\/www.clicars.com\/blog\/wp-content\/uploads\/2021\/11\/MG_7156-2-scaled.jpg","datePublished":"2021-11-24T16:09:09+00:00","dateModified":"2023-10-06T08:30:10+00:00","author":{"@id":"https:\/\/www.clicars.com\/blog\/#\/schema\/person\/af686c41ba96962c68871392bf2bb62d"},"description":"\u00bfQuieres saber qu\u00e9 es el ciclo WLTP? Te explicamos su certificado y la normativa vigente. \u00bfAfecta al impuesto de matriculaci\u00f3n? \u00a1SI!","breadcrumb":{"@id":"https:\/\/www.clicars.com\/blog\/actualidad\/ciclo-wltp\/#breadcrumb"},"inLanguage":"es","potentialAction":[{"@type":"ReadAction","target":["https:\/\/www.clicars.com\/blog\/actualidad\/ciclo-wltp\/"]}]},{"@type":"ImageObject","inLanguage":"es","@id":"https:\/\/www.clicars.com\/blog\/actualidad\/ciclo-wltp\/#primaryimage","url":"https:\/\/www.clicars.com\/blog\/wp-content\/uploads\/2021\/11\/MG_7156-2-scaled.jpg","contentUrl":"https:\/\/www.clicars.com\/blog\/wp-content\/uploads\/2021\/11\/MG_7156-2-scaled.jpg","width":2560,"height":1707},{"@type":"BreadcrumbList","@id":"https:\/\/www.clicars.com\/blog\/actualidad\/ciclo-wltp\/#breadcrumb","itemListElement":[{"@type":"ListItem","position":1,"name":"Portada","item":"https:\/\/www.clicars.com\/blog\/"},{"@type":"ListItem","position":2,"name":"Ciclo WLTP de emisiones en un coche: qu\u00e9 es y cu\u00e1l es su normativa"}]},{"@type":"WebSite","@id":"https:\/\/www.clicars.com\/blog\/#website","url":"https:\/\/www.clicars.com\/blog\/","name":"Clicars","description":"Compra tu coche de Buena Mano sin moverte de casa","inLanguage":"es"},{"@type":"Person","@id":"https:\/\/www.clicars.com\/blog\/#\/schema\/person\/af686c41ba96962c68871392bf2bb62d","name":"Clicars","image":{"@type":"ImageObject","inLanguage":"es","@id":"https:\/\/www.clicars.com\/blog\/#\/schema\/person\/image\/","url":"https:\/\/secure.gravatar.com\/avatar\/3100622b0023049db14165cdba9dadaa9159743b871e83e440a0df9a70f80e56?s=96&d=mm&r=g","contentUrl":"https:\/\/secure.gravatar.com\/avatar\/3100622b0023049db14165cdba9dadaa9159743b871e83e440a0df9a70f80e56?s=96&d=mm&r=g","caption":"Clicars"},"sameAs":["https:\/\/www.clicars.com"],"url":"https:\/\/www.clicars.com\/blog\/author\/clicars\/"}]}},"_links":{"self":[{"href":"https:\/\/www.clicars.com\/blog\/wp-json\/wp\/v2\/posts\/8518","targetHints":{"allow":["GET"]}}],"collection":[{"href":"https:\/\/www.clicars.com\/blog\/wp-json\/wp\/v2\/posts"}],"about":[{"href":"https:\/\/www.clicars.com\/blog\/wp-json\/wp\/v2\/types\/post"}],"author":[{"embeddable":true,"href":"https:\/\/www.clicars.com\/blog\/wp-json\/wp\/v2\/users\/2"}],"replies":[{"embeddable":true,"href":"https:\/\/www.clicars.com\/blog\/wp-json\/wp\/v2\/comments?post=8518"}],"version-history":[{"count":12,"href":"https:\/\/www.clicars.com\/blog\/wp-json\/wp\/v2\/posts\/8518\/revisions"}],"predecessor-version":[{"id":12258,"href":"https:\/\/www.clicars.com\/blog\/wp-json\/wp\/v2\/posts\/8518\/revisions\/12258"}],"wp:featuredmedia":[{"embeddable":true,"href":"https:\/\/www.clicars.com\/blog\/wp-json\/wp\/v2\/media\/8540"}],"wp:attachment":[{"href":"https:\/\/www.clicars.com\/blog\/wp-json\/wp\/v2\/media?parent=8518"}],"wp:term":[{"taxonomy":"category","embeddable":true,"href":"https:\/\/www.clicars.com\/blog\/wp-json\/wp\/v2\/categories?post=8518"},{"taxonomy":"post_tag","embeddable":true,"href":"https:\/\/www.clicars.com\/blog\/wp-json\/wp\/v2\/tags?post=8518"}],"curies":[{"name":"wp","href":"https:\/\/api.w.org\/{rel}","templated":true}]}}