{"id":8783,"date":"2022-02-01T09:53:39","date_gmt":"2022-02-01T07:53:39","guid":{"rendered":"https:\/\/www.clicars.com\/blog\/?p=8783"},"modified":"2022-01-31T18:57:25","modified_gmt":"2022-01-31T16:57:25","slug":"seat-leon-coche-del-ano-2021-espana","status":"publish","type":"post","link":"https:\/\/www.clicars.com\/blog\/actualidad\/seat-leon-coche-del-ano-2021-espana\/","title":{"rendered":"Seat Le\u00f3n: coche del A\u00f1o 2021 en Espa\u00f1a\u00a0"},"content":{"rendered":"<p><span style=\"font-weight: 400;\">El<\/span><b> Seat Le\u00f3n<\/b><span style=\"font-weight: 400;\"> fue el Coche del A\u00f1o 2021 en Espa\u00f1a. En este post te contamos por qu\u00e9 el compacto espa\u00f1ol recibi\u00f3 esta distinci\u00f3n y qu\u00e9 significa.\u00a0<\/span><\/p>\n<h2><b>\u00bfQu\u00e9 es el Coche del A\u00f1o 2021 en Espa\u00f1a?<\/b><\/h2>\n<p><span style=\"font-weight: 400;\">El Coche del A\u00f1o en Espa\u00f1a es un premio que se otorga anualmente al mejor coche lanzado en Espa\u00f1a en los \u00faltimos doce meses.\u00a0<\/span><\/p>\n<p><span style=\"font-weight: 400;\">El premio fue creado en 1973 por el peri\u00f3dico ABC tomando como modelo el Coche del A\u00f1o en Europa. El primer galardonado fue el Renault 5 y el <\/span><b>Seat Le\u00f3n<\/b><span style=\"font-weight: 400;\"> fue el Coche del A\u00f1o 2021 en Espa\u00f1a.<\/span><\/p>\n<p><span style=\"font-weight: 400;\">El premio al <\/span><b>Seat Le\u00f3n<\/b><span style=\"font-weight: 400;\"> como Coche del A\u00f1o en Espa\u00f1a 2021 se otorg\u00f3 conforme a las votaciones de 34 periodistas especializados, el voto del p\u00fablico y los suscriptores del peri\u00f3dico ABC.\u00a0<\/span><\/p>\n<p><img loading=\"lazy\" decoding=\"async\" class=\"alignleft size-full wp-image-8785\" src=\"https:\/\/www.clicars.com\/blog\/wp-content\/uploads\/2022\/01\/dcc4487fed042656742a8a6e9983ac3a-6489806-ebdd99a62f0c0c32166891228d5f83f7222588b8-vehicle-gallery-large.jpg\" alt=\"Seat leon segunda mano\" width=\"1800\" height=\"1200\" srcset=\"https:\/\/www.clicars.com\/blog\/wp-content\/uploads\/2022\/01\/dcc4487fed042656742a8a6e9983ac3a-6489806-ebdd99a62f0c0c32166891228d5f83f7222588b8-vehicle-gallery-large.jpg 1800w, https:\/\/www.clicars.com\/blog\/wp-content\/uploads\/2022\/01\/dcc4487fed042656742a8a6e9983ac3a-6489806-ebdd99a62f0c0c32166891228d5f83f7222588b8-vehicle-gallery-large-300x200.jpg 300w, https:\/\/www.clicars.com\/blog\/wp-content\/uploads\/2022\/01\/dcc4487fed042656742a8a6e9983ac3a-6489806-ebdd99a62f0c0c32166891228d5f83f7222588b8-vehicle-gallery-large-1024x683.jpg 1024w, https:\/\/www.clicars.com\/blog\/wp-content\/uploads\/2022\/01\/dcc4487fed042656742a8a6e9983ac3a-6489806-ebdd99a62f0c0c32166891228d5f83f7222588b8-vehicle-gallery-large-768x512.jpg 768w, https:\/\/www.clicars.com\/blog\/wp-content\/uploads\/2022\/01\/dcc4487fed042656742a8a6e9983ac3a-6489806-ebdd99a62f0c0c32166891228d5f83f7222588b8-vehicle-gallery-large-1536x1024.jpg 1536w, https:\/\/www.clicars.com\/blog\/wp-content\/uploads\/2022\/01\/dcc4487fed042656742a8a6e9983ac3a-6489806-ebdd99a62f0c0c32166891228d5f83f7222588b8-vehicle-gallery-large-900x600.jpg 900w\" sizes=\"auto, (max-width: 1800px) 100vw, 1800px\" \/><\/p>\n<h2><b>\u00bfPor qu\u00e9 el Seat Le\u00f3n fue el Coche del A\u00f1o 2021 en Espa\u00f1a?<\/b><\/h2>\n<p><span style=\"font-weight: 400;\">El <\/span><b>Seat Le\u00f3n<\/b><span style=\"font-weight: 400;\"> fue el Coche del A\u00f1o 2021 en Espa\u00f1a por su atractivo dise\u00f1o, teniendo en cuenta la tecnolog\u00eda de iluminaci\u00f3n o su despliegue tecnol\u00f3gico.\u00a0<\/span><\/p>\n<p><span style=\"font-weight: 400;\">Otros elementos que se tuvieron en cuenta fueron la seguridad, la conectividad, el confort, sobre todo en las plazas traseras y la relaci\u00f3n calidad\/precio.\u00a0<\/span><\/p>\n<p><span style=\"font-weight: 400;\">El <\/span><b>Seat Le\u00f3n<\/b><span style=\"font-weight: 400;\"> fue el Coche del A\u00f1o 2021 tambi\u00e9n por su amplia gama de motores, con hasta cinco tecnolog\u00edas distintas de propulsi\u00f3n:<\/span><\/p>\n<ul>\n<li style=\"font-weight: 400;\" aria-level=\"1\"><span style=\"font-weight: 400;\">Gasolina TSI (Etiqueta C de la DGT)<\/span><\/li>\n<li style=\"font-weight: 400;\" aria-level=\"1\"><span style=\"font-weight: 400;\">Di\u00e9sel TDI (Etiqueta C)<\/span><\/li>\n<li style=\"font-weight: 400;\" aria-level=\"1\"><span style=\"font-weight: 400;\">GNC TGI (Etiqueta ECO)<\/span><\/li>\n<li style=\"font-weight: 400;\" aria-level=\"1\"><span style=\"font-weight: 400;\">Micro-h\u00edbrido o \u2018Mild Hybrid\u2019 eTSI (Etiqueta ECO)<\/span><\/li>\n<li style=\"font-weight: 400;\" aria-level=\"1\"><span style=\"font-weight: 400;\">H\u00edbrido enchufable e-Hybrid (Etiqueta Cero Emisiones)<\/span><\/li>\n<\/ul>\n<p><img loading=\"lazy\" decoding=\"async\" class=\"alignleft size-full wp-image-8786\" src=\"https:\/\/www.clicars.com\/blog\/wp-content\/uploads\/2022\/01\/a11e424d4c709119b005cfcead0fa1d7-6489818-ebdd99a62f0c0c32166891228d5f83f7222588b8-vehicle-gallery-large.jpg\" alt=\"seat leon Km0\" width=\"1800\" height=\"1200\" srcset=\"https:\/\/www.clicars.com\/blog\/wp-content\/uploads\/2022\/01\/a11e424d4c709119b005cfcead0fa1d7-6489818-ebdd99a62f0c0c32166891228d5f83f7222588b8-vehicle-gallery-large.jpg 1800w, https:\/\/www.clicars.com\/blog\/wp-content\/uploads\/2022\/01\/a11e424d4c709119b005cfcead0fa1d7-6489818-ebdd99a62f0c0c32166891228d5f83f7222588b8-vehicle-gallery-large-300x200.jpg 300w, https:\/\/www.clicars.com\/blog\/wp-content\/uploads\/2022\/01\/a11e424d4c709119b005cfcead0fa1d7-6489818-ebdd99a62f0c0c32166891228d5f83f7222588b8-vehicle-gallery-large-1024x683.jpg 1024w, https:\/\/www.clicars.com\/blog\/wp-content\/uploads\/2022\/01\/a11e424d4c709119b005cfcead0fa1d7-6489818-ebdd99a62f0c0c32166891228d5f83f7222588b8-vehicle-gallery-large-768x512.jpg 768w, https:\/\/www.clicars.com\/blog\/wp-content\/uploads\/2022\/01\/a11e424d4c709119b005cfcead0fa1d7-6489818-ebdd99a62f0c0c32166891228d5f83f7222588b8-vehicle-gallery-large-1536x1024.jpg 1536w, https:\/\/www.clicars.com\/blog\/wp-content\/uploads\/2022\/01\/a11e424d4c709119b005cfcead0fa1d7-6489818-ebdd99a62f0c0c32166891228d5f83f7222588b8-vehicle-gallery-large-900x600.jpg 900w\" sizes=\"auto, (max-width: 1800px) 100vw, 1800px\" \/><\/p>\n<h2><b>\u00bfCu\u00e1les fueron los candidatos a Coche del A\u00f1o 2021 en Espa\u00f1a?<\/b><\/h2>\n<p><span style=\"font-weight: 400;\">Adem\u00e1s del <\/span><b>Seat Le\u00f3n<\/b><span style=\"font-weight: 400;\">, ganador del Coche del A\u00f1o 2021 en Espa\u00f1a, hubo otros finalistas:<\/span><\/p>\n<ul>\n<li style=\"font-weight: 400;\" aria-level=\"1\"><span style=\"font-weight: 400;\">Audi Q2<\/span><\/li>\n<li style=\"font-weight: 400;\" aria-level=\"1\"><span style=\"font-weight: 400;\">Ford Kuga<\/span><\/li>\n<li style=\"font-weight: 400;\" aria-level=\"1\"><span style=\"font-weight: 400;\">Honda E<\/span><\/li>\n<li style=\"font-weight: 400;\" aria-level=\"1\"><span style=\"font-weight: 400;\">Hyundai i20<\/span><\/li>\n<li style=\"font-weight: 400;\" aria-level=\"1\"><span style=\"font-weight: 400;\">Kia X-Ceed<\/span><\/li>\n<li style=\"font-weight: 400;\" aria-level=\"1\"><span style=\"font-weight: 400;\">Opel Corsa<\/span><\/li>\n<li style=\"font-weight: 400;\" aria-level=\"1\"><span style=\"font-weight: 400;\">Peugeot 2008<\/span><\/li>\n<li style=\"font-weight: 400;\" aria-level=\"1\"><span style=\"font-weight: 400;\">Renault Captur<\/span><\/li>\n<li style=\"font-weight: 400;\" aria-level=\"1\"><span style=\"font-weight: 400;\">Volkswagen ID.3<\/span><\/li>\n<li style=\"font-weight: 400;\" aria-level=\"1\"><span style=\"font-weight: 400;\">Volvo XC40 Recharge<\/span><\/li>\n<\/ul>\n<h2><b>Principales caracter\u00edsticas del Seat Le\u00f3n 2021<\/b><\/h2>\n<p><span style=\"font-weight: 400;\">El <\/span><b>Seat Le\u00f3n<\/b><span style=\"font-weight: 400;\">, Coche del A\u00f1o 2021 en Espa\u00f1a, es un referente en conectividad. La marca espa\u00f1ola invirti\u00f3 m\u00e1s de 1.100 millones para el desarrollo de la cuarta generaci\u00f3n.<\/span><\/p>\n<p><span style=\"font-weight: 400;\">Este nuevo modelo supone una evoluci\u00f3n en dise\u00f1o, tanto en el interior como en el exterior. Tiene un amplio habit\u00e1culo y es muy atractivo, sobre todo en el frontal.\u00a0<\/span><\/p>\n<p><span style=\"font-weight: 400;\">Cuenta con<\/span><span style=\"font-weight: 400;\">\u00a0un buen n\u00famero de asistentes de seguridad y conectividad. Algunos de ellos son:<\/span><\/p>\n<ul>\n<li style=\"font-weight: 400;\" aria-level=\"1\"><span style=\"font-weight: 400;\">Control de Crucero Adaptativo\u00a0<\/span><\/li>\n<li style=\"font-weight: 400;\" aria-level=\"1\"><span style=\"font-weight: 400;\">Sistema de emergencia y asistente en viaje<\/span><\/li>\n<li style=\"font-weight: 400;\" aria-level=\"1\"><span style=\"font-weight: 400;\">Compatibilidad con Android Auto o Apple CarPlay<\/span><\/li>\n<li style=\"font-weight: 400;\" aria-level=\"1\"><span style=\"font-weight: 400;\">Conexi\u00f3n a Internet en todo momento<\/span><\/li>\n<\/ul>\n<p>En definitiva, una gran coche con muchos a\u00f1os de recorrido. Hazte con tu <a href=\"https:\/\/www.clicars.com\/coches-segunda-mano-ocasion\/seat\/leon\">Seat Le\u00f3n de segunda mano y ocasi\u00f3n<\/a> en Clicars.<\/p>\n<p><span style=\"font-weight: 400;\">\u00bfEst\u00e1s pensando en comprar un Seat? En este post de nuestro blog puedes consultar toda la gama completa de la marca espa\u00f1ola.\u00a0<\/span><\/p>\n<ul>\n<li style=\"font-weight: 400;\" aria-level=\"1\"><a href=\"https:\/\/www.clicars.com\/blog\/comparativa\/modelos-seat\/\"><span style=\"font-weight: 400;\">Modelos de Seat: la gama de la marca espa\u00f1ola al completo<\/span><\/a><\/li>\n<\/ul>\n","protected":false},"excerpt":{"rendered":"<p>El Seat Le\u00f3n fue el Coche del A\u00f1o 2021 en Espa\u00f1a. En este post te&#8230;<\/p>\n","protected":false},"author":2,"featured_media":8784,"comment_status":"closed","ping_status":"closed","sticky":false,"template":"","format":"standard","meta":{"footnotes":""},"categories":[5],"tags":[],"class_list":{"0":"post-8783","1":"post","2":"type-post","3":"status-publish","4":"format-standard","5":"has-post-thumbnail","7":"category-actualidad"},"yoast_head":"<!-- This site is optimized with the Yoast SEO plugin v26.8 - https:\/\/yoast.com\/product\/yoast-seo-wordpress\/ -->\n<title>Seat Le\u00f3n: coche del A\u00f1o 2021 en Espa\u00f1a\u00a0- Clicars Blog<\/title>\n<meta name=\"description\" content=\"Analizamos el Seat Le\u00f3n, elegido como coche del a\u00f1o en 2021 en Espa\u00f1a. Un gran coche que no deja indiferente.\" \/>\n<meta name=\"robots\" content=\"index, follow, max-snippet:-1, max-image-preview:large, max-video-preview:-1\" \/>\n<link rel=\"canonical\" href=\"https:\/\/www.clicars.com\/blog\/actualidad\/seat-leon-coche-del-ano-2021-espana\/\" \/>\n<meta property=\"og:locale\" content=\"es_ES\" \/>\n<meta property=\"og:type\" content=\"article\" \/>\n<meta property=\"og:title\" content=\"Seat Le\u00f3n: coche del A\u00f1o 2021 en Espa\u00f1a\u00a0- Clicars Blog\" \/>\n<meta property=\"og:description\" content=\"Analizamos el Seat Le\u00f3n, elegido como coche del a\u00f1o en 2021 en Espa\u00f1a. Un gran coche que no deja indiferente.\" \/>\n<meta property=\"og:url\" content=\"https:\/\/www.clicars.com\/blog\/actualidad\/seat-leon-coche-del-ano-2021-espana\/\" \/>\n<meta property=\"og:site_name\" content=\"Clicars\" \/>\n<meta property=\"article:published_time\" content=\"2022-02-01T07:53:39+00:00\" \/>\n<meta property=\"og:image\" content=\"https:\/\/www.clicars.com\/blog\/wp-content\/uploads\/2022\/01\/5b2566c7e2d3741c1665282bf9158118-6489801-ebdd99a62f0c0c32166891228d5f83f7222588b8-vehicle-gallery-large.jpg\" \/>\n\t<meta property=\"og:image:width\" content=\"1800\" \/>\n\t<meta property=\"og:image:height\" content=\"1200\" \/>\n\t<meta property=\"og:image:type\" content=\"image\/jpeg\" \/>\n<meta name=\"author\" content=\"Clicars\" \/>\n<meta name=\"twitter:card\" content=\"summary_large_image\" \/>\n<meta name=\"twitter:label1\" content=\"Escrito por\" \/>\n\t<meta name=\"twitter:data1\" content=\"Clicars\" \/>\n\t<meta name=\"twitter:label2\" content=\"Tiempo de lectura\" \/>\n\t<meta name=\"twitter:data2\" content=\"3 minutos\" \/>\n<script type=\"application\/ld+json\" class=\"yoast-schema-graph\">{\"@context\":\"https:\/\/schema.org\",\"@graph\":[{\"@type\":\"Article\",\"@id\":\"https:\/\/www.clicars.com\/blog\/actualidad\/seat-leon-coche-del-ano-2021-espana\/#article\",\"isPartOf\":{\"@id\":\"https:\/\/www.clicars.com\/blog\/actualidad\/seat-leon-coche-del-ano-2021-espana\/\"},\"author\":{\"name\":\"Clicars\",\"@id\":\"https:\/\/www.clicars.com\/blog\/#\/schema\/person\/af686c41ba96962c68871392bf2bb62d\"},\"headline\":\"Seat Le\u00f3n: coche del A\u00f1o 2021 en Espa\u00f1a\u00a0\",\"datePublished\":\"2022-02-01T07:53:39+00:00\",\"mainEntityOfPage\":{\"@id\":\"https:\/\/www.clicars.com\/blog\/actualidad\/seat-leon-coche-del-ano-2021-espana\/\"},\"wordCount\":509,\"image\":{\"@id\":\"https:\/\/www.clicars.com\/blog\/actualidad\/seat-leon-coche-del-ano-2021-espana\/#primaryimage\"},\"thumbnailUrl\":\"https:\/\/www.clicars.com\/blog\/wp-content\/uploads\/2022\/01\/5b2566c7e2d3741c1665282bf9158118-6489801-ebdd99a62f0c0c32166891228d5f83f7222588b8-vehicle-gallery-large.jpg\",\"articleSection\":[\"Actualidad\"],\"inLanguage\":\"es\"},{\"@type\":[\"WebPage\",\"ItemPage\"],\"@id\":\"https:\/\/www.clicars.com\/blog\/actualidad\/seat-leon-coche-del-ano-2021-espana\/\",\"url\":\"https:\/\/www.clicars.com\/blog\/actualidad\/seat-leon-coche-del-ano-2021-espana\/\",\"name\":\"Seat Le\u00f3n: coche del A\u00f1o 2021 en Espa\u00f1a\u00a0- Clicars Blog\",\"isPartOf\":{\"@id\":\"https:\/\/www.clicars.com\/blog\/#website\"},\"primaryImageOfPage\":{\"@id\":\"https:\/\/www.clicars.com\/blog\/actualidad\/seat-leon-coche-del-ano-2021-espana\/#primaryimage\"},\"image\":{\"@id\":\"https:\/\/www.clicars.com\/blog\/actualidad\/seat-leon-coche-del-ano-2021-espana\/#primaryimage\"},\"thumbnailUrl\":\"https:\/\/www.clicars.com\/blog\/wp-content\/uploads\/2022\/01\/5b2566c7e2d3741c1665282bf9158118-6489801-ebdd99a62f0c0c32166891228d5f83f7222588b8-vehicle-gallery-large.jpg\",\"datePublished\":\"2022-02-01T07:53:39+00:00\",\"author\":{\"@id\":\"https:\/\/www.clicars.com\/blog\/#\/schema\/person\/af686c41ba96962c68871392bf2bb62d\"},\"description\":\"Analizamos el Seat Le\u00f3n, elegido como coche del a\u00f1o en 2021 en Espa\u00f1a. Un gran coche que no deja indiferente.\",\"breadcrumb\":{\"@id\":\"https:\/\/www.clicars.com\/blog\/actualidad\/seat-leon-coche-del-ano-2021-espana\/#breadcrumb\"},\"inLanguage\":\"es\",\"potentialAction\":[{\"@type\":\"ReadAction\",\"target\":[\"https:\/\/www.clicars.com\/blog\/actualidad\/seat-leon-coche-del-ano-2021-espana\/\"]}]},{\"@type\":\"ImageObject\",\"inLanguage\":\"es\",\"@id\":\"https:\/\/www.clicars.com\/blog\/actualidad\/seat-leon-coche-del-ano-2021-espana\/#primaryimage\",\"url\":\"https:\/\/www.clicars.com\/blog\/wp-content\/uploads\/2022\/01\/5b2566c7e2d3741c1665282bf9158118-6489801-ebdd99a62f0c0c32166891228d5f83f7222588b8-vehicle-gallery-large.jpg\",\"contentUrl\":\"https:\/\/www.clicars.com\/blog\/wp-content\/uploads\/2022\/01\/5b2566c7e2d3741c1665282bf9158118-6489801-ebdd99a62f0c0c32166891228d5f83f7222588b8-vehicle-gallery-large.jpg\",\"width\":1800,\"height\":1200,\"caption\":\"Seat Le\u00f3n coche del a\u00f1o\"},{\"@type\":\"BreadcrumbList\",\"@id\":\"https:\/\/www.clicars.com\/blog\/actualidad\/seat-leon-coche-del-ano-2021-espana\/#breadcrumb\",\"itemListElement\":[{\"@type\":\"ListItem\",\"position\":1,\"name\":\"Portada\",\"item\":\"https:\/\/www.clicars.com\/blog\/\"},{\"@type\":\"ListItem\",\"position\":2,\"name\":\"Seat Le\u00f3n: coche del A\u00f1o 2021 en Espa\u00f1a\u00a0\"}]},{\"@type\":\"WebSite\",\"@id\":\"https:\/\/www.clicars.com\/blog\/#website\",\"url\":\"https:\/\/www.clicars.com\/blog\/\",\"name\":\"Clicars\",\"description\":\"Compra tu coche de Buena Mano sin moverte de casa\",\"inLanguage\":\"es\"},{\"@type\":\"Person\",\"@id\":\"https:\/\/www.clicars.com\/blog\/#\/schema\/person\/af686c41ba96962c68871392bf2bb62d\",\"name\":\"Clicars\",\"image\":{\"@type\":\"ImageObject\",\"inLanguage\":\"es\",\"@id\":\"https:\/\/www.clicars.com\/blog\/#\/schema\/person\/image\/\",\"url\":\"https:\/\/secure.gravatar.com\/avatar\/3100622b0023049db14165cdba9dadaa9159743b871e83e440a0df9a70f80e56?s=96&d=mm&r=g\",\"contentUrl\":\"https:\/\/secure.gravatar.com\/avatar\/3100622b0023049db14165cdba9dadaa9159743b871e83e440a0df9a70f80e56?s=96&d=mm&r=g\",\"caption\":\"Clicars\"},\"sameAs\":[\"https:\/\/www.clicars.com\"],\"url\":\"https:\/\/www.clicars.com\/blog\/author\/clicars\/\"}]}<\/script>\n<!-- \/ Yoast SEO plugin. -->","yoast_head_json":{"title":"Seat Le\u00f3n: coche del A\u00f1o 2021 en Espa\u00f1a\u00a0- Clicars Blog","description":"Analizamos el Seat Le\u00f3n, elegido como coche del a\u00f1o en 2021 en Espa\u00f1a. Un gran coche que no deja indiferente.","robots":{"index":"index","follow":"follow","max-snippet":"max-snippet:-1","max-image-preview":"max-image-preview:large","max-video-preview":"max-video-preview:-1"},"canonical":"https:\/\/www.clicars.com\/blog\/actualidad\/seat-leon-coche-del-ano-2021-espana\/","og_locale":"es_ES","og_type":"article","og_title":"Seat Le\u00f3n: coche del A\u00f1o 2021 en Espa\u00f1a\u00a0- Clicars Blog","og_description":"Analizamos el Seat Le\u00f3n, elegido como coche del a\u00f1o en 2021 en Espa\u00f1a. Un gran coche que no deja indiferente.","og_url":"https:\/\/www.clicars.com\/blog\/actualidad\/seat-leon-coche-del-ano-2021-espana\/","og_site_name":"Clicars","article_published_time":"2022-02-01T07:53:39+00:00","og_image":[{"width":1800,"height":1200,"url":"https:\/\/www.clicars.com\/blog\/wp-content\/uploads\/2022\/01\/5b2566c7e2d3741c1665282bf9158118-6489801-ebdd99a62f0c0c32166891228d5f83f7222588b8-vehicle-gallery-large.jpg","type":"image\/jpeg"}],"author":"Clicars","twitter_card":"summary_large_image","twitter_misc":{"Escrito por":"Clicars","Tiempo de lectura":"3 minutos"},"schema":{"@context":"https:\/\/schema.org","@graph":[{"@type":"Article","@id":"https:\/\/www.clicars.com\/blog\/actualidad\/seat-leon-coche-del-ano-2021-espana\/#article","isPartOf":{"@id":"https:\/\/www.clicars.com\/blog\/actualidad\/seat-leon-coche-del-ano-2021-espana\/"},"author":{"name":"Clicars","@id":"https:\/\/www.clicars.com\/blog\/#\/schema\/person\/af686c41ba96962c68871392bf2bb62d"},"headline":"Seat Le\u00f3n: coche del A\u00f1o 2021 en Espa\u00f1a\u00a0","datePublished":"2022-02-01T07:53:39+00:00","mainEntityOfPage":{"@id":"https:\/\/www.clicars.com\/blog\/actualidad\/seat-leon-coche-del-ano-2021-espana\/"},"wordCount":509,"image":{"@id":"https:\/\/www.clicars.com\/blog\/actualidad\/seat-leon-coche-del-ano-2021-espana\/#primaryimage"},"thumbnailUrl":"https:\/\/www.clicars.com\/blog\/wp-content\/uploads\/2022\/01\/5b2566c7e2d3741c1665282bf9158118-6489801-ebdd99a62f0c0c32166891228d5f83f7222588b8-vehicle-gallery-large.jpg","articleSection":["Actualidad"],"inLanguage":"es"},{"@type":["WebPage","ItemPage"],"@id":"https:\/\/www.clicars.com\/blog\/actualidad\/seat-leon-coche-del-ano-2021-espana\/","url":"https:\/\/www.clicars.com\/blog\/actualidad\/seat-leon-coche-del-ano-2021-espana\/","name":"Seat Le\u00f3n: coche del A\u00f1o 2021 en Espa\u00f1a\u00a0- Clicars Blog","isPartOf":{"@id":"https:\/\/www.clicars.com\/blog\/#website"},"primaryImageOfPage":{"@id":"https:\/\/www.clicars.com\/blog\/actualidad\/seat-leon-coche-del-ano-2021-espana\/#primaryimage"},"image":{"@id":"https:\/\/www.clicars.com\/blog\/actualidad\/seat-leon-coche-del-ano-2021-espana\/#primaryimage"},"thumbnailUrl":"https:\/\/www.clicars.com\/blog\/wp-content\/uploads\/2022\/01\/5b2566c7e2d3741c1665282bf9158118-6489801-ebdd99a62f0c0c32166891228d5f83f7222588b8-vehicle-gallery-large.jpg","datePublished":"2022-02-01T07:53:39+00:00","author":{"@id":"https:\/\/www.clicars.com\/blog\/#\/schema\/person\/af686c41ba96962c68871392bf2bb62d"},"description":"Analizamos el Seat Le\u00f3n, elegido como coche del a\u00f1o en 2021 en Espa\u00f1a. Un gran coche que no deja indiferente.","breadcrumb":{"@id":"https:\/\/www.clicars.com\/blog\/actualidad\/seat-leon-coche-del-ano-2021-espana\/#breadcrumb"},"inLanguage":"es","potentialAction":[{"@type":"ReadAction","target":["https:\/\/www.clicars.com\/blog\/actualidad\/seat-leon-coche-del-ano-2021-espana\/"]}]},{"@type":"ImageObject","inLanguage":"es","@id":"https:\/\/www.clicars.com\/blog\/actualidad\/seat-leon-coche-del-ano-2021-espana\/#primaryimage","url":"https:\/\/www.clicars.com\/blog\/wp-content\/uploads\/2022\/01\/5b2566c7e2d3741c1665282bf9158118-6489801-ebdd99a62f0c0c32166891228d5f83f7222588b8-vehicle-gallery-large.jpg","contentUrl":"https:\/\/www.clicars.com\/blog\/wp-content\/uploads\/2022\/01\/5b2566c7e2d3741c1665282bf9158118-6489801-ebdd99a62f0c0c32166891228d5f83f7222588b8-vehicle-gallery-large.jpg","width":1800,"height":1200,"caption":"Seat Le\u00f3n coche del a\u00f1o"},{"@type":"BreadcrumbList","@id":"https:\/\/www.clicars.com\/blog\/actualidad\/seat-leon-coche-del-ano-2021-espana\/#breadcrumb","itemListElement":[{"@type":"ListItem","position":1,"name":"Portada","item":"https:\/\/www.clicars.com\/blog\/"},{"@type":"ListItem","position":2,"name":"Seat Le\u00f3n: coche del A\u00f1o 2021 en Espa\u00f1a\u00a0"}]},{"@type":"WebSite","@id":"https:\/\/www.clicars.com\/blog\/#website","url":"https:\/\/www.clicars.com\/blog\/","name":"Clicars","description":"Compra tu coche de Buena Mano sin moverte de casa","inLanguage":"es"},{"@type":"Person","@id":"https:\/\/www.clicars.com\/blog\/#\/schema\/person\/af686c41ba96962c68871392bf2bb62d","name":"Clicars","image":{"@type":"ImageObject","inLanguage":"es","@id":"https:\/\/www.clicars.com\/blog\/#\/schema\/person\/image\/","url":"https:\/\/secure.gravatar.com\/avatar\/3100622b0023049db14165cdba9dadaa9159743b871e83e440a0df9a70f80e56?s=96&d=mm&r=g","contentUrl":"https:\/\/secure.gravatar.com\/avatar\/3100622b0023049db14165cdba9dadaa9159743b871e83e440a0df9a70f80e56?s=96&d=mm&r=g","caption":"Clicars"},"sameAs":["https:\/\/www.clicars.com"],"url":"https:\/\/www.clicars.com\/blog\/author\/clicars\/"}]}},"_links":{"self":[{"href":"https:\/\/www.clicars.com\/blog\/wp-json\/wp\/v2\/posts\/8783","targetHints":{"allow":["GET"]}}],"collection":[{"href":"https:\/\/www.clicars.com\/blog\/wp-json\/wp\/v2\/posts"}],"about":[{"href":"https:\/\/www.clicars.com\/blog\/wp-json\/wp\/v2\/types\/post"}],"author":[{"embeddable":true,"href":"https:\/\/www.clicars.com\/blog\/wp-json\/wp\/v2\/users\/2"}],"replies":[{"embeddable":true,"href":"https:\/\/www.clicars.com\/blog\/wp-json\/wp\/v2\/comments?post=8783"}],"version-history":[{"count":1,"href":"https:\/\/www.clicars.com\/blog\/wp-json\/wp\/v2\/posts\/8783\/revisions"}],"predecessor-version":[{"id":8787,"href":"https:\/\/www.clicars.com\/blog\/wp-json\/wp\/v2\/posts\/8783\/revisions\/8787"}],"wp:featuredmedia":[{"embeddable":true,"href":"https:\/\/www.clicars.com\/blog\/wp-json\/wp\/v2\/media\/8784"}],"wp:attachment":[{"href":"https:\/\/www.clicars.com\/blog\/wp-json\/wp\/v2\/media?parent=8783"}],"wp:term":[{"taxonomy":"category","embeddable":true,"href":"https:\/\/www.clicars.com\/blog\/wp-json\/wp\/v2\/categories?post=8783"},{"taxonomy":"post_tag","embeddable":true,"href":"https:\/\/www.clicars.com\/blog\/wp-json\/wp\/v2\/tags?post=8783"}],"curies":[{"name":"wp","href":"https:\/\/api.w.org\/{rel}","templated":true}]}}