{"id":8807,"date":"2022-02-04T12:13:27","date_gmt":"2022-02-04T10:13:27","guid":{"rendered":"https:\/\/www.clicars.com\/blog\/?p=8807"},"modified":"2022-10-31T18:42:06","modified_gmt":"2022-10-31T16:42:06","slug":"como-matricular-un-coche-electrico","status":"publish","type":"post","link":"https:\/\/www.clicars.com\/blog\/coches-eco\/como-matricular-un-coche-electrico\/","title":{"rendered":"\u00bfC\u00f3mo matricular un coche el\u00e9ctrico?"},"content":{"rendered":"<p><span style=\"font-weight: 400;\">Est\u00e1s pensando en <\/span><b>comprarte un coche el\u00e9ctrico<\/b><span style=\"font-weight: 400;\">, pero te surgen muchas dudas respecto a su matriculaci\u00f3n. No te preocupes, est\u00e1s en el lugar correcto. Antes de nada, debes saber que <\/span><b>matricular un coche el\u00e9ctrico<\/b><span style=\"font-weight: 400;\"> es uno de los tr\u00e1mites m\u00e1s importantes a la hora de comprar un coche. Es importante recordar que este tipo de veh\u00edculos cuentan con bonificaciones en el impuesto de matriculaci\u00f3n.<\/span><\/p>\n<p><span style=\"font-weight: 400;\">Lo m\u00e1s habitual es que sea el propio concesionario el que se encargue del proceso de matriculaci\u00f3n de un coche, independientemente de que sea el\u00e9ctrico o no, pero vamos a detallar cuales son los <\/span><b>pasos para matricular un coche el\u00e9ctrico por si lo quieres hacer t\u00fa mismo.<\/b><\/p>\n<h2><b>Pasos para matricular un coche el\u00e9ctrico<\/b><\/h2>\n<p><span style=\"font-weight: 400;\">Lo primero que debes hacer si quieres matricular tu coche el\u00e9ctrico es solicitar una cita previa en la <\/span><b>Jefatura Provincial de Tr\u00e1fico<\/b><span style=\"font-weight: 400;\"> m\u00e1s cercana a tu domicilio. La puedes tramitar a trav\u00e9s de la p\u00e1gina web de la <\/span><b>Direcci\u00f3n General de Tr\u00e1fico<\/b><span style=\"font-weight: 400;\"> y descargando el<\/span><a href=\"https:\/\/sede.dgt.gob.es\/sede-estaticos\/Galerias\/modelos-solicitud\/01\/Mod.01-ES.pdf\"> <span style=\"font-weight: 400;\">formulario correspondiente<\/span><\/a><span style=\"font-weight: 400;\">.<\/span><\/p>\n<p><span style=\"font-weight: 400;\">Al tratarse de un coche el\u00e9ctrico con cero emisiones, debes saber que est\u00e1 <\/span><b>exento de abonar el impuesto de matriculaci\u00f3n<\/b><span style=\"font-weight: 400;\">, por ese motivo, tendr\u00e1s que dirigirte a la Delegaci\u00f3n de Hacienda m\u00e1s cercana a tu domicilio,<\/span><a href=\"https:\/\/sede.agenciatributaria.gob.es\/Sede\/nuevasede.html\"> <span style=\"font-weight: 400;\">aqu\u00ed puedes pedir la cita<\/span><\/a><span style=\"font-weight: 400;\">, y llevar la ficha t\u00e9cnica provisional que te hayan facilitado en el concesionario.<\/span><\/p>\n<p><span style=\"font-weight: 400;\">Con toda la documentaci\u00f3n ya preparada, el siguiente paso es acercarte al ayuntamiento de tu localidad o a la oficina liquidadora y solicitar el <\/span><b>formulario de autoliquidaci\u00f3n<\/b><span style=\"font-weight: 400;\"> de la declaraci\u00f3n de alta en el impuesto sobre veh\u00edculos de tracci\u00f3n mec\u00e1nica. Esto no es otra cosa que el famoso \u201cnumerito\u201d. Guarda una copia ya que la tendr\u00e1s que presentar en la Direcci\u00f3n General de Tr\u00e1fico. Algunos consistorios tienen bonificaciones en el IVTM; en el caso de <a href=\"https:\/\/www.clicars.com\/coches-segunda-mano-ocasion\/madrid\">Madrid<\/a> es el <\/span><b>75% sobre la tasa<\/b><span style=\"font-weight: 400;\"> y viene determinado por la potencia fiscal del modelo.<\/span><\/p>\n<h2><b>Documentaci\u00f3n a presentar en la Direcci\u00f3n General de Tr\u00e1fico<\/b><\/h2>\n<p><span style=\"font-weight: 400;\">El d\u00eda de la cita deber\u00e1s llevar contigo esta documentaci\u00f3n y abonar la <\/span><b>tasa de matriculaci\u00f3n de 95,80 euros.<\/b><\/p>\n<ul>\n<li style=\"font-weight: 400;\" aria-level=\"1\"><span style=\"font-weight: 400;\">Fotocopia y original del DNI del titular del veh\u00edculo.<\/span><\/li>\n<li style=\"font-weight: 400;\" aria-level=\"1\"><span style=\"font-weight: 400;\">Factura de compra del veh\u00edculo.<\/span><\/li>\n<li style=\"font-weight: 400;\" aria-level=\"1\"><span style=\"font-weight: 400;\">Ficha t\u00e9cnica provisional que te la facilitar\u00e1 el concesionario.<\/span><\/li>\n<li style=\"font-weight: 400;\" aria-level=\"1\"><span style=\"font-weight: 400;\">Documento de exenci\u00f3n del impuesto de matriculaci\u00f3n.<\/span><\/li>\n<li style=\"font-weight: 400;\" aria-level=\"1\"><span style=\"font-weight: 400;\">Documento de autoliquidaci\u00f3n del IVTM.<\/span><\/li>\n<li style=\"font-weight: 400;\" aria-level=\"1\"><span style=\"font-weight: 400;\">Formulario DGT.<\/span><\/li>\n<\/ul>\n<p><span style=\"font-weight: 400;\">Una vez tramitado, te facilitar\u00e1n el permiso de circulaci\u00f3n, la tarjeta de inspecci\u00f3n t\u00e9cnica de veh\u00edculos con la matr\u00edcula que se te ha asignado y el<\/span><a href=\"https:\/\/www.clicars.com\/blog\/actualidad\/coches-etiqueta-cero\/\"> <span style=\"font-weight: 400;\">distintivo medioambiental CERO de la DGT<\/span><\/a><span style=\"font-weight: 400;\">. A continuaci\u00f3n, tendr\u00e1s que hacer las <\/span><b>placas de matr\u00edcula<\/b><span style=\"font-weight: 400;\"> en un establecimiento autorizado.<\/span><\/p>\n<p><span style=\"font-weight: 400;\">Si hacemos un repaso, el gasto total de matricular un coche el\u00e9ctrico por nuestra cuenta asciende a unos <\/span><b>140 euros.<\/b><span style=\"font-weight: 400;\"> La opci\u00f3n m\u00e1s sencilla es que el concesionario lleve a cabo estos tr\u00e1mites, el precio es de unos 250-300 euros, pero no tendr\u00e1s que perder tiempo dirigi\u00e9ndote a todas las oficinas.\u00a0<\/span><\/p>\n<p><span style=\"font-weight: 400;\">Una de las opciones m\u00e1s interesantes para comprar un coche el\u00e9ctrico te la damos en <\/span><b>Clicars.<\/b><span style=\"font-weight: 400;\"> Tenemos una gran variedad de coches el\u00e9ctricos a tu disposici\u00f3n con un precio incre\u00edble y no tendr\u00e1s que pagar el <\/span><b>impuesto de matriculaci\u00f3n<\/b><span style=\"font-weight: 400;\">. \u00bfA qu\u00e9 esperas para elegir un <\/span><a href=\"https:\/\/www.clicars.com\/coches-segunda-mano-ocasion\/electrico\"><span style=\"font-weight: 400;\">coche el\u00e9ctrico de segunda mano<\/span><\/a><span style=\"font-weight: 400;\">?<\/span><\/p>\n","protected":false},"excerpt":{"rendered":"<p>Est\u00e1s pensando en comprarte un coche el\u00e9ctrico, pero te surgen muchas dudas respecto a su&#8230;<\/p>\n","protected":false},"author":2,"featured_media":8808,"comment_status":"closed","ping_status":"closed","sticky":false,"template":"","format":"standard","meta":{"footnotes":""},"categories":[828],"tags":[],"class_list":{"0":"post-8807","1":"post","2":"type-post","3":"status-publish","4":"format-standard","5":"has-post-thumbnail","7":"category-coches-eco"},"yoast_head":"<!-- This site is optimized with the Yoast SEO plugin v26.8 - https:\/\/yoast.com\/product\/yoast-seo-wordpress\/ -->\n<title>\u00bfC\u00f3mo matricular un coche el\u00e9ctrico? - Clicars Blog<\/title>\n<meta name=\"description\" content=\"\u00bfQuieres saber c\u00f3mo matricular tu coche el\u00e9ctrico? Te contamos aqu\u00ed todo lo que tienes que hacer. \u00a1No te lo pierdas!\" \/>\n<meta name=\"robots\" content=\"index, follow, max-snippet:-1, max-image-preview:large, max-video-preview:-1\" \/>\n<link rel=\"canonical\" href=\"https:\/\/www.clicars.com\/blog\/coches-eco\/como-matricular-un-coche-electrico\/\" \/>\n<meta property=\"og:locale\" content=\"es_ES\" \/>\n<meta property=\"og:type\" content=\"article\" \/>\n<meta property=\"og:title\" content=\"\u00bfC\u00f3mo matricular un coche el\u00e9ctrico? - Clicars Blog\" \/>\n<meta property=\"og:description\" content=\"\u00bfQuieres saber c\u00f3mo matricular tu coche el\u00e9ctrico? Te contamos aqu\u00ed todo lo que tienes que hacer. \u00a1No te lo pierdas!\" \/>\n<meta property=\"og:url\" content=\"https:\/\/www.clicars.com\/blog\/coches-eco\/como-matricular-un-coche-electrico\/\" \/>\n<meta property=\"og:site_name\" content=\"Clicars\" \/>\n<meta property=\"article:published_time\" content=\"2022-02-04T10:13:27+00:00\" \/>\n<meta property=\"article:modified_time\" content=\"2022-10-31T16:42:06+00:00\" \/>\n<meta property=\"og:image\" content=\"https:\/\/www.clicars.com\/blog\/wp-content\/uploads\/2022\/02\/kia-soul-matricular-electrico-scaled.jpg\" \/>\n\t<meta property=\"og:image:width\" content=\"2560\" \/>\n\t<meta property=\"og:image:height\" content=\"1707\" \/>\n\t<meta property=\"og:image:type\" content=\"image\/jpeg\" \/>\n<meta name=\"author\" content=\"Clicars\" \/>\n<meta name=\"twitter:card\" content=\"summary_large_image\" \/>\n<meta name=\"twitter:label1\" content=\"Escrito por\" \/>\n\t<meta name=\"twitter:data1\" content=\"Clicars\" \/>\n\t<meta name=\"twitter:label2\" content=\"Tiempo de lectura\" \/>\n\t<meta name=\"twitter:data2\" content=\"3 minutos\" \/>\n<script type=\"application\/ld+json\" class=\"yoast-schema-graph\">{\"@context\":\"https:\/\/schema.org\",\"@graph\":[{\"@type\":\"Article\",\"@id\":\"https:\/\/www.clicars.com\/blog\/coches-eco\/como-matricular-un-coche-electrico\/#article\",\"isPartOf\":{\"@id\":\"https:\/\/www.clicars.com\/blog\/coches-eco\/como-matricular-un-coche-electrico\/\"},\"author\":{\"name\":\"Clicars\",\"@id\":\"https:\/\/www.clicars.com\/blog\/#\/schema\/person\/af686c41ba96962c68871392bf2bb62d\"},\"headline\":\"\u00bfC\u00f3mo matricular un coche el\u00e9ctrico?\",\"datePublished\":\"2022-02-04T10:13:27+00:00\",\"dateModified\":\"2022-10-31T16:42:06+00:00\",\"mainEntityOfPage\":{\"@id\":\"https:\/\/www.clicars.com\/blog\/coches-eco\/como-matricular-un-coche-electrico\/\"},\"wordCount\":596,\"image\":{\"@id\":\"https:\/\/www.clicars.com\/blog\/coches-eco\/como-matricular-un-coche-electrico\/#primaryimage\"},\"thumbnailUrl\":\"https:\/\/www.clicars.com\/blog\/wp-content\/uploads\/2022\/02\/kia-soul-matricular-electrico-scaled.jpg\",\"articleSection\":[\"Coches ECO\"],\"inLanguage\":\"es\"},{\"@type\":[\"WebPage\",\"ItemPage\"],\"@id\":\"https:\/\/www.clicars.com\/blog\/coches-eco\/como-matricular-un-coche-electrico\/\",\"url\":\"https:\/\/www.clicars.com\/blog\/coches-eco\/como-matricular-un-coche-electrico\/\",\"name\":\"\u00bfC\u00f3mo matricular un coche el\u00e9ctrico? - Clicars Blog\",\"isPartOf\":{\"@id\":\"https:\/\/www.clicars.com\/blog\/#website\"},\"primaryImageOfPage\":{\"@id\":\"https:\/\/www.clicars.com\/blog\/coches-eco\/como-matricular-un-coche-electrico\/#primaryimage\"},\"image\":{\"@id\":\"https:\/\/www.clicars.com\/blog\/coches-eco\/como-matricular-un-coche-electrico\/#primaryimage\"},\"thumbnailUrl\":\"https:\/\/www.clicars.com\/blog\/wp-content\/uploads\/2022\/02\/kia-soul-matricular-electrico-scaled.jpg\",\"datePublished\":\"2022-02-04T10:13:27+00:00\",\"dateModified\":\"2022-10-31T16:42:06+00:00\",\"author\":{\"@id\":\"https:\/\/www.clicars.com\/blog\/#\/schema\/person\/af686c41ba96962c68871392bf2bb62d\"},\"description\":\"\u00bfQuieres saber c\u00f3mo matricular tu coche el\u00e9ctrico? Te contamos aqu\u00ed todo lo que tienes que hacer. \u00a1No te lo pierdas!\",\"breadcrumb\":{\"@id\":\"https:\/\/www.clicars.com\/blog\/coches-eco\/como-matricular-un-coche-electrico\/#breadcrumb\"},\"inLanguage\":\"es\",\"potentialAction\":[{\"@type\":\"ReadAction\",\"target\":[\"https:\/\/www.clicars.com\/blog\/coches-eco\/como-matricular-un-coche-electrico\/\"]}]},{\"@type\":\"ImageObject\",\"inLanguage\":\"es\",\"@id\":\"https:\/\/www.clicars.com\/blog\/coches-eco\/como-matricular-un-coche-electrico\/#primaryimage\",\"url\":\"https:\/\/www.clicars.com\/blog\/wp-content\/uploads\/2022\/02\/kia-soul-matricular-electrico-scaled.jpg\",\"contentUrl\":\"https:\/\/www.clicars.com\/blog\/wp-content\/uploads\/2022\/02\/kia-soul-matricular-electrico-scaled.jpg\",\"width\":2560,\"height\":1707,\"caption\":\"matricular coche el\u00e9ctrico\"},{\"@type\":\"BreadcrumbList\",\"@id\":\"https:\/\/www.clicars.com\/blog\/coches-eco\/como-matricular-un-coche-electrico\/#breadcrumb\",\"itemListElement\":[{\"@type\":\"ListItem\",\"position\":1,\"name\":\"Portada\",\"item\":\"https:\/\/www.clicars.com\/blog\/\"},{\"@type\":\"ListItem\",\"position\":2,\"name\":\"\u00bfC\u00f3mo matricular un coche el\u00e9ctrico?\"}]},{\"@type\":\"WebSite\",\"@id\":\"https:\/\/www.clicars.com\/blog\/#website\",\"url\":\"https:\/\/www.clicars.com\/blog\/\",\"name\":\"Clicars\",\"description\":\"Compra tu coche de Buena Mano sin moverte de casa\",\"inLanguage\":\"es\"},{\"@type\":\"Person\",\"@id\":\"https:\/\/www.clicars.com\/blog\/#\/schema\/person\/af686c41ba96962c68871392bf2bb62d\",\"name\":\"Clicars\",\"image\":{\"@type\":\"ImageObject\",\"inLanguage\":\"es\",\"@id\":\"https:\/\/www.clicars.com\/blog\/#\/schema\/person\/image\/\",\"url\":\"https:\/\/secure.gravatar.com\/avatar\/3100622b0023049db14165cdba9dadaa9159743b871e83e440a0df9a70f80e56?s=96&d=mm&r=g\",\"contentUrl\":\"https:\/\/secure.gravatar.com\/avatar\/3100622b0023049db14165cdba9dadaa9159743b871e83e440a0df9a70f80e56?s=96&d=mm&r=g\",\"caption\":\"Clicars\"},\"sameAs\":[\"https:\/\/www.clicars.com\"],\"url\":\"https:\/\/www.clicars.com\/blog\/author\/clicars\/\"}]}<\/script>\n<!-- \/ Yoast SEO plugin. -->","yoast_head_json":{"title":"\u00bfC\u00f3mo matricular un coche el\u00e9ctrico? - Clicars Blog","description":"\u00bfQuieres saber c\u00f3mo matricular tu coche el\u00e9ctrico? Te contamos aqu\u00ed todo lo que tienes que hacer. \u00a1No te lo pierdas!","robots":{"index":"index","follow":"follow","max-snippet":"max-snippet:-1","max-image-preview":"max-image-preview:large","max-video-preview":"max-video-preview:-1"},"canonical":"https:\/\/www.clicars.com\/blog\/coches-eco\/como-matricular-un-coche-electrico\/","og_locale":"es_ES","og_type":"article","og_title":"\u00bfC\u00f3mo matricular un coche el\u00e9ctrico? - Clicars Blog","og_description":"\u00bfQuieres saber c\u00f3mo matricular tu coche el\u00e9ctrico? Te contamos aqu\u00ed todo lo que tienes que hacer. \u00a1No te lo pierdas!","og_url":"https:\/\/www.clicars.com\/blog\/coches-eco\/como-matricular-un-coche-electrico\/","og_site_name":"Clicars","article_published_time":"2022-02-04T10:13:27+00:00","article_modified_time":"2022-10-31T16:42:06+00:00","og_image":[{"width":2560,"height":1707,"url":"https:\/\/www.clicars.com\/blog\/wp-content\/uploads\/2022\/02\/kia-soul-matricular-electrico-scaled.jpg","type":"image\/jpeg"}],"author":"Clicars","twitter_card":"summary_large_image","twitter_misc":{"Escrito por":"Clicars","Tiempo de lectura":"3 minutos"},"schema":{"@context":"https:\/\/schema.org","@graph":[{"@type":"Article","@id":"https:\/\/www.clicars.com\/blog\/coches-eco\/como-matricular-un-coche-electrico\/#article","isPartOf":{"@id":"https:\/\/www.clicars.com\/blog\/coches-eco\/como-matricular-un-coche-electrico\/"},"author":{"name":"Clicars","@id":"https:\/\/www.clicars.com\/blog\/#\/schema\/person\/af686c41ba96962c68871392bf2bb62d"},"headline":"\u00bfC\u00f3mo matricular un coche el\u00e9ctrico?","datePublished":"2022-02-04T10:13:27+00:00","dateModified":"2022-10-31T16:42:06+00:00","mainEntityOfPage":{"@id":"https:\/\/www.clicars.com\/blog\/coches-eco\/como-matricular-un-coche-electrico\/"},"wordCount":596,"image":{"@id":"https:\/\/www.clicars.com\/blog\/coches-eco\/como-matricular-un-coche-electrico\/#primaryimage"},"thumbnailUrl":"https:\/\/www.clicars.com\/blog\/wp-content\/uploads\/2022\/02\/kia-soul-matricular-electrico-scaled.jpg","articleSection":["Coches ECO"],"inLanguage":"es"},{"@type":["WebPage","ItemPage"],"@id":"https:\/\/www.clicars.com\/blog\/coches-eco\/como-matricular-un-coche-electrico\/","url":"https:\/\/www.clicars.com\/blog\/coches-eco\/como-matricular-un-coche-electrico\/","name":"\u00bfC\u00f3mo matricular un coche el\u00e9ctrico? - Clicars Blog","isPartOf":{"@id":"https:\/\/www.clicars.com\/blog\/#website"},"primaryImageOfPage":{"@id":"https:\/\/www.clicars.com\/blog\/coches-eco\/como-matricular-un-coche-electrico\/#primaryimage"},"image":{"@id":"https:\/\/www.clicars.com\/blog\/coches-eco\/como-matricular-un-coche-electrico\/#primaryimage"},"thumbnailUrl":"https:\/\/www.clicars.com\/blog\/wp-content\/uploads\/2022\/02\/kia-soul-matricular-electrico-scaled.jpg","datePublished":"2022-02-04T10:13:27+00:00","dateModified":"2022-10-31T16:42:06+00:00","author":{"@id":"https:\/\/www.clicars.com\/blog\/#\/schema\/person\/af686c41ba96962c68871392bf2bb62d"},"description":"\u00bfQuieres saber c\u00f3mo matricular tu coche el\u00e9ctrico? Te contamos aqu\u00ed todo lo que tienes que hacer. \u00a1No te lo pierdas!","breadcrumb":{"@id":"https:\/\/www.clicars.com\/blog\/coches-eco\/como-matricular-un-coche-electrico\/#breadcrumb"},"inLanguage":"es","potentialAction":[{"@type":"ReadAction","target":["https:\/\/www.clicars.com\/blog\/coches-eco\/como-matricular-un-coche-electrico\/"]}]},{"@type":"ImageObject","inLanguage":"es","@id":"https:\/\/www.clicars.com\/blog\/coches-eco\/como-matricular-un-coche-electrico\/#primaryimage","url":"https:\/\/www.clicars.com\/blog\/wp-content\/uploads\/2022\/02\/kia-soul-matricular-electrico-scaled.jpg","contentUrl":"https:\/\/www.clicars.com\/blog\/wp-content\/uploads\/2022\/02\/kia-soul-matricular-electrico-scaled.jpg","width":2560,"height":1707,"caption":"matricular coche el\u00e9ctrico"},{"@type":"BreadcrumbList","@id":"https:\/\/www.clicars.com\/blog\/coches-eco\/como-matricular-un-coche-electrico\/#breadcrumb","itemListElement":[{"@type":"ListItem","position":1,"name":"Portada","item":"https:\/\/www.clicars.com\/blog\/"},{"@type":"ListItem","position":2,"name":"\u00bfC\u00f3mo matricular un coche el\u00e9ctrico?"}]},{"@type":"WebSite","@id":"https:\/\/www.clicars.com\/blog\/#website","url":"https:\/\/www.clicars.com\/blog\/","name":"Clicars","description":"Compra tu coche de Buena Mano sin moverte de casa","inLanguage":"es"},{"@type":"Person","@id":"https:\/\/www.clicars.com\/blog\/#\/schema\/person\/af686c41ba96962c68871392bf2bb62d","name":"Clicars","image":{"@type":"ImageObject","inLanguage":"es","@id":"https:\/\/www.clicars.com\/blog\/#\/schema\/person\/image\/","url":"https:\/\/secure.gravatar.com\/avatar\/3100622b0023049db14165cdba9dadaa9159743b871e83e440a0df9a70f80e56?s=96&d=mm&r=g","contentUrl":"https:\/\/secure.gravatar.com\/avatar\/3100622b0023049db14165cdba9dadaa9159743b871e83e440a0df9a70f80e56?s=96&d=mm&r=g","caption":"Clicars"},"sameAs":["https:\/\/www.clicars.com"],"url":"https:\/\/www.clicars.com\/blog\/author\/clicars\/"}]}},"_links":{"self":[{"href":"https:\/\/www.clicars.com\/blog\/wp-json\/wp\/v2\/posts\/8807","targetHints":{"allow":["GET"]}}],"collection":[{"href":"https:\/\/www.clicars.com\/blog\/wp-json\/wp\/v2\/posts"}],"about":[{"href":"https:\/\/www.clicars.com\/blog\/wp-json\/wp\/v2\/types\/post"}],"author":[{"embeddable":true,"href":"https:\/\/www.clicars.com\/blog\/wp-json\/wp\/v2\/users\/2"}],"replies":[{"embeddable":true,"href":"https:\/\/www.clicars.com\/blog\/wp-json\/wp\/v2\/comments?post=8807"}],"version-history":[{"count":2,"href":"https:\/\/www.clicars.com\/blog\/wp-json\/wp\/v2\/posts\/8807\/revisions"}],"predecessor-version":[{"id":10368,"href":"https:\/\/www.clicars.com\/blog\/wp-json\/wp\/v2\/posts\/8807\/revisions\/10368"}],"wp:featuredmedia":[{"embeddable":true,"href":"https:\/\/www.clicars.com\/blog\/wp-json\/wp\/v2\/media\/8808"}],"wp:attachment":[{"href":"https:\/\/www.clicars.com\/blog\/wp-json\/wp\/v2\/media?parent=8807"}],"wp:term":[{"taxonomy":"category","embeddable":true,"href":"https:\/\/www.clicars.com\/blog\/wp-json\/wp\/v2\/categories?post=8807"},{"taxonomy":"post_tag","embeddable":true,"href":"https:\/\/www.clicars.com\/blog\/wp-json\/wp\/v2\/tags?post=8807"}],"curies":[{"name":"wp","href":"https:\/\/api.w.org\/{rel}","templated":true}]}}