{"id":8834,"date":"2022-02-11T11:53:01","date_gmt":"2022-02-11T09:53:01","guid":{"rendered":"https:\/\/www.clicars.com\/blog\/?p=8834"},"modified":"2025-04-29T17:12:06","modified_gmt":"2025-04-29T15:12:06","slug":"coches-electricos-mas-vendidos-en-espana","status":"publish","type":"post","link":"https:\/\/www.clicars.com\/blog\/coches-eco\/coches-electricos-mas-vendidos-en-espana\/","title":{"rendered":"\u00a1Atento a las chispas! Estos son los coches el\u00e9ctricos m\u00e1s vendidos en Espa\u00f1a"},"content":{"rendered":"<p><span style=\"font-weight: 400;\">La <\/span><b>movilidad el\u00e9ctrica<\/b><span style=\"font-weight: 400;\"> est\u00e1 despegando en Espa\u00f1a y cada vez son m\u00e1s los usuarios que est\u00e1n dando el salto a los <\/span><b>coches con cero emisiones<\/b><span style=\"font-weight: 400;\">. La buena acogida de este tipo de modelos se va a ver a corto plazo y es que este a\u00f1o, tres de cada diez coches nuevos ser\u00e1n completamente el\u00e9ctricos. Si est\u00e1s pensando en cambiar de coche, te presentamos los <\/span><b>coches el\u00e9ctricos m\u00e1s vendidos en Espa\u00f1a<\/b><span style=\"font-weight: 400;\">; adem\u00e1s, los <a href=\"https:\/\/www.clicars.com\/coches-segunda-mano-ocasion\/electrico\">coches el\u00e9ctricos de segunda mano<\/a> est\u00e1n disponibles en Clicars<\/span><span style=\"font-weight: 400;\">.<\/span><\/p>\n<p><span style=\"font-weight: 400;\">Durante el pasado a\u00f1o, se matricularon <\/span><b>27.769 unidades<\/b><span style=\"font-weight: 400;\"> de coches el\u00e9ctricos, lo que supone un aumento de casi el 40% si se compara con los datos de 2020. Ahora bien, \u00bfqu\u00e9 pasar\u00e1 este 2022? Tendremos que esperar, mientras tanto, vamos a conocer a los coches el\u00e9ctricos m\u00e1s vendidos en Espa\u00f1a.<\/span><\/p>\n<h2><span style=\"font-weight: 400;\">\u00a0<\/span><b>Tesla Model 3<\/b><\/h2>\n<p><span style=\"font-weight: 400;\">El <\/span><span style=\"font-weight: 400;\">Tesla Model 3<\/span><span style=\"font-weight: 400;\"> se ha convertido en el <\/span><b>coche el\u00e9ctrico m\u00e1s vendido en Espa\u00f1a<\/b><span style=\"font-weight: 400;\"> durante el a\u00f1o 2021. Esta berlina ha conseguido llegar al coraz\u00f3n de m\u00e1s de <\/span><b>2.853 conductores.<\/b><span style=\"font-weight: 400;\"> Tiene una longitud de 4,69 metros y se puede elegir con hasta tres potencias diferentes; 325, 351 y 480 CV, lo que sugiere autonom\u00edas el\u00e9ctricas de 491, 614 y 547 kil\u00f3metros respectivamente.<\/span><\/p>\n<p><span style=\"font-weight: 400;\"><img loading=\"lazy\" decoding=\"async\" class=\"alignleft wp-image-8836 size-full\" src=\"https:\/\/www.clicars.com\/blog\/wp-content\/uploads\/2022\/02\/031feb82abe2713c11da6441fcf99842-5398022-ebdd99a62f0c0c32166891228d5f83f7222588b8-vehicle-gallery-large-1.jpg\" alt=\"coche el\u00e9ctrico tesla model 3\" width=\"1800\" height=\"1200\" srcset=\"https:\/\/www.clicars.com\/blog\/wp-content\/uploads\/2022\/02\/031feb82abe2713c11da6441fcf99842-5398022-ebdd99a62f0c0c32166891228d5f83f7222588b8-vehicle-gallery-large-1.jpg 1800w, https:\/\/www.clicars.com\/blog\/wp-content\/uploads\/2022\/02\/031feb82abe2713c11da6441fcf99842-5398022-ebdd99a62f0c0c32166891228d5f83f7222588b8-vehicle-gallery-large-1-300x200.jpg 300w, https:\/\/www.clicars.com\/blog\/wp-content\/uploads\/2022\/02\/031feb82abe2713c11da6441fcf99842-5398022-ebdd99a62f0c0c32166891228d5f83f7222588b8-vehicle-gallery-large-1-1024x683.jpg 1024w, https:\/\/www.clicars.com\/blog\/wp-content\/uploads\/2022\/02\/031feb82abe2713c11da6441fcf99842-5398022-ebdd99a62f0c0c32166891228d5f83f7222588b8-vehicle-gallery-large-1-768x512.jpg 768w, https:\/\/www.clicars.com\/blog\/wp-content\/uploads\/2022\/02\/031feb82abe2713c11da6441fcf99842-5398022-ebdd99a62f0c0c32166891228d5f83f7222588b8-vehicle-gallery-large-1-1536x1024.jpg 1536w, https:\/\/www.clicars.com\/blog\/wp-content\/uploads\/2022\/02\/031feb82abe2713c11da6441fcf99842-5398022-ebdd99a62f0c0c32166891228d5f83f7222588b8-vehicle-gallery-large-1-900x600.jpg 900w\" sizes=\"auto, (max-width: 1800px) 100vw, 1800px\" \/><\/span><\/p>\n<p><span style=\"font-weight: 400;\">El <\/span><b>Tesla Model 3<\/b><span style=\"font-weight: 400;\"> destaca por sus interiores sin apenas botones f\u00edsicos. El salpicadero est\u00e1 presidido por una gran pantalla central en posici\u00f3n vertical. Por su precio sin impuestos, no se pueden solicitar las ayudas del <\/span><span style=\"font-weight: 400;\">Plan MOVES III<\/span><span style=\"font-weight: 400;\">. Es importante destacar que la marca tiene una lista de espera de unos cuatro meses.<\/span><\/p>\n<h2><b>Kia e-Niro<\/b><\/h2>\n<p><span style=\"font-weight: 400;\">La medalla de plata la ha conseguido el <\/span><b>Kia e-Niro<\/b><span style=\"font-weight: 400;\">. La segunda generaci\u00f3n del modelo est\u00e1 calentando bater\u00edas. Durante el pasado a\u00f1o, se han vendido <\/span><b>1.715 unidades<\/b><span style=\"font-weight: 400;\">. Tiene un precio de salida cercano a los 36.000 euros, pero los conductores pueden solicitar las ayudas del Plan MOVES III.<\/span><\/p>\n<p><span style=\"font-weight: 400;\">Este SUV completamente el\u00e9ctrico es ideal para el d\u00eda a d\u00eda con tu familia. Entre su equipamiento destaca su conectividad, su pantalla que gestiona el sistema de informaci\u00f3n y entretenimiento y su c\u00e1mara trasera.<\/span><\/p>\n<h2><span style=\"font-weight: 400;\">Renault ZOE<\/span><\/h2>\n<p><span style=\"font-weight: 400;\">El p\u00f3dium lo cierra el <\/span><b>Renault ZOE<\/b><span style=\"font-weight: 400;\">. Este urbano es uno de los coches el\u00e9ctricos que m\u00e1s tiempo lleva en el mercado. Ha conseguido matricular <\/span><b>1.373 unidades<\/b><span style=\"font-weight: 400;\">, nada mal para un coche de sus caracter\u00edsticas. Este urbanita tiene una autonom\u00eda de 390 kil\u00f3metros seg\u00fan el ciclo de homologaciones WLTP y una potencia de 135 CV. A diferencia de otros modelos, la toma de carga se encuentra en el frontal; justo debajo de la insignia del rombo.<\/span><\/p>\n<p><span style=\"font-weight: 400;\">En su interior, cuenta con dos pantallas; una de diez pulgadas que hace las veces de cuadro de instrumentos digital y otra de 9,3 pulgadas vertical que preside el salpicadero.<\/span><\/p>\n<p><img loading=\"lazy\" decoding=\"async\" class=\"alignleft wp-image-8837 size-full\" src=\"https:\/\/www.clicars.com\/blog\/wp-content\/uploads\/2022\/02\/zoe.jpg\" alt=\"coche el\u00e9ctrico renault zoe\" width=\"1800\" height=\"1200\" srcset=\"https:\/\/www.clicars.com\/blog\/wp-content\/uploads\/2022\/02\/zoe.jpg 1800w, https:\/\/www.clicars.com\/blog\/wp-content\/uploads\/2022\/02\/zoe-300x200.jpg 300w, https:\/\/www.clicars.com\/blog\/wp-content\/uploads\/2022\/02\/zoe-1024x683.jpg 1024w, https:\/\/www.clicars.com\/blog\/wp-content\/uploads\/2022\/02\/zoe-768x512.jpg 768w, https:\/\/www.clicars.com\/blog\/wp-content\/uploads\/2022\/02\/zoe-1536x1024.jpg 1536w, https:\/\/www.clicars.com\/blog\/wp-content\/uploads\/2022\/02\/zoe-900x600.jpg 900w\" sizes=\"auto, (max-width: 1800px) 100vw, 1800px\" \/><\/p>\n<h2><b>Dacia Spring<\/b><\/h2>\n<p><span style=\"font-weight: 400;\">Dacia ha revolucionado el mercado de los coches el\u00e9ctricos con su SUV asequible. Es, posiblemente, el coche el\u00e9ctrico m\u00e1s barato del mercado. Tiene una potencia de 45 CV, una <\/span><b>autonom\u00eda de 230 kil\u00f3metros<\/b><span style=\"font-weight: 400;\"> y una longitud de 3,73 metros, \u00bfnecesitas m\u00e1s para moverte por la ciudad? Se han conseguido matricular<\/span><b> 1.059 unidades<\/b><span style=\"font-weight: 400;\"> en 2021.<\/span><\/p>\n<p><span style=\"font-weight: 400;\">Es importante rese\u00f1ar que en los <\/span><b>test de seguridad Euro NCAP<\/b><span style=\"font-weight: 400;\">, solo consigui\u00f3 una estrella, siendo cinco la m\u00e1xima puntuaci\u00f3n.<\/span><\/p>\n<h2><b>Peugeot e-208<\/b><\/h2>\n<p><span style=\"font-weight: 400;\">El top cinco de los coches el\u00e9ctricos m\u00e1s vendidos lo cierra la marca del le\u00f3n con el <\/span><span style=\"font-weight: 400;\">Peugeot e-208<\/span><span style=\"font-weight: 400;\">. Este compacto tan atractivo ha conseguido llamar la atenci\u00f3n de los conductores, sobre todo de los m\u00e1s j\u00f3venes. Ha colocado <\/span><b>1.029 unidades<\/b><span style=\"font-weight: 400;\"> durante 2021 y se ha convertido en un modelo muy a tener en cuenta.<\/span><span style=\"font-weight: 400;\">\u00a0<\/span><\/p>\n<p><span style=\"font-weight: 400;\">Ofrece una potencia de 136 CV y una <\/span><b>autonom\u00eda el\u00e9ctrica de 340 kil\u00f3metros.<\/b><span style=\"font-weight: 400;\"> Es capaz de acelerar de 0 a 100 km\/hora en 8,1 segundos.<\/span><\/p>\n","protected":false},"excerpt":{"rendered":"<p>La movilidad el\u00e9ctrica est\u00e1 despegando en Espa\u00f1a y cada vez son m\u00e1s los usuarios que&#8230;<\/p>\n","protected":false},"author":2,"featured_media":8835,"comment_status":"closed","ping_status":"closed","sticky":false,"template":"","format":"standard","meta":{"footnotes":""},"categories":[828],"tags":[],"class_list":{"0":"post-8834","1":"post","2":"type-post","3":"status-publish","4":"format-standard","5":"has-post-thumbnail","7":"category-coches-eco"},"yoast_head":"<!-- This site is optimized with the Yoast SEO plugin v26.8 - https:\/\/yoast.com\/product\/yoast-seo-wordpress\/ -->\n<title>Los coches el\u00e9ctricos m\u00e1s vendidos en Espa\u00f1a - Clicars Blog<\/title>\n<meta name=\"description\" content=\"\u00a1Cuidado con las chispas! Estos son los coches el\u00e9ctricos m\u00e1s vendidos en Espa\u00f1a. No pierdas la corriente y estate atento a novedades\" \/>\n<meta name=\"robots\" content=\"index, follow, max-snippet:-1, max-image-preview:large, max-video-preview:-1\" \/>\n<link rel=\"canonical\" href=\"https:\/\/www.clicars.com\/blog\/coches-eco\/coches-electricos-mas-vendidos-en-espana\/\" \/>\n<meta property=\"og:locale\" content=\"es_ES\" \/>\n<meta property=\"og:type\" content=\"article\" \/>\n<meta property=\"og:title\" content=\"Los coches el\u00e9ctricos m\u00e1s vendidos en Espa\u00f1a - Clicars Blog\" \/>\n<meta property=\"og:description\" content=\"\u00a1Cuidado con las chispas! Estos son los coches el\u00e9ctricos m\u00e1s vendidos en Espa\u00f1a. No pierdas la corriente y estate atento a novedades\" \/>\n<meta property=\"og:url\" content=\"https:\/\/www.clicars.com\/blog\/coches-eco\/coches-electricos-mas-vendidos-en-espana\/\" \/>\n<meta property=\"og:site_name\" content=\"Clicars\" \/>\n<meta property=\"article:published_time\" content=\"2022-02-11T09:53:01+00:00\" \/>\n<meta property=\"article:modified_time\" content=\"2025-04-29T15:12:06+00:00\" \/>\n<meta property=\"og:image\" content=\"http:\/\/www.clicars.com\/blog\/wp-content\/uploads\/2022\/02\/e208.jpg\" \/>\n\t<meta property=\"og:image:width\" content=\"1800\" \/>\n\t<meta property=\"og:image:height\" content=\"1200\" \/>\n\t<meta property=\"og:image:type\" content=\"image\/jpeg\" \/>\n<meta name=\"author\" content=\"Clicars\" \/>\n<meta name=\"twitter:card\" content=\"summary_large_image\" \/>\n<meta name=\"twitter:label1\" content=\"Escrito por\" \/>\n\t<meta name=\"twitter:data1\" content=\"Clicars\" \/>\n\t<meta name=\"twitter:label2\" content=\"Tiempo de lectura\" \/>\n\t<meta name=\"twitter:data2\" content=\"4 minutos\" \/>\n<script type=\"application\/ld+json\" class=\"yoast-schema-graph\">{\"@context\":\"https:\/\/schema.org\",\"@graph\":[{\"@type\":\"Article\",\"@id\":\"https:\/\/www.clicars.com\/blog\/coches-eco\/coches-electricos-mas-vendidos-en-espana\/#article\",\"isPartOf\":{\"@id\":\"https:\/\/www.clicars.com\/blog\/coches-eco\/coches-electricos-mas-vendidos-en-espana\/\"},\"author\":{\"name\":\"Clicars\",\"@id\":\"https:\/\/www.clicars.com\/blog\/#\/schema\/person\/af686c41ba96962c68871392bf2bb62d\"},\"headline\":\"\u00a1Atento a las chispas! Estos son los coches el\u00e9ctricos m\u00e1s vendidos en Espa\u00f1a\",\"datePublished\":\"2022-02-11T09:53:01+00:00\",\"dateModified\":\"2025-04-29T15:12:06+00:00\",\"mainEntityOfPage\":{\"@id\":\"https:\/\/www.clicars.com\/blog\/coches-eco\/coches-electricos-mas-vendidos-en-espana\/\"},\"wordCount\":647,\"image\":{\"@id\":\"https:\/\/www.clicars.com\/blog\/coches-eco\/coches-electricos-mas-vendidos-en-espana\/#primaryimage\"},\"thumbnailUrl\":\"https:\/\/www.clicars.com\/blog\/wp-content\/uploads\/2022\/02\/e208.jpg\",\"articleSection\":[\"Coches ECO\"],\"inLanguage\":\"es\"},{\"@type\":[\"WebPage\",\"ItemPage\"],\"@id\":\"https:\/\/www.clicars.com\/blog\/coches-eco\/coches-electricos-mas-vendidos-en-espana\/\",\"url\":\"https:\/\/www.clicars.com\/blog\/coches-eco\/coches-electricos-mas-vendidos-en-espana\/\",\"name\":\"Los coches el\u00e9ctricos m\u00e1s vendidos en Espa\u00f1a - Clicars Blog\",\"isPartOf\":{\"@id\":\"https:\/\/www.clicars.com\/blog\/#website\"},\"primaryImageOfPage\":{\"@id\":\"https:\/\/www.clicars.com\/blog\/coches-eco\/coches-electricos-mas-vendidos-en-espana\/#primaryimage\"},\"image\":{\"@id\":\"https:\/\/www.clicars.com\/blog\/coches-eco\/coches-electricos-mas-vendidos-en-espana\/#primaryimage\"},\"thumbnailUrl\":\"https:\/\/www.clicars.com\/blog\/wp-content\/uploads\/2022\/02\/e208.jpg\",\"datePublished\":\"2022-02-11T09:53:01+00:00\",\"dateModified\":\"2025-04-29T15:12:06+00:00\",\"author\":{\"@id\":\"https:\/\/www.clicars.com\/blog\/#\/schema\/person\/af686c41ba96962c68871392bf2bb62d\"},\"description\":\"\u00a1Cuidado con las chispas! Estos son los coches el\u00e9ctricos m\u00e1s vendidos en Espa\u00f1a. No pierdas la corriente y estate atento a novedades\",\"breadcrumb\":{\"@id\":\"https:\/\/www.clicars.com\/blog\/coches-eco\/coches-electricos-mas-vendidos-en-espana\/#breadcrumb\"},\"inLanguage\":\"es\",\"potentialAction\":[{\"@type\":\"ReadAction\",\"target\":[\"https:\/\/www.clicars.com\/blog\/coches-eco\/coches-electricos-mas-vendidos-en-espana\/\"]}]},{\"@type\":\"ImageObject\",\"inLanguage\":\"es\",\"@id\":\"https:\/\/www.clicars.com\/blog\/coches-eco\/coches-electricos-mas-vendidos-en-espana\/#primaryimage\",\"url\":\"https:\/\/www.clicars.com\/blog\/wp-content\/uploads\/2022\/02\/e208.jpg\",\"contentUrl\":\"https:\/\/www.clicars.com\/blog\/wp-content\/uploads\/2022\/02\/e208.jpg\",\"width\":1800,\"height\":1200,\"caption\":\"coches el\u00e9ctricos m\u00e1s vendidos en espa\u00f1a\"},{\"@type\":\"BreadcrumbList\",\"@id\":\"https:\/\/www.clicars.com\/blog\/coches-eco\/coches-electricos-mas-vendidos-en-espana\/#breadcrumb\",\"itemListElement\":[{\"@type\":\"ListItem\",\"position\":1,\"name\":\"Portada\",\"item\":\"https:\/\/www.clicars.com\/blog\/\"},{\"@type\":\"ListItem\",\"position\":2,\"name\":\"\u00a1Atento a las chispas! Estos son los coches el\u00e9ctricos m\u00e1s vendidos en Espa\u00f1a\"}]},{\"@type\":\"WebSite\",\"@id\":\"https:\/\/www.clicars.com\/blog\/#website\",\"url\":\"https:\/\/www.clicars.com\/blog\/\",\"name\":\"Clicars\",\"description\":\"Compra tu coche de Buena Mano sin moverte de casa\",\"inLanguage\":\"es\"},{\"@type\":\"Person\",\"@id\":\"https:\/\/www.clicars.com\/blog\/#\/schema\/person\/af686c41ba96962c68871392bf2bb62d\",\"name\":\"Clicars\",\"image\":{\"@type\":\"ImageObject\",\"inLanguage\":\"es\",\"@id\":\"https:\/\/www.clicars.com\/blog\/#\/schema\/person\/image\/\",\"url\":\"https:\/\/secure.gravatar.com\/avatar\/3100622b0023049db14165cdba9dadaa9159743b871e83e440a0df9a70f80e56?s=96&d=mm&r=g\",\"contentUrl\":\"https:\/\/secure.gravatar.com\/avatar\/3100622b0023049db14165cdba9dadaa9159743b871e83e440a0df9a70f80e56?s=96&d=mm&r=g\",\"caption\":\"Clicars\"},\"sameAs\":[\"https:\/\/www.clicars.com\"],\"url\":\"https:\/\/www.clicars.com\/blog\/author\/clicars\/\"}]}<\/script>\n<!-- \/ Yoast SEO plugin. -->","yoast_head_json":{"title":"Los coches el\u00e9ctricos m\u00e1s vendidos en Espa\u00f1a - Clicars Blog","description":"\u00a1Cuidado con las chispas! Estos son los coches el\u00e9ctricos m\u00e1s vendidos en Espa\u00f1a. No pierdas la corriente y estate atento a novedades","robots":{"index":"index","follow":"follow","max-snippet":"max-snippet:-1","max-image-preview":"max-image-preview:large","max-video-preview":"max-video-preview:-1"},"canonical":"https:\/\/www.clicars.com\/blog\/coches-eco\/coches-electricos-mas-vendidos-en-espana\/","og_locale":"es_ES","og_type":"article","og_title":"Los coches el\u00e9ctricos m\u00e1s vendidos en Espa\u00f1a - Clicars Blog","og_description":"\u00a1Cuidado con las chispas! Estos son los coches el\u00e9ctricos m\u00e1s vendidos en Espa\u00f1a. No pierdas la corriente y estate atento a novedades","og_url":"https:\/\/www.clicars.com\/blog\/coches-eco\/coches-electricos-mas-vendidos-en-espana\/","og_site_name":"Clicars","article_published_time":"2022-02-11T09:53:01+00:00","article_modified_time":"2025-04-29T15:12:06+00:00","og_image":[{"width":1800,"height":1200,"url":"http:\/\/www.clicars.com\/blog\/wp-content\/uploads\/2022\/02\/e208.jpg","type":"image\/jpeg"}],"author":"Clicars","twitter_card":"summary_large_image","twitter_misc":{"Escrito por":"Clicars","Tiempo de lectura":"4 minutos"},"schema":{"@context":"https:\/\/schema.org","@graph":[{"@type":"Article","@id":"https:\/\/www.clicars.com\/blog\/coches-eco\/coches-electricos-mas-vendidos-en-espana\/#article","isPartOf":{"@id":"https:\/\/www.clicars.com\/blog\/coches-eco\/coches-electricos-mas-vendidos-en-espana\/"},"author":{"name":"Clicars","@id":"https:\/\/www.clicars.com\/blog\/#\/schema\/person\/af686c41ba96962c68871392bf2bb62d"},"headline":"\u00a1Atento a las chispas! Estos son los coches el\u00e9ctricos m\u00e1s vendidos en Espa\u00f1a","datePublished":"2022-02-11T09:53:01+00:00","dateModified":"2025-04-29T15:12:06+00:00","mainEntityOfPage":{"@id":"https:\/\/www.clicars.com\/blog\/coches-eco\/coches-electricos-mas-vendidos-en-espana\/"},"wordCount":647,"image":{"@id":"https:\/\/www.clicars.com\/blog\/coches-eco\/coches-electricos-mas-vendidos-en-espana\/#primaryimage"},"thumbnailUrl":"https:\/\/www.clicars.com\/blog\/wp-content\/uploads\/2022\/02\/e208.jpg","articleSection":["Coches ECO"],"inLanguage":"es"},{"@type":["WebPage","ItemPage"],"@id":"https:\/\/www.clicars.com\/blog\/coches-eco\/coches-electricos-mas-vendidos-en-espana\/","url":"https:\/\/www.clicars.com\/blog\/coches-eco\/coches-electricos-mas-vendidos-en-espana\/","name":"Los coches el\u00e9ctricos m\u00e1s vendidos en Espa\u00f1a - Clicars Blog","isPartOf":{"@id":"https:\/\/www.clicars.com\/blog\/#website"},"primaryImageOfPage":{"@id":"https:\/\/www.clicars.com\/blog\/coches-eco\/coches-electricos-mas-vendidos-en-espana\/#primaryimage"},"image":{"@id":"https:\/\/www.clicars.com\/blog\/coches-eco\/coches-electricos-mas-vendidos-en-espana\/#primaryimage"},"thumbnailUrl":"https:\/\/www.clicars.com\/blog\/wp-content\/uploads\/2022\/02\/e208.jpg","datePublished":"2022-02-11T09:53:01+00:00","dateModified":"2025-04-29T15:12:06+00:00","author":{"@id":"https:\/\/www.clicars.com\/blog\/#\/schema\/person\/af686c41ba96962c68871392bf2bb62d"},"description":"\u00a1Cuidado con las chispas! Estos son los coches el\u00e9ctricos m\u00e1s vendidos en Espa\u00f1a. No pierdas la corriente y estate atento a novedades","breadcrumb":{"@id":"https:\/\/www.clicars.com\/blog\/coches-eco\/coches-electricos-mas-vendidos-en-espana\/#breadcrumb"},"inLanguage":"es","potentialAction":[{"@type":"ReadAction","target":["https:\/\/www.clicars.com\/blog\/coches-eco\/coches-electricos-mas-vendidos-en-espana\/"]}]},{"@type":"ImageObject","inLanguage":"es","@id":"https:\/\/www.clicars.com\/blog\/coches-eco\/coches-electricos-mas-vendidos-en-espana\/#primaryimage","url":"https:\/\/www.clicars.com\/blog\/wp-content\/uploads\/2022\/02\/e208.jpg","contentUrl":"https:\/\/www.clicars.com\/blog\/wp-content\/uploads\/2022\/02\/e208.jpg","width":1800,"height":1200,"caption":"coches el\u00e9ctricos m\u00e1s vendidos en espa\u00f1a"},{"@type":"BreadcrumbList","@id":"https:\/\/www.clicars.com\/blog\/coches-eco\/coches-electricos-mas-vendidos-en-espana\/#breadcrumb","itemListElement":[{"@type":"ListItem","position":1,"name":"Portada","item":"https:\/\/www.clicars.com\/blog\/"},{"@type":"ListItem","position":2,"name":"\u00a1Atento a las chispas! Estos son los coches el\u00e9ctricos m\u00e1s vendidos en Espa\u00f1a"}]},{"@type":"WebSite","@id":"https:\/\/www.clicars.com\/blog\/#website","url":"https:\/\/www.clicars.com\/blog\/","name":"Clicars","description":"Compra tu coche de Buena Mano sin moverte de casa","inLanguage":"es"},{"@type":"Person","@id":"https:\/\/www.clicars.com\/blog\/#\/schema\/person\/af686c41ba96962c68871392bf2bb62d","name":"Clicars","image":{"@type":"ImageObject","inLanguage":"es","@id":"https:\/\/www.clicars.com\/blog\/#\/schema\/person\/image\/","url":"https:\/\/secure.gravatar.com\/avatar\/3100622b0023049db14165cdba9dadaa9159743b871e83e440a0df9a70f80e56?s=96&d=mm&r=g","contentUrl":"https:\/\/secure.gravatar.com\/avatar\/3100622b0023049db14165cdba9dadaa9159743b871e83e440a0df9a70f80e56?s=96&d=mm&r=g","caption":"Clicars"},"sameAs":["https:\/\/www.clicars.com"],"url":"https:\/\/www.clicars.com\/blog\/author\/clicars\/"}]}},"_links":{"self":[{"href":"https:\/\/www.clicars.com\/blog\/wp-json\/wp\/v2\/posts\/8834","targetHints":{"allow":["GET"]}}],"collection":[{"href":"https:\/\/www.clicars.com\/blog\/wp-json\/wp\/v2\/posts"}],"about":[{"href":"https:\/\/www.clicars.com\/blog\/wp-json\/wp\/v2\/types\/post"}],"author":[{"embeddable":true,"href":"https:\/\/www.clicars.com\/blog\/wp-json\/wp\/v2\/users\/2"}],"replies":[{"embeddable":true,"href":"https:\/\/www.clicars.com\/blog\/wp-json\/wp\/v2\/comments?post=8834"}],"version-history":[{"count":2,"href":"https:\/\/www.clicars.com\/blog\/wp-json\/wp\/v2\/posts\/8834\/revisions"}],"predecessor-version":[{"id":14458,"href":"https:\/\/www.clicars.com\/blog\/wp-json\/wp\/v2\/posts\/8834\/revisions\/14458"}],"wp:featuredmedia":[{"embeddable":true,"href":"https:\/\/www.clicars.com\/blog\/wp-json\/wp\/v2\/media\/8835"}],"wp:attachment":[{"href":"https:\/\/www.clicars.com\/blog\/wp-json\/wp\/v2\/media?parent=8834"}],"wp:term":[{"taxonomy":"category","embeddable":true,"href":"https:\/\/www.clicars.com\/blog\/wp-json\/wp\/v2\/categories?post=8834"},{"taxonomy":"post_tag","embeddable":true,"href":"https:\/\/www.clicars.com\/blog\/wp-json\/wp\/v2\/tags?post=8834"}],"curies":[{"name":"wp","href":"https:\/\/api.w.org\/{rel}","templated":true}]}}