{"id":9247,"date":"2022-09-22T12:26:49","date_gmt":"2022-09-22T10:26:49","guid":{"rendered":"https:\/\/www.clicars.com\/blog\/?p=9247"},"modified":"2023-01-30T14:53:15","modified_gmt":"2023-01-30T12:53:15","slug":"llevar-cadenas-en-el-coche-cuando-es-obligatorio","status":"publish","type":"post","link":"https:\/\/www.clicars.com\/blog\/actualidad\/llevar-cadenas-en-el-coche-cuando-es-obligatorio\/","title":{"rendered":"Llevar cadenas en el coche, \u00bfcu\u00e1ndo es obligatorio?"},"content":{"rendered":"<p><span style=\"font-weight: 400;\">\u00bfEs <\/span><b>obligatorio llevar cadenas en el coche<\/b><span style=\"font-weight: 400;\">? Las cadenas son algo imprescindible para los conductores que realicen recorridos por carreteras con un alto riesgo de nevadas, aunque lo m\u00e1s recomendable es llevarlas siempre en el maletero y utilizarlas en caso de que se necesite. No obstante, si se da una situaci\u00f3n en la que se deban colocar de forma obligatoria y no se tienen, te pueden multar con hasta<\/span><b> 200 euros.\u00a0<\/b><\/p>\n<p><span style=\"font-weight: 400;\">La Direcci\u00f3n General de Tr\u00e1fico, DGT, <\/span><b>exige el uso de cadenas o neum\u00e1ticos de invierno de forma obligatoria cada vez que un conductor se dirija hacia zonas de monta\u00f1a<\/b><span style=\"font-weight: 400;\"> o lugares en los que hay presencia de nieve. La excepci\u00f3n pasa por los coches equipados con neum\u00e1ticos de invierno que dispongan de una identificaci\u00f3n<\/span><b> M+S<\/b><span style=\"font-weight: 400;\">. Cabe destacar que la <\/span><b>ley no obliga a llevarlas<\/b><span style=\"font-weight: 400;\"> siempre en el maletero, pero en caso de que lo indique una se\u00f1al en carretera o un agente de tr\u00e1fico tendr\u00e1s que ponerlas.<\/span><\/p>\n<p><span style=\"font-weight: 400;\">Es posible que nunca hayas puesto unas cadenas, pero es muy sencillo. Tal y como se puede leer en el <\/span><b>Reglamento General de Circulaci\u00f3n<\/b><span style=\"font-weight: 400;\">, \u00abcuando sea obligatorio o recomendado el uso de las cadenas u otros dispositivos antideslizantes autorizados se deber\u00e1n colocar, al menos, en el eje de las ruedas motrices dichas cadenas o dispositivos antideslizantes o bien utilizar neum\u00e1ticos especiales\u00bb.<\/span><\/p>\n<p><img loading=\"lazy\" decoding=\"async\" class=\"aligncenter wp-image-10633 size-full\" src=\"https:\/\/www.clicars.com\/blog\/wp-content\/uploads\/2022\/09\/te-multan-por-no-llevar-cadenas-1.jpg\" alt=\"e-multan-por-no-llevar-cadenas (1)\" width=\"907\" height=\"680\" srcset=\"https:\/\/www.clicars.com\/blog\/wp-content\/uploads\/2022\/09\/te-multan-por-no-llevar-cadenas-1.jpg 907w, https:\/\/www.clicars.com\/blog\/wp-content\/uploads\/2022\/09\/te-multan-por-no-llevar-cadenas-1-300x225.jpg 300w, https:\/\/www.clicars.com\/blog\/wp-content\/uploads\/2022\/09\/te-multan-por-no-llevar-cadenas-1-768x576.jpg 768w\" sizes=\"auto, (max-width: 907px) 100vw, 907px\" \/><span style=\"font-weight: 400;\">Recuerda que los neum\u00e1ticos especiales o de clavos, solo se pueden montar en veh\u00edculos que circulan por zonas en las que la temperatura no pasa de siete grados cent\u00edgrados. Este tipo de ruedas ofrecen una mayor adherencia y una mayor motricidad que los neum\u00e1ticos de verano u <\/span><b><i>all season<\/i><\/b><span style=\"font-weight: 400;\">.<\/span><\/p>\n<h2><b>Cadenas en el coche, \u00bfson obligatorias?<\/b><\/h2>\n<p><span style=\"font-weight: 400;\">Antes de salir de viaje, debes consultar el estado de las carreteras, sobre todo, si vas a viajar a zonas en las que pueda nevar. Se puede consultar en el<\/span><a href=\"https:\/\/infocar.dgt.es\/etraffic\/\"> <span style=\"font-weight: 400;\">mapa interactivo de la DGT<\/span><\/a><span style=\"font-weight: 400;\">, en el que las carreteras est\u00e1n se\u00f1aladas por colores y estos indican la peligrosidad y la necesidad o no de equipar cadenas de nieve.<\/span><\/p>\n<p><span style=\"font-weight: 400;\">Debes saber que las cadenas solo son obligatorias en los <\/span><b>tramos se\u00f1alados en color rojo<\/b><span style=\"font-weight: 400;\">, ya que en las v\u00edas marcadas con colores amarillos y verdes, se pide extremar la precauci\u00f3n y adecuar la velocidad a la situaci\u00f3n de la calzada. Cuando se circula con cadenas no se puede sobrepasar los <\/span><b>50 km\/hora<\/b><span style=\"font-weight: 400;\"> y es aconsejable no rebasar a los veh\u00edculos inmovilizados. No obstante, siempre se debe atender a los mensajes variables de los paneles y a los agentes de la Agrupaci\u00f3n de Tr\u00e1fico de la Guardia Civil.<\/span><\/p>\n<p><img loading=\"lazy\" decoding=\"async\" class=\"aligncenter size-full wp-image-10632\" src=\"https:\/\/www.clicars.com\/blog\/wp-content\/uploads\/2022\/09\/MG_3655_1-1.jpg\" alt=\"cuando llevar las cadenas en el coche\" width=\"907\" height=\"680\" srcset=\"https:\/\/www.clicars.com\/blog\/wp-content\/uploads\/2022\/09\/MG_3655_1-1.jpg 907w, https:\/\/www.clicars.com\/blog\/wp-content\/uploads\/2022\/09\/MG_3655_1-1-300x225.jpg 300w, https:\/\/www.clicars.com\/blog\/wp-content\/uploads\/2022\/09\/MG_3655_1-1-768x576.jpg 768w\" sizes=\"auto, (max-width: 907px) 100vw, 907px\" \/><\/p>\n<p><span style=\"font-weight: 400;\">Es posible que pienses que poner unas cadenas de nieve es muy complicado, pero te recomendamos que antes de lanzarte a la aventura, practiques en casa, bien con el propio coche o consultando alg\u00fan tutorial. En la actualidad, existe una gran variedad de cadenas en el mercado. Las m\u00e1s sencillas son las<\/span><b> textiles<\/b><span style=\"font-weight: 400;\">, para ponerlas solo tendr\u00e1s que cubrir la rueda, seguidas de las de <\/span><b>malla<\/b><span style=\"font-weight: 400;\"> y finalmente las cl\u00e1sicas de <\/span><b>cadena<\/b><span style=\"font-weight: 400;\">.<\/span><\/p>\n<p>Te puede interesar:<\/p>\n<ul>\n<li><a href=\"https:\/\/www.clicars.com\/blog\/cliconsejos\/cadenas-de-tela\/\">Cadenas de tela: circular con tu coche en la nieve<\/a><\/li>\n<li><a href=\"https:\/\/www.clicars.com\/blog\/actualidad\/conducir-con-nieve\/\">Conducir en nieve: trucos y requisitos para la carretera<\/a><\/li>\n<\/ul>\n<p><span style=\"font-weight: 400;\">Antes de poner las cadenas de nieve, debes encontrar un buen sitio llano para ponerlas con mucha seguridad. Se\u00f1aliza con los tri\u00e1ngulos o la<\/span><b> luz de emergencia V16<\/b><span style=\"font-weight: 400;\"> y no te olvides de ponerte el <\/span><b>chaleco reflectante.<\/b><span style=\"font-weight: 400;\"> Las cadenas tienen que colocarse en las <\/span><b>ruedas motrices<\/b><span style=\"font-weight: 400;\">, normalmente son las delanteras pero si tu coche es de tracci\u00f3n trasera, las deber\u00e1s colocar atr\u00e1s mientras que si se trata de un 4&#215;4, deben ir puestas en las cuatro ruedas.<\/span><\/p>\n<p><img loading=\"lazy\" decoding=\"async\" class=\"aligncenter wp-image-11041 size-large\" src=\"https:\/\/www.clicars.com\/blog\/wp-content\/uploads\/2022\/09\/cuando-es-obligatorio-llevar-cadenas-en-el-coche-477x1024.png\" alt=\"cuando es obligatorio llevar cadenas en el coche\" width=\"477\" height=\"1024\" srcset=\"https:\/\/www.clicars.com\/blog\/wp-content\/uploads\/2022\/09\/cuando-es-obligatorio-llevar-cadenas-en-el-coche-477x1024.png 477w, https:\/\/www.clicars.com\/blog\/wp-content\/uploads\/2022\/09\/cuando-es-obligatorio-llevar-cadenas-en-el-coche-140x300.png 140w, https:\/\/www.clicars.com\/blog\/wp-content\/uploads\/2022\/09\/cuando-es-obligatorio-llevar-cadenas-en-el-coche-768x1649.png 768w, https:\/\/www.clicars.com\/blog\/wp-content\/uploads\/2022\/09\/cuando-es-obligatorio-llevar-cadenas-en-el-coche-715x1536.png 715w, https:\/\/www.clicars.com\/blog\/wp-content\/uploads\/2022\/09\/cuando-es-obligatorio-llevar-cadenas-en-el-coche.png 901w\" sizes=\"auto, (max-width: 477px) 100vw, 477px\" \/><\/p>\n<h2><b>\u00bfQu\u00e9 elementos se deben llevar en el maletero?<\/b><\/h2>\n<p><span style=\"font-weight: 400;\">Adem\u00e1s de las cadenas nieve, es aconsejable llevar en el maletero otros elementos que te resultar\u00e1n muy pr\u00e1cticos como:<\/span><\/p>\n<ul>\n<li style=\"font-weight: 400;\" aria-level=\"1\"><b>Guantes.<\/b><\/li>\n<li style=\"font-weight: 400;\" aria-level=\"1\"><b>Manta.<\/b><\/li>\n<li style=\"font-weight: 400;\" aria-level=\"1\"><b>Linterna.<\/b><\/li>\n<li style=\"font-weight: 400;\" aria-level=\"1\"><b>Kit de primeros auxilios.<\/b><\/li>\n<li style=\"font-weight: 400;\" aria-level=\"1\"><b>Kit antipinchazos y\/o rueda de repuesto.<\/b><\/li>\n<li style=\"font-weight: 400;\" aria-level=\"1\"><b>Comida.<\/b><\/li>\n<\/ul>\n","protected":false},"excerpt":{"rendered":"<p>\u00bfEs obligatorio llevar cadenas en el coche? Las cadenas son algo imprescindible para los conductores&#8230;<\/p>\n","protected":false},"author":2,"featured_media":9248,"comment_status":"closed","ping_status":"closed","sticky":false,"template":"","format":"standard","meta":{"footnotes":""},"categories":[5],"tags":[],"class_list":{"0":"post-9247","1":"post","2":"type-post","3":"status-publish","4":"format-standard","5":"has-post-thumbnail","7":"category-actualidad"},"yoast_head":"<!-- This site is optimized with the Yoast SEO plugin v26.8 - https:\/\/yoast.com\/product\/yoast-seo-wordpress\/ -->\n<title>Llevar cadenas en el coche, \u00bfcu\u00e1ndo es obligatorio? Ley 2026 - Clicars Blog<\/title>\n<meta name=\"description\" content=\"Hay situaciones en las que es obligatorio llevar cadenas en el coche. En este post te contamos cu\u00e1les son, y c\u00f3mo identificarlas.\" \/>\n<meta name=\"robots\" content=\"index, follow, max-snippet:-1, max-image-preview:large, max-video-preview:-1\" \/>\n<link rel=\"canonical\" href=\"https:\/\/www.clicars.com\/blog\/actualidad\/llevar-cadenas-en-el-coche-cuando-es-obligatorio\/\" \/>\n<meta property=\"og:locale\" content=\"es_ES\" \/>\n<meta property=\"og:type\" content=\"article\" \/>\n<meta property=\"og:title\" content=\"Llevar cadenas en el coche, \u00bfcu\u00e1ndo es obligatorio? Ley 2026 - Clicars Blog\" \/>\n<meta property=\"og:description\" content=\"Hay situaciones en las que es obligatorio llevar cadenas en el coche. En este post te contamos cu\u00e1les son, y c\u00f3mo identificarlas.\" \/>\n<meta property=\"og:url\" content=\"https:\/\/www.clicars.com\/blog\/actualidad\/llevar-cadenas-en-el-coche-cuando-es-obligatorio\/\" \/>\n<meta property=\"og:site_name\" content=\"Clicars\" \/>\n<meta property=\"article:published_time\" content=\"2022-09-22T10:26:49+00:00\" \/>\n<meta property=\"article:modified_time\" content=\"2023-01-30T12:53:15+00:00\" \/>\n<meta property=\"og:image\" content=\"https:\/\/www.clicars.com\/blog\/wp-content\/uploads\/2022\/05\/obligatorio-poner-las-cadenas-scaled.jpg\" \/>\n\t<meta property=\"og:image:width\" content=\"2560\" \/>\n\t<meta property=\"og:image:height\" content=\"1920\" \/>\n\t<meta property=\"og:image:type\" content=\"image\/jpeg\" \/>\n<meta name=\"author\" content=\"Clicars\" \/>\n<meta name=\"twitter:card\" content=\"summary_large_image\" \/>\n<meta name=\"twitter:label1\" content=\"Escrito por\" \/>\n\t<meta name=\"twitter:data1\" content=\"Clicars\" \/>\n\t<meta name=\"twitter:label2\" content=\"Tiempo de lectura\" \/>\n\t<meta name=\"twitter:data2\" content=\"4 minutos\" \/>\n<script type=\"application\/ld+json\" class=\"yoast-schema-graph\">{\"@context\":\"https:\/\/schema.org\",\"@graph\":[{\"@type\":\"Article\",\"@id\":\"https:\/\/www.clicars.com\/blog\/actualidad\/llevar-cadenas-en-el-coche-cuando-es-obligatorio\/#article\",\"isPartOf\":{\"@id\":\"https:\/\/www.clicars.com\/blog\/actualidad\/llevar-cadenas-en-el-coche-cuando-es-obligatorio\/\"},\"author\":{\"name\":\"Clicars\",\"@id\":\"https:\/\/www.clicars.com\/blog\/#\/schema\/person\/af686c41ba96962c68871392bf2bb62d\"},\"headline\":\"Llevar cadenas en el coche, \u00bfcu\u00e1ndo es obligatorio?\",\"datePublished\":\"2022-09-22T10:26:49+00:00\",\"dateModified\":\"2023-01-30T12:53:15+00:00\",\"mainEntityOfPage\":{\"@id\":\"https:\/\/www.clicars.com\/blog\/actualidad\/llevar-cadenas-en-el-coche-cuando-es-obligatorio\/\"},\"wordCount\":683,\"image\":{\"@id\":\"https:\/\/www.clicars.com\/blog\/actualidad\/llevar-cadenas-en-el-coche-cuando-es-obligatorio\/#primaryimage\"},\"thumbnailUrl\":\"https:\/\/www.clicars.com\/blog\/wp-content\/uploads\/2022\/05\/obligatorio-poner-las-cadenas-scaled.jpg\",\"articleSection\":[\"Actualidad\"],\"inLanguage\":\"es\"},{\"@type\":[\"WebPage\",\"ItemPage\"],\"@id\":\"https:\/\/www.clicars.com\/blog\/actualidad\/llevar-cadenas-en-el-coche-cuando-es-obligatorio\/\",\"url\":\"https:\/\/www.clicars.com\/blog\/actualidad\/llevar-cadenas-en-el-coche-cuando-es-obligatorio\/\",\"name\":\"Llevar cadenas en el coche, \u00bfcu\u00e1ndo es obligatorio? Ley 2026 - Clicars Blog\",\"isPartOf\":{\"@id\":\"https:\/\/www.clicars.com\/blog\/#website\"},\"primaryImageOfPage\":{\"@id\":\"https:\/\/www.clicars.com\/blog\/actualidad\/llevar-cadenas-en-el-coche-cuando-es-obligatorio\/#primaryimage\"},\"image\":{\"@id\":\"https:\/\/www.clicars.com\/blog\/actualidad\/llevar-cadenas-en-el-coche-cuando-es-obligatorio\/#primaryimage\"},\"thumbnailUrl\":\"https:\/\/www.clicars.com\/blog\/wp-content\/uploads\/2022\/05\/obligatorio-poner-las-cadenas-scaled.jpg\",\"datePublished\":\"2022-09-22T10:26:49+00:00\",\"dateModified\":\"2023-01-30T12:53:15+00:00\",\"author\":{\"@id\":\"https:\/\/www.clicars.com\/blog\/#\/schema\/person\/af686c41ba96962c68871392bf2bb62d\"},\"description\":\"Hay situaciones en las que es obligatorio llevar cadenas en el coche. En este post te contamos cu\u00e1les son, y c\u00f3mo identificarlas.\",\"breadcrumb\":{\"@id\":\"https:\/\/www.clicars.com\/blog\/actualidad\/llevar-cadenas-en-el-coche-cuando-es-obligatorio\/#breadcrumb\"},\"inLanguage\":\"es\",\"potentialAction\":[{\"@type\":\"ReadAction\",\"target\":[\"https:\/\/www.clicars.com\/blog\/actualidad\/llevar-cadenas-en-el-coche-cuando-es-obligatorio\/\"]}]},{\"@type\":\"ImageObject\",\"inLanguage\":\"es\",\"@id\":\"https:\/\/www.clicars.com\/blog\/actualidad\/llevar-cadenas-en-el-coche-cuando-es-obligatorio\/#primaryimage\",\"url\":\"https:\/\/www.clicars.com\/blog\/wp-content\/uploads\/2022\/05\/obligatorio-poner-las-cadenas-scaled.jpg\",\"contentUrl\":\"https:\/\/www.clicars.com\/blog\/wp-content\/uploads\/2022\/05\/obligatorio-poner-las-cadenas-scaled.jpg\",\"width\":2560,\"height\":1920,\"caption\":\"es obligatorio llevar cadenas en el coche\"},{\"@type\":\"BreadcrumbList\",\"@id\":\"https:\/\/www.clicars.com\/blog\/actualidad\/llevar-cadenas-en-el-coche-cuando-es-obligatorio\/#breadcrumb\",\"itemListElement\":[{\"@type\":\"ListItem\",\"position\":1,\"name\":\"Portada\",\"item\":\"https:\/\/www.clicars.com\/blog\/\"},{\"@type\":\"ListItem\",\"position\":2,\"name\":\"Llevar cadenas en el coche, \u00bfcu\u00e1ndo es obligatorio?\"}]},{\"@type\":\"WebSite\",\"@id\":\"https:\/\/www.clicars.com\/blog\/#website\",\"url\":\"https:\/\/www.clicars.com\/blog\/\",\"name\":\"Clicars\",\"description\":\"Compra tu coche de Buena Mano sin moverte de casa\",\"inLanguage\":\"es\"},{\"@type\":\"Person\",\"@id\":\"https:\/\/www.clicars.com\/blog\/#\/schema\/person\/af686c41ba96962c68871392bf2bb62d\",\"name\":\"Clicars\",\"image\":{\"@type\":\"ImageObject\",\"inLanguage\":\"es\",\"@id\":\"https:\/\/www.clicars.com\/blog\/#\/schema\/person\/image\/\",\"url\":\"https:\/\/secure.gravatar.com\/avatar\/3100622b0023049db14165cdba9dadaa9159743b871e83e440a0df9a70f80e56?s=96&d=mm&r=g\",\"contentUrl\":\"https:\/\/secure.gravatar.com\/avatar\/3100622b0023049db14165cdba9dadaa9159743b871e83e440a0df9a70f80e56?s=96&d=mm&r=g\",\"caption\":\"Clicars\"},\"sameAs\":[\"https:\/\/www.clicars.com\"],\"url\":\"https:\/\/www.clicars.com\/blog\/author\/clicars\/\"}]}<\/script>\n<!-- \/ Yoast SEO plugin. -->","yoast_head_json":{"title":"Llevar cadenas en el coche, \u00bfcu\u00e1ndo es obligatorio? Ley 2026 - Clicars Blog","description":"Hay situaciones en las que es obligatorio llevar cadenas en el coche. En este post te contamos cu\u00e1les son, y c\u00f3mo identificarlas.","robots":{"index":"index","follow":"follow","max-snippet":"max-snippet:-1","max-image-preview":"max-image-preview:large","max-video-preview":"max-video-preview:-1"},"canonical":"https:\/\/www.clicars.com\/blog\/actualidad\/llevar-cadenas-en-el-coche-cuando-es-obligatorio\/","og_locale":"es_ES","og_type":"article","og_title":"Llevar cadenas en el coche, \u00bfcu\u00e1ndo es obligatorio? Ley 2026 - Clicars Blog","og_description":"Hay situaciones en las que es obligatorio llevar cadenas en el coche. En este post te contamos cu\u00e1les son, y c\u00f3mo identificarlas.","og_url":"https:\/\/www.clicars.com\/blog\/actualidad\/llevar-cadenas-en-el-coche-cuando-es-obligatorio\/","og_site_name":"Clicars","article_published_time":"2022-09-22T10:26:49+00:00","article_modified_time":"2023-01-30T12:53:15+00:00","og_image":[{"width":2560,"height":1920,"url":"https:\/\/www.clicars.com\/blog\/wp-content\/uploads\/2022\/05\/obligatorio-poner-las-cadenas-scaled.jpg","type":"image\/jpeg"}],"author":"Clicars","twitter_card":"summary_large_image","twitter_misc":{"Escrito por":"Clicars","Tiempo de lectura":"4 minutos"},"schema":{"@context":"https:\/\/schema.org","@graph":[{"@type":"Article","@id":"https:\/\/www.clicars.com\/blog\/actualidad\/llevar-cadenas-en-el-coche-cuando-es-obligatorio\/#article","isPartOf":{"@id":"https:\/\/www.clicars.com\/blog\/actualidad\/llevar-cadenas-en-el-coche-cuando-es-obligatorio\/"},"author":{"name":"Clicars","@id":"https:\/\/www.clicars.com\/blog\/#\/schema\/person\/af686c41ba96962c68871392bf2bb62d"},"headline":"Llevar cadenas en el coche, \u00bfcu\u00e1ndo es obligatorio?","datePublished":"2022-09-22T10:26:49+00:00","dateModified":"2023-01-30T12:53:15+00:00","mainEntityOfPage":{"@id":"https:\/\/www.clicars.com\/blog\/actualidad\/llevar-cadenas-en-el-coche-cuando-es-obligatorio\/"},"wordCount":683,"image":{"@id":"https:\/\/www.clicars.com\/blog\/actualidad\/llevar-cadenas-en-el-coche-cuando-es-obligatorio\/#primaryimage"},"thumbnailUrl":"https:\/\/www.clicars.com\/blog\/wp-content\/uploads\/2022\/05\/obligatorio-poner-las-cadenas-scaled.jpg","articleSection":["Actualidad"],"inLanguage":"es"},{"@type":["WebPage","ItemPage"],"@id":"https:\/\/www.clicars.com\/blog\/actualidad\/llevar-cadenas-en-el-coche-cuando-es-obligatorio\/","url":"https:\/\/www.clicars.com\/blog\/actualidad\/llevar-cadenas-en-el-coche-cuando-es-obligatorio\/","name":"Llevar cadenas en el coche, \u00bfcu\u00e1ndo es obligatorio? Ley 2026 - Clicars Blog","isPartOf":{"@id":"https:\/\/www.clicars.com\/blog\/#website"},"primaryImageOfPage":{"@id":"https:\/\/www.clicars.com\/blog\/actualidad\/llevar-cadenas-en-el-coche-cuando-es-obligatorio\/#primaryimage"},"image":{"@id":"https:\/\/www.clicars.com\/blog\/actualidad\/llevar-cadenas-en-el-coche-cuando-es-obligatorio\/#primaryimage"},"thumbnailUrl":"https:\/\/www.clicars.com\/blog\/wp-content\/uploads\/2022\/05\/obligatorio-poner-las-cadenas-scaled.jpg","datePublished":"2022-09-22T10:26:49+00:00","dateModified":"2023-01-30T12:53:15+00:00","author":{"@id":"https:\/\/www.clicars.com\/blog\/#\/schema\/person\/af686c41ba96962c68871392bf2bb62d"},"description":"Hay situaciones en las que es obligatorio llevar cadenas en el coche. En este post te contamos cu\u00e1les son, y c\u00f3mo identificarlas.","breadcrumb":{"@id":"https:\/\/www.clicars.com\/blog\/actualidad\/llevar-cadenas-en-el-coche-cuando-es-obligatorio\/#breadcrumb"},"inLanguage":"es","potentialAction":[{"@type":"ReadAction","target":["https:\/\/www.clicars.com\/blog\/actualidad\/llevar-cadenas-en-el-coche-cuando-es-obligatorio\/"]}]},{"@type":"ImageObject","inLanguage":"es","@id":"https:\/\/www.clicars.com\/blog\/actualidad\/llevar-cadenas-en-el-coche-cuando-es-obligatorio\/#primaryimage","url":"https:\/\/www.clicars.com\/blog\/wp-content\/uploads\/2022\/05\/obligatorio-poner-las-cadenas-scaled.jpg","contentUrl":"https:\/\/www.clicars.com\/blog\/wp-content\/uploads\/2022\/05\/obligatorio-poner-las-cadenas-scaled.jpg","width":2560,"height":1920,"caption":"es obligatorio llevar cadenas en el coche"},{"@type":"BreadcrumbList","@id":"https:\/\/www.clicars.com\/blog\/actualidad\/llevar-cadenas-en-el-coche-cuando-es-obligatorio\/#breadcrumb","itemListElement":[{"@type":"ListItem","position":1,"name":"Portada","item":"https:\/\/www.clicars.com\/blog\/"},{"@type":"ListItem","position":2,"name":"Llevar cadenas en el coche, \u00bfcu\u00e1ndo es obligatorio?"}]},{"@type":"WebSite","@id":"https:\/\/www.clicars.com\/blog\/#website","url":"https:\/\/www.clicars.com\/blog\/","name":"Clicars","description":"Compra tu coche de Buena Mano sin moverte de casa","inLanguage":"es"},{"@type":"Person","@id":"https:\/\/www.clicars.com\/blog\/#\/schema\/person\/af686c41ba96962c68871392bf2bb62d","name":"Clicars","image":{"@type":"ImageObject","inLanguage":"es","@id":"https:\/\/www.clicars.com\/blog\/#\/schema\/person\/image\/","url":"https:\/\/secure.gravatar.com\/avatar\/3100622b0023049db14165cdba9dadaa9159743b871e83e440a0df9a70f80e56?s=96&d=mm&r=g","contentUrl":"https:\/\/secure.gravatar.com\/avatar\/3100622b0023049db14165cdba9dadaa9159743b871e83e440a0df9a70f80e56?s=96&d=mm&r=g","caption":"Clicars"},"sameAs":["https:\/\/www.clicars.com"],"url":"https:\/\/www.clicars.com\/blog\/author\/clicars\/"}]}},"_links":{"self":[{"href":"https:\/\/www.clicars.com\/blog\/wp-json\/wp\/v2\/posts\/9247","targetHints":{"allow":["GET"]}}],"collection":[{"href":"https:\/\/www.clicars.com\/blog\/wp-json\/wp\/v2\/posts"}],"about":[{"href":"https:\/\/www.clicars.com\/blog\/wp-json\/wp\/v2\/types\/post"}],"author":[{"embeddable":true,"href":"https:\/\/www.clicars.com\/blog\/wp-json\/wp\/v2\/users\/2"}],"replies":[{"embeddable":true,"href":"https:\/\/www.clicars.com\/blog\/wp-json\/wp\/v2\/comments?post=9247"}],"version-history":[{"count":5,"href":"https:\/\/www.clicars.com\/blog\/wp-json\/wp\/v2\/posts\/9247\/revisions"}],"predecessor-version":[{"id":11046,"href":"https:\/\/www.clicars.com\/blog\/wp-json\/wp\/v2\/posts\/9247\/revisions\/11046"}],"wp:featuredmedia":[{"embeddable":true,"href":"https:\/\/www.clicars.com\/blog\/wp-json\/wp\/v2\/media\/9248"}],"wp:attachment":[{"href":"https:\/\/www.clicars.com\/blog\/wp-json\/wp\/v2\/media?parent=9247"}],"wp:term":[{"taxonomy":"category","embeddable":true,"href":"https:\/\/www.clicars.com\/blog\/wp-json\/wp\/v2\/categories?post=9247"},{"taxonomy":"post_tag","embeddable":true,"href":"https:\/\/www.clicars.com\/blog\/wp-json\/wp\/v2\/tags?post=9247"}],"curies":[{"name":"wp","href":"https:\/\/api.w.org\/{rel}","templated":true}]}}