{"id":9288,"date":"2022-05-23T13:51:49","date_gmt":"2022-05-23T11:51:49","guid":{"rendered":"https:\/\/www.clicars.com\/blog\/?p=9288"},"modified":"2022-05-23T13:51:49","modified_gmt":"2022-05-23T11:51:49","slug":"cuanto-mide-el-maletero-de-un-volkswagen-tiguan","status":"publish","type":"post","link":"https:\/\/www.clicars.com\/blog\/curiosidades\/cuanto-mide-el-maletero-de-un-volkswagen-tiguan\/","title":{"rendered":"\u00bfCu\u00e1nto mide el maletero de un Volkswagen Tiguan? Comparativa con otros coches"},"content":{"rendered":"<p><span style=\"font-weight: 400;\">El tama\u00f1o del maletero es importante en coches como el<\/span> <b>Volkswagen Tiguan<\/b><span style=\"font-weight: 400;\">. Los SUV con vocaci\u00f3n familiar deben tener un espacio amplio en el maletero para guardar todo tipo de maletas y enseres.\u00a0<\/span><\/p>\n<p><span style=\"font-weight: 400;\">Hoy te hablaremos de este elemento y lo compararemos con el de otros coches parecidos al Volkswagen Tiguan. \u00a1Informaci\u00f3n muy importante si est\u00e1s pensando en comprarte este coche?<\/span><\/p>\n<h2><b>\u00bfQu\u00e9 tama\u00f1o tiene el maletero de un Volkswagen Tiguan?<\/b><\/h2>\n<p><span style=\"font-weight: 400;\">\u00bfQu\u00e9 tama\u00f1o tiene el maletero del<\/span><b> Volkswagen Tiguan<\/b><span style=\"font-weight: 400;\">? El Volkswagen Tiguan tiene un maletero de 615 litros que se puede ampliar si se abaten los asientos hasta los 1.655 litros.<\/span><\/p>\n<p><span style=\"font-weight: 400;\">El<\/span> <b>Volkswagen Tiguan<\/b> <span style=\"font-weight: 400;\">es un SUV mediano de segunda mano y ocasi\u00f3n que mide 4,48 metros de largo. Solo hay un Volkswagen de combusti\u00f3n m\u00e1s grande en la gama: el <\/span><b>Volkswagen Touareg<\/b><span style=\"font-weight: 400;\">.<\/span><\/p>\n<p><span style=\"font-weight: 400;\">Si necesitas un<\/span> <b>Volkswagen Tiguan<\/b><span style=\"font-weight: 400;\"> con m\u00e1s maletero existe una versi\u00f3n llamada<\/span> <b>Volkswagen Tiguan Allspace<\/b><span style=\"font-weight: 400;\"> que cuenta con siete plazas. Tiene una capacidad de 700 metros y hasta 1.755 litros con los asientos abatidos.<\/span><\/p>\n<p><img loading=\"lazy\" decoding=\"async\" class=\"alignleft size-full wp-image-9291\" src=\"https:\/\/www.clicars.com\/blog\/wp-content\/uploads\/2022\/05\/1e7f3f089941be65d948d800ce816811-8030916-ebdd99a62f0c0c32166891228d5f83f7222588b8-vehicle-gallery-large.webp\" alt=\"capacidad maletero volkswagen tiguan\" width=\"1800\" height=\"1200\" srcset=\"https:\/\/www.clicars.com\/blog\/wp-content\/uploads\/2022\/05\/1e7f3f089941be65d948d800ce816811-8030916-ebdd99a62f0c0c32166891228d5f83f7222588b8-vehicle-gallery-large.webp 1800w, https:\/\/www.clicars.com\/blog\/wp-content\/uploads\/2022\/05\/1e7f3f089941be65d948d800ce816811-8030916-ebdd99a62f0c0c32166891228d5f83f7222588b8-vehicle-gallery-large-300x200.webp 300w, https:\/\/www.clicars.com\/blog\/wp-content\/uploads\/2022\/05\/1e7f3f089941be65d948d800ce816811-8030916-ebdd99a62f0c0c32166891228d5f83f7222588b8-vehicle-gallery-large-1024x683.webp 1024w, https:\/\/www.clicars.com\/blog\/wp-content\/uploads\/2022\/05\/1e7f3f089941be65d948d800ce816811-8030916-ebdd99a62f0c0c32166891228d5f83f7222588b8-vehicle-gallery-large-768x512.webp 768w, https:\/\/www.clicars.com\/blog\/wp-content\/uploads\/2022\/05\/1e7f3f089941be65d948d800ce816811-8030916-ebdd99a62f0c0c32166891228d5f83f7222588b8-vehicle-gallery-large-1536x1024.webp 1536w, https:\/\/www.clicars.com\/blog\/wp-content\/uploads\/2022\/05\/1e7f3f089941be65d948d800ce816811-8030916-ebdd99a62f0c0c32166891228d5f83f7222588b8-vehicle-gallery-large-900x600.webp 900w\" sizes=\"auto, (max-width: 1800px) 100vw, 1800px\" \/><\/p>\n<h2><b>Comparativa del maletero del Volkswagen Tiguan<\/b><\/h2>\n<p><span style=\"font-weight: 400;\">A continuaci\u00f3n, vamos a comparar el maletero del<\/span> <b>Volkswagen Tiguan<\/b><span style=\"font-weight: 400;\"> con el de otros diez coches del mismo segmento.\u00a0<\/span><\/p>\n<ul>\n<li style=\"font-weight: 400;\" aria-level=\"1\"><span style=\"font-weight: 400;\">Maletero del Seat Tarraco: 760 litros<\/span><\/li>\n<li style=\"font-weight: 400;\" aria-level=\"1\"><span style=\"font-weight: 400;\">Maletero del Hyundai Tucson: 620 litros<\/span><\/li>\n<li style=\"font-weight: 400;\" aria-level=\"1\"><span style=\"font-weight: 400;\">Maletero del Citro\u00ebn C5 Aircross h\u00edbrido: 580 litros<\/span><\/li>\n<li style=\"font-weight: 400;\" aria-level=\"1\"><span style=\"font-weight: 400;\">Maletero del Volvo XC40: 578 litros<\/span><\/li>\n<li style=\"font-weight: 400;\" aria-level=\"1\"><span style=\"font-weight: 400;\">Maletero del Audi Q3: 530 litros<\/span><\/li>\n<li style=\"font-weight: 400;\" aria-level=\"1\"><span style=\"font-weight: 400;\">Maletero del Skoda Karoq: 521 litros<\/span><\/li>\n<li style=\"font-weight: 400;\" aria-level=\"1\"><span style=\"font-weight: 400;\">Maletero del Peugeot 3008: 520 litros<\/span><\/li>\n<li style=\"font-weight: 400;\" aria-level=\"1\"><span style=\"font-weight: 400;\">Maletero del Opel Grandland: 514 litros<\/span><\/li>\n<li style=\"font-weight: 400;\" aria-level=\"1\"><span style=\"font-weight: 400;\">Maletero del Seat Ateca: 510 litros<\/span><\/li>\n<li style=\"font-weight: 400;\" aria-level=\"1\"><span style=\"font-weight: 400;\">Maletero del Ford Kuga: 475 litros<\/span><\/li>\n<\/ul>\n<h2><b>\u00bfC\u00f3mo es el Volkswagen Tiguan?<\/b><\/h2>\n<p><span style=\"font-weight: 400;\">El<\/span> <b>Volkswagen Tiguan<\/b><span style=\"font-weight: 400;\"> es un SUV que est\u00e1 disponible tambi\u00e9n con motorizaciones ECO. La m\u00e1s destacada es el Volkswagen Tiguan eHybrid cero emisiones: combina un motor de gasolina 1.4 TSI de 150 CV con otro el\u00e9ctrico de 115 CV, asociados a una caja autom\u00e1tica de doble embrague y seis marchas DSG. El Volkswagen Tiguan R es la versi\u00f3n m\u00e1s deportiva, con 245 CV.<\/span><\/p>\n<p><span style=\"font-weight: 400;\">En cuanto al equipamiento, m\u00e1s all\u00e1 de un amplio maletero, el<\/span> <b>Volkswagen Tiguan<\/b> <span style=\"font-weight: 400;\">tiene elementos como:<\/span><\/p>\n<ul>\n<li style=\"font-weight: 400;\" aria-level=\"1\"><span style=\"font-weight: 400;\">Faros LED<\/span><\/li>\n<li style=\"font-weight: 400;\" aria-level=\"1\"><span style=\"font-weight: 400;\">Asistente de frenada de emergencia<\/span><\/li>\n<li style=\"font-weight: 400;\" aria-level=\"1\"><span style=\"font-weight: 400;\">Aviso de salida de carril<\/span><\/li>\n<li style=\"font-weight: 400;\" aria-level=\"1\"><span style=\"font-weight: 400;\">Sistema de detecci\u00f3n de peatones<\/span><\/li>\n<li style=\"font-weight: 400;\" aria-level=\"1\"><span style=\"font-weight: 400;\">Control de crucero adaptativo con limitador de velocidad<\/span><\/li>\n<\/ul>\n<p><span style=\"font-weight: 400;\">Adem\u00e1s, el<\/span> <b>Volkswagen Tiguan<\/b><span style=\"font-weight: 400;\"> tiene tres acabados: Urban Sport, Life o R Line. Este \u00faltimo nivel es deportivo y tiene extras como faros Matrix Led, c\u00e1mara de visi\u00f3n trasera o techo corredizo.<\/span><\/p>\n<p><img loading=\"lazy\" decoding=\"async\" class=\"alignleft wp-image-9290 size-full\" src=\"https:\/\/www.clicars.com\/blog\/wp-content\/uploads\/2022\/05\/IMG_9440-Editar-2-scaled.webp\" alt=\"volkswagen tiguan tama\u00f1o maletero\" width=\"2560\" height=\"1707\" srcset=\"https:\/\/www.clicars.com\/blog\/wp-content\/uploads\/2022\/05\/IMG_9440-Editar-2-scaled.webp 2560w, https:\/\/www.clicars.com\/blog\/wp-content\/uploads\/2022\/05\/IMG_9440-Editar-2-300x200.webp 300w, https:\/\/www.clicars.com\/blog\/wp-content\/uploads\/2022\/05\/IMG_9440-Editar-2-1024x683.webp 1024w, https:\/\/www.clicars.com\/blog\/wp-content\/uploads\/2022\/05\/IMG_9440-Editar-2-768x512.webp 768w, https:\/\/www.clicars.com\/blog\/wp-content\/uploads\/2022\/05\/IMG_9440-Editar-2-1536x1024.webp 1536w, https:\/\/www.clicars.com\/blog\/wp-content\/uploads\/2022\/05\/IMG_9440-Editar-2-2048x1365.webp 2048w, https:\/\/www.clicars.com\/blog\/wp-content\/uploads\/2022\/05\/IMG_9440-Editar-2-900x600.webp 900w\" sizes=\"auto, (max-width: 2560px) 100vw, 2560px\" \/><\/p>\n<h2><b>Los mejores Volkswagen Tiguan de segunda mano<\/b><\/h2>\n<p><span style=\"font-weight: 400;\">\u00bfEst\u00e1s pensando en comprar un<\/span> <a href=\"https:\/\/www.clicars.com\/coches-segunda-mano-ocasion\/volkswagen\/tiguan\"><b>Volkswagen Tiguan de segunda mano<\/b><\/a><span style=\"font-weight: 400;\">? En Clicars tienes una amplia gama de Volkswagen Tiguan. Puedes comprobar sus fichas t\u00e9cnicas detalladas, con todas las dimensiones, incluida su maletero. \u00bfCu\u00e1l es el que mejor se adapta a ti? \u00a1Compru\u00e9balo!<\/span><\/p>\n","protected":false},"excerpt":{"rendered":"<p>El tama\u00f1o del maletero es importante en coches como el Volkswagen Tiguan. Los SUV con&#8230;<\/p>\n","protected":false},"author":2,"featured_media":9289,"comment_status":"closed","ping_status":"closed","sticky":false,"template":"","format":"standard","meta":{"footnotes":""},"categories":[4],"tags":[],"class_list":{"0":"post-9288","1":"post","2":"type-post","3":"status-publish","4":"format-standard","5":"has-post-thumbnail","7":"category-curiosidades"},"yoast_head":"<!-- This site is optimized with the Yoast SEO plugin v26.8 - https:\/\/yoast.com\/product\/yoast-seo-wordpress\/ -->\n<title>\u00bfCu\u00e1nto mide el maletero de un Volkswagen Tiguan? - Clicars Blog<\/title>\n<meta name=\"description\" content=\"El Volkswagen Tiguan tiene un gran maletero. \u00bfQu\u00e9 cabe dentro? Te contamos c\u00f3mo de grande es en comparaci\u00f3n a otros modelos.\" \/>\n<meta name=\"robots\" content=\"index, follow, max-snippet:-1, max-image-preview:large, max-video-preview:-1\" \/>\n<link rel=\"canonical\" href=\"https:\/\/www.clicars.com\/blog\/curiosidades\/cuanto-mide-el-maletero-de-un-volkswagen-tiguan\/\" \/>\n<meta property=\"og:locale\" content=\"es_ES\" \/>\n<meta property=\"og:type\" content=\"article\" \/>\n<meta property=\"og:title\" content=\"\u00bfCu\u00e1nto mide el maletero de un Volkswagen Tiguan? - Clicars Blog\" \/>\n<meta property=\"og:description\" content=\"El Volkswagen Tiguan tiene un gran maletero. \u00bfQu\u00e9 cabe dentro? Te contamos c\u00f3mo de grande es en comparaci\u00f3n a otros modelos.\" \/>\n<meta property=\"og:url\" content=\"https:\/\/www.clicars.com\/blog\/curiosidades\/cuanto-mide-el-maletero-de-un-volkswagen-tiguan\/\" \/>\n<meta property=\"og:site_name\" content=\"Clicars\" \/>\n<meta property=\"article:published_time\" content=\"2022-05-23T11:51:49+00:00\" \/>\n<meta property=\"og:image\" content=\"https:\/\/www.clicars.com\/blog\/wp-content\/uploads\/2022\/05\/maletero-volkswagen-tiguan-scaled.webp\" \/>\n\t<meta property=\"og:image:width\" content=\"2560\" \/>\n\t<meta property=\"og:image:height\" content=\"1707\" \/>\n\t<meta property=\"og:image:type\" content=\"image\/webp\" \/>\n<meta name=\"author\" content=\"Clicars\" \/>\n<meta name=\"twitter:card\" content=\"summary_large_image\" \/>\n<meta name=\"twitter:label1\" content=\"Escrito por\" \/>\n\t<meta name=\"twitter:data1\" content=\"Clicars\" \/>\n\t<meta name=\"twitter:label2\" content=\"Tiempo de lectura\" \/>\n\t<meta name=\"twitter:data2\" content=\"3 minutos\" \/>\n<script type=\"application\/ld+json\" class=\"yoast-schema-graph\">{\"@context\":\"https:\/\/schema.org\",\"@graph\":[{\"@type\":\"Article\",\"@id\":\"https:\/\/www.clicars.com\/blog\/curiosidades\/cuanto-mide-el-maletero-de-un-volkswagen-tiguan\/#article\",\"isPartOf\":{\"@id\":\"https:\/\/www.clicars.com\/blog\/curiosidades\/cuanto-mide-el-maletero-de-un-volkswagen-tiguan\/\"},\"author\":{\"name\":\"Clicars\",\"@id\":\"https:\/\/www.clicars.com\/blog\/#\/schema\/person\/af686c41ba96962c68871392bf2bb62d\"},\"headline\":\"\u00bfCu\u00e1nto mide el maletero de un Volkswagen Tiguan? Comparativa con otros coches\",\"datePublished\":\"2022-05-23T11:51:49+00:00\",\"mainEntityOfPage\":{\"@id\":\"https:\/\/www.clicars.com\/blog\/curiosidades\/cuanto-mide-el-maletero-de-un-volkswagen-tiguan\/\"},\"wordCount\":466,\"image\":{\"@id\":\"https:\/\/www.clicars.com\/blog\/curiosidades\/cuanto-mide-el-maletero-de-un-volkswagen-tiguan\/#primaryimage\"},\"thumbnailUrl\":\"https:\/\/www.clicars.com\/blog\/wp-content\/uploads\/2022\/05\/maletero-volkswagen-tiguan-scaled.webp\",\"articleSection\":[\"Curiosidades\"],\"inLanguage\":\"es\"},{\"@type\":[\"WebPage\",\"ItemPage\"],\"@id\":\"https:\/\/www.clicars.com\/blog\/curiosidades\/cuanto-mide-el-maletero-de-un-volkswagen-tiguan\/\",\"url\":\"https:\/\/www.clicars.com\/blog\/curiosidades\/cuanto-mide-el-maletero-de-un-volkswagen-tiguan\/\",\"name\":\"\u00bfCu\u00e1nto mide el maletero de un Volkswagen Tiguan? - Clicars Blog\",\"isPartOf\":{\"@id\":\"https:\/\/www.clicars.com\/blog\/#website\"},\"primaryImageOfPage\":{\"@id\":\"https:\/\/www.clicars.com\/blog\/curiosidades\/cuanto-mide-el-maletero-de-un-volkswagen-tiguan\/#primaryimage\"},\"image\":{\"@id\":\"https:\/\/www.clicars.com\/blog\/curiosidades\/cuanto-mide-el-maletero-de-un-volkswagen-tiguan\/#primaryimage\"},\"thumbnailUrl\":\"https:\/\/www.clicars.com\/blog\/wp-content\/uploads\/2022\/05\/maletero-volkswagen-tiguan-scaled.webp\",\"datePublished\":\"2022-05-23T11:51:49+00:00\",\"author\":{\"@id\":\"https:\/\/www.clicars.com\/blog\/#\/schema\/person\/af686c41ba96962c68871392bf2bb62d\"},\"description\":\"El Volkswagen Tiguan tiene un gran maletero. \u00bfQu\u00e9 cabe dentro? Te contamos c\u00f3mo de grande es en comparaci\u00f3n a otros modelos.\",\"breadcrumb\":{\"@id\":\"https:\/\/www.clicars.com\/blog\/curiosidades\/cuanto-mide-el-maletero-de-un-volkswagen-tiguan\/#breadcrumb\"},\"inLanguage\":\"es\",\"potentialAction\":[{\"@type\":\"ReadAction\",\"target\":[\"https:\/\/www.clicars.com\/blog\/curiosidades\/cuanto-mide-el-maletero-de-un-volkswagen-tiguan\/\"]}]},{\"@type\":\"ImageObject\",\"inLanguage\":\"es\",\"@id\":\"https:\/\/www.clicars.com\/blog\/curiosidades\/cuanto-mide-el-maletero-de-un-volkswagen-tiguan\/#primaryimage\",\"url\":\"https:\/\/www.clicars.com\/blog\/wp-content\/uploads\/2022\/05\/maletero-volkswagen-tiguan-scaled.webp\",\"contentUrl\":\"https:\/\/www.clicars.com\/blog\/wp-content\/uploads\/2022\/05\/maletero-volkswagen-tiguan-scaled.webp\",\"width\":2560,\"height\":1707,\"caption\":\"maletero volkswagen tiguan\"},{\"@type\":\"BreadcrumbList\",\"@id\":\"https:\/\/www.clicars.com\/blog\/curiosidades\/cuanto-mide-el-maletero-de-un-volkswagen-tiguan\/#breadcrumb\",\"itemListElement\":[{\"@type\":\"ListItem\",\"position\":1,\"name\":\"Portada\",\"item\":\"https:\/\/www.clicars.com\/blog\/\"},{\"@type\":\"ListItem\",\"position\":2,\"name\":\"\u00bfCu\u00e1nto mide el maletero de un Volkswagen Tiguan? Comparativa con otros coches\"}]},{\"@type\":\"WebSite\",\"@id\":\"https:\/\/www.clicars.com\/blog\/#website\",\"url\":\"https:\/\/www.clicars.com\/blog\/\",\"name\":\"Clicars\",\"description\":\"Compra tu coche de Buena Mano sin moverte de casa\",\"inLanguage\":\"es\"},{\"@type\":\"Person\",\"@id\":\"https:\/\/www.clicars.com\/blog\/#\/schema\/person\/af686c41ba96962c68871392bf2bb62d\",\"name\":\"Clicars\",\"image\":{\"@type\":\"ImageObject\",\"inLanguage\":\"es\",\"@id\":\"https:\/\/www.clicars.com\/blog\/#\/schema\/person\/image\/\",\"url\":\"https:\/\/secure.gravatar.com\/avatar\/3100622b0023049db14165cdba9dadaa9159743b871e83e440a0df9a70f80e56?s=96&d=mm&r=g\",\"contentUrl\":\"https:\/\/secure.gravatar.com\/avatar\/3100622b0023049db14165cdba9dadaa9159743b871e83e440a0df9a70f80e56?s=96&d=mm&r=g\",\"caption\":\"Clicars\"},\"sameAs\":[\"https:\/\/www.clicars.com\"],\"url\":\"https:\/\/www.clicars.com\/blog\/author\/clicars\/\"}]}<\/script>\n<!-- \/ Yoast SEO plugin. -->","yoast_head_json":{"title":"\u00bfCu\u00e1nto mide el maletero de un Volkswagen Tiguan? - Clicars Blog","description":"El Volkswagen Tiguan tiene un gran maletero. \u00bfQu\u00e9 cabe dentro? Te contamos c\u00f3mo de grande es en comparaci\u00f3n a otros modelos.","robots":{"index":"index","follow":"follow","max-snippet":"max-snippet:-1","max-image-preview":"max-image-preview:large","max-video-preview":"max-video-preview:-1"},"canonical":"https:\/\/www.clicars.com\/blog\/curiosidades\/cuanto-mide-el-maletero-de-un-volkswagen-tiguan\/","og_locale":"es_ES","og_type":"article","og_title":"\u00bfCu\u00e1nto mide el maletero de un Volkswagen Tiguan? - Clicars Blog","og_description":"El Volkswagen Tiguan tiene un gran maletero. \u00bfQu\u00e9 cabe dentro? Te contamos c\u00f3mo de grande es en comparaci\u00f3n a otros modelos.","og_url":"https:\/\/www.clicars.com\/blog\/curiosidades\/cuanto-mide-el-maletero-de-un-volkswagen-tiguan\/","og_site_name":"Clicars","article_published_time":"2022-05-23T11:51:49+00:00","og_image":[{"width":2560,"height":1707,"url":"https:\/\/www.clicars.com\/blog\/wp-content\/uploads\/2022\/05\/maletero-volkswagen-tiguan-scaled.webp","type":"image\/webp"}],"author":"Clicars","twitter_card":"summary_large_image","twitter_misc":{"Escrito por":"Clicars","Tiempo de lectura":"3 minutos"},"schema":{"@context":"https:\/\/schema.org","@graph":[{"@type":"Article","@id":"https:\/\/www.clicars.com\/blog\/curiosidades\/cuanto-mide-el-maletero-de-un-volkswagen-tiguan\/#article","isPartOf":{"@id":"https:\/\/www.clicars.com\/blog\/curiosidades\/cuanto-mide-el-maletero-de-un-volkswagen-tiguan\/"},"author":{"name":"Clicars","@id":"https:\/\/www.clicars.com\/blog\/#\/schema\/person\/af686c41ba96962c68871392bf2bb62d"},"headline":"\u00bfCu\u00e1nto mide el maletero de un Volkswagen Tiguan? Comparativa con otros coches","datePublished":"2022-05-23T11:51:49+00:00","mainEntityOfPage":{"@id":"https:\/\/www.clicars.com\/blog\/curiosidades\/cuanto-mide-el-maletero-de-un-volkswagen-tiguan\/"},"wordCount":466,"image":{"@id":"https:\/\/www.clicars.com\/blog\/curiosidades\/cuanto-mide-el-maletero-de-un-volkswagen-tiguan\/#primaryimage"},"thumbnailUrl":"https:\/\/www.clicars.com\/blog\/wp-content\/uploads\/2022\/05\/maletero-volkswagen-tiguan-scaled.webp","articleSection":["Curiosidades"],"inLanguage":"es"},{"@type":["WebPage","ItemPage"],"@id":"https:\/\/www.clicars.com\/blog\/curiosidades\/cuanto-mide-el-maletero-de-un-volkswagen-tiguan\/","url":"https:\/\/www.clicars.com\/blog\/curiosidades\/cuanto-mide-el-maletero-de-un-volkswagen-tiguan\/","name":"\u00bfCu\u00e1nto mide el maletero de un Volkswagen Tiguan? - Clicars Blog","isPartOf":{"@id":"https:\/\/www.clicars.com\/blog\/#website"},"primaryImageOfPage":{"@id":"https:\/\/www.clicars.com\/blog\/curiosidades\/cuanto-mide-el-maletero-de-un-volkswagen-tiguan\/#primaryimage"},"image":{"@id":"https:\/\/www.clicars.com\/blog\/curiosidades\/cuanto-mide-el-maletero-de-un-volkswagen-tiguan\/#primaryimage"},"thumbnailUrl":"https:\/\/www.clicars.com\/blog\/wp-content\/uploads\/2022\/05\/maletero-volkswagen-tiguan-scaled.webp","datePublished":"2022-05-23T11:51:49+00:00","author":{"@id":"https:\/\/www.clicars.com\/blog\/#\/schema\/person\/af686c41ba96962c68871392bf2bb62d"},"description":"El Volkswagen Tiguan tiene un gran maletero. \u00bfQu\u00e9 cabe dentro? Te contamos c\u00f3mo de grande es en comparaci\u00f3n a otros modelos.","breadcrumb":{"@id":"https:\/\/www.clicars.com\/blog\/curiosidades\/cuanto-mide-el-maletero-de-un-volkswagen-tiguan\/#breadcrumb"},"inLanguage":"es","potentialAction":[{"@type":"ReadAction","target":["https:\/\/www.clicars.com\/blog\/curiosidades\/cuanto-mide-el-maletero-de-un-volkswagen-tiguan\/"]}]},{"@type":"ImageObject","inLanguage":"es","@id":"https:\/\/www.clicars.com\/blog\/curiosidades\/cuanto-mide-el-maletero-de-un-volkswagen-tiguan\/#primaryimage","url":"https:\/\/www.clicars.com\/blog\/wp-content\/uploads\/2022\/05\/maletero-volkswagen-tiguan-scaled.webp","contentUrl":"https:\/\/www.clicars.com\/blog\/wp-content\/uploads\/2022\/05\/maletero-volkswagen-tiguan-scaled.webp","width":2560,"height":1707,"caption":"maletero volkswagen tiguan"},{"@type":"BreadcrumbList","@id":"https:\/\/www.clicars.com\/blog\/curiosidades\/cuanto-mide-el-maletero-de-un-volkswagen-tiguan\/#breadcrumb","itemListElement":[{"@type":"ListItem","position":1,"name":"Portada","item":"https:\/\/www.clicars.com\/blog\/"},{"@type":"ListItem","position":2,"name":"\u00bfCu\u00e1nto mide el maletero de un Volkswagen Tiguan? Comparativa con otros coches"}]},{"@type":"WebSite","@id":"https:\/\/www.clicars.com\/blog\/#website","url":"https:\/\/www.clicars.com\/blog\/","name":"Clicars","description":"Compra tu coche de Buena Mano sin moverte de casa","inLanguage":"es"},{"@type":"Person","@id":"https:\/\/www.clicars.com\/blog\/#\/schema\/person\/af686c41ba96962c68871392bf2bb62d","name":"Clicars","image":{"@type":"ImageObject","inLanguage":"es","@id":"https:\/\/www.clicars.com\/blog\/#\/schema\/person\/image\/","url":"https:\/\/secure.gravatar.com\/avatar\/3100622b0023049db14165cdba9dadaa9159743b871e83e440a0df9a70f80e56?s=96&d=mm&r=g","contentUrl":"https:\/\/secure.gravatar.com\/avatar\/3100622b0023049db14165cdba9dadaa9159743b871e83e440a0df9a70f80e56?s=96&d=mm&r=g","caption":"Clicars"},"sameAs":["https:\/\/www.clicars.com"],"url":"https:\/\/www.clicars.com\/blog\/author\/clicars\/"}]}},"_links":{"self":[{"href":"https:\/\/www.clicars.com\/blog\/wp-json\/wp\/v2\/posts\/9288","targetHints":{"allow":["GET"]}}],"collection":[{"href":"https:\/\/www.clicars.com\/blog\/wp-json\/wp\/v2\/posts"}],"about":[{"href":"https:\/\/www.clicars.com\/blog\/wp-json\/wp\/v2\/types\/post"}],"author":[{"embeddable":true,"href":"https:\/\/www.clicars.com\/blog\/wp-json\/wp\/v2\/users\/2"}],"replies":[{"embeddable":true,"href":"https:\/\/www.clicars.com\/blog\/wp-json\/wp\/v2\/comments?post=9288"}],"version-history":[{"count":1,"href":"https:\/\/www.clicars.com\/blog\/wp-json\/wp\/v2\/posts\/9288\/revisions"}],"predecessor-version":[{"id":9292,"href":"https:\/\/www.clicars.com\/blog\/wp-json\/wp\/v2\/posts\/9288\/revisions\/9292"}],"wp:featuredmedia":[{"embeddable":true,"href":"https:\/\/www.clicars.com\/blog\/wp-json\/wp\/v2\/media\/9289"}],"wp:attachment":[{"href":"https:\/\/www.clicars.com\/blog\/wp-json\/wp\/v2\/media?parent=9288"}],"wp:term":[{"taxonomy":"category","embeddable":true,"href":"https:\/\/www.clicars.com\/blog\/wp-json\/wp\/v2\/categories?post=9288"},{"taxonomy":"post_tag","embeddable":true,"href":"https:\/\/www.clicars.com\/blog\/wp-json\/wp\/v2\/tags?post=9288"}],"curies":[{"name":"wp","href":"https:\/\/api.w.org\/{rel}","templated":true}]}}