{"id":9407,"date":"2022-06-16T11:39:36","date_gmt":"2022-06-16T09:39:36","guid":{"rendered":"https:\/\/www.clicars.com\/blog\/?p=9407"},"modified":"2022-06-16T11:39:36","modified_gmt":"2022-06-16T09:39:36","slug":"cuales-son-las-medidas-de-los-citroen-berlingo","status":"publish","type":"post","link":"https:\/\/www.clicars.com\/blog\/curiosidades\/cuales-son-las-medidas-de-los-citroen-berlingo\/","title":{"rendered":"\u00bfCu\u00e1les son las medidas de los Citro\u00ebn Berlingo?"},"content":{"rendered":"<p><span style=\"font-weight: 400;\">El<\/span> <b>Citro\u00ebn Berlingo es un coche<\/b> <span style=\"font-weight: 400;\"><strong>vers\u00e1til<\/strong>, un veh\u00edculo ideal para el trabajo, pero tambi\u00e9n para disfrutar del ocio. Una de las caracter\u00edsticas m\u00e1s importantes de este modelo son sus medidas.\u00a0<\/span><\/p>\n<p><span style=\"font-weight: 400;\">Hay<\/span> <span style=\"font-weight: 400;\">Citro\u00ebn Berlingo<\/span> <span style=\"font-weight: 400;\">de diferentes tama\u00f1os. Hoy te contamos <strong>cu\u00e1les son las medidas de los Citro\u00ebn Berlingo en todas sus versiones<\/strong>.\u00a0<\/span><\/p>\n<p><span style=\"font-weight: 400;\">\u00bfEst\u00e1s pensando en comprarte un Citro\u00ebn Berlingo? Recuerda que tenemos<\/span> <span style=\"font-weight: 400;\">una amplia variedad en Clicars<\/span><span style=\"font-weight: 400;\"> al mejor precio.<\/span><\/p>\n<h2><b>Medidas del Citro\u00ebn Berlingo por versiones<\/b><\/h2>\n<p><span style=\"font-weight: 400;\">El<\/span> <span style=\"font-weight: 400;\">Citro\u00ebn Berlingo<\/span> <span style=\"font-weight: 400;\">es uno de los modelos cl\u00e1sicos de la marca francesa, fabricando desde hace d\u00e9cadas en la planta que Stellantis tiene en Vigo.\u00a0<\/span><\/p>\n<p><span style=\"font-weight: 400;\">Tiene una versi\u00f3n llamada Van, pensada como veh\u00edculo comercial, y otra denominada MutlSpace, ideada para el transporte de pasajeros.<\/span><\/p>\n<p><span style=\"font-weight: 400;\">Las medidas del<\/span><a href=\"https:\/\/www.clicars.com\/coches-segunda-mano-ocasion\/citroen\/berlingo?s=ac\"> <b>Citro\u00ebn Berlingo de segunda mano y ocasi\u00f3n<\/b><\/a><span style=\"font-weight: 400;\"> difieren en tanto se trate de la versi\u00f3n de 5 o 7 plazas y cuenta con dos carrocer\u00edas disponibles: la M y la XL.<\/span><\/p>\n<h2><b>Medidas Citro\u00ebn Berlingo Van<\/b><\/h2>\n<p><span style=\"font-weight: 400;\">Existen dos tipos de<\/span> <b>Citro\u00ebn Berlingo Van<\/b><span style=\"font-weight: 400;\">, la versi\u00f3n comercial, seg\u00fan sus medidas.\u00a0 El premiado como Veh\u00edculo Comercial del A\u00f1o 2019 se adapta a las necesidades de cada trabajador.\u00a0<\/span><\/p>\n<p><span style=\"font-weight: 400;\">Hay una Citro\u00ebn Berlingo de Talla M de 4,40 metros de longitud y una versi\u00f3n ampliada XL de 4,75 metros.\u00a0<\/span><\/p>\n<p><span style=\"font-weight: 400;\">Adem\u00e1s, existen versiones especiales de la Citro\u00ebn Berlingo como la el\u00e9ctrica Citro\u00ebn \u00eb-Berlingo, la Citro\u00ebn Berlingo Van Worker, destinada a los profesionales que transportan equipos; y la Citro\u00ebn Berlingo Van Driver, dise\u00f1ada para las empresas y sus empleados que tienen que hacer largos viajes o muchas entregas en zonas urbanas.<\/span><\/p>\n<p><img loading=\"lazy\" decoding=\"async\" class=\"alignleft size-full wp-image-9410\" src=\"https:\/\/www.clicars.com\/blog\/wp-content\/uploads\/2022\/06\/citroen-berlingo-van-medidas.jpg\" alt=\"citroen berlingo van medidas\" width=\"1800\" height=\"1200\" srcset=\"https:\/\/www.clicars.com\/blog\/wp-content\/uploads\/2022\/06\/citroen-berlingo-van-medidas.jpg 1800w, https:\/\/www.clicars.com\/blog\/wp-content\/uploads\/2022\/06\/citroen-berlingo-van-medidas-300x200.jpg 300w, https:\/\/www.clicars.com\/blog\/wp-content\/uploads\/2022\/06\/citroen-berlingo-van-medidas-1024x683.jpg 1024w, https:\/\/www.clicars.com\/blog\/wp-content\/uploads\/2022\/06\/citroen-berlingo-van-medidas-768x512.jpg 768w, https:\/\/www.clicars.com\/blog\/wp-content\/uploads\/2022\/06\/citroen-berlingo-van-medidas-1536x1024.jpg 1536w, https:\/\/www.clicars.com\/blog\/wp-content\/uploads\/2022\/06\/citroen-berlingo-van-medidas-900x600.jpg 900w\" sizes=\"auto, (max-width: 1800px) 100vw, 1800px\" \/><\/p>\n<h2><b>Medidas Citro\u00ebn Berlingo Multispace<\/b><\/h2>\n<p><span style=\"font-weight: 400;\">El<\/span> <b>Citro\u00ebn Berlingo Multispace<\/b><span style=\"font-weight: 400;\">\u00a0es el coche familiar de la gama, pensado para cualquier estilo de vida y con prestaciones propias como la modularidad y el volumen interior. Se vende tambi\u00e9n con versi\u00f3n el\u00e9ctrica.\u00a0<\/span><\/p>\n<p><span style=\"font-weight: 400;\">El<\/span> <span style=\"font-weight: 400;\">Citro\u00ebn Berlingo Multispace<\/span> <span style=\"font-weight: 400;\">est\u00e1 disponible, igualmente, en Talla M y Talla XL. Ambos est\u00e1n disponibles en versiones de 5 y 7 plazas y ofrecen un nivel \u00f3ptimo de confort.\u00a0<\/span><\/p>\n<p><span style=\"font-weight: 400;\">La talla XL es 35 cent\u00edmetros m\u00e1s larga que la talla M gracias a su mayor distancia entre ejes y el voladizo trasero.\u00a0<\/span><\/p>\n<p><span style=\"font-weight: 400;\">Hay una versi\u00f3n del<\/span> <span style=\"font-weight: 400;\">Citro\u00ebn Berlingo Multispace<\/span><span style=\"font-weight: 400;\"> concebida para los m\u00e1s aventureros. Se denomina Citro\u00ebn Berlingo XTR y se distingue por su Pack Color Orange, presente en todos los detalles exteriores.\u00a0<\/span><\/p>\n<p><img loading=\"lazy\" decoding=\"async\" class=\"alignleft size-full wp-image-9409\" src=\"https:\/\/www.clicars.com\/blog\/wp-content\/uploads\/2022\/06\/citroen-berlingo-multiespace-medidas.jpg\" alt=\"citroen berlingo multispace medidas\" width=\"1800\" height=\"1200\" srcset=\"https:\/\/www.clicars.com\/blog\/wp-content\/uploads\/2022\/06\/citroen-berlingo-multiespace-medidas.jpg 1800w, https:\/\/www.clicars.com\/blog\/wp-content\/uploads\/2022\/06\/citroen-berlingo-multiespace-medidas-300x200.jpg 300w, https:\/\/www.clicars.com\/blog\/wp-content\/uploads\/2022\/06\/citroen-berlingo-multiespace-medidas-1024x683.jpg 1024w, https:\/\/www.clicars.com\/blog\/wp-content\/uploads\/2022\/06\/citroen-berlingo-multiespace-medidas-768x512.jpg 768w, https:\/\/www.clicars.com\/blog\/wp-content\/uploads\/2022\/06\/citroen-berlingo-multiespace-medidas-1536x1024.jpg 1536w, https:\/\/www.clicars.com\/blog\/wp-content\/uploads\/2022\/06\/citroen-berlingo-multiespace-medidas-900x600.jpg 900w\" sizes=\"auto, (max-width: 1800px) 100vw, 1800px\" \/><\/p>\n<p><span style=\"font-weight: 400;\">Sea cual sea la medida de la Citro\u00ebn Berlingo que buscas,<\/span> <span style=\"font-weight: 400;\">la encontrar\u00e1s en Clicars<\/span><span style=\"font-weight: 400;\">. \u00a1S\u00fabete y prueba cu\u00e1l es la que mejor se adapta a ti!<\/span><\/p>\n","protected":false},"excerpt":{"rendered":"<p>El Citro\u00ebn Berlingo es un coche vers\u00e1til, un veh\u00edculo ideal para el trabajo, pero tambi\u00e9n&#8230;<\/p>\n","protected":false},"author":2,"featured_media":9408,"comment_status":"closed","ping_status":"closed","sticky":false,"template":"","format":"standard","meta":{"footnotes":""},"categories":[4],"tags":[],"class_list":{"0":"post-9407","1":"post","2":"type-post","3":"status-publish","4":"format-standard","5":"has-post-thumbnail","7":"category-curiosidades"},"yoast_head":"<!-- This site is optimized with the Yoast SEO plugin v26.8 - https:\/\/yoast.com\/product\/yoast-seo-wordpress\/ -->\n<title>\u00bfCu\u00e1les son las medidas de los Citro\u00ebn Berlingo? - Clicars Blog<\/title>\n<meta name=\"description\" content=\"Las medidas de la Citro\u00ebn Berlingo explicadas versi\u00f3n por versi\u00f3n. No pierdas detalle de cada una de ellas.\" \/>\n<meta name=\"robots\" content=\"index, follow, max-snippet:-1, max-image-preview:large, max-video-preview:-1\" \/>\n<link rel=\"canonical\" href=\"https:\/\/www.clicars.com\/blog\/curiosidades\/cuales-son-las-medidas-de-los-citroen-berlingo\/\" \/>\n<meta property=\"og:locale\" content=\"es_ES\" \/>\n<meta property=\"og:type\" content=\"article\" \/>\n<meta property=\"og:title\" content=\"\u00bfCu\u00e1les son las medidas de los Citro\u00ebn Berlingo? - Clicars Blog\" \/>\n<meta property=\"og:description\" content=\"Las medidas de la Citro\u00ebn Berlingo explicadas versi\u00f3n por versi\u00f3n. No pierdas detalle de cada una de ellas.\" \/>\n<meta property=\"og:url\" content=\"https:\/\/www.clicars.com\/blog\/curiosidades\/cuales-son-las-medidas-de-los-citroen-berlingo\/\" \/>\n<meta property=\"og:site_name\" content=\"Clicars\" \/>\n<meta property=\"article:published_time\" content=\"2022-06-16T09:39:36+00:00\" \/>\n<meta property=\"og:image\" content=\"https:\/\/www.clicars.com\/blog\/wp-content\/uploads\/2022\/06\/medidas-citroen-berlingo.jpg\" \/>\n\t<meta property=\"og:image:width\" content=\"1800\" \/>\n\t<meta property=\"og:image:height\" content=\"1200\" \/>\n\t<meta property=\"og:image:type\" content=\"image\/jpeg\" \/>\n<meta name=\"author\" content=\"Clicars\" \/>\n<meta name=\"twitter:card\" content=\"summary_large_image\" \/>\n<meta name=\"twitter:label1\" content=\"Escrito por\" \/>\n\t<meta name=\"twitter:data1\" content=\"Clicars\" \/>\n\t<meta name=\"twitter:label2\" content=\"Tiempo de lectura\" \/>\n\t<meta name=\"twitter:data2\" content=\"3 minutos\" \/>\n<script type=\"application\/ld+json\" class=\"yoast-schema-graph\">{\"@context\":\"https:\/\/schema.org\",\"@graph\":[{\"@type\":\"Article\",\"@id\":\"https:\/\/www.clicars.com\/blog\/curiosidades\/cuales-son-las-medidas-de-los-citroen-berlingo\/#article\",\"isPartOf\":{\"@id\":\"https:\/\/www.clicars.com\/blog\/curiosidades\/cuales-son-las-medidas-de-los-citroen-berlingo\/\"},\"author\":{\"name\":\"Clicars\",\"@id\":\"https:\/\/www.clicars.com\/blog\/#\/schema\/person\/af686c41ba96962c68871392bf2bb62d\"},\"headline\":\"\u00bfCu\u00e1les son las medidas de los Citro\u00ebn Berlingo?\",\"datePublished\":\"2022-06-16T09:39:36+00:00\",\"mainEntityOfPage\":{\"@id\":\"https:\/\/www.clicars.com\/blog\/curiosidades\/cuales-son-las-medidas-de-los-citroen-berlingo\/\"},\"wordCount\":462,\"image\":{\"@id\":\"https:\/\/www.clicars.com\/blog\/curiosidades\/cuales-son-las-medidas-de-los-citroen-berlingo\/#primaryimage\"},\"thumbnailUrl\":\"https:\/\/www.clicars.com\/blog\/wp-content\/uploads\/2022\/06\/medidas-citroen-berlingo.jpg\",\"articleSection\":[\"Curiosidades\"],\"inLanguage\":\"es\"},{\"@type\":[\"WebPage\",\"ItemPage\"],\"@id\":\"https:\/\/www.clicars.com\/blog\/curiosidades\/cuales-son-las-medidas-de-los-citroen-berlingo\/\",\"url\":\"https:\/\/www.clicars.com\/blog\/curiosidades\/cuales-son-las-medidas-de-los-citroen-berlingo\/\",\"name\":\"\u00bfCu\u00e1les son las medidas de los Citro\u00ebn Berlingo? - Clicars Blog\",\"isPartOf\":{\"@id\":\"https:\/\/www.clicars.com\/blog\/#website\"},\"primaryImageOfPage\":{\"@id\":\"https:\/\/www.clicars.com\/blog\/curiosidades\/cuales-son-las-medidas-de-los-citroen-berlingo\/#primaryimage\"},\"image\":{\"@id\":\"https:\/\/www.clicars.com\/blog\/curiosidades\/cuales-son-las-medidas-de-los-citroen-berlingo\/#primaryimage\"},\"thumbnailUrl\":\"https:\/\/www.clicars.com\/blog\/wp-content\/uploads\/2022\/06\/medidas-citroen-berlingo.jpg\",\"datePublished\":\"2022-06-16T09:39:36+00:00\",\"author\":{\"@id\":\"https:\/\/www.clicars.com\/blog\/#\/schema\/person\/af686c41ba96962c68871392bf2bb62d\"},\"description\":\"Las medidas de la Citro\u00ebn Berlingo explicadas versi\u00f3n por versi\u00f3n. No pierdas detalle de cada una de ellas.\",\"breadcrumb\":{\"@id\":\"https:\/\/www.clicars.com\/blog\/curiosidades\/cuales-son-las-medidas-de-los-citroen-berlingo\/#breadcrumb\"},\"inLanguage\":\"es\",\"potentialAction\":[{\"@type\":\"ReadAction\",\"target\":[\"https:\/\/www.clicars.com\/blog\/curiosidades\/cuales-son-las-medidas-de-los-citroen-berlingo\/\"]}]},{\"@type\":\"ImageObject\",\"inLanguage\":\"es\",\"@id\":\"https:\/\/www.clicars.com\/blog\/curiosidades\/cuales-son-las-medidas-de-los-citroen-berlingo\/#primaryimage\",\"url\":\"https:\/\/www.clicars.com\/blog\/wp-content\/uploads\/2022\/06\/medidas-citroen-berlingo.jpg\",\"contentUrl\":\"https:\/\/www.clicars.com\/blog\/wp-content\/uploads\/2022\/06\/medidas-citroen-berlingo.jpg\",\"width\":1800,\"height\":1200,\"caption\":\"medidas citroen berlingo\"},{\"@type\":\"BreadcrumbList\",\"@id\":\"https:\/\/www.clicars.com\/blog\/curiosidades\/cuales-son-las-medidas-de-los-citroen-berlingo\/#breadcrumb\",\"itemListElement\":[{\"@type\":\"ListItem\",\"position\":1,\"name\":\"Portada\",\"item\":\"https:\/\/www.clicars.com\/blog\/\"},{\"@type\":\"ListItem\",\"position\":2,\"name\":\"\u00bfCu\u00e1les son las medidas de los Citro\u00ebn Berlingo?\"}]},{\"@type\":\"WebSite\",\"@id\":\"https:\/\/www.clicars.com\/blog\/#website\",\"url\":\"https:\/\/www.clicars.com\/blog\/\",\"name\":\"Clicars\",\"description\":\"Compra tu coche de Buena Mano sin moverte de casa\",\"inLanguage\":\"es\"},{\"@type\":\"Person\",\"@id\":\"https:\/\/www.clicars.com\/blog\/#\/schema\/person\/af686c41ba96962c68871392bf2bb62d\",\"name\":\"Clicars\",\"image\":{\"@type\":\"ImageObject\",\"inLanguage\":\"es\",\"@id\":\"https:\/\/www.clicars.com\/blog\/#\/schema\/person\/image\/\",\"url\":\"https:\/\/secure.gravatar.com\/avatar\/3100622b0023049db14165cdba9dadaa9159743b871e83e440a0df9a70f80e56?s=96&d=mm&r=g\",\"contentUrl\":\"https:\/\/secure.gravatar.com\/avatar\/3100622b0023049db14165cdba9dadaa9159743b871e83e440a0df9a70f80e56?s=96&d=mm&r=g\",\"caption\":\"Clicars\"},\"sameAs\":[\"https:\/\/www.clicars.com\"],\"url\":\"https:\/\/www.clicars.com\/blog\/author\/clicars\/\"}]}<\/script>\n<!-- \/ Yoast SEO plugin. -->","yoast_head_json":{"title":"\u00bfCu\u00e1les son las medidas de los Citro\u00ebn Berlingo? - Clicars Blog","description":"Las medidas de la Citro\u00ebn Berlingo explicadas versi\u00f3n por versi\u00f3n. No pierdas detalle de cada una de ellas.","robots":{"index":"index","follow":"follow","max-snippet":"max-snippet:-1","max-image-preview":"max-image-preview:large","max-video-preview":"max-video-preview:-1"},"canonical":"https:\/\/www.clicars.com\/blog\/curiosidades\/cuales-son-las-medidas-de-los-citroen-berlingo\/","og_locale":"es_ES","og_type":"article","og_title":"\u00bfCu\u00e1les son las medidas de los Citro\u00ebn Berlingo? - Clicars Blog","og_description":"Las medidas de la Citro\u00ebn Berlingo explicadas versi\u00f3n por versi\u00f3n. No pierdas detalle de cada una de ellas.","og_url":"https:\/\/www.clicars.com\/blog\/curiosidades\/cuales-son-las-medidas-de-los-citroen-berlingo\/","og_site_name":"Clicars","article_published_time":"2022-06-16T09:39:36+00:00","og_image":[{"width":1800,"height":1200,"url":"https:\/\/www.clicars.com\/blog\/wp-content\/uploads\/2022\/06\/medidas-citroen-berlingo.jpg","type":"image\/jpeg"}],"author":"Clicars","twitter_card":"summary_large_image","twitter_misc":{"Escrito por":"Clicars","Tiempo de lectura":"3 minutos"},"schema":{"@context":"https:\/\/schema.org","@graph":[{"@type":"Article","@id":"https:\/\/www.clicars.com\/blog\/curiosidades\/cuales-son-las-medidas-de-los-citroen-berlingo\/#article","isPartOf":{"@id":"https:\/\/www.clicars.com\/blog\/curiosidades\/cuales-son-las-medidas-de-los-citroen-berlingo\/"},"author":{"name":"Clicars","@id":"https:\/\/www.clicars.com\/blog\/#\/schema\/person\/af686c41ba96962c68871392bf2bb62d"},"headline":"\u00bfCu\u00e1les son las medidas de los Citro\u00ebn Berlingo?","datePublished":"2022-06-16T09:39:36+00:00","mainEntityOfPage":{"@id":"https:\/\/www.clicars.com\/blog\/curiosidades\/cuales-son-las-medidas-de-los-citroen-berlingo\/"},"wordCount":462,"image":{"@id":"https:\/\/www.clicars.com\/blog\/curiosidades\/cuales-son-las-medidas-de-los-citroen-berlingo\/#primaryimage"},"thumbnailUrl":"https:\/\/www.clicars.com\/blog\/wp-content\/uploads\/2022\/06\/medidas-citroen-berlingo.jpg","articleSection":["Curiosidades"],"inLanguage":"es"},{"@type":["WebPage","ItemPage"],"@id":"https:\/\/www.clicars.com\/blog\/curiosidades\/cuales-son-las-medidas-de-los-citroen-berlingo\/","url":"https:\/\/www.clicars.com\/blog\/curiosidades\/cuales-son-las-medidas-de-los-citroen-berlingo\/","name":"\u00bfCu\u00e1les son las medidas de los Citro\u00ebn Berlingo? - Clicars Blog","isPartOf":{"@id":"https:\/\/www.clicars.com\/blog\/#website"},"primaryImageOfPage":{"@id":"https:\/\/www.clicars.com\/blog\/curiosidades\/cuales-son-las-medidas-de-los-citroen-berlingo\/#primaryimage"},"image":{"@id":"https:\/\/www.clicars.com\/blog\/curiosidades\/cuales-son-las-medidas-de-los-citroen-berlingo\/#primaryimage"},"thumbnailUrl":"https:\/\/www.clicars.com\/blog\/wp-content\/uploads\/2022\/06\/medidas-citroen-berlingo.jpg","datePublished":"2022-06-16T09:39:36+00:00","author":{"@id":"https:\/\/www.clicars.com\/blog\/#\/schema\/person\/af686c41ba96962c68871392bf2bb62d"},"description":"Las medidas de la Citro\u00ebn Berlingo explicadas versi\u00f3n por versi\u00f3n. No pierdas detalle de cada una de ellas.","breadcrumb":{"@id":"https:\/\/www.clicars.com\/blog\/curiosidades\/cuales-son-las-medidas-de-los-citroen-berlingo\/#breadcrumb"},"inLanguage":"es","potentialAction":[{"@type":"ReadAction","target":["https:\/\/www.clicars.com\/blog\/curiosidades\/cuales-son-las-medidas-de-los-citroen-berlingo\/"]}]},{"@type":"ImageObject","inLanguage":"es","@id":"https:\/\/www.clicars.com\/blog\/curiosidades\/cuales-son-las-medidas-de-los-citroen-berlingo\/#primaryimage","url":"https:\/\/www.clicars.com\/blog\/wp-content\/uploads\/2022\/06\/medidas-citroen-berlingo.jpg","contentUrl":"https:\/\/www.clicars.com\/blog\/wp-content\/uploads\/2022\/06\/medidas-citroen-berlingo.jpg","width":1800,"height":1200,"caption":"medidas citroen berlingo"},{"@type":"BreadcrumbList","@id":"https:\/\/www.clicars.com\/blog\/curiosidades\/cuales-son-las-medidas-de-los-citroen-berlingo\/#breadcrumb","itemListElement":[{"@type":"ListItem","position":1,"name":"Portada","item":"https:\/\/www.clicars.com\/blog\/"},{"@type":"ListItem","position":2,"name":"\u00bfCu\u00e1les son las medidas de los Citro\u00ebn Berlingo?"}]},{"@type":"WebSite","@id":"https:\/\/www.clicars.com\/blog\/#website","url":"https:\/\/www.clicars.com\/blog\/","name":"Clicars","description":"Compra tu coche de Buena Mano sin moverte de casa","inLanguage":"es"},{"@type":"Person","@id":"https:\/\/www.clicars.com\/blog\/#\/schema\/person\/af686c41ba96962c68871392bf2bb62d","name":"Clicars","image":{"@type":"ImageObject","inLanguage":"es","@id":"https:\/\/www.clicars.com\/blog\/#\/schema\/person\/image\/","url":"https:\/\/secure.gravatar.com\/avatar\/3100622b0023049db14165cdba9dadaa9159743b871e83e440a0df9a70f80e56?s=96&d=mm&r=g","contentUrl":"https:\/\/secure.gravatar.com\/avatar\/3100622b0023049db14165cdba9dadaa9159743b871e83e440a0df9a70f80e56?s=96&d=mm&r=g","caption":"Clicars"},"sameAs":["https:\/\/www.clicars.com"],"url":"https:\/\/www.clicars.com\/blog\/author\/clicars\/"}]}},"_links":{"self":[{"href":"https:\/\/www.clicars.com\/blog\/wp-json\/wp\/v2\/posts\/9407","targetHints":{"allow":["GET"]}}],"collection":[{"href":"https:\/\/www.clicars.com\/blog\/wp-json\/wp\/v2\/posts"}],"about":[{"href":"https:\/\/www.clicars.com\/blog\/wp-json\/wp\/v2\/types\/post"}],"author":[{"embeddable":true,"href":"https:\/\/www.clicars.com\/blog\/wp-json\/wp\/v2\/users\/2"}],"replies":[{"embeddable":true,"href":"https:\/\/www.clicars.com\/blog\/wp-json\/wp\/v2\/comments?post=9407"}],"version-history":[{"count":1,"href":"https:\/\/www.clicars.com\/blog\/wp-json\/wp\/v2\/posts\/9407\/revisions"}],"predecessor-version":[{"id":9411,"href":"https:\/\/www.clicars.com\/blog\/wp-json\/wp\/v2\/posts\/9407\/revisions\/9411"}],"wp:featuredmedia":[{"embeddable":true,"href":"https:\/\/www.clicars.com\/blog\/wp-json\/wp\/v2\/media\/9408"}],"wp:attachment":[{"href":"https:\/\/www.clicars.com\/blog\/wp-json\/wp\/v2\/media?parent=9407"}],"wp:term":[{"taxonomy":"category","embeddable":true,"href":"https:\/\/www.clicars.com\/blog\/wp-json\/wp\/v2\/categories?post=9407"},{"taxonomy":"post_tag","embeddable":true,"href":"https:\/\/www.clicars.com\/blog\/wp-json\/wp\/v2\/tags?post=9407"}],"curies":[{"name":"wp","href":"https:\/\/api.w.org\/{rel}","templated":true}]}}