{"id":9432,"date":"2022-06-20T12:28:32","date_gmt":"2022-06-20T10:28:32","guid":{"rendered":"https:\/\/www.clicars.com\/blog\/?p=9432"},"modified":"2022-11-28T19:21:49","modified_gmt":"2022-11-28T17:21:49","slug":"honda-e-el-urbano-electrico-ideal","status":"publish","type":"post","link":"https:\/\/www.clicars.com\/blog\/coches-eco\/honda-e-el-urbano-electrico-ideal\/","title":{"rendered":"Honda e, el urbano el\u00e9ctrico ideal para recorrer la ciudad"},"content":{"rendered":"<p><span style=\"font-weight: 400;\">El <\/span><b>Honda e<\/b><span style=\"font-weight: 400;\"> es el primer coche el\u00e9ctrico de la marca. Pertenece al <\/span><b>segmento B<\/b><span style=\"font-weight: 400;\"> y lleg\u00f3 al mercado a mediados de 2020. La versi\u00f3n de producci\u00f3n que se pudo conocer durante el Sal\u00f3n del Autom\u00f3vil de Frankfurt es, pr\u00e1cticamente, igual que el concept que se present\u00f3 en 2019. Adem\u00e1s, en su segmento rivaliza con modelos como el Renault ZOE, el Peugeot e-208, el Opel Corsa-e o el BMW i3<\/span><span style=\"font-weight: 400;\">.<\/span><\/p>\n<p><span style=\"font-weight: 400;\">El utilitario el\u00e9ctrico de Honda ofrece un dise\u00f1o muy moderno con toques retro que hace recordar las primeras generaciones del m\u00edtico Honda Civic. El Honda e tiene cinco puertas y capacidad para cinco pasajeros, tiene una longitud de <\/span><b>3,8 metros, una anchura de 1,70 metros y una altura de 1,50 metros<\/b><span style=\"font-weight: 400;\">. Adem\u00e1s, tiene un radio de giro de 4,3 metros.<\/span><\/p>\n<p><span style=\"font-weight: 400;\">Su frontal se caracteriza por unas grandes y simp\u00e1ticas \u00f3pticas redondeadas y una moldura a modo de <\/span><b>calandra ocluida<\/b><span style=\"font-weight: 400;\">. Los retrovisores convencionales se han sustituido por c\u00e1maras de alta resoluci\u00f3n, que cuentan con unas pantallas en el salpicadero para ver todo lo que nos rodea, mientras que en la zaga llama la atenci\u00f3n los pilotos LED y sus molduras en pl\u00e1stico negro.<\/span><\/p>\n<p><span style=\"font-weight: 400;\">Cabe mencionar que el Honda e est\u00e1 desarrollado sobre la plataforma para coches el\u00e9ctricos de la marca. \u00c9sta ofrece una <\/span><b>mayor distancia entre ejes<\/b><span style=\"font-weight: 400;\"> y un centro de gravedad m\u00e1s bajo, 50 cm, con el objetivo de mejorar la din\u00e1mica y ofrecer un mayor espacio para los pasajeros.<\/span><\/p>\n<h2><b>\u00bfC\u00f3mo es el interior del Honda e?<\/b><\/h2>\n<p><span style=\"font-weight: 400;\">El interior del Honda e se ha convertido en uno de los m\u00e1s originales del mercado. Podemos decir que es un salpicadero completamente digital y es que est\u00e1 compuesto por <\/span><b>dos pantallas TFT de 12,3 pulgadas<\/b><span style=\"font-weight: 400;\"> y otras dos que gestionan las im\u00e1genes de los espejos retrovisores.<\/span><\/p>\n<p><span style=\"font-weight: 400;\">As\u00ed mismo, el cuadro de instrumentos tambi\u00e9n es digital y cuenta con una <\/span><b>pantalla de ocho pulgadas<\/b><span style=\"font-weight: 400;\">. Lo cierto es que gran parte de los controles del urbano el\u00e9ctrico se gestionan a trav\u00e9s de las pantallas t\u00e1ctiles, los \u00fanicos botones f\u00edsicos est\u00e1n situados en la consola central.<\/span><\/p>\n<p><span style=\"font-weight: 400;\">El sistema de informaci\u00f3n y entretenimiento permite a los usuarios controlar el navegador, configurar los asistentes de ayuda a la conducci\u00f3n, gestionar el equipo de sonido, <\/span><b>consultar el estado del veh\u00edculo<\/b><span style=\"font-weight: 400;\"> y controlar algunas aplicaciones m\u00f3viles. Adem\u00e1s, el el\u00e9ctrico de Honda equipa un sistema de reconocimiento vocal que se activa mediante la orden \u201cOK, Honda\u201d.<\/span><\/p>\n<p><span style=\"font-weight: 400;\">\u00bfTe parece poco? No te preocupes porque el Honda e tiene m\u00e1s para ti. A trav\u00e9s de la aplicaci\u00f3n para Smartphone denominada <\/span><b>MyHonda<\/b><span style=\"font-weight: 400;\">, podr\u00e1s controlar el coche de forma remota, activar la climatizaci\u00f3n, comprobar el estado de la carga e incluso programarla. Tambi\u00e9n se puede abrir el coche y arrancarlo mediante una llave digital que puedes enviar a otra persona para que lo pueda hacer por ti.<\/span><\/p>\n<p><iframe loading=\"lazy\" title=\"HONDA e El\u00e9ctrico | Review de sus puntos fuertes | Clicars\" width=\"1080\" height=\"608\" src=\"https:\/\/www.youtube.com\/embed\/6L9VVORHksA?feature=oembed\" frameborder=\"0\" allow=\"accelerometer; autoplay; clipboard-write; encrypted-media; gyroscope; picture-in-picture\" allowfullscreen><\/iframe><\/p>\n<p>&nbsp;<\/p>\n<h2><b>Honda e, todo el equipamiento que tiene para ti<\/b><\/h2>\n<p><span style=\"font-weight: 400;\">En cuanto a equipamiento se refiere, el Honda e est\u00e1 disponible con tres niveles; el de acceso, el denominado <\/span><b>Base y Advance<\/b><span style=\"font-weight: 400;\"> que incluyen aparcamiento asistido, volante calefactable, techo solar, conectividad inal\u00e1mbrica, c\u00e1mara de 360 grados, tecnolog\u00eda LED, WiFi a bordo y sistemas de asistencia a la conducci\u00f3n.<\/span><\/p>\n<p><span style=\"font-weight: 400;\">El Honda e est\u00e1 disponible en hasta dos niveles de potencia ofrecidas por un <\/span><b>motor el\u00e9ctrico situado en el eje trasero<\/b><span style=\"font-weight: 400;\">; 136 o 154 CV y un par motor m\u00e1ximo de 315 Nm. Este urbano tan simp\u00e1tico y divertido tiene un reparto de pesos perfecto; 50:50, como si de un deportivo se tratase.<\/span><\/p>\n<p><span style=\"font-weight: 400;\">El el\u00e9ctrico urbano de Honda ofrece una muy buena din\u00e1mica de conducci\u00f3n gracias a un paquete de bater\u00edas con refrigeraci\u00f3n l\u00edquida de 35,5 kWh, lo que le permitir\u00e1 recorrer, nada m\u00e1s y nada menos que 220 kil\u00f3metros con una sola carga y bajo el ciclo de homologaciones WLTP. As\u00ed mismo, puede acelerar desde parado y alcanzar los 100 km\/hora en unos ocho segundos. En palabras de la propia Honda, el Honda e puede utilizar un <\/span><b>sistema de carga r\u00e1pida que le permitir\u00e1 recuperar hasta el 80% de su capacidad en, tan solo, 30 minutos.<\/b><\/p>\n<p><span style=\"font-weight: 400;\">\u00a1Toda una experiencia de conducci\u00f3n divertida! Busca aqu\u00ed tu <a href=\"https:\/\/www.clicars.com\/coches-segunda-mano-ocasion\/honda\/honda-e\">Honda e de segunda mano<\/a><\/span><span style=\"font-weight: 400;\">. \u00bfA qu\u00e9 esperas para conducirlo?<\/span><\/p>\n","protected":false},"excerpt":{"rendered":"<p>El Honda e es el primer coche el\u00e9ctrico de la marca. Pertenece al segmento B&#8230;<\/p>\n","protected":false},"author":2,"featured_media":10576,"comment_status":"closed","ping_status":"closed","sticky":false,"template":"","format":"standard","meta":{"footnotes":""},"categories":[828],"tags":[],"class_list":{"0":"post-9432","1":"post","2":"type-post","3":"status-publish","4":"format-standard","5":"has-post-thumbnail","7":"category-coches-eco"},"yoast_head":"<!-- This site is optimized with the Yoast SEO plugin v26.8 - https:\/\/yoast.com\/product\/yoast-seo-wordpress\/ -->\n<title>Honda e, el urbano el\u00e9ctrico ideal para recorrer la ciudad - Clicars Blog<\/title>\n<meta name=\"description\" content=\"Honda e, un coche el\u00e9ctrico de lo m\u00e1s moderno. Equipado con la \u00faltima tecnolog\u00eda este coche est\u00e1 destinado a comerse la ciudad.\" \/>\n<meta name=\"robots\" content=\"index, follow, max-snippet:-1, max-image-preview:large, max-video-preview:-1\" \/>\n<link rel=\"canonical\" href=\"https:\/\/www.clicars.com\/blog\/coches-eco\/honda-e-el-urbano-electrico-ideal\/\" \/>\n<meta property=\"og:locale\" content=\"es_ES\" \/>\n<meta property=\"og:type\" content=\"article\" \/>\n<meta property=\"og:title\" content=\"Honda e, el urbano el\u00e9ctrico ideal para recorrer la ciudad - Clicars Blog\" \/>\n<meta property=\"og:description\" content=\"Honda e, un coche el\u00e9ctrico de lo m\u00e1s moderno. Equipado con la \u00faltima tecnolog\u00eda este coche est\u00e1 destinado a comerse la ciudad.\" \/>\n<meta property=\"og:url\" content=\"https:\/\/www.clicars.com\/blog\/coches-eco\/honda-e-el-urbano-electrico-ideal\/\" \/>\n<meta property=\"og:site_name\" content=\"Clicars\" \/>\n<meta property=\"article:published_time\" content=\"2022-06-20T10:28:32+00:00\" \/>\n<meta property=\"article:modified_time\" content=\"2022-11-28T17:21:49+00:00\" \/>\n<meta property=\"og:image\" content=\"https:\/\/www.clicars.com\/blog\/wp-content\/uploads\/2022\/06\/IMG_1866-1-scaled-1.jpg\" \/>\n\t<meta property=\"og:image:width\" content=\"907\" \/>\n\t<meta property=\"og:image:height\" content=\"605\" \/>\n\t<meta property=\"og:image:type\" content=\"image\/jpeg\" \/>\n<meta name=\"author\" content=\"Clicars\" \/>\n<meta name=\"twitter:card\" content=\"summary_large_image\" \/>\n<meta name=\"twitter:label1\" content=\"Escrito por\" \/>\n\t<meta name=\"twitter:data1\" content=\"Clicars\" \/>\n\t<meta name=\"twitter:label2\" content=\"Tiempo de lectura\" \/>\n\t<meta name=\"twitter:data2\" content=\"4 minutos\" \/>\n<script type=\"application\/ld+json\" class=\"yoast-schema-graph\">{\"@context\":\"https:\/\/schema.org\",\"@graph\":[{\"@type\":\"Article\",\"@id\":\"https:\/\/www.clicars.com\/blog\/coches-eco\/honda-e-el-urbano-electrico-ideal\/#article\",\"isPartOf\":{\"@id\":\"https:\/\/www.clicars.com\/blog\/coches-eco\/honda-e-el-urbano-electrico-ideal\/\"},\"author\":{\"name\":\"Clicars\",\"@id\":\"https:\/\/www.clicars.com\/blog\/#\/schema\/person\/af686c41ba96962c68871392bf2bb62d\"},\"headline\":\"Honda e, el urbano el\u00e9ctrico ideal para recorrer la ciudad\",\"datePublished\":\"2022-06-20T10:28:32+00:00\",\"dateModified\":\"2022-11-28T17:21:49+00:00\",\"mainEntityOfPage\":{\"@id\":\"https:\/\/www.clicars.com\/blog\/coches-eco\/honda-e-el-urbano-electrico-ideal\/\"},\"wordCount\":748,\"image\":{\"@id\":\"https:\/\/www.clicars.com\/blog\/coches-eco\/honda-e-el-urbano-electrico-ideal\/#primaryimage\"},\"thumbnailUrl\":\"https:\/\/www.clicars.com\/blog\/wp-content\/uploads\/2022\/06\/IMG_1866-1-scaled-1.jpg\",\"articleSection\":[\"Coches ECO\"],\"inLanguage\":\"es\"},{\"@type\":[\"WebPage\",\"ItemPage\"],\"@id\":\"https:\/\/www.clicars.com\/blog\/coches-eco\/honda-e-el-urbano-electrico-ideal\/\",\"url\":\"https:\/\/www.clicars.com\/blog\/coches-eco\/honda-e-el-urbano-electrico-ideal\/\",\"name\":\"Honda e, el urbano el\u00e9ctrico ideal para recorrer la ciudad - Clicars Blog\",\"isPartOf\":{\"@id\":\"https:\/\/www.clicars.com\/blog\/#website\"},\"primaryImageOfPage\":{\"@id\":\"https:\/\/www.clicars.com\/blog\/coches-eco\/honda-e-el-urbano-electrico-ideal\/#primaryimage\"},\"image\":{\"@id\":\"https:\/\/www.clicars.com\/blog\/coches-eco\/honda-e-el-urbano-electrico-ideal\/#primaryimage\"},\"thumbnailUrl\":\"https:\/\/www.clicars.com\/blog\/wp-content\/uploads\/2022\/06\/IMG_1866-1-scaled-1.jpg\",\"datePublished\":\"2022-06-20T10:28:32+00:00\",\"dateModified\":\"2022-11-28T17:21:49+00:00\",\"author\":{\"@id\":\"https:\/\/www.clicars.com\/blog\/#\/schema\/person\/af686c41ba96962c68871392bf2bb62d\"},\"description\":\"Honda e, un coche el\u00e9ctrico de lo m\u00e1s moderno. Equipado con la \u00faltima tecnolog\u00eda este coche est\u00e1 destinado a comerse la ciudad.\",\"breadcrumb\":{\"@id\":\"https:\/\/www.clicars.com\/blog\/coches-eco\/honda-e-el-urbano-electrico-ideal\/#breadcrumb\"},\"inLanguage\":\"es\",\"potentialAction\":[{\"@type\":\"ReadAction\",\"target\":[\"https:\/\/www.clicars.com\/blog\/coches-eco\/honda-e-el-urbano-electrico-ideal\/\"]}]},{\"@type\":\"ImageObject\",\"inLanguage\":\"es\",\"@id\":\"https:\/\/www.clicars.com\/blog\/coches-eco\/honda-e-el-urbano-electrico-ideal\/#primaryimage\",\"url\":\"https:\/\/www.clicars.com\/blog\/wp-content\/uploads\/2022\/06\/IMG_1866-1-scaled-1.jpg\",\"contentUrl\":\"https:\/\/www.clicars.com\/blog\/wp-content\/uploads\/2022\/06\/IMG_1866-1-scaled-1.jpg\",\"width\":907,\"height\":605,\"caption\":\"honda e\"},{\"@type\":\"BreadcrumbList\",\"@id\":\"https:\/\/www.clicars.com\/blog\/coches-eco\/honda-e-el-urbano-electrico-ideal\/#breadcrumb\",\"itemListElement\":[{\"@type\":\"ListItem\",\"position\":1,\"name\":\"Portada\",\"item\":\"https:\/\/www.clicars.com\/blog\/\"},{\"@type\":\"ListItem\",\"position\":2,\"name\":\"Honda e, el urbano el\u00e9ctrico ideal para recorrer la ciudad\"}]},{\"@type\":\"WebSite\",\"@id\":\"https:\/\/www.clicars.com\/blog\/#website\",\"url\":\"https:\/\/www.clicars.com\/blog\/\",\"name\":\"Clicars\",\"description\":\"Compra tu coche de Buena Mano sin moverte de casa\",\"inLanguage\":\"es\"},{\"@type\":\"Person\",\"@id\":\"https:\/\/www.clicars.com\/blog\/#\/schema\/person\/af686c41ba96962c68871392bf2bb62d\",\"name\":\"Clicars\",\"image\":{\"@type\":\"ImageObject\",\"inLanguage\":\"es\",\"@id\":\"https:\/\/www.clicars.com\/blog\/#\/schema\/person\/image\/\",\"url\":\"https:\/\/secure.gravatar.com\/avatar\/3100622b0023049db14165cdba9dadaa9159743b871e83e440a0df9a70f80e56?s=96&d=mm&r=g\",\"contentUrl\":\"https:\/\/secure.gravatar.com\/avatar\/3100622b0023049db14165cdba9dadaa9159743b871e83e440a0df9a70f80e56?s=96&d=mm&r=g\",\"caption\":\"Clicars\"},\"sameAs\":[\"https:\/\/www.clicars.com\"],\"url\":\"https:\/\/www.clicars.com\/blog\/author\/clicars\/\"}]}<\/script>\n<!-- \/ Yoast SEO plugin. -->","yoast_head_json":{"title":"Honda e, el urbano el\u00e9ctrico ideal para recorrer la ciudad - Clicars Blog","description":"Honda e, un coche el\u00e9ctrico de lo m\u00e1s moderno. Equipado con la \u00faltima tecnolog\u00eda este coche est\u00e1 destinado a comerse la ciudad.","robots":{"index":"index","follow":"follow","max-snippet":"max-snippet:-1","max-image-preview":"max-image-preview:large","max-video-preview":"max-video-preview:-1"},"canonical":"https:\/\/www.clicars.com\/blog\/coches-eco\/honda-e-el-urbano-electrico-ideal\/","og_locale":"es_ES","og_type":"article","og_title":"Honda e, el urbano el\u00e9ctrico ideal para recorrer la ciudad - Clicars Blog","og_description":"Honda e, un coche el\u00e9ctrico de lo m\u00e1s moderno. Equipado con la \u00faltima tecnolog\u00eda este coche est\u00e1 destinado a comerse la ciudad.","og_url":"https:\/\/www.clicars.com\/blog\/coches-eco\/honda-e-el-urbano-electrico-ideal\/","og_site_name":"Clicars","article_published_time":"2022-06-20T10:28:32+00:00","article_modified_time":"2022-11-28T17:21:49+00:00","og_image":[{"width":907,"height":605,"url":"https:\/\/www.clicars.com\/blog\/wp-content\/uploads\/2022\/06\/IMG_1866-1-scaled-1.jpg","type":"image\/jpeg"}],"author":"Clicars","twitter_card":"summary_large_image","twitter_misc":{"Escrito por":"Clicars","Tiempo de lectura":"4 minutos"},"schema":{"@context":"https:\/\/schema.org","@graph":[{"@type":"Article","@id":"https:\/\/www.clicars.com\/blog\/coches-eco\/honda-e-el-urbano-electrico-ideal\/#article","isPartOf":{"@id":"https:\/\/www.clicars.com\/blog\/coches-eco\/honda-e-el-urbano-electrico-ideal\/"},"author":{"name":"Clicars","@id":"https:\/\/www.clicars.com\/blog\/#\/schema\/person\/af686c41ba96962c68871392bf2bb62d"},"headline":"Honda e, el urbano el\u00e9ctrico ideal para recorrer la ciudad","datePublished":"2022-06-20T10:28:32+00:00","dateModified":"2022-11-28T17:21:49+00:00","mainEntityOfPage":{"@id":"https:\/\/www.clicars.com\/blog\/coches-eco\/honda-e-el-urbano-electrico-ideal\/"},"wordCount":748,"image":{"@id":"https:\/\/www.clicars.com\/blog\/coches-eco\/honda-e-el-urbano-electrico-ideal\/#primaryimage"},"thumbnailUrl":"https:\/\/www.clicars.com\/blog\/wp-content\/uploads\/2022\/06\/IMG_1866-1-scaled-1.jpg","articleSection":["Coches ECO"],"inLanguage":"es"},{"@type":["WebPage","ItemPage"],"@id":"https:\/\/www.clicars.com\/blog\/coches-eco\/honda-e-el-urbano-electrico-ideal\/","url":"https:\/\/www.clicars.com\/blog\/coches-eco\/honda-e-el-urbano-electrico-ideal\/","name":"Honda e, el urbano el\u00e9ctrico ideal para recorrer la ciudad - Clicars Blog","isPartOf":{"@id":"https:\/\/www.clicars.com\/blog\/#website"},"primaryImageOfPage":{"@id":"https:\/\/www.clicars.com\/blog\/coches-eco\/honda-e-el-urbano-electrico-ideal\/#primaryimage"},"image":{"@id":"https:\/\/www.clicars.com\/blog\/coches-eco\/honda-e-el-urbano-electrico-ideal\/#primaryimage"},"thumbnailUrl":"https:\/\/www.clicars.com\/blog\/wp-content\/uploads\/2022\/06\/IMG_1866-1-scaled-1.jpg","datePublished":"2022-06-20T10:28:32+00:00","dateModified":"2022-11-28T17:21:49+00:00","author":{"@id":"https:\/\/www.clicars.com\/blog\/#\/schema\/person\/af686c41ba96962c68871392bf2bb62d"},"description":"Honda e, un coche el\u00e9ctrico de lo m\u00e1s moderno. Equipado con la \u00faltima tecnolog\u00eda este coche est\u00e1 destinado a comerse la ciudad.","breadcrumb":{"@id":"https:\/\/www.clicars.com\/blog\/coches-eco\/honda-e-el-urbano-electrico-ideal\/#breadcrumb"},"inLanguage":"es","potentialAction":[{"@type":"ReadAction","target":["https:\/\/www.clicars.com\/blog\/coches-eco\/honda-e-el-urbano-electrico-ideal\/"]}]},{"@type":"ImageObject","inLanguage":"es","@id":"https:\/\/www.clicars.com\/blog\/coches-eco\/honda-e-el-urbano-electrico-ideal\/#primaryimage","url":"https:\/\/www.clicars.com\/blog\/wp-content\/uploads\/2022\/06\/IMG_1866-1-scaled-1.jpg","contentUrl":"https:\/\/www.clicars.com\/blog\/wp-content\/uploads\/2022\/06\/IMG_1866-1-scaled-1.jpg","width":907,"height":605,"caption":"honda e"},{"@type":"BreadcrumbList","@id":"https:\/\/www.clicars.com\/blog\/coches-eco\/honda-e-el-urbano-electrico-ideal\/#breadcrumb","itemListElement":[{"@type":"ListItem","position":1,"name":"Portada","item":"https:\/\/www.clicars.com\/blog\/"},{"@type":"ListItem","position":2,"name":"Honda e, el urbano el\u00e9ctrico ideal para recorrer la ciudad"}]},{"@type":"WebSite","@id":"https:\/\/www.clicars.com\/blog\/#website","url":"https:\/\/www.clicars.com\/blog\/","name":"Clicars","description":"Compra tu coche de Buena Mano sin moverte de casa","inLanguage":"es"},{"@type":"Person","@id":"https:\/\/www.clicars.com\/blog\/#\/schema\/person\/af686c41ba96962c68871392bf2bb62d","name":"Clicars","image":{"@type":"ImageObject","inLanguage":"es","@id":"https:\/\/www.clicars.com\/blog\/#\/schema\/person\/image\/","url":"https:\/\/secure.gravatar.com\/avatar\/3100622b0023049db14165cdba9dadaa9159743b871e83e440a0df9a70f80e56?s=96&d=mm&r=g","contentUrl":"https:\/\/secure.gravatar.com\/avatar\/3100622b0023049db14165cdba9dadaa9159743b871e83e440a0df9a70f80e56?s=96&d=mm&r=g","caption":"Clicars"},"sameAs":["https:\/\/www.clicars.com"],"url":"https:\/\/www.clicars.com\/blog\/author\/clicars\/"}]}},"_links":{"self":[{"href":"https:\/\/www.clicars.com\/blog\/wp-json\/wp\/v2\/posts\/9432","targetHints":{"allow":["GET"]}}],"collection":[{"href":"https:\/\/www.clicars.com\/blog\/wp-json\/wp\/v2\/posts"}],"about":[{"href":"https:\/\/www.clicars.com\/blog\/wp-json\/wp\/v2\/types\/post"}],"author":[{"embeddable":true,"href":"https:\/\/www.clicars.com\/blog\/wp-json\/wp\/v2\/users\/2"}],"replies":[{"embeddable":true,"href":"https:\/\/www.clicars.com\/blog\/wp-json\/wp\/v2\/comments?post=9432"}],"version-history":[{"count":1,"href":"https:\/\/www.clicars.com\/blog\/wp-json\/wp\/v2\/posts\/9432\/revisions"}],"predecessor-version":[{"id":9434,"href":"https:\/\/www.clicars.com\/blog\/wp-json\/wp\/v2\/posts\/9432\/revisions\/9434"}],"wp:featuredmedia":[{"embeddable":true,"href":"https:\/\/www.clicars.com\/blog\/wp-json\/wp\/v2\/media\/10576"}],"wp:attachment":[{"href":"https:\/\/www.clicars.com\/blog\/wp-json\/wp\/v2\/media?parent=9432"}],"wp:term":[{"taxonomy":"category","embeddable":true,"href":"https:\/\/www.clicars.com\/blog\/wp-json\/wp\/v2\/categories?post=9432"},{"taxonomy":"post_tag","embeddable":true,"href":"https:\/\/www.clicars.com\/blog\/wp-json\/wp\/v2\/tags?post=9432"}],"curies":[{"name":"wp","href":"https:\/\/api.w.org\/{rel}","templated":true}]}}