{"id":9479,"date":"2022-06-24T11:30:45","date_gmt":"2022-06-24T09:30:45","guid":{"rendered":"https:\/\/www.clicars.com\/blog\/?p=9479"},"modified":"2022-06-21T18:34:06","modified_gmt":"2022-06-21T16:34:06","slug":"peugeot-308-nuevo-2022","status":"publish","type":"post","link":"https:\/\/www.clicars.com\/blog\/actualidad\/peugeot-308-nuevo-2022\/","title":{"rendered":"\u00a0Peugeot 308 2022, el compacto que pretende liderar la manada"},"content":{"rendered":"<p><span style=\"font-weight: 400;\">La <\/span><b>tercera generaci\u00f3n del Peugeot 308 2022<\/b><span style=\"font-weight: 400;\"> ha llegado para revolucionar el mercado. El modelo forma parte del segmento C y se fabrica por la marca del le\u00f3n desde el a\u00f1o 2008. Entre sus puntos fuertes destaca su estilo atrevido y atl\u00e9tico. En la actualidad, se ensambla en la planta que el fabricante perteneciente al grupo Stellantis posee en Poissy, Francia. Entre sus rivales, destacan modelos tan importantes como el Seat Le\u00f3n, el Volkswagen Golf o el Ford Focus.<\/span><\/p>\n<p><span style=\"font-weight: 400;\"><img loading=\"lazy\" decoding=\"async\" class=\"alignleft size-full wp-image-9484\" src=\"https:\/\/www.clicars.com\/blog\/wp-content\/uploads\/2022\/06\/7ffc1a7d9d46c55cbc92b7c97d61b486-8460897-ebdd99a62f0c0c32166891228d5f83f7222588b8-vehicle-gallery-large.jpg\" alt=\"peugeot 308 frontal nuevo 2022\" width=\"1800\" height=\"1200\" srcset=\"https:\/\/www.clicars.com\/blog\/wp-content\/uploads\/2022\/06\/7ffc1a7d9d46c55cbc92b7c97d61b486-8460897-ebdd99a62f0c0c32166891228d5f83f7222588b8-vehicle-gallery-large.jpg 1800w, https:\/\/www.clicars.com\/blog\/wp-content\/uploads\/2022\/06\/7ffc1a7d9d46c55cbc92b7c97d61b486-8460897-ebdd99a62f0c0c32166891228d5f83f7222588b8-vehicle-gallery-large-300x200.jpg 300w, https:\/\/www.clicars.com\/blog\/wp-content\/uploads\/2022\/06\/7ffc1a7d9d46c55cbc92b7c97d61b486-8460897-ebdd99a62f0c0c32166891228d5f83f7222588b8-vehicle-gallery-large-1024x683.jpg 1024w, https:\/\/www.clicars.com\/blog\/wp-content\/uploads\/2022\/06\/7ffc1a7d9d46c55cbc92b7c97d61b486-8460897-ebdd99a62f0c0c32166891228d5f83f7222588b8-vehicle-gallery-large-768x512.jpg 768w, https:\/\/www.clicars.com\/blog\/wp-content\/uploads\/2022\/06\/7ffc1a7d9d46c55cbc92b7c97d61b486-8460897-ebdd99a62f0c0c32166891228d5f83f7222588b8-vehicle-gallery-large-1536x1024.jpg 1536w, https:\/\/www.clicars.com\/blog\/wp-content\/uploads\/2022\/06\/7ffc1a7d9d46c55cbc92b7c97d61b486-8460897-ebdd99a62f0c0c32166891228d5f83f7222588b8-vehicle-gallery-large-900x600.jpg 900w\" sizes=\"auto, (max-width: 1800px) 100vw, 1800px\" \/><\/span><\/p>\n<p><span style=\"font-weight: 400;\">El nuevo Peugeot 308 2022 se ha alzado con el t\u00edtulo al <\/span><b>Coche del A\u00f1o de la Mujer en 2022<\/b><span style=\"font-weight: 400;\"> y no es de extra\u00f1ar ya que el compacto ofrece un dise\u00f1o que aboga por la deportividad con un lenguaje muy personal y agresivo. En su frontal destaca la firma lum\u00ednica que simula los colmillos de un le\u00f3n. Solo est\u00e1 disponible con cinco puertas ya sea con carrocer\u00eda compacta o familiar, SW.<\/span><\/p>\n<p><span style=\"font-weight: 400;\">Tiene una longitud <\/span><b>de 4,37 metros de largo<\/b><span style=\"font-weight: 400;\"> y se ha convertido en el encargado de estrenar la nueva imagen de la marca francesa. Si se opta por la versi\u00f3n SW, su tama\u00f1o aumentar\u00e1 hasta los 4,64 metros de largo y su maletero ofrecer\u00e1 608 litros de capacidad, que puede aumentar hasta los 1.634 litros si se abaten los asientos traseros.<\/span><\/p>\n<p><span style=\"font-weight: 400;\">En cuanto al interior se refiere, el nuevo Peugeot 308 ofrece un claro enfoque Premium. El puesto de conducci\u00f3n est\u00e1 presidido por el <\/span><b>i-Cockpit<\/b><span style=\"font-weight: 400;\"> de la marca y un volante con un di\u00e1metro inferior a lo habitual. As\u00ed mismo, el habit\u00e1culo tiene unos revestimientos muy bien dise\u00f1ados que mejoran la habitabilidad del compacto. El maletero tiene una capacidad de 412 litros que puede aumentar si se abaten los asientos traseros.<\/span><\/p>\n<p><img loading=\"lazy\" decoding=\"async\" class=\"alignleft size-full wp-image-9481\" src=\"https:\/\/www.clicars.com\/blog\/wp-content\/uploads\/2022\/06\/interior-peugeot-308-nuevo.jpg\" alt=\"interior peugeot 308 2022 nuevo\" width=\"1800\" height=\"1200\" srcset=\"https:\/\/www.clicars.com\/blog\/wp-content\/uploads\/2022\/06\/interior-peugeot-308-nuevo.jpg 1800w, https:\/\/www.clicars.com\/blog\/wp-content\/uploads\/2022\/06\/interior-peugeot-308-nuevo-300x200.jpg 300w, https:\/\/www.clicars.com\/blog\/wp-content\/uploads\/2022\/06\/interior-peugeot-308-nuevo-1024x683.jpg 1024w, https:\/\/www.clicars.com\/blog\/wp-content\/uploads\/2022\/06\/interior-peugeot-308-nuevo-768x512.jpg 768w, https:\/\/www.clicars.com\/blog\/wp-content\/uploads\/2022\/06\/interior-peugeot-308-nuevo-1536x1024.jpg 1536w, https:\/\/www.clicars.com\/blog\/wp-content\/uploads\/2022\/06\/interior-peugeot-308-nuevo-900x600.jpg 900w\" sizes=\"auto, (max-width: 1800px) 100vw, 1800px\" \/><\/p>\n<h2><span style=\"font-weight: 400;\">Gama de motores del Peugeot 308<\/span><\/h2>\n<p><span style=\"font-weight: 400;\">La tercera generaci\u00f3n del Peugeot 308 est\u00e1 disponible con <\/span><b>mec\u00e1nicas di\u00e9sel, gasolina e h\u00edbridas enchufables<\/b><span style=\"font-weight: 400;\">. El di\u00e9sel cuenta con un bloque de 1,5 litros BlueHDI de 130 CV y cambio manual o autom\u00e1tico de ocho relaciones. La versi\u00f3n de gasolina est\u00e1 disponible con un bloque de 1,2 litros Puretech de 110 o 130 CV de potencia y una caja de cambios manual de seis relaciones.<\/span><\/p>\n<p><span style=\"font-weight: 400;\">Las variantes h\u00edbridas enchufables, PHEV, son las m\u00e1s potentes de la gama del Peugeot 308. Ofrecen <\/span><b>180 o 225 CV de potencia<\/b><span style=\"font-weight: 400;\">, con la \u00fanica diferencia del motor de combusti\u00f3n que en la primera versi\u00f3n es de 150 CV y en la segunda de 180 CV. Ambas motorizaciones est\u00e1n ligadas a una caja de cambios autom\u00e1tica de ocho relaciones. Los h\u00edbridos enchufables cuentan con una bater\u00eda de 12,4 kWh que se traduce en una autonom\u00eda el\u00e9ctrica de 60 kil\u00f3metros con una sola carga. Esto los hace portadores de la <\/span><b>etiqueta medioambiental CERO de la DGT<\/b><span style=\"font-weight: 400;\">.\u00a0\u00a0<\/span><\/p>\n<p><span style=\"font-weight: 400;\">\u00bfLo quieres? Espera a conocer las unidades disponibles del<\/span><a href=\"https:\/\/www.clicars.com\/coches-segunda-mano-ocasion\/peugeot\/308?s=ac\"> <span style=\"font-weight: 400;\">Peugeot 308 de segunda mano<\/span><\/a><span style=\"font-weight: 400;\"> en <\/span><b>Clicars.<\/b><\/p>\n","protected":false},"excerpt":{"rendered":"<p>La tercera generaci\u00f3n del Peugeot 308 2022 ha llegado para revolucionar el mercado. El modelo&#8230;<\/p>\n","protected":false},"author":2,"featured_media":9480,"comment_status":"closed","ping_status":"closed","sticky":false,"template":"","format":"standard","meta":{"footnotes":""},"categories":[5],"tags":[],"class_list":{"0":"post-9479","1":"post","2":"type-post","3":"status-publish","4":"format-standard","5":"has-post-thumbnail","7":"category-actualidad"},"yoast_head":"<!-- This site is optimized with the Yoast SEO plugin v26.8 - https:\/\/yoast.com\/product\/yoast-seo-wordpress\/ -->\n<title>\u00a0Peugeot 308 2022, el compacto que pretende liderar - Clicars Blog<\/title>\n<meta name=\"description\" content=\"El Peugeot 308 de 2022 estrena imagen de marca. Y lo hace por todo lo alto. Te contamos todos los detalles de este cochazo.\" \/>\n<meta name=\"robots\" content=\"index, follow, max-snippet:-1, max-image-preview:large, max-video-preview:-1\" \/>\n<link rel=\"canonical\" href=\"https:\/\/www.clicars.com\/blog\/actualidad\/peugeot-308-nuevo-2022\/\" \/>\n<meta property=\"og:locale\" content=\"es_ES\" \/>\n<meta property=\"og:type\" content=\"article\" \/>\n<meta property=\"og:title\" content=\"\u00a0Peugeot 308 2022, el compacto que pretende liderar - Clicars Blog\" \/>\n<meta property=\"og:description\" content=\"El Peugeot 308 de 2022 estrena imagen de marca. Y lo hace por todo lo alto. Te contamos todos los detalles de este cochazo.\" \/>\n<meta property=\"og:url\" content=\"https:\/\/www.clicars.com\/blog\/actualidad\/peugeot-308-nuevo-2022\/\" \/>\n<meta property=\"og:site_name\" content=\"Clicars\" \/>\n<meta property=\"article:published_time\" content=\"2022-06-24T09:30:45+00:00\" \/>\n<meta property=\"og:image\" content=\"https:\/\/www.clicars.com\/blog\/wp-content\/uploads\/2022\/06\/peugeot-308-nuevo-2022.jpg\" \/>\n\t<meta property=\"og:image:width\" content=\"1800\" \/>\n\t<meta property=\"og:image:height\" content=\"1200\" \/>\n\t<meta property=\"og:image:type\" content=\"image\/jpeg\" \/>\n<meta name=\"author\" content=\"Clicars\" \/>\n<meta name=\"twitter:card\" content=\"summary_large_image\" \/>\n<meta name=\"twitter:label1\" content=\"Escrito por\" \/>\n\t<meta name=\"twitter:data1\" content=\"Clicars\" \/>\n\t<meta name=\"twitter:label2\" content=\"Tiempo de lectura\" \/>\n\t<meta name=\"twitter:data2\" content=\"3 minutos\" \/>\n<script type=\"application\/ld+json\" class=\"yoast-schema-graph\">{\"@context\":\"https:\/\/schema.org\",\"@graph\":[{\"@type\":\"Article\",\"@id\":\"https:\/\/www.clicars.com\/blog\/actualidad\/peugeot-308-nuevo-2022\/#article\",\"isPartOf\":{\"@id\":\"https:\/\/www.clicars.com\/blog\/actualidad\/peugeot-308-nuevo-2022\/\"},\"author\":{\"name\":\"Clicars\",\"@id\":\"https:\/\/www.clicars.com\/blog\/#\/schema\/person\/af686c41ba96962c68871392bf2bb62d\"},\"headline\":\"\u00a0Peugeot 308 2022, el compacto que pretende liderar la manada\",\"datePublished\":\"2022-06-24T09:30:45+00:00\",\"mainEntityOfPage\":{\"@id\":\"https:\/\/www.clicars.com\/blog\/actualidad\/peugeot-308-nuevo-2022\/\"},\"wordCount\":481,\"image\":{\"@id\":\"https:\/\/www.clicars.com\/blog\/actualidad\/peugeot-308-nuevo-2022\/#primaryimage\"},\"thumbnailUrl\":\"https:\/\/www.clicars.com\/blog\/wp-content\/uploads\/2022\/06\/peugeot-308-nuevo-2022.jpg\",\"articleSection\":[\"Actualidad\"],\"inLanguage\":\"es\"},{\"@type\":[\"WebPage\",\"ItemPage\"],\"@id\":\"https:\/\/www.clicars.com\/blog\/actualidad\/peugeot-308-nuevo-2022\/\",\"url\":\"https:\/\/www.clicars.com\/blog\/actualidad\/peugeot-308-nuevo-2022\/\",\"name\":\"\u00a0Peugeot 308 2022, el compacto que pretende liderar - Clicars Blog\",\"isPartOf\":{\"@id\":\"https:\/\/www.clicars.com\/blog\/#website\"},\"primaryImageOfPage\":{\"@id\":\"https:\/\/www.clicars.com\/blog\/actualidad\/peugeot-308-nuevo-2022\/#primaryimage\"},\"image\":{\"@id\":\"https:\/\/www.clicars.com\/blog\/actualidad\/peugeot-308-nuevo-2022\/#primaryimage\"},\"thumbnailUrl\":\"https:\/\/www.clicars.com\/blog\/wp-content\/uploads\/2022\/06\/peugeot-308-nuevo-2022.jpg\",\"datePublished\":\"2022-06-24T09:30:45+00:00\",\"author\":{\"@id\":\"https:\/\/www.clicars.com\/blog\/#\/schema\/person\/af686c41ba96962c68871392bf2bb62d\"},\"description\":\"El Peugeot 308 de 2022 estrena imagen de marca. Y lo hace por todo lo alto. Te contamos todos los detalles de este cochazo.\",\"breadcrumb\":{\"@id\":\"https:\/\/www.clicars.com\/blog\/actualidad\/peugeot-308-nuevo-2022\/#breadcrumb\"},\"inLanguage\":\"es\",\"potentialAction\":[{\"@type\":\"ReadAction\",\"target\":[\"https:\/\/www.clicars.com\/blog\/actualidad\/peugeot-308-nuevo-2022\/\"]}]},{\"@type\":\"ImageObject\",\"inLanguage\":\"es\",\"@id\":\"https:\/\/www.clicars.com\/blog\/actualidad\/peugeot-308-nuevo-2022\/#primaryimage\",\"url\":\"https:\/\/www.clicars.com\/blog\/wp-content\/uploads\/2022\/06\/peugeot-308-nuevo-2022.jpg\",\"contentUrl\":\"https:\/\/www.clicars.com\/blog\/wp-content\/uploads\/2022\/06\/peugeot-308-nuevo-2022.jpg\",\"width\":1800,\"height\":1200,\"caption\":\"peugeot 308 nuevo 2022\"},{\"@type\":\"BreadcrumbList\",\"@id\":\"https:\/\/www.clicars.com\/blog\/actualidad\/peugeot-308-nuevo-2022\/#breadcrumb\",\"itemListElement\":[{\"@type\":\"ListItem\",\"position\":1,\"name\":\"Portada\",\"item\":\"https:\/\/www.clicars.com\/blog\/\"},{\"@type\":\"ListItem\",\"position\":2,\"name\":\"\u00a0Peugeot 308 2022, el compacto que pretende liderar la manada\"}]},{\"@type\":\"WebSite\",\"@id\":\"https:\/\/www.clicars.com\/blog\/#website\",\"url\":\"https:\/\/www.clicars.com\/blog\/\",\"name\":\"Clicars\",\"description\":\"Compra tu coche de Buena Mano sin moverte de casa\",\"inLanguage\":\"es\"},{\"@type\":\"Person\",\"@id\":\"https:\/\/www.clicars.com\/blog\/#\/schema\/person\/af686c41ba96962c68871392bf2bb62d\",\"name\":\"Clicars\",\"image\":{\"@type\":\"ImageObject\",\"inLanguage\":\"es\",\"@id\":\"https:\/\/www.clicars.com\/blog\/#\/schema\/person\/image\/\",\"url\":\"https:\/\/secure.gravatar.com\/avatar\/3100622b0023049db14165cdba9dadaa9159743b871e83e440a0df9a70f80e56?s=96&d=mm&r=g\",\"contentUrl\":\"https:\/\/secure.gravatar.com\/avatar\/3100622b0023049db14165cdba9dadaa9159743b871e83e440a0df9a70f80e56?s=96&d=mm&r=g\",\"caption\":\"Clicars\"},\"sameAs\":[\"https:\/\/www.clicars.com\"],\"url\":\"https:\/\/www.clicars.com\/blog\/author\/clicars\/\"}]}<\/script>\n<!-- \/ Yoast SEO plugin. -->","yoast_head_json":{"title":"\u00a0Peugeot 308 2022, el compacto que pretende liderar - Clicars Blog","description":"El Peugeot 308 de 2022 estrena imagen de marca. Y lo hace por todo lo alto. Te contamos todos los detalles de este cochazo.","robots":{"index":"index","follow":"follow","max-snippet":"max-snippet:-1","max-image-preview":"max-image-preview:large","max-video-preview":"max-video-preview:-1"},"canonical":"https:\/\/www.clicars.com\/blog\/actualidad\/peugeot-308-nuevo-2022\/","og_locale":"es_ES","og_type":"article","og_title":"\u00a0Peugeot 308 2022, el compacto que pretende liderar - Clicars Blog","og_description":"El Peugeot 308 de 2022 estrena imagen de marca. Y lo hace por todo lo alto. Te contamos todos los detalles de este cochazo.","og_url":"https:\/\/www.clicars.com\/blog\/actualidad\/peugeot-308-nuevo-2022\/","og_site_name":"Clicars","article_published_time":"2022-06-24T09:30:45+00:00","og_image":[{"width":1800,"height":1200,"url":"https:\/\/www.clicars.com\/blog\/wp-content\/uploads\/2022\/06\/peugeot-308-nuevo-2022.jpg","type":"image\/jpeg"}],"author":"Clicars","twitter_card":"summary_large_image","twitter_misc":{"Escrito por":"Clicars","Tiempo de lectura":"3 minutos"},"schema":{"@context":"https:\/\/schema.org","@graph":[{"@type":"Article","@id":"https:\/\/www.clicars.com\/blog\/actualidad\/peugeot-308-nuevo-2022\/#article","isPartOf":{"@id":"https:\/\/www.clicars.com\/blog\/actualidad\/peugeot-308-nuevo-2022\/"},"author":{"name":"Clicars","@id":"https:\/\/www.clicars.com\/blog\/#\/schema\/person\/af686c41ba96962c68871392bf2bb62d"},"headline":"\u00a0Peugeot 308 2022, el compacto que pretende liderar la manada","datePublished":"2022-06-24T09:30:45+00:00","mainEntityOfPage":{"@id":"https:\/\/www.clicars.com\/blog\/actualidad\/peugeot-308-nuevo-2022\/"},"wordCount":481,"image":{"@id":"https:\/\/www.clicars.com\/blog\/actualidad\/peugeot-308-nuevo-2022\/#primaryimage"},"thumbnailUrl":"https:\/\/www.clicars.com\/blog\/wp-content\/uploads\/2022\/06\/peugeot-308-nuevo-2022.jpg","articleSection":["Actualidad"],"inLanguage":"es"},{"@type":["WebPage","ItemPage"],"@id":"https:\/\/www.clicars.com\/blog\/actualidad\/peugeot-308-nuevo-2022\/","url":"https:\/\/www.clicars.com\/blog\/actualidad\/peugeot-308-nuevo-2022\/","name":"\u00a0Peugeot 308 2022, el compacto que pretende liderar - Clicars Blog","isPartOf":{"@id":"https:\/\/www.clicars.com\/blog\/#website"},"primaryImageOfPage":{"@id":"https:\/\/www.clicars.com\/blog\/actualidad\/peugeot-308-nuevo-2022\/#primaryimage"},"image":{"@id":"https:\/\/www.clicars.com\/blog\/actualidad\/peugeot-308-nuevo-2022\/#primaryimage"},"thumbnailUrl":"https:\/\/www.clicars.com\/blog\/wp-content\/uploads\/2022\/06\/peugeot-308-nuevo-2022.jpg","datePublished":"2022-06-24T09:30:45+00:00","author":{"@id":"https:\/\/www.clicars.com\/blog\/#\/schema\/person\/af686c41ba96962c68871392bf2bb62d"},"description":"El Peugeot 308 de 2022 estrena imagen de marca. Y lo hace por todo lo alto. Te contamos todos los detalles de este cochazo.","breadcrumb":{"@id":"https:\/\/www.clicars.com\/blog\/actualidad\/peugeot-308-nuevo-2022\/#breadcrumb"},"inLanguage":"es","potentialAction":[{"@type":"ReadAction","target":["https:\/\/www.clicars.com\/blog\/actualidad\/peugeot-308-nuevo-2022\/"]}]},{"@type":"ImageObject","inLanguage":"es","@id":"https:\/\/www.clicars.com\/blog\/actualidad\/peugeot-308-nuevo-2022\/#primaryimage","url":"https:\/\/www.clicars.com\/blog\/wp-content\/uploads\/2022\/06\/peugeot-308-nuevo-2022.jpg","contentUrl":"https:\/\/www.clicars.com\/blog\/wp-content\/uploads\/2022\/06\/peugeot-308-nuevo-2022.jpg","width":1800,"height":1200,"caption":"peugeot 308 nuevo 2022"},{"@type":"BreadcrumbList","@id":"https:\/\/www.clicars.com\/blog\/actualidad\/peugeot-308-nuevo-2022\/#breadcrumb","itemListElement":[{"@type":"ListItem","position":1,"name":"Portada","item":"https:\/\/www.clicars.com\/blog\/"},{"@type":"ListItem","position":2,"name":"\u00a0Peugeot 308 2022, el compacto que pretende liderar la manada"}]},{"@type":"WebSite","@id":"https:\/\/www.clicars.com\/blog\/#website","url":"https:\/\/www.clicars.com\/blog\/","name":"Clicars","description":"Compra tu coche de Buena Mano sin moverte de casa","inLanguage":"es"},{"@type":"Person","@id":"https:\/\/www.clicars.com\/blog\/#\/schema\/person\/af686c41ba96962c68871392bf2bb62d","name":"Clicars","image":{"@type":"ImageObject","inLanguage":"es","@id":"https:\/\/www.clicars.com\/blog\/#\/schema\/person\/image\/","url":"https:\/\/secure.gravatar.com\/avatar\/3100622b0023049db14165cdba9dadaa9159743b871e83e440a0df9a70f80e56?s=96&d=mm&r=g","contentUrl":"https:\/\/secure.gravatar.com\/avatar\/3100622b0023049db14165cdba9dadaa9159743b871e83e440a0df9a70f80e56?s=96&d=mm&r=g","caption":"Clicars"},"sameAs":["https:\/\/www.clicars.com"],"url":"https:\/\/www.clicars.com\/blog\/author\/clicars\/"}]}},"_links":{"self":[{"href":"https:\/\/www.clicars.com\/blog\/wp-json\/wp\/v2\/posts\/9479","targetHints":{"allow":["GET"]}}],"collection":[{"href":"https:\/\/www.clicars.com\/blog\/wp-json\/wp\/v2\/posts"}],"about":[{"href":"https:\/\/www.clicars.com\/blog\/wp-json\/wp\/v2\/types\/post"}],"author":[{"embeddable":true,"href":"https:\/\/www.clicars.com\/blog\/wp-json\/wp\/v2\/users\/2"}],"replies":[{"embeddable":true,"href":"https:\/\/www.clicars.com\/blog\/wp-json\/wp\/v2\/comments?post=9479"}],"version-history":[{"count":3,"href":"https:\/\/www.clicars.com\/blog\/wp-json\/wp\/v2\/posts\/9479\/revisions"}],"predecessor-version":[{"id":9490,"href":"https:\/\/www.clicars.com\/blog\/wp-json\/wp\/v2\/posts\/9479\/revisions\/9490"}],"wp:featuredmedia":[{"embeddable":true,"href":"https:\/\/www.clicars.com\/blog\/wp-json\/wp\/v2\/media\/9480"}],"wp:attachment":[{"href":"https:\/\/www.clicars.com\/blog\/wp-json\/wp\/v2\/media?parent=9479"}],"wp:term":[{"taxonomy":"category","embeddable":true,"href":"https:\/\/www.clicars.com\/blog\/wp-json\/wp\/v2\/categories?post=9479"},{"taxonomy":"post_tag","embeddable":true,"href":"https:\/\/www.clicars.com\/blog\/wp-json\/wp\/v2\/tags?post=9479"}],"curies":[{"name":"wp","href":"https:\/\/api.w.org\/{rel}","templated":true}]}}