{"id":9757,"date":"2022-08-17T12:22:45","date_gmt":"2022-08-17T10:22:45","guid":{"rendered":"https:\/\/www.clicars.com\/blog\/?p=9757"},"modified":"2022-08-17T12:22:45","modified_gmt":"2022-08-17T10:22:45","slug":"aire-acondicionado-coche-no-enfria","status":"publish","type":"post","link":"https:\/\/www.clicars.com\/blog\/curiosidades\/aire-acondicionado-coche-no-enfria\/","title":{"rendered":"\u00bfPor qu\u00e9 no enfr\u00eda el aire acondicionado de mi coche?"},"content":{"rendered":"<p><span style=\"font-weight: 400;\">Existen varias posibilidades por las que el<strong> aire acondicionado de un veh\u00edculo deja de enfriar<\/strong>, impidiendo una correcta climatizaci\u00f3n del mismo durante los meses m\u00e1s calurosos del a\u00f1o. Si bien, <strong>la m\u00e1s com\u00fan es la falta de gas<\/strong> suficiente en el autom\u00f3vil para enfriar el aire, el abanico de opciones es mucho m\u00e1s amplio del que pudiera parecer en un primer momento, por eso lo m\u00e1s adecuado al detectar que el aire acondicionado del coche no enfr\u00eda es <strong>acudir a nuestro taller de confianza lo antes posible<\/strong>.<\/span><\/p>\n<p><span style=\"font-weight: 400;\">Una incorrecta climatizaci\u00f3n del veh\u00edculo durante los meses de verano, puede incluso llegar a afectar a la seguridad de sus integrantes, al no contarse con las condiciones m\u00e1s apropiadas para la conducci\u00f3n. Lo que a priori puede simplemente parecer una situaci\u00f3n inc\u00f3moda, puede terminar por degenerar distracciones inoportunas o cansancio en el conductor. Por eso, debe tratarse siempre de conducir es las condiciones m\u00e1s adecuadas con una temperatura del interior del veh\u00edculo que ronde los 20 grados.<\/span><\/p>\n<p><img loading=\"lazy\" decoding=\"async\" class=\"alignleft size-full wp-image-9759\" src=\"https:\/\/www.clicars.com\/blog\/wp-content\/uploads\/2022\/08\/aire-acondicionado-jeep-renegade-scaled.webp\" alt=\"aire acondicionado jeep renegade\" width=\"2560\" height=\"2245\" srcset=\"https:\/\/www.clicars.com\/blog\/wp-content\/uploads\/2022\/08\/aire-acondicionado-jeep-renegade-scaled.webp 2560w, https:\/\/www.clicars.com\/blog\/wp-content\/uploads\/2022\/08\/aire-acondicionado-jeep-renegade-300x263.webp 300w, https:\/\/www.clicars.com\/blog\/wp-content\/uploads\/2022\/08\/aire-acondicionado-jeep-renegade-1024x898.webp 1024w, https:\/\/www.clicars.com\/blog\/wp-content\/uploads\/2022\/08\/aire-acondicionado-jeep-renegade-768x673.webp 768w, https:\/\/www.clicars.com\/blog\/wp-content\/uploads\/2022\/08\/aire-acondicionado-jeep-renegade-1536x1347.webp 1536w, https:\/\/www.clicars.com\/blog\/wp-content\/uploads\/2022\/08\/aire-acondicionado-jeep-renegade-2048x1796.webp 2048w\" sizes=\"auto, (max-width: 2560px) 100vw, 2560px\" \/><\/p>\n<h2><strong>Posibles causas por las que el aire acondicionado deja de enfriar<\/strong><\/h2>\n<p><span style=\"font-weight: 400;\">Como hemos comentado, la <strong>falta de gas<\/strong> es la opci\u00f3n m\u00e1s habitual. Esto puede deberse a alguna posible fuga en los conductos y tuber\u00edas que lo transportan. Pero dicha causa no es la \u00fanica posible.<\/span><\/p>\n<p><span style=\"font-weight: 400;\">Otra de las aver\u00edas mec\u00e1nicas que pueden degenerar en la falta de refrigeraci\u00f3n del aire acondicionado es alguna <strong>fuga de refrigerante<\/strong>. Para cerciorarnos ante esta posibilidad, debe comprobarse si hubiera manchas de aceite alrededor de los conductos del sistema. En este caso, deber\u00eda procederse a la sustituci\u00f3n de los conductos por unos nuevos.<\/span><\/p>\n<p><span style=\"font-weight: 400;\">La tercera alternativa posible es una <strong>obstrucci\u00f3n de los filtros<\/strong> debido a la suciedad. Para evitarlo, es aconsejable realizar un mantenimiento peri\u00f3dico del veh\u00edculo cambiando los filtros del aire cada cierto tiempo o en su caso, limpiar los filtros para volver a obtener una climatizaci\u00f3n del veh\u00edculo correcta.<\/span><\/p>\n<p>Te puede interesar:<\/p>\n<ul>\n<li><a href=\"https:\/\/www.clicars.com\/blog\/cliconsejos\/carga-el-aire-acondicionado-coche\/\">Cargar el aire acondicionado del coche<\/a><\/li>\n<li><a href=\"https:\/\/www.clicars.com\/blog\/cliconsejos\/aire-acondicionado-o-como-no-pasar-calor-en-tu-coche\/\">Como no pasar calor en el coche<\/a><\/li>\n<\/ul>\n<h2>Arreglar aire acondicionado del coche<\/h2>\n<p><span style=\"font-weight: 400;\">La ausencia de aire fr\u00edo tambi\u00e9n puede deberse a la <strong>acumulaci\u00f3n de suciedad en el ventilador interior<\/strong>, tapon\u00e1ndose sus rendijas y afectando negativamente al correcto flujo de aire al activar dicha funci\u00f3n. Uno de los s\u00edntomas para detectar que se trata de un problema relacionado con el ventilador, es un olor desagradable al activar el aire acondicionado dentro del veh\u00edculo.<\/span><\/p>\n<p><span style=\"font-weight: 400;\">Otra de las piezas fundamentales en lo relativo al funcionamiento del aire acondicionado es el <strong>intercambiador exterior<\/strong>. La acumulaci\u00f3n de part\u00edculas de suciedad en el mismo provocando su taponamiento hace subir la presi\u00f3n del gas provocando que el aire no se enfr\u00ede y salga a temperatura ambiente. Por eso es tan importante limpiarlo al menos una vez al a\u00f1o, a poder ser antes del cambio de estaci\u00f3n.<\/span><\/p>\n<p><span style=\"font-weight: 400;\">En los casos en los que al activar el aire acondicionado comienza a escucharse una <strong>vibraci\u00f3n extra\u00f1a<\/strong>, suele ser debido a que el compresor del veh\u00edculo est\u00e1 da\u00f1ado. De ser as\u00ed, lo m\u00e1s aconsejable es confirmar dicho diagn\u00f3stico con la ayuda de profesionales y si fuera necesario, reparar o cambiar el compresor.<\/span><\/p>\n<h2><b>Mantenimiento aire acondicionado del coche<\/b><\/h2>\n<p><span style=\"font-weight: 400;\"><strong>Un mantenimiento correcto del veh\u00edculo en el que se revisen los nombrados componentes con cierta periodicidad, evitar\u00e1 posibles situaciones desagradables<\/strong> a conductor y acompa\u00f1antes en relaci\u00f3n a la climatizaci\u00f3n del autom\u00f3vil durante los meses m\u00e1s calurosos del a\u00f1o.<\/span><\/p>\n<p><span style=\"font-weight: 400;\">A veces, basta simplemente con recargar el gas del sistema de aire en el taller para que el aire acondicionado del coche enfr\u00ede, pero como vemos, existen muchas otras causas posibles. Por eso, ante los primeros s\u00edntomas de aver\u00eda, es aconsejable solicitar la ayuda de profesionales que realicen un diagn\u00f3stico en profundidad y determinen de d\u00f3nde proviene el problema.<\/span><\/p>\n<p><span style=\"font-weight: 400;\">Como decimos, <strong>en ocasiones bastar\u00e1 con afinar el o\u00eddo o el olfato para detectar la aver\u00eda a tiempo<\/strong>.<\/span><\/p>\n","protected":false},"excerpt":{"rendered":"<p>Existen varias posibilidades por las que el aire acondicionado de un veh\u00edculo deja de enfriar,&#8230;<\/p>\n","protected":false},"author":2,"featured_media":9758,"comment_status":"closed","ping_status":"closed","sticky":false,"template":"","format":"standard","meta":{"footnotes":""},"categories":[4],"tags":[],"class_list":{"0":"post-9757","1":"post","2":"type-post","3":"status-publish","4":"format-standard","5":"has-post-thumbnail","7":"category-curiosidades"},"yoast_head":"<!-- This site is optimized with the Yoast SEO plugin v26.8 - https:\/\/yoast.com\/product\/yoast-seo-wordpress\/ -->\n<title>\u00bfPor qu\u00e9 no enfr\u00eda el aire acondicionado de mi coche? - Clicars Blog<\/title>\n<meta name=\"description\" content=\"Si el aire acondicionado de tu coche no enfr\u00eda, te contamos las posibles causas, c\u00f3mo detectar la aver\u00eda y solucionarla.\" \/>\n<meta name=\"robots\" content=\"index, follow, max-snippet:-1, max-image-preview:large, max-video-preview:-1\" \/>\n<link rel=\"canonical\" href=\"https:\/\/www.clicars.com\/blog\/curiosidades\/aire-acondicionado-coche-no-enfria\/\" \/>\n<meta property=\"og:locale\" content=\"es_ES\" \/>\n<meta property=\"og:type\" content=\"article\" \/>\n<meta property=\"og:title\" content=\"\u00bfPor qu\u00e9 no enfr\u00eda el aire acondicionado de mi coche? - Clicars Blog\" \/>\n<meta property=\"og:description\" content=\"Si el aire acondicionado de tu coche no enfr\u00eda, te contamos las posibles causas, c\u00f3mo detectar la aver\u00eda y solucionarla.\" \/>\n<meta property=\"og:url\" content=\"https:\/\/www.clicars.com\/blog\/curiosidades\/aire-acondicionado-coche-no-enfria\/\" \/>\n<meta property=\"og:site_name\" content=\"Clicars\" \/>\n<meta property=\"article:published_time\" content=\"2022-08-17T10:22:45+00:00\" \/>\n<meta property=\"og:image\" content=\"https:\/\/www.clicars.com\/blog\/wp-content\/uploads\/2022\/08\/aire-acondicionado-no-efria-scaled.jpg\" \/>\n\t<meta property=\"og:image:width\" content=\"2560\" \/>\n\t<meta property=\"og:image:height\" content=\"1707\" \/>\n\t<meta property=\"og:image:type\" content=\"image\/jpeg\" \/>\n<meta name=\"author\" content=\"Clicars\" \/>\n<meta name=\"twitter:card\" content=\"summary_large_image\" \/>\n<meta name=\"twitter:label1\" content=\"Escrito por\" \/>\n\t<meta name=\"twitter:data1\" content=\"Clicars\" \/>\n\t<meta name=\"twitter:label2\" content=\"Tiempo de lectura\" \/>\n\t<meta name=\"twitter:data2\" content=\"3 minutos\" \/>\n<script type=\"application\/ld+json\" class=\"yoast-schema-graph\">{\"@context\":\"https:\/\/schema.org\",\"@graph\":[{\"@type\":\"Article\",\"@id\":\"https:\/\/www.clicars.com\/blog\/curiosidades\/aire-acondicionado-coche-no-enfria\/#article\",\"isPartOf\":{\"@id\":\"https:\/\/www.clicars.com\/blog\/curiosidades\/aire-acondicionado-coche-no-enfria\/\"},\"author\":{\"name\":\"Clicars\",\"@id\":\"https:\/\/www.clicars.com\/blog\/#\/schema\/person\/af686c41ba96962c68871392bf2bb62d\"},\"headline\":\"\u00bfPor qu\u00e9 no enfr\u00eda el aire acondicionado de mi coche?\",\"datePublished\":\"2022-08-17T10:22:45+00:00\",\"mainEntityOfPage\":{\"@id\":\"https:\/\/www.clicars.com\/blog\/curiosidades\/aire-acondicionado-coche-no-enfria\/\"},\"wordCount\":705,\"image\":{\"@id\":\"https:\/\/www.clicars.com\/blog\/curiosidades\/aire-acondicionado-coche-no-enfria\/#primaryimage\"},\"thumbnailUrl\":\"https:\/\/www.clicars.com\/blog\/wp-content\/uploads\/2022\/08\/aire-acondicionado-no-efria-scaled.jpg\",\"articleSection\":[\"Curiosidades\"],\"inLanguage\":\"es\"},{\"@type\":[\"WebPage\",\"ItemPage\"],\"@id\":\"https:\/\/www.clicars.com\/blog\/curiosidades\/aire-acondicionado-coche-no-enfria\/\",\"url\":\"https:\/\/www.clicars.com\/blog\/curiosidades\/aire-acondicionado-coche-no-enfria\/\",\"name\":\"\u00bfPor qu\u00e9 no enfr\u00eda el aire acondicionado de mi coche? - Clicars Blog\",\"isPartOf\":{\"@id\":\"https:\/\/www.clicars.com\/blog\/#website\"},\"primaryImageOfPage\":{\"@id\":\"https:\/\/www.clicars.com\/blog\/curiosidades\/aire-acondicionado-coche-no-enfria\/#primaryimage\"},\"image\":{\"@id\":\"https:\/\/www.clicars.com\/blog\/curiosidades\/aire-acondicionado-coche-no-enfria\/#primaryimage\"},\"thumbnailUrl\":\"https:\/\/www.clicars.com\/blog\/wp-content\/uploads\/2022\/08\/aire-acondicionado-no-efria-scaled.jpg\",\"datePublished\":\"2022-08-17T10:22:45+00:00\",\"author\":{\"@id\":\"https:\/\/www.clicars.com\/blog\/#\/schema\/person\/af686c41ba96962c68871392bf2bb62d\"},\"description\":\"Si el aire acondicionado de tu coche no enfr\u00eda, te contamos las posibles causas, c\u00f3mo detectar la aver\u00eda y solucionarla.\",\"breadcrumb\":{\"@id\":\"https:\/\/www.clicars.com\/blog\/curiosidades\/aire-acondicionado-coche-no-enfria\/#breadcrumb\"},\"inLanguage\":\"es\",\"potentialAction\":[{\"@type\":\"ReadAction\",\"target\":[\"https:\/\/www.clicars.com\/blog\/curiosidades\/aire-acondicionado-coche-no-enfria\/\"]}]},{\"@type\":\"ImageObject\",\"inLanguage\":\"es\",\"@id\":\"https:\/\/www.clicars.com\/blog\/curiosidades\/aire-acondicionado-coche-no-enfria\/#primaryimage\",\"url\":\"https:\/\/www.clicars.com\/blog\/wp-content\/uploads\/2022\/08\/aire-acondicionado-no-efria-scaled.jpg\",\"contentUrl\":\"https:\/\/www.clicars.com\/blog\/wp-content\/uploads\/2022\/08\/aire-acondicionado-no-efria-scaled.jpg\",\"width\":2560,\"height\":1707,\"caption\":\"aire acondicionado no efria\"},{\"@type\":\"BreadcrumbList\",\"@id\":\"https:\/\/www.clicars.com\/blog\/curiosidades\/aire-acondicionado-coche-no-enfria\/#breadcrumb\",\"itemListElement\":[{\"@type\":\"ListItem\",\"position\":1,\"name\":\"Portada\",\"item\":\"https:\/\/www.clicars.com\/blog\/\"},{\"@type\":\"ListItem\",\"position\":2,\"name\":\"\u00bfPor qu\u00e9 no enfr\u00eda el aire acondicionado de mi coche?\"}]},{\"@type\":\"WebSite\",\"@id\":\"https:\/\/www.clicars.com\/blog\/#website\",\"url\":\"https:\/\/www.clicars.com\/blog\/\",\"name\":\"Clicars\",\"description\":\"Compra tu coche de Buena Mano sin moverte de casa\",\"inLanguage\":\"es\"},{\"@type\":\"Person\",\"@id\":\"https:\/\/www.clicars.com\/blog\/#\/schema\/person\/af686c41ba96962c68871392bf2bb62d\",\"name\":\"Clicars\",\"image\":{\"@type\":\"ImageObject\",\"inLanguage\":\"es\",\"@id\":\"https:\/\/www.clicars.com\/blog\/#\/schema\/person\/image\/\",\"url\":\"https:\/\/secure.gravatar.com\/avatar\/3100622b0023049db14165cdba9dadaa9159743b871e83e440a0df9a70f80e56?s=96&d=mm&r=g\",\"contentUrl\":\"https:\/\/secure.gravatar.com\/avatar\/3100622b0023049db14165cdba9dadaa9159743b871e83e440a0df9a70f80e56?s=96&d=mm&r=g\",\"caption\":\"Clicars\"},\"sameAs\":[\"https:\/\/www.clicars.com\"],\"url\":\"https:\/\/www.clicars.com\/blog\/author\/clicars\/\"}]}<\/script>\n<!-- \/ Yoast SEO plugin. -->","yoast_head_json":{"title":"\u00bfPor qu\u00e9 no enfr\u00eda el aire acondicionado de mi coche? - Clicars Blog","description":"Si el aire acondicionado de tu coche no enfr\u00eda, te contamos las posibles causas, c\u00f3mo detectar la aver\u00eda y solucionarla.","robots":{"index":"index","follow":"follow","max-snippet":"max-snippet:-1","max-image-preview":"max-image-preview:large","max-video-preview":"max-video-preview:-1"},"canonical":"https:\/\/www.clicars.com\/blog\/curiosidades\/aire-acondicionado-coche-no-enfria\/","og_locale":"es_ES","og_type":"article","og_title":"\u00bfPor qu\u00e9 no enfr\u00eda el aire acondicionado de mi coche? - Clicars Blog","og_description":"Si el aire acondicionado de tu coche no enfr\u00eda, te contamos las posibles causas, c\u00f3mo detectar la aver\u00eda y solucionarla.","og_url":"https:\/\/www.clicars.com\/blog\/curiosidades\/aire-acondicionado-coche-no-enfria\/","og_site_name":"Clicars","article_published_time":"2022-08-17T10:22:45+00:00","og_image":[{"width":2560,"height":1707,"url":"https:\/\/www.clicars.com\/blog\/wp-content\/uploads\/2022\/08\/aire-acondicionado-no-efria-scaled.jpg","type":"image\/jpeg"}],"author":"Clicars","twitter_card":"summary_large_image","twitter_misc":{"Escrito por":"Clicars","Tiempo de lectura":"3 minutos"},"schema":{"@context":"https:\/\/schema.org","@graph":[{"@type":"Article","@id":"https:\/\/www.clicars.com\/blog\/curiosidades\/aire-acondicionado-coche-no-enfria\/#article","isPartOf":{"@id":"https:\/\/www.clicars.com\/blog\/curiosidades\/aire-acondicionado-coche-no-enfria\/"},"author":{"name":"Clicars","@id":"https:\/\/www.clicars.com\/blog\/#\/schema\/person\/af686c41ba96962c68871392bf2bb62d"},"headline":"\u00bfPor qu\u00e9 no enfr\u00eda el aire acondicionado de mi coche?","datePublished":"2022-08-17T10:22:45+00:00","mainEntityOfPage":{"@id":"https:\/\/www.clicars.com\/blog\/curiosidades\/aire-acondicionado-coche-no-enfria\/"},"wordCount":705,"image":{"@id":"https:\/\/www.clicars.com\/blog\/curiosidades\/aire-acondicionado-coche-no-enfria\/#primaryimage"},"thumbnailUrl":"https:\/\/www.clicars.com\/blog\/wp-content\/uploads\/2022\/08\/aire-acondicionado-no-efria-scaled.jpg","articleSection":["Curiosidades"],"inLanguage":"es"},{"@type":["WebPage","ItemPage"],"@id":"https:\/\/www.clicars.com\/blog\/curiosidades\/aire-acondicionado-coche-no-enfria\/","url":"https:\/\/www.clicars.com\/blog\/curiosidades\/aire-acondicionado-coche-no-enfria\/","name":"\u00bfPor qu\u00e9 no enfr\u00eda el aire acondicionado de mi coche? - Clicars Blog","isPartOf":{"@id":"https:\/\/www.clicars.com\/blog\/#website"},"primaryImageOfPage":{"@id":"https:\/\/www.clicars.com\/blog\/curiosidades\/aire-acondicionado-coche-no-enfria\/#primaryimage"},"image":{"@id":"https:\/\/www.clicars.com\/blog\/curiosidades\/aire-acondicionado-coche-no-enfria\/#primaryimage"},"thumbnailUrl":"https:\/\/www.clicars.com\/blog\/wp-content\/uploads\/2022\/08\/aire-acondicionado-no-efria-scaled.jpg","datePublished":"2022-08-17T10:22:45+00:00","author":{"@id":"https:\/\/www.clicars.com\/blog\/#\/schema\/person\/af686c41ba96962c68871392bf2bb62d"},"description":"Si el aire acondicionado de tu coche no enfr\u00eda, te contamos las posibles causas, c\u00f3mo detectar la aver\u00eda y solucionarla.","breadcrumb":{"@id":"https:\/\/www.clicars.com\/blog\/curiosidades\/aire-acondicionado-coche-no-enfria\/#breadcrumb"},"inLanguage":"es","potentialAction":[{"@type":"ReadAction","target":["https:\/\/www.clicars.com\/blog\/curiosidades\/aire-acondicionado-coche-no-enfria\/"]}]},{"@type":"ImageObject","inLanguage":"es","@id":"https:\/\/www.clicars.com\/blog\/curiosidades\/aire-acondicionado-coche-no-enfria\/#primaryimage","url":"https:\/\/www.clicars.com\/blog\/wp-content\/uploads\/2022\/08\/aire-acondicionado-no-efria-scaled.jpg","contentUrl":"https:\/\/www.clicars.com\/blog\/wp-content\/uploads\/2022\/08\/aire-acondicionado-no-efria-scaled.jpg","width":2560,"height":1707,"caption":"aire acondicionado no efria"},{"@type":"BreadcrumbList","@id":"https:\/\/www.clicars.com\/blog\/curiosidades\/aire-acondicionado-coche-no-enfria\/#breadcrumb","itemListElement":[{"@type":"ListItem","position":1,"name":"Portada","item":"https:\/\/www.clicars.com\/blog\/"},{"@type":"ListItem","position":2,"name":"\u00bfPor qu\u00e9 no enfr\u00eda el aire acondicionado de mi coche?"}]},{"@type":"WebSite","@id":"https:\/\/www.clicars.com\/blog\/#website","url":"https:\/\/www.clicars.com\/blog\/","name":"Clicars","description":"Compra tu coche de Buena Mano sin moverte de casa","inLanguage":"es"},{"@type":"Person","@id":"https:\/\/www.clicars.com\/blog\/#\/schema\/person\/af686c41ba96962c68871392bf2bb62d","name":"Clicars","image":{"@type":"ImageObject","inLanguage":"es","@id":"https:\/\/www.clicars.com\/blog\/#\/schema\/person\/image\/","url":"https:\/\/secure.gravatar.com\/avatar\/3100622b0023049db14165cdba9dadaa9159743b871e83e440a0df9a70f80e56?s=96&d=mm&r=g","contentUrl":"https:\/\/secure.gravatar.com\/avatar\/3100622b0023049db14165cdba9dadaa9159743b871e83e440a0df9a70f80e56?s=96&d=mm&r=g","caption":"Clicars"},"sameAs":["https:\/\/www.clicars.com"],"url":"https:\/\/www.clicars.com\/blog\/author\/clicars\/"}]}},"_links":{"self":[{"href":"https:\/\/www.clicars.com\/blog\/wp-json\/wp\/v2\/posts\/9757","targetHints":{"allow":["GET"]}}],"collection":[{"href":"https:\/\/www.clicars.com\/blog\/wp-json\/wp\/v2\/posts"}],"about":[{"href":"https:\/\/www.clicars.com\/blog\/wp-json\/wp\/v2\/types\/post"}],"author":[{"embeddable":true,"href":"https:\/\/www.clicars.com\/blog\/wp-json\/wp\/v2\/users\/2"}],"replies":[{"embeddable":true,"href":"https:\/\/www.clicars.com\/blog\/wp-json\/wp\/v2\/comments?post=9757"}],"version-history":[{"count":1,"href":"https:\/\/www.clicars.com\/blog\/wp-json\/wp\/v2\/posts\/9757\/revisions"}],"predecessor-version":[{"id":9760,"href":"https:\/\/www.clicars.com\/blog\/wp-json\/wp\/v2\/posts\/9757\/revisions\/9760"}],"wp:featuredmedia":[{"embeddable":true,"href":"https:\/\/www.clicars.com\/blog\/wp-json\/wp\/v2\/media\/9758"}],"wp:attachment":[{"href":"https:\/\/www.clicars.com\/blog\/wp-json\/wp\/v2\/media?parent=9757"}],"wp:term":[{"taxonomy":"category","embeddable":true,"href":"https:\/\/www.clicars.com\/blog\/wp-json\/wp\/v2\/categories?post=9757"},{"taxonomy":"post_tag","embeddable":true,"href":"https:\/\/www.clicars.com\/blog\/wp-json\/wp\/v2\/tags?post=9757"}],"curies":[{"name":"wp","href":"https:\/\/api.w.org\/{rel}","templated":true}]}}