{"id":9806,"date":"2022-08-26T14:59:20","date_gmt":"2022-08-26T12:59:20","guid":{"rendered":"https:\/\/www.clicars.com\/blog\/?p=9806"},"modified":"2022-08-26T14:59:20","modified_gmt":"2022-08-26T12:59:20","slug":"tamano-maletero-toyota-rav4","status":"publish","type":"post","link":"https:\/\/www.clicars.com\/blog\/comparativa\/tamano-maletero-toyota-rav4\/","title":{"rendered":"\u00bfCu\u00e1nto cabe en el maletero de un Toyota RAV4? Comparativa"},"content":{"rendered":"<p><span style=\"font-weight: 400;\">El <\/span><b>Toyota RAV4<\/b><span style=\"font-weight: 400;\"> se ha convertido en uno de los<\/span> <span style=\"font-weight: 400;\">SUV compactos<\/span><span style=\"font-weight: 400;\"> m\u00e1s deseados del mercado. Por eso, vamos a conocerlo en profundidad. Los SUV con vocaci\u00f3n familiar suelen tener una buena capacidad de maletero para guardar todo tipo de equipaje y enseres.<\/span><\/p>\n<p><span style=\"font-weight: 400;\">Nos vamos a centrar en la capacidad de maletero del Toyota RAV4, para ello, lo vamos a comparar con el de otros modelos rivales para que puedas elegir mejor tu pr\u00f3ximo <\/span><b>SUV<\/b><span style=\"font-weight: 400;\">. Lo creas o no, es una informaci\u00f3n muy importante si est\u00e1s pensando en comprarte.<\/span><\/p>\n<h2><b>\u00bfQu\u00e9 capacidad tiene el maletero de un Toyota RAV4?<\/b><\/h2>\n<p><span style=\"font-weight: 400;\">Si te gusta el Toyota RAV4 es posible que te est\u00e9s preguntando por su capacidad de maletero. El Toyota RAV4 homologa una capacidad de maletero de entre <\/span><b>490 y 580 litros<\/b><span style=\"font-weight: 400;\">. Esta variaci\u00f3n depender\u00e1 del tren motriz escogido y de la generaci\u00f3n del modelo que se elija. No obstante, si se abaten los asientos traseros, puede cubicar hasta <\/span><b>1.690 litros.<\/b><\/p>\n<p><span style=\"font-weight: 400;\">En <\/span><b>Clicars<\/b><span style=\"font-weight: 400;\">, el Toyota RAV4 de segunda mano est\u00e1 disponible en una gran variedad de opciones tanto de tren motriz como de acabados. Este todoterreno mide <\/span><b>4,60 metros<\/b><span style=\"font-weight: 400;\"> de largo, 1,85 metros de ancho, 1,68 metros de alto y una distancia entre ejes de 2,69 metros.<\/span><\/p>\n<p><img loading=\"lazy\" decoding=\"async\" class=\"size-full wp-image-9809 aligncenter\" src=\"https:\/\/www.clicars.com\/blog\/wp-content\/uploads\/2022\/08\/toyota-rav4-maletero-abierto.jpg\" alt=\"toyota rav4 maletero abierto\" width=\"900\" height=\"600\" \/><\/p>\n<h2><b>Comparativa del maletero del Toyota RAV4<\/b><\/h2>\n<p><span style=\"font-weight: 400;\">A continuaci\u00f3n, vamos a comparar el maletero del Toyota RAV4 con el de otros modelos rivales del mismo segmento que el todoterreno nip\u00f3n.<\/span><\/p>\n<ul>\n<li><span style=\"font-weight: 400;\">Maletero Hyundai Tucson: 620 litros.<\/span><\/li>\n<li><span style=\"font-weight: 400;\">Maletero Honda HR-V: 431 litros.<\/span><\/li>\n<li><span style=\"font-weight: 400;\">Maletero Opel Grandland: 514 litros.<\/span><\/li>\n<li><span style=\"font-weight: 400;\">Maletero Lexus NX: 549 litros.<\/span><\/li>\n<li><span style=\"font-weight: 400;\">Maletero Citro\u00ebn C5 Aircross: 580 litros.<\/span><\/li>\n<li><span style=\"font-weight: 400;\">Maletero Lexus UX: 320 litros.<\/span><\/li>\n<li><span style=\"font-weight: 400;\">Maletero Volvo XC60: 505 litros.<\/span><\/li>\n<li><span style=\"font-weight: 400;\">Maletero Subaru Forester: 505 litros.<\/span><\/li>\n<li><span style=\"font-weight: 400;\">Maletero Seat Tarraco: 760 litros.<\/span><\/li>\n<li><span style=\"font-weight: 400;\">Maletero Skoda Kodiaq: 720 litros.<\/span><\/li>\n<\/ul>\n<h2><b>\u00bfC\u00f3mo es el Toyota RAV4?<\/b><\/h2>\n<p><span style=\"font-weight: 400;\">El Toyota RAV4 es un SUV compacto que en la actualidad comercializa su <\/span><b>quinta generaci\u00f3n<\/b><span style=\"font-weight: 400;\"> y lleg\u00f3 al mercado en 2018. Ofrece una mec\u00e1nica h\u00edbrida de gasolina de 222 CV, algo que lo convierte en un modelo muy especial. Est\u00e1 situado en la gama por encima del Toyota C-HR y por debajo del Toyota Land Cruiser.<\/span><\/p>\n<p><span style=\"font-weight: 400;\">Su dise\u00f1o es muy atractivo y entre sus caracter\u00edsticas destaca su parrilla, sus l\u00edneas rectas muy marcadas y un pilar C diferente junto a un <\/span><b>techo flotante<\/b><span style=\"font-weight: 400;\">. Ofrece tintes deportivos, al igual que musculosos. Sin duda, es un modelo muy a tener en cuenta.<\/span><\/p>\n<p><span style=\"font-weight: 400;\">Entre el equipamiento destaca su pantalla t\u00e1ctil flotante de siete pulgadas, sus asistentes a la conducci\u00f3n, sus sistemas de seguridad como la c\u00e1mara de visi\u00f3n 360 grados, grupos \u00f3pticos con <\/span><b>tecnolog\u00eda Full-LED<\/b><span style=\"font-weight: 400;\"> y retrovisores interiores con capacidad para mostrar las im\u00e1genes que capta la c\u00e1mara de visi\u00f3n trasera, entre otros elementos.<\/span><\/p>\n<p><img loading=\"lazy\" decoding=\"async\" class=\"size-full wp-image-9808 aligncenter\" src=\"https:\/\/www.clicars.com\/blog\/wp-content\/uploads\/2022\/08\/7e0141c1b801f9cd60151ef9bea7eb3c-9389721-a8f598e875d5749e3dde1b634992b7fc34ec90d6-vehicle-gallery-big.jpg\" alt=\"\" width=\"900\" height=\"600\" \/><\/p>\n<h2><b>Los mejores Toyotas RAV4 de segunda mano<\/b><\/h2>\n<p><span style=\"font-weight: 400;\">\u00bfEst\u00e1s pensando en comprar un<\/span><a href=\"https:\/\/www.clicars.com\/coches-segunda-mano-ocasion\/toyota\/rav4\"> <span style=\"font-weight: 400;\">Toyota RAV4 de segunda mano<\/span><\/a><span style=\"font-weight: 400;\">? En Clicars tienes una amplia gama de Toyota RAV4. Puedes comprobar sus fichas t\u00e9cnicas detalladas, con todas las dimensiones, incluida su maletero. \u00bfCu\u00e1l es el que mejor se adapta a ti? \u00a1Compru\u00e9balo!<\/span><\/p>\n","protected":false},"excerpt":{"rendered":"<p>El Toyota RAV4 se ha convertido en uno de los SUV compactos m\u00e1s deseados del&#8230;<\/p>\n","protected":false},"author":2,"featured_media":9807,"comment_status":"closed","ping_status":"closed","sticky":false,"template":"","format":"standard","meta":{"footnotes":""},"categories":[2],"tags":[],"class_list":{"0":"post-9806","1":"post","2":"type-post","3":"status-publish","4":"format-standard","5":"has-post-thumbnail","7":"category-comparativa"},"yoast_head":"<!-- This site is optimized with the Yoast SEO plugin v26.8 - https:\/\/yoast.com\/product\/yoast-seo-wordpress\/ -->\n<title>\u00bfCu\u00e1nto cabe en el maletero de un Toyota RAV4? Comparativa<\/title>\n<meta name=\"description\" content=\"Qu\u00e9 cabe dentro del maletero de un Toyota RAV4. Hoy resolvemos esta pregunta y lo comparamos con otros modelos parecidos.\" \/>\n<meta name=\"robots\" content=\"index, follow, max-snippet:-1, max-image-preview:large, max-video-preview:-1\" \/>\n<link rel=\"canonical\" href=\"https:\/\/www.clicars.com\/blog\/comparativa\/tamano-maletero-toyota-rav4\/\" \/>\n<meta property=\"og:locale\" content=\"es_ES\" \/>\n<meta property=\"og:type\" content=\"article\" \/>\n<meta property=\"og:title\" content=\"\u00bfCu\u00e1nto cabe en el maletero de un Toyota RAV4? Comparativa\" \/>\n<meta property=\"og:description\" content=\"Qu\u00e9 cabe dentro del maletero de un Toyota RAV4. Hoy resolvemos esta pregunta y lo comparamos con otros modelos parecidos.\" \/>\n<meta property=\"og:url\" content=\"https:\/\/www.clicars.com\/blog\/comparativa\/tamano-maletero-toyota-rav4\/\" \/>\n<meta property=\"og:site_name\" content=\"Clicars\" \/>\n<meta property=\"article:published_time\" content=\"2022-08-26T12:59:20+00:00\" \/>\n<meta property=\"og:image\" content=\"https:\/\/www.clicars.com\/blog\/wp-content\/uploads\/2022\/08\/toyota-rav4-maletero.jpg\" \/>\n\t<meta property=\"og:image:width\" content=\"900\" \/>\n\t<meta property=\"og:image:height\" content=\"600\" \/>\n\t<meta property=\"og:image:type\" content=\"image\/jpeg\" \/>\n<meta name=\"author\" content=\"Clicars\" \/>\n<meta name=\"twitter:card\" content=\"summary_large_image\" \/>\n<meta name=\"twitter:label1\" content=\"Escrito por\" \/>\n\t<meta name=\"twitter:data1\" content=\"Clicars\" \/>\n\t<meta name=\"twitter:label2\" content=\"Tiempo de lectura\" \/>\n\t<meta name=\"twitter:data2\" content=\"3 minutos\" \/>\n<script type=\"application\/ld+json\" class=\"yoast-schema-graph\">{\"@context\":\"https:\/\/schema.org\",\"@graph\":[{\"@type\":\"Article\",\"@id\":\"https:\/\/www.clicars.com\/blog\/comparativa\/tamano-maletero-toyota-rav4\/#article\",\"isPartOf\":{\"@id\":\"https:\/\/www.clicars.com\/blog\/comparativa\/tamano-maletero-toyota-rav4\/\"},\"author\":{\"name\":\"Clicars\",\"@id\":\"https:\/\/www.clicars.com\/blog\/#\/schema\/person\/af686c41ba96962c68871392bf2bb62d\"},\"headline\":\"\u00bfCu\u00e1nto cabe en el maletero de un Toyota RAV4? Comparativa\",\"datePublished\":\"2022-08-26T12:59:20+00:00\",\"mainEntityOfPage\":{\"@id\":\"https:\/\/www.clicars.com\/blog\/comparativa\/tamano-maletero-toyota-rav4\/\"},\"wordCount\":510,\"image\":{\"@id\":\"https:\/\/www.clicars.com\/blog\/comparativa\/tamano-maletero-toyota-rav4\/#primaryimage\"},\"thumbnailUrl\":\"https:\/\/www.clicars.com\/blog\/wp-content\/uploads\/2022\/08\/toyota-rav4-maletero.jpg\",\"articleSection\":[\"Comparativa\"],\"inLanguage\":\"es\"},{\"@type\":[\"WebPage\",\"ItemPage\"],\"@id\":\"https:\/\/www.clicars.com\/blog\/comparativa\/tamano-maletero-toyota-rav4\/\",\"url\":\"https:\/\/www.clicars.com\/blog\/comparativa\/tamano-maletero-toyota-rav4\/\",\"name\":\"\u00bfCu\u00e1nto cabe en el maletero de un Toyota RAV4? Comparativa\",\"isPartOf\":{\"@id\":\"https:\/\/www.clicars.com\/blog\/#website\"},\"primaryImageOfPage\":{\"@id\":\"https:\/\/www.clicars.com\/blog\/comparativa\/tamano-maletero-toyota-rav4\/#primaryimage\"},\"image\":{\"@id\":\"https:\/\/www.clicars.com\/blog\/comparativa\/tamano-maletero-toyota-rav4\/#primaryimage\"},\"thumbnailUrl\":\"https:\/\/www.clicars.com\/blog\/wp-content\/uploads\/2022\/08\/toyota-rav4-maletero.jpg\",\"datePublished\":\"2022-08-26T12:59:20+00:00\",\"author\":{\"@id\":\"https:\/\/www.clicars.com\/blog\/#\/schema\/person\/af686c41ba96962c68871392bf2bb62d\"},\"description\":\"Qu\u00e9 cabe dentro del maletero de un Toyota RAV4. Hoy resolvemos esta pregunta y lo comparamos con otros modelos parecidos.\",\"breadcrumb\":{\"@id\":\"https:\/\/www.clicars.com\/blog\/comparativa\/tamano-maletero-toyota-rav4\/#breadcrumb\"},\"inLanguage\":\"es\",\"potentialAction\":[{\"@type\":\"ReadAction\",\"target\":[\"https:\/\/www.clicars.com\/blog\/comparativa\/tamano-maletero-toyota-rav4\/\"]}]},{\"@type\":\"ImageObject\",\"inLanguage\":\"es\",\"@id\":\"https:\/\/www.clicars.com\/blog\/comparativa\/tamano-maletero-toyota-rav4\/#primaryimage\",\"url\":\"https:\/\/www.clicars.com\/blog\/wp-content\/uploads\/2022\/08\/toyota-rav4-maletero.jpg\",\"contentUrl\":\"https:\/\/www.clicars.com\/blog\/wp-content\/uploads\/2022\/08\/toyota-rav4-maletero.jpg\",\"width\":900,\"height\":600,\"caption\":\"toyota rav4 maletero\"},{\"@type\":\"BreadcrumbList\",\"@id\":\"https:\/\/www.clicars.com\/blog\/comparativa\/tamano-maletero-toyota-rav4\/#breadcrumb\",\"itemListElement\":[{\"@type\":\"ListItem\",\"position\":1,\"name\":\"Portada\",\"item\":\"https:\/\/www.clicars.com\/blog\/\"},{\"@type\":\"ListItem\",\"position\":2,\"name\":\"\u00bfCu\u00e1nto cabe en el maletero de un Toyota RAV4? Comparativa\"}]},{\"@type\":\"WebSite\",\"@id\":\"https:\/\/www.clicars.com\/blog\/#website\",\"url\":\"https:\/\/www.clicars.com\/blog\/\",\"name\":\"Clicars\",\"description\":\"Compra tu coche de Buena Mano sin moverte de casa\",\"inLanguage\":\"es\"},{\"@type\":\"Person\",\"@id\":\"https:\/\/www.clicars.com\/blog\/#\/schema\/person\/af686c41ba96962c68871392bf2bb62d\",\"name\":\"Clicars\",\"image\":{\"@type\":\"ImageObject\",\"inLanguage\":\"es\",\"@id\":\"https:\/\/www.clicars.com\/blog\/#\/schema\/person\/image\/\",\"url\":\"https:\/\/secure.gravatar.com\/avatar\/3100622b0023049db14165cdba9dadaa9159743b871e83e440a0df9a70f80e56?s=96&d=mm&r=g\",\"contentUrl\":\"https:\/\/secure.gravatar.com\/avatar\/3100622b0023049db14165cdba9dadaa9159743b871e83e440a0df9a70f80e56?s=96&d=mm&r=g\",\"caption\":\"Clicars\"},\"sameAs\":[\"https:\/\/www.clicars.com\"],\"url\":\"https:\/\/www.clicars.com\/blog\/author\/clicars\/\"}]}<\/script>\n<!-- \/ Yoast SEO plugin. -->","yoast_head_json":{"title":"\u00bfCu\u00e1nto cabe en el maletero de un Toyota RAV4? Comparativa","description":"Qu\u00e9 cabe dentro del maletero de un Toyota RAV4. Hoy resolvemos esta pregunta y lo comparamos con otros modelos parecidos.","robots":{"index":"index","follow":"follow","max-snippet":"max-snippet:-1","max-image-preview":"max-image-preview:large","max-video-preview":"max-video-preview:-1"},"canonical":"https:\/\/www.clicars.com\/blog\/comparativa\/tamano-maletero-toyota-rav4\/","og_locale":"es_ES","og_type":"article","og_title":"\u00bfCu\u00e1nto cabe en el maletero de un Toyota RAV4? Comparativa","og_description":"Qu\u00e9 cabe dentro del maletero de un Toyota RAV4. Hoy resolvemos esta pregunta y lo comparamos con otros modelos parecidos.","og_url":"https:\/\/www.clicars.com\/blog\/comparativa\/tamano-maletero-toyota-rav4\/","og_site_name":"Clicars","article_published_time":"2022-08-26T12:59:20+00:00","og_image":[{"width":900,"height":600,"url":"https:\/\/www.clicars.com\/blog\/wp-content\/uploads\/2022\/08\/toyota-rav4-maletero.jpg","type":"image\/jpeg"}],"author":"Clicars","twitter_card":"summary_large_image","twitter_misc":{"Escrito por":"Clicars","Tiempo de lectura":"3 minutos"},"schema":{"@context":"https:\/\/schema.org","@graph":[{"@type":"Article","@id":"https:\/\/www.clicars.com\/blog\/comparativa\/tamano-maletero-toyota-rav4\/#article","isPartOf":{"@id":"https:\/\/www.clicars.com\/blog\/comparativa\/tamano-maletero-toyota-rav4\/"},"author":{"name":"Clicars","@id":"https:\/\/www.clicars.com\/blog\/#\/schema\/person\/af686c41ba96962c68871392bf2bb62d"},"headline":"\u00bfCu\u00e1nto cabe en el maletero de un Toyota RAV4? Comparativa","datePublished":"2022-08-26T12:59:20+00:00","mainEntityOfPage":{"@id":"https:\/\/www.clicars.com\/blog\/comparativa\/tamano-maletero-toyota-rav4\/"},"wordCount":510,"image":{"@id":"https:\/\/www.clicars.com\/blog\/comparativa\/tamano-maletero-toyota-rav4\/#primaryimage"},"thumbnailUrl":"https:\/\/www.clicars.com\/blog\/wp-content\/uploads\/2022\/08\/toyota-rav4-maletero.jpg","articleSection":["Comparativa"],"inLanguage":"es"},{"@type":["WebPage","ItemPage"],"@id":"https:\/\/www.clicars.com\/blog\/comparativa\/tamano-maletero-toyota-rav4\/","url":"https:\/\/www.clicars.com\/blog\/comparativa\/tamano-maletero-toyota-rav4\/","name":"\u00bfCu\u00e1nto cabe en el maletero de un Toyota RAV4? Comparativa","isPartOf":{"@id":"https:\/\/www.clicars.com\/blog\/#website"},"primaryImageOfPage":{"@id":"https:\/\/www.clicars.com\/blog\/comparativa\/tamano-maletero-toyota-rav4\/#primaryimage"},"image":{"@id":"https:\/\/www.clicars.com\/blog\/comparativa\/tamano-maletero-toyota-rav4\/#primaryimage"},"thumbnailUrl":"https:\/\/www.clicars.com\/blog\/wp-content\/uploads\/2022\/08\/toyota-rav4-maletero.jpg","datePublished":"2022-08-26T12:59:20+00:00","author":{"@id":"https:\/\/www.clicars.com\/blog\/#\/schema\/person\/af686c41ba96962c68871392bf2bb62d"},"description":"Qu\u00e9 cabe dentro del maletero de un Toyota RAV4. Hoy resolvemos esta pregunta y lo comparamos con otros modelos parecidos.","breadcrumb":{"@id":"https:\/\/www.clicars.com\/blog\/comparativa\/tamano-maletero-toyota-rav4\/#breadcrumb"},"inLanguage":"es","potentialAction":[{"@type":"ReadAction","target":["https:\/\/www.clicars.com\/blog\/comparativa\/tamano-maletero-toyota-rav4\/"]}]},{"@type":"ImageObject","inLanguage":"es","@id":"https:\/\/www.clicars.com\/blog\/comparativa\/tamano-maletero-toyota-rav4\/#primaryimage","url":"https:\/\/www.clicars.com\/blog\/wp-content\/uploads\/2022\/08\/toyota-rav4-maletero.jpg","contentUrl":"https:\/\/www.clicars.com\/blog\/wp-content\/uploads\/2022\/08\/toyota-rav4-maletero.jpg","width":900,"height":600,"caption":"toyota rav4 maletero"},{"@type":"BreadcrumbList","@id":"https:\/\/www.clicars.com\/blog\/comparativa\/tamano-maletero-toyota-rav4\/#breadcrumb","itemListElement":[{"@type":"ListItem","position":1,"name":"Portada","item":"https:\/\/www.clicars.com\/blog\/"},{"@type":"ListItem","position":2,"name":"\u00bfCu\u00e1nto cabe en el maletero de un Toyota RAV4? Comparativa"}]},{"@type":"WebSite","@id":"https:\/\/www.clicars.com\/blog\/#website","url":"https:\/\/www.clicars.com\/blog\/","name":"Clicars","description":"Compra tu coche de Buena Mano sin moverte de casa","inLanguage":"es"},{"@type":"Person","@id":"https:\/\/www.clicars.com\/blog\/#\/schema\/person\/af686c41ba96962c68871392bf2bb62d","name":"Clicars","image":{"@type":"ImageObject","inLanguage":"es","@id":"https:\/\/www.clicars.com\/blog\/#\/schema\/person\/image\/","url":"https:\/\/secure.gravatar.com\/avatar\/3100622b0023049db14165cdba9dadaa9159743b871e83e440a0df9a70f80e56?s=96&d=mm&r=g","contentUrl":"https:\/\/secure.gravatar.com\/avatar\/3100622b0023049db14165cdba9dadaa9159743b871e83e440a0df9a70f80e56?s=96&d=mm&r=g","caption":"Clicars"},"sameAs":["https:\/\/www.clicars.com"],"url":"https:\/\/www.clicars.com\/blog\/author\/clicars\/"}]}},"_links":{"self":[{"href":"https:\/\/www.clicars.com\/blog\/wp-json\/wp\/v2\/posts\/9806","targetHints":{"allow":["GET"]}}],"collection":[{"href":"https:\/\/www.clicars.com\/blog\/wp-json\/wp\/v2\/posts"}],"about":[{"href":"https:\/\/www.clicars.com\/blog\/wp-json\/wp\/v2\/types\/post"}],"author":[{"embeddable":true,"href":"https:\/\/www.clicars.com\/blog\/wp-json\/wp\/v2\/users\/2"}],"replies":[{"embeddable":true,"href":"https:\/\/www.clicars.com\/blog\/wp-json\/wp\/v2\/comments?post=9806"}],"version-history":[{"count":1,"href":"https:\/\/www.clicars.com\/blog\/wp-json\/wp\/v2\/posts\/9806\/revisions"}],"predecessor-version":[{"id":9810,"href":"https:\/\/www.clicars.com\/blog\/wp-json\/wp\/v2\/posts\/9806\/revisions\/9810"}],"wp:featuredmedia":[{"embeddable":true,"href":"https:\/\/www.clicars.com\/blog\/wp-json\/wp\/v2\/media\/9807"}],"wp:attachment":[{"href":"https:\/\/www.clicars.com\/blog\/wp-json\/wp\/v2\/media?parent=9806"}],"wp:term":[{"taxonomy":"category","embeddable":true,"href":"https:\/\/www.clicars.com\/blog\/wp-json\/wp\/v2\/categories?post=9806"},{"taxonomy":"post_tag","embeddable":true,"href":"https:\/\/www.clicars.com\/blog\/wp-json\/wp\/v2\/tags?post=9806"}],"curies":[{"name":"wp","href":"https:\/\/api.w.org\/{rel}","templated":true}]}}